{"id":182368,"date":"2022-09-21T00:33:54","date_gmt":"2022-09-20T23:33:54","guid":{"rendered":"https:\/\/radioljubuski.ba\/?p=182368"},"modified":"2022-09-21T00:33:55","modified_gmt":"2022-09-20T23:33:55","slug":"sef-radniku-za-60-rodendan-i-35-godina-u-tvrtci-poklonio-novi-automobil","status":"publish","type":"post","link":"https:\/\/radioljubuski.ba\/index.php\/2022\/09\/21\/sef-radniku-za-60-rodendan-i-35-godina-u-tvrtci-poklonio-novi-automobil\/","title":{"rendered":"\u0160ef radniku za 60. ro\u0111endan i 35 godina u tvrtci poklonio novi automobil"},"content":{"rendered":"\n<p>Iz Hrvatske se \u0161iri jedna velika ljudska pri\u010da. Rijetko koja tvrtka mo\u017ee se pohvaliti ovakvim iznena\u0111enjem koje je svom radniku priredio Zvonko Ki\u0161i\u0107, vlasnik tvrtke Nika konstrukcije iz Petrijaneca kod Vara\u017edina.<\/p>\n\n\n\n<p>Naime, na njihovoj Facebook stranici objavili su da je radnik Marijan Ljubi\u0107 ve\u0107 35 godina njihov vjerni zaposlenik te da je s njima od prvog dana.<\/p>\n\n\n\n<p>Uz to, Ljubi\u0107 je proslavio i 60. ro\u0111endan pa su mu tom prilikom poklonili novu \u0160koda Octaviju.<\/p>\n\n\n\n<p>-\u010ceste promjene radne okoline danas su svakodnevica i samim time ovolike godine vjernosti prava su rijetkost. Gospodinu Marijanu zahvaljujemo na godinama vjernosti i marljivom radu ulo\u017eenom u Nika konstrukcije, a vjerujemo kako \u0107e mu dolazak na posao od sad biti jo\u0161 dra\u017ei i udobniji &#8211; stoji u objavi.<\/p>\n\n\n\n<p>Izvor:pogled.ba<\/p>\n","protected":false},"excerpt":{"rendered":"<p>Iz Hrvatske se \u0161iri jedna velika ljudska pri\u010da. Rijetko koja tvrtka mo\u017ee se pohvaliti ovakvim iznena\u0111enjem koje je svom radniku priredio Zvonko Ki\u0161i\u0107, vlasnik tvrtke Nika konstrukcije iz Petrijaneca kod Vara\u017edina. Naime, na njihovoj Facebook stranici objavili su da je radnik Marijan Ljubi\u0107 ve\u0107 35 godina njihov vjerni zaposlenik te da je s njima od [&hellip;]<\/p>\n","protected":false},"author":2,"featured_media":182369,"comment_status":"closed","ping_status":"closed","sticky":false,"template":"","format":"standard","meta":{"h5ap_radio_sources":[],"footnotes":""},"categories":[1],"tags":[],"class_list":["post-182368","post","type-post","status-publish","format-standard","has-post-thumbnail","hentry","category-bihiregija"],"yoast_head":"<!-- This site is optimized with the Yoast SEO plugin v27.5 - https:\/\/yoast.com\/product\/yoast-seo-wordpress\/ -->\n<title>\u0160ef radniku za 60. ro\u0111endan i 35 godina u tvrtci poklonio novi automobil - RADIO LJUBU\u0160KI<\/title>\n<meta name=\"robots\" content=\"index, follow, max-snippet:-1, max-image-preview:large, max-video-preview:-1\" \/>\n<link rel=\"canonical\" href=\"https:\/\/radioljubuski.ba\/index.php\/2022\/09\/21\/sef-radniku-za-60-rodendan-i-35-godina-u-tvrtci-poklonio-novi-automobil\/\" \/>\n<meta property=\"og:locale\" content=\"hr_HR\" \/>\n<meta property=\"og:type\" content=\"article\" \/>\n<meta property=\"og:title\" content=\"\u0160ef radniku za 60. ro\u0111endan i 35 godina u tvrtci poklonio novi automobil - RADIO LJUBU\u0160KI\" \/>\n<meta property=\"og:description\" content=\"Iz Hrvatske se \u0161iri jedna velika ljudska pri\u010da. Rijetko koja tvrtka mo\u017ee se pohvaliti ovakvim iznena\u0111enjem koje je svom radniku priredio Zvonko Ki\u0161i\u0107, vlasnik tvrtke Nika konstrukcije iz Petrijaneca kod Vara\u017edina. Naime, na njihovoj Facebook stranici objavili su da je radnik Marijan Ljubi\u0107 ve\u0107 35 godina njihov vjerni zaposlenik te da je s njima od [&hellip;]\" \/>\n<meta property=\"og:url\" content=\"https:\/\/radioljubuski.ba\/index.php\/2022\/09\/21\/sef-radniku-za-60-rodendan-i-35-godina-u-tvrtci-poklonio-novi-automobil\/\" \/>\n<meta property=\"og:site_name\" content=\"RADIO LJUBU\u0160KI\" \/>\n<meta property=\"article:publisher\" content=\"https:\/\/www.facebook.com\/Radiio-Ljubuski-1490835324566332\" \/>\n<meta property=\"article:published_time\" content=\"2022-09-20T23:33:54+00:00\" \/>\n<meta property=\"article:modified_time\" content=\"2022-09-20T23:33:55+00:00\" \/>\n<meta property=\"og:image\" content=\"https:\/\/radioljubuski.ba\/wp-content\/uploads\/2022\/09\/2-2022-09-20-14-05-48-kisic.jpg\" \/>\n\t<meta property=\"og:image:width\" content=\"1000\" \/>\n\t<meta property=\"og:image:height\" content=\"625\" \/>\n\t<meta property=\"og:image:type\" content=\"image\/jpeg\" \/>\n<meta name=\"author\" content=\"Radio Ljubu\u0161ki\" \/>\n<meta name=\"twitter:card\" content=\"summary_large_image\" \/>\n<meta name=\"twitter:creator\" content=\"@radioljubuski\" \/>\n<meta name=\"twitter:site\" content=\"@radioljubuski\" \/>\n<meta name=\"twitter:label1\" content=\"Napisao\/la\" \/>\n\t<meta name=\"twitter:data1\" content=\"Radio Ljubu\u0161ki\" \/>\n\t<meta name=\"twitter:label2\" content=\"Procijenjeno vrijeme \u010ditanja\" \/>\n\t<meta name=\"twitter:data2\" content=\"1 minuta\" \/>\n<script type=\"application\/ld+json\" class=\"yoast-schema-graph\">{\"@context\":\"https:\\\/\\\/schema.org\",\"@graph\":[{\"@type\":\"Article\",\"@id\":\"https:\\\/\\\/radioljubuski.ba\\\/index.php\\\/2022\\\/09\\\/21\\\/sef-radniku-za-60-rodendan-i-35-godina-u-tvrtci-poklonio-novi-automobil\\\/#article\",\"isPartOf\":{\"@id\":\"https:\\\/\\\/radioljubuski.ba\\\/index.php\\\/2022\\\/09\\\/21\\\/sef-radniku-za-60-rodendan-i-35-godina-u-tvrtci-poklonio-novi-automobil\\\/\"},\"author\":{\"name\":\"Radio Ljubu\u0161ki\",\"@id\":\"https:\\\/\\\/radioljubuski.ba\\\/#\\\/schema\\\/person\\\/19fc700381a780f69665d7956c469e3b\"},\"headline\":\"\u0160ef radniku za 60. ro\u0111endan i 35 godina u tvrtci poklonio novi automobil\",\"datePublished\":\"2022-09-20T23:33:54+00:00\",\"dateModified\":\"2022-09-20T23:33:55+00:00\",\"mainEntityOfPage\":{\"@id\":\"https:\\\/\\\/radioljubuski.ba\\\/index.php\\\/2022\\\/09\\\/21\\\/sef-radniku-za-60-rodendan-i-35-godina-u-tvrtci-poklonio-novi-automobil\\\/\"},\"wordCount\":144,\"publisher\":{\"@id\":\"https:\\\/\\\/radioljubuski.ba\\\/#organization\"},\"image\":{\"@id\":\"https:\\\/\\\/radioljubuski.ba\\\/index.php\\\/2022\\\/09\\\/21\\\/sef-radniku-za-60-rodendan-i-35-godina-u-tvrtci-poklonio-novi-automobil\\\/#primaryimage\"},\"thumbnailUrl\":\"https:\\\/\\\/radioljubuski.ba\\\/wp-content\\\/uploads\\\/2022\\\/09\\\/2-2022-09-20-14-05-48-kisic.jpg\",\"articleSection\":[\"BIH i regija\"],\"inLanguage\":\"hr\"},{\"@type\":\"WebPage\",\"@id\":\"https:\\\/\\\/radioljubuski.ba\\\/index.php\\\/2022\\\/09\\\/21\\\/sef-radniku-za-60-rodendan-i-35-godina-u-tvrtci-poklonio-novi-automobil\\\/\",\"url\":\"https:\\\/\\\/radioljubuski.ba\\\/index.php\\\/2022\\\/09\\\/21\\\/sef-radniku-za-60-rodendan-i-35-godina-u-tvrtci-poklonio-novi-automobil\\\/\",\"name\":\"\u0160ef radniku za 60. ro\u0111endan i 35 godina u tvrtci poklonio novi automobil - RADIO LJUBU\u0160KI\",\"isPartOf\":{\"@id\":\"https:\\\/\\\/radioljubuski.ba\\\/#website\"},\"primaryImageOfPage\":{\"@id\":\"https:\\\/\\\/radioljubuski.ba\\\/index.php\\\/2022\\\/09\\\/21\\\/sef-radniku-za-60-rodendan-i-35-godina-u-tvrtci-poklonio-novi-automobil\\\/#primaryimage\"},\"image\":{\"@id\":\"https:\\\/\\\/radioljubuski.ba\\\/index.php\\\/2022\\\/09\\\/21\\\/sef-radniku-za-60-rodendan-i-35-godina-u-tvrtci-poklonio-novi-automobil\\\/#primaryimage\"},\"thumbnailUrl\":\"https:\\\/\\\/radioljubuski.ba\\\/wp-content\\\/uploads\\\/2022\\\/09\\\/2-2022-09-20-14-05-48-kisic.jpg\",\"datePublished\":\"2022-09-20T23:33:54+00:00\",\"dateModified\":\"2022-09-20T23:33:55+00:00\",\"breadcrumb\":{\"@id\":\"https:\\\/\\\/radioljubuski.ba\\\/index.php\\\/2022\\\/09\\\/21\\\/sef-radniku-za-60-rodendan-i-35-godina-u-tvrtci-poklonio-novi-automobil\\\/#breadcrumb\"},\"inLanguage\":\"hr\",\"potentialAction\":[{\"@type\":\"ReadAction\",\"target\":[\"https:\\\/\\\/radioljubuski.ba\\\/index.php\\\/2022\\\/09\\\/21\\\/sef-radniku-za-60-rodendan-i-35-godina-u-tvrtci-poklonio-novi-automobil\\\/\"]}]},{\"@type\":\"ImageObject\",\"inLanguage\":\"hr\",\"@id\":\"https:\\\/\\\/radioljubuski.ba\\\/index.php\\\/2022\\\/09\\\/21\\\/sef-radniku-za-60-rodendan-i-35-godina-u-tvrtci-poklonio-novi-automobil\\\/#primaryimage\",\"url\":\"https:\\\/\\\/radioljubuski.ba\\\/wp-content\\\/uploads\\\/2022\\\/09\\\/2-2022-09-20-14-05-48-kisic.jpg\",\"contentUrl\":\"https:\\\/\\\/radioljubuski.ba\\\/wp-content\\\/uploads\\\/2022\\\/09\\\/2-2022-09-20-14-05-48-kisic.jpg\",\"width\":1000,\"height\":625},{\"@type\":\"BreadcrumbList\",\"@id\":\"https:\\\/\\\/radioljubuski.ba\\\/index.php\\\/2022\\\/09\\\/21\\\/sef-radniku-za-60-rodendan-i-35-godina-u-tvrtci-poklonio-novi-automobil\\\/#breadcrumb\",\"itemListElement\":[{\"@type\":\"ListItem\",\"position\":1,\"name\":\"Po\u010detna stranica\",\"item\":\"https:\\\/\\\/radioljubuski.ba\\\/\"},{\"@type\":\"ListItem\",\"position\":2,\"name\":\"\u0160ef radniku za 60. ro\u0111endan i 35 godina u tvrtci poklonio novi automobil\"}]},{\"@type\":\"WebSite\",\"@id\":\"https:\\\/\\\/radioljubuski.ba\\\/#website\",\"url\":\"https:\\\/\\\/radioljubuski.ba\\\/\",\"name\":\"Radio Ljubu\u0161ki\",\"description\":\"Sun\u010dana frekvencija Hercegovine\",\"publisher\":{\"@id\":\"https:\\\/\\\/radioljubuski.ba\\\/#organization\"},\"potentialAction\":[{\"@type\":\"SearchAction\",\"target\":{\"@type\":\"EntryPoint\",\"urlTemplate\":\"https:\\\/\\\/radioljubuski.ba\\\/?s={search_term_string}\"},\"query-input\":{\"@type\":\"PropertyValueSpecification\",\"valueRequired\":true,\"valueName\":\"search_term_string\"}}],\"inLanguage\":\"hr\"},{\"@type\":\"Organization\",\"@id\":\"https:\\\/\\\/radioljubuski.ba\\\/#organization\",\"name\":\"Radio Ljubu\u0161ki\",\"url\":\"https:\\\/\\\/radioljubuski.ba\\\/\",\"logo\":{\"@type\":\"ImageObject\",\"inLanguage\":\"hr\",\"@id\":\"https:\\\/\\\/radioljubuski.ba\\\/#\\\/schema\\\/logo\\\/image\\\/\",\"url\":\"https:\\\/\\\/radioljubuski.ba\\\/wp-content\\\/uploads\\\/2021\\\/02\\\/cropped-Radio_Ljubuski_logo1.jpg\",\"contentUrl\":\"https:\\\/\\\/radioljubuski.ba\\\/wp-content\\\/uploads\\\/2021\\\/02\\\/cropped-Radio_Ljubuski_logo1.jpg\",\"width\":512,\"height\":512,\"caption\":\"Radio Ljubu\u0161ki\"},\"image\":{\"@id\":\"https:\\\/\\\/radioljubuski.ba\\\/#\\\/schema\\\/logo\\\/image\\\/\"},\"sameAs\":[\"https:\\\/\\\/www.facebook.com\\\/Radiio-Ljubuski-1490835324566332\",\"https:\\\/\\\/x.com\\\/radioljubuski\",\"https:\\\/\\\/hr.linkedin.com\\\/company\\\/radio-ljubuski\",\"https:\\\/\\\/www.youtube.com\\\/channel\\\/UCHYaeO_n0Db3tjNGudGpXyw\"]},{\"@type\":\"Person\",\"@id\":\"https:\\\/\\\/radioljubuski.ba\\\/#\\\/schema\\\/person\\\/19fc700381a780f69665d7956c469e3b\",\"name\":\"Radio Ljubu\u0161ki\"}]}<\/script>\n<!-- \/ Yoast SEO plugin. -->","yoast_head_json":{"title":"\u0160ef radniku za 60. ro\u0111endan i 35 godina u tvrtci poklonio novi automobil - RADIO LJUBU\u0160KI","robots":{"index":"index","follow":"follow","max-snippet":"max-snippet:-1","max-image-preview":"max-image-preview:large","max-video-preview":"max-video-preview:-1"},"canonical":"https:\/\/radioljubuski.ba\/index.php\/2022\/09\/21\/sef-radniku-za-60-rodendan-i-35-godina-u-tvrtci-poklonio-novi-automobil\/","og_locale":"hr_HR","og_type":"article","og_title":"\u0160ef radniku za 60. ro\u0111endan i 35 godina u tvrtci poklonio novi automobil - RADIO LJUBU\u0160KI","og_description":"Iz Hrvatske se \u0161iri jedna velika ljudska pri\u010da. Rijetko koja tvrtka mo\u017ee se pohvaliti ovakvim iznena\u0111enjem koje je svom radniku priredio Zvonko Ki\u0161i\u0107, vlasnik tvrtke Nika konstrukcije iz Petrijaneca kod Vara\u017edina. Naime, na njihovoj Facebook stranici objavili su da je radnik Marijan Ljubi\u0107 ve\u0107 35 godina njihov vjerni zaposlenik te da je s njima od [&hellip;]","og_url":"https:\/\/radioljubuski.ba\/index.php\/2022\/09\/21\/sef-radniku-za-60-rodendan-i-35-godina-u-tvrtci-poklonio-novi-automobil\/","og_site_name":"RADIO LJUBU\u0160KI","article_publisher":"https:\/\/www.facebook.com\/Radiio-Ljubuski-1490835324566332","article_published_time":"2022-09-20T23:33:54+00:00","article_modified_time":"2022-09-20T23:33:55+00:00","og_image":[{"width":1000,"height":625,"url":"https:\/\/radioljubuski.ba\/wp-content\/uploads\/2022\/09\/2-2022-09-20-14-05-48-kisic.jpg","type":"image\/jpeg"}],"author":"Radio Ljubu\u0161ki","twitter_card":"summary_large_image","twitter_creator":"@radioljubuski","twitter_site":"@radioljubuski","twitter_misc":{"Napisao\/la":"Radio Ljubu\u0161ki","Procijenjeno vrijeme \u010ditanja":"1 minuta"},"schema":{"@context":"https:\/\/schema.org","@graph":[{"@type":"Article","@id":"https:\/\/radioljubuski.ba\/index.php\/2022\/09\/21\/sef-radniku-za-60-rodendan-i-35-godina-u-tvrtci-poklonio-novi-automobil\/#article","isPartOf":{"@id":"https:\/\/radioljubuski.ba\/index.php\/2022\/09\/21\/sef-radniku-za-60-rodendan-i-35-godina-u-tvrtci-poklonio-novi-automobil\/"},"author":{"name":"Radio Ljubu\u0161ki","@id":"https:\/\/radioljubuski.ba\/#\/schema\/person\/19fc700381a780f69665d7956c469e3b"},"headline":"\u0160ef radniku za 60. ro\u0111endan i 35 godina u tvrtci poklonio novi automobil","datePublished":"2022-09-20T23:33:54+00:00","dateModified":"2022-09-20T23:33:55+00:00","mainEntityOfPage":{"@id":"https:\/\/radioljubuski.ba\/index.php\/2022\/09\/21\/sef-radniku-za-60-rodendan-i-35-godina-u-tvrtci-poklonio-novi-automobil\/"},"wordCount":144,"publisher":{"@id":"https:\/\/radioljubuski.ba\/#organization"},"image":{"@id":"https:\/\/radioljubuski.ba\/index.php\/2022\/09\/21\/sef-radniku-za-60-rodendan-i-35-godina-u-tvrtci-poklonio-novi-automobil\/#primaryimage"},"thumbnailUrl":"https:\/\/radioljubuski.ba\/wp-content\/uploads\/2022\/09\/2-2022-09-20-14-05-48-kisic.jpg","articleSection":["BIH i regija"],"inLanguage":"hr"},{"@type":"WebPage","@id":"https:\/\/radioljubuski.ba\/index.php\/2022\/09\/21\/sef-radniku-za-60-rodendan-i-35-godina-u-tvrtci-poklonio-novi-automobil\/","url":"https:\/\/radioljubuski.ba\/index.php\/2022\/09\/21\/sef-radniku-za-60-rodendan-i-35-godina-u-tvrtci-poklonio-novi-automobil\/","name":"\u0160ef radniku za 60. ro\u0111endan i 35 godina u tvrtci poklonio novi automobil - RADIO LJUBU\u0160KI","isPartOf":{"@id":"https:\/\/radioljubuski.ba\/#website"},"primaryImageOfPage":{"@id":"https:\/\/radioljubuski.ba\/index.php\/2022\/09\/21\/sef-radniku-za-60-rodendan-i-35-godina-u-tvrtci-poklonio-novi-automobil\/#primaryimage"},"image":{"@id":"https:\/\/radioljubuski.ba\/index.php\/2022\/09\/21\/sef-radniku-za-60-rodendan-i-35-godina-u-tvrtci-poklonio-novi-automobil\/#primaryimage"},"thumbnailUrl":"https:\/\/radioljubuski.ba\/wp-content\/uploads\/2022\/09\/2-2022-09-20-14-05-48-kisic.jpg","datePublished":"2022-09-20T23:33:54+00:00","dateModified":"2022-09-20T23:33:55+00:00","breadcrumb":{"@id":"https:\/\/radioljubuski.ba\/index.php\/2022\/09\/21\/sef-radniku-za-60-rodendan-i-35-godina-u-tvrtci-poklonio-novi-automobil\/#breadcrumb"},"inLanguage":"hr","potentialAction":[{"@type":"ReadAction","target":["https:\/\/radioljubuski.ba\/index.php\/2022\/09\/21\/sef-radniku-za-60-rodendan-i-35-godina-u-tvrtci-poklonio-novi-automobil\/"]}]},{"@type":"ImageObject","inLanguage":"hr","@id":"https:\/\/radioljubuski.ba\/index.php\/2022\/09\/21\/sef-radniku-za-60-rodendan-i-35-godina-u-tvrtci-poklonio-novi-automobil\/#primaryimage","url":"https:\/\/radioljubuski.ba\/wp-content\/uploads\/2022\/09\/2-2022-09-20-14-05-48-kisic.jpg","contentUrl":"https:\/\/radioljubuski.ba\/wp-content\/uploads\/2022\/09\/2-2022-09-20-14-05-48-kisic.jpg","width":1000,"height":625},{"@type":"BreadcrumbList","@id":"https:\/\/radioljubuski.ba\/index.php\/2022\/09\/21\/sef-radniku-za-60-rodendan-i-35-godina-u-tvrtci-poklonio-novi-automobil\/#breadcrumb","itemListElement":[{"@type":"ListItem","position":1,"name":"Po\u010detna stranica","item":"https:\/\/radioljubuski.ba\/"},{"@type":"ListItem","position":2,"name":"\u0160ef radniku za 60. ro\u0111endan i 35 godina u tvrtci poklonio novi automobil"}]},{"@type":"WebSite","@id":"https:\/\/radioljubuski.ba\/#website","url":"https:\/\/radioljubuski.ba\/","name":"Radio Ljubu\u0161ki","description":"Sun\u010dana frekvencija Hercegovine","publisher":{"@id":"https:\/\/radioljubuski.ba\/#organization"},"potentialAction":[{"@type":"SearchAction","target":{"@type":"EntryPoint","urlTemplate":"https:\/\/radioljubuski.ba\/?s={search_term_string}"},"query-input":{"@type":"PropertyValueSpecification","valueRequired":true,"valueName":"search_term_string"}}],"inLanguage":"hr"},{"@type":"Organization","@id":"https:\/\/radioljubuski.ba\/#organization","name":"Radio Ljubu\u0161ki","url":"https:\/\/radioljubuski.ba\/","logo":{"@type":"ImageObject","inLanguage":"hr","@id":"https:\/\/radioljubuski.ba\/#\/schema\/logo\/image\/","url":"https:\/\/radioljubuski.ba\/wp-content\/uploads\/2021\/02\/cropped-Radio_Ljubuski_logo1.jpg","contentUrl":"https:\/\/radioljubuski.ba\/wp-content\/uploads\/2021\/02\/cropped-Radio_Ljubuski_logo1.jpg","width":512,"height":512,"caption":"Radio Ljubu\u0161ki"},"image":{"@id":"https:\/\/radioljubuski.ba\/#\/schema\/logo\/image\/"},"sameAs":["https:\/\/www.facebook.com\/Radiio-Ljubuski-1490835324566332","https:\/\/x.com\/radioljubuski","https:\/\/hr.linkedin.com\/company\/radio-ljubuski","https:\/\/www.youtube.com\/channel\/UCHYaeO_n0Db3tjNGudGpXyw"]},{"@type":"Person","@id":"https:\/\/radioljubuski.ba\/#\/schema\/person\/19fc700381a780f69665d7956c469e3b","name":"Radio Ljubu\u0161ki"}]}},"_links":{"self":[{"href":"https:\/\/radioljubuski.ba\/index.php\/wp-json\/wp\/v2\/posts\/182368","targetHints":{"allow":["GET"]}}],"collection":[{"href":"https:\/\/radioljubuski.ba\/index.php\/wp-json\/wp\/v2\/posts"}],"about":[{"href":"https:\/\/radioljubuski.ba\/index.php\/wp-json\/wp\/v2\/types\/post"}],"author":[{"embeddable":true,"href":"https:\/\/radioljubuski.ba\/index.php\/wp-json\/wp\/v2\/users\/2"}],"replies":[{"embeddable":true,"href":"https:\/\/radioljubuski.ba\/index.php\/wp-json\/wp\/v2\/comments?post=182368"}],"version-history":[{"count":1,"href":"https:\/\/radioljubuski.ba\/index.php\/wp-json\/wp\/v2\/posts\/182368\/revisions"}],"predecessor-version":[{"id":182370,"href":"https:\/\/radioljubuski.ba\/index.php\/wp-json\/wp\/v2\/posts\/182368\/revisions\/182370"}],"wp:featuredmedia":[{"embeddable":true,"href":"https:\/\/radioljubuski.ba\/index.php\/wp-json\/wp\/v2\/media\/182369"}],"wp:attachment":[{"href":"https:\/\/radioljubuski.ba\/index.php\/wp-json\/wp\/v2\/media?parent=182368"}],"wp:term":[{"taxonomy":"category","embeddable":true,"href":"https:\/\/radioljubuski.ba\/index.php\/wp-json\/wp\/v2\/categories?post=182368"},{"taxonomy":"post_tag","embeddable":true,"href":"https:\/\/radioljubuski.ba\/index.php\/wp-json\/wp\/v2\/tags?post=182368"}],"curies":[{"name":"wp","href":"https:\/\/api.w.org\/{rel}","templated":true}]}}