{"id":182386,"date":"2022-09-21T00:43:25","date_gmt":"2022-09-20T23:43:25","guid":{"rendered":"https:\/\/radioljubuski.ba\/?p=182386"},"modified":"2022-09-21T00:43:26","modified_gmt":"2022-09-20T23:43:26","slug":"sarajevo-pronaden-autisticni-djecak-koji-je-nestao","status":"publish","type":"post","link":"https:\/\/radioljubuski.ba\/index.php\/2022\/09\/21\/sarajevo-pronaden-autisticni-djecak-koji-je-nestao\/","title":{"rendered":"Sarajevo: Prona\u0111en autisti\u010dni dje\u010dak koji je nestao"},"content":{"rendered":"\n<p>Prona\u0111en je autisti\u010dni dje\u010dak Harun Ha\u0161inbegovi\u0107 koji je u utorak jutro pobjegao iz Zavoda Mjedenica na Drveniji u Sarajevu.<\/p>\n\n\n\n<figure class=\"wp-block-embed is-type-wp-embed is-provider-radio-ljubuski wp-block-embed-radio-ljubuski\"><div class=\"wp-block-embed__wrapper\">\n<blockquote class=\"wp-embedded-content\" data-secret=\"sxx6azKbJo\"><a href=\"https:\/\/radioljubuski.ba\/index.php\/2022\/09\/20\/u-sarajevu-nestao-autisticni-djecak-roditelji-mole-za-pomoc\/\">U Sarajevu nestao autisti\u010dni dje\u010dak, roditelji mole za pomo\u0107<\/a><\/blockquote><iframe loading=\"lazy\" class=\"wp-embedded-content\" sandbox=\"allow-scripts\" security=\"restricted\" style=\"position: absolute; clip: rect(1px, 1px, 1px, 1px);\" title=\"&#8220;U Sarajevu nestao autisti\u010dni dje\u010dak, roditelji mole za pomo\u0107&#8221; &#8212;   RADIO LJUBU\u0160KI\" src=\"https:\/\/radioljubuski.ba\/index.php\/2022\/09\/20\/u-sarajevu-nestao-autisticni-djecak-roditelji-mole-za-pomoc\/embed\/#?secret=N2V6EisKIO#?secret=sxx6azKbJo\" data-secret=\"sxx6azKbJo\" width=\"600\" height=\"338\" frameborder=\"0\" marginwidth=\"0\" marginheight=\"0\" scrolling=\"no\"><\/iframe>\n<\/div><\/figure>\n\n\n\n<p>Tu informaciju je na Facebooku objavila Aida Hrnji\u0107, predsjednica Udru\u017eenja \u201cColibri\u201d.<\/p>\n\n\n\n<p>\u201cLjudi moji, tako sam ponosna na sve vas, hvala svima od srca. Sarajevo je to, grad s lavljim srcem. Harun je prona\u0111en upravo kod RTV Doma. Mama ga je preuzela, dijete zdravo, \u010ditavo\u201d, napisala je Hrnji\u0107.<\/p>\n\n\n\n<p>Oglasili su se i iz Gorske slu\u017ebe spa\u0161avanja Novi Grad Sarajevo rekav\u0161i tako\u0111er da je dje\u010dak (12) prona\u0111en te da su i oni sudjelovali u potrazi.<\/p>\n\n\n\n<p>Izvor:pogled.ba<\/p>\n","protected":false},"excerpt":{"rendered":"<p>Prona\u0111en je autisti\u010dni dje\u010dak Harun Ha\u0161inbegovi\u0107 koji je u utorak jutro pobjegao iz Zavoda Mjedenica na Drveniji u Sarajevu. Tu informaciju je na Facebooku objavila Aida Hrnji\u0107, predsjednica Udru\u017eenja \u201cColibri\u201d. \u201cLjudi moji, tako sam ponosna na sve vas, hvala svima od srca. Sarajevo je to, grad s lavljim srcem. Harun je prona\u0111en upravo kod RTV [&hellip;]<\/p>\n","protected":false},"author":2,"featured_media":182387,"comment_status":"closed","ping_status":"closed","sticky":false,"template":"","format":"standard","meta":{"h5ap_radio_sources":[],"footnotes":""},"categories":[1],"tags":[],"class_list":["post-182386","post","type-post","status-publish","format-standard","has-post-thumbnail","hentry","category-bihiregija"],"yoast_head":"<!-- This site is optimized with the Yoast SEO plugin v27.5 - https:\/\/yoast.com\/product\/yoast-seo-wordpress\/ -->\n<title>Sarajevo: Prona\u0111en autisti\u010dni dje\u010dak koji je nestao - RADIO LJUBU\u0160KI<\/title>\n<meta name=\"robots\" content=\"index, follow, max-snippet:-1, max-image-preview:large, max-video-preview:-1\" \/>\n<link rel=\"canonical\" href=\"https:\/\/radioljubuski.ba\/index.php\/2022\/09\/21\/sarajevo-pronaden-autisticni-djecak-koji-je-nestao\/\" \/>\n<meta property=\"og:locale\" content=\"hr_HR\" \/>\n<meta property=\"og:type\" content=\"article\" \/>\n<meta property=\"og:title\" content=\"Sarajevo: Prona\u0111en autisti\u010dni dje\u010dak koji je nestao - RADIO LJUBU\u0160KI\" \/>\n<meta property=\"og:description\" content=\"Prona\u0111en je autisti\u010dni dje\u010dak Harun Ha\u0161inbegovi\u0107 koji je u utorak jutro pobjegao iz Zavoda Mjedenica na Drveniji u Sarajevu. Tu informaciju je na Facebooku objavila Aida Hrnji\u0107, predsjednica Udru\u017eenja \u201cColibri\u201d. \u201cLjudi moji, tako sam ponosna na sve vas, hvala svima od srca. Sarajevo je to, grad s lavljim srcem. Harun je prona\u0111en upravo kod RTV [&hellip;]\" \/>\n<meta property=\"og:url\" content=\"https:\/\/radioljubuski.ba\/index.php\/2022\/09\/21\/sarajevo-pronaden-autisticni-djecak-koji-je-nestao\/\" \/>\n<meta property=\"og:site_name\" content=\"RADIO LJUBU\u0160KI\" \/>\n<meta property=\"article:publisher\" content=\"https:\/\/www.facebook.com\/Radiio-Ljubuski-1490835324566332\" \/>\n<meta property=\"article:published_time\" content=\"2022-09-20T23:43:25+00:00\" \/>\n<meta property=\"article:modified_time\" content=\"2022-09-20T23:43:26+00:00\" \/>\n<meta property=\"og:image\" content=\"https:\/\/radioljubuski.ba\/wp-content\/uploads\/2022\/09\/3-2022-09-20-15-37-41-1663668967-307113491_5873247736092735_4177970378247181901_n-e1663668997168-900x768-1.jpg\" \/>\n\t<meta property=\"og:image:width\" content=\"1000\" \/>\n\t<meta property=\"og:image:height\" content=\"625\" \/>\n\t<meta property=\"og:image:type\" content=\"image\/jpeg\" \/>\n<meta name=\"author\" content=\"Radio Ljubu\u0161ki\" \/>\n<meta name=\"twitter:card\" content=\"summary_large_image\" \/>\n<meta name=\"twitter:creator\" content=\"@radioljubuski\" \/>\n<meta name=\"twitter:site\" content=\"@radioljubuski\" \/>\n<meta name=\"twitter:label1\" content=\"Napisao\/la\" \/>\n\t<meta name=\"twitter:data1\" content=\"Radio Ljubu\u0161ki\" \/>\n\t<meta name=\"twitter:label2\" content=\"Procijenjeno vrijeme \u010ditanja\" \/>\n\t<meta name=\"twitter:data2\" content=\"1 minuta\" \/>\n<script type=\"application\/ld+json\" class=\"yoast-schema-graph\">{\"@context\":\"https:\\\/\\\/schema.org\",\"@graph\":[{\"@type\":\"Article\",\"@id\":\"https:\\\/\\\/radioljubuski.ba\\\/index.php\\\/2022\\\/09\\\/21\\\/sarajevo-pronaden-autisticni-djecak-koji-je-nestao\\\/#article\",\"isPartOf\":{\"@id\":\"https:\\\/\\\/radioljubuski.ba\\\/index.php\\\/2022\\\/09\\\/21\\\/sarajevo-pronaden-autisticni-djecak-koji-je-nestao\\\/\"},\"author\":{\"name\":\"Radio Ljubu\u0161ki\",\"@id\":\"https:\\\/\\\/radioljubuski.ba\\\/#\\\/schema\\\/person\\\/19fc700381a780f69665d7956c469e3b\"},\"headline\":\"Sarajevo: Prona\u0111en autisti\u010dni dje\u010dak koji je nestao\",\"datePublished\":\"2022-09-20T23:43:25+00:00\",\"dateModified\":\"2022-09-20T23:43:26+00:00\",\"mainEntityOfPage\":{\"@id\":\"https:\\\/\\\/radioljubuski.ba\\\/index.php\\\/2022\\\/09\\\/21\\\/sarajevo-pronaden-autisticni-djecak-koji-je-nestao\\\/\"},\"wordCount\":122,\"publisher\":{\"@id\":\"https:\\\/\\\/radioljubuski.ba\\\/#organization\"},\"image\":{\"@id\":\"https:\\\/\\\/radioljubuski.ba\\\/index.php\\\/2022\\\/09\\\/21\\\/sarajevo-pronaden-autisticni-djecak-koji-je-nestao\\\/#primaryimage\"},\"thumbnailUrl\":\"https:\\\/\\\/radioljubuski.ba\\\/wp-content\\\/uploads\\\/2022\\\/09\\\/3-2022-09-20-15-37-41-1663668967-307113491_5873247736092735_4177970378247181901_n-e1663668997168-900x768-1.jpg\",\"articleSection\":[\"BIH i regija\"],\"inLanguage\":\"hr\"},{\"@type\":\"WebPage\",\"@id\":\"https:\\\/\\\/radioljubuski.ba\\\/index.php\\\/2022\\\/09\\\/21\\\/sarajevo-pronaden-autisticni-djecak-koji-je-nestao\\\/\",\"url\":\"https:\\\/\\\/radioljubuski.ba\\\/index.php\\\/2022\\\/09\\\/21\\\/sarajevo-pronaden-autisticni-djecak-koji-je-nestao\\\/\",\"name\":\"Sarajevo: Prona\u0111en autisti\u010dni dje\u010dak koji je nestao - RADIO LJUBU\u0160KI\",\"isPartOf\":{\"@id\":\"https:\\\/\\\/radioljubuski.ba\\\/#website\"},\"primaryImageOfPage\":{\"@id\":\"https:\\\/\\\/radioljubuski.ba\\\/index.php\\\/2022\\\/09\\\/21\\\/sarajevo-pronaden-autisticni-djecak-koji-je-nestao\\\/#primaryimage\"},\"image\":{\"@id\":\"https:\\\/\\\/radioljubuski.ba\\\/index.php\\\/2022\\\/09\\\/21\\\/sarajevo-pronaden-autisticni-djecak-koji-je-nestao\\\/#primaryimage\"},\"thumbnailUrl\":\"https:\\\/\\\/radioljubuski.ba\\\/wp-content\\\/uploads\\\/2022\\\/09\\\/3-2022-09-20-15-37-41-1663668967-307113491_5873247736092735_4177970378247181901_n-e1663668997168-900x768-1.jpg\",\"datePublished\":\"2022-09-20T23:43:25+00:00\",\"dateModified\":\"2022-09-20T23:43:26+00:00\",\"breadcrumb\":{\"@id\":\"https:\\\/\\\/radioljubuski.ba\\\/index.php\\\/2022\\\/09\\\/21\\\/sarajevo-pronaden-autisticni-djecak-koji-je-nestao\\\/#breadcrumb\"},\"inLanguage\":\"hr\",\"potentialAction\":[{\"@type\":\"ReadAction\",\"target\":[\"https:\\\/\\\/radioljubuski.ba\\\/index.php\\\/2022\\\/09\\\/21\\\/sarajevo-pronaden-autisticni-djecak-koji-je-nestao\\\/\"]}]},{\"@type\":\"ImageObject\",\"inLanguage\":\"hr\",\"@id\":\"https:\\\/\\\/radioljubuski.ba\\\/index.php\\\/2022\\\/09\\\/21\\\/sarajevo-pronaden-autisticni-djecak-koji-je-nestao\\\/#primaryimage\",\"url\":\"https:\\\/\\\/radioljubuski.ba\\\/wp-content\\\/uploads\\\/2022\\\/09\\\/3-2022-09-20-15-37-41-1663668967-307113491_5873247736092735_4177970378247181901_n-e1663668997168-900x768-1.jpg\",\"contentUrl\":\"https:\\\/\\\/radioljubuski.ba\\\/wp-content\\\/uploads\\\/2022\\\/09\\\/3-2022-09-20-15-37-41-1663668967-307113491_5873247736092735_4177970378247181901_n-e1663668997168-900x768-1.jpg\",\"width\":1000,\"height\":625},{\"@type\":\"BreadcrumbList\",\"@id\":\"https:\\\/\\\/radioljubuski.ba\\\/index.php\\\/2022\\\/09\\\/21\\\/sarajevo-pronaden-autisticni-djecak-koji-je-nestao\\\/#breadcrumb\",\"itemListElement\":[{\"@type\":\"ListItem\",\"position\":1,\"name\":\"Po\u010detna stranica\",\"item\":\"https:\\\/\\\/radioljubuski.ba\\\/\"},{\"@type\":\"ListItem\",\"position\":2,\"name\":\"Sarajevo: Prona\u0111en autisti\u010dni dje\u010dak koji je nestao\"}]},{\"@type\":\"WebSite\",\"@id\":\"https:\\\/\\\/radioljubuski.ba\\\/#website\",\"url\":\"https:\\\/\\\/radioljubuski.ba\\\/\",\"name\":\"Radio Ljubu\u0161ki\",\"description\":\"Sun\u010dana frekvencija Hercegovine\",\"publisher\":{\"@id\":\"https:\\\/\\\/radioljubuski.ba\\\/#organization\"},\"potentialAction\":[{\"@type\":\"SearchAction\",\"target\":{\"@type\":\"EntryPoint\",\"urlTemplate\":\"https:\\\/\\\/radioljubuski.ba\\\/?s={search_term_string}\"},\"query-input\":{\"@type\":\"PropertyValueSpecification\",\"valueRequired\":true,\"valueName\":\"search_term_string\"}}],\"inLanguage\":\"hr\"},{\"@type\":\"Organization\",\"@id\":\"https:\\\/\\\/radioljubuski.ba\\\/#organization\",\"name\":\"Radio Ljubu\u0161ki\",\"url\":\"https:\\\/\\\/radioljubuski.ba\\\/\",\"logo\":{\"@type\":\"ImageObject\",\"inLanguage\":\"hr\",\"@id\":\"https:\\\/\\\/radioljubuski.ba\\\/#\\\/schema\\\/logo\\\/image\\\/\",\"url\":\"https:\\\/\\\/radioljubuski.ba\\\/wp-content\\\/uploads\\\/2021\\\/02\\\/cropped-Radio_Ljubuski_logo1.jpg\",\"contentUrl\":\"https:\\\/\\\/radioljubuski.ba\\\/wp-content\\\/uploads\\\/2021\\\/02\\\/cropped-Radio_Ljubuski_logo1.jpg\",\"width\":512,\"height\":512,\"caption\":\"Radio Ljubu\u0161ki\"},\"image\":{\"@id\":\"https:\\\/\\\/radioljubuski.ba\\\/#\\\/schema\\\/logo\\\/image\\\/\"},\"sameAs\":[\"https:\\\/\\\/www.facebook.com\\\/Radiio-Ljubuski-1490835324566332\",\"https:\\\/\\\/x.com\\\/radioljubuski\",\"https:\\\/\\\/hr.linkedin.com\\\/company\\\/radio-ljubuski\",\"https:\\\/\\\/www.youtube.com\\\/channel\\\/UCHYaeO_n0Db3tjNGudGpXyw\"]},{\"@type\":\"Person\",\"@id\":\"https:\\\/\\\/radioljubuski.ba\\\/#\\\/schema\\\/person\\\/19fc700381a780f69665d7956c469e3b\",\"name\":\"Radio Ljubu\u0161ki\"}]}<\/script>\n<!-- \/ Yoast SEO plugin. -->","yoast_head_json":{"title":"Sarajevo: Prona\u0111en autisti\u010dni dje\u010dak koji je nestao - RADIO LJUBU\u0160KI","robots":{"index":"index","follow":"follow","max-snippet":"max-snippet:-1","max-image-preview":"max-image-preview:large","max-video-preview":"max-video-preview:-1"},"canonical":"https:\/\/radioljubuski.ba\/index.php\/2022\/09\/21\/sarajevo-pronaden-autisticni-djecak-koji-je-nestao\/","og_locale":"hr_HR","og_type":"article","og_title":"Sarajevo: Prona\u0111en autisti\u010dni dje\u010dak koji je nestao - RADIO LJUBU\u0160KI","og_description":"Prona\u0111en je autisti\u010dni dje\u010dak Harun Ha\u0161inbegovi\u0107 koji je u utorak jutro pobjegao iz Zavoda Mjedenica na Drveniji u Sarajevu. Tu informaciju je na Facebooku objavila Aida Hrnji\u0107, predsjednica Udru\u017eenja \u201cColibri\u201d. \u201cLjudi moji, tako sam ponosna na sve vas, hvala svima od srca. Sarajevo je to, grad s lavljim srcem. Harun je prona\u0111en upravo kod RTV [&hellip;]","og_url":"https:\/\/radioljubuski.ba\/index.php\/2022\/09\/21\/sarajevo-pronaden-autisticni-djecak-koji-je-nestao\/","og_site_name":"RADIO LJUBU\u0160KI","article_publisher":"https:\/\/www.facebook.com\/Radiio-Ljubuski-1490835324566332","article_published_time":"2022-09-20T23:43:25+00:00","article_modified_time":"2022-09-20T23:43:26+00:00","og_image":[{"width":1000,"height":625,"url":"https:\/\/radioljubuski.ba\/wp-content\/uploads\/2022\/09\/3-2022-09-20-15-37-41-1663668967-307113491_5873247736092735_4177970378247181901_n-e1663668997168-900x768-1.jpg","type":"image\/jpeg"}],"author":"Radio Ljubu\u0161ki","twitter_card":"summary_large_image","twitter_creator":"@radioljubuski","twitter_site":"@radioljubuski","twitter_misc":{"Napisao\/la":"Radio Ljubu\u0161ki","Procijenjeno vrijeme \u010ditanja":"1 minuta"},"schema":{"@context":"https:\/\/schema.org","@graph":[{"@type":"Article","@id":"https:\/\/radioljubuski.ba\/index.php\/2022\/09\/21\/sarajevo-pronaden-autisticni-djecak-koji-je-nestao\/#article","isPartOf":{"@id":"https:\/\/radioljubuski.ba\/index.php\/2022\/09\/21\/sarajevo-pronaden-autisticni-djecak-koji-je-nestao\/"},"author":{"name":"Radio Ljubu\u0161ki","@id":"https:\/\/radioljubuski.ba\/#\/schema\/person\/19fc700381a780f69665d7956c469e3b"},"headline":"Sarajevo: Prona\u0111en autisti\u010dni dje\u010dak koji je nestao","datePublished":"2022-09-20T23:43:25+00:00","dateModified":"2022-09-20T23:43:26+00:00","mainEntityOfPage":{"@id":"https:\/\/radioljubuski.ba\/index.php\/2022\/09\/21\/sarajevo-pronaden-autisticni-djecak-koji-je-nestao\/"},"wordCount":122,"publisher":{"@id":"https:\/\/radioljubuski.ba\/#organization"},"image":{"@id":"https:\/\/radioljubuski.ba\/index.php\/2022\/09\/21\/sarajevo-pronaden-autisticni-djecak-koji-je-nestao\/#primaryimage"},"thumbnailUrl":"https:\/\/radioljubuski.ba\/wp-content\/uploads\/2022\/09\/3-2022-09-20-15-37-41-1663668967-307113491_5873247736092735_4177970378247181901_n-e1663668997168-900x768-1.jpg","articleSection":["BIH i regija"],"inLanguage":"hr"},{"@type":"WebPage","@id":"https:\/\/radioljubuski.ba\/index.php\/2022\/09\/21\/sarajevo-pronaden-autisticni-djecak-koji-je-nestao\/","url":"https:\/\/radioljubuski.ba\/index.php\/2022\/09\/21\/sarajevo-pronaden-autisticni-djecak-koji-je-nestao\/","name":"Sarajevo: Prona\u0111en autisti\u010dni dje\u010dak koji je nestao - RADIO LJUBU\u0160KI","isPartOf":{"@id":"https:\/\/radioljubuski.ba\/#website"},"primaryImageOfPage":{"@id":"https:\/\/radioljubuski.ba\/index.php\/2022\/09\/21\/sarajevo-pronaden-autisticni-djecak-koji-je-nestao\/#primaryimage"},"image":{"@id":"https:\/\/radioljubuski.ba\/index.php\/2022\/09\/21\/sarajevo-pronaden-autisticni-djecak-koji-je-nestao\/#primaryimage"},"thumbnailUrl":"https:\/\/radioljubuski.ba\/wp-content\/uploads\/2022\/09\/3-2022-09-20-15-37-41-1663668967-307113491_5873247736092735_4177970378247181901_n-e1663668997168-900x768-1.jpg","datePublished":"2022-09-20T23:43:25+00:00","dateModified":"2022-09-20T23:43:26+00:00","breadcrumb":{"@id":"https:\/\/radioljubuski.ba\/index.php\/2022\/09\/21\/sarajevo-pronaden-autisticni-djecak-koji-je-nestao\/#breadcrumb"},"inLanguage":"hr","potentialAction":[{"@type":"ReadAction","target":["https:\/\/radioljubuski.ba\/index.php\/2022\/09\/21\/sarajevo-pronaden-autisticni-djecak-koji-je-nestao\/"]}]},{"@type":"ImageObject","inLanguage":"hr","@id":"https:\/\/radioljubuski.ba\/index.php\/2022\/09\/21\/sarajevo-pronaden-autisticni-djecak-koji-je-nestao\/#primaryimage","url":"https:\/\/radioljubuski.ba\/wp-content\/uploads\/2022\/09\/3-2022-09-20-15-37-41-1663668967-307113491_5873247736092735_4177970378247181901_n-e1663668997168-900x768-1.jpg","contentUrl":"https:\/\/radioljubuski.ba\/wp-content\/uploads\/2022\/09\/3-2022-09-20-15-37-41-1663668967-307113491_5873247736092735_4177970378247181901_n-e1663668997168-900x768-1.jpg","width":1000,"height":625},{"@type":"BreadcrumbList","@id":"https:\/\/radioljubuski.ba\/index.php\/2022\/09\/21\/sarajevo-pronaden-autisticni-djecak-koji-je-nestao\/#breadcrumb","itemListElement":[{"@type":"ListItem","position":1,"name":"Po\u010detna stranica","item":"https:\/\/radioljubuski.ba\/"},{"@type":"ListItem","position":2,"name":"Sarajevo: Prona\u0111en autisti\u010dni dje\u010dak koji je nestao"}]},{"@type":"WebSite","@id":"https:\/\/radioljubuski.ba\/#website","url":"https:\/\/radioljubuski.ba\/","name":"Radio Ljubu\u0161ki","description":"Sun\u010dana frekvencija Hercegovine","publisher":{"@id":"https:\/\/radioljubuski.ba\/#organization"},"potentialAction":[{"@type":"SearchAction","target":{"@type":"EntryPoint","urlTemplate":"https:\/\/radioljubuski.ba\/?s={search_term_string}"},"query-input":{"@type":"PropertyValueSpecification","valueRequired":true,"valueName":"search_term_string"}}],"inLanguage":"hr"},{"@type":"Organization","@id":"https:\/\/radioljubuski.ba\/#organization","name":"Radio Ljubu\u0161ki","url":"https:\/\/radioljubuski.ba\/","logo":{"@type":"ImageObject","inLanguage":"hr","@id":"https:\/\/radioljubuski.ba\/#\/schema\/logo\/image\/","url":"https:\/\/radioljubuski.ba\/wp-content\/uploads\/2021\/02\/cropped-Radio_Ljubuski_logo1.jpg","contentUrl":"https:\/\/radioljubuski.ba\/wp-content\/uploads\/2021\/02\/cropped-Radio_Ljubuski_logo1.jpg","width":512,"height":512,"caption":"Radio Ljubu\u0161ki"},"image":{"@id":"https:\/\/radioljubuski.ba\/#\/schema\/logo\/image\/"},"sameAs":["https:\/\/www.facebook.com\/Radiio-Ljubuski-1490835324566332","https:\/\/x.com\/radioljubuski","https:\/\/hr.linkedin.com\/company\/radio-ljubuski","https:\/\/www.youtube.com\/channel\/UCHYaeO_n0Db3tjNGudGpXyw"]},{"@type":"Person","@id":"https:\/\/radioljubuski.ba\/#\/schema\/person\/19fc700381a780f69665d7956c469e3b","name":"Radio Ljubu\u0161ki"}]}},"_links":{"self":[{"href":"https:\/\/radioljubuski.ba\/index.php\/wp-json\/wp\/v2\/posts\/182386","targetHints":{"allow":["GET"]}}],"collection":[{"href":"https:\/\/radioljubuski.ba\/index.php\/wp-json\/wp\/v2\/posts"}],"about":[{"href":"https:\/\/radioljubuski.ba\/index.php\/wp-json\/wp\/v2\/types\/post"}],"author":[{"embeddable":true,"href":"https:\/\/radioljubuski.ba\/index.php\/wp-json\/wp\/v2\/users\/2"}],"replies":[{"embeddable":true,"href":"https:\/\/radioljubuski.ba\/index.php\/wp-json\/wp\/v2\/comments?post=182386"}],"version-history":[{"count":1,"href":"https:\/\/radioljubuski.ba\/index.php\/wp-json\/wp\/v2\/posts\/182386\/revisions"}],"predecessor-version":[{"id":182388,"href":"https:\/\/radioljubuski.ba\/index.php\/wp-json\/wp\/v2\/posts\/182386\/revisions\/182388"}],"wp:featuredmedia":[{"embeddable":true,"href":"https:\/\/radioljubuski.ba\/index.php\/wp-json\/wp\/v2\/media\/182387"}],"wp:attachment":[{"href":"https:\/\/radioljubuski.ba\/index.php\/wp-json\/wp\/v2\/media?parent=182386"}],"wp:term":[{"taxonomy":"category","embeddable":true,"href":"https:\/\/radioljubuski.ba\/index.php\/wp-json\/wp\/v2\/categories?post=182386"},{"taxonomy":"post_tag","embeddable":true,"href":"https:\/\/radioljubuski.ba\/index.php\/wp-json\/wp\/v2\/tags?post=182386"}],"curies":[{"name":"wp","href":"https:\/\/api.w.org\/{rel}","templated":true}]}}