{"id":18247,"date":"2021-05-03T15:25:18","date_gmt":"2021-05-03T14:25:18","guid":{"rendered":"https:\/\/radioljubuski.ba\/?p=18247"},"modified":"2021-05-03T15:25:19","modified_gmt":"2021-05-03T14:25:19","slug":"u-fbih-otvoreno-11-gradilista-vrijednih-13-milijarde-maraka","status":"publish","type":"post","link":"https:\/\/radioljubuski.ba\/index.php\/2021\/05\/03\/u-fbih-otvoreno-11-gradilista-vrijednih-13-milijarde-maraka\/","title":{"rendered":"U FBiH otvoreno 11 gradili\u0161ta vrijednih 1,3 milijarde maraka"},"content":{"rendered":"\n<p>Izgradnja autoceste kroz Federaciju Bosne i Hercegovine u ovom za gospodarstvo kriznom vremenu poma\u017ee odr\u017eati likvidnost brojnih doma\u0107ih tvrtki te sa\u010duvati radna mjesta, pi\u0161e Ve\u010dernji list BiH.<\/p>\n\n\n\n<p>Gradili\u0161te za budu\u0107nost<\/p>\n\n\n\n<p>Kako navode iz JP Autoceste Federacije BiH, na podru\u010dju Federacije BiH u tijeku su radovi na \u010dak jedanaest gradili\u0161ta koridora Vc i brzih cesta, \u010dija je ukupna investicijska vrijednost \u010dak 1,3 milijarde konvertibilnih maraka. Na svim dionicama anga\u017eirano je \u010dak 1500 radnika. Gradi se du\u017e cijelog entiteta, od samog juga pa do Zenice, a uskoro se gradili\u0161ta otvaraju i u Posavini. Trenuta\u010dno je u izgradnji 48 kilometara autoceste i brze ceste na koridoru Vc, od toga 4,5 kilometara spada u mostove, a 15,2 kilometra u dvostruke tunelske cijevi. Kada je rije\u010d o mostovima, u tijeku su radovi na mostu Po\u010ditelj koji je, uz tunel Prenj, sigurno najimpresivniji objekt cijelog koridora Vc. Du\u017eina mu je 945 m, a visina 100 m. On je kontinuirani prednapeti armirano-betonski most sandu\u010dastog popre\u010dnog presjeka, gra\u0111en tehnologijom slobodne konzolne gradnje, \u010dijom \u0107e izgradnjom biti spojene dvije obale rijeke Neretve. &#8211; Na srednjim stupovima mosta Po\u010ditelj, od ukupno 18 kampada, trenuta\u010dno se rade 12. i 13. Prema postoje\u0107oj dinamici, zavr\u0161etak izgradnje stupova o\u010dekuje se za dva mjeseca. Nakon toga slijedi monta\u017ea krletki radi izgradnje rasponske konstrukcije &#8211; navode iz JP Autoceste FBiH. Dodaju kako most Po\u010ditelj premo\u0161tava magistralnu cestu M-17, rijeku Neretvu i \u017eeljezni\u010dku prugu Sarajevo \u2013 Plo\u010de, a nalazi se na poddionici Po\u010ditelj \u2013 Zvirovi\u0107i. Kada je rije\u010d o trenuta\u010dnim radovima na gradili\u0161tima, iz JP Autoceste FBiH isti\u010du i kako se na poddionici tunel Zenica &#8211; Donja Gra\u010danica vr\u0161e radovi na izradi kolni\u010dke konstrukcije. Na desnom kolniku zavr\u0161ena su oba nosiva sloja, dok je na lijevom ura\u0111en prvi nosivi sloj. Na vijaduktima se radi hidroizolacija, ugradnja sustava odvodnje, postavljanje \u010deli\u010dnog rukohvata i postavljanje za\u0161tite od buke. Tako\u0111er, na trasi se izvode radovi na vanjskoj i unutarnjoj odvodnji. Ne treba zaboraviti ni poddionicu Buna &#8211; Po\u010ditelj gdje je prije nekoliko dana po\u010delo postavljanje zavr\u0161nog sloja asfalta.<\/p>\n\n\n\n<p>Osigurana sredstva<\/p>\n\n\n\n<p>Uz navedene dionice, u tijeku su radovi i na dionicama Po\u010ditelj &#8211; Zvirovi\u0107i, tunel Ivan, Tar\u010din &#8211; Ivan, tunel Hranjen, Sarajevska obilaznica, Ponirak &#8211; Vraca, Vranduk &#8211; Ponirak i Popriku\u0161e &#8211; Nemila. Tako\u0111er, u tijeku je ukupno 1200 predmeta eksproprijacije za dvije dionice autoceste koje \u0107e pro\u0107i kroz op\u0107inu Te\u0161anj. Prioritet je dionica Putnikovo brdo &#8211; Medakovo, a odmah se nastavlja eksproprijacija na dionici Medakovo &#8211; Ozimice. Dionica Putnikovo brdo \u2013 Medakovo prote\u017ee se u du\u017eini od 8,5 km i dio je obilaznice oko Doboja na podru\u010dju FBiH. Izgradnja ove dionice trebala bi biti financirana sredstvima Europske banke za obnovu i razvoj (EBRD). Dionica Medakovo \u2013 Ozimice duga je 21 kilometar i ugovor o financiranju potpisan je s Europskom investicijskom bankom u prosincu pro\u0161le godine. Tra\u017ei se na\u010din i da gradnja autoceste Tuzla \u2013 Ora\u0161je po\u010dne u 2022. godini. Rije\u010d je o dijelu budu\u0107e autoceste na cestovnom koridoru Sarajevo \u2013 Beograd.<\/p>\n\n\n\n<p>Izvor:vecernji.ba<\/p>\n","protected":false},"excerpt":{"rendered":"<p>Izgradnja autoceste kroz Federaciju Bosne i Hercegovine u ovom za gospodarstvo kriznom vremenu poma\u017ee odr\u017eati likvidnost brojnih doma\u0107ih tvrtki te sa\u010duvati radna mjesta, pi\u0161e Ve\u010dernji list BiH. Gradili\u0161te za budu\u0107nost Kako navode iz JP Autoceste Federacije BiH, na podru\u010dju Federacije BiH u tijeku su radovi na \u010dak jedanaest gradili\u0161ta koridora Vc i brzih cesta, \u010dija [&hellip;]<\/p>\n","protected":false},"author":2,"featured_media":18248,"comment_status":"closed","ping_status":"closed","sticky":false,"template":"","format":"standard","meta":{"h5ap_radio_sources":[],"footnotes":""},"categories":[1],"tags":[],"class_list":["post-18247","post","type-post","status-publish","format-standard","has-post-thumbnail","hentry","category-bihiregija"],"yoast_head":"<!-- This site is optimized with the Yoast SEO plugin v27.5 - https:\/\/yoast.com\/product\/yoast-seo-wordpress\/ -->\n<title>U FBiH otvoreno 11 gradili\u0161ta vrijednih 1,3 milijarde maraka - RADIO LJUBU\u0160KI<\/title>\n<meta name=\"robots\" content=\"index, follow, max-snippet:-1, max-image-preview:large, max-video-preview:-1\" \/>\n<link rel=\"canonical\" href=\"https:\/\/radioljubuski.ba\/index.php\/2021\/05\/03\/u-fbih-otvoreno-11-gradilista-vrijednih-13-milijarde-maraka\/\" \/>\n<meta property=\"og:locale\" content=\"hr_HR\" \/>\n<meta property=\"og:type\" content=\"article\" \/>\n<meta property=\"og:title\" content=\"U FBiH otvoreno 11 gradili\u0161ta vrijednih 1,3 milijarde maraka - RADIO LJUBU\u0160KI\" \/>\n<meta property=\"og:description\" content=\"Izgradnja autoceste kroz Federaciju Bosne i Hercegovine u ovom za gospodarstvo kriznom vremenu poma\u017ee odr\u017eati likvidnost brojnih doma\u0107ih tvrtki te sa\u010duvati radna mjesta, pi\u0161e Ve\u010dernji list BiH. Gradili\u0161te za budu\u0107nost Kako navode iz JP Autoceste Federacije BiH, na podru\u010dju Federacije BiH u tijeku su radovi na \u010dak jedanaest gradili\u0161ta koridora Vc i brzih cesta, \u010dija [&hellip;]\" \/>\n<meta property=\"og:url\" content=\"https:\/\/radioljubuski.ba\/index.php\/2021\/05\/03\/u-fbih-otvoreno-11-gradilista-vrijednih-13-milijarde-maraka\/\" \/>\n<meta property=\"og:site_name\" content=\"RADIO LJUBU\u0160KI\" \/>\n<meta property=\"article:publisher\" content=\"https:\/\/www.facebook.com\/Radiio-Ljubuski-1490835324566332\" \/>\n<meta property=\"article:published_time\" content=\"2021-05-03T14:25:18+00:00\" \/>\n<meta property=\"article:modified_time\" content=\"2021-05-03T14:25:19+00:00\" \/>\n<meta property=\"og:image\" content=\"https:\/\/radioljubuski.ba\/wp-content\/uploads\/2021\/05\/Apb0eXYU_autoceste.jpg\" \/>\n\t<meta property=\"og:image:width\" content=\"1000\" \/>\n\t<meta property=\"og:image:height\" content=\"625\" \/>\n\t<meta property=\"og:image:type\" content=\"image\/jpeg\" \/>\n<meta name=\"author\" content=\"Radio Ljubu\u0161ki\" \/>\n<meta name=\"twitter:card\" content=\"summary_large_image\" \/>\n<meta name=\"twitter:creator\" content=\"@radioljubuski\" \/>\n<meta name=\"twitter:site\" content=\"@radioljubuski\" \/>\n<meta name=\"twitter:label1\" content=\"Napisao\/la\" \/>\n\t<meta name=\"twitter:data1\" content=\"Radio Ljubu\u0161ki\" \/>\n\t<meta name=\"twitter:label2\" content=\"Procijenjeno vrijeme \u010ditanja\" \/>\n\t<meta name=\"twitter:data2\" content=\"3 minute\" \/>\n<script type=\"application\/ld+json\" class=\"yoast-schema-graph\">{\"@context\":\"https:\\\/\\\/schema.org\",\"@graph\":[{\"@type\":\"Article\",\"@id\":\"https:\\\/\\\/radioljubuski.ba\\\/index.php\\\/2021\\\/05\\\/03\\\/u-fbih-otvoreno-11-gradilista-vrijednih-13-milijarde-maraka\\\/#article\",\"isPartOf\":{\"@id\":\"https:\\\/\\\/radioljubuski.ba\\\/index.php\\\/2021\\\/05\\\/03\\\/u-fbih-otvoreno-11-gradilista-vrijednih-13-milijarde-maraka\\\/\"},\"author\":{\"name\":\"Radio Ljubu\u0161ki\",\"@id\":\"https:\\\/\\\/radioljubuski.ba\\\/#\\\/schema\\\/person\\\/19fc700381a780f69665d7956c469e3b\"},\"headline\":\"U FBiH otvoreno 11 gradili\u0161ta vrijednih 1,3 milijarde maraka\",\"datePublished\":\"2021-05-03T14:25:18+00:00\",\"dateModified\":\"2021-05-03T14:25:19+00:00\",\"mainEntityOfPage\":{\"@id\":\"https:\\\/\\\/radioljubuski.ba\\\/index.php\\\/2021\\\/05\\\/03\\\/u-fbih-otvoreno-11-gradilista-vrijednih-13-milijarde-maraka\\\/\"},\"wordCount\":534,\"publisher\":{\"@id\":\"https:\\\/\\\/radioljubuski.ba\\\/#organization\"},\"image\":{\"@id\":\"https:\\\/\\\/radioljubuski.ba\\\/index.php\\\/2021\\\/05\\\/03\\\/u-fbih-otvoreno-11-gradilista-vrijednih-13-milijarde-maraka\\\/#primaryimage\"},\"thumbnailUrl\":\"https:\\\/\\\/radioljubuski.ba\\\/wp-content\\\/uploads\\\/2021\\\/05\\\/Apb0eXYU_autoceste.jpg\",\"articleSection\":[\"BIH i regija\"],\"inLanguage\":\"hr\"},{\"@type\":\"WebPage\",\"@id\":\"https:\\\/\\\/radioljubuski.ba\\\/index.php\\\/2021\\\/05\\\/03\\\/u-fbih-otvoreno-11-gradilista-vrijednih-13-milijarde-maraka\\\/\",\"url\":\"https:\\\/\\\/radioljubuski.ba\\\/index.php\\\/2021\\\/05\\\/03\\\/u-fbih-otvoreno-11-gradilista-vrijednih-13-milijarde-maraka\\\/\",\"name\":\"U FBiH otvoreno 11 gradili\u0161ta vrijednih 1,3 milijarde maraka - RADIO LJUBU\u0160KI\",\"isPartOf\":{\"@id\":\"https:\\\/\\\/radioljubuski.ba\\\/#website\"},\"primaryImageOfPage\":{\"@id\":\"https:\\\/\\\/radioljubuski.ba\\\/index.php\\\/2021\\\/05\\\/03\\\/u-fbih-otvoreno-11-gradilista-vrijednih-13-milijarde-maraka\\\/#primaryimage\"},\"image\":{\"@id\":\"https:\\\/\\\/radioljubuski.ba\\\/index.php\\\/2021\\\/05\\\/03\\\/u-fbih-otvoreno-11-gradilista-vrijednih-13-milijarde-maraka\\\/#primaryimage\"},\"thumbnailUrl\":\"https:\\\/\\\/radioljubuski.ba\\\/wp-content\\\/uploads\\\/2021\\\/05\\\/Apb0eXYU_autoceste.jpg\",\"datePublished\":\"2021-05-03T14:25:18+00:00\",\"dateModified\":\"2021-05-03T14:25:19+00:00\",\"breadcrumb\":{\"@id\":\"https:\\\/\\\/radioljubuski.ba\\\/index.php\\\/2021\\\/05\\\/03\\\/u-fbih-otvoreno-11-gradilista-vrijednih-13-milijarde-maraka\\\/#breadcrumb\"},\"inLanguage\":\"hr\",\"potentialAction\":[{\"@type\":\"ReadAction\",\"target\":[\"https:\\\/\\\/radioljubuski.ba\\\/index.php\\\/2021\\\/05\\\/03\\\/u-fbih-otvoreno-11-gradilista-vrijednih-13-milijarde-maraka\\\/\"]}]},{\"@type\":\"ImageObject\",\"inLanguage\":\"hr\",\"@id\":\"https:\\\/\\\/radioljubuski.ba\\\/index.php\\\/2021\\\/05\\\/03\\\/u-fbih-otvoreno-11-gradilista-vrijednih-13-milijarde-maraka\\\/#primaryimage\",\"url\":\"https:\\\/\\\/radioljubuski.ba\\\/wp-content\\\/uploads\\\/2021\\\/05\\\/Apb0eXYU_autoceste.jpg\",\"contentUrl\":\"https:\\\/\\\/radioljubuski.ba\\\/wp-content\\\/uploads\\\/2021\\\/05\\\/Apb0eXYU_autoceste.jpg\",\"width\":1000,\"height\":625},{\"@type\":\"BreadcrumbList\",\"@id\":\"https:\\\/\\\/radioljubuski.ba\\\/index.php\\\/2021\\\/05\\\/03\\\/u-fbih-otvoreno-11-gradilista-vrijednih-13-milijarde-maraka\\\/#breadcrumb\",\"itemListElement\":[{\"@type\":\"ListItem\",\"position\":1,\"name\":\"Po\u010detna stranica\",\"item\":\"https:\\\/\\\/radioljubuski.ba\\\/\"},{\"@type\":\"ListItem\",\"position\":2,\"name\":\"U FBiH otvoreno 11 gradili\u0161ta vrijednih 1,3 milijarde maraka\"}]},{\"@type\":\"WebSite\",\"@id\":\"https:\\\/\\\/radioljubuski.ba\\\/#website\",\"url\":\"https:\\\/\\\/radioljubuski.ba\\\/\",\"name\":\"Radio Ljubu\u0161ki\",\"description\":\"Sun\u010dana frekvencija Hercegovine\",\"publisher\":{\"@id\":\"https:\\\/\\\/radioljubuski.ba\\\/#organization\"},\"potentialAction\":[{\"@type\":\"SearchAction\",\"target\":{\"@type\":\"EntryPoint\",\"urlTemplate\":\"https:\\\/\\\/radioljubuski.ba\\\/?s={search_term_string}\"},\"query-input\":{\"@type\":\"PropertyValueSpecification\",\"valueRequired\":true,\"valueName\":\"search_term_string\"}}],\"inLanguage\":\"hr\"},{\"@type\":\"Organization\",\"@id\":\"https:\\\/\\\/radioljubuski.ba\\\/#organization\",\"name\":\"Radio Ljubu\u0161ki\",\"url\":\"https:\\\/\\\/radioljubuski.ba\\\/\",\"logo\":{\"@type\":\"ImageObject\",\"inLanguage\":\"hr\",\"@id\":\"https:\\\/\\\/radioljubuski.ba\\\/#\\\/schema\\\/logo\\\/image\\\/\",\"url\":\"https:\\\/\\\/radioljubuski.ba\\\/wp-content\\\/uploads\\\/2021\\\/02\\\/cropped-Radio_Ljubuski_logo1.jpg\",\"contentUrl\":\"https:\\\/\\\/radioljubuski.ba\\\/wp-content\\\/uploads\\\/2021\\\/02\\\/cropped-Radio_Ljubuski_logo1.jpg\",\"width\":512,\"height\":512,\"caption\":\"Radio Ljubu\u0161ki\"},\"image\":{\"@id\":\"https:\\\/\\\/radioljubuski.ba\\\/#\\\/schema\\\/logo\\\/image\\\/\"},\"sameAs\":[\"https:\\\/\\\/www.facebook.com\\\/Radiio-Ljubuski-1490835324566332\",\"https:\\\/\\\/x.com\\\/radioljubuski\",\"https:\\\/\\\/hr.linkedin.com\\\/company\\\/radio-ljubuski\",\"https:\\\/\\\/www.youtube.com\\\/channel\\\/UCHYaeO_n0Db3tjNGudGpXyw\"]},{\"@type\":\"Person\",\"@id\":\"https:\\\/\\\/radioljubuski.ba\\\/#\\\/schema\\\/person\\\/19fc700381a780f69665d7956c469e3b\",\"name\":\"Radio Ljubu\u0161ki\"}]}<\/script>\n<!-- \/ Yoast SEO plugin. -->","yoast_head_json":{"title":"U FBiH otvoreno 11 gradili\u0161ta vrijednih 1,3 milijarde maraka - RADIO LJUBU\u0160KI","robots":{"index":"index","follow":"follow","max-snippet":"max-snippet:-1","max-image-preview":"max-image-preview:large","max-video-preview":"max-video-preview:-1"},"canonical":"https:\/\/radioljubuski.ba\/index.php\/2021\/05\/03\/u-fbih-otvoreno-11-gradilista-vrijednih-13-milijarde-maraka\/","og_locale":"hr_HR","og_type":"article","og_title":"U FBiH otvoreno 11 gradili\u0161ta vrijednih 1,3 milijarde maraka - RADIO LJUBU\u0160KI","og_description":"Izgradnja autoceste kroz Federaciju Bosne i Hercegovine u ovom za gospodarstvo kriznom vremenu poma\u017ee odr\u017eati likvidnost brojnih doma\u0107ih tvrtki te sa\u010duvati radna mjesta, pi\u0161e Ve\u010dernji list BiH. Gradili\u0161te za budu\u0107nost Kako navode iz JP Autoceste Federacije BiH, na podru\u010dju Federacije BiH u tijeku su radovi na \u010dak jedanaest gradili\u0161ta koridora Vc i brzih cesta, \u010dija [&hellip;]","og_url":"https:\/\/radioljubuski.ba\/index.php\/2021\/05\/03\/u-fbih-otvoreno-11-gradilista-vrijednih-13-milijarde-maraka\/","og_site_name":"RADIO LJUBU\u0160KI","article_publisher":"https:\/\/www.facebook.com\/Radiio-Ljubuski-1490835324566332","article_published_time":"2021-05-03T14:25:18+00:00","article_modified_time":"2021-05-03T14:25:19+00:00","og_image":[{"width":1000,"height":625,"url":"https:\/\/radioljubuski.ba\/wp-content\/uploads\/2021\/05\/Apb0eXYU_autoceste.jpg","type":"image\/jpeg"}],"author":"Radio Ljubu\u0161ki","twitter_card":"summary_large_image","twitter_creator":"@radioljubuski","twitter_site":"@radioljubuski","twitter_misc":{"Napisao\/la":"Radio Ljubu\u0161ki","Procijenjeno vrijeme \u010ditanja":"3 minute"},"schema":{"@context":"https:\/\/schema.org","@graph":[{"@type":"Article","@id":"https:\/\/radioljubuski.ba\/index.php\/2021\/05\/03\/u-fbih-otvoreno-11-gradilista-vrijednih-13-milijarde-maraka\/#article","isPartOf":{"@id":"https:\/\/radioljubuski.ba\/index.php\/2021\/05\/03\/u-fbih-otvoreno-11-gradilista-vrijednih-13-milijarde-maraka\/"},"author":{"name":"Radio Ljubu\u0161ki","@id":"https:\/\/radioljubuski.ba\/#\/schema\/person\/19fc700381a780f69665d7956c469e3b"},"headline":"U FBiH otvoreno 11 gradili\u0161ta vrijednih 1,3 milijarde maraka","datePublished":"2021-05-03T14:25:18+00:00","dateModified":"2021-05-03T14:25:19+00:00","mainEntityOfPage":{"@id":"https:\/\/radioljubuski.ba\/index.php\/2021\/05\/03\/u-fbih-otvoreno-11-gradilista-vrijednih-13-milijarde-maraka\/"},"wordCount":534,"publisher":{"@id":"https:\/\/radioljubuski.ba\/#organization"},"image":{"@id":"https:\/\/radioljubuski.ba\/index.php\/2021\/05\/03\/u-fbih-otvoreno-11-gradilista-vrijednih-13-milijarde-maraka\/#primaryimage"},"thumbnailUrl":"https:\/\/radioljubuski.ba\/wp-content\/uploads\/2021\/05\/Apb0eXYU_autoceste.jpg","articleSection":["BIH i regija"],"inLanguage":"hr"},{"@type":"WebPage","@id":"https:\/\/radioljubuski.ba\/index.php\/2021\/05\/03\/u-fbih-otvoreno-11-gradilista-vrijednih-13-milijarde-maraka\/","url":"https:\/\/radioljubuski.ba\/index.php\/2021\/05\/03\/u-fbih-otvoreno-11-gradilista-vrijednih-13-milijarde-maraka\/","name":"U FBiH otvoreno 11 gradili\u0161ta vrijednih 1,3 milijarde maraka - RADIO LJUBU\u0160KI","isPartOf":{"@id":"https:\/\/radioljubuski.ba\/#website"},"primaryImageOfPage":{"@id":"https:\/\/radioljubuski.ba\/index.php\/2021\/05\/03\/u-fbih-otvoreno-11-gradilista-vrijednih-13-milijarde-maraka\/#primaryimage"},"image":{"@id":"https:\/\/radioljubuski.ba\/index.php\/2021\/05\/03\/u-fbih-otvoreno-11-gradilista-vrijednih-13-milijarde-maraka\/#primaryimage"},"thumbnailUrl":"https:\/\/radioljubuski.ba\/wp-content\/uploads\/2021\/05\/Apb0eXYU_autoceste.jpg","datePublished":"2021-05-03T14:25:18+00:00","dateModified":"2021-05-03T14:25:19+00:00","breadcrumb":{"@id":"https:\/\/radioljubuski.ba\/index.php\/2021\/05\/03\/u-fbih-otvoreno-11-gradilista-vrijednih-13-milijarde-maraka\/#breadcrumb"},"inLanguage":"hr","potentialAction":[{"@type":"ReadAction","target":["https:\/\/radioljubuski.ba\/index.php\/2021\/05\/03\/u-fbih-otvoreno-11-gradilista-vrijednih-13-milijarde-maraka\/"]}]},{"@type":"ImageObject","inLanguage":"hr","@id":"https:\/\/radioljubuski.ba\/index.php\/2021\/05\/03\/u-fbih-otvoreno-11-gradilista-vrijednih-13-milijarde-maraka\/#primaryimage","url":"https:\/\/radioljubuski.ba\/wp-content\/uploads\/2021\/05\/Apb0eXYU_autoceste.jpg","contentUrl":"https:\/\/radioljubuski.ba\/wp-content\/uploads\/2021\/05\/Apb0eXYU_autoceste.jpg","width":1000,"height":625},{"@type":"BreadcrumbList","@id":"https:\/\/radioljubuski.ba\/index.php\/2021\/05\/03\/u-fbih-otvoreno-11-gradilista-vrijednih-13-milijarde-maraka\/#breadcrumb","itemListElement":[{"@type":"ListItem","position":1,"name":"Po\u010detna stranica","item":"https:\/\/radioljubuski.ba\/"},{"@type":"ListItem","position":2,"name":"U FBiH otvoreno 11 gradili\u0161ta vrijednih 1,3 milijarde maraka"}]},{"@type":"WebSite","@id":"https:\/\/radioljubuski.ba\/#website","url":"https:\/\/radioljubuski.ba\/","name":"Radio Ljubu\u0161ki","description":"Sun\u010dana frekvencija Hercegovine","publisher":{"@id":"https:\/\/radioljubuski.ba\/#organization"},"potentialAction":[{"@type":"SearchAction","target":{"@type":"EntryPoint","urlTemplate":"https:\/\/radioljubuski.ba\/?s={search_term_string}"},"query-input":{"@type":"PropertyValueSpecification","valueRequired":true,"valueName":"search_term_string"}}],"inLanguage":"hr"},{"@type":"Organization","@id":"https:\/\/radioljubuski.ba\/#organization","name":"Radio Ljubu\u0161ki","url":"https:\/\/radioljubuski.ba\/","logo":{"@type":"ImageObject","inLanguage":"hr","@id":"https:\/\/radioljubuski.ba\/#\/schema\/logo\/image\/","url":"https:\/\/radioljubuski.ba\/wp-content\/uploads\/2021\/02\/cropped-Radio_Ljubuski_logo1.jpg","contentUrl":"https:\/\/radioljubuski.ba\/wp-content\/uploads\/2021\/02\/cropped-Radio_Ljubuski_logo1.jpg","width":512,"height":512,"caption":"Radio Ljubu\u0161ki"},"image":{"@id":"https:\/\/radioljubuski.ba\/#\/schema\/logo\/image\/"},"sameAs":["https:\/\/www.facebook.com\/Radiio-Ljubuski-1490835324566332","https:\/\/x.com\/radioljubuski","https:\/\/hr.linkedin.com\/company\/radio-ljubuski","https:\/\/www.youtube.com\/channel\/UCHYaeO_n0Db3tjNGudGpXyw"]},{"@type":"Person","@id":"https:\/\/radioljubuski.ba\/#\/schema\/person\/19fc700381a780f69665d7956c469e3b","name":"Radio Ljubu\u0161ki"}]}},"_links":{"self":[{"href":"https:\/\/radioljubuski.ba\/index.php\/wp-json\/wp\/v2\/posts\/18247","targetHints":{"allow":["GET"]}}],"collection":[{"href":"https:\/\/radioljubuski.ba\/index.php\/wp-json\/wp\/v2\/posts"}],"about":[{"href":"https:\/\/radioljubuski.ba\/index.php\/wp-json\/wp\/v2\/types\/post"}],"author":[{"embeddable":true,"href":"https:\/\/radioljubuski.ba\/index.php\/wp-json\/wp\/v2\/users\/2"}],"replies":[{"embeddable":true,"href":"https:\/\/radioljubuski.ba\/index.php\/wp-json\/wp\/v2\/comments?post=18247"}],"version-history":[{"count":1,"href":"https:\/\/radioljubuski.ba\/index.php\/wp-json\/wp\/v2\/posts\/18247\/revisions"}],"predecessor-version":[{"id":18249,"href":"https:\/\/radioljubuski.ba\/index.php\/wp-json\/wp\/v2\/posts\/18247\/revisions\/18249"}],"wp:featuredmedia":[{"embeddable":true,"href":"https:\/\/radioljubuski.ba\/index.php\/wp-json\/wp\/v2\/media\/18248"}],"wp:attachment":[{"href":"https:\/\/radioljubuski.ba\/index.php\/wp-json\/wp\/v2\/media?parent=18247"}],"wp:term":[{"taxonomy":"category","embeddable":true,"href":"https:\/\/radioljubuski.ba\/index.php\/wp-json\/wp\/v2\/categories?post=18247"},{"taxonomy":"post_tag","embeddable":true,"href":"https:\/\/radioljubuski.ba\/index.php\/wp-json\/wp\/v2\/tags?post=18247"}],"curies":[{"name":"wp","href":"https:\/\/api.w.org\/{rel}","templated":true}]}}