{"id":182520,"date":"2022-09-21T08:23:04","date_gmt":"2022-09-21T07:23:04","guid":{"rendered":"https:\/\/radioljubuski.ba\/?p=182520"},"modified":"2022-09-21T08:23:06","modified_gmt":"2022-09-21T07:23:06","slug":"hnk-mostar-slavi-28-obljetnicu","status":"publish","type":"post","link":"https:\/\/radioljubuski.ba\/index.php\/2022\/09\/21\/hnk-mostar-slavi-28-obljetnicu\/","title":{"rendered":"HNK Mostar slavi 28. obljetnicu"},"content":{"rendered":"\n<p>U \u010detvrtak, 22. rujna Hrvatsko narodno kazali\u0161te u Mostaru obilje\u017eava 28 godina od svog osnutka. Tom prigodom bit \u0107e izvedena predstava \u201eAn\u0111eo uni\u0161tenja\u201c s po\u010detkom u 20 sati, a ulazak je slobodan.<\/p>\n\n\n\n<p>Ova kazali\u0161na ku\u0107a&nbsp;utemeljena je 22. rujna 1994. godine, kao prvo profesionalno kazali\u0161te hrvatskog naroda u BiH. Prve premijere pod nazivom Narodno kazali\u0161te Mostar izvedene su 1993. godine. Rije\u010d je o jedno\u010dinkama&nbsp;Mate Mati\u0161i\u0107a&nbsp;\u201eBo\u017ei\u0107na bajka\u201c i \u201eCinco i Marinko\u201c, u kojima su igrali&nbsp;Velimir Njiri\u0107 P\u0161eni\u010dnik,&nbsp;Toni Pehar&nbsp;i&nbsp;Sanda Krgo,&nbsp;a re\u017eirao&nbsp;Stjepan Filakovi\u0107, ma\u0111arski Hrvat iz Pe\u010duha. Prva predstava u kojoj je u programskoj knji\u017eici pisalo HNK Mostar&nbsp;bila je \u201eTena\u201c, koju je&nbsp;Borislav Vuj\u010di\u0107&nbsp;dramatizirao prema noveli&nbsp;Josipa Kozarca&nbsp;u re\u017eiji&nbsp;Velibora Bobe Jel\u010di\u0107a.<\/p>\n\n\n\n<p>U novoj kazali\u0161noj sezoni 2022.\/2023. na redovitom je repertoaru HNK Mostar 12 predstava i ukupno 49 nagrada.<\/p>\n\n\n\n<p>\u201eS obzirom da se obljetnica poklapa s po\u010detkom nove kazali\u0161ne sezone, iskoristit \u0107u ovu prigodu pa re\u0107i ne\u0161to o na\u0161im planovima. Dakle, do kraja sezone planirali smo realizirati tri premijerne izvedbe, a prva je na redu koncem listopada predstava radnoga naslova \u2018No\u0107 s Aleksom\u2019, po tekstu Marka Toma\u0161a i u re\u017eiji Ivice Buljana. U narednom razdoblju prioritet je dovr\u0161etak izgradnje objekta \u010dime \u0107e HNK Mostar uistinu postati nacionalno kazali\u0161te Hrvata u Bosni i Hercegovini te kazali\u0161te u punom smislu te rije\u010di\u201c, kazao je ravnatelj ove teatarske institucije Ivan Vukoja.<\/p>\n\n\n\n<p>Predstava \u201eAn\u0111eo uni\u0161tenja\u201c nastala je prema tekstu nobelovke Elfriede Jelinek u re\u017eiji austrijske redateljice Sabine Mitterecker i u koprodukciji Hrvatskog narodnog kazali\u0161ta u Mostaru i Sarajevskog ratnog teatra (SARTR). Rije\u010d je o prvoj koprodukciji jednog sarajevskog teatra i kazali\u0161ta iz Mostara. Radnja drame \u201eRechnitz \u2013 An\u0111eo uni\u0161tenja\u201c bavi se doga\u0111ajem koji se dogodio u no\u0107i izme\u0111u 24. i 25. o\u017eujka 1945. kada je grofica Margit von Batthy\u00e1ny priredila u svom dvorcu Rechnitz u Burgenlandu gozbu za susjede, velikodostojnike lokalne Nacionalsocijalisti\u010dke partije, SS oficire, od kojih je jedan bio njen ljubavnik.<\/p>\n\n\n\n<p>Iako je slobodan ulazak na ovu predstavu, potrebno je rezervirati mjesto porukom preko Facebook Messengera ili Instagram Directa, odnosno pozivom na broj 036\/446-024 od 9 do 16 sati.<\/p>\n\n\n\n<p>Izvor: <strong>RTV HB<\/strong><\/p>\n","protected":false},"excerpt":{"rendered":"<p>U \u010detvrtak, 22. rujna Hrvatsko narodno kazali\u0161te u Mostaru obilje\u017eava 28 godina od svog osnutka. Tom prigodom bit \u0107e izvedena predstava \u201eAn\u0111eo uni\u0161tenja\u201c s po\u010detkom u 20 sati, a ulazak je slobodan. Ova kazali\u0161na ku\u0107a&nbsp;utemeljena je 22. rujna 1994. godine, kao prvo profesionalno kazali\u0161te hrvatskog naroda u BiH. Prve premijere pod nazivom Narodno kazali\u0161te Mostar [&hellip;]<\/p>\n","protected":false},"author":2,"featured_media":134152,"comment_status":"closed","ping_status":"closed","sticky":false,"template":"","format":"standard","meta":{"h5ap_radio_sources":[],"footnotes":""},"categories":[1],"tags":[],"class_list":["post-182520","post","type-post","status-publish","format-standard","has-post-thumbnail","hentry","category-bihiregija"],"yoast_head":"<!-- This site is optimized with the Yoast SEO plugin v27.5 - https:\/\/yoast.com\/product\/yoast-seo-wordpress\/ -->\n<title>HNK Mostar slavi 28. obljetnicu - RADIO LJUBU\u0160KI<\/title>\n<meta name=\"robots\" content=\"index, follow, max-snippet:-1, max-image-preview:large, max-video-preview:-1\" \/>\n<link rel=\"canonical\" href=\"https:\/\/radioljubuski.ba\/index.php\/2022\/09\/21\/hnk-mostar-slavi-28-obljetnicu\/\" \/>\n<meta property=\"og:locale\" content=\"hr_HR\" \/>\n<meta property=\"og:type\" content=\"article\" \/>\n<meta property=\"og:title\" content=\"HNK Mostar slavi 28. obljetnicu - RADIO LJUBU\u0160KI\" \/>\n<meta property=\"og:description\" content=\"U \u010detvrtak, 22. rujna Hrvatsko narodno kazali\u0161te u Mostaru obilje\u017eava 28 godina od svog osnutka. Tom prigodom bit \u0107e izvedena predstava \u201eAn\u0111eo uni\u0161tenja\u201c s po\u010detkom u 20 sati, a ulazak je slobodan. Ova kazali\u0161na ku\u0107a&nbsp;utemeljena je 22. rujna 1994. godine, kao prvo profesionalno kazali\u0161te hrvatskog naroda u BiH. Prve premijere pod nazivom Narodno kazali\u0161te Mostar [&hellip;]\" \/>\n<meta property=\"og:url\" content=\"https:\/\/radioljubuski.ba\/index.php\/2022\/09\/21\/hnk-mostar-slavi-28-obljetnicu\/\" \/>\n<meta property=\"og:site_name\" content=\"RADIO LJUBU\u0160KI\" \/>\n<meta property=\"article:publisher\" content=\"https:\/\/www.facebook.com\/Radiio-Ljubuski-1490835324566332\" \/>\n<meta property=\"article:published_time\" content=\"2022-09-21T07:23:04+00:00\" \/>\n<meta property=\"article:modified_time\" content=\"2022-09-21T07:23:06+00:00\" \/>\n<meta property=\"og:image\" content=\"https:\/\/radioljubuski.ba\/wp-content\/uploads\/2022\/04\/8-2022-04-19-12-49-22-hnk-mostar-procelje-um-2.jpg\" \/>\n\t<meta property=\"og:image:width\" content=\"1000\" \/>\n\t<meta property=\"og:image:height\" content=\"625\" \/>\n\t<meta property=\"og:image:type\" content=\"image\/jpeg\" \/>\n<meta name=\"author\" content=\"Radio Ljubu\u0161ki\" \/>\n<meta name=\"twitter:card\" content=\"summary_large_image\" \/>\n<meta name=\"twitter:creator\" content=\"@radioljubuski\" \/>\n<meta name=\"twitter:site\" content=\"@radioljubuski\" \/>\n<meta name=\"twitter:label1\" content=\"Napisao\/la\" \/>\n\t<meta name=\"twitter:data1\" content=\"Radio Ljubu\u0161ki\" \/>\n\t<meta name=\"twitter:label2\" content=\"Procijenjeno vrijeme \u010ditanja\" \/>\n\t<meta name=\"twitter:data2\" content=\"2 minute\" \/>\n<script type=\"application\/ld+json\" class=\"yoast-schema-graph\">{\"@context\":\"https:\\\/\\\/schema.org\",\"@graph\":[{\"@type\":\"Article\",\"@id\":\"https:\\\/\\\/radioljubuski.ba\\\/index.php\\\/2022\\\/09\\\/21\\\/hnk-mostar-slavi-28-obljetnicu\\\/#article\",\"isPartOf\":{\"@id\":\"https:\\\/\\\/radioljubuski.ba\\\/index.php\\\/2022\\\/09\\\/21\\\/hnk-mostar-slavi-28-obljetnicu\\\/\"},\"author\":{\"name\":\"Radio Ljubu\u0161ki\",\"@id\":\"https:\\\/\\\/radioljubuski.ba\\\/#\\\/schema\\\/person\\\/19fc700381a780f69665d7956c469e3b\"},\"headline\":\"HNK Mostar slavi 28. obljetnicu\",\"datePublished\":\"2022-09-21T07:23:04+00:00\",\"dateModified\":\"2022-09-21T07:23:06+00:00\",\"mainEntityOfPage\":{\"@id\":\"https:\\\/\\\/radioljubuski.ba\\\/index.php\\\/2022\\\/09\\\/21\\\/hnk-mostar-slavi-28-obljetnicu\\\/\"},\"wordCount\":400,\"publisher\":{\"@id\":\"https:\\\/\\\/radioljubuski.ba\\\/#organization\"},\"image\":{\"@id\":\"https:\\\/\\\/radioljubuski.ba\\\/index.php\\\/2022\\\/09\\\/21\\\/hnk-mostar-slavi-28-obljetnicu\\\/#primaryimage\"},\"thumbnailUrl\":\"https:\\\/\\\/radioljubuski.ba\\\/wp-content\\\/uploads\\\/2022\\\/04\\\/8-2022-04-19-12-49-22-hnk-mostar-procelje-um-2.jpg\",\"articleSection\":[\"BIH i regija\"],\"inLanguage\":\"hr\"},{\"@type\":\"WebPage\",\"@id\":\"https:\\\/\\\/radioljubuski.ba\\\/index.php\\\/2022\\\/09\\\/21\\\/hnk-mostar-slavi-28-obljetnicu\\\/\",\"url\":\"https:\\\/\\\/radioljubuski.ba\\\/index.php\\\/2022\\\/09\\\/21\\\/hnk-mostar-slavi-28-obljetnicu\\\/\",\"name\":\"HNK Mostar slavi 28. obljetnicu - RADIO LJUBU\u0160KI\",\"isPartOf\":{\"@id\":\"https:\\\/\\\/radioljubuski.ba\\\/#website\"},\"primaryImageOfPage\":{\"@id\":\"https:\\\/\\\/radioljubuski.ba\\\/index.php\\\/2022\\\/09\\\/21\\\/hnk-mostar-slavi-28-obljetnicu\\\/#primaryimage\"},\"image\":{\"@id\":\"https:\\\/\\\/radioljubuski.ba\\\/index.php\\\/2022\\\/09\\\/21\\\/hnk-mostar-slavi-28-obljetnicu\\\/#primaryimage\"},\"thumbnailUrl\":\"https:\\\/\\\/radioljubuski.ba\\\/wp-content\\\/uploads\\\/2022\\\/04\\\/8-2022-04-19-12-49-22-hnk-mostar-procelje-um-2.jpg\",\"datePublished\":\"2022-09-21T07:23:04+00:00\",\"dateModified\":\"2022-09-21T07:23:06+00:00\",\"breadcrumb\":{\"@id\":\"https:\\\/\\\/radioljubuski.ba\\\/index.php\\\/2022\\\/09\\\/21\\\/hnk-mostar-slavi-28-obljetnicu\\\/#breadcrumb\"},\"inLanguage\":\"hr\",\"potentialAction\":[{\"@type\":\"ReadAction\",\"target\":[\"https:\\\/\\\/radioljubuski.ba\\\/index.php\\\/2022\\\/09\\\/21\\\/hnk-mostar-slavi-28-obljetnicu\\\/\"]}]},{\"@type\":\"ImageObject\",\"inLanguage\":\"hr\",\"@id\":\"https:\\\/\\\/radioljubuski.ba\\\/index.php\\\/2022\\\/09\\\/21\\\/hnk-mostar-slavi-28-obljetnicu\\\/#primaryimage\",\"url\":\"https:\\\/\\\/radioljubuski.ba\\\/wp-content\\\/uploads\\\/2022\\\/04\\\/8-2022-04-19-12-49-22-hnk-mostar-procelje-um-2.jpg\",\"contentUrl\":\"https:\\\/\\\/radioljubuski.ba\\\/wp-content\\\/uploads\\\/2022\\\/04\\\/8-2022-04-19-12-49-22-hnk-mostar-procelje-um-2.jpg\",\"width\":1000,\"height\":625},{\"@type\":\"BreadcrumbList\",\"@id\":\"https:\\\/\\\/radioljubuski.ba\\\/index.php\\\/2022\\\/09\\\/21\\\/hnk-mostar-slavi-28-obljetnicu\\\/#breadcrumb\",\"itemListElement\":[{\"@type\":\"ListItem\",\"position\":1,\"name\":\"Po\u010detna stranica\",\"item\":\"https:\\\/\\\/radioljubuski.ba\\\/\"},{\"@type\":\"ListItem\",\"position\":2,\"name\":\"HNK Mostar slavi 28. obljetnicu\"}]},{\"@type\":\"WebSite\",\"@id\":\"https:\\\/\\\/radioljubuski.ba\\\/#website\",\"url\":\"https:\\\/\\\/radioljubuski.ba\\\/\",\"name\":\"Radio Ljubu\u0161ki\",\"description\":\"Sun\u010dana frekvencija Hercegovine\",\"publisher\":{\"@id\":\"https:\\\/\\\/radioljubuski.ba\\\/#organization\"},\"potentialAction\":[{\"@type\":\"SearchAction\",\"target\":{\"@type\":\"EntryPoint\",\"urlTemplate\":\"https:\\\/\\\/radioljubuski.ba\\\/?s={search_term_string}\"},\"query-input\":{\"@type\":\"PropertyValueSpecification\",\"valueRequired\":true,\"valueName\":\"search_term_string\"}}],\"inLanguage\":\"hr\"},{\"@type\":\"Organization\",\"@id\":\"https:\\\/\\\/radioljubuski.ba\\\/#organization\",\"name\":\"Radio Ljubu\u0161ki\",\"url\":\"https:\\\/\\\/radioljubuski.ba\\\/\",\"logo\":{\"@type\":\"ImageObject\",\"inLanguage\":\"hr\",\"@id\":\"https:\\\/\\\/radioljubuski.ba\\\/#\\\/schema\\\/logo\\\/image\\\/\",\"url\":\"https:\\\/\\\/radioljubuski.ba\\\/wp-content\\\/uploads\\\/2021\\\/02\\\/cropped-Radio_Ljubuski_logo1.jpg\",\"contentUrl\":\"https:\\\/\\\/radioljubuski.ba\\\/wp-content\\\/uploads\\\/2021\\\/02\\\/cropped-Radio_Ljubuski_logo1.jpg\",\"width\":512,\"height\":512,\"caption\":\"Radio Ljubu\u0161ki\"},\"image\":{\"@id\":\"https:\\\/\\\/radioljubuski.ba\\\/#\\\/schema\\\/logo\\\/image\\\/\"},\"sameAs\":[\"https:\\\/\\\/www.facebook.com\\\/Radiio-Ljubuski-1490835324566332\",\"https:\\\/\\\/x.com\\\/radioljubuski\",\"https:\\\/\\\/hr.linkedin.com\\\/company\\\/radio-ljubuski\",\"https:\\\/\\\/www.youtube.com\\\/channel\\\/UCHYaeO_n0Db3tjNGudGpXyw\"]},{\"@type\":\"Person\",\"@id\":\"https:\\\/\\\/radioljubuski.ba\\\/#\\\/schema\\\/person\\\/19fc700381a780f69665d7956c469e3b\",\"name\":\"Radio Ljubu\u0161ki\"}]}<\/script>\n<!-- \/ Yoast SEO plugin. -->","yoast_head_json":{"title":"HNK Mostar slavi 28. obljetnicu - RADIO LJUBU\u0160KI","robots":{"index":"index","follow":"follow","max-snippet":"max-snippet:-1","max-image-preview":"max-image-preview:large","max-video-preview":"max-video-preview:-1"},"canonical":"https:\/\/radioljubuski.ba\/index.php\/2022\/09\/21\/hnk-mostar-slavi-28-obljetnicu\/","og_locale":"hr_HR","og_type":"article","og_title":"HNK Mostar slavi 28. obljetnicu - RADIO LJUBU\u0160KI","og_description":"U \u010detvrtak, 22. rujna Hrvatsko narodno kazali\u0161te u Mostaru obilje\u017eava 28 godina od svog osnutka. Tom prigodom bit \u0107e izvedena predstava \u201eAn\u0111eo uni\u0161tenja\u201c s po\u010detkom u 20 sati, a ulazak je slobodan. Ova kazali\u0161na ku\u0107a&nbsp;utemeljena je 22. rujna 1994. godine, kao prvo profesionalno kazali\u0161te hrvatskog naroda u BiH. Prve premijere pod nazivom Narodno kazali\u0161te Mostar [&hellip;]","og_url":"https:\/\/radioljubuski.ba\/index.php\/2022\/09\/21\/hnk-mostar-slavi-28-obljetnicu\/","og_site_name":"RADIO LJUBU\u0160KI","article_publisher":"https:\/\/www.facebook.com\/Radiio-Ljubuski-1490835324566332","article_published_time":"2022-09-21T07:23:04+00:00","article_modified_time":"2022-09-21T07:23:06+00:00","og_image":[{"width":1000,"height":625,"url":"https:\/\/radioljubuski.ba\/wp-content\/uploads\/2022\/04\/8-2022-04-19-12-49-22-hnk-mostar-procelje-um-2.jpg","type":"image\/jpeg"}],"author":"Radio Ljubu\u0161ki","twitter_card":"summary_large_image","twitter_creator":"@radioljubuski","twitter_site":"@radioljubuski","twitter_misc":{"Napisao\/la":"Radio Ljubu\u0161ki","Procijenjeno vrijeme \u010ditanja":"2 minute"},"schema":{"@context":"https:\/\/schema.org","@graph":[{"@type":"Article","@id":"https:\/\/radioljubuski.ba\/index.php\/2022\/09\/21\/hnk-mostar-slavi-28-obljetnicu\/#article","isPartOf":{"@id":"https:\/\/radioljubuski.ba\/index.php\/2022\/09\/21\/hnk-mostar-slavi-28-obljetnicu\/"},"author":{"name":"Radio Ljubu\u0161ki","@id":"https:\/\/radioljubuski.ba\/#\/schema\/person\/19fc700381a780f69665d7956c469e3b"},"headline":"HNK Mostar slavi 28. obljetnicu","datePublished":"2022-09-21T07:23:04+00:00","dateModified":"2022-09-21T07:23:06+00:00","mainEntityOfPage":{"@id":"https:\/\/radioljubuski.ba\/index.php\/2022\/09\/21\/hnk-mostar-slavi-28-obljetnicu\/"},"wordCount":400,"publisher":{"@id":"https:\/\/radioljubuski.ba\/#organization"},"image":{"@id":"https:\/\/radioljubuski.ba\/index.php\/2022\/09\/21\/hnk-mostar-slavi-28-obljetnicu\/#primaryimage"},"thumbnailUrl":"https:\/\/radioljubuski.ba\/wp-content\/uploads\/2022\/04\/8-2022-04-19-12-49-22-hnk-mostar-procelje-um-2.jpg","articleSection":["BIH i regija"],"inLanguage":"hr"},{"@type":"WebPage","@id":"https:\/\/radioljubuski.ba\/index.php\/2022\/09\/21\/hnk-mostar-slavi-28-obljetnicu\/","url":"https:\/\/radioljubuski.ba\/index.php\/2022\/09\/21\/hnk-mostar-slavi-28-obljetnicu\/","name":"HNK Mostar slavi 28. obljetnicu - RADIO LJUBU\u0160KI","isPartOf":{"@id":"https:\/\/radioljubuski.ba\/#website"},"primaryImageOfPage":{"@id":"https:\/\/radioljubuski.ba\/index.php\/2022\/09\/21\/hnk-mostar-slavi-28-obljetnicu\/#primaryimage"},"image":{"@id":"https:\/\/radioljubuski.ba\/index.php\/2022\/09\/21\/hnk-mostar-slavi-28-obljetnicu\/#primaryimage"},"thumbnailUrl":"https:\/\/radioljubuski.ba\/wp-content\/uploads\/2022\/04\/8-2022-04-19-12-49-22-hnk-mostar-procelje-um-2.jpg","datePublished":"2022-09-21T07:23:04+00:00","dateModified":"2022-09-21T07:23:06+00:00","breadcrumb":{"@id":"https:\/\/radioljubuski.ba\/index.php\/2022\/09\/21\/hnk-mostar-slavi-28-obljetnicu\/#breadcrumb"},"inLanguage":"hr","potentialAction":[{"@type":"ReadAction","target":["https:\/\/radioljubuski.ba\/index.php\/2022\/09\/21\/hnk-mostar-slavi-28-obljetnicu\/"]}]},{"@type":"ImageObject","inLanguage":"hr","@id":"https:\/\/radioljubuski.ba\/index.php\/2022\/09\/21\/hnk-mostar-slavi-28-obljetnicu\/#primaryimage","url":"https:\/\/radioljubuski.ba\/wp-content\/uploads\/2022\/04\/8-2022-04-19-12-49-22-hnk-mostar-procelje-um-2.jpg","contentUrl":"https:\/\/radioljubuski.ba\/wp-content\/uploads\/2022\/04\/8-2022-04-19-12-49-22-hnk-mostar-procelje-um-2.jpg","width":1000,"height":625},{"@type":"BreadcrumbList","@id":"https:\/\/radioljubuski.ba\/index.php\/2022\/09\/21\/hnk-mostar-slavi-28-obljetnicu\/#breadcrumb","itemListElement":[{"@type":"ListItem","position":1,"name":"Po\u010detna stranica","item":"https:\/\/radioljubuski.ba\/"},{"@type":"ListItem","position":2,"name":"HNK Mostar slavi 28. obljetnicu"}]},{"@type":"WebSite","@id":"https:\/\/radioljubuski.ba\/#website","url":"https:\/\/radioljubuski.ba\/","name":"Radio Ljubu\u0161ki","description":"Sun\u010dana frekvencija Hercegovine","publisher":{"@id":"https:\/\/radioljubuski.ba\/#organization"},"potentialAction":[{"@type":"SearchAction","target":{"@type":"EntryPoint","urlTemplate":"https:\/\/radioljubuski.ba\/?s={search_term_string}"},"query-input":{"@type":"PropertyValueSpecification","valueRequired":true,"valueName":"search_term_string"}}],"inLanguage":"hr"},{"@type":"Organization","@id":"https:\/\/radioljubuski.ba\/#organization","name":"Radio Ljubu\u0161ki","url":"https:\/\/radioljubuski.ba\/","logo":{"@type":"ImageObject","inLanguage":"hr","@id":"https:\/\/radioljubuski.ba\/#\/schema\/logo\/image\/","url":"https:\/\/radioljubuski.ba\/wp-content\/uploads\/2021\/02\/cropped-Radio_Ljubuski_logo1.jpg","contentUrl":"https:\/\/radioljubuski.ba\/wp-content\/uploads\/2021\/02\/cropped-Radio_Ljubuski_logo1.jpg","width":512,"height":512,"caption":"Radio Ljubu\u0161ki"},"image":{"@id":"https:\/\/radioljubuski.ba\/#\/schema\/logo\/image\/"},"sameAs":["https:\/\/www.facebook.com\/Radiio-Ljubuski-1490835324566332","https:\/\/x.com\/radioljubuski","https:\/\/hr.linkedin.com\/company\/radio-ljubuski","https:\/\/www.youtube.com\/channel\/UCHYaeO_n0Db3tjNGudGpXyw"]},{"@type":"Person","@id":"https:\/\/radioljubuski.ba\/#\/schema\/person\/19fc700381a780f69665d7956c469e3b","name":"Radio Ljubu\u0161ki"}]}},"_links":{"self":[{"href":"https:\/\/radioljubuski.ba\/index.php\/wp-json\/wp\/v2\/posts\/182520","targetHints":{"allow":["GET"]}}],"collection":[{"href":"https:\/\/radioljubuski.ba\/index.php\/wp-json\/wp\/v2\/posts"}],"about":[{"href":"https:\/\/radioljubuski.ba\/index.php\/wp-json\/wp\/v2\/types\/post"}],"author":[{"embeddable":true,"href":"https:\/\/radioljubuski.ba\/index.php\/wp-json\/wp\/v2\/users\/2"}],"replies":[{"embeddable":true,"href":"https:\/\/radioljubuski.ba\/index.php\/wp-json\/wp\/v2\/comments?post=182520"}],"version-history":[{"count":1,"href":"https:\/\/radioljubuski.ba\/index.php\/wp-json\/wp\/v2\/posts\/182520\/revisions"}],"predecessor-version":[{"id":182521,"href":"https:\/\/radioljubuski.ba\/index.php\/wp-json\/wp\/v2\/posts\/182520\/revisions\/182521"}],"wp:featuredmedia":[{"embeddable":true,"href":"https:\/\/radioljubuski.ba\/index.php\/wp-json\/wp\/v2\/media\/134152"}],"wp:attachment":[{"href":"https:\/\/radioljubuski.ba\/index.php\/wp-json\/wp\/v2\/media?parent=182520"}],"wp:term":[{"taxonomy":"category","embeddable":true,"href":"https:\/\/radioljubuski.ba\/index.php\/wp-json\/wp\/v2\/categories?post=182520"},{"taxonomy":"post_tag","embeddable":true,"href":"https:\/\/radioljubuski.ba\/index.php\/wp-json\/wp\/v2\/tags?post=182520"}],"curies":[{"name":"wp","href":"https:\/\/api.w.org\/{rel}","templated":true}]}}