{"id":182526,"date":"2022-09-21T08:36:30","date_gmt":"2022-09-21T07:36:30","guid":{"rendered":"https:\/\/radioljubuski.ba\/?p=182526"},"modified":"2022-09-21T08:36:31","modified_gmt":"2022-09-21T07:36:31","slug":"tz-ljubuski-na-konferenciji-vinskih-ruta-u-pijemontu","status":"publish","type":"post","link":"https:\/\/radioljubuski.ba\/index.php\/2022\/09\/21\/tz-ljubuski-na-konferenciji-vinskih-ruta-u-pijemontu\/","title":{"rendered":"TZ Ljubu\u0161ki na konferenciji vinskih ruta u Pijemontu"},"content":{"rendered":"\n<p>Na prvoj me\u0111unarodnoj konferenciji vinskih cesta u gradi\u0107u Alba u Pijemontu, regiji poznatoj po vrhunskim vinima i gastronomiji, na\u0161li su se i predstavnici Ljubu\u0161kog, gdje na\u0161i vinari u posljednje vrijeme sve vi\u0161e dobivaju na prepoznatljivosti \u0161to mo\u017ee biti poticaj za razvoj vinskog turizma u Hercegovini.  <\/p>\n\n\n\n<p>Tako je u Pijemont i\u0161ao i direktor Turisti\u010dke zajednice Ljubu\u0161kog Mladen Bebek. <\/p>\n\n\n\n<p>Ina\u010de, Savez talijanskih puteva vina, ulja i aroma u saradnji s Iter Vitisom organizovao je ovog tjedna prvu me\u0111unarodnu konferenciju vinskih cesta u gradi\u0107u Alba u Pijemontu. U sredi\u0161tu pa\u017enje se na\u0161la i Vinska cesta Hercegovine, koja je nedavno primljena u europsku obitelj vinskih ruta.<\/p>\n\n\n\n<p>Predstavnici iz BiH u Italiju su do\u0161li uz podr\u0161ku projekta USAID Turizam.<\/p>\n\n\n\n<p>Iter Vitis \u0107e svojim partnerima, kako je rekla njegova predsjednica Emanuela Panke, ponuditi vidljivost vinskih teritorija na me\u0111unarodnim tr\u017ei\u0161tima i podr\u017eati vinske ceste u pronala\u017eenju partnera za projekte suradnje.<\/p>\n\n\n\n<p>\u2013 Tako\u0111er, va\u017eno je napraviti zajedni\u010dki front za aktivnosti zagovaranja, pokazuju\u0107i kako vinske ceste moraju postati sugovornici da bi bili integrirani u faze planiranja i implementacije programa ruralnog razvoja \u2013 istakla je Panke koja je po\u010detkom ovog mjeseca sudjelovala i u promociji Vinske ceste Hercegovine u BiH.<\/p>\n\n\n\n<p>Protekle dvije godine donijele su velike pomake u vinskom turizmu, s transformacijama u putnoj logistici, do\u017eivljaja vina i pona\u0161anju potro\u0161a\u010da. <\/p>\n\n\n\n<p>U prvi plan su do\u0161li mnogi izazovi i prilike u vezi digitalizacije, odr\u017eivosti i me\u0111unarodne saradnje, re\u010deno je Feni iz projekta USAID Turizam.<\/p>\n\n\n\n<p>Predsjednik Saveza talijanskih puteva vina, ulja i aroma Paolo Morbidoni je rekao da nikada, kao danas, suradnja lokalne zajednice i kompanija nije predstavljala va\u017eniju stvar i dodatnu vrijednost u izgradnji turisti\u010dkog proizvoda.<\/p>\n\n\n\n<p>\u2013 To jo\u0161 vi\u0161e va\u017ei za proizvode kao \u0161to su vino, ulje i mnoga druga izvrsna hrana, \u010dija proizvodnja i sve aktivnosti vezane za ugostiteljstvo na odlu\u010duju\u0107i na\u010din doprinose odr\u017eavanju vitalnih i produktivnih ruralnih podru\u010dja. Zapo\u010deti dijalog s UNWTO ide u tom pravcu, kao i \u017eelja za dijalogom s brojnim vinskim putevima svijeta, s ciljem razmjene iskustava, dobrih praksi i radom na zajedni\u010dkim projektima \u2013 napomenuo je Morbidoni.<\/p>\n\n\n\n<p>Sastanak o budu\u0107nosti vinskih puteva u perspektivi me\u0111unarodnog vinskog turizma, odr\u017eava se pod pokroviteljstvom ENIT \u2013 Nacionalne turisti\u010dke agencije, regije Pijemont, od Turisti\u010dke zajednice Langhe Monferrato Roero i Saveza puteva vina i okusa Pijemonta, a u okviru kojeg je promovirana i Vinska cesta Hercegovine u segmentu predstavljanja primjera dobre prakse iz svijeta.<\/p>\n\n\n\n<p>\u2013 Uz podr\u0161ku USAID projekta Turizam i Vanjskotrgovinske komore BiH imamo priliku predstavljati potencijale vinskog turizma na\u0161e zemlje u zemlji i pokrajini koja predstavlja \u201cdom\u201d vinskog turizma. Ponosni smo na \u010dinjenicu da imamo vinare iz na\u0161e zemlje, da smo zaokru\u017eili cijelu pri\u010du s svim akterima u zajednici i da smo napravili okvir koji je o\u017eivio Vinsku cestu Hercegovine, stavio je na svjetsku mapu i u\u010dinio je va\u017enim proizvodom za na\u0161u turisti\u010dku ponudu. Ovdje smo prepoznati od predstavnika institucija, saveza i grupacija iz cijelog svijeta, Svi sa zanimanjem \u017eele saznati vi\u0161e o onome \u0161to smo napravili i \u0161ta nam je budu\u0107nost. Vinski turizam je vrijedan 2,5 milijarde eura, te nosi velike \u0161anse za zajednice koje Vinska cesta pokriva \u2013 poru\u010dila je Ognjenka Lalovi\u0107 iz Vanjskotrgovinske komore BiH.<\/p>\n\n\n\n<p>Predstavljanje Vinske ceste Hercegovine nastavlja se narednih dana sa nastavkom posjeta vinarima u Italiji, te sudjelovanjem na doga\u0111ajima i konferencijama koje u ovom tjednu okupljaju elitu vinskog turizma u Pijemontu.<\/p>\n\n\n\n<p>Vinska cesta Hercegovine, kulturna ruta koja obuhva\u0107a vi\u0161evjekovnu tradiciju proizvodnje vina u regiji Hercegovine, primljena je po\u010detkom ovog mjeseca u u kulturnu rutu Vije\u0107a Europe \u201cIter Vitis\u201d.<\/p>\n","protected":false},"excerpt":{"rendered":"<p>Na prvoj me\u0111unarodnoj konferenciji vinskih cesta u gradi\u0107u Alba u Pijemontu, regiji poznatoj po vrhunskim vinima i gastronomiji, na\u0161li su se i predstavnici Ljubu\u0161kog, gdje na\u0161i vinari u posljednje vrijeme sve vi\u0161e dobivaju na prepoznatljivosti \u0161to mo\u017ee biti poticaj za razvoj vinskog turizma u Hercegovini. Tako je u Pijemont i\u0161ao i direktor Turisti\u010dke zajednice Ljubu\u0161kog [&hellip;]<\/p>\n","protected":false},"author":2,"featured_media":182527,"comment_status":"closed","ping_status":"closed","sticky":false,"template":"","format":"standard","meta":{"h5ap_radio_sources":[],"footnotes":""},"categories":[3],"tags":[],"class_list":["post-182526","post","type-post","status-publish","format-standard","has-post-thumbnail","hentry","category-ljubuski"],"yoast_head":"<!-- This site is optimized with the Yoast SEO plugin v27.4 - https:\/\/yoast.com\/product\/yoast-seo-wordpress\/ -->\n<title>TZ Ljubu\u0161ki na konferenciji vinskih ruta u Pijemontu - RADIO LJUBU\u0160KI<\/title>\n<meta name=\"robots\" content=\"index, follow, max-snippet:-1, max-image-preview:large, max-video-preview:-1\" \/>\n<link rel=\"canonical\" href=\"https:\/\/radioljubuski.ba\/index.php\/2022\/09\/21\/tz-ljubuski-na-konferenciji-vinskih-ruta-u-pijemontu\/\" \/>\n<meta property=\"og:locale\" content=\"hr_HR\" \/>\n<meta property=\"og:type\" content=\"article\" \/>\n<meta property=\"og:title\" content=\"TZ Ljubu\u0161ki na konferenciji vinskih ruta u Pijemontu - RADIO LJUBU\u0160KI\" \/>\n<meta property=\"og:description\" content=\"Na prvoj me\u0111unarodnoj konferenciji vinskih cesta u gradi\u0107u Alba u Pijemontu, regiji poznatoj po vrhunskim vinima i gastronomiji, na\u0161li su se i predstavnici Ljubu\u0161kog, gdje na\u0161i vinari u posljednje vrijeme sve vi\u0161e dobivaju na prepoznatljivosti \u0161to mo\u017ee biti poticaj za razvoj vinskog turizma u Hercegovini. Tako je u Pijemont i\u0161ao i direktor Turisti\u010dke zajednice Ljubu\u0161kog [&hellip;]\" \/>\n<meta property=\"og:url\" content=\"https:\/\/radioljubuski.ba\/index.php\/2022\/09\/21\/tz-ljubuski-na-konferenciji-vinskih-ruta-u-pijemontu\/\" \/>\n<meta property=\"og:site_name\" content=\"RADIO LJUBU\u0160KI\" \/>\n<meta property=\"article:publisher\" content=\"https:\/\/www.facebook.com\/Radiio-Ljubuski-1490835324566332\" \/>\n<meta property=\"article:published_time\" content=\"2022-09-21T07:36:30+00:00\" \/>\n<meta property=\"article:modified_time\" content=\"2022-09-21T07:36:31+00:00\" \/>\n<meta property=\"og:image\" content=\"https:\/\/radioljubuski.ba\/wp-content\/uploads\/2022\/09\/pijemont.jpg\" \/>\n\t<meta property=\"og:image:width\" content=\"600\" \/>\n\t<meta property=\"og:image:height\" content=\"400\" \/>\n\t<meta property=\"og:image:type\" content=\"image\/jpeg\" \/>\n<meta name=\"author\" content=\"Radio Ljubu\u0161ki\" \/>\n<meta name=\"twitter:card\" content=\"summary_large_image\" \/>\n<meta name=\"twitter:creator\" content=\"@radioljubuski\" \/>\n<meta name=\"twitter:site\" content=\"@radioljubuski\" \/>\n<meta name=\"twitter:label1\" content=\"Napisao\/la\" \/>\n\t<meta name=\"twitter:data1\" content=\"Radio Ljubu\u0161ki\" \/>\n\t<meta name=\"twitter:label2\" content=\"Procijenjeno vrijeme \u010ditanja\" \/>\n\t<meta name=\"twitter:data2\" content=\"3 minute\" \/>\n<script type=\"application\/ld+json\" class=\"yoast-schema-graph\">{\"@context\":\"https:\\\/\\\/schema.org\",\"@graph\":[{\"@type\":\"Article\",\"@id\":\"https:\\\/\\\/radioljubuski.ba\\\/index.php\\\/2022\\\/09\\\/21\\\/tz-ljubuski-na-konferenciji-vinskih-ruta-u-pijemontu\\\/#article\",\"isPartOf\":{\"@id\":\"https:\\\/\\\/radioljubuski.ba\\\/index.php\\\/2022\\\/09\\\/21\\\/tz-ljubuski-na-konferenciji-vinskih-ruta-u-pijemontu\\\/\"},\"author\":{\"name\":\"Radio Ljubu\u0161ki\",\"@id\":\"https:\\\/\\\/radioljubuski.ba\\\/#\\\/schema\\\/person\\\/19fc700381a780f69665d7956c469e3b\"},\"headline\":\"TZ Ljubu\u0161ki na konferenciji vinskih ruta u Pijemontu\",\"datePublished\":\"2022-09-21T07:36:30+00:00\",\"dateModified\":\"2022-09-21T07:36:31+00:00\",\"mainEntityOfPage\":{\"@id\":\"https:\\\/\\\/radioljubuski.ba\\\/index.php\\\/2022\\\/09\\\/21\\\/tz-ljubuski-na-konferenciji-vinskih-ruta-u-pijemontu\\\/\"},\"wordCount\":639,\"publisher\":{\"@id\":\"https:\\\/\\\/radioljubuski.ba\\\/#organization\"},\"image\":{\"@id\":\"https:\\\/\\\/radioljubuski.ba\\\/index.php\\\/2022\\\/09\\\/21\\\/tz-ljubuski-na-konferenciji-vinskih-ruta-u-pijemontu\\\/#primaryimage\"},\"thumbnailUrl\":\"https:\\\/\\\/radioljubuski.ba\\\/wp-content\\\/uploads\\\/2022\\\/09\\\/pijemont.jpg\",\"articleSection\":[\"Ljubu\u0161ki\"],\"inLanguage\":\"hr\"},{\"@type\":\"WebPage\",\"@id\":\"https:\\\/\\\/radioljubuski.ba\\\/index.php\\\/2022\\\/09\\\/21\\\/tz-ljubuski-na-konferenciji-vinskih-ruta-u-pijemontu\\\/\",\"url\":\"https:\\\/\\\/radioljubuski.ba\\\/index.php\\\/2022\\\/09\\\/21\\\/tz-ljubuski-na-konferenciji-vinskih-ruta-u-pijemontu\\\/\",\"name\":\"TZ Ljubu\u0161ki na konferenciji vinskih ruta u Pijemontu - RADIO LJUBU\u0160KI\",\"isPartOf\":{\"@id\":\"https:\\\/\\\/radioljubuski.ba\\\/#website\"},\"primaryImageOfPage\":{\"@id\":\"https:\\\/\\\/radioljubuski.ba\\\/index.php\\\/2022\\\/09\\\/21\\\/tz-ljubuski-na-konferenciji-vinskih-ruta-u-pijemontu\\\/#primaryimage\"},\"image\":{\"@id\":\"https:\\\/\\\/radioljubuski.ba\\\/index.php\\\/2022\\\/09\\\/21\\\/tz-ljubuski-na-konferenciji-vinskih-ruta-u-pijemontu\\\/#primaryimage\"},\"thumbnailUrl\":\"https:\\\/\\\/radioljubuski.ba\\\/wp-content\\\/uploads\\\/2022\\\/09\\\/pijemont.jpg\",\"datePublished\":\"2022-09-21T07:36:30+00:00\",\"dateModified\":\"2022-09-21T07:36:31+00:00\",\"breadcrumb\":{\"@id\":\"https:\\\/\\\/radioljubuski.ba\\\/index.php\\\/2022\\\/09\\\/21\\\/tz-ljubuski-na-konferenciji-vinskih-ruta-u-pijemontu\\\/#breadcrumb\"},\"inLanguage\":\"hr\",\"potentialAction\":[{\"@type\":\"ReadAction\",\"target\":[\"https:\\\/\\\/radioljubuski.ba\\\/index.php\\\/2022\\\/09\\\/21\\\/tz-ljubuski-na-konferenciji-vinskih-ruta-u-pijemontu\\\/\"]}]},{\"@type\":\"ImageObject\",\"inLanguage\":\"hr\",\"@id\":\"https:\\\/\\\/radioljubuski.ba\\\/index.php\\\/2022\\\/09\\\/21\\\/tz-ljubuski-na-konferenciji-vinskih-ruta-u-pijemontu\\\/#primaryimage\",\"url\":\"https:\\\/\\\/radioljubuski.ba\\\/wp-content\\\/uploads\\\/2022\\\/09\\\/pijemont.jpg\",\"contentUrl\":\"https:\\\/\\\/radioljubuski.ba\\\/wp-content\\\/uploads\\\/2022\\\/09\\\/pijemont.jpg\",\"width\":600,\"height\":400},{\"@type\":\"BreadcrumbList\",\"@id\":\"https:\\\/\\\/radioljubuski.ba\\\/index.php\\\/2022\\\/09\\\/21\\\/tz-ljubuski-na-konferenciji-vinskih-ruta-u-pijemontu\\\/#breadcrumb\",\"itemListElement\":[{\"@type\":\"ListItem\",\"position\":1,\"name\":\"Po\u010detna stranica\",\"item\":\"https:\\\/\\\/radioljubuski.ba\\\/\"},{\"@type\":\"ListItem\",\"position\":2,\"name\":\"TZ Ljubu\u0161ki na konferenciji vinskih ruta u Pijemontu\"}]},{\"@type\":\"WebSite\",\"@id\":\"https:\\\/\\\/radioljubuski.ba\\\/#website\",\"url\":\"https:\\\/\\\/radioljubuski.ba\\\/\",\"name\":\"Radio Ljubu\u0161ki\",\"description\":\"Sun\u010dana frekvencija Hercegovine\",\"publisher\":{\"@id\":\"https:\\\/\\\/radioljubuski.ba\\\/#organization\"},\"potentialAction\":[{\"@type\":\"SearchAction\",\"target\":{\"@type\":\"EntryPoint\",\"urlTemplate\":\"https:\\\/\\\/radioljubuski.ba\\\/?s={search_term_string}\"},\"query-input\":{\"@type\":\"PropertyValueSpecification\",\"valueRequired\":true,\"valueName\":\"search_term_string\"}}],\"inLanguage\":\"hr\"},{\"@type\":\"Organization\",\"@id\":\"https:\\\/\\\/radioljubuski.ba\\\/#organization\",\"name\":\"Radio Ljubu\u0161ki\",\"url\":\"https:\\\/\\\/radioljubuski.ba\\\/\",\"logo\":{\"@type\":\"ImageObject\",\"inLanguage\":\"hr\",\"@id\":\"https:\\\/\\\/radioljubuski.ba\\\/#\\\/schema\\\/logo\\\/image\\\/\",\"url\":\"https:\\\/\\\/radioljubuski.ba\\\/wp-content\\\/uploads\\\/2021\\\/02\\\/cropped-Radio_Ljubuski_logo1.jpg\",\"contentUrl\":\"https:\\\/\\\/radioljubuski.ba\\\/wp-content\\\/uploads\\\/2021\\\/02\\\/cropped-Radio_Ljubuski_logo1.jpg\",\"width\":512,\"height\":512,\"caption\":\"Radio Ljubu\u0161ki\"},\"image\":{\"@id\":\"https:\\\/\\\/radioljubuski.ba\\\/#\\\/schema\\\/logo\\\/image\\\/\"},\"sameAs\":[\"https:\\\/\\\/www.facebook.com\\\/Radiio-Ljubuski-1490835324566332\",\"https:\\\/\\\/x.com\\\/radioljubuski\",\"https:\\\/\\\/hr.linkedin.com\\\/company\\\/radio-ljubuski\",\"https:\\\/\\\/www.youtube.com\\\/channel\\\/UCHYaeO_n0Db3tjNGudGpXyw\"]},{\"@type\":\"Person\",\"@id\":\"https:\\\/\\\/radioljubuski.ba\\\/#\\\/schema\\\/person\\\/19fc700381a780f69665d7956c469e3b\",\"name\":\"Radio Ljubu\u0161ki\"}]}<\/script>\n<!-- \/ Yoast SEO plugin. -->","yoast_head_json":{"title":"TZ Ljubu\u0161ki na konferenciji vinskih ruta u Pijemontu - RADIO LJUBU\u0160KI","robots":{"index":"index","follow":"follow","max-snippet":"max-snippet:-1","max-image-preview":"max-image-preview:large","max-video-preview":"max-video-preview:-1"},"canonical":"https:\/\/radioljubuski.ba\/index.php\/2022\/09\/21\/tz-ljubuski-na-konferenciji-vinskih-ruta-u-pijemontu\/","og_locale":"hr_HR","og_type":"article","og_title":"TZ Ljubu\u0161ki na konferenciji vinskih ruta u Pijemontu - RADIO LJUBU\u0160KI","og_description":"Na prvoj me\u0111unarodnoj konferenciji vinskih cesta u gradi\u0107u Alba u Pijemontu, regiji poznatoj po vrhunskim vinima i gastronomiji, na\u0161li su se i predstavnici Ljubu\u0161kog, gdje na\u0161i vinari u posljednje vrijeme sve vi\u0161e dobivaju na prepoznatljivosti \u0161to mo\u017ee biti poticaj za razvoj vinskog turizma u Hercegovini. Tako je u Pijemont i\u0161ao i direktor Turisti\u010dke zajednice Ljubu\u0161kog [&hellip;]","og_url":"https:\/\/radioljubuski.ba\/index.php\/2022\/09\/21\/tz-ljubuski-na-konferenciji-vinskih-ruta-u-pijemontu\/","og_site_name":"RADIO LJUBU\u0160KI","article_publisher":"https:\/\/www.facebook.com\/Radiio-Ljubuski-1490835324566332","article_published_time":"2022-09-21T07:36:30+00:00","article_modified_time":"2022-09-21T07:36:31+00:00","og_image":[{"width":600,"height":400,"url":"https:\/\/radioljubuski.ba\/wp-content\/uploads\/2022\/09\/pijemont.jpg","type":"image\/jpeg"}],"author":"Radio Ljubu\u0161ki","twitter_card":"summary_large_image","twitter_creator":"@radioljubuski","twitter_site":"@radioljubuski","twitter_misc":{"Napisao\/la":"Radio Ljubu\u0161ki","Procijenjeno vrijeme \u010ditanja":"3 minute"},"schema":{"@context":"https:\/\/schema.org","@graph":[{"@type":"Article","@id":"https:\/\/radioljubuski.ba\/index.php\/2022\/09\/21\/tz-ljubuski-na-konferenciji-vinskih-ruta-u-pijemontu\/#article","isPartOf":{"@id":"https:\/\/radioljubuski.ba\/index.php\/2022\/09\/21\/tz-ljubuski-na-konferenciji-vinskih-ruta-u-pijemontu\/"},"author":{"name":"Radio Ljubu\u0161ki","@id":"https:\/\/radioljubuski.ba\/#\/schema\/person\/19fc700381a780f69665d7956c469e3b"},"headline":"TZ Ljubu\u0161ki na konferenciji vinskih ruta u Pijemontu","datePublished":"2022-09-21T07:36:30+00:00","dateModified":"2022-09-21T07:36:31+00:00","mainEntityOfPage":{"@id":"https:\/\/radioljubuski.ba\/index.php\/2022\/09\/21\/tz-ljubuski-na-konferenciji-vinskih-ruta-u-pijemontu\/"},"wordCount":639,"publisher":{"@id":"https:\/\/radioljubuski.ba\/#organization"},"image":{"@id":"https:\/\/radioljubuski.ba\/index.php\/2022\/09\/21\/tz-ljubuski-na-konferenciji-vinskih-ruta-u-pijemontu\/#primaryimage"},"thumbnailUrl":"https:\/\/radioljubuski.ba\/wp-content\/uploads\/2022\/09\/pijemont.jpg","articleSection":["Ljubu\u0161ki"],"inLanguage":"hr"},{"@type":"WebPage","@id":"https:\/\/radioljubuski.ba\/index.php\/2022\/09\/21\/tz-ljubuski-na-konferenciji-vinskih-ruta-u-pijemontu\/","url":"https:\/\/radioljubuski.ba\/index.php\/2022\/09\/21\/tz-ljubuski-na-konferenciji-vinskih-ruta-u-pijemontu\/","name":"TZ Ljubu\u0161ki na konferenciji vinskih ruta u Pijemontu - RADIO LJUBU\u0160KI","isPartOf":{"@id":"https:\/\/radioljubuski.ba\/#website"},"primaryImageOfPage":{"@id":"https:\/\/radioljubuski.ba\/index.php\/2022\/09\/21\/tz-ljubuski-na-konferenciji-vinskih-ruta-u-pijemontu\/#primaryimage"},"image":{"@id":"https:\/\/radioljubuski.ba\/index.php\/2022\/09\/21\/tz-ljubuski-na-konferenciji-vinskih-ruta-u-pijemontu\/#primaryimage"},"thumbnailUrl":"https:\/\/radioljubuski.ba\/wp-content\/uploads\/2022\/09\/pijemont.jpg","datePublished":"2022-09-21T07:36:30+00:00","dateModified":"2022-09-21T07:36:31+00:00","breadcrumb":{"@id":"https:\/\/radioljubuski.ba\/index.php\/2022\/09\/21\/tz-ljubuski-na-konferenciji-vinskih-ruta-u-pijemontu\/#breadcrumb"},"inLanguage":"hr","potentialAction":[{"@type":"ReadAction","target":["https:\/\/radioljubuski.ba\/index.php\/2022\/09\/21\/tz-ljubuski-na-konferenciji-vinskih-ruta-u-pijemontu\/"]}]},{"@type":"ImageObject","inLanguage":"hr","@id":"https:\/\/radioljubuski.ba\/index.php\/2022\/09\/21\/tz-ljubuski-na-konferenciji-vinskih-ruta-u-pijemontu\/#primaryimage","url":"https:\/\/radioljubuski.ba\/wp-content\/uploads\/2022\/09\/pijemont.jpg","contentUrl":"https:\/\/radioljubuski.ba\/wp-content\/uploads\/2022\/09\/pijemont.jpg","width":600,"height":400},{"@type":"BreadcrumbList","@id":"https:\/\/radioljubuski.ba\/index.php\/2022\/09\/21\/tz-ljubuski-na-konferenciji-vinskih-ruta-u-pijemontu\/#breadcrumb","itemListElement":[{"@type":"ListItem","position":1,"name":"Po\u010detna stranica","item":"https:\/\/radioljubuski.ba\/"},{"@type":"ListItem","position":2,"name":"TZ Ljubu\u0161ki na konferenciji vinskih ruta u Pijemontu"}]},{"@type":"WebSite","@id":"https:\/\/radioljubuski.ba\/#website","url":"https:\/\/radioljubuski.ba\/","name":"Radio Ljubu\u0161ki","description":"Sun\u010dana frekvencija Hercegovine","publisher":{"@id":"https:\/\/radioljubuski.ba\/#organization"},"potentialAction":[{"@type":"SearchAction","target":{"@type":"EntryPoint","urlTemplate":"https:\/\/radioljubuski.ba\/?s={search_term_string}"},"query-input":{"@type":"PropertyValueSpecification","valueRequired":true,"valueName":"search_term_string"}}],"inLanguage":"hr"},{"@type":"Organization","@id":"https:\/\/radioljubuski.ba\/#organization","name":"Radio Ljubu\u0161ki","url":"https:\/\/radioljubuski.ba\/","logo":{"@type":"ImageObject","inLanguage":"hr","@id":"https:\/\/radioljubuski.ba\/#\/schema\/logo\/image\/","url":"https:\/\/radioljubuski.ba\/wp-content\/uploads\/2021\/02\/cropped-Radio_Ljubuski_logo1.jpg","contentUrl":"https:\/\/radioljubuski.ba\/wp-content\/uploads\/2021\/02\/cropped-Radio_Ljubuski_logo1.jpg","width":512,"height":512,"caption":"Radio Ljubu\u0161ki"},"image":{"@id":"https:\/\/radioljubuski.ba\/#\/schema\/logo\/image\/"},"sameAs":["https:\/\/www.facebook.com\/Radiio-Ljubuski-1490835324566332","https:\/\/x.com\/radioljubuski","https:\/\/hr.linkedin.com\/company\/radio-ljubuski","https:\/\/www.youtube.com\/channel\/UCHYaeO_n0Db3tjNGudGpXyw"]},{"@type":"Person","@id":"https:\/\/radioljubuski.ba\/#\/schema\/person\/19fc700381a780f69665d7956c469e3b","name":"Radio Ljubu\u0161ki"}]}},"_links":{"self":[{"href":"https:\/\/radioljubuski.ba\/index.php\/wp-json\/wp\/v2\/posts\/182526","targetHints":{"allow":["GET"]}}],"collection":[{"href":"https:\/\/radioljubuski.ba\/index.php\/wp-json\/wp\/v2\/posts"}],"about":[{"href":"https:\/\/radioljubuski.ba\/index.php\/wp-json\/wp\/v2\/types\/post"}],"author":[{"embeddable":true,"href":"https:\/\/radioljubuski.ba\/index.php\/wp-json\/wp\/v2\/users\/2"}],"replies":[{"embeddable":true,"href":"https:\/\/radioljubuski.ba\/index.php\/wp-json\/wp\/v2\/comments?post=182526"}],"version-history":[{"count":1,"href":"https:\/\/radioljubuski.ba\/index.php\/wp-json\/wp\/v2\/posts\/182526\/revisions"}],"predecessor-version":[{"id":182529,"href":"https:\/\/radioljubuski.ba\/index.php\/wp-json\/wp\/v2\/posts\/182526\/revisions\/182529"}],"wp:featuredmedia":[{"embeddable":true,"href":"https:\/\/radioljubuski.ba\/index.php\/wp-json\/wp\/v2\/media\/182527"}],"wp:attachment":[{"href":"https:\/\/radioljubuski.ba\/index.php\/wp-json\/wp\/v2\/media?parent=182526"}],"wp:term":[{"taxonomy":"category","embeddable":true,"href":"https:\/\/radioljubuski.ba\/index.php\/wp-json\/wp\/v2\/categories?post=182526"},{"taxonomy":"post_tag","embeddable":true,"href":"https:\/\/radioljubuski.ba\/index.php\/wp-json\/wp\/v2\/tags?post=182526"}],"curies":[{"name":"wp","href":"https:\/\/api.w.org\/{rel}","templated":true}]}}