{"id":182530,"date":"2022-09-21T09:03:35","date_gmt":"2022-09-21T08:03:35","guid":{"rendered":"https:\/\/radioljubuski.ba\/?p=182530"},"modified":"2022-09-21T09:03:37","modified_gmt":"2022-09-21T08:03:37","slug":"zoran-herceg-o-dzigarijadi-pozivamo-sve-ljubitelje-dobre-hrane-da-dodu","status":"publish","type":"post","link":"https:\/\/radioljubuski.ba\/index.php\/2022\/09\/21\/zoran-herceg-o-dzigarijadi-pozivamo-sve-ljubitelje-dobre-hrane-da-dodu\/","title":{"rendered":"Zoran Herceg o D\u017eigarijadi: &#8220;Pozivamo sve ljubitelje dobre hrane da do\u0111u&#8221;"},"content":{"rendered":"\n<p>U Crvenog Grmu se broje dani do po\u010detka druge po redu D\u017eigarijade, me\u0111unarodnog natjecanja u pripremi janje\u0107e i kozle\u0107e d\u017eigarice.<\/p>\n\n\n\n<p>Natjecatelji \u0107e dobiti namirnice za spremanje d\u017eigarice, a planirano je da se oku\u0161aju razni timovi kako bi vidjeli tko zna bolje spremiti d\u017eigaricu.<\/p>\n\n\n\n<p>Prijave zainteresiranih traju do 29. rujna pozivom na brojeve <strong>063-970- 406<\/strong> i <strong>092-247 -9535<\/strong>, a natjecanje \u0107e se odr\u017eati u subotu &#8211; 1. listopada, u pe\u010denjarnici Bingo u Crvenom Grmu.<\/p>\n\n\n\n<p>Bit \u0107e to jedno lijepo dru\u017eenje uz kuhanje i ku\u0161anje jela.  <\/p>\n\n\n\n<p>Zoran Herceg, vlasnik pe\u010denjarnice Bingo i glavni i odgovorni organizator D\u017eigarijade poziva sve ljubitelje dobre hrane da se prijave kao natjecatelji, ili da do\u0111u kao gosti probati razne vrste d\u017eigerice.<\/p>\n\n\n\n<p>\u201eNatjecanje je dobilo ime po d\u017eigarici, to je starinsko jelo. Prvo me\u0111unarodno natjecanje u spremanju d\u017eigarice smo imali 2019. godine, korona nas je sprije\u010dila proteklih par godina, pa tako nastavljamo ove godine. Ove godine imamo drugu po redu D\u017eigarijadu, pozivamo sve koji znaju kuhati i spremati d\u017eigaricu da se prijave na natjecanje. \u00a0Prve godine smo imali 16 ekipa, \u010dak smo imali ekipe koje su do\u0161le iz Poljske, Austrije, Slovenije i Dalmacije. Naravno, bio je tu i velik broj doma\u0107ih ekipa. Bile su tu ekipe na\u0161ih poznatih restorana kao \u0161to su Ohio, ekipa iz \u010citluka \u201eMala ku\u0107a\u201c, ekipa motela Kiwi iz Gruda, bilo je i pojedinaca koji znaju kuhati, a bili su \u017eeljni dobre zabave\u201c, isti\u010de Herceg.<\/p>\n\n\n\n<p>I ove godine\u00a0ocjenjiva\u010dki sud \u010dine poznata imena, d\u017eigerice \u0107e ku\u0161ati i ocjenjivati poznati hrvatski alpinist Stipe Bo\u017ei\u0107, poznati knji\u017eevnik i gastro stru\u010dnjak Veljko Barbieri, te Zvonko Pervan, poznati vrgorski ugostitelj. <\/p>\n\n\n\n<p>Poslu\u0161ajte razgovor:<\/p>\n\n\n\n<figure class=\"wp-block-audio\"><audio controls src=\"https:\/\/radioljubuski.ba\/wp-content\/uploads\/2022\/09\/zoran-herceg-dzigarijada.mp3\"><\/audio><\/figure>\n\n\n\n<p>Poslu\u0161ajte najavni d\u017eingl<\/p>\n\n\n\n<figure class=\"wp-block-audio\"><audio controls src=\"https:\/\/radioljubuski.ba\/wp-content\/uploads\/2022\/09\/dzigarijada.mp3\"><\/audio><\/figure>\n\n\n\n<figure class=\"wp-block-image size-large\"><img loading=\"lazy\" decoding=\"async\" width=\"873\" height=\"436\" src=\"https:\/\/radioljubuski.ba\/wp-content\/uploads\/2022\/09\/dzigarijada.jpg\" alt=\"\" class=\"wp-image-180524\" srcset=\"https:\/\/radioljubuski.ba\/wp-content\/uploads\/2022\/09\/dzigarijada.jpg 873w, https:\/\/radioljubuski.ba\/wp-content\/uploads\/2022\/09\/dzigarijada-300x150.jpg 300w, https:\/\/radioljubuski.ba\/wp-content\/uploads\/2022\/09\/dzigarijada-768x384.jpg 768w, https:\/\/radioljubuski.ba\/wp-content\/uploads\/2022\/09\/dzigarijada-18x9.jpg 18w\" sizes=\"auto, (max-width: 873px) 100vw, 873px\" \/><\/figure>\n\n\n\n<p><strong>Bjanka Medi\u0107 \/ Radio Ljubu\u0161ki<\/strong><\/p>\n","protected":false},"excerpt":{"rendered":"<p>U Crvenog Grmu se broje dani do po\u010detka druge po redu D\u017eigarijade, me\u0111unarodnog natjecanja u pripremi janje\u0107e i kozle\u0107e d\u017eigarice. Natjecatelji \u0107e dobiti namirnice za spremanje d\u017eigarice, a planirano je da se oku\u0161aju razni timovi kako bi vidjeli tko zna bolje spremiti d\u017eigaricu. Prijave zainteresiranih traju do 29. rujna pozivom na brojeve 063-970- 406 i [&hellip;]<\/p>\n","protected":false},"author":2,"featured_media":182531,"comment_status":"closed","ping_status":"closed","sticky":false,"template":"","format":"standard","meta":{"h5ap_radio_sources":[],"footnotes":""},"categories":[3],"tags":[],"class_list":["post-182530","post","type-post","status-publish","format-standard","has-post-thumbnail","hentry","category-ljubuski"],"yoast_head":"<!-- This site is optimized with the Yoast SEO plugin v27.4 - https:\/\/yoast.com\/product\/yoast-seo-wordpress\/ -->\n<title>Zoran Herceg o D\u017eigarijadi: &quot;Pozivamo sve ljubitelje dobre hrane da do\u0111u&quot; - RADIO LJUBU\u0160KI<\/title>\n<meta name=\"robots\" content=\"index, follow, max-snippet:-1, max-image-preview:large, max-video-preview:-1\" \/>\n<link rel=\"canonical\" href=\"https:\/\/radioljubuski.ba\/index.php\/2022\/09\/21\/zoran-herceg-o-dzigarijadi-pozivamo-sve-ljubitelje-dobre-hrane-da-dodu\/\" \/>\n<meta property=\"og:locale\" content=\"hr_HR\" \/>\n<meta property=\"og:type\" content=\"article\" \/>\n<meta property=\"og:title\" content=\"Zoran Herceg o D\u017eigarijadi: &quot;Pozivamo sve ljubitelje dobre hrane da do\u0111u&quot; - RADIO LJUBU\u0160KI\" \/>\n<meta property=\"og:description\" content=\"U Crvenog Grmu se broje dani do po\u010detka druge po redu D\u017eigarijade, me\u0111unarodnog natjecanja u pripremi janje\u0107e i kozle\u0107e d\u017eigarice. Natjecatelji \u0107e dobiti namirnice za spremanje d\u017eigarice, a planirano je da se oku\u0161aju razni timovi kako bi vidjeli tko zna bolje spremiti d\u017eigaricu. Prijave zainteresiranih traju do 29. rujna pozivom na brojeve 063-970- 406 i [&hellip;]\" \/>\n<meta property=\"og:url\" content=\"https:\/\/radioljubuski.ba\/index.php\/2022\/09\/21\/zoran-herceg-o-dzigarijadi-pozivamo-sve-ljubitelje-dobre-hrane-da-dodu\/\" \/>\n<meta property=\"og:site_name\" content=\"RADIO LJUBU\u0160KI\" \/>\n<meta property=\"article:publisher\" content=\"https:\/\/www.facebook.com\/Radiio-Ljubuski-1490835324566332\" \/>\n<meta property=\"article:published_time\" content=\"2022-09-21T08:03:35+00:00\" \/>\n<meta property=\"article:modified_time\" content=\"2022-09-21T08:03:37+00:00\" \/>\n<meta property=\"og:image\" content=\"https:\/\/radioljubuski.ba\/wp-content\/uploads\/2022\/09\/zoran-herceg.jpg\" \/>\n\t<meta property=\"og:image:width\" content=\"1395\" \/>\n\t<meta property=\"og:image:height\" content=\"818\" \/>\n\t<meta property=\"og:image:type\" content=\"image\/jpeg\" \/>\n<meta name=\"author\" content=\"Radio Ljubu\u0161ki\" \/>\n<meta name=\"twitter:card\" content=\"summary_large_image\" \/>\n<meta name=\"twitter:creator\" content=\"@radioljubuski\" \/>\n<meta name=\"twitter:site\" content=\"@radioljubuski\" \/>\n<meta name=\"twitter:label1\" content=\"Napisao\/la\" \/>\n\t<meta name=\"twitter:data1\" content=\"Radio Ljubu\u0161ki\" \/>\n\t<meta name=\"twitter:label2\" content=\"Procijenjeno vrijeme \u010ditanja\" \/>\n\t<meta name=\"twitter:data2\" content=\"2 minute\" \/>\n<script type=\"application\/ld+json\" class=\"yoast-schema-graph\">{\"@context\":\"https:\\\/\\\/schema.org\",\"@graph\":[{\"@type\":\"Article\",\"@id\":\"https:\\\/\\\/radioljubuski.ba\\\/index.php\\\/2022\\\/09\\\/21\\\/zoran-herceg-o-dzigarijadi-pozivamo-sve-ljubitelje-dobre-hrane-da-dodu\\\/#article\",\"isPartOf\":{\"@id\":\"https:\\\/\\\/radioljubuski.ba\\\/index.php\\\/2022\\\/09\\\/21\\\/zoran-herceg-o-dzigarijadi-pozivamo-sve-ljubitelje-dobre-hrane-da-dodu\\\/\"},\"author\":{\"name\":\"Radio Ljubu\u0161ki\",\"@id\":\"https:\\\/\\\/radioljubuski.ba\\\/#\\\/schema\\\/person\\\/19fc700381a780f69665d7956c469e3b\"},\"headline\":\"Zoran Herceg o D\u017eigarijadi: &#8220;Pozivamo sve ljubitelje dobre hrane da do\u0111u&#8221;\",\"datePublished\":\"2022-09-21T08:03:35+00:00\",\"dateModified\":\"2022-09-21T08:03:37+00:00\",\"mainEntityOfPage\":{\"@id\":\"https:\\\/\\\/radioljubuski.ba\\\/index.php\\\/2022\\\/09\\\/21\\\/zoran-herceg-o-dzigarijadi-pozivamo-sve-ljubitelje-dobre-hrane-da-dodu\\\/\"},\"wordCount\":317,\"publisher\":{\"@id\":\"https:\\\/\\\/radioljubuski.ba\\\/#organization\"},\"image\":{\"@id\":\"https:\\\/\\\/radioljubuski.ba\\\/index.php\\\/2022\\\/09\\\/21\\\/zoran-herceg-o-dzigarijadi-pozivamo-sve-ljubitelje-dobre-hrane-da-dodu\\\/#primaryimage\"},\"thumbnailUrl\":\"https:\\\/\\\/radioljubuski.ba\\\/wp-content\\\/uploads\\\/2022\\\/09\\\/zoran-herceg.jpg\",\"articleSection\":[\"Ljubu\u0161ki\"],\"inLanguage\":\"hr\"},{\"@type\":\"WebPage\",\"@id\":\"https:\\\/\\\/radioljubuski.ba\\\/index.php\\\/2022\\\/09\\\/21\\\/zoran-herceg-o-dzigarijadi-pozivamo-sve-ljubitelje-dobre-hrane-da-dodu\\\/\",\"url\":\"https:\\\/\\\/radioljubuski.ba\\\/index.php\\\/2022\\\/09\\\/21\\\/zoran-herceg-o-dzigarijadi-pozivamo-sve-ljubitelje-dobre-hrane-da-dodu\\\/\",\"name\":\"Zoran Herceg o D\u017eigarijadi: \\\"Pozivamo sve ljubitelje dobre hrane da do\u0111u\\\" - RADIO LJUBU\u0160KI\",\"isPartOf\":{\"@id\":\"https:\\\/\\\/radioljubuski.ba\\\/#website\"},\"primaryImageOfPage\":{\"@id\":\"https:\\\/\\\/radioljubuski.ba\\\/index.php\\\/2022\\\/09\\\/21\\\/zoran-herceg-o-dzigarijadi-pozivamo-sve-ljubitelje-dobre-hrane-da-dodu\\\/#primaryimage\"},\"image\":{\"@id\":\"https:\\\/\\\/radioljubuski.ba\\\/index.php\\\/2022\\\/09\\\/21\\\/zoran-herceg-o-dzigarijadi-pozivamo-sve-ljubitelje-dobre-hrane-da-dodu\\\/#primaryimage\"},\"thumbnailUrl\":\"https:\\\/\\\/radioljubuski.ba\\\/wp-content\\\/uploads\\\/2022\\\/09\\\/zoran-herceg.jpg\",\"datePublished\":\"2022-09-21T08:03:35+00:00\",\"dateModified\":\"2022-09-21T08:03:37+00:00\",\"breadcrumb\":{\"@id\":\"https:\\\/\\\/radioljubuski.ba\\\/index.php\\\/2022\\\/09\\\/21\\\/zoran-herceg-o-dzigarijadi-pozivamo-sve-ljubitelje-dobre-hrane-da-dodu\\\/#breadcrumb\"},\"inLanguage\":\"hr\",\"potentialAction\":[{\"@type\":\"ReadAction\",\"target\":[\"https:\\\/\\\/radioljubuski.ba\\\/index.php\\\/2022\\\/09\\\/21\\\/zoran-herceg-o-dzigarijadi-pozivamo-sve-ljubitelje-dobre-hrane-da-dodu\\\/\"]}]},{\"@type\":\"ImageObject\",\"inLanguage\":\"hr\",\"@id\":\"https:\\\/\\\/radioljubuski.ba\\\/index.php\\\/2022\\\/09\\\/21\\\/zoran-herceg-o-dzigarijadi-pozivamo-sve-ljubitelje-dobre-hrane-da-dodu\\\/#primaryimage\",\"url\":\"https:\\\/\\\/radioljubuski.ba\\\/wp-content\\\/uploads\\\/2022\\\/09\\\/zoran-herceg.jpg\",\"contentUrl\":\"https:\\\/\\\/radioljubuski.ba\\\/wp-content\\\/uploads\\\/2022\\\/09\\\/zoran-herceg.jpg\",\"width\":1395,\"height\":818},{\"@type\":\"BreadcrumbList\",\"@id\":\"https:\\\/\\\/radioljubuski.ba\\\/index.php\\\/2022\\\/09\\\/21\\\/zoran-herceg-o-dzigarijadi-pozivamo-sve-ljubitelje-dobre-hrane-da-dodu\\\/#breadcrumb\",\"itemListElement\":[{\"@type\":\"ListItem\",\"position\":1,\"name\":\"Po\u010detna stranica\",\"item\":\"https:\\\/\\\/radioljubuski.ba\\\/\"},{\"@type\":\"ListItem\",\"position\":2,\"name\":\"Zoran Herceg o D\u017eigarijadi: &#8220;Pozivamo sve ljubitelje dobre hrane da do\u0111u&#8221;\"}]},{\"@type\":\"WebSite\",\"@id\":\"https:\\\/\\\/radioljubuski.ba\\\/#website\",\"url\":\"https:\\\/\\\/radioljubuski.ba\\\/\",\"name\":\"Radio Ljubu\u0161ki\",\"description\":\"Sun\u010dana frekvencija Hercegovine\",\"publisher\":{\"@id\":\"https:\\\/\\\/radioljubuski.ba\\\/#organization\"},\"potentialAction\":[{\"@type\":\"SearchAction\",\"target\":{\"@type\":\"EntryPoint\",\"urlTemplate\":\"https:\\\/\\\/radioljubuski.ba\\\/?s={search_term_string}\"},\"query-input\":{\"@type\":\"PropertyValueSpecification\",\"valueRequired\":true,\"valueName\":\"search_term_string\"}}],\"inLanguage\":\"hr\"},{\"@type\":\"Organization\",\"@id\":\"https:\\\/\\\/radioljubuski.ba\\\/#organization\",\"name\":\"Radio Ljubu\u0161ki\",\"url\":\"https:\\\/\\\/radioljubuski.ba\\\/\",\"logo\":{\"@type\":\"ImageObject\",\"inLanguage\":\"hr\",\"@id\":\"https:\\\/\\\/radioljubuski.ba\\\/#\\\/schema\\\/logo\\\/image\\\/\",\"url\":\"https:\\\/\\\/radioljubuski.ba\\\/wp-content\\\/uploads\\\/2021\\\/02\\\/cropped-Radio_Ljubuski_logo1.jpg\",\"contentUrl\":\"https:\\\/\\\/radioljubuski.ba\\\/wp-content\\\/uploads\\\/2021\\\/02\\\/cropped-Radio_Ljubuski_logo1.jpg\",\"width\":512,\"height\":512,\"caption\":\"Radio Ljubu\u0161ki\"},\"image\":{\"@id\":\"https:\\\/\\\/radioljubuski.ba\\\/#\\\/schema\\\/logo\\\/image\\\/\"},\"sameAs\":[\"https:\\\/\\\/www.facebook.com\\\/Radiio-Ljubuski-1490835324566332\",\"https:\\\/\\\/x.com\\\/radioljubuski\",\"https:\\\/\\\/hr.linkedin.com\\\/company\\\/radio-ljubuski\",\"https:\\\/\\\/www.youtube.com\\\/channel\\\/UCHYaeO_n0Db3tjNGudGpXyw\"]},{\"@type\":\"Person\",\"@id\":\"https:\\\/\\\/radioljubuski.ba\\\/#\\\/schema\\\/person\\\/19fc700381a780f69665d7956c469e3b\",\"name\":\"Radio Ljubu\u0161ki\"}]}<\/script>\n<!-- \/ Yoast SEO plugin. -->","yoast_head_json":{"title":"Zoran Herceg o D\u017eigarijadi: \"Pozivamo sve ljubitelje dobre hrane da do\u0111u\" - RADIO LJUBU\u0160KI","robots":{"index":"index","follow":"follow","max-snippet":"max-snippet:-1","max-image-preview":"max-image-preview:large","max-video-preview":"max-video-preview:-1"},"canonical":"https:\/\/radioljubuski.ba\/index.php\/2022\/09\/21\/zoran-herceg-o-dzigarijadi-pozivamo-sve-ljubitelje-dobre-hrane-da-dodu\/","og_locale":"hr_HR","og_type":"article","og_title":"Zoran Herceg o D\u017eigarijadi: \"Pozivamo sve ljubitelje dobre hrane da do\u0111u\" - RADIO LJUBU\u0160KI","og_description":"U Crvenog Grmu se broje dani do po\u010detka druge po redu D\u017eigarijade, me\u0111unarodnog natjecanja u pripremi janje\u0107e i kozle\u0107e d\u017eigarice. Natjecatelji \u0107e dobiti namirnice za spremanje d\u017eigarice, a planirano je da se oku\u0161aju razni timovi kako bi vidjeli tko zna bolje spremiti d\u017eigaricu. Prijave zainteresiranih traju do 29. rujna pozivom na brojeve 063-970- 406 i [&hellip;]","og_url":"https:\/\/radioljubuski.ba\/index.php\/2022\/09\/21\/zoran-herceg-o-dzigarijadi-pozivamo-sve-ljubitelje-dobre-hrane-da-dodu\/","og_site_name":"RADIO LJUBU\u0160KI","article_publisher":"https:\/\/www.facebook.com\/Radiio-Ljubuski-1490835324566332","article_published_time":"2022-09-21T08:03:35+00:00","article_modified_time":"2022-09-21T08:03:37+00:00","og_image":[{"width":1395,"height":818,"url":"https:\/\/radioljubuski.ba\/wp-content\/uploads\/2022\/09\/zoran-herceg.jpg","type":"image\/jpeg"}],"author":"Radio Ljubu\u0161ki","twitter_card":"summary_large_image","twitter_creator":"@radioljubuski","twitter_site":"@radioljubuski","twitter_misc":{"Napisao\/la":"Radio Ljubu\u0161ki","Procijenjeno vrijeme \u010ditanja":"2 minute"},"schema":{"@context":"https:\/\/schema.org","@graph":[{"@type":"Article","@id":"https:\/\/radioljubuski.ba\/index.php\/2022\/09\/21\/zoran-herceg-o-dzigarijadi-pozivamo-sve-ljubitelje-dobre-hrane-da-dodu\/#article","isPartOf":{"@id":"https:\/\/radioljubuski.ba\/index.php\/2022\/09\/21\/zoran-herceg-o-dzigarijadi-pozivamo-sve-ljubitelje-dobre-hrane-da-dodu\/"},"author":{"name":"Radio Ljubu\u0161ki","@id":"https:\/\/radioljubuski.ba\/#\/schema\/person\/19fc700381a780f69665d7956c469e3b"},"headline":"Zoran Herceg o D\u017eigarijadi: &#8220;Pozivamo sve ljubitelje dobre hrane da do\u0111u&#8221;","datePublished":"2022-09-21T08:03:35+00:00","dateModified":"2022-09-21T08:03:37+00:00","mainEntityOfPage":{"@id":"https:\/\/radioljubuski.ba\/index.php\/2022\/09\/21\/zoran-herceg-o-dzigarijadi-pozivamo-sve-ljubitelje-dobre-hrane-da-dodu\/"},"wordCount":317,"publisher":{"@id":"https:\/\/radioljubuski.ba\/#organization"},"image":{"@id":"https:\/\/radioljubuski.ba\/index.php\/2022\/09\/21\/zoran-herceg-o-dzigarijadi-pozivamo-sve-ljubitelje-dobre-hrane-da-dodu\/#primaryimage"},"thumbnailUrl":"https:\/\/radioljubuski.ba\/wp-content\/uploads\/2022\/09\/zoran-herceg.jpg","articleSection":["Ljubu\u0161ki"],"inLanguage":"hr"},{"@type":"WebPage","@id":"https:\/\/radioljubuski.ba\/index.php\/2022\/09\/21\/zoran-herceg-o-dzigarijadi-pozivamo-sve-ljubitelje-dobre-hrane-da-dodu\/","url":"https:\/\/radioljubuski.ba\/index.php\/2022\/09\/21\/zoran-herceg-o-dzigarijadi-pozivamo-sve-ljubitelje-dobre-hrane-da-dodu\/","name":"Zoran Herceg o D\u017eigarijadi: \"Pozivamo sve ljubitelje dobre hrane da do\u0111u\" - RADIO LJUBU\u0160KI","isPartOf":{"@id":"https:\/\/radioljubuski.ba\/#website"},"primaryImageOfPage":{"@id":"https:\/\/radioljubuski.ba\/index.php\/2022\/09\/21\/zoran-herceg-o-dzigarijadi-pozivamo-sve-ljubitelje-dobre-hrane-da-dodu\/#primaryimage"},"image":{"@id":"https:\/\/radioljubuski.ba\/index.php\/2022\/09\/21\/zoran-herceg-o-dzigarijadi-pozivamo-sve-ljubitelje-dobre-hrane-da-dodu\/#primaryimage"},"thumbnailUrl":"https:\/\/radioljubuski.ba\/wp-content\/uploads\/2022\/09\/zoran-herceg.jpg","datePublished":"2022-09-21T08:03:35+00:00","dateModified":"2022-09-21T08:03:37+00:00","breadcrumb":{"@id":"https:\/\/radioljubuski.ba\/index.php\/2022\/09\/21\/zoran-herceg-o-dzigarijadi-pozivamo-sve-ljubitelje-dobre-hrane-da-dodu\/#breadcrumb"},"inLanguage":"hr","potentialAction":[{"@type":"ReadAction","target":["https:\/\/radioljubuski.ba\/index.php\/2022\/09\/21\/zoran-herceg-o-dzigarijadi-pozivamo-sve-ljubitelje-dobre-hrane-da-dodu\/"]}]},{"@type":"ImageObject","inLanguage":"hr","@id":"https:\/\/radioljubuski.ba\/index.php\/2022\/09\/21\/zoran-herceg-o-dzigarijadi-pozivamo-sve-ljubitelje-dobre-hrane-da-dodu\/#primaryimage","url":"https:\/\/radioljubuski.ba\/wp-content\/uploads\/2022\/09\/zoran-herceg.jpg","contentUrl":"https:\/\/radioljubuski.ba\/wp-content\/uploads\/2022\/09\/zoran-herceg.jpg","width":1395,"height":818},{"@type":"BreadcrumbList","@id":"https:\/\/radioljubuski.ba\/index.php\/2022\/09\/21\/zoran-herceg-o-dzigarijadi-pozivamo-sve-ljubitelje-dobre-hrane-da-dodu\/#breadcrumb","itemListElement":[{"@type":"ListItem","position":1,"name":"Po\u010detna stranica","item":"https:\/\/radioljubuski.ba\/"},{"@type":"ListItem","position":2,"name":"Zoran Herceg o D\u017eigarijadi: &#8220;Pozivamo sve ljubitelje dobre hrane da do\u0111u&#8221;"}]},{"@type":"WebSite","@id":"https:\/\/radioljubuski.ba\/#website","url":"https:\/\/radioljubuski.ba\/","name":"Radio Ljubu\u0161ki","description":"Sun\u010dana frekvencija Hercegovine","publisher":{"@id":"https:\/\/radioljubuski.ba\/#organization"},"potentialAction":[{"@type":"SearchAction","target":{"@type":"EntryPoint","urlTemplate":"https:\/\/radioljubuski.ba\/?s={search_term_string}"},"query-input":{"@type":"PropertyValueSpecification","valueRequired":true,"valueName":"search_term_string"}}],"inLanguage":"hr"},{"@type":"Organization","@id":"https:\/\/radioljubuski.ba\/#organization","name":"Radio Ljubu\u0161ki","url":"https:\/\/radioljubuski.ba\/","logo":{"@type":"ImageObject","inLanguage":"hr","@id":"https:\/\/radioljubuski.ba\/#\/schema\/logo\/image\/","url":"https:\/\/radioljubuski.ba\/wp-content\/uploads\/2021\/02\/cropped-Radio_Ljubuski_logo1.jpg","contentUrl":"https:\/\/radioljubuski.ba\/wp-content\/uploads\/2021\/02\/cropped-Radio_Ljubuski_logo1.jpg","width":512,"height":512,"caption":"Radio Ljubu\u0161ki"},"image":{"@id":"https:\/\/radioljubuski.ba\/#\/schema\/logo\/image\/"},"sameAs":["https:\/\/www.facebook.com\/Radiio-Ljubuski-1490835324566332","https:\/\/x.com\/radioljubuski","https:\/\/hr.linkedin.com\/company\/radio-ljubuski","https:\/\/www.youtube.com\/channel\/UCHYaeO_n0Db3tjNGudGpXyw"]},{"@type":"Person","@id":"https:\/\/radioljubuski.ba\/#\/schema\/person\/19fc700381a780f69665d7956c469e3b","name":"Radio Ljubu\u0161ki"}]}},"_links":{"self":[{"href":"https:\/\/radioljubuski.ba\/index.php\/wp-json\/wp\/v2\/posts\/182530","targetHints":{"allow":["GET"]}}],"collection":[{"href":"https:\/\/radioljubuski.ba\/index.php\/wp-json\/wp\/v2\/posts"}],"about":[{"href":"https:\/\/radioljubuski.ba\/index.php\/wp-json\/wp\/v2\/types\/post"}],"author":[{"embeddable":true,"href":"https:\/\/radioljubuski.ba\/index.php\/wp-json\/wp\/v2\/users\/2"}],"replies":[{"embeddable":true,"href":"https:\/\/radioljubuski.ba\/index.php\/wp-json\/wp\/v2\/comments?post=182530"}],"version-history":[{"count":1,"href":"https:\/\/radioljubuski.ba\/index.php\/wp-json\/wp\/v2\/posts\/182530\/revisions"}],"predecessor-version":[{"id":182534,"href":"https:\/\/radioljubuski.ba\/index.php\/wp-json\/wp\/v2\/posts\/182530\/revisions\/182534"}],"wp:featuredmedia":[{"embeddable":true,"href":"https:\/\/radioljubuski.ba\/index.php\/wp-json\/wp\/v2\/media\/182531"}],"wp:attachment":[{"href":"https:\/\/radioljubuski.ba\/index.php\/wp-json\/wp\/v2\/media?parent=182530"}],"wp:term":[{"taxonomy":"category","embeddable":true,"href":"https:\/\/radioljubuski.ba\/index.php\/wp-json\/wp\/v2\/categories?post=182530"},{"taxonomy":"post_tag","embeddable":true,"href":"https:\/\/radioljubuski.ba\/index.php\/wp-json\/wp\/v2\/tags?post=182530"}],"curies":[{"name":"wp","href":"https:\/\/api.w.org\/{rel}","templated":true}]}}