{"id":182564,"date":"2022-09-21T20:05:46","date_gmt":"2022-09-21T19:05:46","guid":{"rendered":"https:\/\/radioljubuski.ba\/?p=182564"},"modified":"2022-09-22T08:21:13","modified_gmt":"2022-09-22T07:21:13","slug":"ponovo-drama-u-gradskoj-sportskoj-dvorani-izvidac-tijesno-slavio","status":"publish","type":"post","link":"https:\/\/radioljubuski.ba\/index.php\/2022\/09\/21\/ponovo-drama-u-gradskoj-sportskoj-dvorani-izvidac-tijesno-slavio\/","title":{"rendered":"Ponovo drama u Gradskoj \u0161portskoj dvorani, Izvi\u0111a\u010d tijesno slavio sa 29-28"},"content":{"rendered":"\n<p>U razmaku od samo tri dana jo\u0161 jedna drama u Gradskoj \u0161portskoj dvorani na utakmici Izvi\u0111a\u010da. <\/p>\n\n\n\n<p>Ovaj put bila je to odgo\u0111ena utakmica 1.kola Premier lige protiv dobojske Sloge koja je ispustila veliku prednost iz prvog i na po\u010detku drugog poluvremena kad je doma\u0107in zaostajao sedam golova.<\/p>\n\n\n\n<p>Negdje do polovice prvog poluvremena mom\u010dadi su se izmjenjivale u vodstvu i igralo se u egalu. <\/p>\n\n\n\n<p>Onda su gosti po\u010deli praviti razliku, veliki broj tehni\u010dkih pogre\u0161aka i pomalo stati\u010dna obrana Izvi\u0111a\u010da pru\u017eila je priliku raspolo\u017eenim gostima da u 23.minuti imaju prednost 9:14, a u 27. minuti bilo je \u010dak minus sedam, 10:17, a na odmoru je bilo 12:18.<\/p>\n\n\n\n<figure class=\"wp-block-gallery columns-3 is-cropped wp-block-gallery-1 is-layout-flex wp-block-gallery-is-layout-flex\"><ul class=\"blocks-gallery-grid\"><li class=\"blocks-gallery-item\"><figure><img loading=\"lazy\" decoding=\"async\" width=\"1024\" height=\"751\" src=\"https:\/\/radioljubuski.ba\/wp-content\/uploads\/2022\/09\/DSC0002-2.jpg\" alt=\"\" data-id=\"182565\" data-full-url=\"https:\/\/radioljubuski.ba\/wp-content\/uploads\/2022\/09\/DSC0002-2.jpg\" data-link=\"https:\/\/radioljubuski.ba\/?attachment_id=182565\" class=\"wp-image-182565\" srcset=\"https:\/\/radioljubuski.ba\/wp-content\/uploads\/2022\/09\/DSC0002-2.jpg 1024w, https:\/\/radioljubuski.ba\/wp-content\/uploads\/2022\/09\/DSC0002-2-300x220.jpg 300w, https:\/\/radioljubuski.ba\/wp-content\/uploads\/2022\/09\/DSC0002-2-768x563.jpg 768w, https:\/\/radioljubuski.ba\/wp-content\/uploads\/2022\/09\/DSC0002-2-16x12.jpg 16w\" sizes=\"auto, (max-width: 1024px) 100vw, 1024px\" \/><\/figure><\/li><li class=\"blocks-gallery-item\"><figure><img loading=\"lazy\" decoding=\"async\" width=\"1024\" height=\"686\" src=\"https:\/\/radioljubuski.ba\/wp-content\/uploads\/2022\/09\/DSC0005-1.jpg\" alt=\"\" data-id=\"182566\" data-full-url=\"https:\/\/radioljubuski.ba\/wp-content\/uploads\/2022\/09\/DSC0005-1.jpg\" data-link=\"https:\/\/radioljubuski.ba\/?attachment_id=182566\" class=\"wp-image-182566\" srcset=\"https:\/\/radioljubuski.ba\/wp-content\/uploads\/2022\/09\/DSC0005-1.jpg 1024w, https:\/\/radioljubuski.ba\/wp-content\/uploads\/2022\/09\/DSC0005-1-300x201.jpg 300w, https:\/\/radioljubuski.ba\/wp-content\/uploads\/2022\/09\/DSC0005-1-768x515.jpg 768w, https:\/\/radioljubuski.ba\/wp-content\/uploads\/2022\/09\/DSC0005-1-18x12.jpg 18w\" sizes=\"auto, (max-width: 1024px) 100vw, 1024px\" \/><\/figure><\/li><li class=\"blocks-gallery-item\"><figure><img loading=\"lazy\" decoding=\"async\" width=\"1024\" height=\"683\" src=\"https:\/\/radioljubuski.ba\/wp-content\/uploads\/2022\/09\/DSC0007.jpg\" alt=\"\" data-id=\"182567\" data-full-url=\"https:\/\/radioljubuski.ba\/wp-content\/uploads\/2022\/09\/DSC0007.jpg\" data-link=\"https:\/\/radioljubuski.ba\/?attachment_id=182567\" class=\"wp-image-182567\" srcset=\"https:\/\/radioljubuski.ba\/wp-content\/uploads\/2022\/09\/DSC0007.jpg 1024w, https:\/\/radioljubuski.ba\/wp-content\/uploads\/2022\/09\/DSC0007-300x200.jpg 300w, https:\/\/radioljubuski.ba\/wp-content\/uploads\/2022\/09\/DSC0007-768x512.jpg 768w, https:\/\/radioljubuski.ba\/wp-content\/uploads\/2022\/09\/DSC0007-18x12.jpg 18w\" sizes=\"auto, (max-width: 1024px) 100vw, 1024px\" \/><\/figure><\/li><li class=\"blocks-gallery-item\"><figure><img loading=\"lazy\" decoding=\"async\" width=\"1024\" height=\"683\" src=\"https:\/\/radioljubuski.ba\/wp-content\/uploads\/2022\/09\/DSC0008-1024x683.jpg\" alt=\"\" data-id=\"182568\" data-full-url=\"https:\/\/radioljubuski.ba\/wp-content\/uploads\/2022\/09\/DSC0008-scaled.jpg\" data-link=\"https:\/\/radioljubuski.ba\/?attachment_id=182568\" class=\"wp-image-182568\" srcset=\"https:\/\/radioljubuski.ba\/wp-content\/uploads\/2022\/09\/DSC0008-1024x683.jpg 1024w, https:\/\/radioljubuski.ba\/wp-content\/uploads\/2022\/09\/DSC0008-300x200.jpg 300w, https:\/\/radioljubuski.ba\/wp-content\/uploads\/2022\/09\/DSC0008-768x512.jpg 768w, https:\/\/radioljubuski.ba\/wp-content\/uploads\/2022\/09\/DSC0008-1536x1025.jpg 1536w, https:\/\/radioljubuski.ba\/wp-content\/uploads\/2022\/09\/DSC0008-2048x1367.jpg 2048w, https:\/\/radioljubuski.ba\/wp-content\/uploads\/2022\/09\/DSC0008-18x12.jpg 18w\" sizes=\"auto, (max-width: 1024px) 100vw, 1024px\" \/><\/figure><\/li><li class=\"blocks-gallery-item\"><figure><img loading=\"lazy\" decoding=\"async\" width=\"1024\" height=\"763\" src=\"https:\/\/radioljubuski.ba\/wp-content\/uploads\/2022\/09\/DSC0009.jpg\" alt=\"\" data-id=\"182569\" data-full-url=\"https:\/\/radioljubuski.ba\/wp-content\/uploads\/2022\/09\/DSC0009.jpg\" data-link=\"https:\/\/radioljubuski.ba\/?attachment_id=182569\" class=\"wp-image-182569\" srcset=\"https:\/\/radioljubuski.ba\/wp-content\/uploads\/2022\/09\/DSC0009.jpg 1024w, https:\/\/radioljubuski.ba\/wp-content\/uploads\/2022\/09\/DSC0009-300x224.jpg 300w, https:\/\/radioljubuski.ba\/wp-content\/uploads\/2022\/09\/DSC0009-768x572.jpg 768w, https:\/\/radioljubuski.ba\/wp-content\/uploads\/2022\/09\/DSC0009-16x12.jpg 16w\" sizes=\"auto, (max-width: 1024px) 100vw, 1024px\" \/><\/figure><\/li><li class=\"blocks-gallery-item\"><figure><img loading=\"lazy\" decoding=\"async\" width=\"1024\" height=\"729\" src=\"https:\/\/radioljubuski.ba\/wp-content\/uploads\/2022\/09\/DSC0010-1.jpg\" alt=\"\" data-id=\"182570\" data-full-url=\"https:\/\/radioljubuski.ba\/wp-content\/uploads\/2022\/09\/DSC0010-1.jpg\" data-link=\"https:\/\/radioljubuski.ba\/?attachment_id=182570\" class=\"wp-image-182570\" srcset=\"https:\/\/radioljubuski.ba\/wp-content\/uploads\/2022\/09\/DSC0010-1.jpg 1024w, https:\/\/radioljubuski.ba\/wp-content\/uploads\/2022\/09\/DSC0010-1-300x214.jpg 300w, https:\/\/radioljubuski.ba\/wp-content\/uploads\/2022\/09\/DSC0010-1-768x547.jpg 768w, https:\/\/radioljubuski.ba\/wp-content\/uploads\/2022\/09\/DSC0010-1-18x12.jpg 18w\" sizes=\"auto, (max-width: 1024px) 100vw, 1024px\" \/><\/figure><\/li><li class=\"blocks-gallery-item\"><figure><img loading=\"lazy\" decoding=\"async\" width=\"1024\" height=\"683\" src=\"https:\/\/radioljubuski.ba\/wp-content\/uploads\/2022\/09\/DSC0012-1.jpg\" alt=\"\" data-id=\"182571\" data-full-url=\"https:\/\/radioljubuski.ba\/wp-content\/uploads\/2022\/09\/DSC0012-1.jpg\" data-link=\"https:\/\/radioljubuski.ba\/?attachment_id=182571\" class=\"wp-image-182571\" srcset=\"https:\/\/radioljubuski.ba\/wp-content\/uploads\/2022\/09\/DSC0012-1.jpg 1024w, https:\/\/radioljubuski.ba\/wp-content\/uploads\/2022\/09\/DSC0012-1-300x200.jpg 300w, https:\/\/radioljubuski.ba\/wp-content\/uploads\/2022\/09\/DSC0012-1-768x512.jpg 768w, https:\/\/radioljubuski.ba\/wp-content\/uploads\/2022\/09\/DSC0012-1-18x12.jpg 18w\" sizes=\"auto, (max-width: 1024px) 100vw, 1024px\" \/><\/figure><\/li><\/ul><\/figure>\n\n\n\n<p>U nastavku prvi gol tek u 36.minuti, gosti su ponovo imali plus sedam, a onda je krenuo doma\u0107in. <\/p>\n\n\n\n<p>Na vratima odli\u010dan je bio Ivan Herceg, \u201eproradila\u201c su i krila (Bo\u0161kovi\u0107 i \u0160aravanja), u obrani se igralo \u010dvr\u0161\u0107e i prednost gostiju se topila. U 40.minuti bilo je minus tri, 16:19, digla se i publika i skauti su stigli na minimalni zaostatak, 21:22 u 48.minuti., a u 51-oj bilo je 25:25.<\/p>\n\n\n\n<p>Kada je Izvi\u0111a\u010d poveo u 55.minuti (27:26) i igra\u010di su bili svjesni da mogu dobiti iako su u jednom dijelu imali i dva igra\u010da manje nisu klonuli, a najve\u0107i poticaj do\u0161ao je s gola, vratar Herceg skinuo je nekoliko va\u017enih lopti. <\/p>\n\n\n\n<p>Gosti su imali 40 sekundi da poravnaju na 29:29, ali se Izvi\u0111a\u010d uspio obraniti za veliko i ipak zaslu\u017eeno slavlje.<\/p>\n\n\n\n<p>Ivano Pavlovi\u0107 zabio je 9 golova (7 sa 7 metara), Domagoj Alilovi\u0107 7, Mladen Bo\u0161kovi\u0107 4, a Berin Keso i Filip Vujovi\u0107 po tri.Vratar Ivan Herceg imao je 13 obrana. Kod Sloge je Du\u0161an Mili\u010devi\u0107 zabio 8, Du\u0161an Risti\u0107 6, a Nemanja Pe\u0161ti\u0107 i Stanko Stankovi\u0107 po 4. Golman Milutin Bogdanovi\u0107 imao je 13 obrana.<\/p>\n\n\n\n<p>mile kraljevi\u0107\/radio ljubu\u0161ki<\/p>\n","protected":false},"excerpt":{"rendered":"<p>U razmaku od samo tri dana jo\u0161 jedna drama u Gradskoj \u0161portskoj dvorani na utakmici Izvi\u0111a\u010da. Ovaj put bila je to odgo\u0111ena utakmica 1.kola Premier lige protiv dobojske Sloge koja je ispustila veliku prednost iz prvog i na po\u010detku drugog poluvremena kad je doma\u0107in zaostajao sedam golova. Negdje do polovice prvog poluvremena mom\u010dadi su se [&hellip;]<\/p>\n","protected":false},"author":2,"featured_media":182572,"comment_status":"closed","ping_status":"closed","sticky":false,"template":"","format":"standard","meta":{"h5ap_radio_sources":[],"footnotes":""},"categories":[3],"tags":[],"class_list":["post-182564","post","type-post","status-publish","format-standard","has-post-thumbnail","hentry","category-ljubuski"],"yoast_head":"<!-- This site is optimized with the Yoast SEO plugin v27.4 - https:\/\/yoast.com\/product\/yoast-seo-wordpress\/ -->\n<title>Ponovo drama u Gradskoj \u0161portskoj dvorani, Izvi\u0111a\u010d tijesno slavio sa 29-28 - RADIO LJUBU\u0160KI<\/title>\n<meta name=\"robots\" content=\"index, follow, max-snippet:-1, max-image-preview:large, max-video-preview:-1\" \/>\n<link rel=\"canonical\" href=\"https:\/\/radioljubuski.ba\/index.php\/2022\/09\/21\/ponovo-drama-u-gradskoj-sportskoj-dvorani-izvidac-tijesno-slavio\/\" \/>\n<meta property=\"og:locale\" content=\"hr_HR\" \/>\n<meta property=\"og:type\" content=\"article\" \/>\n<meta property=\"og:title\" content=\"Ponovo drama u Gradskoj \u0161portskoj dvorani, Izvi\u0111a\u010d tijesno slavio sa 29-28 - RADIO LJUBU\u0160KI\" \/>\n<meta property=\"og:description\" content=\"U razmaku od samo tri dana jo\u0161 jedna drama u Gradskoj \u0161portskoj dvorani na utakmici Izvi\u0111a\u010da. Ovaj put bila je to odgo\u0111ena utakmica 1.kola Premier lige protiv dobojske Sloge koja je ispustila veliku prednost iz prvog i na po\u010detku drugog poluvremena kad je doma\u0107in zaostajao sedam golova. Negdje do polovice prvog poluvremena mom\u010dadi su se [&hellip;]\" \/>\n<meta property=\"og:url\" content=\"https:\/\/radioljubuski.ba\/index.php\/2022\/09\/21\/ponovo-drama-u-gradskoj-sportskoj-dvorani-izvidac-tijesno-slavio\/\" \/>\n<meta property=\"og:site_name\" content=\"RADIO LJUBU\u0160KI\" \/>\n<meta property=\"article:publisher\" content=\"https:\/\/www.facebook.com\/Radiio-Ljubuski-1490835324566332\" \/>\n<meta property=\"article:published_time\" content=\"2022-09-21T19:05:46+00:00\" \/>\n<meta property=\"article:modified_time\" content=\"2022-09-22T07:21:13+00:00\" \/>\n<meta property=\"og:image\" content=\"https:\/\/radioljubuski.ba\/wp-content\/uploads\/2022\/09\/DSC0010-2.jpg\" \/>\n\t<meta property=\"og:image:width\" content=\"1024\" \/>\n\t<meta property=\"og:image:height\" content=\"729\" \/>\n\t<meta property=\"og:image:type\" content=\"image\/jpeg\" \/>\n<meta name=\"author\" content=\"Radio Ljubu\u0161ki\" \/>\n<meta name=\"twitter:card\" content=\"summary_large_image\" \/>\n<meta name=\"twitter:creator\" content=\"@radioljubuski\" \/>\n<meta name=\"twitter:site\" content=\"@radioljubuski\" \/>\n<meta name=\"twitter:label1\" content=\"Napisao\/la\" \/>\n\t<meta name=\"twitter:data1\" content=\"Radio Ljubu\u0161ki\" \/>\n\t<meta name=\"twitter:label2\" content=\"Procijenjeno vrijeme \u010ditanja\" \/>\n\t<meta name=\"twitter:data2\" content=\"3 minute\" \/>\n<script type=\"application\/ld+json\" class=\"yoast-schema-graph\">{\"@context\":\"https:\\\/\\\/schema.org\",\"@graph\":[{\"@type\":\"Article\",\"@id\":\"https:\\\/\\\/radioljubuski.ba\\\/index.php\\\/2022\\\/09\\\/21\\\/ponovo-drama-u-gradskoj-sportskoj-dvorani-izvidac-tijesno-slavio\\\/#article\",\"isPartOf\":{\"@id\":\"https:\\\/\\\/radioljubuski.ba\\\/index.php\\\/2022\\\/09\\\/21\\\/ponovo-drama-u-gradskoj-sportskoj-dvorani-izvidac-tijesno-slavio\\\/\"},\"author\":{\"name\":\"Radio Ljubu\u0161ki\",\"@id\":\"https:\\\/\\\/radioljubuski.ba\\\/#\\\/schema\\\/person\\\/19fc700381a780f69665d7956c469e3b\"},\"headline\":\"Ponovo drama u Gradskoj \u0161portskoj dvorani, Izvi\u0111a\u010d tijesno slavio sa 29-28\",\"datePublished\":\"2022-09-21T19:05:46+00:00\",\"dateModified\":\"2022-09-22T07:21:13+00:00\",\"mainEntityOfPage\":{\"@id\":\"https:\\\/\\\/radioljubuski.ba\\\/index.php\\\/2022\\\/09\\\/21\\\/ponovo-drama-u-gradskoj-sportskoj-dvorani-izvidac-tijesno-slavio\\\/\"},\"wordCount\":319,\"publisher\":{\"@id\":\"https:\\\/\\\/radioljubuski.ba\\\/#organization\"},\"image\":{\"@id\":\"https:\\\/\\\/radioljubuski.ba\\\/index.php\\\/2022\\\/09\\\/21\\\/ponovo-drama-u-gradskoj-sportskoj-dvorani-izvidac-tijesno-slavio\\\/#primaryimage\"},\"thumbnailUrl\":\"https:\\\/\\\/radioljubuski.ba\\\/wp-content\\\/uploads\\\/2022\\\/09\\\/DSC0010-2.jpg\",\"articleSection\":[\"Ljubu\u0161ki\"],\"inLanguage\":\"hr\"},{\"@type\":\"WebPage\",\"@id\":\"https:\\\/\\\/radioljubuski.ba\\\/index.php\\\/2022\\\/09\\\/21\\\/ponovo-drama-u-gradskoj-sportskoj-dvorani-izvidac-tijesno-slavio\\\/\",\"url\":\"https:\\\/\\\/radioljubuski.ba\\\/index.php\\\/2022\\\/09\\\/21\\\/ponovo-drama-u-gradskoj-sportskoj-dvorani-izvidac-tijesno-slavio\\\/\",\"name\":\"Ponovo drama u Gradskoj \u0161portskoj dvorani, Izvi\u0111a\u010d tijesno slavio sa 29-28 - RADIO LJUBU\u0160KI\",\"isPartOf\":{\"@id\":\"https:\\\/\\\/radioljubuski.ba\\\/#website\"},\"primaryImageOfPage\":{\"@id\":\"https:\\\/\\\/radioljubuski.ba\\\/index.php\\\/2022\\\/09\\\/21\\\/ponovo-drama-u-gradskoj-sportskoj-dvorani-izvidac-tijesno-slavio\\\/#primaryimage\"},\"image\":{\"@id\":\"https:\\\/\\\/radioljubuski.ba\\\/index.php\\\/2022\\\/09\\\/21\\\/ponovo-drama-u-gradskoj-sportskoj-dvorani-izvidac-tijesno-slavio\\\/#primaryimage\"},\"thumbnailUrl\":\"https:\\\/\\\/radioljubuski.ba\\\/wp-content\\\/uploads\\\/2022\\\/09\\\/DSC0010-2.jpg\",\"datePublished\":\"2022-09-21T19:05:46+00:00\",\"dateModified\":\"2022-09-22T07:21:13+00:00\",\"breadcrumb\":{\"@id\":\"https:\\\/\\\/radioljubuski.ba\\\/index.php\\\/2022\\\/09\\\/21\\\/ponovo-drama-u-gradskoj-sportskoj-dvorani-izvidac-tijesno-slavio\\\/#breadcrumb\"},\"inLanguage\":\"hr\",\"potentialAction\":[{\"@type\":\"ReadAction\",\"target\":[\"https:\\\/\\\/radioljubuski.ba\\\/index.php\\\/2022\\\/09\\\/21\\\/ponovo-drama-u-gradskoj-sportskoj-dvorani-izvidac-tijesno-slavio\\\/\"]}]},{\"@type\":\"ImageObject\",\"inLanguage\":\"hr\",\"@id\":\"https:\\\/\\\/radioljubuski.ba\\\/index.php\\\/2022\\\/09\\\/21\\\/ponovo-drama-u-gradskoj-sportskoj-dvorani-izvidac-tijesno-slavio\\\/#primaryimage\",\"url\":\"https:\\\/\\\/radioljubuski.ba\\\/wp-content\\\/uploads\\\/2022\\\/09\\\/DSC0010-2.jpg\",\"contentUrl\":\"https:\\\/\\\/radioljubuski.ba\\\/wp-content\\\/uploads\\\/2022\\\/09\\\/DSC0010-2.jpg\",\"width\":1024,\"height\":729},{\"@type\":\"BreadcrumbList\",\"@id\":\"https:\\\/\\\/radioljubuski.ba\\\/index.php\\\/2022\\\/09\\\/21\\\/ponovo-drama-u-gradskoj-sportskoj-dvorani-izvidac-tijesno-slavio\\\/#breadcrumb\",\"itemListElement\":[{\"@type\":\"ListItem\",\"position\":1,\"name\":\"Po\u010detna stranica\",\"item\":\"https:\\\/\\\/radioljubuski.ba\\\/\"},{\"@type\":\"ListItem\",\"position\":2,\"name\":\"Ponovo drama u Gradskoj \u0161portskoj dvorani, Izvi\u0111a\u010d tijesno slavio sa 29-28\"}]},{\"@type\":\"WebSite\",\"@id\":\"https:\\\/\\\/radioljubuski.ba\\\/#website\",\"url\":\"https:\\\/\\\/radioljubuski.ba\\\/\",\"name\":\"Radio Ljubu\u0161ki\",\"description\":\"Sun\u010dana frekvencija Hercegovine\",\"publisher\":{\"@id\":\"https:\\\/\\\/radioljubuski.ba\\\/#organization\"},\"potentialAction\":[{\"@type\":\"SearchAction\",\"target\":{\"@type\":\"EntryPoint\",\"urlTemplate\":\"https:\\\/\\\/radioljubuski.ba\\\/?s={search_term_string}\"},\"query-input\":{\"@type\":\"PropertyValueSpecification\",\"valueRequired\":true,\"valueName\":\"search_term_string\"}}],\"inLanguage\":\"hr\"},{\"@type\":\"Organization\",\"@id\":\"https:\\\/\\\/radioljubuski.ba\\\/#organization\",\"name\":\"Radio Ljubu\u0161ki\",\"url\":\"https:\\\/\\\/radioljubuski.ba\\\/\",\"logo\":{\"@type\":\"ImageObject\",\"inLanguage\":\"hr\",\"@id\":\"https:\\\/\\\/radioljubuski.ba\\\/#\\\/schema\\\/logo\\\/image\\\/\",\"url\":\"https:\\\/\\\/radioljubuski.ba\\\/wp-content\\\/uploads\\\/2021\\\/02\\\/cropped-Radio_Ljubuski_logo1.jpg\",\"contentUrl\":\"https:\\\/\\\/radioljubuski.ba\\\/wp-content\\\/uploads\\\/2021\\\/02\\\/cropped-Radio_Ljubuski_logo1.jpg\",\"width\":512,\"height\":512,\"caption\":\"Radio Ljubu\u0161ki\"},\"image\":{\"@id\":\"https:\\\/\\\/radioljubuski.ba\\\/#\\\/schema\\\/logo\\\/image\\\/\"},\"sameAs\":[\"https:\\\/\\\/www.facebook.com\\\/Radiio-Ljubuski-1490835324566332\",\"https:\\\/\\\/x.com\\\/radioljubuski\",\"https:\\\/\\\/hr.linkedin.com\\\/company\\\/radio-ljubuski\",\"https:\\\/\\\/www.youtube.com\\\/channel\\\/UCHYaeO_n0Db3tjNGudGpXyw\"]},{\"@type\":\"Person\",\"@id\":\"https:\\\/\\\/radioljubuski.ba\\\/#\\\/schema\\\/person\\\/19fc700381a780f69665d7956c469e3b\",\"name\":\"Radio Ljubu\u0161ki\"}]}<\/script>\n<!-- \/ Yoast SEO plugin. -->","yoast_head_json":{"title":"Ponovo drama u Gradskoj \u0161portskoj dvorani, Izvi\u0111a\u010d tijesno slavio sa 29-28 - RADIO LJUBU\u0160KI","robots":{"index":"index","follow":"follow","max-snippet":"max-snippet:-1","max-image-preview":"max-image-preview:large","max-video-preview":"max-video-preview:-1"},"canonical":"https:\/\/radioljubuski.ba\/index.php\/2022\/09\/21\/ponovo-drama-u-gradskoj-sportskoj-dvorani-izvidac-tijesno-slavio\/","og_locale":"hr_HR","og_type":"article","og_title":"Ponovo drama u Gradskoj \u0161portskoj dvorani, Izvi\u0111a\u010d tijesno slavio sa 29-28 - RADIO LJUBU\u0160KI","og_description":"U razmaku od samo tri dana jo\u0161 jedna drama u Gradskoj \u0161portskoj dvorani na utakmici Izvi\u0111a\u010da. Ovaj put bila je to odgo\u0111ena utakmica 1.kola Premier lige protiv dobojske Sloge koja je ispustila veliku prednost iz prvog i na po\u010detku drugog poluvremena kad je doma\u0107in zaostajao sedam golova. Negdje do polovice prvog poluvremena mom\u010dadi su se [&hellip;]","og_url":"https:\/\/radioljubuski.ba\/index.php\/2022\/09\/21\/ponovo-drama-u-gradskoj-sportskoj-dvorani-izvidac-tijesno-slavio\/","og_site_name":"RADIO LJUBU\u0160KI","article_publisher":"https:\/\/www.facebook.com\/Radiio-Ljubuski-1490835324566332","article_published_time":"2022-09-21T19:05:46+00:00","article_modified_time":"2022-09-22T07:21:13+00:00","og_image":[{"width":1024,"height":729,"url":"https:\/\/radioljubuski.ba\/wp-content\/uploads\/2022\/09\/DSC0010-2.jpg","type":"image\/jpeg"}],"author":"Radio Ljubu\u0161ki","twitter_card":"summary_large_image","twitter_creator":"@radioljubuski","twitter_site":"@radioljubuski","twitter_misc":{"Napisao\/la":"Radio Ljubu\u0161ki","Procijenjeno vrijeme \u010ditanja":"3 minute"},"schema":{"@context":"https:\/\/schema.org","@graph":[{"@type":"Article","@id":"https:\/\/radioljubuski.ba\/index.php\/2022\/09\/21\/ponovo-drama-u-gradskoj-sportskoj-dvorani-izvidac-tijesno-slavio\/#article","isPartOf":{"@id":"https:\/\/radioljubuski.ba\/index.php\/2022\/09\/21\/ponovo-drama-u-gradskoj-sportskoj-dvorani-izvidac-tijesno-slavio\/"},"author":{"name":"Radio Ljubu\u0161ki","@id":"https:\/\/radioljubuski.ba\/#\/schema\/person\/19fc700381a780f69665d7956c469e3b"},"headline":"Ponovo drama u Gradskoj \u0161portskoj dvorani, Izvi\u0111a\u010d tijesno slavio sa 29-28","datePublished":"2022-09-21T19:05:46+00:00","dateModified":"2022-09-22T07:21:13+00:00","mainEntityOfPage":{"@id":"https:\/\/radioljubuski.ba\/index.php\/2022\/09\/21\/ponovo-drama-u-gradskoj-sportskoj-dvorani-izvidac-tijesno-slavio\/"},"wordCount":319,"publisher":{"@id":"https:\/\/radioljubuski.ba\/#organization"},"image":{"@id":"https:\/\/radioljubuski.ba\/index.php\/2022\/09\/21\/ponovo-drama-u-gradskoj-sportskoj-dvorani-izvidac-tijesno-slavio\/#primaryimage"},"thumbnailUrl":"https:\/\/radioljubuski.ba\/wp-content\/uploads\/2022\/09\/DSC0010-2.jpg","articleSection":["Ljubu\u0161ki"],"inLanguage":"hr"},{"@type":"WebPage","@id":"https:\/\/radioljubuski.ba\/index.php\/2022\/09\/21\/ponovo-drama-u-gradskoj-sportskoj-dvorani-izvidac-tijesno-slavio\/","url":"https:\/\/radioljubuski.ba\/index.php\/2022\/09\/21\/ponovo-drama-u-gradskoj-sportskoj-dvorani-izvidac-tijesno-slavio\/","name":"Ponovo drama u Gradskoj \u0161portskoj dvorani, Izvi\u0111a\u010d tijesno slavio sa 29-28 - RADIO LJUBU\u0160KI","isPartOf":{"@id":"https:\/\/radioljubuski.ba\/#website"},"primaryImageOfPage":{"@id":"https:\/\/radioljubuski.ba\/index.php\/2022\/09\/21\/ponovo-drama-u-gradskoj-sportskoj-dvorani-izvidac-tijesno-slavio\/#primaryimage"},"image":{"@id":"https:\/\/radioljubuski.ba\/index.php\/2022\/09\/21\/ponovo-drama-u-gradskoj-sportskoj-dvorani-izvidac-tijesno-slavio\/#primaryimage"},"thumbnailUrl":"https:\/\/radioljubuski.ba\/wp-content\/uploads\/2022\/09\/DSC0010-2.jpg","datePublished":"2022-09-21T19:05:46+00:00","dateModified":"2022-09-22T07:21:13+00:00","breadcrumb":{"@id":"https:\/\/radioljubuski.ba\/index.php\/2022\/09\/21\/ponovo-drama-u-gradskoj-sportskoj-dvorani-izvidac-tijesno-slavio\/#breadcrumb"},"inLanguage":"hr","potentialAction":[{"@type":"ReadAction","target":["https:\/\/radioljubuski.ba\/index.php\/2022\/09\/21\/ponovo-drama-u-gradskoj-sportskoj-dvorani-izvidac-tijesno-slavio\/"]}]},{"@type":"ImageObject","inLanguage":"hr","@id":"https:\/\/radioljubuski.ba\/index.php\/2022\/09\/21\/ponovo-drama-u-gradskoj-sportskoj-dvorani-izvidac-tijesno-slavio\/#primaryimage","url":"https:\/\/radioljubuski.ba\/wp-content\/uploads\/2022\/09\/DSC0010-2.jpg","contentUrl":"https:\/\/radioljubuski.ba\/wp-content\/uploads\/2022\/09\/DSC0010-2.jpg","width":1024,"height":729},{"@type":"BreadcrumbList","@id":"https:\/\/radioljubuski.ba\/index.php\/2022\/09\/21\/ponovo-drama-u-gradskoj-sportskoj-dvorani-izvidac-tijesno-slavio\/#breadcrumb","itemListElement":[{"@type":"ListItem","position":1,"name":"Po\u010detna stranica","item":"https:\/\/radioljubuski.ba\/"},{"@type":"ListItem","position":2,"name":"Ponovo drama u Gradskoj \u0161portskoj dvorani, Izvi\u0111a\u010d tijesno slavio sa 29-28"}]},{"@type":"WebSite","@id":"https:\/\/radioljubuski.ba\/#website","url":"https:\/\/radioljubuski.ba\/","name":"Radio Ljubu\u0161ki","description":"Sun\u010dana frekvencija Hercegovine","publisher":{"@id":"https:\/\/radioljubuski.ba\/#organization"},"potentialAction":[{"@type":"SearchAction","target":{"@type":"EntryPoint","urlTemplate":"https:\/\/radioljubuski.ba\/?s={search_term_string}"},"query-input":{"@type":"PropertyValueSpecification","valueRequired":true,"valueName":"search_term_string"}}],"inLanguage":"hr"},{"@type":"Organization","@id":"https:\/\/radioljubuski.ba\/#organization","name":"Radio Ljubu\u0161ki","url":"https:\/\/radioljubuski.ba\/","logo":{"@type":"ImageObject","inLanguage":"hr","@id":"https:\/\/radioljubuski.ba\/#\/schema\/logo\/image\/","url":"https:\/\/radioljubuski.ba\/wp-content\/uploads\/2021\/02\/cropped-Radio_Ljubuski_logo1.jpg","contentUrl":"https:\/\/radioljubuski.ba\/wp-content\/uploads\/2021\/02\/cropped-Radio_Ljubuski_logo1.jpg","width":512,"height":512,"caption":"Radio Ljubu\u0161ki"},"image":{"@id":"https:\/\/radioljubuski.ba\/#\/schema\/logo\/image\/"},"sameAs":["https:\/\/www.facebook.com\/Radiio-Ljubuski-1490835324566332","https:\/\/x.com\/radioljubuski","https:\/\/hr.linkedin.com\/company\/radio-ljubuski","https:\/\/www.youtube.com\/channel\/UCHYaeO_n0Db3tjNGudGpXyw"]},{"@type":"Person","@id":"https:\/\/radioljubuski.ba\/#\/schema\/person\/19fc700381a780f69665d7956c469e3b","name":"Radio Ljubu\u0161ki"}]}},"_links":{"self":[{"href":"https:\/\/radioljubuski.ba\/index.php\/wp-json\/wp\/v2\/posts\/182564","targetHints":{"allow":["GET"]}}],"collection":[{"href":"https:\/\/radioljubuski.ba\/index.php\/wp-json\/wp\/v2\/posts"}],"about":[{"href":"https:\/\/radioljubuski.ba\/index.php\/wp-json\/wp\/v2\/types\/post"}],"author":[{"embeddable":true,"href":"https:\/\/radioljubuski.ba\/index.php\/wp-json\/wp\/v2\/users\/2"}],"replies":[{"embeddable":true,"href":"https:\/\/radioljubuski.ba\/index.php\/wp-json\/wp\/v2\/comments?post=182564"}],"version-history":[{"count":3,"href":"https:\/\/radioljubuski.ba\/index.php\/wp-json\/wp\/v2\/posts\/182564\/revisions"}],"predecessor-version":[{"id":182594,"href":"https:\/\/radioljubuski.ba\/index.php\/wp-json\/wp\/v2\/posts\/182564\/revisions\/182594"}],"wp:featuredmedia":[{"embeddable":true,"href":"https:\/\/radioljubuski.ba\/index.php\/wp-json\/wp\/v2\/media\/182572"}],"wp:attachment":[{"href":"https:\/\/radioljubuski.ba\/index.php\/wp-json\/wp\/v2\/media?parent=182564"}],"wp:term":[{"taxonomy":"category","embeddable":true,"href":"https:\/\/radioljubuski.ba\/index.php\/wp-json\/wp\/v2\/categories?post=182564"},{"taxonomy":"post_tag","embeddable":true,"href":"https:\/\/radioljubuski.ba\/index.php\/wp-json\/wp\/v2\/tags?post=182564"}],"curies":[{"name":"wp","href":"https:\/\/api.w.org\/{rel}","templated":true}]}}