{"id":182620,"date":"2022-09-22T10:11:46","date_gmt":"2022-09-22T09:11:46","guid":{"rendered":"https:\/\/radioljubuski.ba\/?p=182620"},"modified":"2022-09-22T10:11:51","modified_gmt":"2022-09-22T09:11:51","slug":"u-jadranu-60-vrsta-morskih-pasa-i-raza-70-posto-ih-je-ugrozeno","status":"publish","type":"post","link":"https:\/\/radioljubuski.ba\/index.php\/2022\/09\/22\/u-jadranu-60-vrsta-morskih-pasa-i-raza-70-posto-ih-je-ugrozeno\/","title":{"rendered":"U Jadranu 60 vrsta morskih pasa i ra\u017ea, 70 posto ih je ugro\u017eeno"},"content":{"rendered":"\n<p>Istra\u017eivanje koje se bavi hrskavi\u010dnim ribama pokazalo je da u Jadran povremeno zalazi ili u njemu stalno \u017eivi 60 vrsta morskih pasa i ra\u017ea, a prvi put je za svaku vrstu dana i kategorija ugro\u017eenosti koja je pokazala da je \u010dak 70 posto jadranskih vrsta ugro\u017eeno.<\/p>\n\n\n\n<p>Rad su u jednom od najpresti\u017enijih svjetskih znanstvenih \u010dasopisa za morsku biologiju &#8220;Fishes&#8221; objavili stru\u010dnjaci za morske pse i ra\u017ee Alen Soldo s Odjela za studije mora Sveu\u010dili\u0161ta u Splitu i Lovrenc Lipej sa slovenskog Nacionalnog biolo\u0161kog instituta.<\/p>\n\n\n\n<p>Taj rad prvi put nakon skoro dva desetlje\u0107a i knjige Sharks of the Adriatic Sea, koju su isti autori objavili jo\u0161 2004., donosi listu svih morskih pasa i ra\u017ea koji se nalaze u Jadranu.<\/p>\n\n\n\n<p>Lista je pokazala da se u Jadranu, bilo da stalno \u017eive ili povremeno zalaze, nalazi ukupno 60 vrsta, \u0161to je 68 posto svih hrskavi\u010dnja\u010da zabilje\u017eenih u Mediteranu.<\/p>\n\n\n\n<p>Od tog broja 33 su vrste morskih pasa, 26 je vrsta ra\u017eolikih riba te jedna vrsta morskog \u0161takora.<\/p>\n\n\n\n<p>U radu se tako\u0111er analizira u\u010destalost pojavljivanja tih vrsta te je utvr\u0111eno da su 33 vrste vrlo rijetke u Jadranu, osam ih se povremeno pojavljuje, 15 vrsta se vode kao uobi\u010dajene.<\/p>\n\n\n\n<p>Samo za \u010detiri vrste u Jadranu utvr\u0111eno je da imaju relativno ve\u0107e populacije i to za ma\u010dke bljedicu i mrkulju, psa \u010dukova i ra\u017eu modropjegu.<\/p>\n\n\n\n<p>Stanje u Jadranu lo\u0161e u svjetskim razmjerima<\/p>\n\n\n\n<p>Prvi put za svaku vrstu dana je i kategorija ugro\u017eenosti ra\u0111ena sukladno kriterijima Svjetske unije za o\u010duvanje prirode, a rezultati su pokazali da je stanje vrlo lo\u0161e i to u svjetskim razmjerima, rekao je Hini Alen Soldo.<\/p>\n\n\n\n<p>Mediteran se ina\u010de smatra kao najopasnije svjetsko podru\u010dje za sve vrste hrskavi\u010dnih riba jer ih vi\u0161e od 53 posto spada u neku od ugro\u017eenih kategorija.<\/p>\n\n\n\n<p>Situacija u Jadranu jo\u0161 je i gora jer je 70 posto jadranskih vrsta ugro\u017eeno, pri \u010demu 21 vrsta spada u kategoriju kriti\u010dno ugro\u017eenih, osam ih je ugro\u017eeno, a u kategoriji ranjivih je 10 vrsta.<\/p>\n\n\n\n<p>Na\u017ealost, tri vrste ozna\u010dene su i regionalno izumrlim i to sklat \u017eutan, ra\u017eopas i pilan.<\/p>\n\n\n\n<p>Soldo obja\u0161njava da su glavni razlozi ugro\u017eenosti morskih pasa koji se nalaze na vrhu hranidbenog lanca neracionalno ribarstvo, one\u010di\u0161\u0107enje okoli\u0161a i klimatske promjene.<\/p>\n\n\n\n<p>Iako ljudi morske pse \u010desto percipiraju kao vrlo opasna stvorenja, strah, barem kad je rije\u010d o Jadranu, nije racionalan jer su od 33 vrste samo tri potencijalno opasne &#8211; velika bijela psina, i bliski joj srodnici psina dugonosa i atlantska psina.<\/p>\n\n\n\n<p>Soldo ka\u017ee da su samo za veliku bijelu psinu dokumentirani rijetki incidenti s ljudskom populacijom dok za preostale dvije potencijalno opasne vrste koje \u017eive du\u017e Mediterana i povremeno zalaze u Jadran nikad nije zabilje\u017een ni jedan incident.<\/p>\n\n\n\n<p>Me\u0111u za ljude bezopasnim hrskavi\u010dnim ribama je i modrulj, jedina vrsta ve\u0107eg morskog psa koja je u\u010destala u Jadranskom moru te \u010detiri spomenute vrste koje imaju relativno ve\u0107u populaciju.<\/p>\n\n\n\n<p>Negativan utjecaj neujedna\u010dene zakonske regulative<\/p>\n\n\n\n<p>U istom radu autori upozoravaju i na neujedna\u010denu zakonsku regulativu jadranskih zemalja koja za posljedicu ima vrlo negativan utjecaj na jadranske populacije morskih pasa i ra\u017eolikih riba, posebice grupe pelagi\u010dnih vrsta koje poduzimaju duga\u010dke migracije.<\/p>\n\n\n\n<p>Primjerice, Hrvatska je \u0161ampion u o\u010duvanju hrskavi\u010dnih vrsta, ne samo u Europi nego i u svjetskim okvirima, jer 23 hrskavi\u010dne ribe imaju strogo za\u0161ti\u0107eni status.<\/p>\n\n\n\n<p>No, ta regulativa \u010duva ih samo dok se nalaze u moru pod hrvatskom jurisdikcijom i \u010dim iza\u0111u iz tog podru\u010dja prema njima se uglavnom ophode kao i prema svim ostalim ribama.<\/p>\n\n\n\n<p>Stoga autori, koji su i \u010dlanovi najva\u017enije svjetske organizacije stru\u010dnjaka za morske pse i ra\u017ee (IUCN Shark Specialist Group), upozoravaju na hitnu potrebu za izjedna\u010davanjem regulative te va\u017enosti otkrivanja njihovih mrijestili\u0161ta gdje bi se primijenile dodatne mjere za njihovu za\u0161titu i o\u010duvanje.<\/p>\n\n\n\n<p>Soldo je u \u010dasopisu Fishes nedavno u koautorstvu sa gr\u010dkim kolegama objavio sli\u010dan rad koji se bavi hrskavi\u010dnim ribama gr\u010dkih mora, a koji je nastao kao rezultat projekta i objavljene knjige o morskim psima i ra\u017eama Jonskog i Egejskog mora.<\/p>\n\n\n\n<p>Izvor:pogled.ba<\/p>\n","protected":false},"excerpt":{"rendered":"<p>Istra\u017eivanje koje se bavi hrskavi\u010dnim ribama pokazalo je da u Jadran povremeno zalazi ili u njemu stalno \u017eivi 60 vrsta morskih pasa i ra\u017ea, a prvi put je za svaku vrstu dana i kategorija ugro\u017eenosti koja je pokazala da je \u010dak 70 posto jadranskih vrsta ugro\u017eeno. Rad su u jednom od najpresti\u017enijih svjetskih znanstvenih \u010dasopisa [&hellip;]<\/p>\n","protected":false},"author":2,"featured_media":182621,"comment_status":"closed","ping_status":"closed","sticky":false,"template":"","format":"standard","meta":{"h5ap_radio_sources":[],"footnotes":""},"categories":[1],"tags":[],"class_list":["post-182620","post","type-post","status-publish","format-standard","has-post-thumbnail","hentry","category-bihiregija"],"yoast_head":"<!-- This site is optimized with the Yoast SEO plugin v27.5 - https:\/\/yoast.com\/product\/yoast-seo-wordpress\/ -->\n<title>U Jadranu 60 vrsta morskih pasa i ra\u017ea, 70 posto ih je ugro\u017eeno - RADIO LJUBU\u0160KI<\/title>\n<meta name=\"robots\" content=\"index, follow, max-snippet:-1, max-image-preview:large, max-video-preview:-1\" \/>\n<link rel=\"canonical\" href=\"https:\/\/radioljubuski.ba\/index.php\/2022\/09\/22\/u-jadranu-60-vrsta-morskih-pasa-i-raza-70-posto-ih-je-ugrozeno\/\" \/>\n<meta property=\"og:locale\" content=\"hr_HR\" \/>\n<meta property=\"og:type\" content=\"article\" \/>\n<meta property=\"og:title\" content=\"U Jadranu 60 vrsta morskih pasa i ra\u017ea, 70 posto ih je ugro\u017eeno - RADIO LJUBU\u0160KI\" \/>\n<meta property=\"og:description\" content=\"Istra\u017eivanje koje se bavi hrskavi\u010dnim ribama pokazalo je da u Jadran povremeno zalazi ili u njemu stalno \u017eivi 60 vrsta morskih pasa i ra\u017ea, a prvi put je za svaku vrstu dana i kategorija ugro\u017eenosti koja je pokazala da je \u010dak 70 posto jadranskih vrsta ugro\u017eeno. Rad su u jednom od najpresti\u017enijih svjetskih znanstvenih \u010dasopisa [&hellip;]\" \/>\n<meta property=\"og:url\" content=\"https:\/\/radioljubuski.ba\/index.php\/2022\/09\/22\/u-jadranu-60-vrsta-morskih-pasa-i-raza-70-posto-ih-je-ugrozeno\/\" \/>\n<meta property=\"og:site_name\" content=\"RADIO LJUBU\u0160KI\" \/>\n<meta property=\"article:publisher\" content=\"https:\/\/www.facebook.com\/Radiio-Ljubuski-1490835324566332\" \/>\n<meta property=\"article:published_time\" content=\"2022-09-22T09:11:46+00:00\" \/>\n<meta property=\"article:modified_time\" content=\"2022-09-22T09:11:51+00:00\" \/>\n<meta property=\"og:image\" content=\"https:\/\/radioljubuski.ba\/wp-content\/uploads\/2022\/09\/8-2022-05-09-11-33-20-jadran-more.jpeg\" \/>\n\t<meta property=\"og:image:width\" content=\"1000\" \/>\n\t<meta property=\"og:image:height\" content=\"625\" \/>\n\t<meta property=\"og:image:type\" content=\"image\/jpeg\" \/>\n<meta name=\"author\" content=\"Radio Ljubu\u0161ki\" \/>\n<meta name=\"twitter:card\" content=\"summary_large_image\" \/>\n<meta name=\"twitter:creator\" content=\"@radioljubuski\" \/>\n<meta name=\"twitter:site\" content=\"@radioljubuski\" \/>\n<meta name=\"twitter:label1\" content=\"Napisao\/la\" \/>\n\t<meta name=\"twitter:data1\" content=\"Radio Ljubu\u0161ki\" \/>\n\t<meta name=\"twitter:label2\" content=\"Procijenjeno vrijeme \u010ditanja\" \/>\n\t<meta name=\"twitter:data2\" content=\"3 minute\" \/>\n<script type=\"application\/ld+json\" class=\"yoast-schema-graph\">{\"@context\":\"https:\\\/\\\/schema.org\",\"@graph\":[{\"@type\":\"Article\",\"@id\":\"https:\\\/\\\/radioljubuski.ba\\\/index.php\\\/2022\\\/09\\\/22\\\/u-jadranu-60-vrsta-morskih-pasa-i-raza-70-posto-ih-je-ugrozeno\\\/#article\",\"isPartOf\":{\"@id\":\"https:\\\/\\\/radioljubuski.ba\\\/index.php\\\/2022\\\/09\\\/22\\\/u-jadranu-60-vrsta-morskih-pasa-i-raza-70-posto-ih-je-ugrozeno\\\/\"},\"author\":{\"name\":\"Radio Ljubu\u0161ki\",\"@id\":\"https:\\\/\\\/radioljubuski.ba\\\/#\\\/schema\\\/person\\\/19fc700381a780f69665d7956c469e3b\"},\"headline\":\"U Jadranu 60 vrsta morskih pasa i ra\u017ea, 70 posto ih je ugro\u017eeno\",\"datePublished\":\"2022-09-22T09:11:46+00:00\",\"dateModified\":\"2022-09-22T09:11:51+00:00\",\"mainEntityOfPage\":{\"@id\":\"https:\\\/\\\/radioljubuski.ba\\\/index.php\\\/2022\\\/09\\\/22\\\/u-jadranu-60-vrsta-morskih-pasa-i-raza-70-posto-ih-je-ugrozeno\\\/\"},\"wordCount\":725,\"publisher\":{\"@id\":\"https:\\\/\\\/radioljubuski.ba\\\/#organization\"},\"image\":{\"@id\":\"https:\\\/\\\/radioljubuski.ba\\\/index.php\\\/2022\\\/09\\\/22\\\/u-jadranu-60-vrsta-morskih-pasa-i-raza-70-posto-ih-je-ugrozeno\\\/#primaryimage\"},\"thumbnailUrl\":\"https:\\\/\\\/radioljubuski.ba\\\/wp-content\\\/uploads\\\/2022\\\/09\\\/8-2022-05-09-11-33-20-jadran-more.jpeg\",\"articleSection\":[\"BIH i regija\"],\"inLanguage\":\"hr\"},{\"@type\":\"WebPage\",\"@id\":\"https:\\\/\\\/radioljubuski.ba\\\/index.php\\\/2022\\\/09\\\/22\\\/u-jadranu-60-vrsta-morskih-pasa-i-raza-70-posto-ih-je-ugrozeno\\\/\",\"url\":\"https:\\\/\\\/radioljubuski.ba\\\/index.php\\\/2022\\\/09\\\/22\\\/u-jadranu-60-vrsta-morskih-pasa-i-raza-70-posto-ih-je-ugrozeno\\\/\",\"name\":\"U Jadranu 60 vrsta morskih pasa i ra\u017ea, 70 posto ih je ugro\u017eeno - RADIO LJUBU\u0160KI\",\"isPartOf\":{\"@id\":\"https:\\\/\\\/radioljubuski.ba\\\/#website\"},\"primaryImageOfPage\":{\"@id\":\"https:\\\/\\\/radioljubuski.ba\\\/index.php\\\/2022\\\/09\\\/22\\\/u-jadranu-60-vrsta-morskih-pasa-i-raza-70-posto-ih-je-ugrozeno\\\/#primaryimage\"},\"image\":{\"@id\":\"https:\\\/\\\/radioljubuski.ba\\\/index.php\\\/2022\\\/09\\\/22\\\/u-jadranu-60-vrsta-morskih-pasa-i-raza-70-posto-ih-je-ugrozeno\\\/#primaryimage\"},\"thumbnailUrl\":\"https:\\\/\\\/radioljubuski.ba\\\/wp-content\\\/uploads\\\/2022\\\/09\\\/8-2022-05-09-11-33-20-jadran-more.jpeg\",\"datePublished\":\"2022-09-22T09:11:46+00:00\",\"dateModified\":\"2022-09-22T09:11:51+00:00\",\"breadcrumb\":{\"@id\":\"https:\\\/\\\/radioljubuski.ba\\\/index.php\\\/2022\\\/09\\\/22\\\/u-jadranu-60-vrsta-morskih-pasa-i-raza-70-posto-ih-je-ugrozeno\\\/#breadcrumb\"},\"inLanguage\":\"hr\",\"potentialAction\":[{\"@type\":\"ReadAction\",\"target\":[\"https:\\\/\\\/radioljubuski.ba\\\/index.php\\\/2022\\\/09\\\/22\\\/u-jadranu-60-vrsta-morskih-pasa-i-raza-70-posto-ih-je-ugrozeno\\\/\"]}]},{\"@type\":\"ImageObject\",\"inLanguage\":\"hr\",\"@id\":\"https:\\\/\\\/radioljubuski.ba\\\/index.php\\\/2022\\\/09\\\/22\\\/u-jadranu-60-vrsta-morskih-pasa-i-raza-70-posto-ih-je-ugrozeno\\\/#primaryimage\",\"url\":\"https:\\\/\\\/radioljubuski.ba\\\/wp-content\\\/uploads\\\/2022\\\/09\\\/8-2022-05-09-11-33-20-jadran-more.jpeg\",\"contentUrl\":\"https:\\\/\\\/radioljubuski.ba\\\/wp-content\\\/uploads\\\/2022\\\/09\\\/8-2022-05-09-11-33-20-jadran-more.jpeg\",\"width\":1000,\"height\":625},{\"@type\":\"BreadcrumbList\",\"@id\":\"https:\\\/\\\/radioljubuski.ba\\\/index.php\\\/2022\\\/09\\\/22\\\/u-jadranu-60-vrsta-morskih-pasa-i-raza-70-posto-ih-je-ugrozeno\\\/#breadcrumb\",\"itemListElement\":[{\"@type\":\"ListItem\",\"position\":1,\"name\":\"Po\u010detna stranica\",\"item\":\"https:\\\/\\\/radioljubuski.ba\\\/\"},{\"@type\":\"ListItem\",\"position\":2,\"name\":\"U Jadranu 60 vrsta morskih pasa i ra\u017ea, 70 posto ih je ugro\u017eeno\"}]},{\"@type\":\"WebSite\",\"@id\":\"https:\\\/\\\/radioljubuski.ba\\\/#website\",\"url\":\"https:\\\/\\\/radioljubuski.ba\\\/\",\"name\":\"Radio Ljubu\u0161ki\",\"description\":\"Sun\u010dana frekvencija Hercegovine\",\"publisher\":{\"@id\":\"https:\\\/\\\/radioljubuski.ba\\\/#organization\"},\"potentialAction\":[{\"@type\":\"SearchAction\",\"target\":{\"@type\":\"EntryPoint\",\"urlTemplate\":\"https:\\\/\\\/radioljubuski.ba\\\/?s={search_term_string}\"},\"query-input\":{\"@type\":\"PropertyValueSpecification\",\"valueRequired\":true,\"valueName\":\"search_term_string\"}}],\"inLanguage\":\"hr\"},{\"@type\":\"Organization\",\"@id\":\"https:\\\/\\\/radioljubuski.ba\\\/#organization\",\"name\":\"Radio Ljubu\u0161ki\",\"url\":\"https:\\\/\\\/radioljubuski.ba\\\/\",\"logo\":{\"@type\":\"ImageObject\",\"inLanguage\":\"hr\",\"@id\":\"https:\\\/\\\/radioljubuski.ba\\\/#\\\/schema\\\/logo\\\/image\\\/\",\"url\":\"https:\\\/\\\/radioljubuski.ba\\\/wp-content\\\/uploads\\\/2021\\\/02\\\/cropped-Radio_Ljubuski_logo1.jpg\",\"contentUrl\":\"https:\\\/\\\/radioljubuski.ba\\\/wp-content\\\/uploads\\\/2021\\\/02\\\/cropped-Radio_Ljubuski_logo1.jpg\",\"width\":512,\"height\":512,\"caption\":\"Radio Ljubu\u0161ki\"},\"image\":{\"@id\":\"https:\\\/\\\/radioljubuski.ba\\\/#\\\/schema\\\/logo\\\/image\\\/\"},\"sameAs\":[\"https:\\\/\\\/www.facebook.com\\\/Radiio-Ljubuski-1490835324566332\",\"https:\\\/\\\/x.com\\\/radioljubuski\",\"https:\\\/\\\/hr.linkedin.com\\\/company\\\/radio-ljubuski\",\"https:\\\/\\\/www.youtube.com\\\/channel\\\/UCHYaeO_n0Db3tjNGudGpXyw\"]},{\"@type\":\"Person\",\"@id\":\"https:\\\/\\\/radioljubuski.ba\\\/#\\\/schema\\\/person\\\/19fc700381a780f69665d7956c469e3b\",\"name\":\"Radio Ljubu\u0161ki\"}]}<\/script>\n<!-- \/ Yoast SEO plugin. -->","yoast_head_json":{"title":"U Jadranu 60 vrsta morskih pasa i ra\u017ea, 70 posto ih je ugro\u017eeno - RADIO LJUBU\u0160KI","robots":{"index":"index","follow":"follow","max-snippet":"max-snippet:-1","max-image-preview":"max-image-preview:large","max-video-preview":"max-video-preview:-1"},"canonical":"https:\/\/radioljubuski.ba\/index.php\/2022\/09\/22\/u-jadranu-60-vrsta-morskih-pasa-i-raza-70-posto-ih-je-ugrozeno\/","og_locale":"hr_HR","og_type":"article","og_title":"U Jadranu 60 vrsta morskih pasa i ra\u017ea, 70 posto ih je ugro\u017eeno - RADIO LJUBU\u0160KI","og_description":"Istra\u017eivanje koje se bavi hrskavi\u010dnim ribama pokazalo je da u Jadran povremeno zalazi ili u njemu stalno \u017eivi 60 vrsta morskih pasa i ra\u017ea, a prvi put je za svaku vrstu dana i kategorija ugro\u017eenosti koja je pokazala da je \u010dak 70 posto jadranskih vrsta ugro\u017eeno. Rad su u jednom od najpresti\u017enijih svjetskih znanstvenih \u010dasopisa [&hellip;]","og_url":"https:\/\/radioljubuski.ba\/index.php\/2022\/09\/22\/u-jadranu-60-vrsta-morskih-pasa-i-raza-70-posto-ih-je-ugrozeno\/","og_site_name":"RADIO LJUBU\u0160KI","article_publisher":"https:\/\/www.facebook.com\/Radiio-Ljubuski-1490835324566332","article_published_time":"2022-09-22T09:11:46+00:00","article_modified_time":"2022-09-22T09:11:51+00:00","og_image":[{"width":1000,"height":625,"url":"https:\/\/radioljubuski.ba\/wp-content\/uploads\/2022\/09\/8-2022-05-09-11-33-20-jadran-more.jpeg","type":"image\/jpeg"}],"author":"Radio Ljubu\u0161ki","twitter_card":"summary_large_image","twitter_creator":"@radioljubuski","twitter_site":"@radioljubuski","twitter_misc":{"Napisao\/la":"Radio Ljubu\u0161ki","Procijenjeno vrijeme \u010ditanja":"3 minute"},"schema":{"@context":"https:\/\/schema.org","@graph":[{"@type":"Article","@id":"https:\/\/radioljubuski.ba\/index.php\/2022\/09\/22\/u-jadranu-60-vrsta-morskih-pasa-i-raza-70-posto-ih-je-ugrozeno\/#article","isPartOf":{"@id":"https:\/\/radioljubuski.ba\/index.php\/2022\/09\/22\/u-jadranu-60-vrsta-morskih-pasa-i-raza-70-posto-ih-je-ugrozeno\/"},"author":{"name":"Radio Ljubu\u0161ki","@id":"https:\/\/radioljubuski.ba\/#\/schema\/person\/19fc700381a780f69665d7956c469e3b"},"headline":"U Jadranu 60 vrsta morskih pasa i ra\u017ea, 70 posto ih je ugro\u017eeno","datePublished":"2022-09-22T09:11:46+00:00","dateModified":"2022-09-22T09:11:51+00:00","mainEntityOfPage":{"@id":"https:\/\/radioljubuski.ba\/index.php\/2022\/09\/22\/u-jadranu-60-vrsta-morskih-pasa-i-raza-70-posto-ih-je-ugrozeno\/"},"wordCount":725,"publisher":{"@id":"https:\/\/radioljubuski.ba\/#organization"},"image":{"@id":"https:\/\/radioljubuski.ba\/index.php\/2022\/09\/22\/u-jadranu-60-vrsta-morskih-pasa-i-raza-70-posto-ih-je-ugrozeno\/#primaryimage"},"thumbnailUrl":"https:\/\/radioljubuski.ba\/wp-content\/uploads\/2022\/09\/8-2022-05-09-11-33-20-jadran-more.jpeg","articleSection":["BIH i regija"],"inLanguage":"hr"},{"@type":"WebPage","@id":"https:\/\/radioljubuski.ba\/index.php\/2022\/09\/22\/u-jadranu-60-vrsta-morskih-pasa-i-raza-70-posto-ih-je-ugrozeno\/","url":"https:\/\/radioljubuski.ba\/index.php\/2022\/09\/22\/u-jadranu-60-vrsta-morskih-pasa-i-raza-70-posto-ih-je-ugrozeno\/","name":"U Jadranu 60 vrsta morskih pasa i ra\u017ea, 70 posto ih je ugro\u017eeno - RADIO LJUBU\u0160KI","isPartOf":{"@id":"https:\/\/radioljubuski.ba\/#website"},"primaryImageOfPage":{"@id":"https:\/\/radioljubuski.ba\/index.php\/2022\/09\/22\/u-jadranu-60-vrsta-morskih-pasa-i-raza-70-posto-ih-je-ugrozeno\/#primaryimage"},"image":{"@id":"https:\/\/radioljubuski.ba\/index.php\/2022\/09\/22\/u-jadranu-60-vrsta-morskih-pasa-i-raza-70-posto-ih-je-ugrozeno\/#primaryimage"},"thumbnailUrl":"https:\/\/radioljubuski.ba\/wp-content\/uploads\/2022\/09\/8-2022-05-09-11-33-20-jadran-more.jpeg","datePublished":"2022-09-22T09:11:46+00:00","dateModified":"2022-09-22T09:11:51+00:00","breadcrumb":{"@id":"https:\/\/radioljubuski.ba\/index.php\/2022\/09\/22\/u-jadranu-60-vrsta-morskih-pasa-i-raza-70-posto-ih-je-ugrozeno\/#breadcrumb"},"inLanguage":"hr","potentialAction":[{"@type":"ReadAction","target":["https:\/\/radioljubuski.ba\/index.php\/2022\/09\/22\/u-jadranu-60-vrsta-morskih-pasa-i-raza-70-posto-ih-je-ugrozeno\/"]}]},{"@type":"ImageObject","inLanguage":"hr","@id":"https:\/\/radioljubuski.ba\/index.php\/2022\/09\/22\/u-jadranu-60-vrsta-morskih-pasa-i-raza-70-posto-ih-je-ugrozeno\/#primaryimage","url":"https:\/\/radioljubuski.ba\/wp-content\/uploads\/2022\/09\/8-2022-05-09-11-33-20-jadran-more.jpeg","contentUrl":"https:\/\/radioljubuski.ba\/wp-content\/uploads\/2022\/09\/8-2022-05-09-11-33-20-jadran-more.jpeg","width":1000,"height":625},{"@type":"BreadcrumbList","@id":"https:\/\/radioljubuski.ba\/index.php\/2022\/09\/22\/u-jadranu-60-vrsta-morskih-pasa-i-raza-70-posto-ih-je-ugrozeno\/#breadcrumb","itemListElement":[{"@type":"ListItem","position":1,"name":"Po\u010detna stranica","item":"https:\/\/radioljubuski.ba\/"},{"@type":"ListItem","position":2,"name":"U Jadranu 60 vrsta morskih pasa i ra\u017ea, 70 posto ih je ugro\u017eeno"}]},{"@type":"WebSite","@id":"https:\/\/radioljubuski.ba\/#website","url":"https:\/\/radioljubuski.ba\/","name":"Radio Ljubu\u0161ki","description":"Sun\u010dana frekvencija Hercegovine","publisher":{"@id":"https:\/\/radioljubuski.ba\/#organization"},"potentialAction":[{"@type":"SearchAction","target":{"@type":"EntryPoint","urlTemplate":"https:\/\/radioljubuski.ba\/?s={search_term_string}"},"query-input":{"@type":"PropertyValueSpecification","valueRequired":true,"valueName":"search_term_string"}}],"inLanguage":"hr"},{"@type":"Organization","@id":"https:\/\/radioljubuski.ba\/#organization","name":"Radio Ljubu\u0161ki","url":"https:\/\/radioljubuski.ba\/","logo":{"@type":"ImageObject","inLanguage":"hr","@id":"https:\/\/radioljubuski.ba\/#\/schema\/logo\/image\/","url":"https:\/\/radioljubuski.ba\/wp-content\/uploads\/2021\/02\/cropped-Radio_Ljubuski_logo1.jpg","contentUrl":"https:\/\/radioljubuski.ba\/wp-content\/uploads\/2021\/02\/cropped-Radio_Ljubuski_logo1.jpg","width":512,"height":512,"caption":"Radio Ljubu\u0161ki"},"image":{"@id":"https:\/\/radioljubuski.ba\/#\/schema\/logo\/image\/"},"sameAs":["https:\/\/www.facebook.com\/Radiio-Ljubuski-1490835324566332","https:\/\/x.com\/radioljubuski","https:\/\/hr.linkedin.com\/company\/radio-ljubuski","https:\/\/www.youtube.com\/channel\/UCHYaeO_n0Db3tjNGudGpXyw"]},{"@type":"Person","@id":"https:\/\/radioljubuski.ba\/#\/schema\/person\/19fc700381a780f69665d7956c469e3b","name":"Radio Ljubu\u0161ki"}]}},"_links":{"self":[{"href":"https:\/\/radioljubuski.ba\/index.php\/wp-json\/wp\/v2\/posts\/182620","targetHints":{"allow":["GET"]}}],"collection":[{"href":"https:\/\/radioljubuski.ba\/index.php\/wp-json\/wp\/v2\/posts"}],"about":[{"href":"https:\/\/radioljubuski.ba\/index.php\/wp-json\/wp\/v2\/types\/post"}],"author":[{"embeddable":true,"href":"https:\/\/radioljubuski.ba\/index.php\/wp-json\/wp\/v2\/users\/2"}],"replies":[{"embeddable":true,"href":"https:\/\/radioljubuski.ba\/index.php\/wp-json\/wp\/v2\/comments?post=182620"}],"version-history":[{"count":1,"href":"https:\/\/radioljubuski.ba\/index.php\/wp-json\/wp\/v2\/posts\/182620\/revisions"}],"predecessor-version":[{"id":182622,"href":"https:\/\/radioljubuski.ba\/index.php\/wp-json\/wp\/v2\/posts\/182620\/revisions\/182622"}],"wp:featuredmedia":[{"embeddable":true,"href":"https:\/\/radioljubuski.ba\/index.php\/wp-json\/wp\/v2\/media\/182621"}],"wp:attachment":[{"href":"https:\/\/radioljubuski.ba\/index.php\/wp-json\/wp\/v2\/media?parent=182620"}],"wp:term":[{"taxonomy":"category","embeddable":true,"href":"https:\/\/radioljubuski.ba\/index.php\/wp-json\/wp\/v2\/categories?post=182620"},{"taxonomy":"post_tag","embeddable":true,"href":"https:\/\/radioljubuski.ba\/index.php\/wp-json\/wp\/v2\/tags?post=182620"}],"curies":[{"name":"wp","href":"https:\/\/api.w.org\/{rel}","templated":true}]}}