{"id":182626,"date":"2022-09-22T10:15:08","date_gmt":"2022-09-22T09:15:08","guid":{"rendered":"https:\/\/radioljubuski.ba\/?p=182626"},"modified":"2022-09-22T10:15:09","modified_gmt":"2022-09-22T09:15:09","slug":"za-mladence-martinu-i-andreja-lokalni-radio-odsvirao-cak-1000-glazbenih-zelja","status":"publish","type":"post","link":"https:\/\/radioljubuski.ba\/index.php\/2022\/09\/22\/za-mladence-martinu-i-andreja-lokalni-radio-odsvirao-cak-1000-glazbenih-zelja\/","title":{"rendered":"Za mladence Martinu i Andreja lokalni radio odsvirao \u010dak 1000 glazbenih \u017eelja"},"content":{"rendered":"\n<p>Sretni par Martina Modri\u0107 i Andrej Mucak iz Virovitice protekli su vikend uplovili u bra\u010dnu luku, a prijatelji i rodbina platili su im na viroviti\u010dkom ICV radiju \u010dak 1000 \u017eelja!<\/p>\n\n\n\n<p>\u201cTe\u0161ko je bilo za o\u010dekivati da \u0107e stari rekord biti sru\u0161en, no i to se dogodilo proteklog tjedna! Okruglih 1000 \u017eelja, koje su im uputili \u010dlanovi obitelji, rodbina i prijatelji, odsvirali smo za Martinu i Andreja Mucak koji su tako postali apsolutni rekorderi u emisiji \u010cestitke i pozdravi\u201d, pohvalio se ICV, prenosi <a href=\"https:\/\/danica.hr\/za-mladence-martinu-i-andreja-lokalni-radio-odsvirao-cak-1000-glazbenih-zelja\/\">Danica.hr<\/a>.<\/p>\n\n\n\n<p>Novope\u010deni supru\u017enici tako\u0111er su iznena\u0111eni tom brojkom koju, kako priznaju, nisu o\u010dekivali.<\/p>\n\n\n\n<p>\u201cS obzirom na koli\u010dinu \u017eelja, Martini i Andreju svirali smo i nakon vjen\u010danja, to\u010dnije ju\u010der (ponedjeljak), a me\u0111u najizvo\u0111enijima bile su \u201cJedan \u017eivot malo je\u201d, \u201cSve po\u0161tivam svoje u\u017eivam\u201d, \u201cSunce jedino\u201d te \u201c\u017divot je raj\u201d, rekli su na ICV-u.<\/p>\n\n\n\n<p>Ina\u010de, \u010destitke i pozdravi na ICV radiju stoje 12 kuna plus pdv, dakle 15 kuna ukupno. To zna\u010di da je viroviti\u010dki radio samo na vjen\u010danju Martine i Andreja uprihodio \u010dak 15.000 kuna!<\/p>\n\n\n\n<p>Izvor:danica.hr<\/p>\n","protected":false},"excerpt":{"rendered":"<p>Sretni par Martina Modri\u0107 i Andrej Mucak iz Virovitice protekli su vikend uplovili u bra\u010dnu luku, a prijatelji i rodbina platili su im na viroviti\u010dkom ICV radiju \u010dak 1000 \u017eelja! \u201cTe\u0161ko je bilo za o\u010dekivati da \u0107e stari rekord biti sru\u0161en, no i to se dogodilo proteklog tjedna! Okruglih 1000 \u017eelja, koje su im uputili [&hellip;]<\/p>\n","protected":false},"author":2,"featured_media":182627,"comment_status":"closed","ping_status":"closed","sticky":false,"template":"","format":"standard","meta":{"h5ap_radio_sources":[],"footnotes":""},"categories":[1],"tags":[],"class_list":["post-182626","post","type-post","status-publish","format-standard","has-post-thumbnail","hentry","category-bihiregija"],"yoast_head":"<!-- This site is optimized with the Yoast SEO plugin v27.5 - https:\/\/yoast.com\/product\/yoast-seo-wordpress\/ -->\n<title>Za mladence Martinu i Andreja lokalni radio odsvirao \u010dak 1000 glazbenih \u017eelja - RADIO LJUBU\u0160KI<\/title>\n<meta name=\"robots\" content=\"index, follow, max-snippet:-1, max-image-preview:large, max-video-preview:-1\" \/>\n<link rel=\"canonical\" href=\"https:\/\/radioljubuski.ba\/index.php\/2022\/09\/22\/za-mladence-martinu-i-andreja-lokalni-radio-odsvirao-cak-1000-glazbenih-zelja\/\" \/>\n<meta property=\"og:locale\" content=\"hr_HR\" \/>\n<meta property=\"og:type\" content=\"article\" \/>\n<meta property=\"og:title\" content=\"Za mladence Martinu i Andreja lokalni radio odsvirao \u010dak 1000 glazbenih \u017eelja - RADIO LJUBU\u0160KI\" \/>\n<meta property=\"og:description\" content=\"Sretni par Martina Modri\u0107 i Andrej Mucak iz Virovitice protekli su vikend uplovili u bra\u010dnu luku, a prijatelji i rodbina platili su im na viroviti\u010dkom ICV radiju \u010dak 1000 \u017eelja! \u201cTe\u0161ko je bilo za o\u010dekivati da \u0107e stari rekord biti sru\u0161en, no i to se dogodilo proteklog tjedna! Okruglih 1000 \u017eelja, koje su im uputili [&hellip;]\" \/>\n<meta property=\"og:url\" content=\"https:\/\/radioljubuski.ba\/index.php\/2022\/09\/22\/za-mladence-martinu-i-andreja-lokalni-radio-odsvirao-cak-1000-glazbenih-zelja\/\" \/>\n<meta property=\"og:site_name\" content=\"RADIO LJUBU\u0160KI\" \/>\n<meta property=\"article:publisher\" content=\"https:\/\/www.facebook.com\/Radiio-Ljubuski-1490835324566332\" \/>\n<meta property=\"article:published_time\" content=\"2022-09-22T09:15:08+00:00\" \/>\n<meta property=\"article:modified_time\" content=\"2022-09-22T09:15:09+00:00\" \/>\n<meta property=\"og:image\" content=\"https:\/\/radioljubuski.ba\/wp-content\/uploads\/2022\/09\/3-2022-09-21-08-33-44-svadba-cestitke-icv.jpg\" \/>\n\t<meta property=\"og:image:width\" content=\"1000\" \/>\n\t<meta property=\"og:image:height\" content=\"625\" \/>\n\t<meta property=\"og:image:type\" content=\"image\/jpeg\" \/>\n<meta name=\"author\" content=\"Radio Ljubu\u0161ki\" \/>\n<meta name=\"twitter:card\" content=\"summary_large_image\" \/>\n<meta name=\"twitter:creator\" content=\"@radioljubuski\" \/>\n<meta name=\"twitter:site\" content=\"@radioljubuski\" \/>\n<meta name=\"twitter:label1\" content=\"Napisao\/la\" \/>\n\t<meta name=\"twitter:data1\" content=\"Radio Ljubu\u0161ki\" \/>\n\t<meta name=\"twitter:label2\" content=\"Procijenjeno vrijeme \u010ditanja\" \/>\n\t<meta name=\"twitter:data2\" content=\"1 minuta\" \/>\n<script type=\"application\/ld+json\" class=\"yoast-schema-graph\">{\"@context\":\"https:\\\/\\\/schema.org\",\"@graph\":[{\"@type\":\"Article\",\"@id\":\"https:\\\/\\\/radioljubuski.ba\\\/index.php\\\/2022\\\/09\\\/22\\\/za-mladence-martinu-i-andreja-lokalni-radio-odsvirao-cak-1000-glazbenih-zelja\\\/#article\",\"isPartOf\":{\"@id\":\"https:\\\/\\\/radioljubuski.ba\\\/index.php\\\/2022\\\/09\\\/22\\\/za-mladence-martinu-i-andreja-lokalni-radio-odsvirao-cak-1000-glazbenih-zelja\\\/\"},\"author\":{\"name\":\"Radio Ljubu\u0161ki\",\"@id\":\"https:\\\/\\\/radioljubuski.ba\\\/#\\\/schema\\\/person\\\/19fc700381a780f69665d7956c469e3b\"},\"headline\":\"Za mladence Martinu i Andreja lokalni radio odsvirao \u010dak 1000 glazbenih \u017eelja\",\"datePublished\":\"2022-09-22T09:15:08+00:00\",\"dateModified\":\"2022-09-22T09:15:09+00:00\",\"mainEntityOfPage\":{\"@id\":\"https:\\\/\\\/radioljubuski.ba\\\/index.php\\\/2022\\\/09\\\/22\\\/za-mladence-martinu-i-andreja-lokalni-radio-odsvirao-cak-1000-glazbenih-zelja\\\/\"},\"wordCount\":198,\"publisher\":{\"@id\":\"https:\\\/\\\/radioljubuski.ba\\\/#organization\"},\"image\":{\"@id\":\"https:\\\/\\\/radioljubuski.ba\\\/index.php\\\/2022\\\/09\\\/22\\\/za-mladence-martinu-i-andreja-lokalni-radio-odsvirao-cak-1000-glazbenih-zelja\\\/#primaryimage\"},\"thumbnailUrl\":\"https:\\\/\\\/radioljubuski.ba\\\/wp-content\\\/uploads\\\/2022\\\/09\\\/3-2022-09-21-08-33-44-svadba-cestitke-icv.jpg\",\"articleSection\":[\"BIH i regija\"],\"inLanguage\":\"hr\"},{\"@type\":\"WebPage\",\"@id\":\"https:\\\/\\\/radioljubuski.ba\\\/index.php\\\/2022\\\/09\\\/22\\\/za-mladence-martinu-i-andreja-lokalni-radio-odsvirao-cak-1000-glazbenih-zelja\\\/\",\"url\":\"https:\\\/\\\/radioljubuski.ba\\\/index.php\\\/2022\\\/09\\\/22\\\/za-mladence-martinu-i-andreja-lokalni-radio-odsvirao-cak-1000-glazbenih-zelja\\\/\",\"name\":\"Za mladence Martinu i Andreja lokalni radio odsvirao \u010dak 1000 glazbenih \u017eelja - RADIO LJUBU\u0160KI\",\"isPartOf\":{\"@id\":\"https:\\\/\\\/radioljubuski.ba\\\/#website\"},\"primaryImageOfPage\":{\"@id\":\"https:\\\/\\\/radioljubuski.ba\\\/index.php\\\/2022\\\/09\\\/22\\\/za-mladence-martinu-i-andreja-lokalni-radio-odsvirao-cak-1000-glazbenih-zelja\\\/#primaryimage\"},\"image\":{\"@id\":\"https:\\\/\\\/radioljubuski.ba\\\/index.php\\\/2022\\\/09\\\/22\\\/za-mladence-martinu-i-andreja-lokalni-radio-odsvirao-cak-1000-glazbenih-zelja\\\/#primaryimage\"},\"thumbnailUrl\":\"https:\\\/\\\/radioljubuski.ba\\\/wp-content\\\/uploads\\\/2022\\\/09\\\/3-2022-09-21-08-33-44-svadba-cestitke-icv.jpg\",\"datePublished\":\"2022-09-22T09:15:08+00:00\",\"dateModified\":\"2022-09-22T09:15:09+00:00\",\"breadcrumb\":{\"@id\":\"https:\\\/\\\/radioljubuski.ba\\\/index.php\\\/2022\\\/09\\\/22\\\/za-mladence-martinu-i-andreja-lokalni-radio-odsvirao-cak-1000-glazbenih-zelja\\\/#breadcrumb\"},\"inLanguage\":\"hr\",\"potentialAction\":[{\"@type\":\"ReadAction\",\"target\":[\"https:\\\/\\\/radioljubuski.ba\\\/index.php\\\/2022\\\/09\\\/22\\\/za-mladence-martinu-i-andreja-lokalni-radio-odsvirao-cak-1000-glazbenih-zelja\\\/\"]}]},{\"@type\":\"ImageObject\",\"inLanguage\":\"hr\",\"@id\":\"https:\\\/\\\/radioljubuski.ba\\\/index.php\\\/2022\\\/09\\\/22\\\/za-mladence-martinu-i-andreja-lokalni-radio-odsvirao-cak-1000-glazbenih-zelja\\\/#primaryimage\",\"url\":\"https:\\\/\\\/radioljubuski.ba\\\/wp-content\\\/uploads\\\/2022\\\/09\\\/3-2022-09-21-08-33-44-svadba-cestitke-icv.jpg\",\"contentUrl\":\"https:\\\/\\\/radioljubuski.ba\\\/wp-content\\\/uploads\\\/2022\\\/09\\\/3-2022-09-21-08-33-44-svadba-cestitke-icv.jpg\",\"width\":1000,\"height\":625},{\"@type\":\"BreadcrumbList\",\"@id\":\"https:\\\/\\\/radioljubuski.ba\\\/index.php\\\/2022\\\/09\\\/22\\\/za-mladence-martinu-i-andreja-lokalni-radio-odsvirao-cak-1000-glazbenih-zelja\\\/#breadcrumb\",\"itemListElement\":[{\"@type\":\"ListItem\",\"position\":1,\"name\":\"Po\u010detna stranica\",\"item\":\"https:\\\/\\\/radioljubuski.ba\\\/\"},{\"@type\":\"ListItem\",\"position\":2,\"name\":\"Za mladence Martinu i Andreja lokalni radio odsvirao \u010dak 1000 glazbenih \u017eelja\"}]},{\"@type\":\"WebSite\",\"@id\":\"https:\\\/\\\/radioljubuski.ba\\\/#website\",\"url\":\"https:\\\/\\\/radioljubuski.ba\\\/\",\"name\":\"Radio Ljubu\u0161ki\",\"description\":\"Sun\u010dana frekvencija Hercegovine\",\"publisher\":{\"@id\":\"https:\\\/\\\/radioljubuski.ba\\\/#organization\"},\"potentialAction\":[{\"@type\":\"SearchAction\",\"target\":{\"@type\":\"EntryPoint\",\"urlTemplate\":\"https:\\\/\\\/radioljubuski.ba\\\/?s={search_term_string}\"},\"query-input\":{\"@type\":\"PropertyValueSpecification\",\"valueRequired\":true,\"valueName\":\"search_term_string\"}}],\"inLanguage\":\"hr\"},{\"@type\":\"Organization\",\"@id\":\"https:\\\/\\\/radioljubuski.ba\\\/#organization\",\"name\":\"Radio Ljubu\u0161ki\",\"url\":\"https:\\\/\\\/radioljubuski.ba\\\/\",\"logo\":{\"@type\":\"ImageObject\",\"inLanguage\":\"hr\",\"@id\":\"https:\\\/\\\/radioljubuski.ba\\\/#\\\/schema\\\/logo\\\/image\\\/\",\"url\":\"https:\\\/\\\/radioljubuski.ba\\\/wp-content\\\/uploads\\\/2021\\\/02\\\/cropped-Radio_Ljubuski_logo1.jpg\",\"contentUrl\":\"https:\\\/\\\/radioljubuski.ba\\\/wp-content\\\/uploads\\\/2021\\\/02\\\/cropped-Radio_Ljubuski_logo1.jpg\",\"width\":512,\"height\":512,\"caption\":\"Radio Ljubu\u0161ki\"},\"image\":{\"@id\":\"https:\\\/\\\/radioljubuski.ba\\\/#\\\/schema\\\/logo\\\/image\\\/\"},\"sameAs\":[\"https:\\\/\\\/www.facebook.com\\\/Radiio-Ljubuski-1490835324566332\",\"https:\\\/\\\/x.com\\\/radioljubuski\",\"https:\\\/\\\/hr.linkedin.com\\\/company\\\/radio-ljubuski\",\"https:\\\/\\\/www.youtube.com\\\/channel\\\/UCHYaeO_n0Db3tjNGudGpXyw\"]},{\"@type\":\"Person\",\"@id\":\"https:\\\/\\\/radioljubuski.ba\\\/#\\\/schema\\\/person\\\/19fc700381a780f69665d7956c469e3b\",\"name\":\"Radio Ljubu\u0161ki\"}]}<\/script>\n<!-- \/ Yoast SEO plugin. -->","yoast_head_json":{"title":"Za mladence Martinu i Andreja lokalni radio odsvirao \u010dak 1000 glazbenih \u017eelja - RADIO LJUBU\u0160KI","robots":{"index":"index","follow":"follow","max-snippet":"max-snippet:-1","max-image-preview":"max-image-preview:large","max-video-preview":"max-video-preview:-1"},"canonical":"https:\/\/radioljubuski.ba\/index.php\/2022\/09\/22\/za-mladence-martinu-i-andreja-lokalni-radio-odsvirao-cak-1000-glazbenih-zelja\/","og_locale":"hr_HR","og_type":"article","og_title":"Za mladence Martinu i Andreja lokalni radio odsvirao \u010dak 1000 glazbenih \u017eelja - RADIO LJUBU\u0160KI","og_description":"Sretni par Martina Modri\u0107 i Andrej Mucak iz Virovitice protekli su vikend uplovili u bra\u010dnu luku, a prijatelji i rodbina platili su im na viroviti\u010dkom ICV radiju \u010dak 1000 \u017eelja! \u201cTe\u0161ko je bilo za o\u010dekivati da \u0107e stari rekord biti sru\u0161en, no i to se dogodilo proteklog tjedna! Okruglih 1000 \u017eelja, koje su im uputili [&hellip;]","og_url":"https:\/\/radioljubuski.ba\/index.php\/2022\/09\/22\/za-mladence-martinu-i-andreja-lokalni-radio-odsvirao-cak-1000-glazbenih-zelja\/","og_site_name":"RADIO LJUBU\u0160KI","article_publisher":"https:\/\/www.facebook.com\/Radiio-Ljubuski-1490835324566332","article_published_time":"2022-09-22T09:15:08+00:00","article_modified_time":"2022-09-22T09:15:09+00:00","og_image":[{"width":1000,"height":625,"url":"https:\/\/radioljubuski.ba\/wp-content\/uploads\/2022\/09\/3-2022-09-21-08-33-44-svadba-cestitke-icv.jpg","type":"image\/jpeg"}],"author":"Radio Ljubu\u0161ki","twitter_card":"summary_large_image","twitter_creator":"@radioljubuski","twitter_site":"@radioljubuski","twitter_misc":{"Napisao\/la":"Radio Ljubu\u0161ki","Procijenjeno vrijeme \u010ditanja":"1 minuta"},"schema":{"@context":"https:\/\/schema.org","@graph":[{"@type":"Article","@id":"https:\/\/radioljubuski.ba\/index.php\/2022\/09\/22\/za-mladence-martinu-i-andreja-lokalni-radio-odsvirao-cak-1000-glazbenih-zelja\/#article","isPartOf":{"@id":"https:\/\/radioljubuski.ba\/index.php\/2022\/09\/22\/za-mladence-martinu-i-andreja-lokalni-radio-odsvirao-cak-1000-glazbenih-zelja\/"},"author":{"name":"Radio Ljubu\u0161ki","@id":"https:\/\/radioljubuski.ba\/#\/schema\/person\/19fc700381a780f69665d7956c469e3b"},"headline":"Za mladence Martinu i Andreja lokalni radio odsvirao \u010dak 1000 glazbenih \u017eelja","datePublished":"2022-09-22T09:15:08+00:00","dateModified":"2022-09-22T09:15:09+00:00","mainEntityOfPage":{"@id":"https:\/\/radioljubuski.ba\/index.php\/2022\/09\/22\/za-mladence-martinu-i-andreja-lokalni-radio-odsvirao-cak-1000-glazbenih-zelja\/"},"wordCount":198,"publisher":{"@id":"https:\/\/radioljubuski.ba\/#organization"},"image":{"@id":"https:\/\/radioljubuski.ba\/index.php\/2022\/09\/22\/za-mladence-martinu-i-andreja-lokalni-radio-odsvirao-cak-1000-glazbenih-zelja\/#primaryimage"},"thumbnailUrl":"https:\/\/radioljubuski.ba\/wp-content\/uploads\/2022\/09\/3-2022-09-21-08-33-44-svadba-cestitke-icv.jpg","articleSection":["BIH i regija"],"inLanguage":"hr"},{"@type":"WebPage","@id":"https:\/\/radioljubuski.ba\/index.php\/2022\/09\/22\/za-mladence-martinu-i-andreja-lokalni-radio-odsvirao-cak-1000-glazbenih-zelja\/","url":"https:\/\/radioljubuski.ba\/index.php\/2022\/09\/22\/za-mladence-martinu-i-andreja-lokalni-radio-odsvirao-cak-1000-glazbenih-zelja\/","name":"Za mladence Martinu i Andreja lokalni radio odsvirao \u010dak 1000 glazbenih \u017eelja - RADIO LJUBU\u0160KI","isPartOf":{"@id":"https:\/\/radioljubuski.ba\/#website"},"primaryImageOfPage":{"@id":"https:\/\/radioljubuski.ba\/index.php\/2022\/09\/22\/za-mladence-martinu-i-andreja-lokalni-radio-odsvirao-cak-1000-glazbenih-zelja\/#primaryimage"},"image":{"@id":"https:\/\/radioljubuski.ba\/index.php\/2022\/09\/22\/za-mladence-martinu-i-andreja-lokalni-radio-odsvirao-cak-1000-glazbenih-zelja\/#primaryimage"},"thumbnailUrl":"https:\/\/radioljubuski.ba\/wp-content\/uploads\/2022\/09\/3-2022-09-21-08-33-44-svadba-cestitke-icv.jpg","datePublished":"2022-09-22T09:15:08+00:00","dateModified":"2022-09-22T09:15:09+00:00","breadcrumb":{"@id":"https:\/\/radioljubuski.ba\/index.php\/2022\/09\/22\/za-mladence-martinu-i-andreja-lokalni-radio-odsvirao-cak-1000-glazbenih-zelja\/#breadcrumb"},"inLanguage":"hr","potentialAction":[{"@type":"ReadAction","target":["https:\/\/radioljubuski.ba\/index.php\/2022\/09\/22\/za-mladence-martinu-i-andreja-lokalni-radio-odsvirao-cak-1000-glazbenih-zelja\/"]}]},{"@type":"ImageObject","inLanguage":"hr","@id":"https:\/\/radioljubuski.ba\/index.php\/2022\/09\/22\/za-mladence-martinu-i-andreja-lokalni-radio-odsvirao-cak-1000-glazbenih-zelja\/#primaryimage","url":"https:\/\/radioljubuski.ba\/wp-content\/uploads\/2022\/09\/3-2022-09-21-08-33-44-svadba-cestitke-icv.jpg","contentUrl":"https:\/\/radioljubuski.ba\/wp-content\/uploads\/2022\/09\/3-2022-09-21-08-33-44-svadba-cestitke-icv.jpg","width":1000,"height":625},{"@type":"BreadcrumbList","@id":"https:\/\/radioljubuski.ba\/index.php\/2022\/09\/22\/za-mladence-martinu-i-andreja-lokalni-radio-odsvirao-cak-1000-glazbenih-zelja\/#breadcrumb","itemListElement":[{"@type":"ListItem","position":1,"name":"Po\u010detna stranica","item":"https:\/\/radioljubuski.ba\/"},{"@type":"ListItem","position":2,"name":"Za mladence Martinu i Andreja lokalni radio odsvirao \u010dak 1000 glazbenih \u017eelja"}]},{"@type":"WebSite","@id":"https:\/\/radioljubuski.ba\/#website","url":"https:\/\/radioljubuski.ba\/","name":"Radio Ljubu\u0161ki","description":"Sun\u010dana frekvencija Hercegovine","publisher":{"@id":"https:\/\/radioljubuski.ba\/#organization"},"potentialAction":[{"@type":"SearchAction","target":{"@type":"EntryPoint","urlTemplate":"https:\/\/radioljubuski.ba\/?s={search_term_string}"},"query-input":{"@type":"PropertyValueSpecification","valueRequired":true,"valueName":"search_term_string"}}],"inLanguage":"hr"},{"@type":"Organization","@id":"https:\/\/radioljubuski.ba\/#organization","name":"Radio Ljubu\u0161ki","url":"https:\/\/radioljubuski.ba\/","logo":{"@type":"ImageObject","inLanguage":"hr","@id":"https:\/\/radioljubuski.ba\/#\/schema\/logo\/image\/","url":"https:\/\/radioljubuski.ba\/wp-content\/uploads\/2021\/02\/cropped-Radio_Ljubuski_logo1.jpg","contentUrl":"https:\/\/radioljubuski.ba\/wp-content\/uploads\/2021\/02\/cropped-Radio_Ljubuski_logo1.jpg","width":512,"height":512,"caption":"Radio Ljubu\u0161ki"},"image":{"@id":"https:\/\/radioljubuski.ba\/#\/schema\/logo\/image\/"},"sameAs":["https:\/\/www.facebook.com\/Radiio-Ljubuski-1490835324566332","https:\/\/x.com\/radioljubuski","https:\/\/hr.linkedin.com\/company\/radio-ljubuski","https:\/\/www.youtube.com\/channel\/UCHYaeO_n0Db3tjNGudGpXyw"]},{"@type":"Person","@id":"https:\/\/radioljubuski.ba\/#\/schema\/person\/19fc700381a780f69665d7956c469e3b","name":"Radio Ljubu\u0161ki"}]}},"_links":{"self":[{"href":"https:\/\/radioljubuski.ba\/index.php\/wp-json\/wp\/v2\/posts\/182626","targetHints":{"allow":["GET"]}}],"collection":[{"href":"https:\/\/radioljubuski.ba\/index.php\/wp-json\/wp\/v2\/posts"}],"about":[{"href":"https:\/\/radioljubuski.ba\/index.php\/wp-json\/wp\/v2\/types\/post"}],"author":[{"embeddable":true,"href":"https:\/\/radioljubuski.ba\/index.php\/wp-json\/wp\/v2\/users\/2"}],"replies":[{"embeddable":true,"href":"https:\/\/radioljubuski.ba\/index.php\/wp-json\/wp\/v2\/comments?post=182626"}],"version-history":[{"count":1,"href":"https:\/\/radioljubuski.ba\/index.php\/wp-json\/wp\/v2\/posts\/182626\/revisions"}],"predecessor-version":[{"id":182628,"href":"https:\/\/radioljubuski.ba\/index.php\/wp-json\/wp\/v2\/posts\/182626\/revisions\/182628"}],"wp:featuredmedia":[{"embeddable":true,"href":"https:\/\/radioljubuski.ba\/index.php\/wp-json\/wp\/v2\/media\/182627"}],"wp:attachment":[{"href":"https:\/\/radioljubuski.ba\/index.php\/wp-json\/wp\/v2\/media?parent=182626"}],"wp:term":[{"taxonomy":"category","embeddable":true,"href":"https:\/\/radioljubuski.ba\/index.php\/wp-json\/wp\/v2\/categories?post=182626"},{"taxonomy":"post_tag","embeddable":true,"href":"https:\/\/radioljubuski.ba\/index.php\/wp-json\/wp\/v2\/tags?post=182626"}],"curies":[{"name":"wp","href":"https:\/\/api.w.org\/{rel}","templated":true}]}}