{"id":182645,"date":"2022-09-22T10:26:11","date_gmt":"2022-09-22T09:26:11","guid":{"rendered":"https:\/\/radioljubuski.ba\/?p=182645"},"modified":"2022-09-22T10:26:12","modified_gmt":"2022-09-22T09:26:12","slug":"odreden-pritvor-za-31-godisnjaka-zbog-obljube-nad-maloljetnicom","status":"publish","type":"post","link":"https:\/\/radioljubuski.ba\/index.php\/2022\/09\/22\/odreden-pritvor-za-31-godisnjaka-zbog-obljube-nad-maloljetnicom\/","title":{"rendered":"Odre\u0111en pritvor za 31-godi\u0161njaka zbog obljube nad maloljetnicom"},"content":{"rendered":"\n<p>Postupaju\u0107i tu\u017eitelj Okru\u017enog javnog tu\u017eiteljstva Banja Luka, nakon ispitivanja osumnji\u010denog lica M.V., koji je ro\u0111en 1991.godine u Lakta\u0161ima predlo\u017eio je odre\u0111ivanje pritvora zbog postojanja sumnje da je po\u010dinio krivi\u010dno djelo Obljuba sa djetetom mla\u0111im od petnaest godina.<\/p>\n\n\n\n<p>Osumnji\u010deni je spomenuto krivi\u010dno djelo po\u010dinio u vremenskom periodu od travnja mjeseca 2022.godine do 19.09.2022.godine, na \u0161tetu \u010detrnaestogodi\u0161njakinje.<\/p>\n\n\n\n<p>Tu\u017eitelj je stavio prijedlog za odre\u0111ivanje mjere pritvora zbog postojanja opasnosti da bi osumnji\u010deni boravkom na slobodi mogao ometati krivi\u010dni postupak uticajem na svjedoke, iz razloga postojanja naro\u010ditih okolnosti koje opravdavaju bojazan da \u0107e osumnji\u010deni ponoviti krivi\u010dno djelo, te iz izvanrednih okolnosti jer bi pu\u0161tanje na slobodu osumnji\u010denog rezultiralo stvarnom prijetnjom naru\u0161avanja javnog reda-uznemirenju javnosti<\/p>\n\n\n\n<p>Izvor:pogled.ba<\/p>\n","protected":false},"excerpt":{"rendered":"<p>Postupaju\u0107i tu\u017eitelj Okru\u017enog javnog tu\u017eiteljstva Banja Luka, nakon ispitivanja osumnji\u010denog lica M.V., koji je ro\u0111en 1991.godine u Lakta\u0161ima predlo\u017eio je odre\u0111ivanje pritvora zbog postojanja sumnje da je po\u010dinio krivi\u010dno djelo Obljuba sa djetetom mla\u0111im od petnaest godina. Osumnji\u010deni je spomenuto krivi\u010dno djelo po\u010dinio u vremenskom periodu od travnja mjeseca 2022.godine do 19.09.2022.godine, na \u0161tetu \u010detrnaestogodi\u0161njakinje. [&hellip;]<\/p>\n","protected":false},"author":2,"featured_media":133604,"comment_status":"closed","ping_status":"closed","sticky":false,"template":"","format":"standard","meta":{"h5ap_radio_sources":[],"footnotes":""},"categories":[1],"tags":[],"class_list":["post-182645","post","type-post","status-publish","format-standard","has-post-thumbnail","hentry","category-bihiregija"],"yoast_head":"<!-- This site is optimized with the Yoast SEO plugin v27.4 - https:\/\/yoast.com\/product\/yoast-seo-wordpress\/ -->\n<title>Odre\u0111en pritvor za 31-godi\u0161njaka zbog obljube nad maloljetnicom - RADIO LJUBU\u0160KI<\/title>\n<meta name=\"robots\" content=\"index, follow, max-snippet:-1, max-image-preview:large, max-video-preview:-1\" \/>\n<link rel=\"canonical\" href=\"https:\/\/radioljubuski.ba\/index.php\/2022\/09\/22\/odreden-pritvor-za-31-godisnjaka-zbog-obljube-nad-maloljetnicom\/\" \/>\n<meta property=\"og:locale\" content=\"hr_HR\" \/>\n<meta property=\"og:type\" content=\"article\" \/>\n<meta property=\"og:title\" content=\"Odre\u0111en pritvor za 31-godi\u0161njaka zbog obljube nad maloljetnicom - RADIO LJUBU\u0160KI\" \/>\n<meta property=\"og:description\" content=\"Postupaju\u0107i tu\u017eitelj Okru\u017enog javnog tu\u017eiteljstva Banja Luka, nakon ispitivanja osumnji\u010denog lica M.V., koji je ro\u0111en 1991.godine u Lakta\u0161ima predlo\u017eio je odre\u0111ivanje pritvora zbog postojanja sumnje da je po\u010dinio krivi\u010dno djelo Obljuba sa djetetom mla\u0111im od petnaest godina. Osumnji\u010deni je spomenuto krivi\u010dno djelo po\u010dinio u vremenskom periodu od travnja mjeseca 2022.godine do 19.09.2022.godine, na \u0161tetu \u010detrnaestogodi\u0161njakinje. [&hellip;]\" \/>\n<meta property=\"og:url\" content=\"https:\/\/radioljubuski.ba\/index.php\/2022\/09\/22\/odreden-pritvor-za-31-godisnjaka-zbog-obljube-nad-maloljetnicom\/\" \/>\n<meta property=\"og:site_name\" content=\"RADIO LJUBU\u0160KI\" \/>\n<meta property=\"article:publisher\" content=\"https:\/\/www.facebook.com\/Radiio-Ljubuski-1490835324566332\" \/>\n<meta property=\"article:published_time\" content=\"2022-09-22T09:26:11+00:00\" \/>\n<meta property=\"article:modified_time\" content=\"2022-09-22T09:26:12+00:00\" \/>\n<meta property=\"og:image\" content=\"https:\/\/radioljubuski.ba\/wp-content\/uploads\/2022\/04\/5CzfoUFK_zatvor_pritvor_policija_hapsenje.jpg\" \/>\n\t<meta property=\"og:image:width\" content=\"1000\" \/>\n\t<meta property=\"og:image:height\" content=\"625\" \/>\n\t<meta property=\"og:image:type\" content=\"image\/jpeg\" \/>\n<meta name=\"author\" content=\"Radio Ljubu\u0161ki\" \/>\n<meta name=\"twitter:card\" content=\"summary_large_image\" \/>\n<meta name=\"twitter:creator\" content=\"@radioljubuski\" \/>\n<meta name=\"twitter:site\" content=\"@radioljubuski\" \/>\n<meta name=\"twitter:label1\" content=\"Napisao\/la\" \/>\n\t<meta name=\"twitter:data1\" content=\"Radio Ljubu\u0161ki\" \/>\n\t<meta name=\"twitter:label2\" content=\"Procijenjeno vrijeme \u010ditanja\" \/>\n\t<meta name=\"twitter:data2\" content=\"1 minuta\" \/>\n<script type=\"application\/ld+json\" class=\"yoast-schema-graph\">{\"@context\":\"https:\\\/\\\/schema.org\",\"@graph\":[{\"@type\":\"Article\",\"@id\":\"https:\\\/\\\/radioljubuski.ba\\\/index.php\\\/2022\\\/09\\\/22\\\/odreden-pritvor-za-31-godisnjaka-zbog-obljube-nad-maloljetnicom\\\/#article\",\"isPartOf\":{\"@id\":\"https:\\\/\\\/radioljubuski.ba\\\/index.php\\\/2022\\\/09\\\/22\\\/odreden-pritvor-za-31-godisnjaka-zbog-obljube-nad-maloljetnicom\\\/\"},\"author\":{\"name\":\"Radio Ljubu\u0161ki\",\"@id\":\"https:\\\/\\\/radioljubuski.ba\\\/#\\\/schema\\\/person\\\/19fc700381a780f69665d7956c469e3b\"},\"headline\":\"Odre\u0111en pritvor za 31-godi\u0161njaka zbog obljube nad maloljetnicom\",\"datePublished\":\"2022-09-22T09:26:11+00:00\",\"dateModified\":\"2022-09-22T09:26:12+00:00\",\"mainEntityOfPage\":{\"@id\":\"https:\\\/\\\/radioljubuski.ba\\\/index.php\\\/2022\\\/09\\\/22\\\/odreden-pritvor-za-31-godisnjaka-zbog-obljube-nad-maloljetnicom\\\/\"},\"wordCount\":150,\"publisher\":{\"@id\":\"https:\\\/\\\/radioljubuski.ba\\\/#organization\"},\"image\":{\"@id\":\"https:\\\/\\\/radioljubuski.ba\\\/index.php\\\/2022\\\/09\\\/22\\\/odreden-pritvor-za-31-godisnjaka-zbog-obljube-nad-maloljetnicom\\\/#primaryimage\"},\"thumbnailUrl\":\"https:\\\/\\\/radioljubuski.ba\\\/wp-content\\\/uploads\\\/2022\\\/04\\\/5CzfoUFK_zatvor_pritvor_policija_hapsenje.jpg\",\"articleSection\":[\"BIH i regija\"],\"inLanguage\":\"hr\"},{\"@type\":\"WebPage\",\"@id\":\"https:\\\/\\\/radioljubuski.ba\\\/index.php\\\/2022\\\/09\\\/22\\\/odreden-pritvor-za-31-godisnjaka-zbog-obljube-nad-maloljetnicom\\\/\",\"url\":\"https:\\\/\\\/radioljubuski.ba\\\/index.php\\\/2022\\\/09\\\/22\\\/odreden-pritvor-za-31-godisnjaka-zbog-obljube-nad-maloljetnicom\\\/\",\"name\":\"Odre\u0111en pritvor za 31-godi\u0161njaka zbog obljube nad maloljetnicom - RADIO LJUBU\u0160KI\",\"isPartOf\":{\"@id\":\"https:\\\/\\\/radioljubuski.ba\\\/#website\"},\"primaryImageOfPage\":{\"@id\":\"https:\\\/\\\/radioljubuski.ba\\\/index.php\\\/2022\\\/09\\\/22\\\/odreden-pritvor-za-31-godisnjaka-zbog-obljube-nad-maloljetnicom\\\/#primaryimage\"},\"image\":{\"@id\":\"https:\\\/\\\/radioljubuski.ba\\\/index.php\\\/2022\\\/09\\\/22\\\/odreden-pritvor-za-31-godisnjaka-zbog-obljube-nad-maloljetnicom\\\/#primaryimage\"},\"thumbnailUrl\":\"https:\\\/\\\/radioljubuski.ba\\\/wp-content\\\/uploads\\\/2022\\\/04\\\/5CzfoUFK_zatvor_pritvor_policija_hapsenje.jpg\",\"datePublished\":\"2022-09-22T09:26:11+00:00\",\"dateModified\":\"2022-09-22T09:26:12+00:00\",\"breadcrumb\":{\"@id\":\"https:\\\/\\\/radioljubuski.ba\\\/index.php\\\/2022\\\/09\\\/22\\\/odreden-pritvor-za-31-godisnjaka-zbog-obljube-nad-maloljetnicom\\\/#breadcrumb\"},\"inLanguage\":\"hr\",\"potentialAction\":[{\"@type\":\"ReadAction\",\"target\":[\"https:\\\/\\\/radioljubuski.ba\\\/index.php\\\/2022\\\/09\\\/22\\\/odreden-pritvor-za-31-godisnjaka-zbog-obljube-nad-maloljetnicom\\\/\"]}]},{\"@type\":\"ImageObject\",\"inLanguage\":\"hr\",\"@id\":\"https:\\\/\\\/radioljubuski.ba\\\/index.php\\\/2022\\\/09\\\/22\\\/odreden-pritvor-za-31-godisnjaka-zbog-obljube-nad-maloljetnicom\\\/#primaryimage\",\"url\":\"https:\\\/\\\/radioljubuski.ba\\\/wp-content\\\/uploads\\\/2022\\\/04\\\/5CzfoUFK_zatvor_pritvor_policija_hapsenje.jpg\",\"contentUrl\":\"https:\\\/\\\/radioljubuski.ba\\\/wp-content\\\/uploads\\\/2022\\\/04\\\/5CzfoUFK_zatvor_pritvor_policija_hapsenje.jpg\",\"width\":1000,\"height\":625},{\"@type\":\"BreadcrumbList\",\"@id\":\"https:\\\/\\\/radioljubuski.ba\\\/index.php\\\/2022\\\/09\\\/22\\\/odreden-pritvor-za-31-godisnjaka-zbog-obljube-nad-maloljetnicom\\\/#breadcrumb\",\"itemListElement\":[{\"@type\":\"ListItem\",\"position\":1,\"name\":\"Po\u010detna stranica\",\"item\":\"https:\\\/\\\/radioljubuski.ba\\\/\"},{\"@type\":\"ListItem\",\"position\":2,\"name\":\"Odre\u0111en pritvor za 31-godi\u0161njaka zbog obljube nad maloljetnicom\"}]},{\"@type\":\"WebSite\",\"@id\":\"https:\\\/\\\/radioljubuski.ba\\\/#website\",\"url\":\"https:\\\/\\\/radioljubuski.ba\\\/\",\"name\":\"Radio Ljubu\u0161ki\",\"description\":\"Sun\u010dana frekvencija Hercegovine\",\"publisher\":{\"@id\":\"https:\\\/\\\/radioljubuski.ba\\\/#organization\"},\"potentialAction\":[{\"@type\":\"SearchAction\",\"target\":{\"@type\":\"EntryPoint\",\"urlTemplate\":\"https:\\\/\\\/radioljubuski.ba\\\/?s={search_term_string}\"},\"query-input\":{\"@type\":\"PropertyValueSpecification\",\"valueRequired\":true,\"valueName\":\"search_term_string\"}}],\"inLanguage\":\"hr\"},{\"@type\":\"Organization\",\"@id\":\"https:\\\/\\\/radioljubuski.ba\\\/#organization\",\"name\":\"Radio Ljubu\u0161ki\",\"url\":\"https:\\\/\\\/radioljubuski.ba\\\/\",\"logo\":{\"@type\":\"ImageObject\",\"inLanguage\":\"hr\",\"@id\":\"https:\\\/\\\/radioljubuski.ba\\\/#\\\/schema\\\/logo\\\/image\\\/\",\"url\":\"https:\\\/\\\/radioljubuski.ba\\\/wp-content\\\/uploads\\\/2021\\\/02\\\/cropped-Radio_Ljubuski_logo1.jpg\",\"contentUrl\":\"https:\\\/\\\/radioljubuski.ba\\\/wp-content\\\/uploads\\\/2021\\\/02\\\/cropped-Radio_Ljubuski_logo1.jpg\",\"width\":512,\"height\":512,\"caption\":\"Radio Ljubu\u0161ki\"},\"image\":{\"@id\":\"https:\\\/\\\/radioljubuski.ba\\\/#\\\/schema\\\/logo\\\/image\\\/\"},\"sameAs\":[\"https:\\\/\\\/www.facebook.com\\\/Radiio-Ljubuski-1490835324566332\",\"https:\\\/\\\/x.com\\\/radioljubuski\",\"https:\\\/\\\/hr.linkedin.com\\\/company\\\/radio-ljubuski\",\"https:\\\/\\\/www.youtube.com\\\/channel\\\/UCHYaeO_n0Db3tjNGudGpXyw\"]},{\"@type\":\"Person\",\"@id\":\"https:\\\/\\\/radioljubuski.ba\\\/#\\\/schema\\\/person\\\/19fc700381a780f69665d7956c469e3b\",\"name\":\"Radio Ljubu\u0161ki\"}]}<\/script>\n<!-- \/ Yoast SEO plugin. -->","yoast_head_json":{"title":"Odre\u0111en pritvor za 31-godi\u0161njaka zbog obljube nad maloljetnicom - RADIO LJUBU\u0160KI","robots":{"index":"index","follow":"follow","max-snippet":"max-snippet:-1","max-image-preview":"max-image-preview:large","max-video-preview":"max-video-preview:-1"},"canonical":"https:\/\/radioljubuski.ba\/index.php\/2022\/09\/22\/odreden-pritvor-za-31-godisnjaka-zbog-obljube-nad-maloljetnicom\/","og_locale":"hr_HR","og_type":"article","og_title":"Odre\u0111en pritvor za 31-godi\u0161njaka zbog obljube nad maloljetnicom - RADIO LJUBU\u0160KI","og_description":"Postupaju\u0107i tu\u017eitelj Okru\u017enog javnog tu\u017eiteljstva Banja Luka, nakon ispitivanja osumnji\u010denog lica M.V., koji je ro\u0111en 1991.godine u Lakta\u0161ima predlo\u017eio je odre\u0111ivanje pritvora zbog postojanja sumnje da je po\u010dinio krivi\u010dno djelo Obljuba sa djetetom mla\u0111im od petnaest godina. Osumnji\u010deni je spomenuto krivi\u010dno djelo po\u010dinio u vremenskom periodu od travnja mjeseca 2022.godine do 19.09.2022.godine, na \u0161tetu \u010detrnaestogodi\u0161njakinje. [&hellip;]","og_url":"https:\/\/radioljubuski.ba\/index.php\/2022\/09\/22\/odreden-pritvor-za-31-godisnjaka-zbog-obljube-nad-maloljetnicom\/","og_site_name":"RADIO LJUBU\u0160KI","article_publisher":"https:\/\/www.facebook.com\/Radiio-Ljubuski-1490835324566332","article_published_time":"2022-09-22T09:26:11+00:00","article_modified_time":"2022-09-22T09:26:12+00:00","og_image":[{"width":1000,"height":625,"url":"https:\/\/radioljubuski.ba\/wp-content\/uploads\/2022\/04\/5CzfoUFK_zatvor_pritvor_policija_hapsenje.jpg","type":"image\/jpeg"}],"author":"Radio Ljubu\u0161ki","twitter_card":"summary_large_image","twitter_creator":"@radioljubuski","twitter_site":"@radioljubuski","twitter_misc":{"Napisao\/la":"Radio Ljubu\u0161ki","Procijenjeno vrijeme \u010ditanja":"1 minuta"},"schema":{"@context":"https:\/\/schema.org","@graph":[{"@type":"Article","@id":"https:\/\/radioljubuski.ba\/index.php\/2022\/09\/22\/odreden-pritvor-za-31-godisnjaka-zbog-obljube-nad-maloljetnicom\/#article","isPartOf":{"@id":"https:\/\/radioljubuski.ba\/index.php\/2022\/09\/22\/odreden-pritvor-za-31-godisnjaka-zbog-obljube-nad-maloljetnicom\/"},"author":{"name":"Radio Ljubu\u0161ki","@id":"https:\/\/radioljubuski.ba\/#\/schema\/person\/19fc700381a780f69665d7956c469e3b"},"headline":"Odre\u0111en pritvor za 31-godi\u0161njaka zbog obljube nad maloljetnicom","datePublished":"2022-09-22T09:26:11+00:00","dateModified":"2022-09-22T09:26:12+00:00","mainEntityOfPage":{"@id":"https:\/\/radioljubuski.ba\/index.php\/2022\/09\/22\/odreden-pritvor-za-31-godisnjaka-zbog-obljube-nad-maloljetnicom\/"},"wordCount":150,"publisher":{"@id":"https:\/\/radioljubuski.ba\/#organization"},"image":{"@id":"https:\/\/radioljubuski.ba\/index.php\/2022\/09\/22\/odreden-pritvor-za-31-godisnjaka-zbog-obljube-nad-maloljetnicom\/#primaryimage"},"thumbnailUrl":"https:\/\/radioljubuski.ba\/wp-content\/uploads\/2022\/04\/5CzfoUFK_zatvor_pritvor_policija_hapsenje.jpg","articleSection":["BIH i regija"],"inLanguage":"hr"},{"@type":"WebPage","@id":"https:\/\/radioljubuski.ba\/index.php\/2022\/09\/22\/odreden-pritvor-za-31-godisnjaka-zbog-obljube-nad-maloljetnicom\/","url":"https:\/\/radioljubuski.ba\/index.php\/2022\/09\/22\/odreden-pritvor-za-31-godisnjaka-zbog-obljube-nad-maloljetnicom\/","name":"Odre\u0111en pritvor za 31-godi\u0161njaka zbog obljube nad maloljetnicom - RADIO LJUBU\u0160KI","isPartOf":{"@id":"https:\/\/radioljubuski.ba\/#website"},"primaryImageOfPage":{"@id":"https:\/\/radioljubuski.ba\/index.php\/2022\/09\/22\/odreden-pritvor-za-31-godisnjaka-zbog-obljube-nad-maloljetnicom\/#primaryimage"},"image":{"@id":"https:\/\/radioljubuski.ba\/index.php\/2022\/09\/22\/odreden-pritvor-za-31-godisnjaka-zbog-obljube-nad-maloljetnicom\/#primaryimage"},"thumbnailUrl":"https:\/\/radioljubuski.ba\/wp-content\/uploads\/2022\/04\/5CzfoUFK_zatvor_pritvor_policija_hapsenje.jpg","datePublished":"2022-09-22T09:26:11+00:00","dateModified":"2022-09-22T09:26:12+00:00","breadcrumb":{"@id":"https:\/\/radioljubuski.ba\/index.php\/2022\/09\/22\/odreden-pritvor-za-31-godisnjaka-zbog-obljube-nad-maloljetnicom\/#breadcrumb"},"inLanguage":"hr","potentialAction":[{"@type":"ReadAction","target":["https:\/\/radioljubuski.ba\/index.php\/2022\/09\/22\/odreden-pritvor-za-31-godisnjaka-zbog-obljube-nad-maloljetnicom\/"]}]},{"@type":"ImageObject","inLanguage":"hr","@id":"https:\/\/radioljubuski.ba\/index.php\/2022\/09\/22\/odreden-pritvor-za-31-godisnjaka-zbog-obljube-nad-maloljetnicom\/#primaryimage","url":"https:\/\/radioljubuski.ba\/wp-content\/uploads\/2022\/04\/5CzfoUFK_zatvor_pritvor_policija_hapsenje.jpg","contentUrl":"https:\/\/radioljubuski.ba\/wp-content\/uploads\/2022\/04\/5CzfoUFK_zatvor_pritvor_policija_hapsenje.jpg","width":1000,"height":625},{"@type":"BreadcrumbList","@id":"https:\/\/radioljubuski.ba\/index.php\/2022\/09\/22\/odreden-pritvor-za-31-godisnjaka-zbog-obljube-nad-maloljetnicom\/#breadcrumb","itemListElement":[{"@type":"ListItem","position":1,"name":"Po\u010detna stranica","item":"https:\/\/radioljubuski.ba\/"},{"@type":"ListItem","position":2,"name":"Odre\u0111en pritvor za 31-godi\u0161njaka zbog obljube nad maloljetnicom"}]},{"@type":"WebSite","@id":"https:\/\/radioljubuski.ba\/#website","url":"https:\/\/radioljubuski.ba\/","name":"Radio Ljubu\u0161ki","description":"Sun\u010dana frekvencija Hercegovine","publisher":{"@id":"https:\/\/radioljubuski.ba\/#organization"},"potentialAction":[{"@type":"SearchAction","target":{"@type":"EntryPoint","urlTemplate":"https:\/\/radioljubuski.ba\/?s={search_term_string}"},"query-input":{"@type":"PropertyValueSpecification","valueRequired":true,"valueName":"search_term_string"}}],"inLanguage":"hr"},{"@type":"Organization","@id":"https:\/\/radioljubuski.ba\/#organization","name":"Radio Ljubu\u0161ki","url":"https:\/\/radioljubuski.ba\/","logo":{"@type":"ImageObject","inLanguage":"hr","@id":"https:\/\/radioljubuski.ba\/#\/schema\/logo\/image\/","url":"https:\/\/radioljubuski.ba\/wp-content\/uploads\/2021\/02\/cropped-Radio_Ljubuski_logo1.jpg","contentUrl":"https:\/\/radioljubuski.ba\/wp-content\/uploads\/2021\/02\/cropped-Radio_Ljubuski_logo1.jpg","width":512,"height":512,"caption":"Radio Ljubu\u0161ki"},"image":{"@id":"https:\/\/radioljubuski.ba\/#\/schema\/logo\/image\/"},"sameAs":["https:\/\/www.facebook.com\/Radiio-Ljubuski-1490835324566332","https:\/\/x.com\/radioljubuski","https:\/\/hr.linkedin.com\/company\/radio-ljubuski","https:\/\/www.youtube.com\/channel\/UCHYaeO_n0Db3tjNGudGpXyw"]},{"@type":"Person","@id":"https:\/\/radioljubuski.ba\/#\/schema\/person\/19fc700381a780f69665d7956c469e3b","name":"Radio Ljubu\u0161ki"}]}},"_links":{"self":[{"href":"https:\/\/radioljubuski.ba\/index.php\/wp-json\/wp\/v2\/posts\/182645","targetHints":{"allow":["GET"]}}],"collection":[{"href":"https:\/\/radioljubuski.ba\/index.php\/wp-json\/wp\/v2\/posts"}],"about":[{"href":"https:\/\/radioljubuski.ba\/index.php\/wp-json\/wp\/v2\/types\/post"}],"author":[{"embeddable":true,"href":"https:\/\/radioljubuski.ba\/index.php\/wp-json\/wp\/v2\/users\/2"}],"replies":[{"embeddable":true,"href":"https:\/\/radioljubuski.ba\/index.php\/wp-json\/wp\/v2\/comments?post=182645"}],"version-history":[{"count":1,"href":"https:\/\/radioljubuski.ba\/index.php\/wp-json\/wp\/v2\/posts\/182645\/revisions"}],"predecessor-version":[{"id":182646,"href":"https:\/\/radioljubuski.ba\/index.php\/wp-json\/wp\/v2\/posts\/182645\/revisions\/182646"}],"wp:featuredmedia":[{"embeddable":true,"href":"https:\/\/radioljubuski.ba\/index.php\/wp-json\/wp\/v2\/media\/133604"}],"wp:attachment":[{"href":"https:\/\/radioljubuski.ba\/index.php\/wp-json\/wp\/v2\/media?parent=182645"}],"wp:term":[{"taxonomy":"category","embeddable":true,"href":"https:\/\/radioljubuski.ba\/index.php\/wp-json\/wp\/v2\/categories?post=182645"},{"taxonomy":"post_tag","embeddable":true,"href":"https:\/\/radioljubuski.ba\/index.php\/wp-json\/wp\/v2\/tags?post=182645"}],"curies":[{"name":"wp","href":"https:\/\/api.w.org\/{rel}","templated":true}]}}