{"id":182668,"date":"2022-09-22T10:39:02","date_gmt":"2022-09-22T09:39:02","guid":{"rendered":"https:\/\/radioljubuski.ba\/?p=182668"},"modified":"2022-09-22T10:39:03","modified_gmt":"2022-09-22T09:39:03","slug":"cavara-bojim-se-da-ce-ohr-dopustiti-novu-platformu","status":"publish","type":"post","link":"https:\/\/radioljubuski.ba\/index.php\/2022\/09\/22\/cavara-bojim-se-da-ce-ohr-dopustiti-novu-platformu\/","title":{"rendered":"\u010cavara: Bojim se da \u0107e OHR dopustiti novu \u201cplatformu\u201d"},"content":{"rendered":"\n<p>Agresivno pona\u0161anje bo\u0161nja\u010dke politi\u010dke scene ima za cilj promijeniti ustavno ure\u0111enje koje je definirano Washingtonskim i Daytonskim sporazumom, a najezda i mr\u017enja bo\u0161nja\u010dkih politi\u010dkih subjekata kao strate\u0161ki naum imaju uru\u0161avanje konstitutivnosti i pretvaranje Federacije u jednonacionalni prostor, upozorio je, me\u0111u ostalim, Marinko \u010cavara, nositelj liste HDZ-a BiH &#8211; HNS-a za Zastupni\u010dki dom Parlamentarne skup\u0161tine BiH iz izborne jedinice 4, dopredsjednik HDZ-a BiH i aktualni predsjednik Federacije BiH.<\/p>\n\n\n\n<p>U intervjuu za Ve\u010dernji list BiH isti\u010de i kako postoji bojazan da visoki predstavnik ne\u0107e donijeti izmjene Izbornoga zakona prije izbora, dapa\u010de, da \u0107e na neki na\u010din otkloniti prepreke da bo\u0161nja\u010dke politi\u010dke elite formiraju u FBiH jednonacionalnu vlast, kao \u0161to su to uradile u \u201cplatformi\u201d.<\/p>\n\n\n\n<p>Upozorio je kako BiH nema odredbe izbornog zakonodavstva koje bi definirale na\u010din izbora izaslanika u federalni Dom naroda, a to u startu zna\u010di i kako \u0107e biti nemogu\u0107e provesti izborne rezultate na zakonit na\u010din.<\/p>\n\n\n\n<p><strong>Nositelj ste liste za Parlamentarnu skup\u0161tinu BiH iz izborne jedinice koja obuhva\u0107a prostor sredi\u0161nje Bosne, prostor s velikim brojem Hrvata, ali i prostor od strate\u0161kog zna\u010daja za nacionalnu poziciju hrvatskoga naroda. Kolika je odgovornost biti na takvoj poziciji?<\/strong><\/p>\n\n\n\n<p>&#8211; Velika je odgovornost biti Hrvat iz sredi\u0161nje Bosne i zastupati Hrvate iz sredi\u0161nje Bosne, ali i sve Hrvate u BiH. Sredi\u0161nja Bosna jedan je od najosjetljivijih prostora u BiH, a pritom treba podsjetiti kako je ranije Srednjobosanska \u017eupanija bila \u017eupanija s posebnim re\u017eimom, odnosno paritetna \u017eupanija. Me\u0111utim, ukidanjem takvog rje\u0161enja 2001. godine od visokog predstavnika, odnosno ukidanjem paritetnog re\u017eima, po\u010dela je najezda s bo\u0161nja\u010dke politi\u010dke scene, ba\u0161 kao i u Federaciji, u smislu ovladavanja prostorom i stvaranja jednonacionalne, unitarne \u017eupanije, kao i FBiH. Dakle, biti nositelj liste s ovog prostora zaista je velika odgovornost, a pritom treba podsjetiti i kako predstavljamo, mo\u017eemo re\u0107i, \u010detvrtinu Hrvata u BiH. Kao hrvatski narod u BiH, mi se nastojimo o\u010duvati kao politi\u010dki subjekt, a vidimo s druge strane toliko \u017eelje da se taj paritet naru\u0161i, a konstitutivnost uru\u0161i. Odre\u0111ene politi\u010dke stranke rade kampanje u cilju ustroja gra\u0111anske dr\u017eave, a to je put prema jednonacionalnoj dr\u017eavi.<\/p>\n\n\n\n<p><strong>Kampanja uo\u010di op\u0107ih izbora ulazi u svoju zavr\u0161nu fazu. Kakve su reakcije bira\u010dkog tijela na terenu?<\/strong><\/p>\n\n\n\n<p>&#8211; Na\u0161e bira\u010dko tijelo je dominantno hrvatsko bira\u010dko tijelo. S druge strane, na bo\u0161nja\u010dkoj politi\u010dkoj sceni, odnosno u bo\u0161nja\u010dkom politi\u010dkom prostoru prevladala je mr\u017enja u odnosu na Hrvate. A Hrvati pritom tra\u017ee da dr\u017eava funkcionira, da pravna dr\u017eava funkcionira, da ustavi Federacije i BiH funkcioniraju. Istodobno, s druge strane imate najezdu da se sve to uru\u0161i, a sve u cilju ustroja sustava gra\u0111anske dr\u017eave koji bi odgovarao samo jednom &#8211; mnogobrojnijem narodu. Tu najezdu i agresivnu politiku prepoznala je ve\u0107ina Hrvata u BiH, svi oni koji Bosnu i Hercegovinu do\u017eivljavaju kao svoju domovinu, \u017eele\u0107i stvarati ambijent u kojemu \u0107emo svi normalno \u017eivjeti i u kojemu \u0107e se ugodno osje\u0107ati svi oni koji sutra \u017eele izgra\u0111ivati svoju egzistenciju u BiH. U kontaktima s ljudima dobivamo punu potporu, a to je iznimno ohrabruju\u0107e. S druge strane, i oni koji su donedavno, prije agresivne politike s bo\u0161nja\u010dke scene, bili u dvojbi, pa \u010dak i na njezinoj strani, kritiziraju\u0107i politi\u010dke poteze hrvatskih predstavnika, u posljednje su vrijeme potpuno razumjeli \u0161to je s druge strane te se na neki na\u010din pokajali, osudiv\u0161i agresivno pona\u0161anje bo\u0161nja\u010dke politi\u010dke scene koja \u017eeli nasilno promijeniti ustavno ure\u0111enje koje je definirano Washingtonskim i Daytonskim sporazumom.<\/p>\n\n\n\n<p><strong>Izbori se odr\u017eavaju u specifi\u010dnim okolnostima uzimaju\u0107i u obzir \u010dinjenicu da nemamo \u010dlanke Izbornog zakona koji govore o popunjavanju Doma naroda, a koje je Ustavni sud izbrisao. Koliko je takva situacija u startu optere\u0107uju\u0107a za problematiku provedbe izbornih rezultata?<\/strong><\/p>\n\n\n\n<p>&#8211; Odavno smo govorili da prakti\u010dki nema uvjeta za izbore. To smo govorili s razlogom jer je Ustavni sud BiH, nakon \u0161to je odlu\u010dio u presudi u predmetu \u201cLjubi\u0107\u201d o legitimnom predstavljanju te nakon \u0161to je pro\u0161lo \u0161est mjeseci, a Parlamentarna skup\u0161tina BiH nije promijenila odredbe Izbornog zakona, izbrisao odredbe Izbornog zakona koje govore o na\u010dinu popunjavanja federalnog Doma naroda. Jasno je kako te odredbe ne postoje u Izbornom zakonu te je samim time nemogu\u0107e, zakonski nemogu\u0107e, popuniti tu prazninu. A onda se doga\u0111a da oni koji \u017eele uraditi ne\u0161to na svoj na\u010din izbornim in\u017eenjeringom ka\u017eu kako Sredi\u0161nje izborno povjerenstvo ima pravo. A znamo da su nezakonito dopunili odre\u0111eni broj \u010dlanova Sredi\u0161njeg izbornog povjerenstva. Sada se nastoji odre\u0111enom presijom, silom i galamom napraviti kao normalno stanje, a me\u0111unarodna zajednica je to jednim dijelom prihvatila porukama da se izbori moraju odr\u017eati, da se moraju financirati onako kako je visoki predstavnik svojim odlukama to promijenio. A donio je i propise o takozvanom integritetu izbornog procesa, a mislim da je to dezintegritet izbornog procesa. Tim mogu\u0107nostima koje je dao Sredi\u0161njem izbornom povjerenstvu zna\u010dajno \u0107e se naru\u0161iti demokratski proces izbora te oni mogu biti potpuno ugro\u017eeni.<\/p>\n\n\n\n<p>S druge strane, kao \u0161to sam rekao, ne postoje zakonske odredbe po kojima se mo\u017ee popuniti Dom naroda Parlamenta FBiH. Visoki predstavnik davno je odustao od izmjene Izbornog zakona kako bi se provele odluke Ustavnoga suda BiH, a stalno najavljuje kako \u0107e reagirati kako bi otklonio sve blokade. A to zna\u010di da \u0107e, ako bude \u017eelja nasilno provesti rezultate in\u017eenjeringa od SDA i drugih privjesaka, on otkloniti prepreke da oni formiraju jednonacionalnu vlast, kao \u0161to su to uradili u \u201cplatformi\u201d. Tada je, podsje\u0107am, visoki predstavnik Valentin Inzko zamrznuo odluku tada\u0161njeg Sredi\u0161njeg izbornog povjerenstva BiH, a koje je poni\u0161tilo izbor predsjednika i dopredsjednika Federacije i Vlade. Onda je tada\u0161nji visoki predstavnik zamrznuo tu odluku. U su\u0161tini je djelovao potpuno antidaytonski, a upravo je on bio zadu\u017een \u0161tititi daytonski Ustav BiH. Me\u0111utim, ne mo\u017ee snositi sankcije za to, nego je oti\u0161ao u\u017eivati tro\u0161e\u0107i novac koji je zaradio u BiH na takav na\u010din.<\/p>\n\n\n\n<p><strong>Iz toga se mo\u017ee zaklju\u010diti kako ne o\u010dekujete da \u0107e sada\u0161nji visoki predstavnik uop\u0107e izmijeniti Izborni zakon do izbora, a sukladno presudi Ustavnoga suda BiH o legitimnom predstavljanju?<\/strong><\/p>\n\n\n\n<p>&#8211; Da je imao hrabrosti i volje, mogao je to davno u\u010diniti. Ne bi otvarao rasprave koje \u0107e ga dovu\u0107i u slijepu ulicu. Prosvjedi s toliko mr\u017enje i prema njemu i prema Hrvatima pro\u0161li su bez ikakvih sankcija, a izgleda da se on povukao, odnosno nije uradio ono \u0161to je najavljivao. Na temelju \u010dega bih mogao o\u010dekivati da \u0107e sada donijeti izmjene. Vrijeme \u0107e pokazati \u0161to je istina. Kako \u0107e pokazati odgovornost koju ima kao \u010dovjek s ulogom koju je preuzeo u BiH, a nije ni\u0161ta uradio na stabilizaciji odnosa u BiH, naprotiv, do sada je djelovao destabiliziraju\u0107e. Na temelju toga ne mogu o\u010dekivati da \u0107e ne\u0161to promijeniti u svojem djelovanju.<\/p>\n\n\n\n<p><strong>Dakle, ulazimo u pravnu neizvjesnost nakon izbora, odnosno u situaciju u kojoj bi se onda SIP \u201cigrao\u201d zakonodavca.<\/strong><\/p>\n\n\n\n<p>&#8211; Upravo tako, a visoki predstavnik pere ruke. Kad god ima priliku, napada politi\u010dare BiH, ali neka se osvrne na svoje djelovanje, pa neka ocijeni svoj rad.<\/p>\n\n\n\n<p><strong>Jasno je kako bo\u0161nja\u010dke stranke i na ovim izborima imaju namjeru ostvariti dominaciju u Klubu Hrvata, a to vidimo i na primjerima Srednjobosanske i Zeni\u010dko-dobojske \u017eupanije, u kojima su bo\u0161nja\u010dke stranke pozicionirale Hrvate na liste za \u017eupanijsku Skup\u0161tinu, a kao preduvjet ulaska u Dom naroda. Kako to komentirate?<\/strong><\/p>\n\n\n\n<p>&#8211; Tu moramo biti oprezni jer ne samo da stavljaju Hrvate ve\u0107 stavljaju osobe koje su se spremne izjasniti kao Hrvati kako bi zauzele hrvatske pozicije u Klubu Hrvata u Domu naroda federalnog Parlamenta, ba\u0161 kao \u0161to je i do sada bila praksa. Ne mogu znati tko se sve izjasnio kao pripadnik hrvatskoga naroda kako bi zauzeo mjesto u Klubu Hrvata, napravio izborni in\u017eenjering i oteo Hrvatima mogu\u0107nost da biraju svoje legitimne predstavnike u vlasti. Pritom podsje\u0107am kako i u Ustavu Federacije BiH jasno pi\u0161e da \u0107e Hrvati i Bo\u0161njaci, a nakon presude Ustavnog suda BiH o konstitutivnosti naroda na cijelom podru\u010dju BiH, i Srbi jednakopravno upravljati Federacijom. A danas o\u010dito ne \u017eele jednakopravno, ve\u0107 jednostrano upravljati bo\u0161nja\u010dke politi\u010dke elite predvo\u0111ene SDA.<\/p>\n\n\n\n<p><strong>Kakvo je va\u0161e o\u010dekivanje od situacije nakon listopadskih izbora, odnosno \u0161to nas \u010deka kada je u pitanju Federacija, a \u0161to kada je u pitanju dr\u017eavna razina?<\/strong><\/p>\n\n\n\n<p>&#8211; Te\u0161ko je predvidjeti budu\u0107nost, ali je zato najva\u017enije da Hrvati masovno iza\u0111u na izbore i daju potporu jedinoj snazi koja se bori za poziciju Hrvata u BiH, a to je HDZ BiH i Hrvatski narodni sabor. \u0160to \u0107emo dobiti s druge strane, pitanje je procjena bo\u0161nja\u010dkih politi\u010dkih elita, odnosno ho\u0107e li smjeti i\u0107i u izborni in\u017eenjering. Jer \u017deljko Kom\u0161i\u0107 nikada nije pobijedio do 19 sati, nego poslije 19 sati u jednonacionalnim bira\u010dkim odborima. Oni \u0107e procijeniti, a na temelju stavova me\u0111unarodne zajednice, smiju li raditi izborni in\u017eenjering i dodati Kom\u0161i\u0107u odre\u0111eni broj glasova te time oduzeti pravo Hrvatima da biraju. Isto tako, ostaje za vidjeti ho\u0107e li u \u017eupanijske skup\u0161tine gurati one koji su se izjasnili kao Hrvati, a predstavnici su Bo\u0161njaka, kako bi zauzeli mjesta u Klubu Hrvata.<\/p>\n\n\n\n<p><strong>Hrvatskom su narodu od 2000. naovamo oduzeta brojna politi\u010dka prava koja su imali. Ostali su bez velikog broja mehanizama, posebice u Federaciji.<\/strong><\/p>\n\n\n\n<p>&#8211; Oduzimanje volje hrvatskog bira\u010dkog tijela imali smo jo\u0161 2001. kroz Alijansu, pa onda 2011. kroz \u201cplatformu\u201d, a sje\u0107ate se koliko su tada hrvatskih pozicija uzeli oni koji su se predstavljali kao predstavnici Hrvata. Znamo \u0161to je to u su\u0161tini. Mnogo tih pozicija nismo uspjeli vratiti u proteklom vremenu. S druge strane, kod bo\u0161nja\u010dkih politi\u010dkih elita imate jedan mehanizam da one pozicije koje su va\u017ene, a obna\u0161a ih Hrvat, \u201cbajpasiraju\u201d, a onda \u010dak u nekim upravama izmijene pravilnike i ustroj te isprazne poziciju, odnosno prenesu je na Bo\u0161njake koji obna\u0161aju pozicije u drugim sektorima. Tako to funkcionira. A onda treba vidjeti tko upravlja represivnim aparatom, obavje\u0161tajnom slu\u017ebom, VSTV-om, Tu\u017eiteljstvom, Sudom, Ustavnim sudom BiH, Ustavnim sudom Federacije&#8230; Prema tomu, bit \u0107e svima jasnije kada analiziraju situaciju. Podsje\u0107am i na sljede\u0107u situaciju &#8211; 2013. Parlament Federacije izglasao je nepovjerenje tada\u0161njoj Vladi \u201cplatforme\u201d i Ustavni sud FBiH do danas nije odlu\u010dio o vitalnom bo\u0161nja\u010dkom interesu koji su izaslanici SDA povukli kako bi zaustavili tu odluku. Samo su 2015. rekli da nema potrebe da se odlu\u010duje o tomu jer je izabrana nova Vlada. Mo\u017eete onda misliti koji je to sunovrat Ustavnog suda Federacije.<\/p>\n\n\n\n<p><strong>Velika se pra\u0161ina digla upravo oko pitanja imenovanja sudaca u Ustavni sud, no isto tako, postoji i niz drugih institucija koje su na \u010dekanju?<\/strong><\/p>\n\n\n\n<p>&#8211; Dopredsjednici Federacije BiH trebali su davno re\u0107i javnosti za\u0161to nisu dali suglasnost na imenovanje sudaca iako su to, po Ustavu, bili obvezni kako bih ja mogao uz njihovu suglasnost predlo\u017eiti imenovanje sudaca u Dom naroda. S druge strane, jasno je kakvo je stanje kada je rije\u010d o drugim institucijama. Pogledajte samo istupe Izetbegovi\u0107a i drugih koji su s njim komentirali, a prema kojima se ne\u0107e nikada dopustiti da Hrvat upravlja Federalnom upravom policije. Dakle, ne\u0107e dopustiti da kao ravnatelj FUP-a upravlja specijalnim postrojbama. Jasno se postavlja pitanje kako oni upravljaju postrojbama. To pokazuje koliko je mr\u017enje u javnom prostoru u tim predstavnicima i da je ni\u010dim nisu sankcionirali oni koji, kada god imaju priliku, prijete op\u0107enito politi\u010darima i prijete hrvatskim politi\u010darima.<\/p>\n\n\n\n<p><strong>Uz sve navedeno, koliko je onda va\u017eno da BiH, odnosno hrvatski politi\u010dari u BiH sna\u017eno ustraju na europskoj budu\u0107nosti?<\/strong><\/p>\n\n\n\n<p>&#8211; Bosna i Hercegovina nema druge budu\u0107nosti, mora imati europsku i budu\u0107nost u NATO savezu. To su jedine organizacije koje pru\u017eaju budu\u0107nost u kojoj \u0107e svi stanovnici \u017eeljeti \u017eivjeti, a BiH, kao \u010dlanici EU i NATO-a, omogu\u0107iti prosperitet. To nam je jedina varijanta, a poglavito nama Hrvatima koji na neki na\u010din svoju sudbinu ve\u017eemo uz Hrvatsku. Republika Hrvatska je u EU i NATO savezu, prema tomu, Hrvati ne mogu \u017eeljeti ni\u0161ta drugo osim ovih organizacija u kojima BiH treba tra\u017eiti svoju budu\u0107nost.<\/p>\n\n\n\n<p>Izvor:vecernji.ba<\/p>\n","protected":false},"excerpt":{"rendered":"<p>Agresivno pona\u0161anje bo\u0161nja\u010dke politi\u010dke scene ima za cilj promijeniti ustavno ure\u0111enje koje je definirano Washingtonskim i Daytonskim sporazumom, a najezda i mr\u017enja bo\u0161nja\u010dkih politi\u010dkih subjekata kao strate\u0161ki naum imaju uru\u0161avanje konstitutivnosti i pretvaranje Federacije u jednonacionalni prostor, upozorio je, me\u0111u ostalim, Marinko \u010cavara, nositelj liste HDZ-a BiH &#8211; HNS-a za Zastupni\u010dki dom Parlamentarne skup\u0161tine BiH [&hellip;]<\/p>\n","protected":false},"author":2,"featured_media":80650,"comment_status":"closed","ping_status":"closed","sticky":false,"template":"","format":"standard","meta":{"h5ap_radio_sources":[],"footnotes":""},"categories":[1],"tags":[],"class_list":["post-182668","post","type-post","status-publish","format-standard","has-post-thumbnail","hentry","category-bihiregija"],"yoast_head":"<!-- This site is optimized with the Yoast SEO plugin v27.5 - https:\/\/yoast.com\/product\/yoast-seo-wordpress\/ -->\n<title>\u010cavara: Bojim se da \u0107e OHR dopustiti novu \u201cplatformu\u201d - RADIO LJUBU\u0160KI<\/title>\n<meta name=\"robots\" content=\"index, follow, max-snippet:-1, max-image-preview:large, max-video-preview:-1\" \/>\n<link rel=\"canonical\" href=\"https:\/\/radioljubuski.ba\/index.php\/2022\/09\/22\/cavara-bojim-se-da-ce-ohr-dopustiti-novu-platformu\/\" \/>\n<meta property=\"og:locale\" content=\"hr_HR\" \/>\n<meta property=\"og:type\" content=\"article\" \/>\n<meta property=\"og:title\" content=\"\u010cavara: Bojim se da \u0107e OHR dopustiti novu \u201cplatformu\u201d - RADIO LJUBU\u0160KI\" \/>\n<meta property=\"og:description\" content=\"Agresivno pona\u0161anje bo\u0161nja\u010dke politi\u010dke scene ima za cilj promijeniti ustavno ure\u0111enje koje je definirano Washingtonskim i Daytonskim sporazumom, a najezda i mr\u017enja bo\u0161nja\u010dkih politi\u010dkih subjekata kao strate\u0161ki naum imaju uru\u0161avanje konstitutivnosti i pretvaranje Federacije u jednonacionalni prostor, upozorio je, me\u0111u ostalim, Marinko \u010cavara, nositelj liste HDZ-a BiH &#8211; HNS-a za Zastupni\u010dki dom Parlamentarne skup\u0161tine BiH [&hellip;]\" \/>\n<meta property=\"og:url\" content=\"https:\/\/radioljubuski.ba\/index.php\/2022\/09\/22\/cavara-bojim-se-da-ce-ohr-dopustiti-novu-platformu\/\" \/>\n<meta property=\"og:site_name\" content=\"RADIO LJUBU\u0160KI\" \/>\n<meta property=\"article:publisher\" content=\"https:\/\/www.facebook.com\/Radiio-Ljubuski-1490835324566332\" \/>\n<meta property=\"article:published_time\" content=\"2022-09-22T09:39:02+00:00\" \/>\n<meta property=\"article:modified_time\" content=\"2022-09-22T09:39:03+00:00\" \/>\n<meta property=\"og:image\" content=\"https:\/\/radioljubuski.ba\/wp-content\/uploads\/2021\/10\/cavara-e1635151076504.jpg\" \/>\n\t<meta property=\"og:image:width\" content=\"742\" \/>\n\t<meta property=\"og:image:height\" content=\"376\" \/>\n\t<meta property=\"og:image:type\" content=\"image\/jpeg\" \/>\n<meta name=\"author\" content=\"Radio Ljubu\u0161ki\" \/>\n<meta name=\"twitter:card\" content=\"summary_large_image\" \/>\n<meta name=\"twitter:creator\" content=\"@radioljubuski\" \/>\n<meta name=\"twitter:site\" content=\"@radioljubuski\" \/>\n<meta name=\"twitter:label1\" content=\"Napisao\/la\" \/>\n\t<meta name=\"twitter:data1\" content=\"Radio Ljubu\u0161ki\" \/>\n\t<meta name=\"twitter:label2\" content=\"Procijenjeno vrijeme \u010ditanja\" \/>\n\t<meta name=\"twitter:data2\" content=\"9 minuta\" \/>\n<script type=\"application\/ld+json\" class=\"yoast-schema-graph\">{\"@context\":\"https:\\\/\\\/schema.org\",\"@graph\":[{\"@type\":\"Article\",\"@id\":\"https:\\\/\\\/radioljubuski.ba\\\/index.php\\\/2022\\\/09\\\/22\\\/cavara-bojim-se-da-ce-ohr-dopustiti-novu-platformu\\\/#article\",\"isPartOf\":{\"@id\":\"https:\\\/\\\/radioljubuski.ba\\\/index.php\\\/2022\\\/09\\\/22\\\/cavara-bojim-se-da-ce-ohr-dopustiti-novu-platformu\\\/\"},\"author\":{\"name\":\"Radio Ljubu\u0161ki\",\"@id\":\"https:\\\/\\\/radioljubuski.ba\\\/#\\\/schema\\\/person\\\/19fc700381a780f69665d7956c469e3b\"},\"headline\":\"\u010cavara: Bojim se da \u0107e OHR dopustiti novu \u201cplatformu\u201d\",\"datePublished\":\"2022-09-22T09:39:02+00:00\",\"dateModified\":\"2022-09-22T09:39:03+00:00\",\"mainEntityOfPage\":{\"@id\":\"https:\\\/\\\/radioljubuski.ba\\\/index.php\\\/2022\\\/09\\\/22\\\/cavara-bojim-se-da-ce-ohr-dopustiti-novu-platformu\\\/\"},\"wordCount\":2137,\"publisher\":{\"@id\":\"https:\\\/\\\/radioljubuski.ba\\\/#organization\"},\"image\":{\"@id\":\"https:\\\/\\\/radioljubuski.ba\\\/index.php\\\/2022\\\/09\\\/22\\\/cavara-bojim-se-da-ce-ohr-dopustiti-novu-platformu\\\/#primaryimage\"},\"thumbnailUrl\":\"https:\\\/\\\/radioljubuski.ba\\\/wp-content\\\/uploads\\\/2021\\\/10\\\/cavara-e1635151076504.jpg\",\"articleSection\":[\"BIH i regija\"],\"inLanguage\":\"hr\"},{\"@type\":\"WebPage\",\"@id\":\"https:\\\/\\\/radioljubuski.ba\\\/index.php\\\/2022\\\/09\\\/22\\\/cavara-bojim-se-da-ce-ohr-dopustiti-novu-platformu\\\/\",\"url\":\"https:\\\/\\\/radioljubuski.ba\\\/index.php\\\/2022\\\/09\\\/22\\\/cavara-bojim-se-da-ce-ohr-dopustiti-novu-platformu\\\/\",\"name\":\"\u010cavara: Bojim se da \u0107e OHR dopustiti novu \u201cplatformu\u201d - RADIO LJUBU\u0160KI\",\"isPartOf\":{\"@id\":\"https:\\\/\\\/radioljubuski.ba\\\/#website\"},\"primaryImageOfPage\":{\"@id\":\"https:\\\/\\\/radioljubuski.ba\\\/index.php\\\/2022\\\/09\\\/22\\\/cavara-bojim-se-da-ce-ohr-dopustiti-novu-platformu\\\/#primaryimage\"},\"image\":{\"@id\":\"https:\\\/\\\/radioljubuski.ba\\\/index.php\\\/2022\\\/09\\\/22\\\/cavara-bojim-se-da-ce-ohr-dopustiti-novu-platformu\\\/#primaryimage\"},\"thumbnailUrl\":\"https:\\\/\\\/radioljubuski.ba\\\/wp-content\\\/uploads\\\/2021\\\/10\\\/cavara-e1635151076504.jpg\",\"datePublished\":\"2022-09-22T09:39:02+00:00\",\"dateModified\":\"2022-09-22T09:39:03+00:00\",\"breadcrumb\":{\"@id\":\"https:\\\/\\\/radioljubuski.ba\\\/index.php\\\/2022\\\/09\\\/22\\\/cavara-bojim-se-da-ce-ohr-dopustiti-novu-platformu\\\/#breadcrumb\"},\"inLanguage\":\"hr\",\"potentialAction\":[{\"@type\":\"ReadAction\",\"target\":[\"https:\\\/\\\/radioljubuski.ba\\\/index.php\\\/2022\\\/09\\\/22\\\/cavara-bojim-se-da-ce-ohr-dopustiti-novu-platformu\\\/\"]}]},{\"@type\":\"ImageObject\",\"inLanguage\":\"hr\",\"@id\":\"https:\\\/\\\/radioljubuski.ba\\\/index.php\\\/2022\\\/09\\\/22\\\/cavara-bojim-se-da-ce-ohr-dopustiti-novu-platformu\\\/#primaryimage\",\"url\":\"https:\\\/\\\/radioljubuski.ba\\\/wp-content\\\/uploads\\\/2021\\\/10\\\/cavara-e1635151076504.jpg\",\"contentUrl\":\"https:\\\/\\\/radioljubuski.ba\\\/wp-content\\\/uploads\\\/2021\\\/10\\\/cavara-e1635151076504.jpg\",\"width\":742,\"height\":376},{\"@type\":\"BreadcrumbList\",\"@id\":\"https:\\\/\\\/radioljubuski.ba\\\/index.php\\\/2022\\\/09\\\/22\\\/cavara-bojim-se-da-ce-ohr-dopustiti-novu-platformu\\\/#breadcrumb\",\"itemListElement\":[{\"@type\":\"ListItem\",\"position\":1,\"name\":\"Po\u010detna stranica\",\"item\":\"https:\\\/\\\/radioljubuski.ba\\\/\"},{\"@type\":\"ListItem\",\"position\":2,\"name\":\"\u010cavara: Bojim se da \u0107e OHR dopustiti novu \u201cplatformu\u201d\"}]},{\"@type\":\"WebSite\",\"@id\":\"https:\\\/\\\/radioljubuski.ba\\\/#website\",\"url\":\"https:\\\/\\\/radioljubuski.ba\\\/\",\"name\":\"Radio Ljubu\u0161ki\",\"description\":\"Sun\u010dana frekvencija Hercegovine\",\"publisher\":{\"@id\":\"https:\\\/\\\/radioljubuski.ba\\\/#organization\"},\"potentialAction\":[{\"@type\":\"SearchAction\",\"target\":{\"@type\":\"EntryPoint\",\"urlTemplate\":\"https:\\\/\\\/radioljubuski.ba\\\/?s={search_term_string}\"},\"query-input\":{\"@type\":\"PropertyValueSpecification\",\"valueRequired\":true,\"valueName\":\"search_term_string\"}}],\"inLanguage\":\"hr\"},{\"@type\":\"Organization\",\"@id\":\"https:\\\/\\\/radioljubuski.ba\\\/#organization\",\"name\":\"Radio Ljubu\u0161ki\",\"url\":\"https:\\\/\\\/radioljubuski.ba\\\/\",\"logo\":{\"@type\":\"ImageObject\",\"inLanguage\":\"hr\",\"@id\":\"https:\\\/\\\/radioljubuski.ba\\\/#\\\/schema\\\/logo\\\/image\\\/\",\"url\":\"https:\\\/\\\/radioljubuski.ba\\\/wp-content\\\/uploads\\\/2021\\\/02\\\/cropped-Radio_Ljubuski_logo1.jpg\",\"contentUrl\":\"https:\\\/\\\/radioljubuski.ba\\\/wp-content\\\/uploads\\\/2021\\\/02\\\/cropped-Radio_Ljubuski_logo1.jpg\",\"width\":512,\"height\":512,\"caption\":\"Radio Ljubu\u0161ki\"},\"image\":{\"@id\":\"https:\\\/\\\/radioljubuski.ba\\\/#\\\/schema\\\/logo\\\/image\\\/\"},\"sameAs\":[\"https:\\\/\\\/www.facebook.com\\\/Radiio-Ljubuski-1490835324566332\",\"https:\\\/\\\/x.com\\\/radioljubuski\",\"https:\\\/\\\/hr.linkedin.com\\\/company\\\/radio-ljubuski\",\"https:\\\/\\\/www.youtube.com\\\/channel\\\/UCHYaeO_n0Db3tjNGudGpXyw\"]},{\"@type\":\"Person\",\"@id\":\"https:\\\/\\\/radioljubuski.ba\\\/#\\\/schema\\\/person\\\/19fc700381a780f69665d7956c469e3b\",\"name\":\"Radio Ljubu\u0161ki\"}]}<\/script>\n<!-- \/ Yoast SEO plugin. -->","yoast_head_json":{"title":"\u010cavara: Bojim se da \u0107e OHR dopustiti novu \u201cplatformu\u201d - RADIO LJUBU\u0160KI","robots":{"index":"index","follow":"follow","max-snippet":"max-snippet:-1","max-image-preview":"max-image-preview:large","max-video-preview":"max-video-preview:-1"},"canonical":"https:\/\/radioljubuski.ba\/index.php\/2022\/09\/22\/cavara-bojim-se-da-ce-ohr-dopustiti-novu-platformu\/","og_locale":"hr_HR","og_type":"article","og_title":"\u010cavara: Bojim se da \u0107e OHR dopustiti novu \u201cplatformu\u201d - RADIO LJUBU\u0160KI","og_description":"Agresivno pona\u0161anje bo\u0161nja\u010dke politi\u010dke scene ima za cilj promijeniti ustavno ure\u0111enje koje je definirano Washingtonskim i Daytonskim sporazumom, a najezda i mr\u017enja bo\u0161nja\u010dkih politi\u010dkih subjekata kao strate\u0161ki naum imaju uru\u0161avanje konstitutivnosti i pretvaranje Federacije u jednonacionalni prostor, upozorio je, me\u0111u ostalim, Marinko \u010cavara, nositelj liste HDZ-a BiH &#8211; HNS-a za Zastupni\u010dki dom Parlamentarne skup\u0161tine BiH [&hellip;]","og_url":"https:\/\/radioljubuski.ba\/index.php\/2022\/09\/22\/cavara-bojim-se-da-ce-ohr-dopustiti-novu-platformu\/","og_site_name":"RADIO LJUBU\u0160KI","article_publisher":"https:\/\/www.facebook.com\/Radiio-Ljubuski-1490835324566332","article_published_time":"2022-09-22T09:39:02+00:00","article_modified_time":"2022-09-22T09:39:03+00:00","og_image":[{"width":742,"height":376,"url":"https:\/\/radioljubuski.ba\/wp-content\/uploads\/2021\/10\/cavara-e1635151076504.jpg","type":"image\/jpeg"}],"author":"Radio Ljubu\u0161ki","twitter_card":"summary_large_image","twitter_creator":"@radioljubuski","twitter_site":"@radioljubuski","twitter_misc":{"Napisao\/la":"Radio Ljubu\u0161ki","Procijenjeno vrijeme \u010ditanja":"9 minuta"},"schema":{"@context":"https:\/\/schema.org","@graph":[{"@type":"Article","@id":"https:\/\/radioljubuski.ba\/index.php\/2022\/09\/22\/cavara-bojim-se-da-ce-ohr-dopustiti-novu-platformu\/#article","isPartOf":{"@id":"https:\/\/radioljubuski.ba\/index.php\/2022\/09\/22\/cavara-bojim-se-da-ce-ohr-dopustiti-novu-platformu\/"},"author":{"name":"Radio Ljubu\u0161ki","@id":"https:\/\/radioljubuski.ba\/#\/schema\/person\/19fc700381a780f69665d7956c469e3b"},"headline":"\u010cavara: Bojim se da \u0107e OHR dopustiti novu \u201cplatformu\u201d","datePublished":"2022-09-22T09:39:02+00:00","dateModified":"2022-09-22T09:39:03+00:00","mainEntityOfPage":{"@id":"https:\/\/radioljubuski.ba\/index.php\/2022\/09\/22\/cavara-bojim-se-da-ce-ohr-dopustiti-novu-platformu\/"},"wordCount":2137,"publisher":{"@id":"https:\/\/radioljubuski.ba\/#organization"},"image":{"@id":"https:\/\/radioljubuski.ba\/index.php\/2022\/09\/22\/cavara-bojim-se-da-ce-ohr-dopustiti-novu-platformu\/#primaryimage"},"thumbnailUrl":"https:\/\/radioljubuski.ba\/wp-content\/uploads\/2021\/10\/cavara-e1635151076504.jpg","articleSection":["BIH i regija"],"inLanguage":"hr"},{"@type":"WebPage","@id":"https:\/\/radioljubuski.ba\/index.php\/2022\/09\/22\/cavara-bojim-se-da-ce-ohr-dopustiti-novu-platformu\/","url":"https:\/\/radioljubuski.ba\/index.php\/2022\/09\/22\/cavara-bojim-se-da-ce-ohr-dopustiti-novu-platformu\/","name":"\u010cavara: Bojim se da \u0107e OHR dopustiti novu \u201cplatformu\u201d - RADIO LJUBU\u0160KI","isPartOf":{"@id":"https:\/\/radioljubuski.ba\/#website"},"primaryImageOfPage":{"@id":"https:\/\/radioljubuski.ba\/index.php\/2022\/09\/22\/cavara-bojim-se-da-ce-ohr-dopustiti-novu-platformu\/#primaryimage"},"image":{"@id":"https:\/\/radioljubuski.ba\/index.php\/2022\/09\/22\/cavara-bojim-se-da-ce-ohr-dopustiti-novu-platformu\/#primaryimage"},"thumbnailUrl":"https:\/\/radioljubuski.ba\/wp-content\/uploads\/2021\/10\/cavara-e1635151076504.jpg","datePublished":"2022-09-22T09:39:02+00:00","dateModified":"2022-09-22T09:39:03+00:00","breadcrumb":{"@id":"https:\/\/radioljubuski.ba\/index.php\/2022\/09\/22\/cavara-bojim-se-da-ce-ohr-dopustiti-novu-platformu\/#breadcrumb"},"inLanguage":"hr","potentialAction":[{"@type":"ReadAction","target":["https:\/\/radioljubuski.ba\/index.php\/2022\/09\/22\/cavara-bojim-se-da-ce-ohr-dopustiti-novu-platformu\/"]}]},{"@type":"ImageObject","inLanguage":"hr","@id":"https:\/\/radioljubuski.ba\/index.php\/2022\/09\/22\/cavara-bojim-se-da-ce-ohr-dopustiti-novu-platformu\/#primaryimage","url":"https:\/\/radioljubuski.ba\/wp-content\/uploads\/2021\/10\/cavara-e1635151076504.jpg","contentUrl":"https:\/\/radioljubuski.ba\/wp-content\/uploads\/2021\/10\/cavara-e1635151076504.jpg","width":742,"height":376},{"@type":"BreadcrumbList","@id":"https:\/\/radioljubuski.ba\/index.php\/2022\/09\/22\/cavara-bojim-se-da-ce-ohr-dopustiti-novu-platformu\/#breadcrumb","itemListElement":[{"@type":"ListItem","position":1,"name":"Po\u010detna stranica","item":"https:\/\/radioljubuski.ba\/"},{"@type":"ListItem","position":2,"name":"\u010cavara: Bojim se da \u0107e OHR dopustiti novu \u201cplatformu\u201d"}]},{"@type":"WebSite","@id":"https:\/\/radioljubuski.ba\/#website","url":"https:\/\/radioljubuski.ba\/","name":"Radio Ljubu\u0161ki","description":"Sun\u010dana frekvencija Hercegovine","publisher":{"@id":"https:\/\/radioljubuski.ba\/#organization"},"potentialAction":[{"@type":"SearchAction","target":{"@type":"EntryPoint","urlTemplate":"https:\/\/radioljubuski.ba\/?s={search_term_string}"},"query-input":{"@type":"PropertyValueSpecification","valueRequired":true,"valueName":"search_term_string"}}],"inLanguage":"hr"},{"@type":"Organization","@id":"https:\/\/radioljubuski.ba\/#organization","name":"Radio Ljubu\u0161ki","url":"https:\/\/radioljubuski.ba\/","logo":{"@type":"ImageObject","inLanguage":"hr","@id":"https:\/\/radioljubuski.ba\/#\/schema\/logo\/image\/","url":"https:\/\/radioljubuski.ba\/wp-content\/uploads\/2021\/02\/cropped-Radio_Ljubuski_logo1.jpg","contentUrl":"https:\/\/radioljubuski.ba\/wp-content\/uploads\/2021\/02\/cropped-Radio_Ljubuski_logo1.jpg","width":512,"height":512,"caption":"Radio Ljubu\u0161ki"},"image":{"@id":"https:\/\/radioljubuski.ba\/#\/schema\/logo\/image\/"},"sameAs":["https:\/\/www.facebook.com\/Radiio-Ljubuski-1490835324566332","https:\/\/x.com\/radioljubuski","https:\/\/hr.linkedin.com\/company\/radio-ljubuski","https:\/\/www.youtube.com\/channel\/UCHYaeO_n0Db3tjNGudGpXyw"]},{"@type":"Person","@id":"https:\/\/radioljubuski.ba\/#\/schema\/person\/19fc700381a780f69665d7956c469e3b","name":"Radio Ljubu\u0161ki"}]}},"_links":{"self":[{"href":"https:\/\/radioljubuski.ba\/index.php\/wp-json\/wp\/v2\/posts\/182668","targetHints":{"allow":["GET"]}}],"collection":[{"href":"https:\/\/radioljubuski.ba\/index.php\/wp-json\/wp\/v2\/posts"}],"about":[{"href":"https:\/\/radioljubuski.ba\/index.php\/wp-json\/wp\/v2\/types\/post"}],"author":[{"embeddable":true,"href":"https:\/\/radioljubuski.ba\/index.php\/wp-json\/wp\/v2\/users\/2"}],"replies":[{"embeddable":true,"href":"https:\/\/radioljubuski.ba\/index.php\/wp-json\/wp\/v2\/comments?post=182668"}],"version-history":[{"count":1,"href":"https:\/\/radioljubuski.ba\/index.php\/wp-json\/wp\/v2\/posts\/182668\/revisions"}],"predecessor-version":[{"id":182669,"href":"https:\/\/radioljubuski.ba\/index.php\/wp-json\/wp\/v2\/posts\/182668\/revisions\/182669"}],"wp:featuredmedia":[{"embeddable":true,"href":"https:\/\/radioljubuski.ba\/index.php\/wp-json\/wp\/v2\/media\/80650"}],"wp:attachment":[{"href":"https:\/\/radioljubuski.ba\/index.php\/wp-json\/wp\/v2\/media?parent=182668"}],"wp:term":[{"taxonomy":"category","embeddable":true,"href":"https:\/\/radioljubuski.ba\/index.php\/wp-json\/wp\/v2\/categories?post=182668"},{"taxonomy":"post_tag","embeddable":true,"href":"https:\/\/radioljubuski.ba\/index.php\/wp-json\/wp\/v2\/tags?post=182668"}],"curies":[{"name":"wp","href":"https:\/\/api.w.org\/{rel}","templated":true}]}}