{"id":182670,"date":"2022-09-22T10:40:25","date_gmt":"2022-09-22T09:40:25","guid":{"rendered":"https:\/\/radioljubuski.ba\/?p=182670"},"modified":"2022-09-22T10:40:26","modified_gmt":"2022-09-22T09:40:26","slug":"plenkovic-u-new-yorku-posebno-pozdravio-hrvate-iz-bih-i-napomenuo-da-su-izbori-za-dva-tjedna","status":"publish","type":"post","link":"https:\/\/radioljubuski.ba\/index.php\/2022\/09\/22\/plenkovic-u-new-yorku-posebno-pozdravio-hrvate-iz-bih-i-napomenuo-da-su-izbori-za-dva-tjedna\/","title":{"rendered":"Plenkovi\u0107 U New Yorku posebno pozdravio Hrvate iz BiH i napomenuo da su izbori za dva tjedna"},"content":{"rendered":"\n<p>Ostvarili smo sve ciljeve u 30 godina, rekao je hrvatski premijer Andrej Plenkovi\u0107 na prijemu s hrvatskom zajednicom u New Yorku te zahvalio tamo\u0161njim, ali i svim Hrvatima u svijetu koji su u tome pomogli i financijski i kao promotori svoje domovine.<\/p>\n\n\n\n<p>Plenkovi\u0107 je posebno pozdravio Hrvate iz Bosne i Hercegovine pri \u010demu nije propustio spomenuti i parlamentarne izbore za manje od dva tjedna na kojima je veliko pitanje zastupljenosti bosanskohercegova\u010dkih Hrvata u tijelima BiH, javlja Hina.&nbsp;<\/p>\n\n\n\n<p>Hrvati vi\u0161e ne trebaju vize za SAD i za koji tjedan okon\u010dat \u0107e se proces ukidanja dvostrukog oporezivanja, \u0161to je va\u017eno i za Hrvate u SAD-u, rekao je Plenkovi\u0107 u New Yorku kamo je stigao na godi\u0161nje zasjedanje Op\u0107e skup\u0161tine UN-a u vrijeme &#8220;nevjerojatno brutalne ruske agresiju na Ukrajinu, nama prijateljsku zemlje&#8221;.<\/p>\n\n\n\n<p>Ta \u010dinjenica &#8220;promijenila je i me\u0111unarodne odnose i utjecala na \u017eivote svih nas&#8221; koji su ve\u0107 promijenjeni izazovima poput dvoipogodi\u0161nje pandemije, rastom cijena energenata, inflacijom \u0161to je izazov za vlade, pa tako i Hrvatsku koja je donijela paket pomo\u0107i gospodarstvu i gra\u0111anima.<\/p>\n\n\n\n<p>&#8220;Jedna smo od samo 15 zemalja svijeta koje \u0107e zajedno s nama od 1. sije\u010dnja 2023. biti i u NATO. i &nbsp;Europskoj uniji i u \u0161engenskom prostoru i u eurozoni&#8221;, rekao je.<\/p>\n\n\n\n<p>Hrvatska koja prije 30 godina nije bila na karti svijeta kao samostalna dr\u017eava, a &#8220;u tri desetlje\u0107a trudom svih nas do\u0161la je u jezgru najrazvijenijih dr\u017eava&#8221;, naglasio je.<\/p>\n\n\n\n<p>Hrvatska jo\u0161 samo treba u\u0107i u OECD (Organizacija za ekonomsku suradnju i razvoj), dodao je.<\/p>\n\n\n\n<p>&#8220;Onda je to to, mi smo onda ostvarili sve \u0161to smo htjeli u zadnjih 30 godina&#8221;.&nbsp;<\/p>\n\n\n\n<p>Hrvatska posebni cijeni i vrednuje doprinos Hrvata na tom putu, rekao je. &nbsp;<\/p>\n\n\n\n<p>&#8220;Vi ste pomogli jako puno od financijske pomo\u0107i, humanitarne i pomo\u0107i u naoru\u017eavanju Hrvatske po\u010detkom 90-iz pa do promocije i sada sna\u017ene i vibrantne gospodarske suradnje&#8221;.&nbsp;<\/p>\n\n\n\n<p>Pozvao je Hrvate da kao i do sada pomognu domovini kako mogu i budu akter koji \u0107e povezivati Hrvate diljem svijeta, rekao je na doga\u0111aju na kojem su sudjelovali i hrvatski veleposlanik Pjer \u0160imunovi\u0107 i ministar vanjskih i europskih poslova Gordan Grli\u0107-Radman, ali i biv\u0161a predsjednica RH Kolinda Grabar Kitarovi\u0107.<\/p>\n\n\n\n<p>Izvor:pogled.ba<\/p>\n","protected":false},"excerpt":{"rendered":"<p>Ostvarili smo sve ciljeve u 30 godina, rekao je hrvatski premijer Andrej Plenkovi\u0107 na prijemu s hrvatskom zajednicom u New Yorku te zahvalio tamo\u0161njim, ali i svim Hrvatima u svijetu koji su u tome pomogli i financijski i kao promotori svoje domovine. Plenkovi\u0107 je posebno pozdravio Hrvate iz Bosne i Hercegovine pri \u010demu nije propustio [&hellip;]<\/p>\n","protected":false},"author":2,"featured_media":182671,"comment_status":"closed","ping_status":"closed","sticky":false,"template":"","format":"standard","meta":{"h5ap_radio_sources":[],"footnotes":""},"categories":[1],"tags":[],"class_list":["post-182670","post","type-post","status-publish","format-standard","has-post-thumbnail","hentry","category-bihiregija"],"yoast_head":"<!-- This site is optimized with the Yoast SEO plugin v27.5 - https:\/\/yoast.com\/product\/yoast-seo-wordpress\/ -->\n<title>Plenkovi\u0107 U New Yorku posebno pozdravio Hrvate iz BiH i napomenuo da su izbori za dva tjedna - RADIO LJUBU\u0160KI<\/title>\n<meta name=\"robots\" content=\"index, follow, max-snippet:-1, max-image-preview:large, max-video-preview:-1\" \/>\n<link rel=\"canonical\" href=\"https:\/\/radioljubuski.ba\/index.php\/2022\/09\/22\/plenkovic-u-new-yorku-posebno-pozdravio-hrvate-iz-bih-i-napomenuo-da-su-izbori-za-dva-tjedna\/\" \/>\n<meta property=\"og:locale\" content=\"hr_HR\" \/>\n<meta property=\"og:type\" content=\"article\" \/>\n<meta property=\"og:title\" content=\"Plenkovi\u0107 U New Yorku posebno pozdravio Hrvate iz BiH i napomenuo da su izbori za dva tjedna - RADIO LJUBU\u0160KI\" \/>\n<meta property=\"og:description\" content=\"Ostvarili smo sve ciljeve u 30 godina, rekao je hrvatski premijer Andrej Plenkovi\u0107 na prijemu s hrvatskom zajednicom u New Yorku te zahvalio tamo\u0161njim, ali i svim Hrvatima u svijetu koji su u tome pomogli i financijski i kao promotori svoje domovine. Plenkovi\u0107 je posebno pozdravio Hrvate iz Bosne i Hercegovine pri \u010demu nije propustio [&hellip;]\" \/>\n<meta property=\"og:url\" content=\"https:\/\/radioljubuski.ba\/index.php\/2022\/09\/22\/plenkovic-u-new-yorku-posebno-pozdravio-hrvate-iz-bih-i-napomenuo-da-su-izbori-za-dva-tjedna\/\" \/>\n<meta property=\"og:site_name\" content=\"RADIO LJUBU\u0160KI\" \/>\n<meta property=\"article:publisher\" content=\"https:\/\/www.facebook.com\/Radiio-Ljubuski-1490835324566332\" \/>\n<meta property=\"article:published_time\" content=\"2022-09-22T09:40:25+00:00\" \/>\n<meta property=\"article:modified_time\" content=\"2022-09-22T09:40:26+00:00\" \/>\n<meta property=\"og:image\" content=\"https:\/\/radioljubuski.ba\/wp-content\/uploads\/2022\/09\/plenki.jpeg\" \/>\n\t<meta property=\"og:image:width\" content=\"810\" \/>\n\t<meta property=\"og:image:height\" content=\"506\" \/>\n\t<meta property=\"og:image:type\" content=\"image\/jpeg\" \/>\n<meta name=\"author\" content=\"Radio Ljubu\u0161ki\" \/>\n<meta name=\"twitter:card\" content=\"summary_large_image\" \/>\n<meta name=\"twitter:creator\" content=\"@radioljubuski\" \/>\n<meta name=\"twitter:site\" content=\"@radioljubuski\" \/>\n<meta name=\"twitter:label1\" content=\"Napisao\/la\" \/>\n\t<meta name=\"twitter:data1\" content=\"Radio Ljubu\u0161ki\" \/>\n\t<meta name=\"twitter:label2\" content=\"Procijenjeno vrijeme \u010ditanja\" \/>\n\t<meta name=\"twitter:data2\" content=\"2 minute\" \/>\n<script type=\"application\/ld+json\" class=\"yoast-schema-graph\">{\"@context\":\"https:\\\/\\\/schema.org\",\"@graph\":[{\"@type\":\"Article\",\"@id\":\"https:\\\/\\\/radioljubuski.ba\\\/index.php\\\/2022\\\/09\\\/22\\\/plenkovic-u-new-yorku-posebno-pozdravio-hrvate-iz-bih-i-napomenuo-da-su-izbori-za-dva-tjedna\\\/#article\",\"isPartOf\":{\"@id\":\"https:\\\/\\\/radioljubuski.ba\\\/index.php\\\/2022\\\/09\\\/22\\\/plenkovic-u-new-yorku-posebno-pozdravio-hrvate-iz-bih-i-napomenuo-da-su-izbori-za-dva-tjedna\\\/\"},\"author\":{\"name\":\"Radio Ljubu\u0161ki\",\"@id\":\"https:\\\/\\\/radioljubuski.ba\\\/#\\\/schema\\\/person\\\/19fc700381a780f69665d7956c469e3b\"},\"headline\":\"Plenkovi\u0107 U New Yorku posebno pozdravio Hrvate iz BiH i napomenuo da su izbori za dva tjedna\",\"datePublished\":\"2022-09-22T09:40:25+00:00\",\"dateModified\":\"2022-09-22T09:40:26+00:00\",\"mainEntityOfPage\":{\"@id\":\"https:\\\/\\\/radioljubuski.ba\\\/index.php\\\/2022\\\/09\\\/22\\\/plenkovic-u-new-yorku-posebno-pozdravio-hrvate-iz-bih-i-napomenuo-da-su-izbori-za-dva-tjedna\\\/\"},\"wordCount\":395,\"publisher\":{\"@id\":\"https:\\\/\\\/radioljubuski.ba\\\/#organization\"},\"image\":{\"@id\":\"https:\\\/\\\/radioljubuski.ba\\\/index.php\\\/2022\\\/09\\\/22\\\/plenkovic-u-new-yorku-posebno-pozdravio-hrvate-iz-bih-i-napomenuo-da-su-izbori-za-dva-tjedna\\\/#primaryimage\"},\"thumbnailUrl\":\"https:\\\/\\\/radioljubuski.ba\\\/wp-content\\\/uploads\\\/2022\\\/09\\\/plenki.jpeg\",\"articleSection\":[\"BIH i regija\"],\"inLanguage\":\"hr\"},{\"@type\":\"WebPage\",\"@id\":\"https:\\\/\\\/radioljubuski.ba\\\/index.php\\\/2022\\\/09\\\/22\\\/plenkovic-u-new-yorku-posebno-pozdravio-hrvate-iz-bih-i-napomenuo-da-su-izbori-za-dva-tjedna\\\/\",\"url\":\"https:\\\/\\\/radioljubuski.ba\\\/index.php\\\/2022\\\/09\\\/22\\\/plenkovic-u-new-yorku-posebno-pozdravio-hrvate-iz-bih-i-napomenuo-da-su-izbori-za-dva-tjedna\\\/\",\"name\":\"Plenkovi\u0107 U New Yorku posebno pozdravio Hrvate iz BiH i napomenuo da su izbori za dva tjedna - RADIO LJUBU\u0160KI\",\"isPartOf\":{\"@id\":\"https:\\\/\\\/radioljubuski.ba\\\/#website\"},\"primaryImageOfPage\":{\"@id\":\"https:\\\/\\\/radioljubuski.ba\\\/index.php\\\/2022\\\/09\\\/22\\\/plenkovic-u-new-yorku-posebno-pozdravio-hrvate-iz-bih-i-napomenuo-da-su-izbori-za-dva-tjedna\\\/#primaryimage\"},\"image\":{\"@id\":\"https:\\\/\\\/radioljubuski.ba\\\/index.php\\\/2022\\\/09\\\/22\\\/plenkovic-u-new-yorku-posebno-pozdravio-hrvate-iz-bih-i-napomenuo-da-su-izbori-za-dva-tjedna\\\/#primaryimage\"},\"thumbnailUrl\":\"https:\\\/\\\/radioljubuski.ba\\\/wp-content\\\/uploads\\\/2022\\\/09\\\/plenki.jpeg\",\"datePublished\":\"2022-09-22T09:40:25+00:00\",\"dateModified\":\"2022-09-22T09:40:26+00:00\",\"breadcrumb\":{\"@id\":\"https:\\\/\\\/radioljubuski.ba\\\/index.php\\\/2022\\\/09\\\/22\\\/plenkovic-u-new-yorku-posebno-pozdravio-hrvate-iz-bih-i-napomenuo-da-su-izbori-za-dva-tjedna\\\/#breadcrumb\"},\"inLanguage\":\"hr\",\"potentialAction\":[{\"@type\":\"ReadAction\",\"target\":[\"https:\\\/\\\/radioljubuski.ba\\\/index.php\\\/2022\\\/09\\\/22\\\/plenkovic-u-new-yorku-posebno-pozdravio-hrvate-iz-bih-i-napomenuo-da-su-izbori-za-dva-tjedna\\\/\"]}]},{\"@type\":\"ImageObject\",\"inLanguage\":\"hr\",\"@id\":\"https:\\\/\\\/radioljubuski.ba\\\/index.php\\\/2022\\\/09\\\/22\\\/plenkovic-u-new-yorku-posebno-pozdravio-hrvate-iz-bih-i-napomenuo-da-su-izbori-za-dva-tjedna\\\/#primaryimage\",\"url\":\"https:\\\/\\\/radioljubuski.ba\\\/wp-content\\\/uploads\\\/2022\\\/09\\\/plenki.jpeg\",\"contentUrl\":\"https:\\\/\\\/radioljubuski.ba\\\/wp-content\\\/uploads\\\/2022\\\/09\\\/plenki.jpeg\",\"width\":810,\"height\":506},{\"@type\":\"BreadcrumbList\",\"@id\":\"https:\\\/\\\/radioljubuski.ba\\\/index.php\\\/2022\\\/09\\\/22\\\/plenkovic-u-new-yorku-posebno-pozdravio-hrvate-iz-bih-i-napomenuo-da-su-izbori-za-dva-tjedna\\\/#breadcrumb\",\"itemListElement\":[{\"@type\":\"ListItem\",\"position\":1,\"name\":\"Po\u010detna stranica\",\"item\":\"https:\\\/\\\/radioljubuski.ba\\\/\"},{\"@type\":\"ListItem\",\"position\":2,\"name\":\"Plenkovi\u0107 U New Yorku posebno pozdravio Hrvate iz BiH i napomenuo da su izbori za dva tjedna\"}]},{\"@type\":\"WebSite\",\"@id\":\"https:\\\/\\\/radioljubuski.ba\\\/#website\",\"url\":\"https:\\\/\\\/radioljubuski.ba\\\/\",\"name\":\"Radio Ljubu\u0161ki\",\"description\":\"Sun\u010dana frekvencija Hercegovine\",\"publisher\":{\"@id\":\"https:\\\/\\\/radioljubuski.ba\\\/#organization\"},\"potentialAction\":[{\"@type\":\"SearchAction\",\"target\":{\"@type\":\"EntryPoint\",\"urlTemplate\":\"https:\\\/\\\/radioljubuski.ba\\\/?s={search_term_string}\"},\"query-input\":{\"@type\":\"PropertyValueSpecification\",\"valueRequired\":true,\"valueName\":\"search_term_string\"}}],\"inLanguage\":\"hr\"},{\"@type\":\"Organization\",\"@id\":\"https:\\\/\\\/radioljubuski.ba\\\/#organization\",\"name\":\"Radio Ljubu\u0161ki\",\"url\":\"https:\\\/\\\/radioljubuski.ba\\\/\",\"logo\":{\"@type\":\"ImageObject\",\"inLanguage\":\"hr\",\"@id\":\"https:\\\/\\\/radioljubuski.ba\\\/#\\\/schema\\\/logo\\\/image\\\/\",\"url\":\"https:\\\/\\\/radioljubuski.ba\\\/wp-content\\\/uploads\\\/2021\\\/02\\\/cropped-Radio_Ljubuski_logo1.jpg\",\"contentUrl\":\"https:\\\/\\\/radioljubuski.ba\\\/wp-content\\\/uploads\\\/2021\\\/02\\\/cropped-Radio_Ljubuski_logo1.jpg\",\"width\":512,\"height\":512,\"caption\":\"Radio Ljubu\u0161ki\"},\"image\":{\"@id\":\"https:\\\/\\\/radioljubuski.ba\\\/#\\\/schema\\\/logo\\\/image\\\/\"},\"sameAs\":[\"https:\\\/\\\/www.facebook.com\\\/Radiio-Ljubuski-1490835324566332\",\"https:\\\/\\\/x.com\\\/radioljubuski\",\"https:\\\/\\\/hr.linkedin.com\\\/company\\\/radio-ljubuski\",\"https:\\\/\\\/www.youtube.com\\\/channel\\\/UCHYaeO_n0Db3tjNGudGpXyw\"]},{\"@type\":\"Person\",\"@id\":\"https:\\\/\\\/radioljubuski.ba\\\/#\\\/schema\\\/person\\\/19fc700381a780f69665d7956c469e3b\",\"name\":\"Radio Ljubu\u0161ki\"}]}<\/script>\n<!-- \/ Yoast SEO plugin. -->","yoast_head_json":{"title":"Plenkovi\u0107 U New Yorku posebno pozdravio Hrvate iz BiH i napomenuo da su izbori za dva tjedna - RADIO LJUBU\u0160KI","robots":{"index":"index","follow":"follow","max-snippet":"max-snippet:-1","max-image-preview":"max-image-preview:large","max-video-preview":"max-video-preview:-1"},"canonical":"https:\/\/radioljubuski.ba\/index.php\/2022\/09\/22\/plenkovic-u-new-yorku-posebno-pozdravio-hrvate-iz-bih-i-napomenuo-da-su-izbori-za-dva-tjedna\/","og_locale":"hr_HR","og_type":"article","og_title":"Plenkovi\u0107 U New Yorku posebno pozdravio Hrvate iz BiH i napomenuo da su izbori za dva tjedna - RADIO LJUBU\u0160KI","og_description":"Ostvarili smo sve ciljeve u 30 godina, rekao je hrvatski premijer Andrej Plenkovi\u0107 na prijemu s hrvatskom zajednicom u New Yorku te zahvalio tamo\u0161njim, ali i svim Hrvatima u svijetu koji su u tome pomogli i financijski i kao promotori svoje domovine. Plenkovi\u0107 je posebno pozdravio Hrvate iz Bosne i Hercegovine pri \u010demu nije propustio [&hellip;]","og_url":"https:\/\/radioljubuski.ba\/index.php\/2022\/09\/22\/plenkovic-u-new-yorku-posebno-pozdravio-hrvate-iz-bih-i-napomenuo-da-su-izbori-za-dva-tjedna\/","og_site_name":"RADIO LJUBU\u0160KI","article_publisher":"https:\/\/www.facebook.com\/Radiio-Ljubuski-1490835324566332","article_published_time":"2022-09-22T09:40:25+00:00","article_modified_time":"2022-09-22T09:40:26+00:00","og_image":[{"width":810,"height":506,"url":"https:\/\/radioljubuski.ba\/wp-content\/uploads\/2022\/09\/plenki.jpeg","type":"image\/jpeg"}],"author":"Radio Ljubu\u0161ki","twitter_card":"summary_large_image","twitter_creator":"@radioljubuski","twitter_site":"@radioljubuski","twitter_misc":{"Napisao\/la":"Radio Ljubu\u0161ki","Procijenjeno vrijeme \u010ditanja":"2 minute"},"schema":{"@context":"https:\/\/schema.org","@graph":[{"@type":"Article","@id":"https:\/\/radioljubuski.ba\/index.php\/2022\/09\/22\/plenkovic-u-new-yorku-posebno-pozdravio-hrvate-iz-bih-i-napomenuo-da-su-izbori-za-dva-tjedna\/#article","isPartOf":{"@id":"https:\/\/radioljubuski.ba\/index.php\/2022\/09\/22\/plenkovic-u-new-yorku-posebno-pozdravio-hrvate-iz-bih-i-napomenuo-da-su-izbori-za-dva-tjedna\/"},"author":{"name":"Radio Ljubu\u0161ki","@id":"https:\/\/radioljubuski.ba\/#\/schema\/person\/19fc700381a780f69665d7956c469e3b"},"headline":"Plenkovi\u0107 U New Yorku posebno pozdravio Hrvate iz BiH i napomenuo da su izbori za dva tjedna","datePublished":"2022-09-22T09:40:25+00:00","dateModified":"2022-09-22T09:40:26+00:00","mainEntityOfPage":{"@id":"https:\/\/radioljubuski.ba\/index.php\/2022\/09\/22\/plenkovic-u-new-yorku-posebno-pozdravio-hrvate-iz-bih-i-napomenuo-da-su-izbori-za-dva-tjedna\/"},"wordCount":395,"publisher":{"@id":"https:\/\/radioljubuski.ba\/#organization"},"image":{"@id":"https:\/\/radioljubuski.ba\/index.php\/2022\/09\/22\/plenkovic-u-new-yorku-posebno-pozdravio-hrvate-iz-bih-i-napomenuo-da-su-izbori-za-dva-tjedna\/#primaryimage"},"thumbnailUrl":"https:\/\/radioljubuski.ba\/wp-content\/uploads\/2022\/09\/plenki.jpeg","articleSection":["BIH i regija"],"inLanguage":"hr"},{"@type":"WebPage","@id":"https:\/\/radioljubuski.ba\/index.php\/2022\/09\/22\/plenkovic-u-new-yorku-posebno-pozdravio-hrvate-iz-bih-i-napomenuo-da-su-izbori-za-dva-tjedna\/","url":"https:\/\/radioljubuski.ba\/index.php\/2022\/09\/22\/plenkovic-u-new-yorku-posebno-pozdravio-hrvate-iz-bih-i-napomenuo-da-su-izbori-za-dva-tjedna\/","name":"Plenkovi\u0107 U New Yorku posebno pozdravio Hrvate iz BiH i napomenuo da su izbori za dva tjedna - RADIO LJUBU\u0160KI","isPartOf":{"@id":"https:\/\/radioljubuski.ba\/#website"},"primaryImageOfPage":{"@id":"https:\/\/radioljubuski.ba\/index.php\/2022\/09\/22\/plenkovic-u-new-yorku-posebno-pozdravio-hrvate-iz-bih-i-napomenuo-da-su-izbori-za-dva-tjedna\/#primaryimage"},"image":{"@id":"https:\/\/radioljubuski.ba\/index.php\/2022\/09\/22\/plenkovic-u-new-yorku-posebno-pozdravio-hrvate-iz-bih-i-napomenuo-da-su-izbori-za-dva-tjedna\/#primaryimage"},"thumbnailUrl":"https:\/\/radioljubuski.ba\/wp-content\/uploads\/2022\/09\/plenki.jpeg","datePublished":"2022-09-22T09:40:25+00:00","dateModified":"2022-09-22T09:40:26+00:00","breadcrumb":{"@id":"https:\/\/radioljubuski.ba\/index.php\/2022\/09\/22\/plenkovic-u-new-yorku-posebno-pozdravio-hrvate-iz-bih-i-napomenuo-da-su-izbori-za-dva-tjedna\/#breadcrumb"},"inLanguage":"hr","potentialAction":[{"@type":"ReadAction","target":["https:\/\/radioljubuski.ba\/index.php\/2022\/09\/22\/plenkovic-u-new-yorku-posebno-pozdravio-hrvate-iz-bih-i-napomenuo-da-su-izbori-za-dva-tjedna\/"]}]},{"@type":"ImageObject","inLanguage":"hr","@id":"https:\/\/radioljubuski.ba\/index.php\/2022\/09\/22\/plenkovic-u-new-yorku-posebno-pozdravio-hrvate-iz-bih-i-napomenuo-da-su-izbori-za-dva-tjedna\/#primaryimage","url":"https:\/\/radioljubuski.ba\/wp-content\/uploads\/2022\/09\/plenki.jpeg","contentUrl":"https:\/\/radioljubuski.ba\/wp-content\/uploads\/2022\/09\/plenki.jpeg","width":810,"height":506},{"@type":"BreadcrumbList","@id":"https:\/\/radioljubuski.ba\/index.php\/2022\/09\/22\/plenkovic-u-new-yorku-posebno-pozdravio-hrvate-iz-bih-i-napomenuo-da-su-izbori-za-dva-tjedna\/#breadcrumb","itemListElement":[{"@type":"ListItem","position":1,"name":"Po\u010detna stranica","item":"https:\/\/radioljubuski.ba\/"},{"@type":"ListItem","position":2,"name":"Plenkovi\u0107 U New Yorku posebno pozdravio Hrvate iz BiH i napomenuo da su izbori za dva tjedna"}]},{"@type":"WebSite","@id":"https:\/\/radioljubuski.ba\/#website","url":"https:\/\/radioljubuski.ba\/","name":"Radio Ljubu\u0161ki","description":"Sun\u010dana frekvencija Hercegovine","publisher":{"@id":"https:\/\/radioljubuski.ba\/#organization"},"potentialAction":[{"@type":"SearchAction","target":{"@type":"EntryPoint","urlTemplate":"https:\/\/radioljubuski.ba\/?s={search_term_string}"},"query-input":{"@type":"PropertyValueSpecification","valueRequired":true,"valueName":"search_term_string"}}],"inLanguage":"hr"},{"@type":"Organization","@id":"https:\/\/radioljubuski.ba\/#organization","name":"Radio Ljubu\u0161ki","url":"https:\/\/radioljubuski.ba\/","logo":{"@type":"ImageObject","inLanguage":"hr","@id":"https:\/\/radioljubuski.ba\/#\/schema\/logo\/image\/","url":"https:\/\/radioljubuski.ba\/wp-content\/uploads\/2021\/02\/cropped-Radio_Ljubuski_logo1.jpg","contentUrl":"https:\/\/radioljubuski.ba\/wp-content\/uploads\/2021\/02\/cropped-Radio_Ljubuski_logo1.jpg","width":512,"height":512,"caption":"Radio Ljubu\u0161ki"},"image":{"@id":"https:\/\/radioljubuski.ba\/#\/schema\/logo\/image\/"},"sameAs":["https:\/\/www.facebook.com\/Radiio-Ljubuski-1490835324566332","https:\/\/x.com\/radioljubuski","https:\/\/hr.linkedin.com\/company\/radio-ljubuski","https:\/\/www.youtube.com\/channel\/UCHYaeO_n0Db3tjNGudGpXyw"]},{"@type":"Person","@id":"https:\/\/radioljubuski.ba\/#\/schema\/person\/19fc700381a780f69665d7956c469e3b","name":"Radio Ljubu\u0161ki"}]}},"_links":{"self":[{"href":"https:\/\/radioljubuski.ba\/index.php\/wp-json\/wp\/v2\/posts\/182670","targetHints":{"allow":["GET"]}}],"collection":[{"href":"https:\/\/radioljubuski.ba\/index.php\/wp-json\/wp\/v2\/posts"}],"about":[{"href":"https:\/\/radioljubuski.ba\/index.php\/wp-json\/wp\/v2\/types\/post"}],"author":[{"embeddable":true,"href":"https:\/\/radioljubuski.ba\/index.php\/wp-json\/wp\/v2\/users\/2"}],"replies":[{"embeddable":true,"href":"https:\/\/radioljubuski.ba\/index.php\/wp-json\/wp\/v2\/comments?post=182670"}],"version-history":[{"count":1,"href":"https:\/\/radioljubuski.ba\/index.php\/wp-json\/wp\/v2\/posts\/182670\/revisions"}],"predecessor-version":[{"id":182672,"href":"https:\/\/radioljubuski.ba\/index.php\/wp-json\/wp\/v2\/posts\/182670\/revisions\/182672"}],"wp:featuredmedia":[{"embeddable":true,"href":"https:\/\/radioljubuski.ba\/index.php\/wp-json\/wp\/v2\/media\/182671"}],"wp:attachment":[{"href":"https:\/\/radioljubuski.ba\/index.php\/wp-json\/wp\/v2\/media?parent=182670"}],"wp:term":[{"taxonomy":"category","embeddable":true,"href":"https:\/\/radioljubuski.ba\/index.php\/wp-json\/wp\/v2\/categories?post=182670"},{"taxonomy":"post_tag","embeddable":true,"href":"https:\/\/radioljubuski.ba\/index.php\/wp-json\/wp\/v2\/tags?post=182670"}],"curies":[{"name":"wp","href":"https:\/\/api.w.org\/{rel}","templated":true}]}}