{"id":182673,"date":"2022-09-22T10:41:29","date_gmt":"2022-09-22T09:41:29","guid":{"rendered":"https:\/\/radioljubuski.ba\/?p=182673"},"modified":"2022-09-22T10:41:30","modified_gmt":"2022-09-22T09:41:30","slug":"federacija-jos-ne-zna-koja-ce-biti-cijena-plina-nakon-30-rujna","status":"publish","type":"post","link":"https:\/\/radioljubuski.ba\/index.php\/2022\/09\/22\/federacija-jos-ne-zna-koja-ce-biti-cijena-plina-nakon-30-rujna\/","title":{"rendered":"Federacija jo\u0161 ne zna koja \u0107e biti cijena plina nakon 30. rujna"},"content":{"rendered":"\n<p>Federacija BiH cijenu plina za idu\u0107i kvartal od Gazprom Exporta mo\u017ee o\u010dekivati po\u010detkom listopada, jer trenutna cijena plina va\u017ei do kraja tre\u0107eg kvartala, odnosno do 30. rujna, potvrdili su Feni iz Energoinvesta d.d. Sarajevo.<\/p>\n\n\n\n<p>-Energoinvest stalno pravi analize i modele mogu\u0107ih situacija, ali davanje to\u010dnih informacija o cijenama u budu\u0107nosti prije nego \u0161to nam to potvrdi Gazprom &nbsp;nije mogu\u0107e zbog svih poznatih okolnosti, ali prema svim prognozama i dalje se o\u010dekuje rast cijena &#8211; dodali su iz te tvrtke za uvoz plina u FBiH.&nbsp;<\/p>\n\n\n\n<p>Ina\u010de, kako su istaknuli, tr\u017ei\u0161ne cijene plina su na TTF plinskoj platformi izuzetno promjenljive i za nekoliko puta su ve\u0107e od cijena koje mi imamo.<\/p>\n\n\n\n<p>-Nakon \u0161to dobijemo nove cijene od Gazproma blagovremeno \u0107emo obavijestiti javnost \u2013 poru\u010dili su iz Energoinvesta.<\/p>\n\n\n\n<p>Cijena plina se formira kvartalno na osnovu kretanja cijene nekoliko elemenata, a ponajvi\u0161e nafte u prethodnih devet mjeseci.<\/p>\n\n\n\n<p>-Novu cijenu \u0107emo dobiti po\u010detkom listopada i bit \u0107e izra\u010dunata na ve\u0107 spomenuti na\u010din. S obzirom na to da se cijene plina na tr\u017ei\u0161tu mijenjaju vi\u0161e puta tijekom godine, prema cijeni nafte, po naftnoj formuli, a po\u0161to je cijena nafte zna\u010dajno rasla, tako raste i cijena plina &#8211; poru\u010dili su iz Energoinvesta.<\/p>\n\n\n\n<p>Izvor:pogled.ba<\/p>\n","protected":false},"excerpt":{"rendered":"<p>Federacija BiH cijenu plina za idu\u0107i kvartal od Gazprom Exporta mo\u017ee o\u010dekivati po\u010detkom listopada, jer trenutna cijena plina va\u017ei do kraja tre\u0107eg kvartala, odnosno do 30. rujna, potvrdili su Feni iz Energoinvesta d.d. Sarajevo. -Energoinvest stalno pravi analize i modele mogu\u0107ih situacija, ali davanje to\u010dnih informacija o cijenama u budu\u0107nosti prije nego \u0161to nam to [&hellip;]<\/p>\n","protected":false},"author":2,"featured_media":90876,"comment_status":"closed","ping_status":"closed","sticky":false,"template":"","format":"standard","meta":{"h5ap_radio_sources":[],"footnotes":""},"categories":[1],"tags":[],"class_list":["post-182673","post","type-post","status-publish","format-standard","has-post-thumbnail","hentry","category-bihiregija"],"yoast_head":"<!-- This site is optimized with the Yoast SEO plugin v27.5 - https:\/\/yoast.com\/product\/yoast-seo-wordpress\/ -->\n<title>Federacija jo\u0161 ne zna koja \u0107e biti cijena plina nakon 30. rujna - RADIO LJUBU\u0160KI<\/title>\n<meta name=\"robots\" content=\"index, follow, max-snippet:-1, max-image-preview:large, max-video-preview:-1\" \/>\n<link rel=\"canonical\" href=\"https:\/\/radioljubuski.ba\/index.php\/2022\/09\/22\/federacija-jos-ne-zna-koja-ce-biti-cijena-plina-nakon-30-rujna\/\" \/>\n<meta property=\"og:locale\" content=\"hr_HR\" \/>\n<meta property=\"og:type\" content=\"article\" \/>\n<meta property=\"og:title\" content=\"Federacija jo\u0161 ne zna koja \u0107e biti cijena plina nakon 30. rujna - RADIO LJUBU\u0160KI\" \/>\n<meta property=\"og:description\" content=\"Federacija BiH cijenu plina za idu\u0107i kvartal od Gazprom Exporta mo\u017ee o\u010dekivati po\u010detkom listopada, jer trenutna cijena plina va\u017ei do kraja tre\u0107eg kvartala, odnosno do 30. rujna, potvrdili su Feni iz Energoinvesta d.d. Sarajevo. -Energoinvest stalno pravi analize i modele mogu\u0107ih situacija, ali davanje to\u010dnih informacija o cijenama u budu\u0107nosti prije nego \u0161to nam to [&hellip;]\" \/>\n<meta property=\"og:url\" content=\"https:\/\/radioljubuski.ba\/index.php\/2022\/09\/22\/federacija-jos-ne-zna-koja-ce-biti-cijena-plina-nakon-30-rujna\/\" \/>\n<meta property=\"og:site_name\" content=\"RADIO LJUBU\u0160KI\" \/>\n<meta property=\"article:publisher\" content=\"https:\/\/www.facebook.com\/Radiio-Ljubuski-1490835324566332\" \/>\n<meta property=\"article:published_time\" content=\"2022-09-22T09:41:29+00:00\" \/>\n<meta property=\"article:modified_time\" content=\"2022-09-22T09:41:30+00:00\" \/>\n<meta property=\"og:image\" content=\"https:\/\/radioljubuski.ba\/wp-content\/uploads\/2021\/11\/plin123.jpg\" \/>\n\t<meta property=\"og:image:width\" content=\"662\" \/>\n\t<meta property=\"og:image:height\" content=\"369\" \/>\n\t<meta property=\"og:image:type\" content=\"image\/jpeg\" \/>\n<meta name=\"author\" content=\"Radio Ljubu\u0161ki\" \/>\n<meta name=\"twitter:card\" content=\"summary_large_image\" \/>\n<meta name=\"twitter:creator\" content=\"@radioljubuski\" \/>\n<meta name=\"twitter:site\" content=\"@radioljubuski\" \/>\n<meta name=\"twitter:label1\" content=\"Napisao\/la\" \/>\n\t<meta name=\"twitter:data1\" content=\"Radio Ljubu\u0161ki\" \/>\n\t<meta name=\"twitter:label2\" content=\"Procijenjeno vrijeme \u010ditanja\" \/>\n\t<meta name=\"twitter:data2\" content=\"1 minuta\" \/>\n<script type=\"application\/ld+json\" class=\"yoast-schema-graph\">{\"@context\":\"https:\\\/\\\/schema.org\",\"@graph\":[{\"@type\":\"Article\",\"@id\":\"https:\\\/\\\/radioljubuski.ba\\\/index.php\\\/2022\\\/09\\\/22\\\/federacija-jos-ne-zna-koja-ce-biti-cijena-plina-nakon-30-rujna\\\/#article\",\"isPartOf\":{\"@id\":\"https:\\\/\\\/radioljubuski.ba\\\/index.php\\\/2022\\\/09\\\/22\\\/federacija-jos-ne-zna-koja-ce-biti-cijena-plina-nakon-30-rujna\\\/\"},\"author\":{\"name\":\"Radio Ljubu\u0161ki\",\"@id\":\"https:\\\/\\\/radioljubuski.ba\\\/#\\\/schema\\\/person\\\/19fc700381a780f69665d7956c469e3b\"},\"headline\":\"Federacija jo\u0161 ne zna koja \u0107e biti cijena plina nakon 30. rujna\",\"datePublished\":\"2022-09-22T09:41:29+00:00\",\"dateModified\":\"2022-09-22T09:41:30+00:00\",\"mainEntityOfPage\":{\"@id\":\"https:\\\/\\\/radioljubuski.ba\\\/index.php\\\/2022\\\/09\\\/22\\\/federacija-jos-ne-zna-koja-ce-biti-cijena-plina-nakon-30-rujna\\\/\"},\"wordCount\":236,\"publisher\":{\"@id\":\"https:\\\/\\\/radioljubuski.ba\\\/#organization\"},\"image\":{\"@id\":\"https:\\\/\\\/radioljubuski.ba\\\/index.php\\\/2022\\\/09\\\/22\\\/federacija-jos-ne-zna-koja-ce-biti-cijena-plina-nakon-30-rujna\\\/#primaryimage\"},\"thumbnailUrl\":\"https:\\\/\\\/radioljubuski.ba\\\/wp-content\\\/uploads\\\/2021\\\/11\\\/plin123.jpg\",\"articleSection\":[\"BIH i regija\"],\"inLanguage\":\"hr\"},{\"@type\":\"WebPage\",\"@id\":\"https:\\\/\\\/radioljubuski.ba\\\/index.php\\\/2022\\\/09\\\/22\\\/federacija-jos-ne-zna-koja-ce-biti-cijena-plina-nakon-30-rujna\\\/\",\"url\":\"https:\\\/\\\/radioljubuski.ba\\\/index.php\\\/2022\\\/09\\\/22\\\/federacija-jos-ne-zna-koja-ce-biti-cijena-plina-nakon-30-rujna\\\/\",\"name\":\"Federacija jo\u0161 ne zna koja \u0107e biti cijena plina nakon 30. rujna - RADIO LJUBU\u0160KI\",\"isPartOf\":{\"@id\":\"https:\\\/\\\/radioljubuski.ba\\\/#website\"},\"primaryImageOfPage\":{\"@id\":\"https:\\\/\\\/radioljubuski.ba\\\/index.php\\\/2022\\\/09\\\/22\\\/federacija-jos-ne-zna-koja-ce-biti-cijena-plina-nakon-30-rujna\\\/#primaryimage\"},\"image\":{\"@id\":\"https:\\\/\\\/radioljubuski.ba\\\/index.php\\\/2022\\\/09\\\/22\\\/federacija-jos-ne-zna-koja-ce-biti-cijena-plina-nakon-30-rujna\\\/#primaryimage\"},\"thumbnailUrl\":\"https:\\\/\\\/radioljubuski.ba\\\/wp-content\\\/uploads\\\/2021\\\/11\\\/plin123.jpg\",\"datePublished\":\"2022-09-22T09:41:29+00:00\",\"dateModified\":\"2022-09-22T09:41:30+00:00\",\"breadcrumb\":{\"@id\":\"https:\\\/\\\/radioljubuski.ba\\\/index.php\\\/2022\\\/09\\\/22\\\/federacija-jos-ne-zna-koja-ce-biti-cijena-plina-nakon-30-rujna\\\/#breadcrumb\"},\"inLanguage\":\"hr\",\"potentialAction\":[{\"@type\":\"ReadAction\",\"target\":[\"https:\\\/\\\/radioljubuski.ba\\\/index.php\\\/2022\\\/09\\\/22\\\/federacija-jos-ne-zna-koja-ce-biti-cijena-plina-nakon-30-rujna\\\/\"]}]},{\"@type\":\"ImageObject\",\"inLanguage\":\"hr\",\"@id\":\"https:\\\/\\\/radioljubuski.ba\\\/index.php\\\/2022\\\/09\\\/22\\\/federacija-jos-ne-zna-koja-ce-biti-cijena-plina-nakon-30-rujna\\\/#primaryimage\",\"url\":\"https:\\\/\\\/radioljubuski.ba\\\/wp-content\\\/uploads\\\/2021\\\/11\\\/plin123.jpg\",\"contentUrl\":\"https:\\\/\\\/radioljubuski.ba\\\/wp-content\\\/uploads\\\/2021\\\/11\\\/plin123.jpg\",\"width\":662,\"height\":369},{\"@type\":\"BreadcrumbList\",\"@id\":\"https:\\\/\\\/radioljubuski.ba\\\/index.php\\\/2022\\\/09\\\/22\\\/federacija-jos-ne-zna-koja-ce-biti-cijena-plina-nakon-30-rujna\\\/#breadcrumb\",\"itemListElement\":[{\"@type\":\"ListItem\",\"position\":1,\"name\":\"Po\u010detna stranica\",\"item\":\"https:\\\/\\\/radioljubuski.ba\\\/\"},{\"@type\":\"ListItem\",\"position\":2,\"name\":\"Federacija jo\u0161 ne zna koja \u0107e biti cijena plina nakon 30. rujna\"}]},{\"@type\":\"WebSite\",\"@id\":\"https:\\\/\\\/radioljubuski.ba\\\/#website\",\"url\":\"https:\\\/\\\/radioljubuski.ba\\\/\",\"name\":\"Radio Ljubu\u0161ki\",\"description\":\"Sun\u010dana frekvencija Hercegovine\",\"publisher\":{\"@id\":\"https:\\\/\\\/radioljubuski.ba\\\/#organization\"},\"potentialAction\":[{\"@type\":\"SearchAction\",\"target\":{\"@type\":\"EntryPoint\",\"urlTemplate\":\"https:\\\/\\\/radioljubuski.ba\\\/?s={search_term_string}\"},\"query-input\":{\"@type\":\"PropertyValueSpecification\",\"valueRequired\":true,\"valueName\":\"search_term_string\"}}],\"inLanguage\":\"hr\"},{\"@type\":\"Organization\",\"@id\":\"https:\\\/\\\/radioljubuski.ba\\\/#organization\",\"name\":\"Radio Ljubu\u0161ki\",\"url\":\"https:\\\/\\\/radioljubuski.ba\\\/\",\"logo\":{\"@type\":\"ImageObject\",\"inLanguage\":\"hr\",\"@id\":\"https:\\\/\\\/radioljubuski.ba\\\/#\\\/schema\\\/logo\\\/image\\\/\",\"url\":\"https:\\\/\\\/radioljubuski.ba\\\/wp-content\\\/uploads\\\/2021\\\/02\\\/cropped-Radio_Ljubuski_logo1.jpg\",\"contentUrl\":\"https:\\\/\\\/radioljubuski.ba\\\/wp-content\\\/uploads\\\/2021\\\/02\\\/cropped-Radio_Ljubuski_logo1.jpg\",\"width\":512,\"height\":512,\"caption\":\"Radio Ljubu\u0161ki\"},\"image\":{\"@id\":\"https:\\\/\\\/radioljubuski.ba\\\/#\\\/schema\\\/logo\\\/image\\\/\"},\"sameAs\":[\"https:\\\/\\\/www.facebook.com\\\/Radiio-Ljubuski-1490835324566332\",\"https:\\\/\\\/x.com\\\/radioljubuski\",\"https:\\\/\\\/hr.linkedin.com\\\/company\\\/radio-ljubuski\",\"https:\\\/\\\/www.youtube.com\\\/channel\\\/UCHYaeO_n0Db3tjNGudGpXyw\"]},{\"@type\":\"Person\",\"@id\":\"https:\\\/\\\/radioljubuski.ba\\\/#\\\/schema\\\/person\\\/19fc700381a780f69665d7956c469e3b\",\"name\":\"Radio Ljubu\u0161ki\"}]}<\/script>\n<!-- \/ Yoast SEO plugin. -->","yoast_head_json":{"title":"Federacija jo\u0161 ne zna koja \u0107e biti cijena plina nakon 30. rujna - RADIO LJUBU\u0160KI","robots":{"index":"index","follow":"follow","max-snippet":"max-snippet:-1","max-image-preview":"max-image-preview:large","max-video-preview":"max-video-preview:-1"},"canonical":"https:\/\/radioljubuski.ba\/index.php\/2022\/09\/22\/federacija-jos-ne-zna-koja-ce-biti-cijena-plina-nakon-30-rujna\/","og_locale":"hr_HR","og_type":"article","og_title":"Federacija jo\u0161 ne zna koja \u0107e biti cijena plina nakon 30. rujna - RADIO LJUBU\u0160KI","og_description":"Federacija BiH cijenu plina za idu\u0107i kvartal od Gazprom Exporta mo\u017ee o\u010dekivati po\u010detkom listopada, jer trenutna cijena plina va\u017ei do kraja tre\u0107eg kvartala, odnosno do 30. rujna, potvrdili su Feni iz Energoinvesta d.d. Sarajevo. -Energoinvest stalno pravi analize i modele mogu\u0107ih situacija, ali davanje to\u010dnih informacija o cijenama u budu\u0107nosti prije nego \u0161to nam to [&hellip;]","og_url":"https:\/\/radioljubuski.ba\/index.php\/2022\/09\/22\/federacija-jos-ne-zna-koja-ce-biti-cijena-plina-nakon-30-rujna\/","og_site_name":"RADIO LJUBU\u0160KI","article_publisher":"https:\/\/www.facebook.com\/Radiio-Ljubuski-1490835324566332","article_published_time":"2022-09-22T09:41:29+00:00","article_modified_time":"2022-09-22T09:41:30+00:00","og_image":[{"width":662,"height":369,"url":"https:\/\/radioljubuski.ba\/wp-content\/uploads\/2021\/11\/plin123.jpg","type":"image\/jpeg"}],"author":"Radio Ljubu\u0161ki","twitter_card":"summary_large_image","twitter_creator":"@radioljubuski","twitter_site":"@radioljubuski","twitter_misc":{"Napisao\/la":"Radio Ljubu\u0161ki","Procijenjeno vrijeme \u010ditanja":"1 minuta"},"schema":{"@context":"https:\/\/schema.org","@graph":[{"@type":"Article","@id":"https:\/\/radioljubuski.ba\/index.php\/2022\/09\/22\/federacija-jos-ne-zna-koja-ce-biti-cijena-plina-nakon-30-rujna\/#article","isPartOf":{"@id":"https:\/\/radioljubuski.ba\/index.php\/2022\/09\/22\/federacija-jos-ne-zna-koja-ce-biti-cijena-plina-nakon-30-rujna\/"},"author":{"name":"Radio Ljubu\u0161ki","@id":"https:\/\/radioljubuski.ba\/#\/schema\/person\/19fc700381a780f69665d7956c469e3b"},"headline":"Federacija jo\u0161 ne zna koja \u0107e biti cijena plina nakon 30. rujna","datePublished":"2022-09-22T09:41:29+00:00","dateModified":"2022-09-22T09:41:30+00:00","mainEntityOfPage":{"@id":"https:\/\/radioljubuski.ba\/index.php\/2022\/09\/22\/federacija-jos-ne-zna-koja-ce-biti-cijena-plina-nakon-30-rujna\/"},"wordCount":236,"publisher":{"@id":"https:\/\/radioljubuski.ba\/#organization"},"image":{"@id":"https:\/\/radioljubuski.ba\/index.php\/2022\/09\/22\/federacija-jos-ne-zna-koja-ce-biti-cijena-plina-nakon-30-rujna\/#primaryimage"},"thumbnailUrl":"https:\/\/radioljubuski.ba\/wp-content\/uploads\/2021\/11\/plin123.jpg","articleSection":["BIH i regija"],"inLanguage":"hr"},{"@type":"WebPage","@id":"https:\/\/radioljubuski.ba\/index.php\/2022\/09\/22\/federacija-jos-ne-zna-koja-ce-biti-cijena-plina-nakon-30-rujna\/","url":"https:\/\/radioljubuski.ba\/index.php\/2022\/09\/22\/federacija-jos-ne-zna-koja-ce-biti-cijena-plina-nakon-30-rujna\/","name":"Federacija jo\u0161 ne zna koja \u0107e biti cijena plina nakon 30. rujna - RADIO LJUBU\u0160KI","isPartOf":{"@id":"https:\/\/radioljubuski.ba\/#website"},"primaryImageOfPage":{"@id":"https:\/\/radioljubuski.ba\/index.php\/2022\/09\/22\/federacija-jos-ne-zna-koja-ce-biti-cijena-plina-nakon-30-rujna\/#primaryimage"},"image":{"@id":"https:\/\/radioljubuski.ba\/index.php\/2022\/09\/22\/federacija-jos-ne-zna-koja-ce-biti-cijena-plina-nakon-30-rujna\/#primaryimage"},"thumbnailUrl":"https:\/\/radioljubuski.ba\/wp-content\/uploads\/2021\/11\/plin123.jpg","datePublished":"2022-09-22T09:41:29+00:00","dateModified":"2022-09-22T09:41:30+00:00","breadcrumb":{"@id":"https:\/\/radioljubuski.ba\/index.php\/2022\/09\/22\/federacija-jos-ne-zna-koja-ce-biti-cijena-plina-nakon-30-rujna\/#breadcrumb"},"inLanguage":"hr","potentialAction":[{"@type":"ReadAction","target":["https:\/\/radioljubuski.ba\/index.php\/2022\/09\/22\/federacija-jos-ne-zna-koja-ce-biti-cijena-plina-nakon-30-rujna\/"]}]},{"@type":"ImageObject","inLanguage":"hr","@id":"https:\/\/radioljubuski.ba\/index.php\/2022\/09\/22\/federacija-jos-ne-zna-koja-ce-biti-cijena-plina-nakon-30-rujna\/#primaryimage","url":"https:\/\/radioljubuski.ba\/wp-content\/uploads\/2021\/11\/plin123.jpg","contentUrl":"https:\/\/radioljubuski.ba\/wp-content\/uploads\/2021\/11\/plin123.jpg","width":662,"height":369},{"@type":"BreadcrumbList","@id":"https:\/\/radioljubuski.ba\/index.php\/2022\/09\/22\/federacija-jos-ne-zna-koja-ce-biti-cijena-plina-nakon-30-rujna\/#breadcrumb","itemListElement":[{"@type":"ListItem","position":1,"name":"Po\u010detna stranica","item":"https:\/\/radioljubuski.ba\/"},{"@type":"ListItem","position":2,"name":"Federacija jo\u0161 ne zna koja \u0107e biti cijena plina nakon 30. rujna"}]},{"@type":"WebSite","@id":"https:\/\/radioljubuski.ba\/#website","url":"https:\/\/radioljubuski.ba\/","name":"Radio Ljubu\u0161ki","description":"Sun\u010dana frekvencija Hercegovine","publisher":{"@id":"https:\/\/radioljubuski.ba\/#organization"},"potentialAction":[{"@type":"SearchAction","target":{"@type":"EntryPoint","urlTemplate":"https:\/\/radioljubuski.ba\/?s={search_term_string}"},"query-input":{"@type":"PropertyValueSpecification","valueRequired":true,"valueName":"search_term_string"}}],"inLanguage":"hr"},{"@type":"Organization","@id":"https:\/\/radioljubuski.ba\/#organization","name":"Radio Ljubu\u0161ki","url":"https:\/\/radioljubuski.ba\/","logo":{"@type":"ImageObject","inLanguage":"hr","@id":"https:\/\/radioljubuski.ba\/#\/schema\/logo\/image\/","url":"https:\/\/radioljubuski.ba\/wp-content\/uploads\/2021\/02\/cropped-Radio_Ljubuski_logo1.jpg","contentUrl":"https:\/\/radioljubuski.ba\/wp-content\/uploads\/2021\/02\/cropped-Radio_Ljubuski_logo1.jpg","width":512,"height":512,"caption":"Radio Ljubu\u0161ki"},"image":{"@id":"https:\/\/radioljubuski.ba\/#\/schema\/logo\/image\/"},"sameAs":["https:\/\/www.facebook.com\/Radiio-Ljubuski-1490835324566332","https:\/\/x.com\/radioljubuski","https:\/\/hr.linkedin.com\/company\/radio-ljubuski","https:\/\/www.youtube.com\/channel\/UCHYaeO_n0Db3tjNGudGpXyw"]},{"@type":"Person","@id":"https:\/\/radioljubuski.ba\/#\/schema\/person\/19fc700381a780f69665d7956c469e3b","name":"Radio Ljubu\u0161ki"}]}},"_links":{"self":[{"href":"https:\/\/radioljubuski.ba\/index.php\/wp-json\/wp\/v2\/posts\/182673","targetHints":{"allow":["GET"]}}],"collection":[{"href":"https:\/\/radioljubuski.ba\/index.php\/wp-json\/wp\/v2\/posts"}],"about":[{"href":"https:\/\/radioljubuski.ba\/index.php\/wp-json\/wp\/v2\/types\/post"}],"author":[{"embeddable":true,"href":"https:\/\/radioljubuski.ba\/index.php\/wp-json\/wp\/v2\/users\/2"}],"replies":[{"embeddable":true,"href":"https:\/\/radioljubuski.ba\/index.php\/wp-json\/wp\/v2\/comments?post=182673"}],"version-history":[{"count":1,"href":"https:\/\/radioljubuski.ba\/index.php\/wp-json\/wp\/v2\/posts\/182673\/revisions"}],"predecessor-version":[{"id":182674,"href":"https:\/\/radioljubuski.ba\/index.php\/wp-json\/wp\/v2\/posts\/182673\/revisions\/182674"}],"wp:featuredmedia":[{"embeddable":true,"href":"https:\/\/radioljubuski.ba\/index.php\/wp-json\/wp\/v2\/media\/90876"}],"wp:attachment":[{"href":"https:\/\/radioljubuski.ba\/index.php\/wp-json\/wp\/v2\/media?parent=182673"}],"wp:term":[{"taxonomy":"category","embeddable":true,"href":"https:\/\/radioljubuski.ba\/index.php\/wp-json\/wp\/v2\/categories?post=182673"},{"taxonomy":"post_tag","embeddable":true,"href":"https:\/\/radioljubuski.ba\/index.php\/wp-json\/wp\/v2\/tags?post=182673"}],"curies":[{"name":"wp","href":"https:\/\/api.w.org\/{rel}","templated":true}]}}