{"id":182699,"date":"2022-09-22T10:53:55","date_gmt":"2022-09-22T09:53:55","guid":{"rendered":"https:\/\/radioljubuski.ba\/?p=182699"},"modified":"2022-09-22T10:53:57","modified_gmt":"2022-09-22T09:53:57","slug":"na-javnu-raspravu-doslo-100-gradana-traze-brisanje-mhe-na-buni","status":"publish","type":"post","link":"https:\/\/radioljubuski.ba\/index.php\/2022\/09\/22\/na-javnu-raspravu-doslo-100-gradana-traze-brisanje-mhe-na-buni\/","title":{"rendered":"Na javnu raspravu do\u0161lo 100 gra\u0111ana, tra\u017ee brisanje mHE na Buni"},"content":{"rendered":"\n<p>Neformalna grupa gra\u0111ana \u201eStop izgradnji mHE na Buni\u201c je ju\u010der zajedno sa ostalim ekolo\u0161kim udru\u017eenjima i preko 100 okupljenih gra\u0111ana Mostara na javnoj raspravi o prijedlogu izmjena postoje\u0107eg Prostornog plana Grada Mostara, jasno ukazala da je protiv izgradnje mHE na Bunskim kanalima. Taj spomenik prirode se mo\u017ee za\u0161tititi brisanjem mHE sa tog lokaliteta iz trenutnog Prostornog plana Grada Mostara \u0161to je potrebno \u0161to prija u\u010diniti.<\/p>\n\n\n\n<p>\u201eMi smo danas izrazili podr\u0161ku tome \u0161to su kona\u010dno usvojeni na\u0161i dugogodi\u0161nji zahtjevi odnosno \u0161to je ovim Izmjenama I dopunama Prostornog plana Grada Mostara predvi\u0111eno brisanje mHE Buna l I Buna ll na lokalitetu spomenika prirode na rijeci Buni &#8211; Bunski kanali. Osim toga podsjetili smo na to je prostorno-planskom dokumentacijom Hercegova\u010dko-nerevanske \u017eupanije i Federacije BiH lokalitet Bunskih kanala ozna\u010den kao za\u0161ti\u0107eno podu\u010dje na kojem nije dozvoljena gradnja, te da u skladu sa tim podr\u017eavamo prijedlog novog Prostornog plana Grada Mostara koji \u0107e po ovom biti pitanju uskla\u0111en sa prostorno-planskom dokumentacijom Hercegova\u010dko- neretvanske \u017eupanije i Federacije Bosne i Hercegovine. Nedopustivo je da se gradona\u010delnik i rukovodstvo Gradskog vije\u0107a nisu pojavili na dana\u0161njoj javnoj raspravi\u201c, isti\u010de Miroslav Bari\u0161i\u0107, predstavnik neformalne grupe gra\u0111ana \u201eStop izgradnji mHE na Buni\u201c.<\/p>\n\n\n\n<p>Tako\u0111er, gra\u0111anski aktivisti su opreza radi, predlo\u017eili da i u tekstualnom dijelu Nacrta dokumenta jo\u0161 jednom bude utvr\u0111eno brisanje ovih mHE, jer iako isto proizilazi iz priloga, bilo bi po\u017eeljno da je obuhva\u0107eno i tekstualnim dijelom.<\/p>\n\n\n\n<p>Predstavnici neformalne grupe gra\u0111ana \u201eStop izgradnji mHE na Buni\u201c su pred pojedinim gradskim vije\u0107nicima, predstavnicima investitora dodatno naglasili da je 07.07.2022. Dom naroda Parlamenta FBiH usvojio Zakon o dopunama Zakona o elektri\u010dnoj energiji u FBiH, koji predvi\u0111a zabranu planiranja i izgradnje novih malih hidroelektrana u FBiH (objekti do 10 MW), a brisanje mHE Buna I i II iz Prostornog plana Grada Mostara je u skladu sa nedavno usvojenim zakonskim odredbama.<\/p>\n\n\n\n<p>Podsje\u0107amo, vije\u0107nici Gradskog vije\u0107a Grada Mostara, su u 12. mjesecu pro\u0161le godine usvojili zaklju\u010dak kojim se mHE na Bunskim kanalima trebaju brisati iz Prostornog plana Grada Mostara. U 6. mjesecu je Gradsko vije\u0107e, nakon \u0161to su predstavnici neformalne grupe gra\u0111ana \u201cStop izgradnji mHE na Buni\u201c uputili gra\u0111ansku inicijativu za Izmjenu Prostornog plana Grada Mostara koji je trenutno na snazi, bez da se \u010deka usvajanje novog Prostornog plana, usvojilo Odluku o pristupanju izradi izmjena i dopuna postoje\u0107eg Prostornog plana Op\u0107ine Mostar.<\/p>\n\n\n\n<p>Izvor:pogled.ba<\/p>\n","protected":false},"excerpt":{"rendered":"<p>Neformalna grupa gra\u0111ana \u201eStop izgradnji mHE na Buni\u201c je ju\u010der zajedno sa ostalim ekolo\u0161kim udru\u017eenjima i preko 100 okupljenih gra\u0111ana Mostara na javnoj raspravi o prijedlogu izmjena postoje\u0107eg Prostornog plana Grada Mostara, jasno ukazala da je protiv izgradnje mHE na Bunskim kanalima. Taj spomenik prirode se mo\u017ee za\u0161tititi brisanjem mHE sa tog lokaliteta iz trenutnog [&hellip;]<\/p>\n","protected":false},"author":2,"featured_media":182700,"comment_status":"closed","ping_status":"closed","sticky":false,"template":"","format":"standard","meta":{"h5ap_radio_sources":[],"footnotes":""},"categories":[1],"tags":[],"class_list":["post-182699","post","type-post","status-publish","format-standard","has-post-thumbnail","hentry","category-bihiregija"],"yoast_head":"<!-- This site is optimized with the Yoast SEO plugin v27.4 - https:\/\/yoast.com\/product\/yoast-seo-wordpress\/ -->\n<title>Na javnu raspravu do\u0161lo 100 gra\u0111ana, tra\u017ee brisanje mHE na Buni - RADIO LJUBU\u0160KI<\/title>\n<meta name=\"robots\" content=\"index, follow, max-snippet:-1, max-image-preview:large, max-video-preview:-1\" \/>\n<link rel=\"canonical\" href=\"https:\/\/radioljubuski.ba\/index.php\/2022\/09\/22\/na-javnu-raspravu-doslo-100-gradana-traze-brisanje-mhe-na-buni\/\" \/>\n<meta property=\"og:locale\" content=\"hr_HR\" \/>\n<meta property=\"og:type\" content=\"article\" \/>\n<meta property=\"og:title\" content=\"Na javnu raspravu do\u0161lo 100 gra\u0111ana, tra\u017ee brisanje mHE na Buni - RADIO LJUBU\u0160KI\" \/>\n<meta property=\"og:description\" content=\"Neformalna grupa gra\u0111ana \u201eStop izgradnji mHE na Buni\u201c je ju\u010der zajedno sa ostalim ekolo\u0161kim udru\u017eenjima i preko 100 okupljenih gra\u0111ana Mostara na javnoj raspravi o prijedlogu izmjena postoje\u0107eg Prostornog plana Grada Mostara, jasno ukazala da je protiv izgradnje mHE na Bunskim kanalima. Taj spomenik prirode se mo\u017ee za\u0161tititi brisanjem mHE sa tog lokaliteta iz trenutnog [&hellip;]\" \/>\n<meta property=\"og:url\" content=\"https:\/\/radioljubuski.ba\/index.php\/2022\/09\/22\/na-javnu-raspravu-doslo-100-gradana-traze-brisanje-mhe-na-buni\/\" \/>\n<meta property=\"og:site_name\" content=\"RADIO LJUBU\u0160KI\" \/>\n<meta property=\"article:publisher\" content=\"https:\/\/www.facebook.com\/Radiio-Ljubuski-1490835324566332\" \/>\n<meta property=\"article:published_time\" content=\"2022-09-22T09:53:55+00:00\" \/>\n<meta property=\"article:modified_time\" content=\"2022-09-22T09:53:57+00:00\" \/>\n<meta property=\"og:image\" content=\"https:\/\/radioljubuski.ba\/wp-content\/uploads\/2022\/09\/2-2022-09-21-15-00-20-vijecnica.jpg\" \/>\n\t<meta property=\"og:image:width\" content=\"1000\" \/>\n\t<meta property=\"og:image:height\" content=\"625\" \/>\n\t<meta property=\"og:image:type\" content=\"image\/jpeg\" \/>\n<meta name=\"author\" content=\"Radio Ljubu\u0161ki\" \/>\n<meta name=\"twitter:card\" content=\"summary_large_image\" \/>\n<meta name=\"twitter:creator\" content=\"@radioljubuski\" \/>\n<meta name=\"twitter:site\" content=\"@radioljubuski\" \/>\n<meta name=\"twitter:label1\" content=\"Napisao\/la\" \/>\n\t<meta name=\"twitter:data1\" content=\"Radio Ljubu\u0161ki\" \/>\n\t<meta name=\"twitter:label2\" content=\"Procijenjeno vrijeme \u010ditanja\" \/>\n\t<meta name=\"twitter:data2\" content=\"2 minute\" \/>\n<script type=\"application\/ld+json\" class=\"yoast-schema-graph\">{\"@context\":\"https:\\\/\\\/schema.org\",\"@graph\":[{\"@type\":\"Article\",\"@id\":\"https:\\\/\\\/radioljubuski.ba\\\/index.php\\\/2022\\\/09\\\/22\\\/na-javnu-raspravu-doslo-100-gradana-traze-brisanje-mhe-na-buni\\\/#article\",\"isPartOf\":{\"@id\":\"https:\\\/\\\/radioljubuski.ba\\\/index.php\\\/2022\\\/09\\\/22\\\/na-javnu-raspravu-doslo-100-gradana-traze-brisanje-mhe-na-buni\\\/\"},\"author\":{\"name\":\"Radio Ljubu\u0161ki\",\"@id\":\"https:\\\/\\\/radioljubuski.ba\\\/#\\\/schema\\\/person\\\/19fc700381a780f69665d7956c469e3b\"},\"headline\":\"Na javnu raspravu do\u0161lo 100 gra\u0111ana, tra\u017ee brisanje mHE na Buni\",\"datePublished\":\"2022-09-22T09:53:55+00:00\",\"dateModified\":\"2022-09-22T09:53:57+00:00\",\"mainEntityOfPage\":{\"@id\":\"https:\\\/\\\/radioljubuski.ba\\\/index.php\\\/2022\\\/09\\\/22\\\/na-javnu-raspravu-doslo-100-gradana-traze-brisanje-mhe-na-buni\\\/\"},\"wordCount\":436,\"publisher\":{\"@id\":\"https:\\\/\\\/radioljubuski.ba\\\/#organization\"},\"image\":{\"@id\":\"https:\\\/\\\/radioljubuski.ba\\\/index.php\\\/2022\\\/09\\\/22\\\/na-javnu-raspravu-doslo-100-gradana-traze-brisanje-mhe-na-buni\\\/#primaryimage\"},\"thumbnailUrl\":\"https:\\\/\\\/radioljubuski.ba\\\/wp-content\\\/uploads\\\/2022\\\/09\\\/2-2022-09-21-15-00-20-vijecnica.jpg\",\"articleSection\":[\"BIH i regija\"],\"inLanguage\":\"hr\"},{\"@type\":\"WebPage\",\"@id\":\"https:\\\/\\\/radioljubuski.ba\\\/index.php\\\/2022\\\/09\\\/22\\\/na-javnu-raspravu-doslo-100-gradana-traze-brisanje-mhe-na-buni\\\/\",\"url\":\"https:\\\/\\\/radioljubuski.ba\\\/index.php\\\/2022\\\/09\\\/22\\\/na-javnu-raspravu-doslo-100-gradana-traze-brisanje-mhe-na-buni\\\/\",\"name\":\"Na javnu raspravu do\u0161lo 100 gra\u0111ana, tra\u017ee brisanje mHE na Buni - RADIO LJUBU\u0160KI\",\"isPartOf\":{\"@id\":\"https:\\\/\\\/radioljubuski.ba\\\/#website\"},\"primaryImageOfPage\":{\"@id\":\"https:\\\/\\\/radioljubuski.ba\\\/index.php\\\/2022\\\/09\\\/22\\\/na-javnu-raspravu-doslo-100-gradana-traze-brisanje-mhe-na-buni\\\/#primaryimage\"},\"image\":{\"@id\":\"https:\\\/\\\/radioljubuski.ba\\\/index.php\\\/2022\\\/09\\\/22\\\/na-javnu-raspravu-doslo-100-gradana-traze-brisanje-mhe-na-buni\\\/#primaryimage\"},\"thumbnailUrl\":\"https:\\\/\\\/radioljubuski.ba\\\/wp-content\\\/uploads\\\/2022\\\/09\\\/2-2022-09-21-15-00-20-vijecnica.jpg\",\"datePublished\":\"2022-09-22T09:53:55+00:00\",\"dateModified\":\"2022-09-22T09:53:57+00:00\",\"breadcrumb\":{\"@id\":\"https:\\\/\\\/radioljubuski.ba\\\/index.php\\\/2022\\\/09\\\/22\\\/na-javnu-raspravu-doslo-100-gradana-traze-brisanje-mhe-na-buni\\\/#breadcrumb\"},\"inLanguage\":\"hr\",\"potentialAction\":[{\"@type\":\"ReadAction\",\"target\":[\"https:\\\/\\\/radioljubuski.ba\\\/index.php\\\/2022\\\/09\\\/22\\\/na-javnu-raspravu-doslo-100-gradana-traze-brisanje-mhe-na-buni\\\/\"]}]},{\"@type\":\"ImageObject\",\"inLanguage\":\"hr\",\"@id\":\"https:\\\/\\\/radioljubuski.ba\\\/index.php\\\/2022\\\/09\\\/22\\\/na-javnu-raspravu-doslo-100-gradana-traze-brisanje-mhe-na-buni\\\/#primaryimage\",\"url\":\"https:\\\/\\\/radioljubuski.ba\\\/wp-content\\\/uploads\\\/2022\\\/09\\\/2-2022-09-21-15-00-20-vijecnica.jpg\",\"contentUrl\":\"https:\\\/\\\/radioljubuski.ba\\\/wp-content\\\/uploads\\\/2022\\\/09\\\/2-2022-09-21-15-00-20-vijecnica.jpg\",\"width\":1000,\"height\":625},{\"@type\":\"BreadcrumbList\",\"@id\":\"https:\\\/\\\/radioljubuski.ba\\\/index.php\\\/2022\\\/09\\\/22\\\/na-javnu-raspravu-doslo-100-gradana-traze-brisanje-mhe-na-buni\\\/#breadcrumb\",\"itemListElement\":[{\"@type\":\"ListItem\",\"position\":1,\"name\":\"Po\u010detna stranica\",\"item\":\"https:\\\/\\\/radioljubuski.ba\\\/\"},{\"@type\":\"ListItem\",\"position\":2,\"name\":\"Na javnu raspravu do\u0161lo 100 gra\u0111ana, tra\u017ee brisanje mHE na Buni\"}]},{\"@type\":\"WebSite\",\"@id\":\"https:\\\/\\\/radioljubuski.ba\\\/#website\",\"url\":\"https:\\\/\\\/radioljubuski.ba\\\/\",\"name\":\"Radio Ljubu\u0161ki\",\"description\":\"Sun\u010dana frekvencija Hercegovine\",\"publisher\":{\"@id\":\"https:\\\/\\\/radioljubuski.ba\\\/#organization\"},\"potentialAction\":[{\"@type\":\"SearchAction\",\"target\":{\"@type\":\"EntryPoint\",\"urlTemplate\":\"https:\\\/\\\/radioljubuski.ba\\\/?s={search_term_string}\"},\"query-input\":{\"@type\":\"PropertyValueSpecification\",\"valueRequired\":true,\"valueName\":\"search_term_string\"}}],\"inLanguage\":\"hr\"},{\"@type\":\"Organization\",\"@id\":\"https:\\\/\\\/radioljubuski.ba\\\/#organization\",\"name\":\"Radio Ljubu\u0161ki\",\"url\":\"https:\\\/\\\/radioljubuski.ba\\\/\",\"logo\":{\"@type\":\"ImageObject\",\"inLanguage\":\"hr\",\"@id\":\"https:\\\/\\\/radioljubuski.ba\\\/#\\\/schema\\\/logo\\\/image\\\/\",\"url\":\"https:\\\/\\\/radioljubuski.ba\\\/wp-content\\\/uploads\\\/2021\\\/02\\\/cropped-Radio_Ljubuski_logo1.jpg\",\"contentUrl\":\"https:\\\/\\\/radioljubuski.ba\\\/wp-content\\\/uploads\\\/2021\\\/02\\\/cropped-Radio_Ljubuski_logo1.jpg\",\"width\":512,\"height\":512,\"caption\":\"Radio Ljubu\u0161ki\"},\"image\":{\"@id\":\"https:\\\/\\\/radioljubuski.ba\\\/#\\\/schema\\\/logo\\\/image\\\/\"},\"sameAs\":[\"https:\\\/\\\/www.facebook.com\\\/Radiio-Ljubuski-1490835324566332\",\"https:\\\/\\\/x.com\\\/radioljubuski\",\"https:\\\/\\\/hr.linkedin.com\\\/company\\\/radio-ljubuski\",\"https:\\\/\\\/www.youtube.com\\\/channel\\\/UCHYaeO_n0Db3tjNGudGpXyw\"]},{\"@type\":\"Person\",\"@id\":\"https:\\\/\\\/radioljubuski.ba\\\/#\\\/schema\\\/person\\\/19fc700381a780f69665d7956c469e3b\",\"name\":\"Radio Ljubu\u0161ki\"}]}<\/script>\n<!-- \/ Yoast SEO plugin. -->","yoast_head_json":{"title":"Na javnu raspravu do\u0161lo 100 gra\u0111ana, tra\u017ee brisanje mHE na Buni - RADIO LJUBU\u0160KI","robots":{"index":"index","follow":"follow","max-snippet":"max-snippet:-1","max-image-preview":"max-image-preview:large","max-video-preview":"max-video-preview:-1"},"canonical":"https:\/\/radioljubuski.ba\/index.php\/2022\/09\/22\/na-javnu-raspravu-doslo-100-gradana-traze-brisanje-mhe-na-buni\/","og_locale":"hr_HR","og_type":"article","og_title":"Na javnu raspravu do\u0161lo 100 gra\u0111ana, tra\u017ee brisanje mHE na Buni - RADIO LJUBU\u0160KI","og_description":"Neformalna grupa gra\u0111ana \u201eStop izgradnji mHE na Buni\u201c je ju\u010der zajedno sa ostalim ekolo\u0161kim udru\u017eenjima i preko 100 okupljenih gra\u0111ana Mostara na javnoj raspravi o prijedlogu izmjena postoje\u0107eg Prostornog plana Grada Mostara, jasno ukazala da je protiv izgradnje mHE na Bunskim kanalima. Taj spomenik prirode se mo\u017ee za\u0161tititi brisanjem mHE sa tog lokaliteta iz trenutnog [&hellip;]","og_url":"https:\/\/radioljubuski.ba\/index.php\/2022\/09\/22\/na-javnu-raspravu-doslo-100-gradana-traze-brisanje-mhe-na-buni\/","og_site_name":"RADIO LJUBU\u0160KI","article_publisher":"https:\/\/www.facebook.com\/Radiio-Ljubuski-1490835324566332","article_published_time":"2022-09-22T09:53:55+00:00","article_modified_time":"2022-09-22T09:53:57+00:00","og_image":[{"width":1000,"height":625,"url":"https:\/\/radioljubuski.ba\/wp-content\/uploads\/2022\/09\/2-2022-09-21-15-00-20-vijecnica.jpg","type":"image\/jpeg"}],"author":"Radio Ljubu\u0161ki","twitter_card":"summary_large_image","twitter_creator":"@radioljubuski","twitter_site":"@radioljubuski","twitter_misc":{"Napisao\/la":"Radio Ljubu\u0161ki","Procijenjeno vrijeme \u010ditanja":"2 minute"},"schema":{"@context":"https:\/\/schema.org","@graph":[{"@type":"Article","@id":"https:\/\/radioljubuski.ba\/index.php\/2022\/09\/22\/na-javnu-raspravu-doslo-100-gradana-traze-brisanje-mhe-na-buni\/#article","isPartOf":{"@id":"https:\/\/radioljubuski.ba\/index.php\/2022\/09\/22\/na-javnu-raspravu-doslo-100-gradana-traze-brisanje-mhe-na-buni\/"},"author":{"name":"Radio Ljubu\u0161ki","@id":"https:\/\/radioljubuski.ba\/#\/schema\/person\/19fc700381a780f69665d7956c469e3b"},"headline":"Na javnu raspravu do\u0161lo 100 gra\u0111ana, tra\u017ee brisanje mHE na Buni","datePublished":"2022-09-22T09:53:55+00:00","dateModified":"2022-09-22T09:53:57+00:00","mainEntityOfPage":{"@id":"https:\/\/radioljubuski.ba\/index.php\/2022\/09\/22\/na-javnu-raspravu-doslo-100-gradana-traze-brisanje-mhe-na-buni\/"},"wordCount":436,"publisher":{"@id":"https:\/\/radioljubuski.ba\/#organization"},"image":{"@id":"https:\/\/radioljubuski.ba\/index.php\/2022\/09\/22\/na-javnu-raspravu-doslo-100-gradana-traze-brisanje-mhe-na-buni\/#primaryimage"},"thumbnailUrl":"https:\/\/radioljubuski.ba\/wp-content\/uploads\/2022\/09\/2-2022-09-21-15-00-20-vijecnica.jpg","articleSection":["BIH i regija"],"inLanguage":"hr"},{"@type":"WebPage","@id":"https:\/\/radioljubuski.ba\/index.php\/2022\/09\/22\/na-javnu-raspravu-doslo-100-gradana-traze-brisanje-mhe-na-buni\/","url":"https:\/\/radioljubuski.ba\/index.php\/2022\/09\/22\/na-javnu-raspravu-doslo-100-gradana-traze-brisanje-mhe-na-buni\/","name":"Na javnu raspravu do\u0161lo 100 gra\u0111ana, tra\u017ee brisanje mHE na Buni - RADIO LJUBU\u0160KI","isPartOf":{"@id":"https:\/\/radioljubuski.ba\/#website"},"primaryImageOfPage":{"@id":"https:\/\/radioljubuski.ba\/index.php\/2022\/09\/22\/na-javnu-raspravu-doslo-100-gradana-traze-brisanje-mhe-na-buni\/#primaryimage"},"image":{"@id":"https:\/\/radioljubuski.ba\/index.php\/2022\/09\/22\/na-javnu-raspravu-doslo-100-gradana-traze-brisanje-mhe-na-buni\/#primaryimage"},"thumbnailUrl":"https:\/\/radioljubuski.ba\/wp-content\/uploads\/2022\/09\/2-2022-09-21-15-00-20-vijecnica.jpg","datePublished":"2022-09-22T09:53:55+00:00","dateModified":"2022-09-22T09:53:57+00:00","breadcrumb":{"@id":"https:\/\/radioljubuski.ba\/index.php\/2022\/09\/22\/na-javnu-raspravu-doslo-100-gradana-traze-brisanje-mhe-na-buni\/#breadcrumb"},"inLanguage":"hr","potentialAction":[{"@type":"ReadAction","target":["https:\/\/radioljubuski.ba\/index.php\/2022\/09\/22\/na-javnu-raspravu-doslo-100-gradana-traze-brisanje-mhe-na-buni\/"]}]},{"@type":"ImageObject","inLanguage":"hr","@id":"https:\/\/radioljubuski.ba\/index.php\/2022\/09\/22\/na-javnu-raspravu-doslo-100-gradana-traze-brisanje-mhe-na-buni\/#primaryimage","url":"https:\/\/radioljubuski.ba\/wp-content\/uploads\/2022\/09\/2-2022-09-21-15-00-20-vijecnica.jpg","contentUrl":"https:\/\/radioljubuski.ba\/wp-content\/uploads\/2022\/09\/2-2022-09-21-15-00-20-vijecnica.jpg","width":1000,"height":625},{"@type":"BreadcrumbList","@id":"https:\/\/radioljubuski.ba\/index.php\/2022\/09\/22\/na-javnu-raspravu-doslo-100-gradana-traze-brisanje-mhe-na-buni\/#breadcrumb","itemListElement":[{"@type":"ListItem","position":1,"name":"Po\u010detna stranica","item":"https:\/\/radioljubuski.ba\/"},{"@type":"ListItem","position":2,"name":"Na javnu raspravu do\u0161lo 100 gra\u0111ana, tra\u017ee brisanje mHE na Buni"}]},{"@type":"WebSite","@id":"https:\/\/radioljubuski.ba\/#website","url":"https:\/\/radioljubuski.ba\/","name":"Radio Ljubu\u0161ki","description":"Sun\u010dana frekvencija Hercegovine","publisher":{"@id":"https:\/\/radioljubuski.ba\/#organization"},"potentialAction":[{"@type":"SearchAction","target":{"@type":"EntryPoint","urlTemplate":"https:\/\/radioljubuski.ba\/?s={search_term_string}"},"query-input":{"@type":"PropertyValueSpecification","valueRequired":true,"valueName":"search_term_string"}}],"inLanguage":"hr"},{"@type":"Organization","@id":"https:\/\/radioljubuski.ba\/#organization","name":"Radio Ljubu\u0161ki","url":"https:\/\/radioljubuski.ba\/","logo":{"@type":"ImageObject","inLanguage":"hr","@id":"https:\/\/radioljubuski.ba\/#\/schema\/logo\/image\/","url":"https:\/\/radioljubuski.ba\/wp-content\/uploads\/2021\/02\/cropped-Radio_Ljubuski_logo1.jpg","contentUrl":"https:\/\/radioljubuski.ba\/wp-content\/uploads\/2021\/02\/cropped-Radio_Ljubuski_logo1.jpg","width":512,"height":512,"caption":"Radio Ljubu\u0161ki"},"image":{"@id":"https:\/\/radioljubuski.ba\/#\/schema\/logo\/image\/"},"sameAs":["https:\/\/www.facebook.com\/Radiio-Ljubuski-1490835324566332","https:\/\/x.com\/radioljubuski","https:\/\/hr.linkedin.com\/company\/radio-ljubuski","https:\/\/www.youtube.com\/channel\/UCHYaeO_n0Db3tjNGudGpXyw"]},{"@type":"Person","@id":"https:\/\/radioljubuski.ba\/#\/schema\/person\/19fc700381a780f69665d7956c469e3b","name":"Radio Ljubu\u0161ki"}]}},"_links":{"self":[{"href":"https:\/\/radioljubuski.ba\/index.php\/wp-json\/wp\/v2\/posts\/182699","targetHints":{"allow":["GET"]}}],"collection":[{"href":"https:\/\/radioljubuski.ba\/index.php\/wp-json\/wp\/v2\/posts"}],"about":[{"href":"https:\/\/radioljubuski.ba\/index.php\/wp-json\/wp\/v2\/types\/post"}],"author":[{"embeddable":true,"href":"https:\/\/radioljubuski.ba\/index.php\/wp-json\/wp\/v2\/users\/2"}],"replies":[{"embeddable":true,"href":"https:\/\/radioljubuski.ba\/index.php\/wp-json\/wp\/v2\/comments?post=182699"}],"version-history":[{"count":1,"href":"https:\/\/radioljubuski.ba\/index.php\/wp-json\/wp\/v2\/posts\/182699\/revisions"}],"predecessor-version":[{"id":182701,"href":"https:\/\/radioljubuski.ba\/index.php\/wp-json\/wp\/v2\/posts\/182699\/revisions\/182701"}],"wp:featuredmedia":[{"embeddable":true,"href":"https:\/\/radioljubuski.ba\/index.php\/wp-json\/wp\/v2\/media\/182700"}],"wp:attachment":[{"href":"https:\/\/radioljubuski.ba\/index.php\/wp-json\/wp\/v2\/media?parent=182699"}],"wp:term":[{"taxonomy":"category","embeddable":true,"href":"https:\/\/radioljubuski.ba\/index.php\/wp-json\/wp\/v2\/categories?post=182699"},{"taxonomy":"post_tag","embeddable":true,"href":"https:\/\/radioljubuski.ba\/index.php\/wp-json\/wp\/v2\/tags?post=182699"}],"curies":[{"name":"wp","href":"https:\/\/api.w.org\/{rel}","templated":true}]}}