{"id":182727,"date":"2022-09-22T12:36:20","date_gmt":"2022-09-22T11:36:20","guid":{"rendered":"https:\/\/radioljubuski.ba\/?p=182727"},"modified":"2022-09-22T12:36:21","modified_gmt":"2022-09-22T11:36:21","slug":"drzavni-policajac-za-1-000-eura-odavao-tajne-kriminalcima","status":"publish","type":"post","link":"https:\/\/radioljubuski.ba\/index.php\/2022\/09\/22\/drzavni-policajac-za-1-000-eura-odavao-tajne-kriminalcima\/","title":{"rendered":"Dr\u017eavni policajac za 1.000 eura odavao tajne kriminalcima"},"content":{"rendered":"\n<p>Postupaju\u0107i tu\u017eitelj Tu\u017eiteljstva BiH nakon ispitivanja osumnji\u010denog uputio je prijedlog pritvora za osumnji\u010denog Fahrudina Ga\u010danovi\u0107a, ro\u0111enog 1979. godine, zaposlen kao policijski slu\u017ebenik DKPT BiH, ranije zaposlenik SIPA BiH.<\/p>\n\n\n\n<p>Osumnji\u010deni je pod istragom i osumnji\u010den je za koruptivno djelovanje i primanje dara ili drugih oblika koristi, od vi\u0161e osoba iz kriminogenih struktura, sa kojima je odr\u017eavao aktivnu komunikaciju kori\u0161tenjem Skay aplikacije, kao i dogovarao dostavljanje kriminogenim osobama, razli\u010ditih informacija sa oznakom tajnosti iz operacija policijskih agencija za nov\u010dane naknade u iznosima do 1000 eura.<\/p>\n\n\n\n<p>Na navedeni na\u010din, osumnji\u010deni je za sebe ostvarivao veliku nezakonitu imovinsku korist, a nanosio \u0161tetu predmetima u borbi protiv te\u0161kih oblika organiziranog kriminala, a tako\u0111er ugro\u017eavao sigurnost pravosudnih i policijskih slu\u017ebenika koji rade na predmetima borbe protiv organiziranog kriminala.<\/p>\n\n\n\n<p>Istraga se odnosi na krivi\u010dna djela primanja dara ili drugog oblika koristi iz \u010dlana 217. i povreda tajnosti postupka iz \u010dlana 237. KZ BiH.<\/p>\n\n\n\n<p>On je bio dugodi\u0161nji voza\u010d Vahidina \u0160ahinpa\u0161i\u0107a \u0160aje, glavnog inspektora SIPA-e i pomo\u0107nik direktora SIPA na poslovima kriminalisti\u010dko istra\u017enog odjela. Va\u017eio je za njegovog \u010dovjeka od povjerenja. Zna\u010di, povjerenje u BiH vrijedi 1000 eura. Barem Tu\u017eiteljstvo tako tvrdi.<\/p>\n\n\n\n<p>Izvor:pogled.ba<\/p>\n","protected":false},"excerpt":{"rendered":"<p>Postupaju\u0107i tu\u017eitelj Tu\u017eiteljstva BiH nakon ispitivanja osumnji\u010denog uputio je prijedlog pritvora za osumnji\u010denog Fahrudina Ga\u010danovi\u0107a, ro\u0111enog 1979. godine, zaposlen kao policijski slu\u017ebenik DKPT BiH, ranije zaposlenik SIPA BiH. Osumnji\u010deni je pod istragom i osumnji\u010den je za koruptivno djelovanje i primanje dara ili drugih oblika koristi, od vi\u0161e osoba iz kriminogenih struktura, sa kojima je odr\u017eavao [&hellip;]<\/p>\n","protected":false},"author":2,"featured_media":11493,"comment_status":"closed","ping_status":"closed","sticky":false,"template":"","format":"standard","meta":{"h5ap_radio_sources":[],"footnotes":""},"categories":[1],"tags":[],"class_list":["post-182727","post","type-post","status-publish","format-standard","has-post-thumbnail","hentry","category-bihiregija"],"yoast_head":"<!-- This site is optimized with the Yoast SEO plugin v27.4 - https:\/\/yoast.com\/product\/yoast-seo-wordpress\/ -->\n<title>Dr\u017eavni policajac za 1.000 eura odavao tajne kriminalcima - RADIO LJUBU\u0160KI<\/title>\n<meta name=\"robots\" content=\"index, follow, max-snippet:-1, max-image-preview:large, max-video-preview:-1\" \/>\n<link rel=\"canonical\" href=\"https:\/\/radioljubuski.ba\/index.php\/2022\/09\/22\/drzavni-policajac-za-1-000-eura-odavao-tajne-kriminalcima\/\" \/>\n<meta property=\"og:locale\" content=\"hr_HR\" \/>\n<meta property=\"og:type\" content=\"article\" \/>\n<meta property=\"og:title\" content=\"Dr\u017eavni policajac za 1.000 eura odavao tajne kriminalcima - RADIO LJUBU\u0160KI\" \/>\n<meta property=\"og:description\" content=\"Postupaju\u0107i tu\u017eitelj Tu\u017eiteljstva BiH nakon ispitivanja osumnji\u010denog uputio je prijedlog pritvora za osumnji\u010denog Fahrudina Ga\u010danovi\u0107a, ro\u0111enog 1979. godine, zaposlen kao policijski slu\u017ebenik DKPT BiH, ranije zaposlenik SIPA BiH. Osumnji\u010deni je pod istragom i osumnji\u010den je za koruptivno djelovanje i primanje dara ili drugih oblika koristi, od vi\u0161e osoba iz kriminogenih struktura, sa kojima je odr\u017eavao [&hellip;]\" \/>\n<meta property=\"og:url\" content=\"https:\/\/radioljubuski.ba\/index.php\/2022\/09\/22\/drzavni-policajac-za-1-000-eura-odavao-tajne-kriminalcima\/\" \/>\n<meta property=\"og:site_name\" content=\"RADIO LJUBU\u0160KI\" \/>\n<meta property=\"article:publisher\" content=\"https:\/\/www.facebook.com\/Radiio-Ljubuski-1490835324566332\" \/>\n<meta property=\"article:published_time\" content=\"2022-09-22T11:36:20+00:00\" \/>\n<meta property=\"article:modified_time\" content=\"2022-09-22T11:36:21+00:00\" \/>\n<meta property=\"og:image\" content=\"https:\/\/radioljubuski.ba\/wp-content\/uploads\/2021\/04\/ri42WkXh_tuziteljstvo.jpg\" \/>\n\t<meta property=\"og:image:width\" content=\"1000\" \/>\n\t<meta property=\"og:image:height\" content=\"625\" \/>\n\t<meta property=\"og:image:type\" content=\"image\/jpeg\" \/>\n<meta name=\"author\" content=\"Radio Ljubu\u0161ki\" \/>\n<meta name=\"twitter:card\" content=\"summary_large_image\" \/>\n<meta name=\"twitter:creator\" content=\"@radioljubuski\" \/>\n<meta name=\"twitter:site\" content=\"@radioljubuski\" \/>\n<meta name=\"twitter:label1\" content=\"Napisao\/la\" \/>\n\t<meta name=\"twitter:data1\" content=\"Radio Ljubu\u0161ki\" \/>\n\t<meta name=\"twitter:label2\" content=\"Procijenjeno vrijeme \u010ditanja\" \/>\n\t<meta name=\"twitter:data2\" content=\"1 minuta\" \/>\n<script type=\"application\/ld+json\" class=\"yoast-schema-graph\">{\"@context\":\"https:\\\/\\\/schema.org\",\"@graph\":[{\"@type\":\"Article\",\"@id\":\"https:\\\/\\\/radioljubuski.ba\\\/index.php\\\/2022\\\/09\\\/22\\\/drzavni-policajac-za-1-000-eura-odavao-tajne-kriminalcima\\\/#article\",\"isPartOf\":{\"@id\":\"https:\\\/\\\/radioljubuski.ba\\\/index.php\\\/2022\\\/09\\\/22\\\/drzavni-policajac-za-1-000-eura-odavao-tajne-kriminalcima\\\/\"},\"author\":{\"name\":\"Radio Ljubu\u0161ki\",\"@id\":\"https:\\\/\\\/radioljubuski.ba\\\/#\\\/schema\\\/person\\\/19fc700381a780f69665d7956c469e3b\"},\"headline\":\"Dr\u017eavni policajac za 1.000 eura odavao tajne kriminalcima\",\"datePublished\":\"2022-09-22T11:36:20+00:00\",\"dateModified\":\"2022-09-22T11:36:21+00:00\",\"mainEntityOfPage\":{\"@id\":\"https:\\\/\\\/radioljubuski.ba\\\/index.php\\\/2022\\\/09\\\/22\\\/drzavni-policajac-za-1-000-eura-odavao-tajne-kriminalcima\\\/\"},\"wordCount\":222,\"publisher\":{\"@id\":\"https:\\\/\\\/radioljubuski.ba\\\/#organization\"},\"image\":{\"@id\":\"https:\\\/\\\/radioljubuski.ba\\\/index.php\\\/2022\\\/09\\\/22\\\/drzavni-policajac-za-1-000-eura-odavao-tajne-kriminalcima\\\/#primaryimage\"},\"thumbnailUrl\":\"https:\\\/\\\/radioljubuski.ba\\\/wp-content\\\/uploads\\\/2021\\\/04\\\/ri42WkXh_tuziteljstvo.jpg\",\"articleSection\":[\"BIH i regija\"],\"inLanguage\":\"hr\"},{\"@type\":\"WebPage\",\"@id\":\"https:\\\/\\\/radioljubuski.ba\\\/index.php\\\/2022\\\/09\\\/22\\\/drzavni-policajac-za-1-000-eura-odavao-tajne-kriminalcima\\\/\",\"url\":\"https:\\\/\\\/radioljubuski.ba\\\/index.php\\\/2022\\\/09\\\/22\\\/drzavni-policajac-za-1-000-eura-odavao-tajne-kriminalcima\\\/\",\"name\":\"Dr\u017eavni policajac za 1.000 eura odavao tajne kriminalcima - RADIO LJUBU\u0160KI\",\"isPartOf\":{\"@id\":\"https:\\\/\\\/radioljubuski.ba\\\/#website\"},\"primaryImageOfPage\":{\"@id\":\"https:\\\/\\\/radioljubuski.ba\\\/index.php\\\/2022\\\/09\\\/22\\\/drzavni-policajac-za-1-000-eura-odavao-tajne-kriminalcima\\\/#primaryimage\"},\"image\":{\"@id\":\"https:\\\/\\\/radioljubuski.ba\\\/index.php\\\/2022\\\/09\\\/22\\\/drzavni-policajac-za-1-000-eura-odavao-tajne-kriminalcima\\\/#primaryimage\"},\"thumbnailUrl\":\"https:\\\/\\\/radioljubuski.ba\\\/wp-content\\\/uploads\\\/2021\\\/04\\\/ri42WkXh_tuziteljstvo.jpg\",\"datePublished\":\"2022-09-22T11:36:20+00:00\",\"dateModified\":\"2022-09-22T11:36:21+00:00\",\"breadcrumb\":{\"@id\":\"https:\\\/\\\/radioljubuski.ba\\\/index.php\\\/2022\\\/09\\\/22\\\/drzavni-policajac-za-1-000-eura-odavao-tajne-kriminalcima\\\/#breadcrumb\"},\"inLanguage\":\"hr\",\"potentialAction\":[{\"@type\":\"ReadAction\",\"target\":[\"https:\\\/\\\/radioljubuski.ba\\\/index.php\\\/2022\\\/09\\\/22\\\/drzavni-policajac-za-1-000-eura-odavao-tajne-kriminalcima\\\/\"]}]},{\"@type\":\"ImageObject\",\"inLanguage\":\"hr\",\"@id\":\"https:\\\/\\\/radioljubuski.ba\\\/index.php\\\/2022\\\/09\\\/22\\\/drzavni-policajac-za-1-000-eura-odavao-tajne-kriminalcima\\\/#primaryimage\",\"url\":\"https:\\\/\\\/radioljubuski.ba\\\/wp-content\\\/uploads\\\/2021\\\/04\\\/ri42WkXh_tuziteljstvo.jpg\",\"contentUrl\":\"https:\\\/\\\/radioljubuski.ba\\\/wp-content\\\/uploads\\\/2021\\\/04\\\/ri42WkXh_tuziteljstvo.jpg\",\"width\":1000,\"height\":625},{\"@type\":\"BreadcrumbList\",\"@id\":\"https:\\\/\\\/radioljubuski.ba\\\/index.php\\\/2022\\\/09\\\/22\\\/drzavni-policajac-za-1-000-eura-odavao-tajne-kriminalcima\\\/#breadcrumb\",\"itemListElement\":[{\"@type\":\"ListItem\",\"position\":1,\"name\":\"Po\u010detna stranica\",\"item\":\"https:\\\/\\\/radioljubuski.ba\\\/\"},{\"@type\":\"ListItem\",\"position\":2,\"name\":\"Dr\u017eavni policajac za 1.000 eura odavao tajne kriminalcima\"}]},{\"@type\":\"WebSite\",\"@id\":\"https:\\\/\\\/radioljubuski.ba\\\/#website\",\"url\":\"https:\\\/\\\/radioljubuski.ba\\\/\",\"name\":\"Radio Ljubu\u0161ki\",\"description\":\"Sun\u010dana frekvencija Hercegovine\",\"publisher\":{\"@id\":\"https:\\\/\\\/radioljubuski.ba\\\/#organization\"},\"potentialAction\":[{\"@type\":\"SearchAction\",\"target\":{\"@type\":\"EntryPoint\",\"urlTemplate\":\"https:\\\/\\\/radioljubuski.ba\\\/?s={search_term_string}\"},\"query-input\":{\"@type\":\"PropertyValueSpecification\",\"valueRequired\":true,\"valueName\":\"search_term_string\"}}],\"inLanguage\":\"hr\"},{\"@type\":\"Organization\",\"@id\":\"https:\\\/\\\/radioljubuski.ba\\\/#organization\",\"name\":\"Radio Ljubu\u0161ki\",\"url\":\"https:\\\/\\\/radioljubuski.ba\\\/\",\"logo\":{\"@type\":\"ImageObject\",\"inLanguage\":\"hr\",\"@id\":\"https:\\\/\\\/radioljubuski.ba\\\/#\\\/schema\\\/logo\\\/image\\\/\",\"url\":\"https:\\\/\\\/radioljubuski.ba\\\/wp-content\\\/uploads\\\/2021\\\/02\\\/cropped-Radio_Ljubuski_logo1.jpg\",\"contentUrl\":\"https:\\\/\\\/radioljubuski.ba\\\/wp-content\\\/uploads\\\/2021\\\/02\\\/cropped-Radio_Ljubuski_logo1.jpg\",\"width\":512,\"height\":512,\"caption\":\"Radio Ljubu\u0161ki\"},\"image\":{\"@id\":\"https:\\\/\\\/radioljubuski.ba\\\/#\\\/schema\\\/logo\\\/image\\\/\"},\"sameAs\":[\"https:\\\/\\\/www.facebook.com\\\/Radiio-Ljubuski-1490835324566332\",\"https:\\\/\\\/x.com\\\/radioljubuski\",\"https:\\\/\\\/hr.linkedin.com\\\/company\\\/radio-ljubuski\",\"https:\\\/\\\/www.youtube.com\\\/channel\\\/UCHYaeO_n0Db3tjNGudGpXyw\"]},{\"@type\":\"Person\",\"@id\":\"https:\\\/\\\/radioljubuski.ba\\\/#\\\/schema\\\/person\\\/19fc700381a780f69665d7956c469e3b\",\"name\":\"Radio Ljubu\u0161ki\"}]}<\/script>\n<!-- \/ Yoast SEO plugin. -->","yoast_head_json":{"title":"Dr\u017eavni policajac za 1.000 eura odavao tajne kriminalcima - RADIO LJUBU\u0160KI","robots":{"index":"index","follow":"follow","max-snippet":"max-snippet:-1","max-image-preview":"max-image-preview:large","max-video-preview":"max-video-preview:-1"},"canonical":"https:\/\/radioljubuski.ba\/index.php\/2022\/09\/22\/drzavni-policajac-za-1-000-eura-odavao-tajne-kriminalcima\/","og_locale":"hr_HR","og_type":"article","og_title":"Dr\u017eavni policajac za 1.000 eura odavao tajne kriminalcima - RADIO LJUBU\u0160KI","og_description":"Postupaju\u0107i tu\u017eitelj Tu\u017eiteljstva BiH nakon ispitivanja osumnji\u010denog uputio je prijedlog pritvora za osumnji\u010denog Fahrudina Ga\u010danovi\u0107a, ro\u0111enog 1979. godine, zaposlen kao policijski slu\u017ebenik DKPT BiH, ranije zaposlenik SIPA BiH. Osumnji\u010deni je pod istragom i osumnji\u010den je za koruptivno djelovanje i primanje dara ili drugih oblika koristi, od vi\u0161e osoba iz kriminogenih struktura, sa kojima je odr\u017eavao [&hellip;]","og_url":"https:\/\/radioljubuski.ba\/index.php\/2022\/09\/22\/drzavni-policajac-za-1-000-eura-odavao-tajne-kriminalcima\/","og_site_name":"RADIO LJUBU\u0160KI","article_publisher":"https:\/\/www.facebook.com\/Radiio-Ljubuski-1490835324566332","article_published_time":"2022-09-22T11:36:20+00:00","article_modified_time":"2022-09-22T11:36:21+00:00","og_image":[{"width":1000,"height":625,"url":"https:\/\/radioljubuski.ba\/wp-content\/uploads\/2021\/04\/ri42WkXh_tuziteljstvo.jpg","type":"image\/jpeg"}],"author":"Radio Ljubu\u0161ki","twitter_card":"summary_large_image","twitter_creator":"@radioljubuski","twitter_site":"@radioljubuski","twitter_misc":{"Napisao\/la":"Radio Ljubu\u0161ki","Procijenjeno vrijeme \u010ditanja":"1 minuta"},"schema":{"@context":"https:\/\/schema.org","@graph":[{"@type":"Article","@id":"https:\/\/radioljubuski.ba\/index.php\/2022\/09\/22\/drzavni-policajac-za-1-000-eura-odavao-tajne-kriminalcima\/#article","isPartOf":{"@id":"https:\/\/radioljubuski.ba\/index.php\/2022\/09\/22\/drzavni-policajac-za-1-000-eura-odavao-tajne-kriminalcima\/"},"author":{"name":"Radio Ljubu\u0161ki","@id":"https:\/\/radioljubuski.ba\/#\/schema\/person\/19fc700381a780f69665d7956c469e3b"},"headline":"Dr\u017eavni policajac za 1.000 eura odavao tajne kriminalcima","datePublished":"2022-09-22T11:36:20+00:00","dateModified":"2022-09-22T11:36:21+00:00","mainEntityOfPage":{"@id":"https:\/\/radioljubuski.ba\/index.php\/2022\/09\/22\/drzavni-policajac-za-1-000-eura-odavao-tajne-kriminalcima\/"},"wordCount":222,"publisher":{"@id":"https:\/\/radioljubuski.ba\/#organization"},"image":{"@id":"https:\/\/radioljubuski.ba\/index.php\/2022\/09\/22\/drzavni-policajac-za-1-000-eura-odavao-tajne-kriminalcima\/#primaryimage"},"thumbnailUrl":"https:\/\/radioljubuski.ba\/wp-content\/uploads\/2021\/04\/ri42WkXh_tuziteljstvo.jpg","articleSection":["BIH i regija"],"inLanguage":"hr"},{"@type":"WebPage","@id":"https:\/\/radioljubuski.ba\/index.php\/2022\/09\/22\/drzavni-policajac-za-1-000-eura-odavao-tajne-kriminalcima\/","url":"https:\/\/radioljubuski.ba\/index.php\/2022\/09\/22\/drzavni-policajac-za-1-000-eura-odavao-tajne-kriminalcima\/","name":"Dr\u017eavni policajac za 1.000 eura odavao tajne kriminalcima - RADIO LJUBU\u0160KI","isPartOf":{"@id":"https:\/\/radioljubuski.ba\/#website"},"primaryImageOfPage":{"@id":"https:\/\/radioljubuski.ba\/index.php\/2022\/09\/22\/drzavni-policajac-za-1-000-eura-odavao-tajne-kriminalcima\/#primaryimage"},"image":{"@id":"https:\/\/radioljubuski.ba\/index.php\/2022\/09\/22\/drzavni-policajac-za-1-000-eura-odavao-tajne-kriminalcima\/#primaryimage"},"thumbnailUrl":"https:\/\/radioljubuski.ba\/wp-content\/uploads\/2021\/04\/ri42WkXh_tuziteljstvo.jpg","datePublished":"2022-09-22T11:36:20+00:00","dateModified":"2022-09-22T11:36:21+00:00","breadcrumb":{"@id":"https:\/\/radioljubuski.ba\/index.php\/2022\/09\/22\/drzavni-policajac-za-1-000-eura-odavao-tajne-kriminalcima\/#breadcrumb"},"inLanguage":"hr","potentialAction":[{"@type":"ReadAction","target":["https:\/\/radioljubuski.ba\/index.php\/2022\/09\/22\/drzavni-policajac-za-1-000-eura-odavao-tajne-kriminalcima\/"]}]},{"@type":"ImageObject","inLanguage":"hr","@id":"https:\/\/radioljubuski.ba\/index.php\/2022\/09\/22\/drzavni-policajac-za-1-000-eura-odavao-tajne-kriminalcima\/#primaryimage","url":"https:\/\/radioljubuski.ba\/wp-content\/uploads\/2021\/04\/ri42WkXh_tuziteljstvo.jpg","contentUrl":"https:\/\/radioljubuski.ba\/wp-content\/uploads\/2021\/04\/ri42WkXh_tuziteljstvo.jpg","width":1000,"height":625},{"@type":"BreadcrumbList","@id":"https:\/\/radioljubuski.ba\/index.php\/2022\/09\/22\/drzavni-policajac-za-1-000-eura-odavao-tajne-kriminalcima\/#breadcrumb","itemListElement":[{"@type":"ListItem","position":1,"name":"Po\u010detna stranica","item":"https:\/\/radioljubuski.ba\/"},{"@type":"ListItem","position":2,"name":"Dr\u017eavni policajac za 1.000 eura odavao tajne kriminalcima"}]},{"@type":"WebSite","@id":"https:\/\/radioljubuski.ba\/#website","url":"https:\/\/radioljubuski.ba\/","name":"Radio Ljubu\u0161ki","description":"Sun\u010dana frekvencija Hercegovine","publisher":{"@id":"https:\/\/radioljubuski.ba\/#organization"},"potentialAction":[{"@type":"SearchAction","target":{"@type":"EntryPoint","urlTemplate":"https:\/\/radioljubuski.ba\/?s={search_term_string}"},"query-input":{"@type":"PropertyValueSpecification","valueRequired":true,"valueName":"search_term_string"}}],"inLanguage":"hr"},{"@type":"Organization","@id":"https:\/\/radioljubuski.ba\/#organization","name":"Radio Ljubu\u0161ki","url":"https:\/\/radioljubuski.ba\/","logo":{"@type":"ImageObject","inLanguage":"hr","@id":"https:\/\/radioljubuski.ba\/#\/schema\/logo\/image\/","url":"https:\/\/radioljubuski.ba\/wp-content\/uploads\/2021\/02\/cropped-Radio_Ljubuski_logo1.jpg","contentUrl":"https:\/\/radioljubuski.ba\/wp-content\/uploads\/2021\/02\/cropped-Radio_Ljubuski_logo1.jpg","width":512,"height":512,"caption":"Radio Ljubu\u0161ki"},"image":{"@id":"https:\/\/radioljubuski.ba\/#\/schema\/logo\/image\/"},"sameAs":["https:\/\/www.facebook.com\/Radiio-Ljubuski-1490835324566332","https:\/\/x.com\/radioljubuski","https:\/\/hr.linkedin.com\/company\/radio-ljubuski","https:\/\/www.youtube.com\/channel\/UCHYaeO_n0Db3tjNGudGpXyw"]},{"@type":"Person","@id":"https:\/\/radioljubuski.ba\/#\/schema\/person\/19fc700381a780f69665d7956c469e3b","name":"Radio Ljubu\u0161ki"}]}},"_links":{"self":[{"href":"https:\/\/radioljubuski.ba\/index.php\/wp-json\/wp\/v2\/posts\/182727","targetHints":{"allow":["GET"]}}],"collection":[{"href":"https:\/\/radioljubuski.ba\/index.php\/wp-json\/wp\/v2\/posts"}],"about":[{"href":"https:\/\/radioljubuski.ba\/index.php\/wp-json\/wp\/v2\/types\/post"}],"author":[{"embeddable":true,"href":"https:\/\/radioljubuski.ba\/index.php\/wp-json\/wp\/v2\/users\/2"}],"replies":[{"embeddable":true,"href":"https:\/\/radioljubuski.ba\/index.php\/wp-json\/wp\/v2\/comments?post=182727"}],"version-history":[{"count":1,"href":"https:\/\/radioljubuski.ba\/index.php\/wp-json\/wp\/v2\/posts\/182727\/revisions"}],"predecessor-version":[{"id":182728,"href":"https:\/\/radioljubuski.ba\/index.php\/wp-json\/wp\/v2\/posts\/182727\/revisions\/182728"}],"wp:featuredmedia":[{"embeddable":true,"href":"https:\/\/radioljubuski.ba\/index.php\/wp-json\/wp\/v2\/media\/11493"}],"wp:attachment":[{"href":"https:\/\/radioljubuski.ba\/index.php\/wp-json\/wp\/v2\/media?parent=182727"}],"wp:term":[{"taxonomy":"category","embeddable":true,"href":"https:\/\/radioljubuski.ba\/index.php\/wp-json\/wp\/v2\/categories?post=182727"},{"taxonomy":"post_tag","embeddable":true,"href":"https:\/\/radioljubuski.ba\/index.php\/wp-json\/wp\/v2\/tags?post=182727"}],"curies":[{"name":"wp","href":"https:\/\/api.w.org\/{rel}","templated":true}]}}