{"id":182784,"date":"2022-09-22T13:14:48","date_gmt":"2022-09-22T12:14:48","guid":{"rendered":"https:\/\/radioljubuski.ba\/?p=182784"},"modified":"2022-09-22T13:14:49","modified_gmt":"2022-09-22T12:14:49","slug":"polovina-mladih-ne-vjeruje-u-promjene-nakon-izbora-ali-ih-cak-83-posto-kani-glasovati-2","status":"publish","type":"post","link":"https:\/\/radioljubuski.ba\/index.php\/2022\/09\/22\/polovina-mladih-ne-vjeruje-u-promjene-nakon-izbora-ali-ih-cak-83-posto-kani-glasovati-2\/","title":{"rendered":"Polovina mladih ne vjeruje u promjene nakon izbora, ali ih \u010dak 83 posto kani glasovati"},"content":{"rendered":"\n<p>Kako se pribli\u017eava nadnevak odr\u017eavanja op\u0107ih izbora u BiH tako se po\u010dinju pojavljivati razne vrste anketa kojima je cilj privu\u0107i pozornost na same izbore ili pak favorizirati pojedine stranke ili politi\u010dke grupacije, pi\u0161e Ve\u010dernji list BiH. Nedavno su za potrebe me\u0111unarodne uprave prezentirani rezultati istra\u017eivanja javnoga mi\u0161ljenja iz srpnja ove godine, a po\u010detkom rujna Ipsos je radio novu vrstu ankete s naglaskom na utjecaj koji u javnosti imaju tri vladaju\u0107e stranke u Sarajevskoj \u017eupaniji &#8211; SDP BiH, Narod i pravda te Na\u0161a stranka.<\/p>\n\n\n\n<p>Brojne ankete<\/p>\n\n\n\n<p>Uz to, provode i svojevrsna sondiranja bira\u010da, a jedno od takvih istra\u017eivanja provodi i UNICEF kojemu je cilj potaknuti mla\u0111e bira\u010de da se aktivno uklju\u010de u demokratski proces te tako utje\u010du na vlastitu, ali i budu\u0107nost ove zemlje. Tako, prema rezultatima ankete UNICEF-ove platforme za potporu dru\u0161tvenom aktivizmu mladih U-Report BiH, 83 posto mladih planira iza\u0107i i glasovati na op\u0107im izborima 2. listopada. Ti podaci prikupljeni su na temelju odgovora oko 400 anketiranih koji su izdvojili tek nekoliko minuta te odgovorili na pet postavljenih pitanja uz po tri razli\u010dita odgovora. Bilo je vi\u0161e mu\u0161kih ispitanika, koji \u010dine oko 61 posto, a \u017eena 39 posto. Ako je suditi po zainteresiranosti mladih za izlazak na birali\u0161ta, onda bi ovogodi\u0161nji izbori mogli biti rekordni. Ovaj pokazatelj mogu\u0107e mo\u017ee i zavarati s obzirom na to da ove stranice uglavnom posje\u0107uju strana\u010dki aktivisti. Naime, ranija istra\u017eivanja, ali i pokazatelji s birali\u0161ta svih ranijih godina pokazivali su kako su upravo mladi ljudi najmanje zainteresirani za biranje politi\u010dkih predstavnika na izborima. No, ovo istra\u017eivanje donosi posve suprotne trendove. Na isto pitanje ho\u0107e li sudjelovati na predstoje\u0107im izborima, tek 14 posto ispitanika odgovorilo je kako nema namjeru pojaviti se na birali\u0161tu i odlu\u010diti o svojoj politi\u010dkoj opciji. Zanimljivo je kako tek tri posto mladih ljudi ka\u017ee da jo\u0161 nije odlu\u010dilo ho\u0107e li ipak dati svoj glas nekoj od politi\u010dkih opcija ili ponu\u0111enih kandidata. U ovoj anketi mladi su pokazali kako i dio njih ne poznaje dovoljno politi\u010dki sustav zemlje, pa je na upit \u0161to se bira na op\u0107im izborima \u010dak 11 posto njih odgovorilo kako bira\u010di glasuju za nove na\u010delnike i gradona\u010delnike, ali i nove sastave lokalne samouprave, bilo da su u pitanju gradska ili op\u0107inska vije\u0107a. No, svejedno, najve\u0107i broj njih, \u010dak 88 posto, reklo je kako \u0107e se na predstoje\u0107im izborima birati \u010dlanovi Predsjedni\u0161tva BiH, zastupnici u Parlamentarnoj skup\u0161tini BiH, kao i zastupnici entitetskih parlamenata, Federacije BiH i Republike Srpske odnosno \u017eupanijskih skup\u0161tina. Na tim se izborima izravno biraju i predsjednik RS-a, kao i dvojica dopredsjednika, dok se posrednim izborima biraju izaslanici za federalni Dom naroda, Vije\u0107e naroda RS-a, ali i dr\u017eavni Dom narod. Zanimljivo je kako je jedan posto anketiranih odgovorilo kako smatra da se na predstoje\u0107im izborima biraju vije\u0107a mjesnih zajednica. Ni\u0161ta manje nije zanimljiv ni odgovor na pitanje koliko mladi bira\u010di prate izbornu kampanju te se rezultati mogu smatrati relevantnim. Odgovor &#8220;onoliko koliko vidim na plakatima i u pla\u0107enim medijskim sadr\u017eajima&#8221; izabrala je polovina anketiranih mladih bira\u010da. Prema rezultatima istoga istra\u017eivanja, 21 posto bira\u010da reklo je da aktivno prati poruke i analizira predizborne programe stranaka.<\/p>\n\n\n\n<p>Tre\u0107inu ne zanima kampanja<\/p>\n\n\n\n<p>Zanimljivo je kako gotovo tre\u0107ina mladih, odnosno 29 posto njih, ka\u017ee kako ih izborna kampanja uop\u0107e ne zanima. Taj podatak djelomi\u010dno je u opreci s odgovorom o odluci o masovnom odzivu na birali\u0161ta. Tim vi\u0161e \u0161to najve\u0107i broj mladih uop\u0107e nije zadovoljan porukama stranaka i programima koje su posvetile mladima. Na upit koliko su mladi i pitanja mladih zastupljeni u kampanji, \u010dak 34 posto njih odgovorilo je &#8211; nikako, dok je tek 16 posto reklo kako je to dovoljno. Istodobno, gotovo polovina, odnosno 49 posto njih, smatra kako bi trebalo biti vi\u0161e tema od zna\u010daja za mlade ljude. Na pitanje mo\u017ee li njihov glas utjecati na promjene u dru\u0161tvu, oko 38 posto mladih smatra &#8211; malo ili nimalo. Najve\u0107i broj ispitanika &#8211; 50 posto odgovorio je: &#8220;Bit \u0107e svakako kako drugi odlu\u010de&#8221;, dok optimizam gaji 12 posto onih koji smatraju da je svaki glas bitan.<\/p>\n\n\n\n<p>Izvor:vecernji.ba<\/p>\n","protected":false},"excerpt":{"rendered":"<p>Kako se pribli\u017eava nadnevak odr\u017eavanja op\u0107ih izbora u BiH tako se po\u010dinju pojavljivati razne vrste anketa kojima je cilj privu\u0107i pozornost na same izbore ili pak favorizirati pojedine stranke ili politi\u010dke grupacije, pi\u0161e Ve\u010dernji list BiH. Nedavno su za potrebe me\u0111unarodne uprave prezentirani rezultati istra\u017eivanja javnoga mi\u0161ljenja iz srpnja ove godine, a po\u010detkom rujna Ipsos [&hellip;]<\/p>\n","protected":false},"author":2,"featured_media":182785,"comment_status":"closed","ping_status":"closed","sticky":false,"template":"","format":"standard","meta":{"h5ap_radio_sources":[],"footnotes":""},"categories":[1],"tags":[],"class_list":["post-182784","post","type-post","status-publish","format-standard","has-post-thumbnail","hentry","category-bihiregija"],"yoast_head":"<!-- This site is optimized with the Yoast SEO plugin v27.4 - https:\/\/yoast.com\/product\/yoast-seo-wordpress\/ -->\n<title>Polovina mladih ne vjeruje u promjene nakon izbora, ali ih \u010dak 83 posto kani glasovati - RADIO LJUBU\u0160KI<\/title>\n<meta name=\"robots\" content=\"index, follow, max-snippet:-1, max-image-preview:large, max-video-preview:-1\" \/>\n<link rel=\"canonical\" href=\"https:\/\/radioljubuski.ba\/index.php\/2022\/09\/22\/polovina-mladih-ne-vjeruje-u-promjene-nakon-izbora-ali-ih-cak-83-posto-kani-glasovati-2\/\" \/>\n<meta property=\"og:locale\" content=\"hr_HR\" \/>\n<meta property=\"og:type\" content=\"article\" \/>\n<meta property=\"og:title\" content=\"Polovina mladih ne vjeruje u promjene nakon izbora, ali ih \u010dak 83 posto kani glasovati - RADIO LJUBU\u0160KI\" \/>\n<meta property=\"og:description\" content=\"Kako se pribli\u017eava nadnevak odr\u017eavanja op\u0107ih izbora u BiH tako se po\u010dinju pojavljivati razne vrste anketa kojima je cilj privu\u0107i pozornost na same izbore ili pak favorizirati pojedine stranke ili politi\u010dke grupacije, pi\u0161e Ve\u010dernji list BiH. Nedavno su za potrebe me\u0111unarodne uprave prezentirani rezultati istra\u017eivanja javnoga mi\u0161ljenja iz srpnja ove godine, a po\u010detkom rujna Ipsos [&hellip;]\" \/>\n<meta property=\"og:url\" content=\"https:\/\/radioljubuski.ba\/index.php\/2022\/09\/22\/polovina-mladih-ne-vjeruje-u-promjene-nakon-izbora-ali-ih-cak-83-posto-kani-glasovati-2\/\" \/>\n<meta property=\"og:site_name\" content=\"RADIO LJUBU\u0160KI\" \/>\n<meta property=\"article:publisher\" content=\"https:\/\/www.facebook.com\/Radiio-Ljubuski-1490835324566332\" \/>\n<meta property=\"article:published_time\" content=\"2022-09-22T12:14:48+00:00\" \/>\n<meta property=\"article:modified_time\" content=\"2022-09-22T12:14:49+00:00\" \/>\n<meta property=\"og:image\" content=\"https:\/\/radioljubuski.ba\/wp-content\/uploads\/2022\/09\/10-2022-09-21-19-49-01-Snimka-zaslona-2022-09-21-194854.jpg\" \/>\n\t<meta property=\"og:image:width\" content=\"1000\" \/>\n\t<meta property=\"og:image:height\" content=\"625\" \/>\n\t<meta property=\"og:image:type\" content=\"image\/jpeg\" \/>\n<meta name=\"author\" content=\"Radio Ljubu\u0161ki\" \/>\n<meta name=\"twitter:card\" content=\"summary_large_image\" \/>\n<meta name=\"twitter:creator\" content=\"@radioljubuski\" \/>\n<meta name=\"twitter:site\" content=\"@radioljubuski\" \/>\n<meta name=\"twitter:label1\" content=\"Napisao\/la\" \/>\n\t<meta name=\"twitter:data1\" content=\"Radio Ljubu\u0161ki\" \/>\n\t<meta name=\"twitter:label2\" content=\"Procijenjeno vrijeme \u010ditanja\" \/>\n\t<meta name=\"twitter:data2\" content=\"3 minute\" \/>\n<script type=\"application\/ld+json\" class=\"yoast-schema-graph\">{\"@context\":\"https:\\\/\\\/schema.org\",\"@graph\":[{\"@type\":\"Article\",\"@id\":\"https:\\\/\\\/radioljubuski.ba\\\/index.php\\\/2022\\\/09\\\/22\\\/polovina-mladih-ne-vjeruje-u-promjene-nakon-izbora-ali-ih-cak-83-posto-kani-glasovati-2\\\/#article\",\"isPartOf\":{\"@id\":\"https:\\\/\\\/radioljubuski.ba\\\/index.php\\\/2022\\\/09\\\/22\\\/polovina-mladih-ne-vjeruje-u-promjene-nakon-izbora-ali-ih-cak-83-posto-kani-glasovati-2\\\/\"},\"author\":{\"name\":\"Radio Ljubu\u0161ki\",\"@id\":\"https:\\\/\\\/radioljubuski.ba\\\/#\\\/schema\\\/person\\\/19fc700381a780f69665d7956c469e3b\"},\"headline\":\"Polovina mladih ne vjeruje u promjene nakon izbora, ali ih \u010dak 83 posto kani glasovati\",\"datePublished\":\"2022-09-22T12:14:48+00:00\",\"dateModified\":\"2022-09-22T12:14:49+00:00\",\"mainEntityOfPage\":{\"@id\":\"https:\\\/\\\/radioljubuski.ba\\\/index.php\\\/2022\\\/09\\\/22\\\/polovina-mladih-ne-vjeruje-u-promjene-nakon-izbora-ali-ih-cak-83-posto-kani-glasovati-2\\\/\"},\"wordCount\":742,\"publisher\":{\"@id\":\"https:\\\/\\\/radioljubuski.ba\\\/#organization\"},\"image\":{\"@id\":\"https:\\\/\\\/radioljubuski.ba\\\/index.php\\\/2022\\\/09\\\/22\\\/polovina-mladih-ne-vjeruje-u-promjene-nakon-izbora-ali-ih-cak-83-posto-kani-glasovati-2\\\/#primaryimage\"},\"thumbnailUrl\":\"https:\\\/\\\/radioljubuski.ba\\\/wp-content\\\/uploads\\\/2022\\\/09\\\/10-2022-09-21-19-49-01-Snimka-zaslona-2022-09-21-194854.jpg\",\"articleSection\":[\"BIH i regija\"],\"inLanguage\":\"hr\"},{\"@type\":\"WebPage\",\"@id\":\"https:\\\/\\\/radioljubuski.ba\\\/index.php\\\/2022\\\/09\\\/22\\\/polovina-mladih-ne-vjeruje-u-promjene-nakon-izbora-ali-ih-cak-83-posto-kani-glasovati-2\\\/\",\"url\":\"https:\\\/\\\/radioljubuski.ba\\\/index.php\\\/2022\\\/09\\\/22\\\/polovina-mladih-ne-vjeruje-u-promjene-nakon-izbora-ali-ih-cak-83-posto-kani-glasovati-2\\\/\",\"name\":\"Polovina mladih ne vjeruje u promjene nakon izbora, ali ih \u010dak 83 posto kani glasovati - RADIO LJUBU\u0160KI\",\"isPartOf\":{\"@id\":\"https:\\\/\\\/radioljubuski.ba\\\/#website\"},\"primaryImageOfPage\":{\"@id\":\"https:\\\/\\\/radioljubuski.ba\\\/index.php\\\/2022\\\/09\\\/22\\\/polovina-mladih-ne-vjeruje-u-promjene-nakon-izbora-ali-ih-cak-83-posto-kani-glasovati-2\\\/#primaryimage\"},\"image\":{\"@id\":\"https:\\\/\\\/radioljubuski.ba\\\/index.php\\\/2022\\\/09\\\/22\\\/polovina-mladih-ne-vjeruje-u-promjene-nakon-izbora-ali-ih-cak-83-posto-kani-glasovati-2\\\/#primaryimage\"},\"thumbnailUrl\":\"https:\\\/\\\/radioljubuski.ba\\\/wp-content\\\/uploads\\\/2022\\\/09\\\/10-2022-09-21-19-49-01-Snimka-zaslona-2022-09-21-194854.jpg\",\"datePublished\":\"2022-09-22T12:14:48+00:00\",\"dateModified\":\"2022-09-22T12:14:49+00:00\",\"breadcrumb\":{\"@id\":\"https:\\\/\\\/radioljubuski.ba\\\/index.php\\\/2022\\\/09\\\/22\\\/polovina-mladih-ne-vjeruje-u-promjene-nakon-izbora-ali-ih-cak-83-posto-kani-glasovati-2\\\/#breadcrumb\"},\"inLanguage\":\"hr\",\"potentialAction\":[{\"@type\":\"ReadAction\",\"target\":[\"https:\\\/\\\/radioljubuski.ba\\\/index.php\\\/2022\\\/09\\\/22\\\/polovina-mladih-ne-vjeruje-u-promjene-nakon-izbora-ali-ih-cak-83-posto-kani-glasovati-2\\\/\"]}]},{\"@type\":\"ImageObject\",\"inLanguage\":\"hr\",\"@id\":\"https:\\\/\\\/radioljubuski.ba\\\/index.php\\\/2022\\\/09\\\/22\\\/polovina-mladih-ne-vjeruje-u-promjene-nakon-izbora-ali-ih-cak-83-posto-kani-glasovati-2\\\/#primaryimage\",\"url\":\"https:\\\/\\\/radioljubuski.ba\\\/wp-content\\\/uploads\\\/2022\\\/09\\\/10-2022-09-21-19-49-01-Snimka-zaslona-2022-09-21-194854.jpg\",\"contentUrl\":\"https:\\\/\\\/radioljubuski.ba\\\/wp-content\\\/uploads\\\/2022\\\/09\\\/10-2022-09-21-19-49-01-Snimka-zaslona-2022-09-21-194854.jpg\",\"width\":1000,\"height\":625},{\"@type\":\"BreadcrumbList\",\"@id\":\"https:\\\/\\\/radioljubuski.ba\\\/index.php\\\/2022\\\/09\\\/22\\\/polovina-mladih-ne-vjeruje-u-promjene-nakon-izbora-ali-ih-cak-83-posto-kani-glasovati-2\\\/#breadcrumb\",\"itemListElement\":[{\"@type\":\"ListItem\",\"position\":1,\"name\":\"Po\u010detna stranica\",\"item\":\"https:\\\/\\\/radioljubuski.ba\\\/\"},{\"@type\":\"ListItem\",\"position\":2,\"name\":\"Polovina mladih ne vjeruje u promjene nakon izbora, ali ih \u010dak 83 posto kani glasovati\"}]},{\"@type\":\"WebSite\",\"@id\":\"https:\\\/\\\/radioljubuski.ba\\\/#website\",\"url\":\"https:\\\/\\\/radioljubuski.ba\\\/\",\"name\":\"Radio Ljubu\u0161ki\",\"description\":\"Sun\u010dana frekvencija Hercegovine\",\"publisher\":{\"@id\":\"https:\\\/\\\/radioljubuski.ba\\\/#organization\"},\"potentialAction\":[{\"@type\":\"SearchAction\",\"target\":{\"@type\":\"EntryPoint\",\"urlTemplate\":\"https:\\\/\\\/radioljubuski.ba\\\/?s={search_term_string}\"},\"query-input\":{\"@type\":\"PropertyValueSpecification\",\"valueRequired\":true,\"valueName\":\"search_term_string\"}}],\"inLanguage\":\"hr\"},{\"@type\":\"Organization\",\"@id\":\"https:\\\/\\\/radioljubuski.ba\\\/#organization\",\"name\":\"Radio Ljubu\u0161ki\",\"url\":\"https:\\\/\\\/radioljubuski.ba\\\/\",\"logo\":{\"@type\":\"ImageObject\",\"inLanguage\":\"hr\",\"@id\":\"https:\\\/\\\/radioljubuski.ba\\\/#\\\/schema\\\/logo\\\/image\\\/\",\"url\":\"https:\\\/\\\/radioljubuski.ba\\\/wp-content\\\/uploads\\\/2021\\\/02\\\/cropped-Radio_Ljubuski_logo1.jpg\",\"contentUrl\":\"https:\\\/\\\/radioljubuski.ba\\\/wp-content\\\/uploads\\\/2021\\\/02\\\/cropped-Radio_Ljubuski_logo1.jpg\",\"width\":512,\"height\":512,\"caption\":\"Radio Ljubu\u0161ki\"},\"image\":{\"@id\":\"https:\\\/\\\/radioljubuski.ba\\\/#\\\/schema\\\/logo\\\/image\\\/\"},\"sameAs\":[\"https:\\\/\\\/www.facebook.com\\\/Radiio-Ljubuski-1490835324566332\",\"https:\\\/\\\/x.com\\\/radioljubuski\",\"https:\\\/\\\/hr.linkedin.com\\\/company\\\/radio-ljubuski\",\"https:\\\/\\\/www.youtube.com\\\/channel\\\/UCHYaeO_n0Db3tjNGudGpXyw\"]},{\"@type\":\"Person\",\"@id\":\"https:\\\/\\\/radioljubuski.ba\\\/#\\\/schema\\\/person\\\/19fc700381a780f69665d7956c469e3b\",\"name\":\"Radio Ljubu\u0161ki\"}]}<\/script>\n<!-- \/ Yoast SEO plugin. -->","yoast_head_json":{"title":"Polovina mladih ne vjeruje u promjene nakon izbora, ali ih \u010dak 83 posto kani glasovati - RADIO LJUBU\u0160KI","robots":{"index":"index","follow":"follow","max-snippet":"max-snippet:-1","max-image-preview":"max-image-preview:large","max-video-preview":"max-video-preview:-1"},"canonical":"https:\/\/radioljubuski.ba\/index.php\/2022\/09\/22\/polovina-mladih-ne-vjeruje-u-promjene-nakon-izbora-ali-ih-cak-83-posto-kani-glasovati-2\/","og_locale":"hr_HR","og_type":"article","og_title":"Polovina mladih ne vjeruje u promjene nakon izbora, ali ih \u010dak 83 posto kani glasovati - RADIO LJUBU\u0160KI","og_description":"Kako se pribli\u017eava nadnevak odr\u017eavanja op\u0107ih izbora u BiH tako se po\u010dinju pojavljivati razne vrste anketa kojima je cilj privu\u0107i pozornost na same izbore ili pak favorizirati pojedine stranke ili politi\u010dke grupacije, pi\u0161e Ve\u010dernji list BiH. Nedavno su za potrebe me\u0111unarodne uprave prezentirani rezultati istra\u017eivanja javnoga mi\u0161ljenja iz srpnja ove godine, a po\u010detkom rujna Ipsos [&hellip;]","og_url":"https:\/\/radioljubuski.ba\/index.php\/2022\/09\/22\/polovina-mladih-ne-vjeruje-u-promjene-nakon-izbora-ali-ih-cak-83-posto-kani-glasovati-2\/","og_site_name":"RADIO LJUBU\u0160KI","article_publisher":"https:\/\/www.facebook.com\/Radiio-Ljubuski-1490835324566332","article_published_time":"2022-09-22T12:14:48+00:00","article_modified_time":"2022-09-22T12:14:49+00:00","og_image":[{"width":1000,"height":625,"url":"https:\/\/radioljubuski.ba\/wp-content\/uploads\/2022\/09\/10-2022-09-21-19-49-01-Snimka-zaslona-2022-09-21-194854.jpg","type":"image\/jpeg"}],"author":"Radio Ljubu\u0161ki","twitter_card":"summary_large_image","twitter_creator":"@radioljubuski","twitter_site":"@radioljubuski","twitter_misc":{"Napisao\/la":"Radio Ljubu\u0161ki","Procijenjeno vrijeme \u010ditanja":"3 minute"},"schema":{"@context":"https:\/\/schema.org","@graph":[{"@type":"Article","@id":"https:\/\/radioljubuski.ba\/index.php\/2022\/09\/22\/polovina-mladih-ne-vjeruje-u-promjene-nakon-izbora-ali-ih-cak-83-posto-kani-glasovati-2\/#article","isPartOf":{"@id":"https:\/\/radioljubuski.ba\/index.php\/2022\/09\/22\/polovina-mladih-ne-vjeruje-u-promjene-nakon-izbora-ali-ih-cak-83-posto-kani-glasovati-2\/"},"author":{"name":"Radio Ljubu\u0161ki","@id":"https:\/\/radioljubuski.ba\/#\/schema\/person\/19fc700381a780f69665d7956c469e3b"},"headline":"Polovina mladih ne vjeruje u promjene nakon izbora, ali ih \u010dak 83 posto kani glasovati","datePublished":"2022-09-22T12:14:48+00:00","dateModified":"2022-09-22T12:14:49+00:00","mainEntityOfPage":{"@id":"https:\/\/radioljubuski.ba\/index.php\/2022\/09\/22\/polovina-mladih-ne-vjeruje-u-promjene-nakon-izbora-ali-ih-cak-83-posto-kani-glasovati-2\/"},"wordCount":742,"publisher":{"@id":"https:\/\/radioljubuski.ba\/#organization"},"image":{"@id":"https:\/\/radioljubuski.ba\/index.php\/2022\/09\/22\/polovina-mladih-ne-vjeruje-u-promjene-nakon-izbora-ali-ih-cak-83-posto-kani-glasovati-2\/#primaryimage"},"thumbnailUrl":"https:\/\/radioljubuski.ba\/wp-content\/uploads\/2022\/09\/10-2022-09-21-19-49-01-Snimka-zaslona-2022-09-21-194854.jpg","articleSection":["BIH i regija"],"inLanguage":"hr"},{"@type":"WebPage","@id":"https:\/\/radioljubuski.ba\/index.php\/2022\/09\/22\/polovina-mladih-ne-vjeruje-u-promjene-nakon-izbora-ali-ih-cak-83-posto-kani-glasovati-2\/","url":"https:\/\/radioljubuski.ba\/index.php\/2022\/09\/22\/polovina-mladih-ne-vjeruje-u-promjene-nakon-izbora-ali-ih-cak-83-posto-kani-glasovati-2\/","name":"Polovina mladih ne vjeruje u promjene nakon izbora, ali ih \u010dak 83 posto kani glasovati - RADIO LJUBU\u0160KI","isPartOf":{"@id":"https:\/\/radioljubuski.ba\/#website"},"primaryImageOfPage":{"@id":"https:\/\/radioljubuski.ba\/index.php\/2022\/09\/22\/polovina-mladih-ne-vjeruje-u-promjene-nakon-izbora-ali-ih-cak-83-posto-kani-glasovati-2\/#primaryimage"},"image":{"@id":"https:\/\/radioljubuski.ba\/index.php\/2022\/09\/22\/polovina-mladih-ne-vjeruje-u-promjene-nakon-izbora-ali-ih-cak-83-posto-kani-glasovati-2\/#primaryimage"},"thumbnailUrl":"https:\/\/radioljubuski.ba\/wp-content\/uploads\/2022\/09\/10-2022-09-21-19-49-01-Snimka-zaslona-2022-09-21-194854.jpg","datePublished":"2022-09-22T12:14:48+00:00","dateModified":"2022-09-22T12:14:49+00:00","breadcrumb":{"@id":"https:\/\/radioljubuski.ba\/index.php\/2022\/09\/22\/polovina-mladih-ne-vjeruje-u-promjene-nakon-izbora-ali-ih-cak-83-posto-kani-glasovati-2\/#breadcrumb"},"inLanguage":"hr","potentialAction":[{"@type":"ReadAction","target":["https:\/\/radioljubuski.ba\/index.php\/2022\/09\/22\/polovina-mladih-ne-vjeruje-u-promjene-nakon-izbora-ali-ih-cak-83-posto-kani-glasovati-2\/"]}]},{"@type":"ImageObject","inLanguage":"hr","@id":"https:\/\/radioljubuski.ba\/index.php\/2022\/09\/22\/polovina-mladih-ne-vjeruje-u-promjene-nakon-izbora-ali-ih-cak-83-posto-kani-glasovati-2\/#primaryimage","url":"https:\/\/radioljubuski.ba\/wp-content\/uploads\/2022\/09\/10-2022-09-21-19-49-01-Snimka-zaslona-2022-09-21-194854.jpg","contentUrl":"https:\/\/radioljubuski.ba\/wp-content\/uploads\/2022\/09\/10-2022-09-21-19-49-01-Snimka-zaslona-2022-09-21-194854.jpg","width":1000,"height":625},{"@type":"BreadcrumbList","@id":"https:\/\/radioljubuski.ba\/index.php\/2022\/09\/22\/polovina-mladih-ne-vjeruje-u-promjene-nakon-izbora-ali-ih-cak-83-posto-kani-glasovati-2\/#breadcrumb","itemListElement":[{"@type":"ListItem","position":1,"name":"Po\u010detna stranica","item":"https:\/\/radioljubuski.ba\/"},{"@type":"ListItem","position":2,"name":"Polovina mladih ne vjeruje u promjene nakon izbora, ali ih \u010dak 83 posto kani glasovati"}]},{"@type":"WebSite","@id":"https:\/\/radioljubuski.ba\/#website","url":"https:\/\/radioljubuski.ba\/","name":"Radio Ljubu\u0161ki","description":"Sun\u010dana frekvencija Hercegovine","publisher":{"@id":"https:\/\/radioljubuski.ba\/#organization"},"potentialAction":[{"@type":"SearchAction","target":{"@type":"EntryPoint","urlTemplate":"https:\/\/radioljubuski.ba\/?s={search_term_string}"},"query-input":{"@type":"PropertyValueSpecification","valueRequired":true,"valueName":"search_term_string"}}],"inLanguage":"hr"},{"@type":"Organization","@id":"https:\/\/radioljubuski.ba\/#organization","name":"Radio Ljubu\u0161ki","url":"https:\/\/radioljubuski.ba\/","logo":{"@type":"ImageObject","inLanguage":"hr","@id":"https:\/\/radioljubuski.ba\/#\/schema\/logo\/image\/","url":"https:\/\/radioljubuski.ba\/wp-content\/uploads\/2021\/02\/cropped-Radio_Ljubuski_logo1.jpg","contentUrl":"https:\/\/radioljubuski.ba\/wp-content\/uploads\/2021\/02\/cropped-Radio_Ljubuski_logo1.jpg","width":512,"height":512,"caption":"Radio Ljubu\u0161ki"},"image":{"@id":"https:\/\/radioljubuski.ba\/#\/schema\/logo\/image\/"},"sameAs":["https:\/\/www.facebook.com\/Radiio-Ljubuski-1490835324566332","https:\/\/x.com\/radioljubuski","https:\/\/hr.linkedin.com\/company\/radio-ljubuski","https:\/\/www.youtube.com\/channel\/UCHYaeO_n0Db3tjNGudGpXyw"]},{"@type":"Person","@id":"https:\/\/radioljubuski.ba\/#\/schema\/person\/19fc700381a780f69665d7956c469e3b","name":"Radio Ljubu\u0161ki"}]}},"_links":{"self":[{"href":"https:\/\/radioljubuski.ba\/index.php\/wp-json\/wp\/v2\/posts\/182784","targetHints":{"allow":["GET"]}}],"collection":[{"href":"https:\/\/radioljubuski.ba\/index.php\/wp-json\/wp\/v2\/posts"}],"about":[{"href":"https:\/\/radioljubuski.ba\/index.php\/wp-json\/wp\/v2\/types\/post"}],"author":[{"embeddable":true,"href":"https:\/\/radioljubuski.ba\/index.php\/wp-json\/wp\/v2\/users\/2"}],"replies":[{"embeddable":true,"href":"https:\/\/radioljubuski.ba\/index.php\/wp-json\/wp\/v2\/comments?post=182784"}],"version-history":[{"count":1,"href":"https:\/\/radioljubuski.ba\/index.php\/wp-json\/wp\/v2\/posts\/182784\/revisions"}],"predecessor-version":[{"id":182786,"href":"https:\/\/radioljubuski.ba\/index.php\/wp-json\/wp\/v2\/posts\/182784\/revisions\/182786"}],"wp:featuredmedia":[{"embeddable":true,"href":"https:\/\/radioljubuski.ba\/index.php\/wp-json\/wp\/v2\/media\/182785"}],"wp:attachment":[{"href":"https:\/\/radioljubuski.ba\/index.php\/wp-json\/wp\/v2\/media?parent=182784"}],"wp:term":[{"taxonomy":"category","embeddable":true,"href":"https:\/\/radioljubuski.ba\/index.php\/wp-json\/wp\/v2\/categories?post=182784"},{"taxonomy":"post_tag","embeddable":true,"href":"https:\/\/radioljubuski.ba\/index.php\/wp-json\/wp\/v2\/tags?post=182784"}],"curies":[{"name":"wp","href":"https:\/\/api.w.org\/{rel}","templated":true}]}}