{"id":182800,"date":"2022-09-22T13:21:43","date_gmt":"2022-09-22T12:21:43","guid":{"rendered":"https:\/\/radioljubuski.ba\/?p=182800"},"modified":"2022-09-22T13:21:44","modified_gmt":"2022-09-22T12:21:44","slug":"hrvatska-granicna-policija-i-gradani-spasili-cetiri-osobe-iz-nabujale-save","status":"publish","type":"post","link":"https:\/\/radioljubuski.ba\/index.php\/2022\/09\/22\/hrvatska-granicna-policija-i-gradani-spasili-cetiri-osobe-iz-nabujale-save\/","title":{"rendered":"Hrvatska grani\u010dna policija i gra\u0111ani spasili \u010detiri osobe iz nabujale Save"},"content":{"rendered":"\n<p>Hrvatska grani\u010dna policija iz postaje Stara Gradi\u0161ka i gra\u0111ani spasili su \u010detiri mu\u0161karca s podru\u010dja op\u0107ine Davor iz nabujale rijeke Save, priop\u0107eno je u srijedu iz brodsko-posavske Policijske uprave.<\/p>\n\n\n\n<p>Odmah po dojavi o&nbsp;prevrtanju&nbsp;\u010damca s nekoliko osoba u&nbsp;rijeku Savu,&nbsp;sino\u0107 oko 18,35 sati, na mjesto nesre\u0107e uputili su se policajci Postaje grani\u010dne policije Stara Gradi\u0161ka, koji su slu\u017ebenim&nbsp;plovilom&nbsp;na Savi obavljali zada\u0107e za\u0161tite&nbsp;dr\u017eavne granice RH.<\/p>\n\n\n\n<p>Naime, u&nbsp;drveni \u010damac&nbsp;je kod mjesta Orubice udarilo plutaju\u0107e&nbsp;deblo i prevrnulo ga. U \u010damcu su bila \u010detiri mu\u0161karca&nbsp;u dobi od 28, 59, 62 i 73 godine s&nbsp;podru\u010dja Op\u0107ine Davor, koji su zavr\u0161ili&nbsp;u hladnoj vodi. &nbsp;<\/p>\n\n\n\n<p>Desetak minuta nakon dojave, policajci su sa slu\u017ebenog&nbsp;plovila u Savi uo\u010dili dvije osobe,&nbsp;u dobi od 28 i 62 godine, koje je nabujala rijeka nosila nizvodno. Policajci su ih izvukli iz mutne rijeke na slu\u017ebeno plovilo te odvezli na sigurno, navodi se u priop\u0107enju.<\/p>\n\n\n\n<p>Drugim dvjema osobama u dobi od 59 i 73 godine pomogli su mje\u0161tani te ih tako\u0111er izvukli na sigurno iz Save.<\/p>\n\n\n\n<p>&#8220;Ovim solidarnim \u010dinom spa\u0161avanja osoba, i gra\u0111ani i policija su pokazali snagu ljudske humanosti&#8221;, isti\u010du iz&nbsp;PU brodsko-posavske.<\/p>\n\n\n\n<p>Izvor:pogled.ba<\/p>\n","protected":false},"excerpt":{"rendered":"<p>Hrvatska grani\u010dna policija iz postaje Stara Gradi\u0161ka i gra\u0111ani spasili su \u010detiri mu\u0161karca s podru\u010dja op\u0107ine Davor iz nabujale rijeke Save, priop\u0107eno je u srijedu iz brodsko-posavske Policijske uprave. Odmah po dojavi o&nbsp;prevrtanju&nbsp;\u010damca s nekoliko osoba u&nbsp;rijeku Savu,&nbsp;sino\u0107 oko 18,35 sati, na mjesto nesre\u0107e uputili su se policajci Postaje grani\u010dne policije Stara Gradi\u0161ka, koji su [&hellip;]<\/p>\n","protected":false},"author":2,"featured_media":182801,"comment_status":"closed","ping_status":"closed","sticky":false,"template":"","format":"standard","meta":{"h5ap_radio_sources":[],"footnotes":""},"categories":[1],"tags":[],"class_list":["post-182800","post","type-post","status-publish","format-standard","has-post-thumbnail","hentry","category-bihiregija"],"yoast_head":"<!-- This site is optimized with the Yoast SEO plugin v27.4 - https:\/\/yoast.com\/product\/yoast-seo-wordpress\/ -->\n<title>Hrvatska grani\u010dna policija i gra\u0111ani spasili \u010detiri osobe iz nabujale Save - RADIO LJUBU\u0160KI<\/title>\n<meta name=\"robots\" content=\"index, follow, max-snippet:-1, max-image-preview:large, max-video-preview:-1\" \/>\n<link rel=\"canonical\" href=\"https:\/\/radioljubuski.ba\/index.php\/2022\/09\/22\/hrvatska-granicna-policija-i-gradani-spasili-cetiri-osobe-iz-nabujale-save\/\" \/>\n<meta property=\"og:locale\" content=\"hr_HR\" \/>\n<meta property=\"og:type\" content=\"article\" \/>\n<meta property=\"og:title\" content=\"Hrvatska grani\u010dna policija i gra\u0111ani spasili \u010detiri osobe iz nabujale Save - RADIO LJUBU\u0160KI\" \/>\n<meta property=\"og:description\" content=\"Hrvatska grani\u010dna policija iz postaje Stara Gradi\u0161ka i gra\u0111ani spasili su \u010detiri mu\u0161karca s podru\u010dja op\u0107ine Davor iz nabujale rijeke Save, priop\u0107eno je u srijedu iz brodsko-posavske Policijske uprave. Odmah po dojavi o&nbsp;prevrtanju&nbsp;\u010damca s nekoliko osoba u&nbsp;rijeku Savu,&nbsp;sino\u0107 oko 18,35 sati, na mjesto nesre\u0107e uputili su se policajci Postaje grani\u010dne policije Stara Gradi\u0161ka, koji su [&hellip;]\" \/>\n<meta property=\"og:url\" content=\"https:\/\/radioljubuski.ba\/index.php\/2022\/09\/22\/hrvatska-granicna-policija-i-gradani-spasili-cetiri-osobe-iz-nabujale-save\/\" \/>\n<meta property=\"og:site_name\" content=\"RADIO LJUBU\u0160KI\" \/>\n<meta property=\"article:publisher\" content=\"https:\/\/www.facebook.com\/Radiio-Ljubuski-1490835324566332\" \/>\n<meta property=\"article:published_time\" content=\"2022-09-22T12:21:43+00:00\" \/>\n<meta property=\"article:modified_time\" content=\"2022-09-22T12:21:44+00:00\" \/>\n<meta property=\"og:image\" content=\"https:\/\/radioljubuski.ba\/wp-content\/uploads\/2022\/09\/10-2022-09-21-20-41-45-Snimka-zaslona-2022-09-21-204137.jpg\" \/>\n\t<meta property=\"og:image:width\" content=\"1000\" \/>\n\t<meta property=\"og:image:height\" content=\"625\" \/>\n\t<meta property=\"og:image:type\" content=\"image\/jpeg\" \/>\n<meta name=\"author\" content=\"Radio Ljubu\u0161ki\" \/>\n<meta name=\"twitter:card\" content=\"summary_large_image\" \/>\n<meta name=\"twitter:creator\" content=\"@radioljubuski\" \/>\n<meta name=\"twitter:site\" content=\"@radioljubuski\" \/>\n<meta name=\"twitter:label1\" content=\"Napisao\/la\" \/>\n\t<meta name=\"twitter:data1\" content=\"Radio Ljubu\u0161ki\" \/>\n\t<meta name=\"twitter:label2\" content=\"Procijenjeno vrijeme \u010ditanja\" \/>\n\t<meta name=\"twitter:data2\" content=\"1 minuta\" \/>\n<script type=\"application\/ld+json\" class=\"yoast-schema-graph\">{\"@context\":\"https:\\\/\\\/schema.org\",\"@graph\":[{\"@type\":\"Article\",\"@id\":\"https:\\\/\\\/radioljubuski.ba\\\/index.php\\\/2022\\\/09\\\/22\\\/hrvatska-granicna-policija-i-gradani-spasili-cetiri-osobe-iz-nabujale-save\\\/#article\",\"isPartOf\":{\"@id\":\"https:\\\/\\\/radioljubuski.ba\\\/index.php\\\/2022\\\/09\\\/22\\\/hrvatska-granicna-policija-i-gradani-spasili-cetiri-osobe-iz-nabujale-save\\\/\"},\"author\":{\"name\":\"Radio Ljubu\u0161ki\",\"@id\":\"https:\\\/\\\/radioljubuski.ba\\\/#\\\/schema\\\/person\\\/19fc700381a780f69665d7956c469e3b\"},\"headline\":\"Hrvatska grani\u010dna policija i gra\u0111ani spasili \u010detiri osobe iz nabujale Save\",\"datePublished\":\"2022-09-22T12:21:43+00:00\",\"dateModified\":\"2022-09-22T12:21:44+00:00\",\"mainEntityOfPage\":{\"@id\":\"https:\\\/\\\/radioljubuski.ba\\\/index.php\\\/2022\\\/09\\\/22\\\/hrvatska-granicna-policija-i-gradani-spasili-cetiri-osobe-iz-nabujale-save\\\/\"},\"wordCount\":244,\"publisher\":{\"@id\":\"https:\\\/\\\/radioljubuski.ba\\\/#organization\"},\"image\":{\"@id\":\"https:\\\/\\\/radioljubuski.ba\\\/index.php\\\/2022\\\/09\\\/22\\\/hrvatska-granicna-policija-i-gradani-spasili-cetiri-osobe-iz-nabujale-save\\\/#primaryimage\"},\"thumbnailUrl\":\"https:\\\/\\\/radioljubuski.ba\\\/wp-content\\\/uploads\\\/2022\\\/09\\\/10-2022-09-21-20-41-45-Snimka-zaslona-2022-09-21-204137.jpg\",\"articleSection\":[\"BIH i regija\"],\"inLanguage\":\"hr\"},{\"@type\":\"WebPage\",\"@id\":\"https:\\\/\\\/radioljubuski.ba\\\/index.php\\\/2022\\\/09\\\/22\\\/hrvatska-granicna-policija-i-gradani-spasili-cetiri-osobe-iz-nabujale-save\\\/\",\"url\":\"https:\\\/\\\/radioljubuski.ba\\\/index.php\\\/2022\\\/09\\\/22\\\/hrvatska-granicna-policija-i-gradani-spasili-cetiri-osobe-iz-nabujale-save\\\/\",\"name\":\"Hrvatska grani\u010dna policija i gra\u0111ani spasili \u010detiri osobe iz nabujale Save - RADIO LJUBU\u0160KI\",\"isPartOf\":{\"@id\":\"https:\\\/\\\/radioljubuski.ba\\\/#website\"},\"primaryImageOfPage\":{\"@id\":\"https:\\\/\\\/radioljubuski.ba\\\/index.php\\\/2022\\\/09\\\/22\\\/hrvatska-granicna-policija-i-gradani-spasili-cetiri-osobe-iz-nabujale-save\\\/#primaryimage\"},\"image\":{\"@id\":\"https:\\\/\\\/radioljubuski.ba\\\/index.php\\\/2022\\\/09\\\/22\\\/hrvatska-granicna-policija-i-gradani-spasili-cetiri-osobe-iz-nabujale-save\\\/#primaryimage\"},\"thumbnailUrl\":\"https:\\\/\\\/radioljubuski.ba\\\/wp-content\\\/uploads\\\/2022\\\/09\\\/10-2022-09-21-20-41-45-Snimka-zaslona-2022-09-21-204137.jpg\",\"datePublished\":\"2022-09-22T12:21:43+00:00\",\"dateModified\":\"2022-09-22T12:21:44+00:00\",\"breadcrumb\":{\"@id\":\"https:\\\/\\\/radioljubuski.ba\\\/index.php\\\/2022\\\/09\\\/22\\\/hrvatska-granicna-policija-i-gradani-spasili-cetiri-osobe-iz-nabujale-save\\\/#breadcrumb\"},\"inLanguage\":\"hr\",\"potentialAction\":[{\"@type\":\"ReadAction\",\"target\":[\"https:\\\/\\\/radioljubuski.ba\\\/index.php\\\/2022\\\/09\\\/22\\\/hrvatska-granicna-policija-i-gradani-spasili-cetiri-osobe-iz-nabujale-save\\\/\"]}]},{\"@type\":\"ImageObject\",\"inLanguage\":\"hr\",\"@id\":\"https:\\\/\\\/radioljubuski.ba\\\/index.php\\\/2022\\\/09\\\/22\\\/hrvatska-granicna-policija-i-gradani-spasili-cetiri-osobe-iz-nabujale-save\\\/#primaryimage\",\"url\":\"https:\\\/\\\/radioljubuski.ba\\\/wp-content\\\/uploads\\\/2022\\\/09\\\/10-2022-09-21-20-41-45-Snimka-zaslona-2022-09-21-204137.jpg\",\"contentUrl\":\"https:\\\/\\\/radioljubuski.ba\\\/wp-content\\\/uploads\\\/2022\\\/09\\\/10-2022-09-21-20-41-45-Snimka-zaslona-2022-09-21-204137.jpg\",\"width\":1000,\"height\":625},{\"@type\":\"BreadcrumbList\",\"@id\":\"https:\\\/\\\/radioljubuski.ba\\\/index.php\\\/2022\\\/09\\\/22\\\/hrvatska-granicna-policija-i-gradani-spasili-cetiri-osobe-iz-nabujale-save\\\/#breadcrumb\",\"itemListElement\":[{\"@type\":\"ListItem\",\"position\":1,\"name\":\"Po\u010detna stranica\",\"item\":\"https:\\\/\\\/radioljubuski.ba\\\/\"},{\"@type\":\"ListItem\",\"position\":2,\"name\":\"Hrvatska grani\u010dna policija i gra\u0111ani spasili \u010detiri osobe iz nabujale Save\"}]},{\"@type\":\"WebSite\",\"@id\":\"https:\\\/\\\/radioljubuski.ba\\\/#website\",\"url\":\"https:\\\/\\\/radioljubuski.ba\\\/\",\"name\":\"Radio Ljubu\u0161ki\",\"description\":\"Sun\u010dana frekvencija Hercegovine\",\"publisher\":{\"@id\":\"https:\\\/\\\/radioljubuski.ba\\\/#organization\"},\"potentialAction\":[{\"@type\":\"SearchAction\",\"target\":{\"@type\":\"EntryPoint\",\"urlTemplate\":\"https:\\\/\\\/radioljubuski.ba\\\/?s={search_term_string}\"},\"query-input\":{\"@type\":\"PropertyValueSpecification\",\"valueRequired\":true,\"valueName\":\"search_term_string\"}}],\"inLanguage\":\"hr\"},{\"@type\":\"Organization\",\"@id\":\"https:\\\/\\\/radioljubuski.ba\\\/#organization\",\"name\":\"Radio Ljubu\u0161ki\",\"url\":\"https:\\\/\\\/radioljubuski.ba\\\/\",\"logo\":{\"@type\":\"ImageObject\",\"inLanguage\":\"hr\",\"@id\":\"https:\\\/\\\/radioljubuski.ba\\\/#\\\/schema\\\/logo\\\/image\\\/\",\"url\":\"https:\\\/\\\/radioljubuski.ba\\\/wp-content\\\/uploads\\\/2021\\\/02\\\/cropped-Radio_Ljubuski_logo1.jpg\",\"contentUrl\":\"https:\\\/\\\/radioljubuski.ba\\\/wp-content\\\/uploads\\\/2021\\\/02\\\/cropped-Radio_Ljubuski_logo1.jpg\",\"width\":512,\"height\":512,\"caption\":\"Radio Ljubu\u0161ki\"},\"image\":{\"@id\":\"https:\\\/\\\/radioljubuski.ba\\\/#\\\/schema\\\/logo\\\/image\\\/\"},\"sameAs\":[\"https:\\\/\\\/www.facebook.com\\\/Radiio-Ljubuski-1490835324566332\",\"https:\\\/\\\/x.com\\\/radioljubuski\",\"https:\\\/\\\/hr.linkedin.com\\\/company\\\/radio-ljubuski\",\"https:\\\/\\\/www.youtube.com\\\/channel\\\/UCHYaeO_n0Db3tjNGudGpXyw\"]},{\"@type\":\"Person\",\"@id\":\"https:\\\/\\\/radioljubuski.ba\\\/#\\\/schema\\\/person\\\/19fc700381a780f69665d7956c469e3b\",\"name\":\"Radio Ljubu\u0161ki\"}]}<\/script>\n<!-- \/ Yoast SEO plugin. -->","yoast_head_json":{"title":"Hrvatska grani\u010dna policija i gra\u0111ani spasili \u010detiri osobe iz nabujale Save - RADIO LJUBU\u0160KI","robots":{"index":"index","follow":"follow","max-snippet":"max-snippet:-1","max-image-preview":"max-image-preview:large","max-video-preview":"max-video-preview:-1"},"canonical":"https:\/\/radioljubuski.ba\/index.php\/2022\/09\/22\/hrvatska-granicna-policija-i-gradani-spasili-cetiri-osobe-iz-nabujale-save\/","og_locale":"hr_HR","og_type":"article","og_title":"Hrvatska grani\u010dna policija i gra\u0111ani spasili \u010detiri osobe iz nabujale Save - RADIO LJUBU\u0160KI","og_description":"Hrvatska grani\u010dna policija iz postaje Stara Gradi\u0161ka i gra\u0111ani spasili su \u010detiri mu\u0161karca s podru\u010dja op\u0107ine Davor iz nabujale rijeke Save, priop\u0107eno je u srijedu iz brodsko-posavske Policijske uprave. Odmah po dojavi o&nbsp;prevrtanju&nbsp;\u010damca s nekoliko osoba u&nbsp;rijeku Savu,&nbsp;sino\u0107 oko 18,35 sati, na mjesto nesre\u0107e uputili su se policajci Postaje grani\u010dne policije Stara Gradi\u0161ka, koji su [&hellip;]","og_url":"https:\/\/radioljubuski.ba\/index.php\/2022\/09\/22\/hrvatska-granicna-policija-i-gradani-spasili-cetiri-osobe-iz-nabujale-save\/","og_site_name":"RADIO LJUBU\u0160KI","article_publisher":"https:\/\/www.facebook.com\/Radiio-Ljubuski-1490835324566332","article_published_time":"2022-09-22T12:21:43+00:00","article_modified_time":"2022-09-22T12:21:44+00:00","og_image":[{"width":1000,"height":625,"url":"https:\/\/radioljubuski.ba\/wp-content\/uploads\/2022\/09\/10-2022-09-21-20-41-45-Snimka-zaslona-2022-09-21-204137.jpg","type":"image\/jpeg"}],"author":"Radio Ljubu\u0161ki","twitter_card":"summary_large_image","twitter_creator":"@radioljubuski","twitter_site":"@radioljubuski","twitter_misc":{"Napisao\/la":"Radio Ljubu\u0161ki","Procijenjeno vrijeme \u010ditanja":"1 minuta"},"schema":{"@context":"https:\/\/schema.org","@graph":[{"@type":"Article","@id":"https:\/\/radioljubuski.ba\/index.php\/2022\/09\/22\/hrvatska-granicna-policija-i-gradani-spasili-cetiri-osobe-iz-nabujale-save\/#article","isPartOf":{"@id":"https:\/\/radioljubuski.ba\/index.php\/2022\/09\/22\/hrvatska-granicna-policija-i-gradani-spasili-cetiri-osobe-iz-nabujale-save\/"},"author":{"name":"Radio Ljubu\u0161ki","@id":"https:\/\/radioljubuski.ba\/#\/schema\/person\/19fc700381a780f69665d7956c469e3b"},"headline":"Hrvatska grani\u010dna policija i gra\u0111ani spasili \u010detiri osobe iz nabujale Save","datePublished":"2022-09-22T12:21:43+00:00","dateModified":"2022-09-22T12:21:44+00:00","mainEntityOfPage":{"@id":"https:\/\/radioljubuski.ba\/index.php\/2022\/09\/22\/hrvatska-granicna-policija-i-gradani-spasili-cetiri-osobe-iz-nabujale-save\/"},"wordCount":244,"publisher":{"@id":"https:\/\/radioljubuski.ba\/#organization"},"image":{"@id":"https:\/\/radioljubuski.ba\/index.php\/2022\/09\/22\/hrvatska-granicna-policija-i-gradani-spasili-cetiri-osobe-iz-nabujale-save\/#primaryimage"},"thumbnailUrl":"https:\/\/radioljubuski.ba\/wp-content\/uploads\/2022\/09\/10-2022-09-21-20-41-45-Snimka-zaslona-2022-09-21-204137.jpg","articleSection":["BIH i regija"],"inLanguage":"hr"},{"@type":"WebPage","@id":"https:\/\/radioljubuski.ba\/index.php\/2022\/09\/22\/hrvatska-granicna-policija-i-gradani-spasili-cetiri-osobe-iz-nabujale-save\/","url":"https:\/\/radioljubuski.ba\/index.php\/2022\/09\/22\/hrvatska-granicna-policija-i-gradani-spasili-cetiri-osobe-iz-nabujale-save\/","name":"Hrvatska grani\u010dna policija i gra\u0111ani spasili \u010detiri osobe iz nabujale Save - RADIO LJUBU\u0160KI","isPartOf":{"@id":"https:\/\/radioljubuski.ba\/#website"},"primaryImageOfPage":{"@id":"https:\/\/radioljubuski.ba\/index.php\/2022\/09\/22\/hrvatska-granicna-policija-i-gradani-spasili-cetiri-osobe-iz-nabujale-save\/#primaryimage"},"image":{"@id":"https:\/\/radioljubuski.ba\/index.php\/2022\/09\/22\/hrvatska-granicna-policija-i-gradani-spasili-cetiri-osobe-iz-nabujale-save\/#primaryimage"},"thumbnailUrl":"https:\/\/radioljubuski.ba\/wp-content\/uploads\/2022\/09\/10-2022-09-21-20-41-45-Snimka-zaslona-2022-09-21-204137.jpg","datePublished":"2022-09-22T12:21:43+00:00","dateModified":"2022-09-22T12:21:44+00:00","breadcrumb":{"@id":"https:\/\/radioljubuski.ba\/index.php\/2022\/09\/22\/hrvatska-granicna-policija-i-gradani-spasili-cetiri-osobe-iz-nabujale-save\/#breadcrumb"},"inLanguage":"hr","potentialAction":[{"@type":"ReadAction","target":["https:\/\/radioljubuski.ba\/index.php\/2022\/09\/22\/hrvatska-granicna-policija-i-gradani-spasili-cetiri-osobe-iz-nabujale-save\/"]}]},{"@type":"ImageObject","inLanguage":"hr","@id":"https:\/\/radioljubuski.ba\/index.php\/2022\/09\/22\/hrvatska-granicna-policija-i-gradani-spasili-cetiri-osobe-iz-nabujale-save\/#primaryimage","url":"https:\/\/radioljubuski.ba\/wp-content\/uploads\/2022\/09\/10-2022-09-21-20-41-45-Snimka-zaslona-2022-09-21-204137.jpg","contentUrl":"https:\/\/radioljubuski.ba\/wp-content\/uploads\/2022\/09\/10-2022-09-21-20-41-45-Snimka-zaslona-2022-09-21-204137.jpg","width":1000,"height":625},{"@type":"BreadcrumbList","@id":"https:\/\/radioljubuski.ba\/index.php\/2022\/09\/22\/hrvatska-granicna-policija-i-gradani-spasili-cetiri-osobe-iz-nabujale-save\/#breadcrumb","itemListElement":[{"@type":"ListItem","position":1,"name":"Po\u010detna stranica","item":"https:\/\/radioljubuski.ba\/"},{"@type":"ListItem","position":2,"name":"Hrvatska grani\u010dna policija i gra\u0111ani spasili \u010detiri osobe iz nabujale Save"}]},{"@type":"WebSite","@id":"https:\/\/radioljubuski.ba\/#website","url":"https:\/\/radioljubuski.ba\/","name":"Radio Ljubu\u0161ki","description":"Sun\u010dana frekvencija Hercegovine","publisher":{"@id":"https:\/\/radioljubuski.ba\/#organization"},"potentialAction":[{"@type":"SearchAction","target":{"@type":"EntryPoint","urlTemplate":"https:\/\/radioljubuski.ba\/?s={search_term_string}"},"query-input":{"@type":"PropertyValueSpecification","valueRequired":true,"valueName":"search_term_string"}}],"inLanguage":"hr"},{"@type":"Organization","@id":"https:\/\/radioljubuski.ba\/#organization","name":"Radio Ljubu\u0161ki","url":"https:\/\/radioljubuski.ba\/","logo":{"@type":"ImageObject","inLanguage":"hr","@id":"https:\/\/radioljubuski.ba\/#\/schema\/logo\/image\/","url":"https:\/\/radioljubuski.ba\/wp-content\/uploads\/2021\/02\/cropped-Radio_Ljubuski_logo1.jpg","contentUrl":"https:\/\/radioljubuski.ba\/wp-content\/uploads\/2021\/02\/cropped-Radio_Ljubuski_logo1.jpg","width":512,"height":512,"caption":"Radio Ljubu\u0161ki"},"image":{"@id":"https:\/\/radioljubuski.ba\/#\/schema\/logo\/image\/"},"sameAs":["https:\/\/www.facebook.com\/Radiio-Ljubuski-1490835324566332","https:\/\/x.com\/radioljubuski","https:\/\/hr.linkedin.com\/company\/radio-ljubuski","https:\/\/www.youtube.com\/channel\/UCHYaeO_n0Db3tjNGudGpXyw"]},{"@type":"Person","@id":"https:\/\/radioljubuski.ba\/#\/schema\/person\/19fc700381a780f69665d7956c469e3b","name":"Radio Ljubu\u0161ki"}]}},"_links":{"self":[{"href":"https:\/\/radioljubuski.ba\/index.php\/wp-json\/wp\/v2\/posts\/182800","targetHints":{"allow":["GET"]}}],"collection":[{"href":"https:\/\/radioljubuski.ba\/index.php\/wp-json\/wp\/v2\/posts"}],"about":[{"href":"https:\/\/radioljubuski.ba\/index.php\/wp-json\/wp\/v2\/types\/post"}],"author":[{"embeddable":true,"href":"https:\/\/radioljubuski.ba\/index.php\/wp-json\/wp\/v2\/users\/2"}],"replies":[{"embeddable":true,"href":"https:\/\/radioljubuski.ba\/index.php\/wp-json\/wp\/v2\/comments?post=182800"}],"version-history":[{"count":1,"href":"https:\/\/radioljubuski.ba\/index.php\/wp-json\/wp\/v2\/posts\/182800\/revisions"}],"predecessor-version":[{"id":182802,"href":"https:\/\/radioljubuski.ba\/index.php\/wp-json\/wp\/v2\/posts\/182800\/revisions\/182802"}],"wp:featuredmedia":[{"embeddable":true,"href":"https:\/\/radioljubuski.ba\/index.php\/wp-json\/wp\/v2\/media\/182801"}],"wp:attachment":[{"href":"https:\/\/radioljubuski.ba\/index.php\/wp-json\/wp\/v2\/media?parent=182800"}],"wp:term":[{"taxonomy":"category","embeddable":true,"href":"https:\/\/radioljubuski.ba\/index.php\/wp-json\/wp\/v2\/categories?post=182800"},{"taxonomy":"post_tag","embeddable":true,"href":"https:\/\/radioljubuski.ba\/index.php\/wp-json\/wp\/v2\/tags?post=182800"}],"curies":[{"name":"wp","href":"https:\/\/api.w.org\/{rel}","templated":true}]}}