{"id":182808,"date":"2022-09-22T13:25:19","date_gmt":"2022-09-22T12:25:19","guid":{"rendered":"https:\/\/radioljubuski.ba\/?p=182808"},"modified":"2022-09-22T13:25:20","modified_gmt":"2022-09-22T12:25:20","slug":"nazvali-sina-glasnogovornika-kremlja-i-rekli-da-je-mobiliziran-ja-nisam-bilo-tko","status":"publish","type":"post","link":"https:\/\/radioljubuski.ba\/index.php\/2022\/09\/22\/nazvali-sina-glasnogovornika-kremlja-i-rekli-da-je-mobiliziran-ja-nisam-bilo-tko\/","title":{"rendered":"Nazvali sina glasnogovornika Kremlja i rekli da je mobiliziran: Ja nisam bilo tko"},"content":{"rendered":"\n<p>Dmitri Nizovcev, vlasnik Youtube kanala &#8216;Popularna politika&#8217; koji su pokrenuli pristalice Alekseja Navaljnog, nazvao je Nikolaja Peskova, sina glasnogovornika ruskog predsjednika Dmitrija Peskova, te razgovor prenosio u\u017eivo na YT kanalu.<\/p>\n\n\n\n<p>Predstaviv\u0161i se kao komesar Nizovcev, rekao mu je da je poslan poziv za mobilizaciju i naredio mu da se sutra u 10 sati pojavi na lije\u010dni\u010dkom pregledu.<\/p>\n\n\n\n<p>-Morate shvatiti, ako znate da sam ja Peskov, koliko je pogre\u0161no poslati me tamo. Ukratko, bavim se time na drugoj razini &#8211; odgovorio je mucaju\u0107i sin glasnogovornika Kremlja.<\/p>\n\n\n\n<p>Zatim je rekao da se ne\u0107e odazvati pozivu i da se nije prijavio u dobrovoljce.<\/p>\n\n\n\n<p>&#8211; Poku\u0161avam shvatiti \u0161to se doga\u0111a i koja su moja prava. Da me sutra odvedu &#8211; vjerujte, to ne treba ni vama ni meni. Nije mi problem braniti svoju domovinu &#8211; ali moram shvatiti za\u0161to bih se trebao pojaviti tamo, govorim o odre\u0111enim politi\u010dkim nijansama &#8211; dodao je.<\/p>\n\n\n\n<p>Peskov mla\u0111i tako\u0111er je rekao da u dokumentima nipo\u0161to ne smije biti navedeno da je dobrovoljac.&nbsp;<\/p>\n\n\n\n<p>-U\u010dinit \u0107u \u0161ta mi se ka\u017ee. Ako Vladimir Vladimirovi\u010d (Putin) ka\u017ee da trebam i\u0107i, ja \u0107u oti\u0107i. No ja nisam bilo tko &#8211; kazao je.<\/p>\n\n\n\n<p>Podsje\u0107amo, predsjednik Rusije Vladimir Putin je u srijedu najavio &#8220;djelimi\u010dnu mobilizaciju&#8221; u Rusiji. Njegov proglas nije ba\u0161 jasno formuliran jer ne sadr\u017ei ni kriterije ni kvote za mobilizaciju, tako da na front mo\u017ee biti poslan bilo tko.<\/p>\n\n\n\n<p>Sergej \u0160ojgu, ruski ministar obrane, rekao je da \u0107e mobilizacija zahvatiti oko 300.000 rezervista, uglavnom gra\u0111ana koji su potpisali ugovor o ostanku u rezervi. Me\u0111utim, sam dokument ne sadr\u017ei ovu klauzulu. Prema \u0160ojguovim rije\u010dima, studenti ne\u0107e biti pozvani. Me\u0111utim, prije samo tri dana konzervativna stranka Ujedinjena Rusija predlo\u017eila je davanje akademskih dopusta studentima sveu\u010dili\u0161ta koji \u0107e biti poslani u Ukrajinu.<\/p>\n\n\n\n<p>Izvor:pogled.ba<\/p>\n","protected":false},"excerpt":{"rendered":"<p>Dmitri Nizovcev, vlasnik Youtube kanala &#8216;Popularna politika&#8217; koji su pokrenuli pristalice Alekseja Navaljnog, nazvao je Nikolaja Peskova, sina glasnogovornika ruskog predsjednika Dmitrija Peskova, te razgovor prenosio u\u017eivo na YT kanalu. Predstaviv\u0161i se kao komesar Nizovcev, rekao mu je da je poslan poziv za mobilizaciju i naredio mu da se sutra u 10 sati pojavi na [&hellip;]<\/p>\n","protected":false},"author":2,"featured_media":182809,"comment_status":"closed","ping_status":"closed","sticky":false,"template":"","format":"standard","meta":{"h5ap_radio_sources":[],"footnotes":""},"categories":[1],"tags":[],"class_list":["post-182808","post","type-post","status-publish","format-standard","has-post-thumbnail","hentry","category-bihiregija"],"yoast_head":"<!-- This site is optimized with the Yoast SEO plugin v27.4 - https:\/\/yoast.com\/product\/yoast-seo-wordpress\/ -->\n<title>Nazvali sina glasnogovornika Kremlja i rekli da je mobiliziran: Ja nisam bilo tko - RADIO LJUBU\u0160KI<\/title>\n<meta name=\"robots\" content=\"index, follow, max-snippet:-1, max-image-preview:large, max-video-preview:-1\" \/>\n<link rel=\"canonical\" href=\"https:\/\/radioljubuski.ba\/index.php\/2022\/09\/22\/nazvali-sina-glasnogovornika-kremlja-i-rekli-da-je-mobiliziran-ja-nisam-bilo-tko\/\" \/>\n<meta property=\"og:locale\" content=\"hr_HR\" \/>\n<meta property=\"og:type\" content=\"article\" \/>\n<meta property=\"og:title\" content=\"Nazvali sina glasnogovornika Kremlja i rekli da je mobiliziran: Ja nisam bilo tko - RADIO LJUBU\u0160KI\" \/>\n<meta property=\"og:description\" content=\"Dmitri Nizovcev, vlasnik Youtube kanala &#8216;Popularna politika&#8217; koji su pokrenuli pristalice Alekseja Navaljnog, nazvao je Nikolaja Peskova, sina glasnogovornika ruskog predsjednika Dmitrija Peskova, te razgovor prenosio u\u017eivo na YT kanalu. Predstaviv\u0161i se kao komesar Nizovcev, rekao mu je da je poslan poziv za mobilizaciju i naredio mu da se sutra u 10 sati pojavi na [&hellip;]\" \/>\n<meta property=\"og:url\" content=\"https:\/\/radioljubuski.ba\/index.php\/2022\/09\/22\/nazvali-sina-glasnogovornika-kremlja-i-rekli-da-je-mobiliziran-ja-nisam-bilo-tko\/\" \/>\n<meta property=\"og:site_name\" content=\"RADIO LJUBU\u0160KI\" \/>\n<meta property=\"article:publisher\" content=\"https:\/\/www.facebook.com\/Radiio-Ljubuski-1490835324566332\" \/>\n<meta property=\"article:published_time\" content=\"2022-09-22T12:25:19+00:00\" \/>\n<meta property=\"article:modified_time\" content=\"2022-09-22T12:25:20+00:00\" \/>\n<meta property=\"og:image\" content=\"https:\/\/radioljubuski.ba\/wp-content\/uploads\/2022\/09\/2-2022-09-22-07-28-21-peskov.jpg\" \/>\n\t<meta property=\"og:image:width\" content=\"1000\" \/>\n\t<meta property=\"og:image:height\" content=\"625\" \/>\n\t<meta property=\"og:image:type\" content=\"image\/jpeg\" \/>\n<meta name=\"author\" content=\"Radio Ljubu\u0161ki\" \/>\n<meta name=\"twitter:card\" content=\"summary_large_image\" \/>\n<meta name=\"twitter:creator\" content=\"@radioljubuski\" \/>\n<meta name=\"twitter:site\" content=\"@radioljubuski\" \/>\n<meta name=\"twitter:label1\" content=\"Napisao\/la\" \/>\n\t<meta name=\"twitter:data1\" content=\"Radio Ljubu\u0161ki\" \/>\n\t<meta name=\"twitter:label2\" content=\"Procijenjeno vrijeme \u010ditanja\" \/>\n\t<meta name=\"twitter:data2\" content=\"2 minute\" \/>\n<script type=\"application\/ld+json\" class=\"yoast-schema-graph\">{\"@context\":\"https:\\\/\\\/schema.org\",\"@graph\":[{\"@type\":\"Article\",\"@id\":\"https:\\\/\\\/radioljubuski.ba\\\/index.php\\\/2022\\\/09\\\/22\\\/nazvali-sina-glasnogovornika-kremlja-i-rekli-da-je-mobiliziran-ja-nisam-bilo-tko\\\/#article\",\"isPartOf\":{\"@id\":\"https:\\\/\\\/radioljubuski.ba\\\/index.php\\\/2022\\\/09\\\/22\\\/nazvali-sina-glasnogovornika-kremlja-i-rekli-da-je-mobiliziran-ja-nisam-bilo-tko\\\/\"},\"author\":{\"name\":\"Radio Ljubu\u0161ki\",\"@id\":\"https:\\\/\\\/radioljubuski.ba\\\/#\\\/schema\\\/person\\\/19fc700381a780f69665d7956c469e3b\"},\"headline\":\"Nazvali sina glasnogovornika Kremlja i rekli da je mobiliziran: Ja nisam bilo tko\",\"datePublished\":\"2022-09-22T12:25:19+00:00\",\"dateModified\":\"2022-09-22T12:25:20+00:00\",\"mainEntityOfPage\":{\"@id\":\"https:\\\/\\\/radioljubuski.ba\\\/index.php\\\/2022\\\/09\\\/22\\\/nazvali-sina-glasnogovornika-kremlja-i-rekli-da-je-mobiliziran-ja-nisam-bilo-tko\\\/\"},\"wordCount\":334,\"publisher\":{\"@id\":\"https:\\\/\\\/radioljubuski.ba\\\/#organization\"},\"image\":{\"@id\":\"https:\\\/\\\/radioljubuski.ba\\\/index.php\\\/2022\\\/09\\\/22\\\/nazvali-sina-glasnogovornika-kremlja-i-rekli-da-je-mobiliziran-ja-nisam-bilo-tko\\\/#primaryimage\"},\"thumbnailUrl\":\"https:\\\/\\\/radioljubuski.ba\\\/wp-content\\\/uploads\\\/2022\\\/09\\\/2-2022-09-22-07-28-21-peskov.jpg\",\"articleSection\":[\"BIH i regija\"],\"inLanguage\":\"hr\"},{\"@type\":\"WebPage\",\"@id\":\"https:\\\/\\\/radioljubuski.ba\\\/index.php\\\/2022\\\/09\\\/22\\\/nazvali-sina-glasnogovornika-kremlja-i-rekli-da-je-mobiliziran-ja-nisam-bilo-tko\\\/\",\"url\":\"https:\\\/\\\/radioljubuski.ba\\\/index.php\\\/2022\\\/09\\\/22\\\/nazvali-sina-glasnogovornika-kremlja-i-rekli-da-je-mobiliziran-ja-nisam-bilo-tko\\\/\",\"name\":\"Nazvali sina glasnogovornika Kremlja i rekli da je mobiliziran: Ja nisam bilo tko - RADIO LJUBU\u0160KI\",\"isPartOf\":{\"@id\":\"https:\\\/\\\/radioljubuski.ba\\\/#website\"},\"primaryImageOfPage\":{\"@id\":\"https:\\\/\\\/radioljubuski.ba\\\/index.php\\\/2022\\\/09\\\/22\\\/nazvali-sina-glasnogovornika-kremlja-i-rekli-da-je-mobiliziran-ja-nisam-bilo-tko\\\/#primaryimage\"},\"image\":{\"@id\":\"https:\\\/\\\/radioljubuski.ba\\\/index.php\\\/2022\\\/09\\\/22\\\/nazvali-sina-glasnogovornika-kremlja-i-rekli-da-je-mobiliziran-ja-nisam-bilo-tko\\\/#primaryimage\"},\"thumbnailUrl\":\"https:\\\/\\\/radioljubuski.ba\\\/wp-content\\\/uploads\\\/2022\\\/09\\\/2-2022-09-22-07-28-21-peskov.jpg\",\"datePublished\":\"2022-09-22T12:25:19+00:00\",\"dateModified\":\"2022-09-22T12:25:20+00:00\",\"breadcrumb\":{\"@id\":\"https:\\\/\\\/radioljubuski.ba\\\/index.php\\\/2022\\\/09\\\/22\\\/nazvali-sina-glasnogovornika-kremlja-i-rekli-da-je-mobiliziran-ja-nisam-bilo-tko\\\/#breadcrumb\"},\"inLanguage\":\"hr\",\"potentialAction\":[{\"@type\":\"ReadAction\",\"target\":[\"https:\\\/\\\/radioljubuski.ba\\\/index.php\\\/2022\\\/09\\\/22\\\/nazvali-sina-glasnogovornika-kremlja-i-rekli-da-je-mobiliziran-ja-nisam-bilo-tko\\\/\"]}]},{\"@type\":\"ImageObject\",\"inLanguage\":\"hr\",\"@id\":\"https:\\\/\\\/radioljubuski.ba\\\/index.php\\\/2022\\\/09\\\/22\\\/nazvali-sina-glasnogovornika-kremlja-i-rekli-da-je-mobiliziran-ja-nisam-bilo-tko\\\/#primaryimage\",\"url\":\"https:\\\/\\\/radioljubuski.ba\\\/wp-content\\\/uploads\\\/2022\\\/09\\\/2-2022-09-22-07-28-21-peskov.jpg\",\"contentUrl\":\"https:\\\/\\\/radioljubuski.ba\\\/wp-content\\\/uploads\\\/2022\\\/09\\\/2-2022-09-22-07-28-21-peskov.jpg\",\"width\":1000,\"height\":625},{\"@type\":\"BreadcrumbList\",\"@id\":\"https:\\\/\\\/radioljubuski.ba\\\/index.php\\\/2022\\\/09\\\/22\\\/nazvali-sina-glasnogovornika-kremlja-i-rekli-da-je-mobiliziran-ja-nisam-bilo-tko\\\/#breadcrumb\",\"itemListElement\":[{\"@type\":\"ListItem\",\"position\":1,\"name\":\"Po\u010detna stranica\",\"item\":\"https:\\\/\\\/radioljubuski.ba\\\/\"},{\"@type\":\"ListItem\",\"position\":2,\"name\":\"Nazvali sina glasnogovornika Kremlja i rekli da je mobiliziran: Ja nisam bilo tko\"}]},{\"@type\":\"WebSite\",\"@id\":\"https:\\\/\\\/radioljubuski.ba\\\/#website\",\"url\":\"https:\\\/\\\/radioljubuski.ba\\\/\",\"name\":\"Radio Ljubu\u0161ki\",\"description\":\"Sun\u010dana frekvencija Hercegovine\",\"publisher\":{\"@id\":\"https:\\\/\\\/radioljubuski.ba\\\/#organization\"},\"potentialAction\":[{\"@type\":\"SearchAction\",\"target\":{\"@type\":\"EntryPoint\",\"urlTemplate\":\"https:\\\/\\\/radioljubuski.ba\\\/?s={search_term_string}\"},\"query-input\":{\"@type\":\"PropertyValueSpecification\",\"valueRequired\":true,\"valueName\":\"search_term_string\"}}],\"inLanguage\":\"hr\"},{\"@type\":\"Organization\",\"@id\":\"https:\\\/\\\/radioljubuski.ba\\\/#organization\",\"name\":\"Radio Ljubu\u0161ki\",\"url\":\"https:\\\/\\\/radioljubuski.ba\\\/\",\"logo\":{\"@type\":\"ImageObject\",\"inLanguage\":\"hr\",\"@id\":\"https:\\\/\\\/radioljubuski.ba\\\/#\\\/schema\\\/logo\\\/image\\\/\",\"url\":\"https:\\\/\\\/radioljubuski.ba\\\/wp-content\\\/uploads\\\/2021\\\/02\\\/cropped-Radio_Ljubuski_logo1.jpg\",\"contentUrl\":\"https:\\\/\\\/radioljubuski.ba\\\/wp-content\\\/uploads\\\/2021\\\/02\\\/cropped-Radio_Ljubuski_logo1.jpg\",\"width\":512,\"height\":512,\"caption\":\"Radio Ljubu\u0161ki\"},\"image\":{\"@id\":\"https:\\\/\\\/radioljubuski.ba\\\/#\\\/schema\\\/logo\\\/image\\\/\"},\"sameAs\":[\"https:\\\/\\\/www.facebook.com\\\/Radiio-Ljubuski-1490835324566332\",\"https:\\\/\\\/x.com\\\/radioljubuski\",\"https:\\\/\\\/hr.linkedin.com\\\/company\\\/radio-ljubuski\",\"https:\\\/\\\/www.youtube.com\\\/channel\\\/UCHYaeO_n0Db3tjNGudGpXyw\"]},{\"@type\":\"Person\",\"@id\":\"https:\\\/\\\/radioljubuski.ba\\\/#\\\/schema\\\/person\\\/19fc700381a780f69665d7956c469e3b\",\"name\":\"Radio Ljubu\u0161ki\"}]}<\/script>\n<!-- \/ Yoast SEO plugin. -->","yoast_head_json":{"title":"Nazvali sina glasnogovornika Kremlja i rekli da je mobiliziran: Ja nisam bilo tko - RADIO LJUBU\u0160KI","robots":{"index":"index","follow":"follow","max-snippet":"max-snippet:-1","max-image-preview":"max-image-preview:large","max-video-preview":"max-video-preview:-1"},"canonical":"https:\/\/radioljubuski.ba\/index.php\/2022\/09\/22\/nazvali-sina-glasnogovornika-kremlja-i-rekli-da-je-mobiliziran-ja-nisam-bilo-tko\/","og_locale":"hr_HR","og_type":"article","og_title":"Nazvali sina glasnogovornika Kremlja i rekli da je mobiliziran: Ja nisam bilo tko - RADIO LJUBU\u0160KI","og_description":"Dmitri Nizovcev, vlasnik Youtube kanala &#8216;Popularna politika&#8217; koji su pokrenuli pristalice Alekseja Navaljnog, nazvao je Nikolaja Peskova, sina glasnogovornika ruskog predsjednika Dmitrija Peskova, te razgovor prenosio u\u017eivo na YT kanalu. Predstaviv\u0161i se kao komesar Nizovcev, rekao mu je da je poslan poziv za mobilizaciju i naredio mu da se sutra u 10 sati pojavi na [&hellip;]","og_url":"https:\/\/radioljubuski.ba\/index.php\/2022\/09\/22\/nazvali-sina-glasnogovornika-kremlja-i-rekli-da-je-mobiliziran-ja-nisam-bilo-tko\/","og_site_name":"RADIO LJUBU\u0160KI","article_publisher":"https:\/\/www.facebook.com\/Radiio-Ljubuski-1490835324566332","article_published_time":"2022-09-22T12:25:19+00:00","article_modified_time":"2022-09-22T12:25:20+00:00","og_image":[{"width":1000,"height":625,"url":"https:\/\/radioljubuski.ba\/wp-content\/uploads\/2022\/09\/2-2022-09-22-07-28-21-peskov.jpg","type":"image\/jpeg"}],"author":"Radio Ljubu\u0161ki","twitter_card":"summary_large_image","twitter_creator":"@radioljubuski","twitter_site":"@radioljubuski","twitter_misc":{"Napisao\/la":"Radio Ljubu\u0161ki","Procijenjeno vrijeme \u010ditanja":"2 minute"},"schema":{"@context":"https:\/\/schema.org","@graph":[{"@type":"Article","@id":"https:\/\/radioljubuski.ba\/index.php\/2022\/09\/22\/nazvali-sina-glasnogovornika-kremlja-i-rekli-da-je-mobiliziran-ja-nisam-bilo-tko\/#article","isPartOf":{"@id":"https:\/\/radioljubuski.ba\/index.php\/2022\/09\/22\/nazvali-sina-glasnogovornika-kremlja-i-rekli-da-je-mobiliziran-ja-nisam-bilo-tko\/"},"author":{"name":"Radio Ljubu\u0161ki","@id":"https:\/\/radioljubuski.ba\/#\/schema\/person\/19fc700381a780f69665d7956c469e3b"},"headline":"Nazvali sina glasnogovornika Kremlja i rekli da je mobiliziran: Ja nisam bilo tko","datePublished":"2022-09-22T12:25:19+00:00","dateModified":"2022-09-22T12:25:20+00:00","mainEntityOfPage":{"@id":"https:\/\/radioljubuski.ba\/index.php\/2022\/09\/22\/nazvali-sina-glasnogovornika-kremlja-i-rekli-da-je-mobiliziran-ja-nisam-bilo-tko\/"},"wordCount":334,"publisher":{"@id":"https:\/\/radioljubuski.ba\/#organization"},"image":{"@id":"https:\/\/radioljubuski.ba\/index.php\/2022\/09\/22\/nazvali-sina-glasnogovornika-kremlja-i-rekli-da-je-mobiliziran-ja-nisam-bilo-tko\/#primaryimage"},"thumbnailUrl":"https:\/\/radioljubuski.ba\/wp-content\/uploads\/2022\/09\/2-2022-09-22-07-28-21-peskov.jpg","articleSection":["BIH i regija"],"inLanguage":"hr"},{"@type":"WebPage","@id":"https:\/\/radioljubuski.ba\/index.php\/2022\/09\/22\/nazvali-sina-glasnogovornika-kremlja-i-rekli-da-je-mobiliziran-ja-nisam-bilo-tko\/","url":"https:\/\/radioljubuski.ba\/index.php\/2022\/09\/22\/nazvali-sina-glasnogovornika-kremlja-i-rekli-da-je-mobiliziran-ja-nisam-bilo-tko\/","name":"Nazvali sina glasnogovornika Kremlja i rekli da je mobiliziran: Ja nisam bilo tko - RADIO LJUBU\u0160KI","isPartOf":{"@id":"https:\/\/radioljubuski.ba\/#website"},"primaryImageOfPage":{"@id":"https:\/\/radioljubuski.ba\/index.php\/2022\/09\/22\/nazvali-sina-glasnogovornika-kremlja-i-rekli-da-je-mobiliziran-ja-nisam-bilo-tko\/#primaryimage"},"image":{"@id":"https:\/\/radioljubuski.ba\/index.php\/2022\/09\/22\/nazvali-sina-glasnogovornika-kremlja-i-rekli-da-je-mobiliziran-ja-nisam-bilo-tko\/#primaryimage"},"thumbnailUrl":"https:\/\/radioljubuski.ba\/wp-content\/uploads\/2022\/09\/2-2022-09-22-07-28-21-peskov.jpg","datePublished":"2022-09-22T12:25:19+00:00","dateModified":"2022-09-22T12:25:20+00:00","breadcrumb":{"@id":"https:\/\/radioljubuski.ba\/index.php\/2022\/09\/22\/nazvali-sina-glasnogovornika-kremlja-i-rekli-da-je-mobiliziran-ja-nisam-bilo-tko\/#breadcrumb"},"inLanguage":"hr","potentialAction":[{"@type":"ReadAction","target":["https:\/\/radioljubuski.ba\/index.php\/2022\/09\/22\/nazvali-sina-glasnogovornika-kremlja-i-rekli-da-je-mobiliziran-ja-nisam-bilo-tko\/"]}]},{"@type":"ImageObject","inLanguage":"hr","@id":"https:\/\/radioljubuski.ba\/index.php\/2022\/09\/22\/nazvali-sina-glasnogovornika-kremlja-i-rekli-da-je-mobiliziran-ja-nisam-bilo-tko\/#primaryimage","url":"https:\/\/radioljubuski.ba\/wp-content\/uploads\/2022\/09\/2-2022-09-22-07-28-21-peskov.jpg","contentUrl":"https:\/\/radioljubuski.ba\/wp-content\/uploads\/2022\/09\/2-2022-09-22-07-28-21-peskov.jpg","width":1000,"height":625},{"@type":"BreadcrumbList","@id":"https:\/\/radioljubuski.ba\/index.php\/2022\/09\/22\/nazvali-sina-glasnogovornika-kremlja-i-rekli-da-je-mobiliziran-ja-nisam-bilo-tko\/#breadcrumb","itemListElement":[{"@type":"ListItem","position":1,"name":"Po\u010detna stranica","item":"https:\/\/radioljubuski.ba\/"},{"@type":"ListItem","position":2,"name":"Nazvali sina glasnogovornika Kremlja i rekli da je mobiliziran: Ja nisam bilo tko"}]},{"@type":"WebSite","@id":"https:\/\/radioljubuski.ba\/#website","url":"https:\/\/radioljubuski.ba\/","name":"Radio Ljubu\u0161ki","description":"Sun\u010dana frekvencija Hercegovine","publisher":{"@id":"https:\/\/radioljubuski.ba\/#organization"},"potentialAction":[{"@type":"SearchAction","target":{"@type":"EntryPoint","urlTemplate":"https:\/\/radioljubuski.ba\/?s={search_term_string}"},"query-input":{"@type":"PropertyValueSpecification","valueRequired":true,"valueName":"search_term_string"}}],"inLanguage":"hr"},{"@type":"Organization","@id":"https:\/\/radioljubuski.ba\/#organization","name":"Radio Ljubu\u0161ki","url":"https:\/\/radioljubuski.ba\/","logo":{"@type":"ImageObject","inLanguage":"hr","@id":"https:\/\/radioljubuski.ba\/#\/schema\/logo\/image\/","url":"https:\/\/radioljubuski.ba\/wp-content\/uploads\/2021\/02\/cropped-Radio_Ljubuski_logo1.jpg","contentUrl":"https:\/\/radioljubuski.ba\/wp-content\/uploads\/2021\/02\/cropped-Radio_Ljubuski_logo1.jpg","width":512,"height":512,"caption":"Radio Ljubu\u0161ki"},"image":{"@id":"https:\/\/radioljubuski.ba\/#\/schema\/logo\/image\/"},"sameAs":["https:\/\/www.facebook.com\/Radiio-Ljubuski-1490835324566332","https:\/\/x.com\/radioljubuski","https:\/\/hr.linkedin.com\/company\/radio-ljubuski","https:\/\/www.youtube.com\/channel\/UCHYaeO_n0Db3tjNGudGpXyw"]},{"@type":"Person","@id":"https:\/\/radioljubuski.ba\/#\/schema\/person\/19fc700381a780f69665d7956c469e3b","name":"Radio Ljubu\u0161ki"}]}},"_links":{"self":[{"href":"https:\/\/radioljubuski.ba\/index.php\/wp-json\/wp\/v2\/posts\/182808","targetHints":{"allow":["GET"]}}],"collection":[{"href":"https:\/\/radioljubuski.ba\/index.php\/wp-json\/wp\/v2\/posts"}],"about":[{"href":"https:\/\/radioljubuski.ba\/index.php\/wp-json\/wp\/v2\/types\/post"}],"author":[{"embeddable":true,"href":"https:\/\/radioljubuski.ba\/index.php\/wp-json\/wp\/v2\/users\/2"}],"replies":[{"embeddable":true,"href":"https:\/\/radioljubuski.ba\/index.php\/wp-json\/wp\/v2\/comments?post=182808"}],"version-history":[{"count":1,"href":"https:\/\/radioljubuski.ba\/index.php\/wp-json\/wp\/v2\/posts\/182808\/revisions"}],"predecessor-version":[{"id":182810,"href":"https:\/\/radioljubuski.ba\/index.php\/wp-json\/wp\/v2\/posts\/182808\/revisions\/182810"}],"wp:featuredmedia":[{"embeddable":true,"href":"https:\/\/radioljubuski.ba\/index.php\/wp-json\/wp\/v2\/media\/182809"}],"wp:attachment":[{"href":"https:\/\/radioljubuski.ba\/index.php\/wp-json\/wp\/v2\/media?parent=182808"}],"wp:term":[{"taxonomy":"category","embeddable":true,"href":"https:\/\/radioljubuski.ba\/index.php\/wp-json\/wp\/v2\/categories?post=182808"},{"taxonomy":"post_tag","embeddable":true,"href":"https:\/\/radioljubuski.ba\/index.php\/wp-json\/wp\/v2\/tags?post=182808"}],"curies":[{"name":"wp","href":"https:\/\/api.w.org\/{rel}","templated":true}]}}