{"id":18282,"date":"2021-05-03T23:22:30","date_gmt":"2021-05-03T22:22:30","guid":{"rendered":"https:\/\/radioljubuski.ba\/?p=18282"},"modified":"2021-05-03T23:22:31","modified_gmt":"2021-05-03T22:22:31","slug":"bih-je-2020-zahvatila-najgora-kriza-zadnjih-25-godina-oporavak-neizvjestan","status":"publish","type":"post","link":"https:\/\/radioljubuski.ba\/index.php\/2021\/05\/03\/bih-je-2020-zahvatila-najgora-kriza-zadnjih-25-godina-oporavak-neizvjestan\/","title":{"rendered":"BiH je 2020. zahvatila najgora kriza zadnjih 25 godina, oporavak neizvjestan"},"content":{"rendered":"\n<p><strong>Bosna i Hercegovina je u pro\u0161loj godini do\u017eivjela veliki ekonomski pad zbog pandemije koronavirusa, a uz globalni napredak ove godine, o\u010dekuje se i postepeni oporavak zemlje. Ovo se navodi u redovitom izvje\u0161\u0107u Svjetske banke za Zapadni Balkan.<\/strong><\/p>\n\n\n\n<p>Analiti\u010dari ove va\u017ene me\u0111unarodne financijske institucije navode kako politi\u010dki izazovi, usporen rast ekonomija Europske unije te dugo odga\u0111ane reformi predstavljaju rizik za oporavak smanjenog intenziteta.<\/p>\n\n\n\n<p>\u201cAlbaniju, Bosnu i Hercegovinu, Crnu Goru, Kosovo, Sjevernu Makedoniju i Srbiju \u2013 \u0161est zemalja Zapadnog Balkana \u2013 o\u010dekuje ekonomski rast u 2021., nakon najve\u0107e recesije koja je zahvatila regiju tijekom 2020. Nakon ove recesije prouzro\u010dene pandemijom COVID-19, koja je rezultirala procijenjenim smanjenjem rasta u regiji od 3,4 posto u pro\u0161loj godini, o\u010dekuje se da \u0107e regija Zapadnog Balkana u 2021. ostvariti rast od 4,4 posto. U daljnjem razdoblju se o\u010dekuje usporavanje rasta na 3,7 u 2022. i 2023., pri \u010demu \u0107e produ\u017eene posljedice pandemije i dalje utjecati na manje investicije i zaposlenost u regiji\u201d, navodi se.<\/p>\n\n\n\n<p>Izvje\u0161\u0107e obuhva\u0107a i tezu da je Bosnu i Hercegovinu u 2020. zahvatila najgora recesija u posljednjih 25 godina, uz smanjenje ekonomskog rasta za 4,3 posto, u najve\u0107oj mjeri zbog pove\u0107anja broja novih slu\u010dajeva zaraze koronavirusom, pada potro\u0161nje, investicija i potra\u017enje iz inozemstva. Iako o\u010dekuju da \u0107e u BiH ekonomski rast u 2021. dosti\u0107i 2,8 posto, dinamika i tijek oporavka su krajnje neizvjesni, napominje se u izvje\u0161\u0107u.<\/p>\n\n\n\n<p>\u201cZnamo da se dosta toga mo\u017ee i treba u\u010diniti sada, da bi se smanjile osjetljivosti koje je kriza istaknula \u2013 kao \u0161to su slabosti u zdravstvenom i obrazovnom sektoru i poslovnom okru\u017eenju. Sada je vrijeme da se radi ne samo na oporavku od krize, ve\u0107 i na razvoju dugoro\u010dnih rje\u0161enja kojima \u0107e se izgraditi otpornija, inkluzivnija ekonomija u razdoblju nakon pandemije\u201d, ka\u017ee Emanuel Salinas, \u0161ef ureda Svjetske banke za Bosnu i Hercegovinu i Crnu Goru.<\/p>\n\n\n\n<p>Izvje\u0161\u0107e preporu\u010duje da BiH nastavi na reformskom putu u pravcu rje\u0161avanja dugo prisutnih pitanja \u2013 ukorijenjenih strukturalnih i institucionalnih problema. BiH treba omogu\u0107iti iskori\u0161tavanje potencijala privatnog sektora i smanjiti veliku zastupljenost javnog sektora, uz stavljanje prioriteta na me\u0111unarodne integracije kroz investicije i izvoz.<\/p>\n\n\n\n<p>\u201cSigurno je da primje\u0107ujemo neke pozitivne trendove u regiji, potaknute brzim djelovanjem mnogih zemalja na ubla\u017eavanju najte\u017eih posljedica pandemije, ali posljedice pandemije na zdravlje i ekonomska devastacija i dalje \u0107e se osje\u0107ati. Provo\u0111enje cijepljenja, uz rast povjerenja, potro\u0161nje i trgovine, \u0107e tako\u0111er pomo\u0107i da se odr\u017ei ovaj zamah, ali zemlje moraju i dalje s pa\u017enjom usmjeravati napore ka uvo\u0111enju i osna\u017eivanju politika koje vode rastu, za\u0161titi zdravlja i ja\u010danju ljudskog kapitala\u201d, izjavila je Linda Van Gelder, regionalna direktorica Svjetske banke za Zapadni Balkan.<\/p>\n\n\n\n<p>Pandemija je zaustavila desetlje\u0107e napretka u pove\u0107anju zarada i smanjenju siroma\u0161tva u svim zemljama regije, a tr\u017ei\u0161ta rada na Zapadnom Balkanu, nadoknadila su tek polovicu gubitaka izazvanih pandemijom \u2013 ostavljaju\u0107i veliki broj nezaposlenih i primoravaju\u0107i mnoge da potpuno napuste tr\u017ei\u0161te rada. Iako se stopa nezaposlenosti smanjila \u2013 sa 13,5 posto u 2019. na 12,6 posto u 2020. \u2013 to je ve\u0107inom posljedica pove\u0107ane neaktivnosti, pri \u010demu je ukupan gubitak radnih mjesta na Zapadnom Balkanu dostigao gotovo 70.000 do kraja 2020.<\/p>\n\n\n\n<p>Dalje, ovi gubici su disproporcionalno pogodili osjetljivije grupe stanovni\u0161tva u regiji, uklju\u010duju\u0107i \u017eene i mlade \u2013 pri \u010demu je stopa nezaposlenosti me\u0111u mladima dostigla 33,6 posto u 2020., zaustavljaju\u0107i petogodi\u0161nji trend pada.<\/p>\n\n\n\n<p>Prema izvje\u0161\u0107u, javne politike u regiji treba ostati jasno fokusirane na borbu protiv pandemije, ograni\u010davanje socijalnih utjecaja i poticanje oporavka. Sve bi zemlje trebale osigurati da njihovi zdravstveni sustavi imaju adekvatne resurse za nabavku i distribuciju cjepiva, testiranje, lije\u010denje, osobnu za\u0161titnu opremu i adaptaciju i odr\u017eavanje zdravstvenih ustanova. Investicije u obrazovanje, digitalizaciju i druge infrastrukturne projekte, kao i zelene inicijative, tako\u0111er trebaju biti prioritet, obzirom da one mogu ubrzati neophodnu tranziciju ka manjoj ovisnosti od ugljika, kako zemlje budu izlazile iz pandemije.<\/p>\n\n\n\n<p>\/HMS\/<\/p>\n","protected":false},"excerpt":{"rendered":"<p>Bosna i Hercegovina je u pro\u0161loj godini do\u017eivjela veliki ekonomski pad zbog pandemije koronavirusa, a uz globalni napredak ove godine, o\u010dekuje se i postepeni oporavak zemlje. Ovo se navodi u redovitom izvje\u0161\u0107u Svjetske banke za Zapadni Balkan. Analiti\u010dari ove va\u017ene me\u0111unarodne financijske institucije navode kako politi\u010dki izazovi, usporen rast ekonomija Europske unije te dugo odga\u0111ane [&hellip;]<\/p>\n","protected":false},"author":2,"featured_media":18283,"comment_status":"closed","ping_status":"closed","sticky":false,"template":"","format":"standard","meta":{"h5ap_radio_sources":[],"footnotes":""},"categories":[1],"tags":[],"class_list":["post-18282","post","type-post","status-publish","format-standard","has-post-thumbnail","hentry","category-bihiregija"],"yoast_head":"<!-- This site is optimized with the Yoast SEO plugin v27.5 - https:\/\/yoast.com\/product\/yoast-seo-wordpress\/ -->\n<title>BiH je 2020. zahvatila najgora kriza zadnjih 25 godina, oporavak neizvjestan - RADIO LJUBU\u0160KI<\/title>\n<meta name=\"robots\" content=\"index, follow, max-snippet:-1, max-image-preview:large, max-video-preview:-1\" \/>\n<link rel=\"canonical\" href=\"https:\/\/radioljubuski.ba\/index.php\/2021\/05\/03\/bih-je-2020-zahvatila-najgora-kriza-zadnjih-25-godina-oporavak-neizvjestan\/\" \/>\n<meta property=\"og:locale\" content=\"hr_HR\" \/>\n<meta property=\"og:type\" content=\"article\" \/>\n<meta property=\"og:title\" content=\"BiH je 2020. zahvatila najgora kriza zadnjih 25 godina, oporavak neizvjestan - RADIO LJUBU\u0160KI\" \/>\n<meta property=\"og:description\" content=\"Bosna i Hercegovina je u pro\u0161loj godini do\u017eivjela veliki ekonomski pad zbog pandemije koronavirusa, a uz globalni napredak ove godine, o\u010dekuje se i postepeni oporavak zemlje. Ovo se navodi u redovitom izvje\u0161\u0107u Svjetske banke za Zapadni Balkan. Analiti\u010dari ove va\u017ene me\u0111unarodne financijske institucije navode kako politi\u010dki izazovi, usporen rast ekonomija Europske unije te dugo odga\u0111ane [&hellip;]\" \/>\n<meta property=\"og:url\" content=\"https:\/\/radioljubuski.ba\/index.php\/2021\/05\/03\/bih-je-2020-zahvatila-najgora-kriza-zadnjih-25-godina-oporavak-neizvjestan\/\" \/>\n<meta property=\"og:site_name\" content=\"RADIO LJUBU\u0160KI\" \/>\n<meta property=\"article:publisher\" content=\"https:\/\/www.facebook.com\/Radiio-Ljubuski-1490835324566332\" \/>\n<meta property=\"article:published_time\" content=\"2021-05-03T22:22:30+00:00\" \/>\n<meta property=\"article:modified_time\" content=\"2021-05-03T22:22:31+00:00\" \/>\n<meta property=\"og:image\" content=\"https:\/\/radioljubuski.ba\/wp-content\/uploads\/2021\/05\/Svjetska-banka.jpg\" \/>\n\t<meta property=\"og:image:width\" content=\"780\" \/>\n\t<meta property=\"og:image:height\" content=\"484\" \/>\n\t<meta property=\"og:image:type\" content=\"image\/jpeg\" \/>\n<meta name=\"author\" content=\"Radio Ljubu\u0161ki\" \/>\n<meta name=\"twitter:card\" content=\"summary_large_image\" \/>\n<meta name=\"twitter:creator\" content=\"@radioljubuski\" \/>\n<meta name=\"twitter:site\" content=\"@radioljubuski\" \/>\n<meta name=\"twitter:label1\" content=\"Napisao\/la\" \/>\n\t<meta name=\"twitter:data1\" content=\"Radio Ljubu\u0161ki\" \/>\n\t<meta name=\"twitter:label2\" content=\"Procijenjeno vrijeme \u010ditanja\" \/>\n\t<meta name=\"twitter:data2\" content=\"3 minute\" \/>\n<script type=\"application\/ld+json\" class=\"yoast-schema-graph\">{\"@context\":\"https:\\\/\\\/schema.org\",\"@graph\":[{\"@type\":\"Article\",\"@id\":\"https:\\\/\\\/radioljubuski.ba\\\/index.php\\\/2021\\\/05\\\/03\\\/bih-je-2020-zahvatila-najgora-kriza-zadnjih-25-godina-oporavak-neizvjestan\\\/#article\",\"isPartOf\":{\"@id\":\"https:\\\/\\\/radioljubuski.ba\\\/index.php\\\/2021\\\/05\\\/03\\\/bih-je-2020-zahvatila-najgora-kriza-zadnjih-25-godina-oporavak-neizvjestan\\\/\"},\"author\":{\"name\":\"Radio Ljubu\u0161ki\",\"@id\":\"https:\\\/\\\/radioljubuski.ba\\\/#\\\/schema\\\/person\\\/19fc700381a780f69665d7956c469e3b\"},\"headline\":\"BiH je 2020. zahvatila najgora kriza zadnjih 25 godina, oporavak neizvjestan\",\"datePublished\":\"2021-05-03T22:22:30+00:00\",\"dateModified\":\"2021-05-03T22:22:31+00:00\",\"mainEntityOfPage\":{\"@id\":\"https:\\\/\\\/radioljubuski.ba\\\/index.php\\\/2021\\\/05\\\/03\\\/bih-je-2020-zahvatila-najgora-kriza-zadnjih-25-godina-oporavak-neizvjestan\\\/\"},\"wordCount\":675,\"publisher\":{\"@id\":\"https:\\\/\\\/radioljubuski.ba\\\/#organization\"},\"image\":{\"@id\":\"https:\\\/\\\/radioljubuski.ba\\\/index.php\\\/2021\\\/05\\\/03\\\/bih-je-2020-zahvatila-najgora-kriza-zadnjih-25-godina-oporavak-neizvjestan\\\/#primaryimage\"},\"thumbnailUrl\":\"https:\\\/\\\/radioljubuski.ba\\\/wp-content\\\/uploads\\\/2021\\\/05\\\/Svjetska-banka.jpg\",\"articleSection\":[\"BIH i regija\"],\"inLanguage\":\"hr\"},{\"@type\":\"WebPage\",\"@id\":\"https:\\\/\\\/radioljubuski.ba\\\/index.php\\\/2021\\\/05\\\/03\\\/bih-je-2020-zahvatila-najgora-kriza-zadnjih-25-godina-oporavak-neizvjestan\\\/\",\"url\":\"https:\\\/\\\/radioljubuski.ba\\\/index.php\\\/2021\\\/05\\\/03\\\/bih-je-2020-zahvatila-najgora-kriza-zadnjih-25-godina-oporavak-neizvjestan\\\/\",\"name\":\"BiH je 2020. zahvatila najgora kriza zadnjih 25 godina, oporavak neizvjestan - RADIO LJUBU\u0160KI\",\"isPartOf\":{\"@id\":\"https:\\\/\\\/radioljubuski.ba\\\/#website\"},\"primaryImageOfPage\":{\"@id\":\"https:\\\/\\\/radioljubuski.ba\\\/index.php\\\/2021\\\/05\\\/03\\\/bih-je-2020-zahvatila-najgora-kriza-zadnjih-25-godina-oporavak-neizvjestan\\\/#primaryimage\"},\"image\":{\"@id\":\"https:\\\/\\\/radioljubuski.ba\\\/index.php\\\/2021\\\/05\\\/03\\\/bih-je-2020-zahvatila-najgora-kriza-zadnjih-25-godina-oporavak-neizvjestan\\\/#primaryimage\"},\"thumbnailUrl\":\"https:\\\/\\\/radioljubuski.ba\\\/wp-content\\\/uploads\\\/2021\\\/05\\\/Svjetska-banka.jpg\",\"datePublished\":\"2021-05-03T22:22:30+00:00\",\"dateModified\":\"2021-05-03T22:22:31+00:00\",\"breadcrumb\":{\"@id\":\"https:\\\/\\\/radioljubuski.ba\\\/index.php\\\/2021\\\/05\\\/03\\\/bih-je-2020-zahvatila-najgora-kriza-zadnjih-25-godina-oporavak-neizvjestan\\\/#breadcrumb\"},\"inLanguage\":\"hr\",\"potentialAction\":[{\"@type\":\"ReadAction\",\"target\":[\"https:\\\/\\\/radioljubuski.ba\\\/index.php\\\/2021\\\/05\\\/03\\\/bih-je-2020-zahvatila-najgora-kriza-zadnjih-25-godina-oporavak-neizvjestan\\\/\"]}]},{\"@type\":\"ImageObject\",\"inLanguage\":\"hr\",\"@id\":\"https:\\\/\\\/radioljubuski.ba\\\/index.php\\\/2021\\\/05\\\/03\\\/bih-je-2020-zahvatila-najgora-kriza-zadnjih-25-godina-oporavak-neizvjestan\\\/#primaryimage\",\"url\":\"https:\\\/\\\/radioljubuski.ba\\\/wp-content\\\/uploads\\\/2021\\\/05\\\/Svjetska-banka.jpg\",\"contentUrl\":\"https:\\\/\\\/radioljubuski.ba\\\/wp-content\\\/uploads\\\/2021\\\/05\\\/Svjetska-banka.jpg\",\"width\":780,\"height\":484},{\"@type\":\"BreadcrumbList\",\"@id\":\"https:\\\/\\\/radioljubuski.ba\\\/index.php\\\/2021\\\/05\\\/03\\\/bih-je-2020-zahvatila-najgora-kriza-zadnjih-25-godina-oporavak-neizvjestan\\\/#breadcrumb\",\"itemListElement\":[{\"@type\":\"ListItem\",\"position\":1,\"name\":\"Po\u010detna stranica\",\"item\":\"https:\\\/\\\/radioljubuski.ba\\\/\"},{\"@type\":\"ListItem\",\"position\":2,\"name\":\"BiH je 2020. zahvatila najgora kriza zadnjih 25 godina, oporavak neizvjestan\"}]},{\"@type\":\"WebSite\",\"@id\":\"https:\\\/\\\/radioljubuski.ba\\\/#website\",\"url\":\"https:\\\/\\\/radioljubuski.ba\\\/\",\"name\":\"Radio Ljubu\u0161ki\",\"description\":\"Sun\u010dana frekvencija Hercegovine\",\"publisher\":{\"@id\":\"https:\\\/\\\/radioljubuski.ba\\\/#organization\"},\"potentialAction\":[{\"@type\":\"SearchAction\",\"target\":{\"@type\":\"EntryPoint\",\"urlTemplate\":\"https:\\\/\\\/radioljubuski.ba\\\/?s={search_term_string}\"},\"query-input\":{\"@type\":\"PropertyValueSpecification\",\"valueRequired\":true,\"valueName\":\"search_term_string\"}}],\"inLanguage\":\"hr\"},{\"@type\":\"Organization\",\"@id\":\"https:\\\/\\\/radioljubuski.ba\\\/#organization\",\"name\":\"Radio Ljubu\u0161ki\",\"url\":\"https:\\\/\\\/radioljubuski.ba\\\/\",\"logo\":{\"@type\":\"ImageObject\",\"inLanguage\":\"hr\",\"@id\":\"https:\\\/\\\/radioljubuski.ba\\\/#\\\/schema\\\/logo\\\/image\\\/\",\"url\":\"https:\\\/\\\/radioljubuski.ba\\\/wp-content\\\/uploads\\\/2021\\\/02\\\/cropped-Radio_Ljubuski_logo1.jpg\",\"contentUrl\":\"https:\\\/\\\/radioljubuski.ba\\\/wp-content\\\/uploads\\\/2021\\\/02\\\/cropped-Radio_Ljubuski_logo1.jpg\",\"width\":512,\"height\":512,\"caption\":\"Radio Ljubu\u0161ki\"},\"image\":{\"@id\":\"https:\\\/\\\/radioljubuski.ba\\\/#\\\/schema\\\/logo\\\/image\\\/\"},\"sameAs\":[\"https:\\\/\\\/www.facebook.com\\\/Radiio-Ljubuski-1490835324566332\",\"https:\\\/\\\/x.com\\\/radioljubuski\",\"https:\\\/\\\/hr.linkedin.com\\\/company\\\/radio-ljubuski\",\"https:\\\/\\\/www.youtube.com\\\/channel\\\/UCHYaeO_n0Db3tjNGudGpXyw\"]},{\"@type\":\"Person\",\"@id\":\"https:\\\/\\\/radioljubuski.ba\\\/#\\\/schema\\\/person\\\/19fc700381a780f69665d7956c469e3b\",\"name\":\"Radio Ljubu\u0161ki\"}]}<\/script>\n<!-- \/ Yoast SEO plugin. -->","yoast_head_json":{"title":"BiH je 2020. zahvatila najgora kriza zadnjih 25 godina, oporavak neizvjestan - RADIO LJUBU\u0160KI","robots":{"index":"index","follow":"follow","max-snippet":"max-snippet:-1","max-image-preview":"max-image-preview:large","max-video-preview":"max-video-preview:-1"},"canonical":"https:\/\/radioljubuski.ba\/index.php\/2021\/05\/03\/bih-je-2020-zahvatila-najgora-kriza-zadnjih-25-godina-oporavak-neizvjestan\/","og_locale":"hr_HR","og_type":"article","og_title":"BiH je 2020. zahvatila najgora kriza zadnjih 25 godina, oporavak neizvjestan - RADIO LJUBU\u0160KI","og_description":"Bosna i Hercegovina je u pro\u0161loj godini do\u017eivjela veliki ekonomski pad zbog pandemije koronavirusa, a uz globalni napredak ove godine, o\u010dekuje se i postepeni oporavak zemlje. Ovo se navodi u redovitom izvje\u0161\u0107u Svjetske banke za Zapadni Balkan. Analiti\u010dari ove va\u017ene me\u0111unarodne financijske institucije navode kako politi\u010dki izazovi, usporen rast ekonomija Europske unije te dugo odga\u0111ane [&hellip;]","og_url":"https:\/\/radioljubuski.ba\/index.php\/2021\/05\/03\/bih-je-2020-zahvatila-najgora-kriza-zadnjih-25-godina-oporavak-neizvjestan\/","og_site_name":"RADIO LJUBU\u0160KI","article_publisher":"https:\/\/www.facebook.com\/Radiio-Ljubuski-1490835324566332","article_published_time":"2021-05-03T22:22:30+00:00","article_modified_time":"2021-05-03T22:22:31+00:00","og_image":[{"width":780,"height":484,"url":"https:\/\/radioljubuski.ba\/wp-content\/uploads\/2021\/05\/Svjetska-banka.jpg","type":"image\/jpeg"}],"author":"Radio Ljubu\u0161ki","twitter_card":"summary_large_image","twitter_creator":"@radioljubuski","twitter_site":"@radioljubuski","twitter_misc":{"Napisao\/la":"Radio Ljubu\u0161ki","Procijenjeno vrijeme \u010ditanja":"3 minute"},"schema":{"@context":"https:\/\/schema.org","@graph":[{"@type":"Article","@id":"https:\/\/radioljubuski.ba\/index.php\/2021\/05\/03\/bih-je-2020-zahvatila-najgora-kriza-zadnjih-25-godina-oporavak-neizvjestan\/#article","isPartOf":{"@id":"https:\/\/radioljubuski.ba\/index.php\/2021\/05\/03\/bih-je-2020-zahvatila-najgora-kriza-zadnjih-25-godina-oporavak-neizvjestan\/"},"author":{"name":"Radio Ljubu\u0161ki","@id":"https:\/\/radioljubuski.ba\/#\/schema\/person\/19fc700381a780f69665d7956c469e3b"},"headline":"BiH je 2020. zahvatila najgora kriza zadnjih 25 godina, oporavak neizvjestan","datePublished":"2021-05-03T22:22:30+00:00","dateModified":"2021-05-03T22:22:31+00:00","mainEntityOfPage":{"@id":"https:\/\/radioljubuski.ba\/index.php\/2021\/05\/03\/bih-je-2020-zahvatila-najgora-kriza-zadnjih-25-godina-oporavak-neizvjestan\/"},"wordCount":675,"publisher":{"@id":"https:\/\/radioljubuski.ba\/#organization"},"image":{"@id":"https:\/\/radioljubuski.ba\/index.php\/2021\/05\/03\/bih-je-2020-zahvatila-najgora-kriza-zadnjih-25-godina-oporavak-neizvjestan\/#primaryimage"},"thumbnailUrl":"https:\/\/radioljubuski.ba\/wp-content\/uploads\/2021\/05\/Svjetska-banka.jpg","articleSection":["BIH i regija"],"inLanguage":"hr"},{"@type":"WebPage","@id":"https:\/\/radioljubuski.ba\/index.php\/2021\/05\/03\/bih-je-2020-zahvatila-najgora-kriza-zadnjih-25-godina-oporavak-neizvjestan\/","url":"https:\/\/radioljubuski.ba\/index.php\/2021\/05\/03\/bih-je-2020-zahvatila-najgora-kriza-zadnjih-25-godina-oporavak-neizvjestan\/","name":"BiH je 2020. zahvatila najgora kriza zadnjih 25 godina, oporavak neizvjestan - RADIO LJUBU\u0160KI","isPartOf":{"@id":"https:\/\/radioljubuski.ba\/#website"},"primaryImageOfPage":{"@id":"https:\/\/radioljubuski.ba\/index.php\/2021\/05\/03\/bih-je-2020-zahvatila-najgora-kriza-zadnjih-25-godina-oporavak-neizvjestan\/#primaryimage"},"image":{"@id":"https:\/\/radioljubuski.ba\/index.php\/2021\/05\/03\/bih-je-2020-zahvatila-najgora-kriza-zadnjih-25-godina-oporavak-neizvjestan\/#primaryimage"},"thumbnailUrl":"https:\/\/radioljubuski.ba\/wp-content\/uploads\/2021\/05\/Svjetska-banka.jpg","datePublished":"2021-05-03T22:22:30+00:00","dateModified":"2021-05-03T22:22:31+00:00","breadcrumb":{"@id":"https:\/\/radioljubuski.ba\/index.php\/2021\/05\/03\/bih-je-2020-zahvatila-najgora-kriza-zadnjih-25-godina-oporavak-neizvjestan\/#breadcrumb"},"inLanguage":"hr","potentialAction":[{"@type":"ReadAction","target":["https:\/\/radioljubuski.ba\/index.php\/2021\/05\/03\/bih-je-2020-zahvatila-najgora-kriza-zadnjih-25-godina-oporavak-neizvjestan\/"]}]},{"@type":"ImageObject","inLanguage":"hr","@id":"https:\/\/radioljubuski.ba\/index.php\/2021\/05\/03\/bih-je-2020-zahvatila-najgora-kriza-zadnjih-25-godina-oporavak-neizvjestan\/#primaryimage","url":"https:\/\/radioljubuski.ba\/wp-content\/uploads\/2021\/05\/Svjetska-banka.jpg","contentUrl":"https:\/\/radioljubuski.ba\/wp-content\/uploads\/2021\/05\/Svjetska-banka.jpg","width":780,"height":484},{"@type":"BreadcrumbList","@id":"https:\/\/radioljubuski.ba\/index.php\/2021\/05\/03\/bih-je-2020-zahvatila-najgora-kriza-zadnjih-25-godina-oporavak-neizvjestan\/#breadcrumb","itemListElement":[{"@type":"ListItem","position":1,"name":"Po\u010detna stranica","item":"https:\/\/radioljubuski.ba\/"},{"@type":"ListItem","position":2,"name":"BiH je 2020. zahvatila najgora kriza zadnjih 25 godina, oporavak neizvjestan"}]},{"@type":"WebSite","@id":"https:\/\/radioljubuski.ba\/#website","url":"https:\/\/radioljubuski.ba\/","name":"Radio Ljubu\u0161ki","description":"Sun\u010dana frekvencija Hercegovine","publisher":{"@id":"https:\/\/radioljubuski.ba\/#organization"},"potentialAction":[{"@type":"SearchAction","target":{"@type":"EntryPoint","urlTemplate":"https:\/\/radioljubuski.ba\/?s={search_term_string}"},"query-input":{"@type":"PropertyValueSpecification","valueRequired":true,"valueName":"search_term_string"}}],"inLanguage":"hr"},{"@type":"Organization","@id":"https:\/\/radioljubuski.ba\/#organization","name":"Radio Ljubu\u0161ki","url":"https:\/\/radioljubuski.ba\/","logo":{"@type":"ImageObject","inLanguage":"hr","@id":"https:\/\/radioljubuski.ba\/#\/schema\/logo\/image\/","url":"https:\/\/radioljubuski.ba\/wp-content\/uploads\/2021\/02\/cropped-Radio_Ljubuski_logo1.jpg","contentUrl":"https:\/\/radioljubuski.ba\/wp-content\/uploads\/2021\/02\/cropped-Radio_Ljubuski_logo1.jpg","width":512,"height":512,"caption":"Radio Ljubu\u0161ki"},"image":{"@id":"https:\/\/radioljubuski.ba\/#\/schema\/logo\/image\/"},"sameAs":["https:\/\/www.facebook.com\/Radiio-Ljubuski-1490835324566332","https:\/\/x.com\/radioljubuski","https:\/\/hr.linkedin.com\/company\/radio-ljubuski","https:\/\/www.youtube.com\/channel\/UCHYaeO_n0Db3tjNGudGpXyw"]},{"@type":"Person","@id":"https:\/\/radioljubuski.ba\/#\/schema\/person\/19fc700381a780f69665d7956c469e3b","name":"Radio Ljubu\u0161ki"}]}},"_links":{"self":[{"href":"https:\/\/radioljubuski.ba\/index.php\/wp-json\/wp\/v2\/posts\/18282","targetHints":{"allow":["GET"]}}],"collection":[{"href":"https:\/\/radioljubuski.ba\/index.php\/wp-json\/wp\/v2\/posts"}],"about":[{"href":"https:\/\/radioljubuski.ba\/index.php\/wp-json\/wp\/v2\/types\/post"}],"author":[{"embeddable":true,"href":"https:\/\/radioljubuski.ba\/index.php\/wp-json\/wp\/v2\/users\/2"}],"replies":[{"embeddable":true,"href":"https:\/\/radioljubuski.ba\/index.php\/wp-json\/wp\/v2\/comments?post=18282"}],"version-history":[{"count":1,"href":"https:\/\/radioljubuski.ba\/index.php\/wp-json\/wp\/v2\/posts\/18282\/revisions"}],"predecessor-version":[{"id":18284,"href":"https:\/\/radioljubuski.ba\/index.php\/wp-json\/wp\/v2\/posts\/18282\/revisions\/18284"}],"wp:featuredmedia":[{"embeddable":true,"href":"https:\/\/radioljubuski.ba\/index.php\/wp-json\/wp\/v2\/media\/18283"}],"wp:attachment":[{"href":"https:\/\/radioljubuski.ba\/index.php\/wp-json\/wp\/v2\/media?parent=18282"}],"wp:term":[{"taxonomy":"category","embeddable":true,"href":"https:\/\/radioljubuski.ba\/index.php\/wp-json\/wp\/v2\/categories?post=18282"},{"taxonomy":"post_tag","embeddable":true,"href":"https:\/\/radioljubuski.ba\/index.php\/wp-json\/wp\/v2\/tags?post=18282"}],"curies":[{"name":"wp","href":"https:\/\/api.w.org\/{rel}","templated":true}]}}