{"id":182995,"date":"2022-09-22T18:02:16","date_gmt":"2022-09-22T17:02:16","guid":{"rendered":"https:\/\/radioljubuski.ba\/?p=182995"},"modified":"2022-09-22T18:02:17","modified_gmt":"2022-09-22T17:02:17","slug":"na-zlatnoj-lopti-i-dodjela-nagrade-socrates","status":"publish","type":"post","link":"https:\/\/radioljubuski.ba\/index.php\/2022\/09\/22\/na-zlatnoj-lopti-i-dodjela-nagrade-socrates\/","title":{"rendered":"Na &#8220;Zlatnoj lopti&#8221; i dodjela nagrade &#8220;Socrates&#8221;"},"content":{"rendered":"\n<p><strong>Na ovogodi\u0161njem, 66. izdanju sve\u010danosti dodjele &#8220;Zlatne lopte&#8221; magazina France Football, koja \u0107e se odr\u017eati 17. listopada u pari\u0161kom kazali\u0161tu Chatelet, prvi put dodijelit \u0107e se i nagrada &#8220;Prix Socrates&#8221; za dru\u0161tvenu predanost nogometa\u0161a.<\/strong><strong><\/strong><\/p>\n\n\n\n<p>Nagradu Socrates, nazvanu po legendi brazilskog nogometa, lije\u010dniku, filozofu i predanom gra\u0111aninu koji je umro 2011. godine, osnovala je monega\u0161ka nevladina organizacija Peace&amp;Sport, koja se zala\u017ee za mir kroz sport.<\/p>\n\n\n\n<p>&#8211; Socrates ostaje simbol prvaka posve\u0107enog pravednijem svijetu. Socrates je oduvijek vjerovao u mobiliziraju\u0107u i transformativnu mo\u0107 sporta kako bi dru\u0161tvo u\u010dinio egalitarnijim. Nakon svoje karijere ostao je vrlo aktivan, podr\u017eavaju\u0107i brazilsku mlade\u017e kroz nekoliko dru\u0161tvenih institucija. Gotovo jedanaest godina nakon njegove smrti, on ostaje simbolom prvaka posve\u0107enog pravednijem svijetu, poru\u010dili su iz organizacije.<\/p>\n\n\n\n<p>&#8211; \u017deljeli smo stvoriti nagradu koja pozdravlja \u010desto nevidljivi rad nogometa\u0161a, koji se sastoji od podr\u017eavanja inicijativa u korist dru\u0161tvene integracije, razvoja okoli\u0161a ili pomo\u0107i populaciji u velikoj nesigurnosti ili \u017ertvama sukoba, dodao je&nbsp;<strong>Jerome&nbsp;Cazadieu<\/strong>, direktor uredni\u0161tva L&#8217; Equipe i France Football.<\/p>\n\n\n\n<p>Trofej \u0107e biti dodijeljen nogometa\u0161u 17. listopada tijekom ceremonije 66. Ballon d&#8217;Or.<\/p>\n\n\n\n<blockquote class=\"twitter-tweet\"><p lang=\"en\" dir=\"ltr\">The <a href=\"https:\/\/twitter.com\/lequipe?ref_src=twsrc%5Etfw\">@lequipe<\/a> group is partnering with <a href=\"https:\/\/twitter.com\/peaceandsport?ref_src=twsrc%5Etfw\">@peaceandsport<\/a> for the creation of a societal award as part of the Ballon d&#39;Or ceremony: the Socrates Award<a href=\"https:\/\/twitter.com\/hashtag\/ballondor?src=hash&amp;ref_src=twsrc%5Etfw\">#ballondor<\/a> <a href=\"https:\/\/t.co\/Q4PbtTAvSD\">pic.twitter.com\/Q4PbtTAvSD<\/a><\/p>&mdash; Ballon d&#39;Or #ballondor (@francefootball) <a href=\"https:\/\/twitter.com\/francefootball\/status\/1572466805125574656?ref_src=twsrc%5Etfw\">September 21, 2022<\/a><\/blockquote> <script async src=\"https:\/\/platform.twitter.com\/widgets.js\" charset=\"utf-8\"><\/script>\n\n\n\n<p>Ove godine \u0107e se na sve\u010danosti dodijeliti \u010dak sedam nagrada. Uz Socratesovu nagradu, dijelit \u0107e se i Zlatne lopte za najboljeg nogometa\u0161a i nogometa\u0161icu, zatim Kopa trofej za najboljeg igra\u010da do 21 godine, Ja\u0161in trofej za najboljeg golmana, Gerd Muller Trophy za napada\u010da godine te Nagrada za klub godine.<\/p>\n\n\n\n<p>Ballon d&#8217;Or je godi\u0161nja nogometna nagrada koju dodjeljuje francuski \u010dasopis France Football od 1956. Izme\u0111u 2010. i 2015., nagrada je privremeno spojena s FIFA-inim svjetskim igra\u010dem godine, poznatom kao FIFA Ballon d&#8217;Or. Njihova suradnja je zavr\u0161ila 2016. Od tada Frane Football ponovo ima svoju (Ballon d&#8217;Or), a FIFA svoju (The Best FIFA Player) nagradu.<\/p>\n\n\n\n<p>Prvi osvaja\u010d &#8220;Zlatne lopte&#8221; bio je Englez&nbsp;<strong>Stanley&nbsp;Matthews<\/strong>, a jedini hrvatski nogometa\u0161 koji je dobio ovu presti\u017enu nagradu bio je&nbsp;<strong>Luka&nbsp;Modri\u0107&nbsp;<\/strong>2018. godine.<\/p>\n\n\n\n<p>Izvor:hrt.hr<\/p>\n","protected":false},"excerpt":{"rendered":"<p>Na ovogodi\u0161njem, 66. izdanju sve\u010danosti dodjele &#8220;Zlatne lopte&#8221; magazina France Football, koja \u0107e se odr\u017eati 17. listopada u pari\u0161kom kazali\u0161tu Chatelet, prvi put dodijelit \u0107e se i nagrada &#8220;Prix Socrates&#8221; za dru\u0161tvenu predanost nogometa\u0161a. Nagradu Socrates, nazvanu po legendi brazilskog nogometa, lije\u010dniku, filozofu i predanom gra\u0111aninu koji je umro 2011. godine, osnovala je monega\u0161ka nevladina [&hellip;]<\/p>\n","protected":false},"author":2,"featured_media":182996,"comment_status":"closed","ping_status":"closed","sticky":false,"template":"","format":"standard","meta":{"h5ap_radio_sources":[],"footnotes":""},"categories":[7],"tags":[],"class_list":["post-182995","post","type-post","status-publish","format-standard","has-post-thumbnail","hentry","category-sport"],"yoast_head":"<!-- This site is optimized with the Yoast SEO plugin v27.5 - https:\/\/yoast.com\/product\/yoast-seo-wordpress\/ -->\n<title>Na &quot;Zlatnoj lopti&quot; i dodjela nagrade &quot;Socrates&quot; - RADIO LJUBU\u0160KI<\/title>\n<meta name=\"robots\" content=\"index, follow, max-snippet:-1, max-image-preview:large, max-video-preview:-1\" \/>\n<link rel=\"canonical\" href=\"https:\/\/radioljubuski.ba\/index.php\/2022\/09\/22\/na-zlatnoj-lopti-i-dodjela-nagrade-socrates\/\" \/>\n<meta property=\"og:locale\" content=\"hr_HR\" \/>\n<meta property=\"og:type\" content=\"article\" \/>\n<meta property=\"og:title\" content=\"Na &quot;Zlatnoj lopti&quot; i dodjela nagrade &quot;Socrates&quot; - RADIO LJUBU\u0160KI\" \/>\n<meta property=\"og:description\" content=\"Na ovogodi\u0161njem, 66. izdanju sve\u010danosti dodjele &#8220;Zlatne lopte&#8221; magazina France Football, koja \u0107e se odr\u017eati 17. listopada u pari\u0161kom kazali\u0161tu Chatelet, prvi put dodijelit \u0107e se i nagrada &#8220;Prix Socrates&#8221; za dru\u0161tvenu predanost nogometa\u0161a. Nagradu Socrates, nazvanu po legendi brazilskog nogometa, lije\u010dniku, filozofu i predanom gra\u0111aninu koji je umro 2011. godine, osnovala je monega\u0161ka nevladina [&hellip;]\" \/>\n<meta property=\"og:url\" content=\"https:\/\/radioljubuski.ba\/index.php\/2022\/09\/22\/na-zlatnoj-lopti-i-dodjela-nagrade-socrates\/\" \/>\n<meta property=\"og:site_name\" content=\"RADIO LJUBU\u0160KI\" \/>\n<meta property=\"article:publisher\" content=\"https:\/\/www.facebook.com\/Radiio-Ljubuski-1490835324566332\" \/>\n<meta property=\"article:published_time\" content=\"2022-09-22T17:02:16+00:00\" \/>\n<meta property=\"article:modified_time\" content=\"2022-09-22T17:02:17+00:00\" \/>\n<meta property=\"og:image\" content=\"https:\/\/radioljubuski.ba\/wp-content\/uploads\/2022\/09\/preuzmi-21.jpg\" \/>\n\t<meta property=\"og:image:width\" content=\"327\" \/>\n\t<meta property=\"og:image:height\" content=\"154\" \/>\n\t<meta property=\"og:image:type\" content=\"image\/jpeg\" \/>\n<meta name=\"author\" content=\"Radio Ljubu\u0161ki\" \/>\n<meta name=\"twitter:card\" content=\"summary_large_image\" \/>\n<meta name=\"twitter:creator\" content=\"@radioljubuski\" \/>\n<meta name=\"twitter:site\" content=\"@radioljubuski\" \/>\n<meta name=\"twitter:label1\" content=\"Napisao\/la\" \/>\n\t<meta name=\"twitter:data1\" content=\"Radio Ljubu\u0161ki\" \/>\n\t<meta name=\"twitter:label2\" content=\"Procijenjeno vrijeme \u010ditanja\" \/>\n\t<meta name=\"twitter:data2\" content=\"2 minute\" \/>\n<script type=\"application\/ld+json\" class=\"yoast-schema-graph\">{\"@context\":\"https:\\\/\\\/schema.org\",\"@graph\":[{\"@type\":\"Article\",\"@id\":\"https:\\\/\\\/radioljubuski.ba\\\/index.php\\\/2022\\\/09\\\/22\\\/na-zlatnoj-lopti-i-dodjela-nagrade-socrates\\\/#article\",\"isPartOf\":{\"@id\":\"https:\\\/\\\/radioljubuski.ba\\\/index.php\\\/2022\\\/09\\\/22\\\/na-zlatnoj-lopti-i-dodjela-nagrade-socrates\\\/\"},\"author\":{\"name\":\"Radio Ljubu\u0161ki\",\"@id\":\"https:\\\/\\\/radioljubuski.ba\\\/#\\\/schema\\\/person\\\/19fc700381a780f69665d7956c469e3b\"},\"headline\":\"Na &#8220;Zlatnoj lopti&#8221; i dodjela nagrade &#8220;Socrates&#8221;\",\"datePublished\":\"2022-09-22T17:02:16+00:00\",\"dateModified\":\"2022-09-22T17:02:17+00:00\",\"mainEntityOfPage\":{\"@id\":\"https:\\\/\\\/radioljubuski.ba\\\/index.php\\\/2022\\\/09\\\/22\\\/na-zlatnoj-lopti-i-dodjela-nagrade-socrates\\\/\"},\"wordCount\":389,\"publisher\":{\"@id\":\"https:\\\/\\\/radioljubuski.ba\\\/#organization\"},\"image\":{\"@id\":\"https:\\\/\\\/radioljubuski.ba\\\/index.php\\\/2022\\\/09\\\/22\\\/na-zlatnoj-lopti-i-dodjela-nagrade-socrates\\\/#primaryimage\"},\"thumbnailUrl\":\"https:\\\/\\\/radioljubuski.ba\\\/wp-content\\\/uploads\\\/2022\\\/09\\\/preuzmi-21.jpg\",\"articleSection\":[\"\u0160port\"],\"inLanguage\":\"hr\"},{\"@type\":\"WebPage\",\"@id\":\"https:\\\/\\\/radioljubuski.ba\\\/index.php\\\/2022\\\/09\\\/22\\\/na-zlatnoj-lopti-i-dodjela-nagrade-socrates\\\/\",\"url\":\"https:\\\/\\\/radioljubuski.ba\\\/index.php\\\/2022\\\/09\\\/22\\\/na-zlatnoj-lopti-i-dodjela-nagrade-socrates\\\/\",\"name\":\"Na \\\"Zlatnoj lopti\\\" i dodjela nagrade \\\"Socrates\\\" - RADIO LJUBU\u0160KI\",\"isPartOf\":{\"@id\":\"https:\\\/\\\/radioljubuski.ba\\\/#website\"},\"primaryImageOfPage\":{\"@id\":\"https:\\\/\\\/radioljubuski.ba\\\/index.php\\\/2022\\\/09\\\/22\\\/na-zlatnoj-lopti-i-dodjela-nagrade-socrates\\\/#primaryimage\"},\"image\":{\"@id\":\"https:\\\/\\\/radioljubuski.ba\\\/index.php\\\/2022\\\/09\\\/22\\\/na-zlatnoj-lopti-i-dodjela-nagrade-socrates\\\/#primaryimage\"},\"thumbnailUrl\":\"https:\\\/\\\/radioljubuski.ba\\\/wp-content\\\/uploads\\\/2022\\\/09\\\/preuzmi-21.jpg\",\"datePublished\":\"2022-09-22T17:02:16+00:00\",\"dateModified\":\"2022-09-22T17:02:17+00:00\",\"breadcrumb\":{\"@id\":\"https:\\\/\\\/radioljubuski.ba\\\/index.php\\\/2022\\\/09\\\/22\\\/na-zlatnoj-lopti-i-dodjela-nagrade-socrates\\\/#breadcrumb\"},\"inLanguage\":\"hr\",\"potentialAction\":[{\"@type\":\"ReadAction\",\"target\":[\"https:\\\/\\\/radioljubuski.ba\\\/index.php\\\/2022\\\/09\\\/22\\\/na-zlatnoj-lopti-i-dodjela-nagrade-socrates\\\/\"]}]},{\"@type\":\"ImageObject\",\"inLanguage\":\"hr\",\"@id\":\"https:\\\/\\\/radioljubuski.ba\\\/index.php\\\/2022\\\/09\\\/22\\\/na-zlatnoj-lopti-i-dodjela-nagrade-socrates\\\/#primaryimage\",\"url\":\"https:\\\/\\\/radioljubuski.ba\\\/wp-content\\\/uploads\\\/2022\\\/09\\\/preuzmi-21.jpg\",\"contentUrl\":\"https:\\\/\\\/radioljubuski.ba\\\/wp-content\\\/uploads\\\/2022\\\/09\\\/preuzmi-21.jpg\",\"width\":327,\"height\":154},{\"@type\":\"BreadcrumbList\",\"@id\":\"https:\\\/\\\/radioljubuski.ba\\\/index.php\\\/2022\\\/09\\\/22\\\/na-zlatnoj-lopti-i-dodjela-nagrade-socrates\\\/#breadcrumb\",\"itemListElement\":[{\"@type\":\"ListItem\",\"position\":1,\"name\":\"Po\u010detna stranica\",\"item\":\"https:\\\/\\\/radioljubuski.ba\\\/\"},{\"@type\":\"ListItem\",\"position\":2,\"name\":\"Na &#8220;Zlatnoj lopti&#8221; i dodjela nagrade &#8220;Socrates&#8221;\"}]},{\"@type\":\"WebSite\",\"@id\":\"https:\\\/\\\/radioljubuski.ba\\\/#website\",\"url\":\"https:\\\/\\\/radioljubuski.ba\\\/\",\"name\":\"Radio Ljubu\u0161ki\",\"description\":\"Sun\u010dana frekvencija Hercegovine\",\"publisher\":{\"@id\":\"https:\\\/\\\/radioljubuski.ba\\\/#organization\"},\"potentialAction\":[{\"@type\":\"SearchAction\",\"target\":{\"@type\":\"EntryPoint\",\"urlTemplate\":\"https:\\\/\\\/radioljubuski.ba\\\/?s={search_term_string}\"},\"query-input\":{\"@type\":\"PropertyValueSpecification\",\"valueRequired\":true,\"valueName\":\"search_term_string\"}}],\"inLanguage\":\"hr\"},{\"@type\":\"Organization\",\"@id\":\"https:\\\/\\\/radioljubuski.ba\\\/#organization\",\"name\":\"Radio Ljubu\u0161ki\",\"url\":\"https:\\\/\\\/radioljubuski.ba\\\/\",\"logo\":{\"@type\":\"ImageObject\",\"inLanguage\":\"hr\",\"@id\":\"https:\\\/\\\/radioljubuski.ba\\\/#\\\/schema\\\/logo\\\/image\\\/\",\"url\":\"https:\\\/\\\/radioljubuski.ba\\\/wp-content\\\/uploads\\\/2021\\\/02\\\/cropped-Radio_Ljubuski_logo1.jpg\",\"contentUrl\":\"https:\\\/\\\/radioljubuski.ba\\\/wp-content\\\/uploads\\\/2021\\\/02\\\/cropped-Radio_Ljubuski_logo1.jpg\",\"width\":512,\"height\":512,\"caption\":\"Radio Ljubu\u0161ki\"},\"image\":{\"@id\":\"https:\\\/\\\/radioljubuski.ba\\\/#\\\/schema\\\/logo\\\/image\\\/\"},\"sameAs\":[\"https:\\\/\\\/www.facebook.com\\\/Radiio-Ljubuski-1490835324566332\",\"https:\\\/\\\/x.com\\\/radioljubuski\",\"https:\\\/\\\/hr.linkedin.com\\\/company\\\/radio-ljubuski\",\"https:\\\/\\\/www.youtube.com\\\/channel\\\/UCHYaeO_n0Db3tjNGudGpXyw\"]},{\"@type\":\"Person\",\"@id\":\"https:\\\/\\\/radioljubuski.ba\\\/#\\\/schema\\\/person\\\/19fc700381a780f69665d7956c469e3b\",\"name\":\"Radio Ljubu\u0161ki\"}]}<\/script>\n<!-- \/ Yoast SEO plugin. -->","yoast_head_json":{"title":"Na \"Zlatnoj lopti\" i dodjela nagrade \"Socrates\" - RADIO LJUBU\u0160KI","robots":{"index":"index","follow":"follow","max-snippet":"max-snippet:-1","max-image-preview":"max-image-preview:large","max-video-preview":"max-video-preview:-1"},"canonical":"https:\/\/radioljubuski.ba\/index.php\/2022\/09\/22\/na-zlatnoj-lopti-i-dodjela-nagrade-socrates\/","og_locale":"hr_HR","og_type":"article","og_title":"Na \"Zlatnoj lopti\" i dodjela nagrade \"Socrates\" - RADIO LJUBU\u0160KI","og_description":"Na ovogodi\u0161njem, 66. izdanju sve\u010danosti dodjele &#8220;Zlatne lopte&#8221; magazina France Football, koja \u0107e se odr\u017eati 17. listopada u pari\u0161kom kazali\u0161tu Chatelet, prvi put dodijelit \u0107e se i nagrada &#8220;Prix Socrates&#8221; za dru\u0161tvenu predanost nogometa\u0161a. Nagradu Socrates, nazvanu po legendi brazilskog nogometa, lije\u010dniku, filozofu i predanom gra\u0111aninu koji je umro 2011. godine, osnovala je monega\u0161ka nevladina [&hellip;]","og_url":"https:\/\/radioljubuski.ba\/index.php\/2022\/09\/22\/na-zlatnoj-lopti-i-dodjela-nagrade-socrates\/","og_site_name":"RADIO LJUBU\u0160KI","article_publisher":"https:\/\/www.facebook.com\/Radiio-Ljubuski-1490835324566332","article_published_time":"2022-09-22T17:02:16+00:00","article_modified_time":"2022-09-22T17:02:17+00:00","og_image":[{"width":327,"height":154,"url":"https:\/\/radioljubuski.ba\/wp-content\/uploads\/2022\/09\/preuzmi-21.jpg","type":"image\/jpeg"}],"author":"Radio Ljubu\u0161ki","twitter_card":"summary_large_image","twitter_creator":"@radioljubuski","twitter_site":"@radioljubuski","twitter_misc":{"Napisao\/la":"Radio Ljubu\u0161ki","Procijenjeno vrijeme \u010ditanja":"2 minute"},"schema":{"@context":"https:\/\/schema.org","@graph":[{"@type":"Article","@id":"https:\/\/radioljubuski.ba\/index.php\/2022\/09\/22\/na-zlatnoj-lopti-i-dodjela-nagrade-socrates\/#article","isPartOf":{"@id":"https:\/\/radioljubuski.ba\/index.php\/2022\/09\/22\/na-zlatnoj-lopti-i-dodjela-nagrade-socrates\/"},"author":{"name":"Radio Ljubu\u0161ki","@id":"https:\/\/radioljubuski.ba\/#\/schema\/person\/19fc700381a780f69665d7956c469e3b"},"headline":"Na &#8220;Zlatnoj lopti&#8221; i dodjela nagrade &#8220;Socrates&#8221;","datePublished":"2022-09-22T17:02:16+00:00","dateModified":"2022-09-22T17:02:17+00:00","mainEntityOfPage":{"@id":"https:\/\/radioljubuski.ba\/index.php\/2022\/09\/22\/na-zlatnoj-lopti-i-dodjela-nagrade-socrates\/"},"wordCount":389,"publisher":{"@id":"https:\/\/radioljubuski.ba\/#organization"},"image":{"@id":"https:\/\/radioljubuski.ba\/index.php\/2022\/09\/22\/na-zlatnoj-lopti-i-dodjela-nagrade-socrates\/#primaryimage"},"thumbnailUrl":"https:\/\/radioljubuski.ba\/wp-content\/uploads\/2022\/09\/preuzmi-21.jpg","articleSection":["\u0160port"],"inLanguage":"hr"},{"@type":"WebPage","@id":"https:\/\/radioljubuski.ba\/index.php\/2022\/09\/22\/na-zlatnoj-lopti-i-dodjela-nagrade-socrates\/","url":"https:\/\/radioljubuski.ba\/index.php\/2022\/09\/22\/na-zlatnoj-lopti-i-dodjela-nagrade-socrates\/","name":"Na \"Zlatnoj lopti\" i dodjela nagrade \"Socrates\" - RADIO LJUBU\u0160KI","isPartOf":{"@id":"https:\/\/radioljubuski.ba\/#website"},"primaryImageOfPage":{"@id":"https:\/\/radioljubuski.ba\/index.php\/2022\/09\/22\/na-zlatnoj-lopti-i-dodjela-nagrade-socrates\/#primaryimage"},"image":{"@id":"https:\/\/radioljubuski.ba\/index.php\/2022\/09\/22\/na-zlatnoj-lopti-i-dodjela-nagrade-socrates\/#primaryimage"},"thumbnailUrl":"https:\/\/radioljubuski.ba\/wp-content\/uploads\/2022\/09\/preuzmi-21.jpg","datePublished":"2022-09-22T17:02:16+00:00","dateModified":"2022-09-22T17:02:17+00:00","breadcrumb":{"@id":"https:\/\/radioljubuski.ba\/index.php\/2022\/09\/22\/na-zlatnoj-lopti-i-dodjela-nagrade-socrates\/#breadcrumb"},"inLanguage":"hr","potentialAction":[{"@type":"ReadAction","target":["https:\/\/radioljubuski.ba\/index.php\/2022\/09\/22\/na-zlatnoj-lopti-i-dodjela-nagrade-socrates\/"]}]},{"@type":"ImageObject","inLanguage":"hr","@id":"https:\/\/radioljubuski.ba\/index.php\/2022\/09\/22\/na-zlatnoj-lopti-i-dodjela-nagrade-socrates\/#primaryimage","url":"https:\/\/radioljubuski.ba\/wp-content\/uploads\/2022\/09\/preuzmi-21.jpg","contentUrl":"https:\/\/radioljubuski.ba\/wp-content\/uploads\/2022\/09\/preuzmi-21.jpg","width":327,"height":154},{"@type":"BreadcrumbList","@id":"https:\/\/radioljubuski.ba\/index.php\/2022\/09\/22\/na-zlatnoj-lopti-i-dodjela-nagrade-socrates\/#breadcrumb","itemListElement":[{"@type":"ListItem","position":1,"name":"Po\u010detna stranica","item":"https:\/\/radioljubuski.ba\/"},{"@type":"ListItem","position":2,"name":"Na &#8220;Zlatnoj lopti&#8221; i dodjela nagrade &#8220;Socrates&#8221;"}]},{"@type":"WebSite","@id":"https:\/\/radioljubuski.ba\/#website","url":"https:\/\/radioljubuski.ba\/","name":"Radio Ljubu\u0161ki","description":"Sun\u010dana frekvencija Hercegovine","publisher":{"@id":"https:\/\/radioljubuski.ba\/#organization"},"potentialAction":[{"@type":"SearchAction","target":{"@type":"EntryPoint","urlTemplate":"https:\/\/radioljubuski.ba\/?s={search_term_string}"},"query-input":{"@type":"PropertyValueSpecification","valueRequired":true,"valueName":"search_term_string"}}],"inLanguage":"hr"},{"@type":"Organization","@id":"https:\/\/radioljubuski.ba\/#organization","name":"Radio Ljubu\u0161ki","url":"https:\/\/radioljubuski.ba\/","logo":{"@type":"ImageObject","inLanguage":"hr","@id":"https:\/\/radioljubuski.ba\/#\/schema\/logo\/image\/","url":"https:\/\/radioljubuski.ba\/wp-content\/uploads\/2021\/02\/cropped-Radio_Ljubuski_logo1.jpg","contentUrl":"https:\/\/radioljubuski.ba\/wp-content\/uploads\/2021\/02\/cropped-Radio_Ljubuski_logo1.jpg","width":512,"height":512,"caption":"Radio Ljubu\u0161ki"},"image":{"@id":"https:\/\/radioljubuski.ba\/#\/schema\/logo\/image\/"},"sameAs":["https:\/\/www.facebook.com\/Radiio-Ljubuski-1490835324566332","https:\/\/x.com\/radioljubuski","https:\/\/hr.linkedin.com\/company\/radio-ljubuski","https:\/\/www.youtube.com\/channel\/UCHYaeO_n0Db3tjNGudGpXyw"]},{"@type":"Person","@id":"https:\/\/radioljubuski.ba\/#\/schema\/person\/19fc700381a780f69665d7956c469e3b","name":"Radio Ljubu\u0161ki"}]}},"_links":{"self":[{"href":"https:\/\/radioljubuski.ba\/index.php\/wp-json\/wp\/v2\/posts\/182995","targetHints":{"allow":["GET"]}}],"collection":[{"href":"https:\/\/radioljubuski.ba\/index.php\/wp-json\/wp\/v2\/posts"}],"about":[{"href":"https:\/\/radioljubuski.ba\/index.php\/wp-json\/wp\/v2\/types\/post"}],"author":[{"embeddable":true,"href":"https:\/\/radioljubuski.ba\/index.php\/wp-json\/wp\/v2\/users\/2"}],"replies":[{"embeddable":true,"href":"https:\/\/radioljubuski.ba\/index.php\/wp-json\/wp\/v2\/comments?post=182995"}],"version-history":[{"count":1,"href":"https:\/\/radioljubuski.ba\/index.php\/wp-json\/wp\/v2\/posts\/182995\/revisions"}],"predecessor-version":[{"id":182997,"href":"https:\/\/radioljubuski.ba\/index.php\/wp-json\/wp\/v2\/posts\/182995\/revisions\/182997"}],"wp:featuredmedia":[{"embeddable":true,"href":"https:\/\/radioljubuski.ba\/index.php\/wp-json\/wp\/v2\/media\/182996"}],"wp:attachment":[{"href":"https:\/\/radioljubuski.ba\/index.php\/wp-json\/wp\/v2\/media?parent=182995"}],"wp:term":[{"taxonomy":"category","embeddable":true,"href":"https:\/\/radioljubuski.ba\/index.php\/wp-json\/wp\/v2\/categories?post=182995"},{"taxonomy":"post_tag","embeddable":true,"href":"https:\/\/radioljubuski.ba\/index.php\/wp-json\/wp\/v2\/tags?post=182995"}],"curies":[{"name":"wp","href":"https:\/\/api.w.org\/{rel}","templated":true}]}}