{"id":18300,"date":"2021-05-03T23:34:53","date_gmt":"2021-05-03T22:34:53","guid":{"rendered":"https:\/\/radioljubuski.ba\/?p=18300"},"modified":"2021-05-03T23:34:54","modified_gmt":"2021-05-03T22:34:54","slug":"uoci-zdrijeba-za-ehf-euro-hrvatska-u-prvoj-jakosnoj-skupini","status":"publish","type":"post","link":"https:\/\/radioljubuski.ba\/index.php\/2021\/05\/03\/uoci-zdrijeba-za-ehf-euro-hrvatska-u-prvoj-jakosnoj-skupini\/","title":{"rendered":"Uo\u010di \u017edrijeba za EHF Euro: Hrvatska u prvoj jakosnoj skupini"},"content":{"rendered":"\n<p><strong>Hrvatska mu\u0161ka rukometna reprezentacija bit \u0107e nositelj u \u017edrijebu skupina za Europsko prvenstvo 2022. godine.<\/strong><\/p>\n\n\n\n<p>Doma\u0107ini Eura su Slova\u010dka i Ma\u0111arska, a uo\u010di \u017edrijeba skupina koji \u0107e se odr\u017eati 6. svibnja u Budimpe\u0161ti, Europska rukometna federacija (EHF) objavila je sastav &#8216;\u0161e\u0161ira&#8217;.<br><br>Hrvatska je kao finalist posljednjeg natjecanja u prvom \u0161e\u0161iru, odnosno ima status nositelja, ba\u0161 kao i europski prvak \u0160panjolska te \u010detiri pobjednika kvalifikacijskih skupina &#8211; Norve\u0161ka, Slovenija, Njema\u010dka i Portugal, te protiv tih mom\u010dadi ne mo\u017ee igrati u prvom krugu Europskog prvenstva.<\/p>\n\n\n\n<blockquote class=\"twitter-tweet\"><p lang=\"en\" dir=\"ltr\">Here are the pots for the Men&#39;s <a href=\"https:\/\/twitter.com\/hashtag\/ehfeuro2022?src=hash&amp;ref_src=twsrc%5Etfw\">#ehfeuro2022<\/a> Draw that will take place on Thursday 6 May at 17:00 CEST \u23f0 <br>\ud83d\udc47Read more about the procedure:<a href=\"https:\/\/t.co\/RK1FgAp3sB\">https:\/\/t.co\/RK1FgAp3sB<\/a> <a href=\"https:\/\/t.co\/81r8Bh7KCy\">pic.twitter.com\/81r8Bh7KCy<\/a><\/p>&mdash; EHF EURO (@EHFEURO) <a href=\"https:\/\/twitter.com\/EHFEURO\/status\/1389265867649736704?ref_src=twsrc%5Etfw\">May 3, 2021<\/a><\/blockquote> <script async src=\"https:\/\/platform.twitter.com\/widgets.js\" charset=\"utf-8\"><\/script>\n\n\n\n<p>Zbog slabijeg nastupa na Euru 2020., svjetski prvak Danska je u drugom \u0161e\u0161iru, a jo\u0161 gore je pro\u0161la Francuska koja je raspore\u0111ena u tre\u0107u jakosnu skupinu za \u017edrijeb zbog tek 14. mjesta na zadnjem Euru, dok je u kvalifikacijama bila druga.<br><br>Na Euru \u0107e nastupiti 24 reprezentacije koje \u0107e \u017edrijebom biti&nbsp; raspore\u0111ene u \u0161est skupina sa po \u010detiri mom\u010dadi. Po dvije najbolje reprezentacije \u0107e pro\u0107i u drugi krug, u kojemu se spajaju skupine A, B i C, odnosno D, E i F. Nakon drugog kruga, po dvije najbolje idu u borbu za medalje.<br><br>Jakosne skupine (&#8216;\u0161e\u0161iri&#8217;) za \u017edrijeb Europskog rukometnog prvenstva 2022.:<br><br>1: \u0160panjolska, HRVATSKA, Norve\u0161ka, Slovenija, Njema\u010dka, Portugal<br>2: \u0160vedska, Ma\u0111arska, Rusija, Danska, Srbija, Austrija<br>3: Slova\u010dka, Bjelorusija, Island, \u010ce\u0161ka, Francuska, Sjeverna Makedonija<br>4: Nizozemska, Crna Gora, Ukrajina, Poljska, Bosna i Hercegovina, Litva<\/p>\n\n\n\n<p>Izvor:hrt.hr<\/p>\n","protected":false},"excerpt":{"rendered":"<p>Hrvatska mu\u0161ka rukometna reprezentacija bit \u0107e nositelj u \u017edrijebu skupina za Europsko prvenstvo 2022. godine. Doma\u0107ini Eura su Slova\u010dka i Ma\u0111arska, a uo\u010di \u017edrijeba skupina koji \u0107e se odr\u017eati 6. svibnja u Budimpe\u0161ti, Europska rukometna federacija (EHF) objavila je sastav &#8216;\u0161e\u0161ira&#8217;. Hrvatska je kao finalist posljednjeg natjecanja u prvom \u0161e\u0161iru, odnosno ima status nositelja, ba\u0161 [&hellip;]<\/p>\n","protected":false},"author":2,"featured_media":0,"comment_status":"closed","ping_status":"closed","sticky":false,"template":"","format":"standard","meta":{"h5ap_radio_sources":[],"footnotes":""},"categories":[1],"tags":[],"class_list":["post-18300","post","type-post","status-publish","format-standard","hentry","category-bihiregija"],"yoast_head":"<!-- This site is optimized with the Yoast SEO plugin v27.5 - https:\/\/yoast.com\/product\/yoast-seo-wordpress\/ -->\n<title>Uo\u010di \u017edrijeba za EHF Euro: Hrvatska u prvoj jakosnoj skupini - RADIO LJUBU\u0160KI<\/title>\n<meta name=\"robots\" content=\"index, follow, max-snippet:-1, max-image-preview:large, max-video-preview:-1\" \/>\n<link rel=\"canonical\" href=\"https:\/\/radioljubuski.ba\/index.php\/2021\/05\/03\/uoci-zdrijeba-za-ehf-euro-hrvatska-u-prvoj-jakosnoj-skupini\/\" \/>\n<meta property=\"og:locale\" content=\"hr_HR\" \/>\n<meta property=\"og:type\" content=\"article\" \/>\n<meta property=\"og:title\" content=\"Uo\u010di \u017edrijeba za EHF Euro: Hrvatska u prvoj jakosnoj skupini - RADIO LJUBU\u0160KI\" \/>\n<meta property=\"og:description\" content=\"Hrvatska mu\u0161ka rukometna reprezentacija bit \u0107e nositelj u \u017edrijebu skupina za Europsko prvenstvo 2022. godine. Doma\u0107ini Eura su Slova\u010dka i Ma\u0111arska, a uo\u010di \u017edrijeba skupina koji \u0107e se odr\u017eati 6. svibnja u Budimpe\u0161ti, Europska rukometna federacija (EHF) objavila je sastav &#8216;\u0161e\u0161ira&#8217;. Hrvatska je kao finalist posljednjeg natjecanja u prvom \u0161e\u0161iru, odnosno ima status nositelja, ba\u0161 [&hellip;]\" \/>\n<meta property=\"og:url\" content=\"https:\/\/radioljubuski.ba\/index.php\/2021\/05\/03\/uoci-zdrijeba-za-ehf-euro-hrvatska-u-prvoj-jakosnoj-skupini\/\" \/>\n<meta property=\"og:site_name\" content=\"RADIO LJUBU\u0160KI\" \/>\n<meta property=\"article:publisher\" content=\"https:\/\/www.facebook.com\/Radiio-Ljubuski-1490835324566332\" \/>\n<meta property=\"article:published_time\" content=\"2021-05-03T22:34:53+00:00\" \/>\n<meta property=\"article:modified_time\" content=\"2021-05-03T22:34:54+00:00\" \/>\n<meta property=\"og:image\" content=\"https:\/\/radioljubuski.ba\/wp-content\/uploads\/2021\/05\/HN20190414102421-1.jpg\" \/>\n\t<meta property=\"og:image:width\" content=\"1024\" \/>\n\t<meta property=\"og:image:height\" content=\"713\" \/>\n\t<meta property=\"og:image:type\" content=\"image\/jpeg\" \/>\n<meta name=\"author\" content=\"Radio Ljubu\u0161ki\" \/>\n<meta name=\"twitter:card\" content=\"summary_large_image\" \/>\n<meta name=\"twitter:creator\" content=\"@radioljubuski\" \/>\n<meta name=\"twitter:site\" content=\"@radioljubuski\" \/>\n<meta name=\"twitter:label1\" content=\"Napisao\/la\" \/>\n\t<meta name=\"twitter:data1\" content=\"Radio Ljubu\u0161ki\" \/>\n\t<meta name=\"twitter:label2\" content=\"Procijenjeno vrijeme \u010ditanja\" \/>\n\t<meta name=\"twitter:data2\" content=\"2 minute\" \/>\n<script type=\"application\/ld+json\" class=\"yoast-schema-graph\">{\"@context\":\"https:\\\/\\\/schema.org\",\"@graph\":[{\"@type\":\"Article\",\"@id\":\"https:\\\/\\\/radioljubuski.ba\\\/index.php\\\/2021\\\/05\\\/03\\\/uoci-zdrijeba-za-ehf-euro-hrvatska-u-prvoj-jakosnoj-skupini\\\/#article\",\"isPartOf\":{\"@id\":\"https:\\\/\\\/radioljubuski.ba\\\/index.php\\\/2021\\\/05\\\/03\\\/uoci-zdrijeba-za-ehf-euro-hrvatska-u-prvoj-jakosnoj-skupini\\\/\"},\"author\":{\"name\":\"Radio Ljubu\u0161ki\",\"@id\":\"https:\\\/\\\/radioljubuski.ba\\\/#\\\/schema\\\/person\\\/19fc700381a780f69665d7956c469e3b\"},\"headline\":\"Uo\u010di \u017edrijeba za EHF Euro: Hrvatska u prvoj jakosnoj skupini\",\"datePublished\":\"2021-05-03T22:34:53+00:00\",\"dateModified\":\"2021-05-03T22:34:54+00:00\",\"mainEntityOfPage\":{\"@id\":\"https:\\\/\\\/radioljubuski.ba\\\/index.php\\\/2021\\\/05\\\/03\\\/uoci-zdrijeba-za-ehf-euro-hrvatska-u-prvoj-jakosnoj-skupini\\\/\"},\"wordCount\":289,\"publisher\":{\"@id\":\"https:\\\/\\\/radioljubuski.ba\\\/#organization\"},\"articleSection\":[\"BIH i regija\"],\"inLanguage\":\"hr\"},{\"@type\":\"WebPage\",\"@id\":\"https:\\\/\\\/radioljubuski.ba\\\/index.php\\\/2021\\\/05\\\/03\\\/uoci-zdrijeba-za-ehf-euro-hrvatska-u-prvoj-jakosnoj-skupini\\\/\",\"url\":\"https:\\\/\\\/radioljubuski.ba\\\/index.php\\\/2021\\\/05\\\/03\\\/uoci-zdrijeba-za-ehf-euro-hrvatska-u-prvoj-jakosnoj-skupini\\\/\",\"name\":\"Uo\u010di \u017edrijeba za EHF Euro: Hrvatska u prvoj jakosnoj skupini - RADIO LJUBU\u0160KI\",\"isPartOf\":{\"@id\":\"https:\\\/\\\/radioljubuski.ba\\\/#website\"},\"datePublished\":\"2021-05-03T22:34:53+00:00\",\"dateModified\":\"2021-05-03T22:34:54+00:00\",\"breadcrumb\":{\"@id\":\"https:\\\/\\\/radioljubuski.ba\\\/index.php\\\/2021\\\/05\\\/03\\\/uoci-zdrijeba-za-ehf-euro-hrvatska-u-prvoj-jakosnoj-skupini\\\/#breadcrumb\"},\"inLanguage\":\"hr\",\"potentialAction\":[{\"@type\":\"ReadAction\",\"target\":[\"https:\\\/\\\/radioljubuski.ba\\\/index.php\\\/2021\\\/05\\\/03\\\/uoci-zdrijeba-za-ehf-euro-hrvatska-u-prvoj-jakosnoj-skupini\\\/\"]}]},{\"@type\":\"BreadcrumbList\",\"@id\":\"https:\\\/\\\/radioljubuski.ba\\\/index.php\\\/2021\\\/05\\\/03\\\/uoci-zdrijeba-za-ehf-euro-hrvatska-u-prvoj-jakosnoj-skupini\\\/#breadcrumb\",\"itemListElement\":[{\"@type\":\"ListItem\",\"position\":1,\"name\":\"Po\u010detna stranica\",\"item\":\"https:\\\/\\\/radioljubuski.ba\\\/\"},{\"@type\":\"ListItem\",\"position\":2,\"name\":\"Uo\u010di \u017edrijeba za EHF Euro: Hrvatska u prvoj jakosnoj skupini\"}]},{\"@type\":\"WebSite\",\"@id\":\"https:\\\/\\\/radioljubuski.ba\\\/#website\",\"url\":\"https:\\\/\\\/radioljubuski.ba\\\/\",\"name\":\"Radio Ljubu\u0161ki\",\"description\":\"Sun\u010dana frekvencija Hercegovine\",\"publisher\":{\"@id\":\"https:\\\/\\\/radioljubuski.ba\\\/#organization\"},\"potentialAction\":[{\"@type\":\"SearchAction\",\"target\":{\"@type\":\"EntryPoint\",\"urlTemplate\":\"https:\\\/\\\/radioljubuski.ba\\\/?s={search_term_string}\"},\"query-input\":{\"@type\":\"PropertyValueSpecification\",\"valueRequired\":true,\"valueName\":\"search_term_string\"}}],\"inLanguage\":\"hr\"},{\"@type\":\"Organization\",\"@id\":\"https:\\\/\\\/radioljubuski.ba\\\/#organization\",\"name\":\"Radio Ljubu\u0161ki\",\"url\":\"https:\\\/\\\/radioljubuski.ba\\\/\",\"logo\":{\"@type\":\"ImageObject\",\"inLanguage\":\"hr\",\"@id\":\"https:\\\/\\\/radioljubuski.ba\\\/#\\\/schema\\\/logo\\\/image\\\/\",\"url\":\"https:\\\/\\\/radioljubuski.ba\\\/wp-content\\\/uploads\\\/2021\\\/02\\\/cropped-Radio_Ljubuski_logo1.jpg\",\"contentUrl\":\"https:\\\/\\\/radioljubuski.ba\\\/wp-content\\\/uploads\\\/2021\\\/02\\\/cropped-Radio_Ljubuski_logo1.jpg\",\"width\":512,\"height\":512,\"caption\":\"Radio Ljubu\u0161ki\"},\"image\":{\"@id\":\"https:\\\/\\\/radioljubuski.ba\\\/#\\\/schema\\\/logo\\\/image\\\/\"},\"sameAs\":[\"https:\\\/\\\/www.facebook.com\\\/Radiio-Ljubuski-1490835324566332\",\"https:\\\/\\\/x.com\\\/radioljubuski\",\"https:\\\/\\\/hr.linkedin.com\\\/company\\\/radio-ljubuski\",\"https:\\\/\\\/www.youtube.com\\\/channel\\\/UCHYaeO_n0Db3tjNGudGpXyw\"]},{\"@type\":\"Person\",\"@id\":\"https:\\\/\\\/radioljubuski.ba\\\/#\\\/schema\\\/person\\\/19fc700381a780f69665d7956c469e3b\",\"name\":\"Radio Ljubu\u0161ki\"}]}<\/script>\n<!-- \/ Yoast SEO plugin. -->","yoast_head_json":{"title":"Uo\u010di \u017edrijeba za EHF Euro: Hrvatska u prvoj jakosnoj skupini - RADIO LJUBU\u0160KI","robots":{"index":"index","follow":"follow","max-snippet":"max-snippet:-1","max-image-preview":"max-image-preview:large","max-video-preview":"max-video-preview:-1"},"canonical":"https:\/\/radioljubuski.ba\/index.php\/2021\/05\/03\/uoci-zdrijeba-za-ehf-euro-hrvatska-u-prvoj-jakosnoj-skupini\/","og_locale":"hr_HR","og_type":"article","og_title":"Uo\u010di \u017edrijeba za EHF Euro: Hrvatska u prvoj jakosnoj skupini - RADIO LJUBU\u0160KI","og_description":"Hrvatska mu\u0161ka rukometna reprezentacija bit \u0107e nositelj u \u017edrijebu skupina za Europsko prvenstvo 2022. godine. Doma\u0107ini Eura su Slova\u010dka i Ma\u0111arska, a uo\u010di \u017edrijeba skupina koji \u0107e se odr\u017eati 6. svibnja u Budimpe\u0161ti, Europska rukometna federacija (EHF) objavila je sastav &#8216;\u0161e\u0161ira&#8217;. Hrvatska je kao finalist posljednjeg natjecanja u prvom \u0161e\u0161iru, odnosno ima status nositelja, ba\u0161 [&hellip;]","og_url":"https:\/\/radioljubuski.ba\/index.php\/2021\/05\/03\/uoci-zdrijeba-za-ehf-euro-hrvatska-u-prvoj-jakosnoj-skupini\/","og_site_name":"RADIO LJUBU\u0160KI","article_publisher":"https:\/\/www.facebook.com\/Radiio-Ljubuski-1490835324566332","article_published_time":"2021-05-03T22:34:53+00:00","article_modified_time":"2021-05-03T22:34:54+00:00","og_image":[{"width":1024,"height":713,"url":"https:\/\/radioljubuski.ba\/wp-content\/uploads\/2021\/05\/HN20190414102421-1.jpg","type":"image\/jpeg"}],"author":"Radio Ljubu\u0161ki","twitter_card":"summary_large_image","twitter_creator":"@radioljubuski","twitter_site":"@radioljubuski","twitter_misc":{"Napisao\/la":"Radio Ljubu\u0161ki","Procijenjeno vrijeme \u010ditanja":"2 minute"},"schema":{"@context":"https:\/\/schema.org","@graph":[{"@type":"Article","@id":"https:\/\/radioljubuski.ba\/index.php\/2021\/05\/03\/uoci-zdrijeba-za-ehf-euro-hrvatska-u-prvoj-jakosnoj-skupini\/#article","isPartOf":{"@id":"https:\/\/radioljubuski.ba\/index.php\/2021\/05\/03\/uoci-zdrijeba-za-ehf-euro-hrvatska-u-prvoj-jakosnoj-skupini\/"},"author":{"name":"Radio Ljubu\u0161ki","@id":"https:\/\/radioljubuski.ba\/#\/schema\/person\/19fc700381a780f69665d7956c469e3b"},"headline":"Uo\u010di \u017edrijeba za EHF Euro: Hrvatska u prvoj jakosnoj skupini","datePublished":"2021-05-03T22:34:53+00:00","dateModified":"2021-05-03T22:34:54+00:00","mainEntityOfPage":{"@id":"https:\/\/radioljubuski.ba\/index.php\/2021\/05\/03\/uoci-zdrijeba-za-ehf-euro-hrvatska-u-prvoj-jakosnoj-skupini\/"},"wordCount":289,"publisher":{"@id":"https:\/\/radioljubuski.ba\/#organization"},"articleSection":["BIH i regija"],"inLanguage":"hr"},{"@type":"WebPage","@id":"https:\/\/radioljubuski.ba\/index.php\/2021\/05\/03\/uoci-zdrijeba-za-ehf-euro-hrvatska-u-prvoj-jakosnoj-skupini\/","url":"https:\/\/radioljubuski.ba\/index.php\/2021\/05\/03\/uoci-zdrijeba-za-ehf-euro-hrvatska-u-prvoj-jakosnoj-skupini\/","name":"Uo\u010di \u017edrijeba za EHF Euro: Hrvatska u prvoj jakosnoj skupini - RADIO LJUBU\u0160KI","isPartOf":{"@id":"https:\/\/radioljubuski.ba\/#website"},"datePublished":"2021-05-03T22:34:53+00:00","dateModified":"2021-05-03T22:34:54+00:00","breadcrumb":{"@id":"https:\/\/radioljubuski.ba\/index.php\/2021\/05\/03\/uoci-zdrijeba-za-ehf-euro-hrvatska-u-prvoj-jakosnoj-skupini\/#breadcrumb"},"inLanguage":"hr","potentialAction":[{"@type":"ReadAction","target":["https:\/\/radioljubuski.ba\/index.php\/2021\/05\/03\/uoci-zdrijeba-za-ehf-euro-hrvatska-u-prvoj-jakosnoj-skupini\/"]}]},{"@type":"BreadcrumbList","@id":"https:\/\/radioljubuski.ba\/index.php\/2021\/05\/03\/uoci-zdrijeba-za-ehf-euro-hrvatska-u-prvoj-jakosnoj-skupini\/#breadcrumb","itemListElement":[{"@type":"ListItem","position":1,"name":"Po\u010detna stranica","item":"https:\/\/radioljubuski.ba\/"},{"@type":"ListItem","position":2,"name":"Uo\u010di \u017edrijeba za EHF Euro: Hrvatska u prvoj jakosnoj skupini"}]},{"@type":"WebSite","@id":"https:\/\/radioljubuski.ba\/#website","url":"https:\/\/radioljubuski.ba\/","name":"Radio Ljubu\u0161ki","description":"Sun\u010dana frekvencija Hercegovine","publisher":{"@id":"https:\/\/radioljubuski.ba\/#organization"},"potentialAction":[{"@type":"SearchAction","target":{"@type":"EntryPoint","urlTemplate":"https:\/\/radioljubuski.ba\/?s={search_term_string}"},"query-input":{"@type":"PropertyValueSpecification","valueRequired":true,"valueName":"search_term_string"}}],"inLanguage":"hr"},{"@type":"Organization","@id":"https:\/\/radioljubuski.ba\/#organization","name":"Radio Ljubu\u0161ki","url":"https:\/\/radioljubuski.ba\/","logo":{"@type":"ImageObject","inLanguage":"hr","@id":"https:\/\/radioljubuski.ba\/#\/schema\/logo\/image\/","url":"https:\/\/radioljubuski.ba\/wp-content\/uploads\/2021\/02\/cropped-Radio_Ljubuski_logo1.jpg","contentUrl":"https:\/\/radioljubuski.ba\/wp-content\/uploads\/2021\/02\/cropped-Radio_Ljubuski_logo1.jpg","width":512,"height":512,"caption":"Radio Ljubu\u0161ki"},"image":{"@id":"https:\/\/radioljubuski.ba\/#\/schema\/logo\/image\/"},"sameAs":["https:\/\/www.facebook.com\/Radiio-Ljubuski-1490835324566332","https:\/\/x.com\/radioljubuski","https:\/\/hr.linkedin.com\/company\/radio-ljubuski","https:\/\/www.youtube.com\/channel\/UCHYaeO_n0Db3tjNGudGpXyw"]},{"@type":"Person","@id":"https:\/\/radioljubuski.ba\/#\/schema\/person\/19fc700381a780f69665d7956c469e3b","name":"Radio Ljubu\u0161ki"}]}},"_links":{"self":[{"href":"https:\/\/radioljubuski.ba\/index.php\/wp-json\/wp\/v2\/posts\/18300","targetHints":{"allow":["GET"]}}],"collection":[{"href":"https:\/\/radioljubuski.ba\/index.php\/wp-json\/wp\/v2\/posts"}],"about":[{"href":"https:\/\/radioljubuski.ba\/index.php\/wp-json\/wp\/v2\/types\/post"}],"author":[{"embeddable":true,"href":"https:\/\/radioljubuski.ba\/index.php\/wp-json\/wp\/v2\/users\/2"}],"replies":[{"embeddable":true,"href":"https:\/\/radioljubuski.ba\/index.php\/wp-json\/wp\/v2\/comments?post=18300"}],"version-history":[{"count":1,"href":"https:\/\/radioljubuski.ba\/index.php\/wp-json\/wp\/v2\/posts\/18300\/revisions"}],"predecessor-version":[{"id":18302,"href":"https:\/\/radioljubuski.ba\/index.php\/wp-json\/wp\/v2\/posts\/18300\/revisions\/18302"}],"wp:attachment":[{"href":"https:\/\/radioljubuski.ba\/index.php\/wp-json\/wp\/v2\/media?parent=18300"}],"wp:term":[{"taxonomy":"category","embeddable":true,"href":"https:\/\/radioljubuski.ba\/index.php\/wp-json\/wp\/v2\/categories?post=18300"},{"taxonomy":"post_tag","embeddable":true,"href":"https:\/\/radioljubuski.ba\/index.php\/wp-json\/wp\/v2\/tags?post=18300"}],"curies":[{"name":"wp","href":"https:\/\/api.w.org\/{rel}","templated":true}]}}