{"id":183021,"date":"2022-09-22T18:17:49","date_gmt":"2022-09-22T17:17:49","guid":{"rendered":"https:\/\/radioljubuski.ba\/?p=183021"},"modified":"2022-09-22T18:17:50","modified_gmt":"2022-09-22T17:17:50","slug":"cannavaro-preuzeo-drugoligasa-benevento","status":"publish","type":"post","link":"https:\/\/radioljubuski.ba\/index.php\/2022\/09\/22\/cannavaro-preuzeo-drugoligasa-benevento\/","title":{"rendered":"Cannavaro preuzeo drugoliga\u0161a Benevento"},"content":{"rendered":"\n<p><strong>Biv\u0161i kapetan talijanske reprezentacije koja je osvojila naslov svjetskog prvaka 2006. godine\u00a0Fabio Cannavaro\u00a0prvi \u0107e put voditi klub u Europi nakon \u0161to je preuzeo mom\u010dad iz Serie B Benevento.<\/strong><\/p>\n\n\n\n<blockquote class=\"twitter-tweet\"><p lang=\"it\" dir=\"ltr\">Fabio Cannavaro \u00e8 il nuovo allenatore del <a href=\"https:\/\/twitter.com\/bncalcio?ref_src=twsrc%5Etfw\">@bncalcio<\/a> <a href=\"https:\/\/t.co\/b8mftjLuzv\">pic.twitter.com\/b8mftjLuzv<\/a><\/p>&mdash; Benevento Calcio (@bncalcio) <a href=\"https:\/\/twitter.com\/bncalcio\/status\/1572576697534545921?ref_src=twsrc%5Etfw\">September 21, 2022<\/a><\/blockquote> <script async src=\"https:\/\/platform.twitter.com\/widgets.js\" charset=\"utf-8\"><\/script>\n\n\n\n<p>Biv\u0161i brani\u010d Real Madrida, Juventusa i milanskog Intera, koji je 2006. osvojio Zlatnu loptu nakon \u0161to je s Italijom osvojio Svjetsko prvenstvo te godine, povukao se iz igranja 2011. godine.<br><br>Cannavaro je radio kao pomo\u0107nik u klubu Al-Ahli iz Ujedinjenih Arapskih Emirata prije nego \u0161to je postao glavni trener kineskog superliga\u0161a Guangzhoua, a zatim Al-Nassra iz Saudijske Arabije. Tako\u0111er je kratko bio izbornik Kine 2019.<br><br>Benevento, koji je ispao iz Serie A u sezoni 2020.\/21. i trenutno je 13. u drugoj ligi, objavio je na svom Twitteru u srijedu da je 49-godi\u0161nji Cannavaro novi trener.<\/p>\n\n\n\n<figure class=\"wp-block-embed is-type-wp-embed is-provider-radio-ljubuski wp-block-embed-radio-ljubuski\"><div class=\"wp-block-embed__wrapper\">\n<blockquote class=\"wp-embedded-content\" data-secret=\"G8WYXZKVYy\"><a href=\"https:\/\/radioljubuski.ba\/index.php\/2022\/09\/22\/cannavaro-korak-do-klupe-beneventa\/\">Cannavaro korak do klupe Beneventa<\/a><\/blockquote><iframe loading=\"lazy\" class=\"wp-embedded-content\" sandbox=\"allow-scripts\" security=\"restricted\" style=\"position: absolute; clip: rect(1px, 1px, 1px, 1px);\" title=\"&#8220;Cannavaro korak do klupe Beneventa&#8221; &#8212;   RADIO LJUBU\u0160KI\" src=\"https:\/\/radioljubuski.ba\/index.php\/2022\/09\/22\/cannavaro-korak-do-klupe-beneventa\/embed\/#?secret=vlHKbkDjV4#?secret=G8WYXZKVYy\" data-secret=\"G8WYXZKVYy\" width=\"600\" height=\"338\" frameborder=\"0\" marginwidth=\"0\" marginheight=\"0\" scrolling=\"no\"><\/iframe>\n<\/div><\/figure>\n\n\n\n<p>Izvor:hrt.hr<\/p>\n","protected":false},"excerpt":{"rendered":"<p>Biv\u0161i kapetan talijanske reprezentacije koja je osvojila naslov svjetskog prvaka 2006. godine\u00a0Fabio Cannavaro\u00a0prvi \u0107e put voditi klub u Europi nakon \u0161to je preuzeo mom\u010dad iz Serie B Benevento. Fabio Cannavaro \u00e8 il nuovo allenatore del @bncalcio pic.twitter.com\/b8mftjLuzv &mdash; Benevento Calcio (@bncalcio) September 21, 2022 Biv\u0161i brani\u010d Real Madrida, Juventusa i milanskog Intera, koji je 2006. [&hellip;]<\/p>\n","protected":false},"author":2,"featured_media":0,"comment_status":"closed","ping_status":"closed","sticky":false,"template":"","format":"standard","meta":{"h5ap_radio_sources":[],"footnotes":""},"categories":[7],"tags":[],"class_list":["post-183021","post","type-post","status-publish","format-standard","hentry","category-sport"],"yoast_head":"<!-- This site is optimized with the Yoast SEO plugin v27.4 - https:\/\/yoast.com\/product\/yoast-seo-wordpress\/ -->\n<title>Cannavaro preuzeo drugoliga\u0161a Benevento - RADIO LJUBU\u0160KI<\/title>\n<meta name=\"robots\" content=\"index, follow, max-snippet:-1, max-image-preview:large, max-video-preview:-1\" \/>\n<link rel=\"canonical\" href=\"https:\/\/radioljubuski.ba\/index.php\/2022\/09\/22\/cannavaro-preuzeo-drugoligasa-benevento\/\" \/>\n<meta property=\"og:locale\" content=\"hr_HR\" \/>\n<meta property=\"og:type\" content=\"article\" \/>\n<meta property=\"og:title\" content=\"Cannavaro preuzeo drugoliga\u0161a Benevento - RADIO LJUBU\u0160KI\" \/>\n<meta property=\"og:description\" content=\"Biv\u0161i kapetan talijanske reprezentacije koja je osvojila naslov svjetskog prvaka 2006. godine\u00a0Fabio Cannavaro\u00a0prvi \u0107e put voditi klub u Europi nakon \u0161to je preuzeo mom\u010dad iz Serie B Benevento. Fabio Cannavaro \u00e8 il nuovo allenatore del @bncalcio pic.twitter.com\/b8mftjLuzv &mdash; Benevento Calcio (@bncalcio) September 21, 2022 Biv\u0161i brani\u010d Real Madrida, Juventusa i milanskog Intera, koji je 2006. [&hellip;]\" \/>\n<meta property=\"og:url\" content=\"https:\/\/radioljubuski.ba\/index.php\/2022\/09\/22\/cannavaro-preuzeo-drugoligasa-benevento\/\" \/>\n<meta property=\"og:site_name\" content=\"RADIO LJUBU\u0160KI\" \/>\n<meta property=\"article:publisher\" content=\"https:\/\/www.facebook.com\/Radiio-Ljubuski-1490835324566332\" \/>\n<meta property=\"article:published_time\" content=\"2022-09-22T17:17:49+00:00\" \/>\n<meta property=\"article:modified_time\" content=\"2022-09-22T17:17:50+00:00\" \/>\n<meta property=\"og:image\" content=\"https:\/\/radioljubuski.ba\/wp-content\/uploads\/2022\/09\/2022-09-20t204046z-1146101789-rc27lw9u7hhd-rtrmadp-3-soccer-italy-cannavaro-20220922071054.jpg\" \/>\n\t<meta property=\"og:image:width\" content=\"1694\" \/>\n\t<meta property=\"og:image:height\" content=\"1215\" \/>\n\t<meta property=\"og:image:type\" content=\"image\/jpeg\" \/>\n<meta name=\"author\" content=\"Radio Ljubu\u0161ki\" \/>\n<meta name=\"twitter:card\" content=\"summary_large_image\" \/>\n<meta name=\"twitter:creator\" content=\"@radioljubuski\" \/>\n<meta name=\"twitter:site\" content=\"@radioljubuski\" \/>\n<meta name=\"twitter:label1\" content=\"Napisao\/la\" \/>\n\t<meta name=\"twitter:data1\" content=\"Radio Ljubu\u0161ki\" \/>\n\t<meta name=\"twitter:label2\" content=\"Procijenjeno vrijeme \u010ditanja\" \/>\n\t<meta name=\"twitter:data2\" content=\"1 minuta\" \/>\n<script type=\"application\/ld+json\" class=\"yoast-schema-graph\">{\"@context\":\"https:\\\/\\\/schema.org\",\"@graph\":[{\"@type\":\"Article\",\"@id\":\"https:\\\/\\\/radioljubuski.ba\\\/index.php\\\/2022\\\/09\\\/22\\\/cannavaro-preuzeo-drugoligasa-benevento\\\/#article\",\"isPartOf\":{\"@id\":\"https:\\\/\\\/radioljubuski.ba\\\/index.php\\\/2022\\\/09\\\/22\\\/cannavaro-preuzeo-drugoligasa-benevento\\\/\"},\"author\":{\"name\":\"Radio Ljubu\u0161ki\",\"@id\":\"https:\\\/\\\/radioljubuski.ba\\\/#\\\/schema\\\/person\\\/19fc700381a780f69665d7956c469e3b\"},\"headline\":\"Cannavaro preuzeo drugoliga\u0161a Benevento\",\"datePublished\":\"2022-09-22T17:17:49+00:00\",\"dateModified\":\"2022-09-22T17:17:50+00:00\",\"mainEntityOfPage\":{\"@id\":\"https:\\\/\\\/radioljubuski.ba\\\/index.php\\\/2022\\\/09\\\/22\\\/cannavaro-preuzeo-drugoligasa-benevento\\\/\"},\"wordCount\":157,\"publisher\":{\"@id\":\"https:\\\/\\\/radioljubuski.ba\\\/#organization\"},\"articleSection\":[\"\u0160port\"],\"inLanguage\":\"hr\"},{\"@type\":\"WebPage\",\"@id\":\"https:\\\/\\\/radioljubuski.ba\\\/index.php\\\/2022\\\/09\\\/22\\\/cannavaro-preuzeo-drugoligasa-benevento\\\/\",\"url\":\"https:\\\/\\\/radioljubuski.ba\\\/index.php\\\/2022\\\/09\\\/22\\\/cannavaro-preuzeo-drugoligasa-benevento\\\/\",\"name\":\"Cannavaro preuzeo drugoliga\u0161a Benevento - RADIO LJUBU\u0160KI\",\"isPartOf\":{\"@id\":\"https:\\\/\\\/radioljubuski.ba\\\/#website\"},\"datePublished\":\"2022-09-22T17:17:49+00:00\",\"dateModified\":\"2022-09-22T17:17:50+00:00\",\"breadcrumb\":{\"@id\":\"https:\\\/\\\/radioljubuski.ba\\\/index.php\\\/2022\\\/09\\\/22\\\/cannavaro-preuzeo-drugoligasa-benevento\\\/#breadcrumb\"},\"inLanguage\":\"hr\",\"potentialAction\":[{\"@type\":\"ReadAction\",\"target\":[\"https:\\\/\\\/radioljubuski.ba\\\/index.php\\\/2022\\\/09\\\/22\\\/cannavaro-preuzeo-drugoligasa-benevento\\\/\"]}]},{\"@type\":\"BreadcrumbList\",\"@id\":\"https:\\\/\\\/radioljubuski.ba\\\/index.php\\\/2022\\\/09\\\/22\\\/cannavaro-preuzeo-drugoligasa-benevento\\\/#breadcrumb\",\"itemListElement\":[{\"@type\":\"ListItem\",\"position\":1,\"name\":\"Po\u010detna stranica\",\"item\":\"https:\\\/\\\/radioljubuski.ba\\\/\"},{\"@type\":\"ListItem\",\"position\":2,\"name\":\"Cannavaro preuzeo drugoliga\u0161a Benevento\"}]},{\"@type\":\"WebSite\",\"@id\":\"https:\\\/\\\/radioljubuski.ba\\\/#website\",\"url\":\"https:\\\/\\\/radioljubuski.ba\\\/\",\"name\":\"Radio Ljubu\u0161ki\",\"description\":\"Sun\u010dana frekvencija Hercegovine\",\"publisher\":{\"@id\":\"https:\\\/\\\/radioljubuski.ba\\\/#organization\"},\"potentialAction\":[{\"@type\":\"SearchAction\",\"target\":{\"@type\":\"EntryPoint\",\"urlTemplate\":\"https:\\\/\\\/radioljubuski.ba\\\/?s={search_term_string}\"},\"query-input\":{\"@type\":\"PropertyValueSpecification\",\"valueRequired\":true,\"valueName\":\"search_term_string\"}}],\"inLanguage\":\"hr\"},{\"@type\":\"Organization\",\"@id\":\"https:\\\/\\\/radioljubuski.ba\\\/#organization\",\"name\":\"Radio Ljubu\u0161ki\",\"url\":\"https:\\\/\\\/radioljubuski.ba\\\/\",\"logo\":{\"@type\":\"ImageObject\",\"inLanguage\":\"hr\",\"@id\":\"https:\\\/\\\/radioljubuski.ba\\\/#\\\/schema\\\/logo\\\/image\\\/\",\"url\":\"https:\\\/\\\/radioljubuski.ba\\\/wp-content\\\/uploads\\\/2021\\\/02\\\/cropped-Radio_Ljubuski_logo1.jpg\",\"contentUrl\":\"https:\\\/\\\/radioljubuski.ba\\\/wp-content\\\/uploads\\\/2021\\\/02\\\/cropped-Radio_Ljubuski_logo1.jpg\",\"width\":512,\"height\":512,\"caption\":\"Radio Ljubu\u0161ki\"},\"image\":{\"@id\":\"https:\\\/\\\/radioljubuski.ba\\\/#\\\/schema\\\/logo\\\/image\\\/\"},\"sameAs\":[\"https:\\\/\\\/www.facebook.com\\\/Radiio-Ljubuski-1490835324566332\",\"https:\\\/\\\/x.com\\\/radioljubuski\",\"https:\\\/\\\/hr.linkedin.com\\\/company\\\/radio-ljubuski\",\"https:\\\/\\\/www.youtube.com\\\/channel\\\/UCHYaeO_n0Db3tjNGudGpXyw\"]},{\"@type\":\"Person\",\"@id\":\"https:\\\/\\\/radioljubuski.ba\\\/#\\\/schema\\\/person\\\/19fc700381a780f69665d7956c469e3b\",\"name\":\"Radio Ljubu\u0161ki\"}]}<\/script>\n<!-- \/ Yoast SEO plugin. -->","yoast_head_json":{"title":"Cannavaro preuzeo drugoliga\u0161a Benevento - RADIO LJUBU\u0160KI","robots":{"index":"index","follow":"follow","max-snippet":"max-snippet:-1","max-image-preview":"max-image-preview:large","max-video-preview":"max-video-preview:-1"},"canonical":"https:\/\/radioljubuski.ba\/index.php\/2022\/09\/22\/cannavaro-preuzeo-drugoligasa-benevento\/","og_locale":"hr_HR","og_type":"article","og_title":"Cannavaro preuzeo drugoliga\u0161a Benevento - RADIO LJUBU\u0160KI","og_description":"Biv\u0161i kapetan talijanske reprezentacije koja je osvojila naslov svjetskog prvaka 2006. godine\u00a0Fabio Cannavaro\u00a0prvi \u0107e put voditi klub u Europi nakon \u0161to je preuzeo mom\u010dad iz Serie B Benevento. Fabio Cannavaro \u00e8 il nuovo allenatore del @bncalcio pic.twitter.com\/b8mftjLuzv &mdash; Benevento Calcio (@bncalcio) September 21, 2022 Biv\u0161i brani\u010d Real Madrida, Juventusa i milanskog Intera, koji je 2006. [&hellip;]","og_url":"https:\/\/radioljubuski.ba\/index.php\/2022\/09\/22\/cannavaro-preuzeo-drugoligasa-benevento\/","og_site_name":"RADIO LJUBU\u0160KI","article_publisher":"https:\/\/www.facebook.com\/Radiio-Ljubuski-1490835324566332","article_published_time":"2022-09-22T17:17:49+00:00","article_modified_time":"2022-09-22T17:17:50+00:00","og_image":[{"width":1694,"height":1215,"url":"https:\/\/radioljubuski.ba\/wp-content\/uploads\/2022\/09\/2022-09-20t204046z-1146101789-rc27lw9u7hhd-rtrmadp-3-soccer-italy-cannavaro-20220922071054.jpg","type":"image\/jpeg"}],"author":"Radio Ljubu\u0161ki","twitter_card":"summary_large_image","twitter_creator":"@radioljubuski","twitter_site":"@radioljubuski","twitter_misc":{"Napisao\/la":"Radio Ljubu\u0161ki","Procijenjeno vrijeme \u010ditanja":"1 minuta"},"schema":{"@context":"https:\/\/schema.org","@graph":[{"@type":"Article","@id":"https:\/\/radioljubuski.ba\/index.php\/2022\/09\/22\/cannavaro-preuzeo-drugoligasa-benevento\/#article","isPartOf":{"@id":"https:\/\/radioljubuski.ba\/index.php\/2022\/09\/22\/cannavaro-preuzeo-drugoligasa-benevento\/"},"author":{"name":"Radio Ljubu\u0161ki","@id":"https:\/\/radioljubuski.ba\/#\/schema\/person\/19fc700381a780f69665d7956c469e3b"},"headline":"Cannavaro preuzeo drugoliga\u0161a Benevento","datePublished":"2022-09-22T17:17:49+00:00","dateModified":"2022-09-22T17:17:50+00:00","mainEntityOfPage":{"@id":"https:\/\/radioljubuski.ba\/index.php\/2022\/09\/22\/cannavaro-preuzeo-drugoligasa-benevento\/"},"wordCount":157,"publisher":{"@id":"https:\/\/radioljubuski.ba\/#organization"},"articleSection":["\u0160port"],"inLanguage":"hr"},{"@type":"WebPage","@id":"https:\/\/radioljubuski.ba\/index.php\/2022\/09\/22\/cannavaro-preuzeo-drugoligasa-benevento\/","url":"https:\/\/radioljubuski.ba\/index.php\/2022\/09\/22\/cannavaro-preuzeo-drugoligasa-benevento\/","name":"Cannavaro preuzeo drugoliga\u0161a Benevento - RADIO LJUBU\u0160KI","isPartOf":{"@id":"https:\/\/radioljubuski.ba\/#website"},"datePublished":"2022-09-22T17:17:49+00:00","dateModified":"2022-09-22T17:17:50+00:00","breadcrumb":{"@id":"https:\/\/radioljubuski.ba\/index.php\/2022\/09\/22\/cannavaro-preuzeo-drugoligasa-benevento\/#breadcrumb"},"inLanguage":"hr","potentialAction":[{"@type":"ReadAction","target":["https:\/\/radioljubuski.ba\/index.php\/2022\/09\/22\/cannavaro-preuzeo-drugoligasa-benevento\/"]}]},{"@type":"BreadcrumbList","@id":"https:\/\/radioljubuski.ba\/index.php\/2022\/09\/22\/cannavaro-preuzeo-drugoligasa-benevento\/#breadcrumb","itemListElement":[{"@type":"ListItem","position":1,"name":"Po\u010detna stranica","item":"https:\/\/radioljubuski.ba\/"},{"@type":"ListItem","position":2,"name":"Cannavaro preuzeo drugoliga\u0161a Benevento"}]},{"@type":"WebSite","@id":"https:\/\/radioljubuski.ba\/#website","url":"https:\/\/radioljubuski.ba\/","name":"Radio Ljubu\u0161ki","description":"Sun\u010dana frekvencija Hercegovine","publisher":{"@id":"https:\/\/radioljubuski.ba\/#organization"},"potentialAction":[{"@type":"SearchAction","target":{"@type":"EntryPoint","urlTemplate":"https:\/\/radioljubuski.ba\/?s={search_term_string}"},"query-input":{"@type":"PropertyValueSpecification","valueRequired":true,"valueName":"search_term_string"}}],"inLanguage":"hr"},{"@type":"Organization","@id":"https:\/\/radioljubuski.ba\/#organization","name":"Radio Ljubu\u0161ki","url":"https:\/\/radioljubuski.ba\/","logo":{"@type":"ImageObject","inLanguage":"hr","@id":"https:\/\/radioljubuski.ba\/#\/schema\/logo\/image\/","url":"https:\/\/radioljubuski.ba\/wp-content\/uploads\/2021\/02\/cropped-Radio_Ljubuski_logo1.jpg","contentUrl":"https:\/\/radioljubuski.ba\/wp-content\/uploads\/2021\/02\/cropped-Radio_Ljubuski_logo1.jpg","width":512,"height":512,"caption":"Radio Ljubu\u0161ki"},"image":{"@id":"https:\/\/radioljubuski.ba\/#\/schema\/logo\/image\/"},"sameAs":["https:\/\/www.facebook.com\/Radiio-Ljubuski-1490835324566332","https:\/\/x.com\/radioljubuski","https:\/\/hr.linkedin.com\/company\/radio-ljubuski","https:\/\/www.youtube.com\/channel\/UCHYaeO_n0Db3tjNGudGpXyw"]},{"@type":"Person","@id":"https:\/\/radioljubuski.ba\/#\/schema\/person\/19fc700381a780f69665d7956c469e3b","name":"Radio Ljubu\u0161ki"}]}},"_links":{"self":[{"href":"https:\/\/radioljubuski.ba\/index.php\/wp-json\/wp\/v2\/posts\/183021","targetHints":{"allow":["GET"]}}],"collection":[{"href":"https:\/\/radioljubuski.ba\/index.php\/wp-json\/wp\/v2\/posts"}],"about":[{"href":"https:\/\/radioljubuski.ba\/index.php\/wp-json\/wp\/v2\/types\/post"}],"author":[{"embeddable":true,"href":"https:\/\/radioljubuski.ba\/index.php\/wp-json\/wp\/v2\/users\/2"}],"replies":[{"embeddable":true,"href":"https:\/\/radioljubuski.ba\/index.php\/wp-json\/wp\/v2\/comments?post=183021"}],"version-history":[{"count":1,"href":"https:\/\/radioljubuski.ba\/index.php\/wp-json\/wp\/v2\/posts\/183021\/revisions"}],"predecessor-version":[{"id":183023,"href":"https:\/\/radioljubuski.ba\/index.php\/wp-json\/wp\/v2\/posts\/183021\/revisions\/183023"}],"wp:attachment":[{"href":"https:\/\/radioljubuski.ba\/index.php\/wp-json\/wp\/v2\/media?parent=183021"}],"wp:term":[{"taxonomy":"category","embeddable":true,"href":"https:\/\/radioljubuski.ba\/index.php\/wp-json\/wp\/v2\/categories?post=183021"},{"taxonomy":"post_tag","embeddable":true,"href":"https:\/\/radioljubuski.ba\/index.php\/wp-json\/wp\/v2\/tags?post=183021"}],"curies":[{"name":"wp","href":"https:\/\/api.w.org\/{rel}","templated":true}]}}