{"id":183123,"date":"2022-09-22T22:52:29","date_gmt":"2022-09-22T21:52:29","guid":{"rendered":"https:\/\/radioljubuski.ba\/?p=183123"},"modified":"2022-09-22T22:52:30","modified_gmt":"2022-09-22T21:52:30","slug":"kristo-u-sirokom-brijegu-samo-jednakopravnost-hrvata-jamci-opstojnost-bih","status":"publish","type":"post","link":"https:\/\/radioljubuski.ba\/index.php\/2022\/09\/22\/kristo-u-sirokom-brijegu-samo-jednakopravnost-hrvata-jamci-opstojnost-bih\/","title":{"rendered":"Kri\u0161to u \u0160irokom Brijegu: Samo jednakopravnost Hrvata jam\u010di opstojnost BiH"},"content":{"rendered":"\n<p><strong>\u201ePrvi put imamo zajedni\u010dkog kandidata svih hrvatskih stranaka okupljenih u Hrvatski narodni sabor BiH. U ove izbore idemo po neizmjenjenim izbornim pravilima, nismo imali pravo na politi\u010dki pluralizam. Kandidaturom zajedni\u010dkog kandidata, poslali smo poruku svima. BiH je na\u0161a domovina i samo hrvatski narod mo\u017ee odlu\u010diti tko \u0107e ga predstavljati u institucijama gdje se \u0161tite kolektivna, nacionalna prava Hrvata u BiH\u201c, kazala je Borjana Kri\u0161to, zajedni\u010dka kandidatkinja Hrvatskog narodnog sabora BiH za hrvatskog \u010dlana Predsjedni\u0161tva BiH na ve\u010deras odr\u017eanom predizbornom skupu u \u0160irokom Brijegu.<\/strong><\/p>\n\n\n\n<figure class=\"wp-block-image\"><img decoding=\"async\" src=\"https:\/\/hms.ba\/wp-content\/uploads\/2022\/09\/2022-09-22-Siroki-Brijeg-0024-Copy.jpg\" alt=\"\"\/><\/figure>\n\n\n\n<p>\u201eNa\u0161e najva\u017enije politi\u010dko pitanje je ustavnopravni polo\u017eaj hrvatskog naroda u BiH. BiH je definirana kao domovina tri konstitutivna naroda, Hrvata, Bo\u0161njaka i Srba, nepravdeno podjeljena na dva entiteta, uz to imamo stalne nasrtaje na na\u0161a Ustavom zajam\u010dena prava, prava konstitutivnog naroda. Poru\u010dimo im da je BiH na\u0161a domovina i da rje\u0161enja na principu ustavne jednakopravnosti hrvatskog naroda s druga dva naroda BiH, jam\u010de njenu opstojnosti, sigurnosti i europsku budu\u0107nosti\u201c, poru\u010dila je Kri\u0161to.<\/p>\n\n\n\n<figure class=\"wp-block-image\"><img decoding=\"async\" src=\"https:\/\/hms.ba\/wp-content\/uploads\/2022\/09\/2022-09-22-Siroki-Brijeg-0002-Copy.jpg\" alt=\"\"\/><\/figure>\n\n\n\n<p>\u201eSamo kroz svoje legitimne politi\u010dke predstavnike i kroz institucije i tijela zakonodavne i izvr\u0161ne vlasti mo\u017eemo ostvariti svoju ustavnu jednakopravnost, izboriti bolji i kvalitetniji \u017eivot za svakog \u010dovjeka. Ova Bosna i Hercegovina je i na\u0161a domovina, domovina koju gradimo, izgra\u0111ujemo, a ne dijelimo i ne ru\u0161imo. Hrvati nisu podstanari u BiH, nego suveren, konstitutivan i ustavotvoran narod\u201c, zaklju\u010dila je Kri\u0161to te pozvala na iskazivanje zajedni\u0161tva danas i u budu\u0107nosti, kada god bude potrebno za hrvatski narod.<\/p>\n\n\n\n<figure class=\"wp-block-image\"><img decoding=\"async\" src=\"https:\/\/hms.ba\/wp-content\/uploads\/2022\/09\/2022-09-22-Siroki-Brijeg-0036-Copy.jpg\" alt=\"\"\/><\/figure>\n\n\n\n<p>Darijana Filipovi\u0107, dopredsjednica HDZ-a BiH i nositeljica liste za Zastupni\u010dki dom Parlamentarne skup\u0161tine BiH poru\u010dila je kako je BiH suo\u010dena s brojnim politi\u010dkim, gospodarskim, socijalnim, demografskim i drugim izazovima i problemima.<\/p>\n\n\n\n<figure class=\"wp-block-image\"><img decoding=\"async\" src=\"https:\/\/hms.ba\/wp-content\/uploads\/2022\/09\/2022-09-22-Siroki-Brijeg-0054-Copy.jpg\" alt=\"\"\/><\/figure>\n\n\n\n<p>\u201eTo \u017eelimo mjenjati u budu\u0107nosti. Da to mo\u017eemo i znamo, pokazuje na\u0161 izborni program koji smo nazvali Stvaramo promjene za budu\u0107nost. Da imamo odva\u017ene i sposobne ljude za takvo \u0161to, pokazao je Hrvatski narodni sabor BiH kandidirav\u0161i jednu zajedni\u010dku kandidatkinju gospo\u0111u Borajanu Kri\u0161to za na\u0161u budu\u0107u hrvatsku \u010dlanicu Predsjedni\u0161tva BiH. Svjesni smo da izbore prate politi\u010dki procesi koji \u0107e odrediti kakva \u0107e biti budu\u0107nost BiH, stoga, izbor koji pravimo 2. listopada nije izbor za nas kandidate i za na\u0161e liste. 2. listopada izbor je glasa Hrvata u kakvoj BiH \u017eelimo \u017eivjeti\u201c, poru\u010dila je Filipovi\u0107.<\/p>\n\n\n\n<figure class=\"wp-block-image\"><img decoding=\"async\" src=\"https:\/\/hms.ba\/wp-content\/uploads\/2022\/09\/2022-09-22-Siroki-Brijeg-0004-Copy.jpg\" alt=\"\"\/><\/figure>\n\n\n\n<p>\u201eKao nositelj liste za Parlament Federacije BiH, institucije koja je usmjerena na ja\u010danje unutarnje dru\u0161tvene stabilnosti i osiguranje dugoro\u010dno odr\u017eivog i stabilnog sustava koji \u0107e Federaciju BiH u\u010diniti konkurentnijom. HDZ BiH i stranke okupljene oko Hrvatskog narodnog sabora, nude rje\u0161enja i programe, a te programe iz godine u godinu pretvaramo u stvarnost. \u017delimo osigurati \u017eivot po mjeri \u010dovjeka koji mo\u017ee raditi i \u017eivjeti od svog rada, kako u gradovima tako i na selima. Stoljetna \u017ertva na\u0161ega naroda u borbi za ostanak i opstanak na ovim prostorima sve nas danas obvezuje biti ustrajan, dosljedan, nepokolebljiv i u slu\u017ebi svog naroda\u201c, kazao je Stanko Musa, nositelj liste za Parlament Federacije BiH, uz poziv da 2. listopada povjerenje iska\u017eemo na\u0161oj zajedni\u010dkoj kandidatkinji za hrvatskog \u010dlana Predsjedni\u0161tva BiH gospo\u0111i Borjani Kri\u0161to kao i svim kandidatima na listama HDZ BiH i HNS-a.<\/p>\n\n\n\n<p>Zdenko \u0106osi\u0107, dopredsjednik HDZ-a BiH i nositelj \u017eupanijske liste za Skup\u0161tinu \u017dupanije Zapadnohercegova\u010dke kazao je kako se ova \u017eupanija isti\u010de kao najrazvijenija \u017eupanija u Federaciji.<\/p>\n\n\n\n<p>\u201eOva \u017dupanija je najkvalitetnije razvila sustave socijalne za\u0161tite, unato\u010d nepravdi pri raspodjeli sredstava od neizravnih poreza. Ova \u017eupanija uz dobre izborne rezultate daje tri \u010dlana u Dom naroda Parlamenta Federacije BiH\u201c, istaknuo je \u0106osi\u0107.<\/p>\n\n\n\n<figure class=\"wp-block-image\"><img decoding=\"async\" src=\"https:\/\/hms.ba\/wp-content\/uploads\/2022\/09\/2022-09-22-Siroki-Brijeg-0048-Copy.jpg\" alt=\"\"\/><\/figure>\n\n\n\n<p>\u0106osi\u0107 je govorio kako se biraju liste za skup\u0161tinu, Federaciju i Parlamentarnu skup\u0161tinu BiH, a nema liste za Doma naroda.<\/p>\n\n\n\n<p>\u201eU medijima ve\u0107 godinama slu\u0161amo da su svi ti politi\u010dki mitraljezi sarajevske velikobo\u0161nja\u010dke politike usmjereni upravo prema domu naroda. Zato \u0161to je to posljednja crta obrane na\u0161ih hrvatskih interesa u Bosni i Hercegovini\u201c, istaknuo je \u0106osi\u0107, te pozvao na jedninstvo i obranu hrvatskih politi\u010dkih interesa 2. listopada.<\/p>\n\n\n\n<p>Doma\u0107in ve\u010dera\u0161njeg skupa Miro Kraljevi\u0107, predsjednik Gradskog odbora HDZ-a BiH \u0160iroki Brijeg i gradona\u010delnik \u0160irokog Brijega, tako\u0111er je pozdravio nazo\u010dne i prezentirao pobjedni\u010dki izborni plan za \u0160iroki Brijeg.<\/p>\n\n\n\n<p>\/HMS\/<\/p>\n","protected":false},"excerpt":{"rendered":"<p>\u201ePrvi put imamo zajedni\u010dkog kandidata svih hrvatskih stranaka okupljenih u Hrvatski narodni sabor BiH. U ove izbore idemo po neizmjenjenim izbornim pravilima, nismo imali pravo na politi\u010dki pluralizam. Kandidaturom zajedni\u010dkog kandidata, poslali smo poruku svima. BiH je na\u0161a domovina i samo hrvatski narod mo\u017ee odlu\u010diti tko \u0107e ga predstavljati u institucijama gdje se \u0161tite kolektivna, [&hellip;]<\/p>\n","protected":false},"author":2,"featured_media":183124,"comment_status":"closed","ping_status":"closed","sticky":false,"template":"","format":"standard","meta":{"h5ap_radio_sources":[],"footnotes":""},"categories":[1],"tags":[],"class_list":["post-183123","post","type-post","status-publish","format-standard","has-post-thumbnail","hentry","category-bihiregija"],"yoast_head":"<!-- This site is optimized with the Yoast SEO plugin v27.4 - https:\/\/yoast.com\/product\/yoast-seo-wordpress\/ -->\n<title>Kri\u0161to u \u0160irokom Brijegu: Samo jednakopravnost Hrvata jam\u010di opstojnost BiH - RADIO LJUBU\u0160KI<\/title>\n<meta name=\"robots\" content=\"index, follow, max-snippet:-1, max-image-preview:large, max-video-preview:-1\" \/>\n<link rel=\"canonical\" href=\"https:\/\/radioljubuski.ba\/index.php\/2022\/09\/22\/kristo-u-sirokom-brijegu-samo-jednakopravnost-hrvata-jamci-opstojnost-bih\/\" \/>\n<meta property=\"og:locale\" content=\"hr_HR\" \/>\n<meta property=\"og:type\" content=\"article\" \/>\n<meta property=\"og:title\" content=\"Kri\u0161to u \u0160irokom Brijegu: Samo jednakopravnost Hrvata jam\u010di opstojnost BiH - RADIO LJUBU\u0160KI\" \/>\n<meta property=\"og:description\" content=\"\u201ePrvi put imamo zajedni\u010dkog kandidata svih hrvatskih stranaka okupljenih u Hrvatski narodni sabor BiH. U ove izbore idemo po neizmjenjenim izbornim pravilima, nismo imali pravo na politi\u010dki pluralizam. Kandidaturom zajedni\u010dkog kandidata, poslali smo poruku svima. BiH je na\u0161a domovina i samo hrvatski narod mo\u017ee odlu\u010diti tko \u0107e ga predstavljati u institucijama gdje se \u0161tite kolektivna, [&hellip;]\" \/>\n<meta property=\"og:url\" content=\"https:\/\/radioljubuski.ba\/index.php\/2022\/09\/22\/kristo-u-sirokom-brijegu-samo-jednakopravnost-hrvata-jamci-opstojnost-bih\/\" \/>\n<meta property=\"og:site_name\" content=\"RADIO LJUBU\u0160KI\" \/>\n<meta property=\"article:publisher\" content=\"https:\/\/www.facebook.com\/Radiio-Ljubuski-1490835324566332\" \/>\n<meta property=\"article:published_time\" content=\"2022-09-22T21:52:29+00:00\" \/>\n<meta property=\"article:modified_time\" content=\"2022-09-22T21:52:30+00:00\" \/>\n<meta property=\"og:image\" content=\"https:\/\/radioljubuski.ba\/wp-content\/uploads\/2022\/09\/2022-09-22-Siroki-Brijeg-0012-Copy-1068x712-1.jpg\" \/>\n\t<meta property=\"og:image:width\" content=\"1068\" \/>\n\t<meta property=\"og:image:height\" content=\"712\" \/>\n\t<meta property=\"og:image:type\" content=\"image\/jpeg\" \/>\n<meta name=\"author\" content=\"Radio Ljubu\u0161ki\" \/>\n<meta name=\"twitter:card\" content=\"summary_large_image\" \/>\n<meta name=\"twitter:creator\" content=\"@radioljubuski\" \/>\n<meta name=\"twitter:site\" content=\"@radioljubuski\" \/>\n<meta name=\"twitter:label1\" content=\"Napisao\/la\" \/>\n\t<meta name=\"twitter:data1\" content=\"Radio Ljubu\u0161ki\" \/>\n\t<meta name=\"twitter:label2\" content=\"Procijenjeno vrijeme \u010ditanja\" \/>\n\t<meta name=\"twitter:data2\" content=\"5 minuta\" \/>\n<script type=\"application\/ld+json\" class=\"yoast-schema-graph\">{\"@context\":\"https:\\\/\\\/schema.org\",\"@graph\":[{\"@type\":\"Article\",\"@id\":\"https:\\\/\\\/radioljubuski.ba\\\/index.php\\\/2022\\\/09\\\/22\\\/kristo-u-sirokom-brijegu-samo-jednakopravnost-hrvata-jamci-opstojnost-bih\\\/#article\",\"isPartOf\":{\"@id\":\"https:\\\/\\\/radioljubuski.ba\\\/index.php\\\/2022\\\/09\\\/22\\\/kristo-u-sirokom-brijegu-samo-jednakopravnost-hrvata-jamci-opstojnost-bih\\\/\"},\"author\":{\"name\":\"Radio Ljubu\u0161ki\",\"@id\":\"https:\\\/\\\/radioljubuski.ba\\\/#\\\/schema\\\/person\\\/19fc700381a780f69665d7956c469e3b\"},\"headline\":\"Kri\u0161to u \u0160irokom Brijegu: Samo jednakopravnost Hrvata jam\u010di opstojnost BiH\",\"datePublished\":\"2022-09-22T21:52:29+00:00\",\"dateModified\":\"2022-09-22T21:52:30+00:00\",\"mainEntityOfPage\":{\"@id\":\"https:\\\/\\\/radioljubuski.ba\\\/index.php\\\/2022\\\/09\\\/22\\\/kristo-u-sirokom-brijegu-samo-jednakopravnost-hrvata-jamci-opstojnost-bih\\\/\"},\"wordCount\":745,\"publisher\":{\"@id\":\"https:\\\/\\\/radioljubuski.ba\\\/#organization\"},\"image\":{\"@id\":\"https:\\\/\\\/radioljubuski.ba\\\/index.php\\\/2022\\\/09\\\/22\\\/kristo-u-sirokom-brijegu-samo-jednakopravnost-hrvata-jamci-opstojnost-bih\\\/#primaryimage\"},\"thumbnailUrl\":\"https:\\\/\\\/radioljubuski.ba\\\/wp-content\\\/uploads\\\/2022\\\/09\\\/2022-09-22-Siroki-Brijeg-0012-Copy-1068x712-1.jpg\",\"articleSection\":[\"BIH i regija\"],\"inLanguage\":\"hr\"},{\"@type\":\"WebPage\",\"@id\":\"https:\\\/\\\/radioljubuski.ba\\\/index.php\\\/2022\\\/09\\\/22\\\/kristo-u-sirokom-brijegu-samo-jednakopravnost-hrvata-jamci-opstojnost-bih\\\/\",\"url\":\"https:\\\/\\\/radioljubuski.ba\\\/index.php\\\/2022\\\/09\\\/22\\\/kristo-u-sirokom-brijegu-samo-jednakopravnost-hrvata-jamci-opstojnost-bih\\\/\",\"name\":\"Kri\u0161to u \u0160irokom Brijegu: Samo jednakopravnost Hrvata jam\u010di opstojnost BiH - RADIO LJUBU\u0160KI\",\"isPartOf\":{\"@id\":\"https:\\\/\\\/radioljubuski.ba\\\/#website\"},\"primaryImageOfPage\":{\"@id\":\"https:\\\/\\\/radioljubuski.ba\\\/index.php\\\/2022\\\/09\\\/22\\\/kristo-u-sirokom-brijegu-samo-jednakopravnost-hrvata-jamci-opstojnost-bih\\\/#primaryimage\"},\"image\":{\"@id\":\"https:\\\/\\\/radioljubuski.ba\\\/index.php\\\/2022\\\/09\\\/22\\\/kristo-u-sirokom-brijegu-samo-jednakopravnost-hrvata-jamci-opstojnost-bih\\\/#primaryimage\"},\"thumbnailUrl\":\"https:\\\/\\\/radioljubuski.ba\\\/wp-content\\\/uploads\\\/2022\\\/09\\\/2022-09-22-Siroki-Brijeg-0012-Copy-1068x712-1.jpg\",\"datePublished\":\"2022-09-22T21:52:29+00:00\",\"dateModified\":\"2022-09-22T21:52:30+00:00\",\"breadcrumb\":{\"@id\":\"https:\\\/\\\/radioljubuski.ba\\\/index.php\\\/2022\\\/09\\\/22\\\/kristo-u-sirokom-brijegu-samo-jednakopravnost-hrvata-jamci-opstojnost-bih\\\/#breadcrumb\"},\"inLanguage\":\"hr\",\"potentialAction\":[{\"@type\":\"ReadAction\",\"target\":[\"https:\\\/\\\/radioljubuski.ba\\\/index.php\\\/2022\\\/09\\\/22\\\/kristo-u-sirokom-brijegu-samo-jednakopravnost-hrvata-jamci-opstojnost-bih\\\/\"]}]},{\"@type\":\"ImageObject\",\"inLanguage\":\"hr\",\"@id\":\"https:\\\/\\\/radioljubuski.ba\\\/index.php\\\/2022\\\/09\\\/22\\\/kristo-u-sirokom-brijegu-samo-jednakopravnost-hrvata-jamci-opstojnost-bih\\\/#primaryimage\",\"url\":\"https:\\\/\\\/radioljubuski.ba\\\/wp-content\\\/uploads\\\/2022\\\/09\\\/2022-09-22-Siroki-Brijeg-0012-Copy-1068x712-1.jpg\",\"contentUrl\":\"https:\\\/\\\/radioljubuski.ba\\\/wp-content\\\/uploads\\\/2022\\\/09\\\/2022-09-22-Siroki-Brijeg-0012-Copy-1068x712-1.jpg\",\"width\":1068,\"height\":712},{\"@type\":\"BreadcrumbList\",\"@id\":\"https:\\\/\\\/radioljubuski.ba\\\/index.php\\\/2022\\\/09\\\/22\\\/kristo-u-sirokom-brijegu-samo-jednakopravnost-hrvata-jamci-opstojnost-bih\\\/#breadcrumb\",\"itemListElement\":[{\"@type\":\"ListItem\",\"position\":1,\"name\":\"Po\u010detna stranica\",\"item\":\"https:\\\/\\\/radioljubuski.ba\\\/\"},{\"@type\":\"ListItem\",\"position\":2,\"name\":\"Kri\u0161to u \u0160irokom Brijegu: Samo jednakopravnost Hrvata jam\u010di opstojnost BiH\"}]},{\"@type\":\"WebSite\",\"@id\":\"https:\\\/\\\/radioljubuski.ba\\\/#website\",\"url\":\"https:\\\/\\\/radioljubuski.ba\\\/\",\"name\":\"Radio Ljubu\u0161ki\",\"description\":\"Sun\u010dana frekvencija Hercegovine\",\"publisher\":{\"@id\":\"https:\\\/\\\/radioljubuski.ba\\\/#organization\"},\"potentialAction\":[{\"@type\":\"SearchAction\",\"target\":{\"@type\":\"EntryPoint\",\"urlTemplate\":\"https:\\\/\\\/radioljubuski.ba\\\/?s={search_term_string}\"},\"query-input\":{\"@type\":\"PropertyValueSpecification\",\"valueRequired\":true,\"valueName\":\"search_term_string\"}}],\"inLanguage\":\"hr\"},{\"@type\":\"Organization\",\"@id\":\"https:\\\/\\\/radioljubuski.ba\\\/#organization\",\"name\":\"Radio Ljubu\u0161ki\",\"url\":\"https:\\\/\\\/radioljubuski.ba\\\/\",\"logo\":{\"@type\":\"ImageObject\",\"inLanguage\":\"hr\",\"@id\":\"https:\\\/\\\/radioljubuski.ba\\\/#\\\/schema\\\/logo\\\/image\\\/\",\"url\":\"https:\\\/\\\/radioljubuski.ba\\\/wp-content\\\/uploads\\\/2021\\\/02\\\/cropped-Radio_Ljubuski_logo1.jpg\",\"contentUrl\":\"https:\\\/\\\/radioljubuski.ba\\\/wp-content\\\/uploads\\\/2021\\\/02\\\/cropped-Radio_Ljubuski_logo1.jpg\",\"width\":512,\"height\":512,\"caption\":\"Radio Ljubu\u0161ki\"},\"image\":{\"@id\":\"https:\\\/\\\/radioljubuski.ba\\\/#\\\/schema\\\/logo\\\/image\\\/\"},\"sameAs\":[\"https:\\\/\\\/www.facebook.com\\\/Radiio-Ljubuski-1490835324566332\",\"https:\\\/\\\/x.com\\\/radioljubuski\",\"https:\\\/\\\/hr.linkedin.com\\\/company\\\/radio-ljubuski\",\"https:\\\/\\\/www.youtube.com\\\/channel\\\/UCHYaeO_n0Db3tjNGudGpXyw\"]},{\"@type\":\"Person\",\"@id\":\"https:\\\/\\\/radioljubuski.ba\\\/#\\\/schema\\\/person\\\/19fc700381a780f69665d7956c469e3b\",\"name\":\"Radio Ljubu\u0161ki\"}]}<\/script>\n<!-- \/ Yoast SEO plugin. -->","yoast_head_json":{"title":"Kri\u0161to u \u0160irokom Brijegu: Samo jednakopravnost Hrvata jam\u010di opstojnost BiH - RADIO LJUBU\u0160KI","robots":{"index":"index","follow":"follow","max-snippet":"max-snippet:-1","max-image-preview":"max-image-preview:large","max-video-preview":"max-video-preview:-1"},"canonical":"https:\/\/radioljubuski.ba\/index.php\/2022\/09\/22\/kristo-u-sirokom-brijegu-samo-jednakopravnost-hrvata-jamci-opstojnost-bih\/","og_locale":"hr_HR","og_type":"article","og_title":"Kri\u0161to u \u0160irokom Brijegu: Samo jednakopravnost Hrvata jam\u010di opstojnost BiH - RADIO LJUBU\u0160KI","og_description":"\u201ePrvi put imamo zajedni\u010dkog kandidata svih hrvatskih stranaka okupljenih u Hrvatski narodni sabor BiH. U ove izbore idemo po neizmjenjenim izbornim pravilima, nismo imali pravo na politi\u010dki pluralizam. Kandidaturom zajedni\u010dkog kandidata, poslali smo poruku svima. BiH je na\u0161a domovina i samo hrvatski narod mo\u017ee odlu\u010diti tko \u0107e ga predstavljati u institucijama gdje se \u0161tite kolektivna, [&hellip;]","og_url":"https:\/\/radioljubuski.ba\/index.php\/2022\/09\/22\/kristo-u-sirokom-brijegu-samo-jednakopravnost-hrvata-jamci-opstojnost-bih\/","og_site_name":"RADIO LJUBU\u0160KI","article_publisher":"https:\/\/www.facebook.com\/Radiio-Ljubuski-1490835324566332","article_published_time":"2022-09-22T21:52:29+00:00","article_modified_time":"2022-09-22T21:52:30+00:00","og_image":[{"width":1068,"height":712,"url":"https:\/\/radioljubuski.ba\/wp-content\/uploads\/2022\/09\/2022-09-22-Siroki-Brijeg-0012-Copy-1068x712-1.jpg","type":"image\/jpeg"}],"author":"Radio Ljubu\u0161ki","twitter_card":"summary_large_image","twitter_creator":"@radioljubuski","twitter_site":"@radioljubuski","twitter_misc":{"Napisao\/la":"Radio Ljubu\u0161ki","Procijenjeno vrijeme \u010ditanja":"5 minuta"},"schema":{"@context":"https:\/\/schema.org","@graph":[{"@type":"Article","@id":"https:\/\/radioljubuski.ba\/index.php\/2022\/09\/22\/kristo-u-sirokom-brijegu-samo-jednakopravnost-hrvata-jamci-opstojnost-bih\/#article","isPartOf":{"@id":"https:\/\/radioljubuski.ba\/index.php\/2022\/09\/22\/kristo-u-sirokom-brijegu-samo-jednakopravnost-hrvata-jamci-opstojnost-bih\/"},"author":{"name":"Radio Ljubu\u0161ki","@id":"https:\/\/radioljubuski.ba\/#\/schema\/person\/19fc700381a780f69665d7956c469e3b"},"headline":"Kri\u0161to u \u0160irokom Brijegu: Samo jednakopravnost Hrvata jam\u010di opstojnost BiH","datePublished":"2022-09-22T21:52:29+00:00","dateModified":"2022-09-22T21:52:30+00:00","mainEntityOfPage":{"@id":"https:\/\/radioljubuski.ba\/index.php\/2022\/09\/22\/kristo-u-sirokom-brijegu-samo-jednakopravnost-hrvata-jamci-opstojnost-bih\/"},"wordCount":745,"publisher":{"@id":"https:\/\/radioljubuski.ba\/#organization"},"image":{"@id":"https:\/\/radioljubuski.ba\/index.php\/2022\/09\/22\/kristo-u-sirokom-brijegu-samo-jednakopravnost-hrvata-jamci-opstojnost-bih\/#primaryimage"},"thumbnailUrl":"https:\/\/radioljubuski.ba\/wp-content\/uploads\/2022\/09\/2022-09-22-Siroki-Brijeg-0012-Copy-1068x712-1.jpg","articleSection":["BIH i regija"],"inLanguage":"hr"},{"@type":"WebPage","@id":"https:\/\/radioljubuski.ba\/index.php\/2022\/09\/22\/kristo-u-sirokom-brijegu-samo-jednakopravnost-hrvata-jamci-opstojnost-bih\/","url":"https:\/\/radioljubuski.ba\/index.php\/2022\/09\/22\/kristo-u-sirokom-brijegu-samo-jednakopravnost-hrvata-jamci-opstojnost-bih\/","name":"Kri\u0161to u \u0160irokom Brijegu: Samo jednakopravnost Hrvata jam\u010di opstojnost BiH - RADIO LJUBU\u0160KI","isPartOf":{"@id":"https:\/\/radioljubuski.ba\/#website"},"primaryImageOfPage":{"@id":"https:\/\/radioljubuski.ba\/index.php\/2022\/09\/22\/kristo-u-sirokom-brijegu-samo-jednakopravnost-hrvata-jamci-opstojnost-bih\/#primaryimage"},"image":{"@id":"https:\/\/radioljubuski.ba\/index.php\/2022\/09\/22\/kristo-u-sirokom-brijegu-samo-jednakopravnost-hrvata-jamci-opstojnost-bih\/#primaryimage"},"thumbnailUrl":"https:\/\/radioljubuski.ba\/wp-content\/uploads\/2022\/09\/2022-09-22-Siroki-Brijeg-0012-Copy-1068x712-1.jpg","datePublished":"2022-09-22T21:52:29+00:00","dateModified":"2022-09-22T21:52:30+00:00","breadcrumb":{"@id":"https:\/\/radioljubuski.ba\/index.php\/2022\/09\/22\/kristo-u-sirokom-brijegu-samo-jednakopravnost-hrvata-jamci-opstojnost-bih\/#breadcrumb"},"inLanguage":"hr","potentialAction":[{"@type":"ReadAction","target":["https:\/\/radioljubuski.ba\/index.php\/2022\/09\/22\/kristo-u-sirokom-brijegu-samo-jednakopravnost-hrvata-jamci-opstojnost-bih\/"]}]},{"@type":"ImageObject","inLanguage":"hr","@id":"https:\/\/radioljubuski.ba\/index.php\/2022\/09\/22\/kristo-u-sirokom-brijegu-samo-jednakopravnost-hrvata-jamci-opstojnost-bih\/#primaryimage","url":"https:\/\/radioljubuski.ba\/wp-content\/uploads\/2022\/09\/2022-09-22-Siroki-Brijeg-0012-Copy-1068x712-1.jpg","contentUrl":"https:\/\/radioljubuski.ba\/wp-content\/uploads\/2022\/09\/2022-09-22-Siroki-Brijeg-0012-Copy-1068x712-1.jpg","width":1068,"height":712},{"@type":"BreadcrumbList","@id":"https:\/\/radioljubuski.ba\/index.php\/2022\/09\/22\/kristo-u-sirokom-brijegu-samo-jednakopravnost-hrvata-jamci-opstojnost-bih\/#breadcrumb","itemListElement":[{"@type":"ListItem","position":1,"name":"Po\u010detna stranica","item":"https:\/\/radioljubuski.ba\/"},{"@type":"ListItem","position":2,"name":"Kri\u0161to u \u0160irokom Brijegu: Samo jednakopravnost Hrvata jam\u010di opstojnost BiH"}]},{"@type":"WebSite","@id":"https:\/\/radioljubuski.ba\/#website","url":"https:\/\/radioljubuski.ba\/","name":"Radio Ljubu\u0161ki","description":"Sun\u010dana frekvencija Hercegovine","publisher":{"@id":"https:\/\/radioljubuski.ba\/#organization"},"potentialAction":[{"@type":"SearchAction","target":{"@type":"EntryPoint","urlTemplate":"https:\/\/radioljubuski.ba\/?s={search_term_string}"},"query-input":{"@type":"PropertyValueSpecification","valueRequired":true,"valueName":"search_term_string"}}],"inLanguage":"hr"},{"@type":"Organization","@id":"https:\/\/radioljubuski.ba\/#organization","name":"Radio Ljubu\u0161ki","url":"https:\/\/radioljubuski.ba\/","logo":{"@type":"ImageObject","inLanguage":"hr","@id":"https:\/\/radioljubuski.ba\/#\/schema\/logo\/image\/","url":"https:\/\/radioljubuski.ba\/wp-content\/uploads\/2021\/02\/cropped-Radio_Ljubuski_logo1.jpg","contentUrl":"https:\/\/radioljubuski.ba\/wp-content\/uploads\/2021\/02\/cropped-Radio_Ljubuski_logo1.jpg","width":512,"height":512,"caption":"Radio Ljubu\u0161ki"},"image":{"@id":"https:\/\/radioljubuski.ba\/#\/schema\/logo\/image\/"},"sameAs":["https:\/\/www.facebook.com\/Radiio-Ljubuski-1490835324566332","https:\/\/x.com\/radioljubuski","https:\/\/hr.linkedin.com\/company\/radio-ljubuski","https:\/\/www.youtube.com\/channel\/UCHYaeO_n0Db3tjNGudGpXyw"]},{"@type":"Person","@id":"https:\/\/radioljubuski.ba\/#\/schema\/person\/19fc700381a780f69665d7956c469e3b","name":"Radio Ljubu\u0161ki"}]}},"_links":{"self":[{"href":"https:\/\/radioljubuski.ba\/index.php\/wp-json\/wp\/v2\/posts\/183123","targetHints":{"allow":["GET"]}}],"collection":[{"href":"https:\/\/radioljubuski.ba\/index.php\/wp-json\/wp\/v2\/posts"}],"about":[{"href":"https:\/\/radioljubuski.ba\/index.php\/wp-json\/wp\/v2\/types\/post"}],"author":[{"embeddable":true,"href":"https:\/\/radioljubuski.ba\/index.php\/wp-json\/wp\/v2\/users\/2"}],"replies":[{"embeddable":true,"href":"https:\/\/radioljubuski.ba\/index.php\/wp-json\/wp\/v2\/comments?post=183123"}],"version-history":[{"count":1,"href":"https:\/\/radioljubuski.ba\/index.php\/wp-json\/wp\/v2\/posts\/183123\/revisions"}],"predecessor-version":[{"id":183125,"href":"https:\/\/radioljubuski.ba\/index.php\/wp-json\/wp\/v2\/posts\/183123\/revisions\/183125"}],"wp:featuredmedia":[{"embeddable":true,"href":"https:\/\/radioljubuski.ba\/index.php\/wp-json\/wp\/v2\/media\/183124"}],"wp:attachment":[{"href":"https:\/\/radioljubuski.ba\/index.php\/wp-json\/wp\/v2\/media?parent=183123"}],"wp:term":[{"taxonomy":"category","embeddable":true,"href":"https:\/\/radioljubuski.ba\/index.php\/wp-json\/wp\/v2\/categories?post=183123"},{"taxonomy":"post_tag","embeddable":true,"href":"https:\/\/radioljubuski.ba\/index.php\/wp-json\/wp\/v2\/tags?post=183123"}],"curies":[{"name":"wp","href":"https:\/\/api.w.org\/{rel}","templated":true}]}}