{"id":183156,"date":"2022-09-22T23:10:56","date_gmt":"2022-09-22T22:10:56","guid":{"rendered":"https:\/\/radioljubuski.ba\/?p=183156"},"modified":"2022-09-22T23:10:57","modified_gmt":"2022-09-22T22:10:57","slug":"slucaj-koji-je-izazvao-bijes-u-njemackoj-ubojica-djeteta-mogao-bi-biti-pusten-na-slobodu-2025-godine","status":"publish","type":"post","link":"https:\/\/radioljubuski.ba\/index.php\/2022\/09\/22\/slucaj-koji-je-izazvao-bijes-u-njemackoj-ubojica-djeteta-mogao-bi-biti-pusten-na-slobodu-2025-godine\/","title":{"rendered":"Slu\u010daj koji je izazvao bijes u Njema\u010dkoj: Ubojica djeteta mogao bi biti pu\u0161ten na slobodu 2025. godine"},"content":{"rendered":"\n<p>Ubojica malog Jakoba von Metzlera (11) ostaje u pritvoru. Mu\u0161karac, koji se prije zvao Magnus G\u00e4fgen, a u me\u0111uvremenu je promijenio ime, podnio je zahtjev za uvjetnu kaznu 2017. godine. U svibnju 2019. sud u Kasselu odbio je njegov zahtjev i odredio kaznu od minimalno 23 godine. To zna\u010di da je izlazak na slobodu mogu\u0107 u rujnu 2025. godine, navode njema\u010dki mediji, prenosi&nbsp;<a href=\"https:\/\/fenix-magazin.de\/slucaj-koji-je-izazvao-bijes-u-cijeloj-njemackoj-ubojica-djeteta-mogao-bi-biti-pusten-na-slobodu-2025-godine\/?swcfpc=1\">Fenix.<\/a><\/p>\n\n\n\n<p>Ubojica dje\u010daka je 2003. godine osu\u0111en na do\u017eivotni zatvor. To zna\u010di da je prijevremeni izlazak iz zatvora nakon 15 godina zakonski mogu\u0107, ali je u praksi gotovo nemogu\u0107.<\/p>\n\n\n\n<p><br>Slu\u010daj je izazvao bijes u cijeloj zemlji. Dana 27. rujna 2002. G\u00e4fgen je namamio jedanaestogodi\u0161njeg Jakoba, sina iz poznate bankarske obitelji, u svoj stan i ugu\u0161io ga selotejpom. Od obitelji je tra\u017eio otkupninu od milijun eura. Po\u010dinitelj je \u017eelio voditi \u201cluksuzan \u017eivot s bogatim prijateljima\u201d, stoji u presudi. Sud u Frankfurtu utvrdio je da je tada\u0161nji student prava od samog po\u010detka \u017eelio da dijete umre.<\/p>\n\n\n\n<p><br>Policija je otmi\u010daru prijetila, jer su mislili da je Jakob jo\u0161 \u017eiv<\/p>\n\n\n\n<p><br>Policija je G\u00e4fgena uhitila tri dana nakon otmice. Tek nakon prijetnje rekao je slu\u017ebenicima gdje je sakrio tijelo \u2013 policija je tada pretpostavila da je dijete \u017eivo i da treba hitnu pomo\u0107. Prijetnja tada\u0161njeg zamjenika na\u010delnika frankfurtske policije Wolfganga Daschnera tijekom ispitivanja izazvala je kontroverznu raspravu o mu\u010denju.<\/p>\n\n\n\n<p>G\u00e4fgen je ulo\u017eio brojne \u017ealbe, ali presuda nije poni\u0161tena. Kaznu slu\u017ei u Kasselu. Zbog boli koja mu je nanesena tijekom policijskog ispitivanja, pokrajina Hesse mu je na kraju morala isplatiti od\u0161tetu od 3.000 eura plus kamate.<\/p>\n\n\n\n<p><br>Promijenio je ime dok je bio u zatvoru, jer resocijalizacija nije bila mogu\u0107a kao \u201cMagnus G\u00e4fgen\u201d, javljaju njema\u010dki mediji.<\/p>\n\n\n\n<p>Izvor:fenix-magazin.de<\/p>\n","protected":false},"excerpt":{"rendered":"<p>Ubojica malog Jakoba von Metzlera (11) ostaje u pritvoru. Mu\u0161karac, koji se prije zvao Magnus G\u00e4fgen, a u me\u0111uvremenu je promijenio ime, podnio je zahtjev za uvjetnu kaznu 2017. godine. U svibnju 2019. sud u Kasselu odbio je njegov zahtjev i odredio kaznu od minimalno 23 godine. To zna\u010di da je izlazak na slobodu mogu\u0107 [&hellip;]<\/p>\n","protected":false},"author":2,"featured_media":23967,"comment_status":"closed","ping_status":"closed","sticky":false,"template":"","format":"standard","meta":{"h5ap_radio_sources":[],"footnotes":""},"categories":[1],"tags":[],"class_list":["post-183156","post","type-post","status-publish","format-standard","has-post-thumbnail","hentry","category-bihiregija"],"yoast_head":"<!-- This site is optimized with the Yoast SEO plugin v27.4 - https:\/\/yoast.com\/product\/yoast-seo-wordpress\/ -->\n<title>Slu\u010daj koji je izazvao bijes u Njema\u010dkoj: Ubojica djeteta mogao bi biti pu\u0161ten na slobodu 2025. godine - RADIO LJUBU\u0160KI<\/title>\n<meta name=\"robots\" content=\"index, follow, max-snippet:-1, max-image-preview:large, max-video-preview:-1\" \/>\n<link rel=\"canonical\" href=\"https:\/\/radioljubuski.ba\/index.php\/2022\/09\/22\/slucaj-koji-je-izazvao-bijes-u-njemackoj-ubojica-djeteta-mogao-bi-biti-pusten-na-slobodu-2025-godine\/\" \/>\n<meta property=\"og:locale\" content=\"hr_HR\" \/>\n<meta property=\"og:type\" content=\"article\" \/>\n<meta property=\"og:title\" content=\"Slu\u010daj koji je izazvao bijes u Njema\u010dkoj: Ubojica djeteta mogao bi biti pu\u0161ten na slobodu 2025. godine - RADIO LJUBU\u0160KI\" \/>\n<meta property=\"og:description\" content=\"Ubojica malog Jakoba von Metzlera (11) ostaje u pritvoru. Mu\u0161karac, koji se prije zvao Magnus G\u00e4fgen, a u me\u0111uvremenu je promijenio ime, podnio je zahtjev za uvjetnu kaznu 2017. godine. U svibnju 2019. sud u Kasselu odbio je njegov zahtjev i odredio kaznu od minimalno 23 godine. To zna\u010di da je izlazak na slobodu mogu\u0107 [&hellip;]\" \/>\n<meta property=\"og:url\" content=\"https:\/\/radioljubuski.ba\/index.php\/2022\/09\/22\/slucaj-koji-je-izazvao-bijes-u-njemackoj-ubojica-djeteta-mogao-bi-biti-pusten-na-slobodu-2025-godine\/\" \/>\n<meta property=\"og:site_name\" content=\"RADIO LJUBU\u0160KI\" \/>\n<meta property=\"article:publisher\" content=\"https:\/\/www.facebook.com\/Radiio-Ljubuski-1490835324566332\" \/>\n<meta property=\"article:published_time\" content=\"2022-09-22T22:10:56+00:00\" \/>\n<meta property=\"article:modified_time\" content=\"2022-09-22T22:10:57+00:00\" \/>\n<meta property=\"og:image\" content=\"https:\/\/radioljubuski.ba\/wp-content\/uploads\/2021\/05\/policija_njemacka_gi.png\" \/>\n\t<meta property=\"og:image:width\" content=\"840\" \/>\n\t<meta property=\"og:image:height\" content=\"470\" \/>\n\t<meta property=\"og:image:type\" content=\"image\/png\" \/>\n<meta name=\"author\" content=\"Radio Ljubu\u0161ki\" \/>\n<meta name=\"twitter:card\" content=\"summary_large_image\" \/>\n<meta name=\"twitter:creator\" content=\"@radioljubuski\" \/>\n<meta name=\"twitter:site\" content=\"@radioljubuski\" \/>\n<meta name=\"twitter:label1\" content=\"Napisao\/la\" \/>\n\t<meta name=\"twitter:data1\" content=\"Radio Ljubu\u0161ki\" \/>\n\t<meta name=\"twitter:label2\" content=\"Procijenjeno vrijeme \u010ditanja\" \/>\n\t<meta name=\"twitter:data2\" content=\"2 minute\" \/>\n<script type=\"application\/ld+json\" class=\"yoast-schema-graph\">{\"@context\":\"https:\\\/\\\/schema.org\",\"@graph\":[{\"@type\":\"Article\",\"@id\":\"https:\\\/\\\/radioljubuski.ba\\\/index.php\\\/2022\\\/09\\\/22\\\/slucaj-koji-je-izazvao-bijes-u-njemackoj-ubojica-djeteta-mogao-bi-biti-pusten-na-slobodu-2025-godine\\\/#article\",\"isPartOf\":{\"@id\":\"https:\\\/\\\/radioljubuski.ba\\\/index.php\\\/2022\\\/09\\\/22\\\/slucaj-koji-je-izazvao-bijes-u-njemackoj-ubojica-djeteta-mogao-bi-biti-pusten-na-slobodu-2025-godine\\\/\"},\"author\":{\"name\":\"Radio Ljubu\u0161ki\",\"@id\":\"https:\\\/\\\/radioljubuski.ba\\\/#\\\/schema\\\/person\\\/19fc700381a780f69665d7956c469e3b\"},\"headline\":\"Slu\u010daj koji je izazvao bijes u Njema\u010dkoj: Ubojica djeteta mogao bi biti pu\u0161ten na slobodu 2025. godine\",\"datePublished\":\"2022-09-22T22:10:56+00:00\",\"dateModified\":\"2022-09-22T22:10:57+00:00\",\"mainEntityOfPage\":{\"@id\":\"https:\\\/\\\/radioljubuski.ba\\\/index.php\\\/2022\\\/09\\\/22\\\/slucaj-koji-je-izazvao-bijes-u-njemackoj-ubojica-djeteta-mogao-bi-biti-pusten-na-slobodu-2025-godine\\\/\"},\"wordCount\":315,\"publisher\":{\"@id\":\"https:\\\/\\\/radioljubuski.ba\\\/#organization\"},\"image\":{\"@id\":\"https:\\\/\\\/radioljubuski.ba\\\/index.php\\\/2022\\\/09\\\/22\\\/slucaj-koji-je-izazvao-bijes-u-njemackoj-ubojica-djeteta-mogao-bi-biti-pusten-na-slobodu-2025-godine\\\/#primaryimage\"},\"thumbnailUrl\":\"https:\\\/\\\/radioljubuski.ba\\\/wp-content\\\/uploads\\\/2021\\\/05\\\/policija_njemacka_gi.png\",\"articleSection\":[\"BIH i regija\"],\"inLanguage\":\"hr\"},{\"@type\":\"WebPage\",\"@id\":\"https:\\\/\\\/radioljubuski.ba\\\/index.php\\\/2022\\\/09\\\/22\\\/slucaj-koji-je-izazvao-bijes-u-njemackoj-ubojica-djeteta-mogao-bi-biti-pusten-na-slobodu-2025-godine\\\/\",\"url\":\"https:\\\/\\\/radioljubuski.ba\\\/index.php\\\/2022\\\/09\\\/22\\\/slucaj-koji-je-izazvao-bijes-u-njemackoj-ubojica-djeteta-mogao-bi-biti-pusten-na-slobodu-2025-godine\\\/\",\"name\":\"Slu\u010daj koji je izazvao bijes u Njema\u010dkoj: Ubojica djeteta mogao bi biti pu\u0161ten na slobodu 2025. godine - RADIO LJUBU\u0160KI\",\"isPartOf\":{\"@id\":\"https:\\\/\\\/radioljubuski.ba\\\/#website\"},\"primaryImageOfPage\":{\"@id\":\"https:\\\/\\\/radioljubuski.ba\\\/index.php\\\/2022\\\/09\\\/22\\\/slucaj-koji-je-izazvao-bijes-u-njemackoj-ubojica-djeteta-mogao-bi-biti-pusten-na-slobodu-2025-godine\\\/#primaryimage\"},\"image\":{\"@id\":\"https:\\\/\\\/radioljubuski.ba\\\/index.php\\\/2022\\\/09\\\/22\\\/slucaj-koji-je-izazvao-bijes-u-njemackoj-ubojica-djeteta-mogao-bi-biti-pusten-na-slobodu-2025-godine\\\/#primaryimage\"},\"thumbnailUrl\":\"https:\\\/\\\/radioljubuski.ba\\\/wp-content\\\/uploads\\\/2021\\\/05\\\/policija_njemacka_gi.png\",\"datePublished\":\"2022-09-22T22:10:56+00:00\",\"dateModified\":\"2022-09-22T22:10:57+00:00\",\"breadcrumb\":{\"@id\":\"https:\\\/\\\/radioljubuski.ba\\\/index.php\\\/2022\\\/09\\\/22\\\/slucaj-koji-je-izazvao-bijes-u-njemackoj-ubojica-djeteta-mogao-bi-biti-pusten-na-slobodu-2025-godine\\\/#breadcrumb\"},\"inLanguage\":\"hr\",\"potentialAction\":[{\"@type\":\"ReadAction\",\"target\":[\"https:\\\/\\\/radioljubuski.ba\\\/index.php\\\/2022\\\/09\\\/22\\\/slucaj-koji-je-izazvao-bijes-u-njemackoj-ubojica-djeteta-mogao-bi-biti-pusten-na-slobodu-2025-godine\\\/\"]}]},{\"@type\":\"ImageObject\",\"inLanguage\":\"hr\",\"@id\":\"https:\\\/\\\/radioljubuski.ba\\\/index.php\\\/2022\\\/09\\\/22\\\/slucaj-koji-je-izazvao-bijes-u-njemackoj-ubojica-djeteta-mogao-bi-biti-pusten-na-slobodu-2025-godine\\\/#primaryimage\",\"url\":\"https:\\\/\\\/radioljubuski.ba\\\/wp-content\\\/uploads\\\/2021\\\/05\\\/policija_njemacka_gi.png\",\"contentUrl\":\"https:\\\/\\\/radioljubuski.ba\\\/wp-content\\\/uploads\\\/2021\\\/05\\\/policija_njemacka_gi.png\",\"width\":840,\"height\":470},{\"@type\":\"BreadcrumbList\",\"@id\":\"https:\\\/\\\/radioljubuski.ba\\\/index.php\\\/2022\\\/09\\\/22\\\/slucaj-koji-je-izazvao-bijes-u-njemackoj-ubojica-djeteta-mogao-bi-biti-pusten-na-slobodu-2025-godine\\\/#breadcrumb\",\"itemListElement\":[{\"@type\":\"ListItem\",\"position\":1,\"name\":\"Po\u010detna stranica\",\"item\":\"https:\\\/\\\/radioljubuski.ba\\\/\"},{\"@type\":\"ListItem\",\"position\":2,\"name\":\"Slu\u010daj koji je izazvao bijes u Njema\u010dkoj: Ubojica djeteta mogao bi biti pu\u0161ten na slobodu 2025. godine\"}]},{\"@type\":\"WebSite\",\"@id\":\"https:\\\/\\\/radioljubuski.ba\\\/#website\",\"url\":\"https:\\\/\\\/radioljubuski.ba\\\/\",\"name\":\"Radio Ljubu\u0161ki\",\"description\":\"Sun\u010dana frekvencija Hercegovine\",\"publisher\":{\"@id\":\"https:\\\/\\\/radioljubuski.ba\\\/#organization\"},\"potentialAction\":[{\"@type\":\"SearchAction\",\"target\":{\"@type\":\"EntryPoint\",\"urlTemplate\":\"https:\\\/\\\/radioljubuski.ba\\\/?s={search_term_string}\"},\"query-input\":{\"@type\":\"PropertyValueSpecification\",\"valueRequired\":true,\"valueName\":\"search_term_string\"}}],\"inLanguage\":\"hr\"},{\"@type\":\"Organization\",\"@id\":\"https:\\\/\\\/radioljubuski.ba\\\/#organization\",\"name\":\"Radio Ljubu\u0161ki\",\"url\":\"https:\\\/\\\/radioljubuski.ba\\\/\",\"logo\":{\"@type\":\"ImageObject\",\"inLanguage\":\"hr\",\"@id\":\"https:\\\/\\\/radioljubuski.ba\\\/#\\\/schema\\\/logo\\\/image\\\/\",\"url\":\"https:\\\/\\\/radioljubuski.ba\\\/wp-content\\\/uploads\\\/2021\\\/02\\\/cropped-Radio_Ljubuski_logo1.jpg\",\"contentUrl\":\"https:\\\/\\\/radioljubuski.ba\\\/wp-content\\\/uploads\\\/2021\\\/02\\\/cropped-Radio_Ljubuski_logo1.jpg\",\"width\":512,\"height\":512,\"caption\":\"Radio Ljubu\u0161ki\"},\"image\":{\"@id\":\"https:\\\/\\\/radioljubuski.ba\\\/#\\\/schema\\\/logo\\\/image\\\/\"},\"sameAs\":[\"https:\\\/\\\/www.facebook.com\\\/Radiio-Ljubuski-1490835324566332\",\"https:\\\/\\\/x.com\\\/radioljubuski\",\"https:\\\/\\\/hr.linkedin.com\\\/company\\\/radio-ljubuski\",\"https:\\\/\\\/www.youtube.com\\\/channel\\\/UCHYaeO_n0Db3tjNGudGpXyw\"]},{\"@type\":\"Person\",\"@id\":\"https:\\\/\\\/radioljubuski.ba\\\/#\\\/schema\\\/person\\\/19fc700381a780f69665d7956c469e3b\",\"name\":\"Radio Ljubu\u0161ki\"}]}<\/script>\n<!-- \/ Yoast SEO plugin. -->","yoast_head_json":{"title":"Slu\u010daj koji je izazvao bijes u Njema\u010dkoj: Ubojica djeteta mogao bi biti pu\u0161ten na slobodu 2025. godine - RADIO LJUBU\u0160KI","robots":{"index":"index","follow":"follow","max-snippet":"max-snippet:-1","max-image-preview":"max-image-preview:large","max-video-preview":"max-video-preview:-1"},"canonical":"https:\/\/radioljubuski.ba\/index.php\/2022\/09\/22\/slucaj-koji-je-izazvao-bijes-u-njemackoj-ubojica-djeteta-mogao-bi-biti-pusten-na-slobodu-2025-godine\/","og_locale":"hr_HR","og_type":"article","og_title":"Slu\u010daj koji je izazvao bijes u Njema\u010dkoj: Ubojica djeteta mogao bi biti pu\u0161ten na slobodu 2025. godine - RADIO LJUBU\u0160KI","og_description":"Ubojica malog Jakoba von Metzlera (11) ostaje u pritvoru. Mu\u0161karac, koji se prije zvao Magnus G\u00e4fgen, a u me\u0111uvremenu je promijenio ime, podnio je zahtjev za uvjetnu kaznu 2017. godine. U svibnju 2019. sud u Kasselu odbio je njegov zahtjev i odredio kaznu od minimalno 23 godine. To zna\u010di da je izlazak na slobodu mogu\u0107 [&hellip;]","og_url":"https:\/\/radioljubuski.ba\/index.php\/2022\/09\/22\/slucaj-koji-je-izazvao-bijes-u-njemackoj-ubojica-djeteta-mogao-bi-biti-pusten-na-slobodu-2025-godine\/","og_site_name":"RADIO LJUBU\u0160KI","article_publisher":"https:\/\/www.facebook.com\/Radiio-Ljubuski-1490835324566332","article_published_time":"2022-09-22T22:10:56+00:00","article_modified_time":"2022-09-22T22:10:57+00:00","og_image":[{"width":840,"height":470,"url":"https:\/\/radioljubuski.ba\/wp-content\/uploads\/2021\/05\/policija_njemacka_gi.png","type":"image\/png"}],"author":"Radio Ljubu\u0161ki","twitter_card":"summary_large_image","twitter_creator":"@radioljubuski","twitter_site":"@radioljubuski","twitter_misc":{"Napisao\/la":"Radio Ljubu\u0161ki","Procijenjeno vrijeme \u010ditanja":"2 minute"},"schema":{"@context":"https:\/\/schema.org","@graph":[{"@type":"Article","@id":"https:\/\/radioljubuski.ba\/index.php\/2022\/09\/22\/slucaj-koji-je-izazvao-bijes-u-njemackoj-ubojica-djeteta-mogao-bi-biti-pusten-na-slobodu-2025-godine\/#article","isPartOf":{"@id":"https:\/\/radioljubuski.ba\/index.php\/2022\/09\/22\/slucaj-koji-je-izazvao-bijes-u-njemackoj-ubojica-djeteta-mogao-bi-biti-pusten-na-slobodu-2025-godine\/"},"author":{"name":"Radio Ljubu\u0161ki","@id":"https:\/\/radioljubuski.ba\/#\/schema\/person\/19fc700381a780f69665d7956c469e3b"},"headline":"Slu\u010daj koji je izazvao bijes u Njema\u010dkoj: Ubojica djeteta mogao bi biti pu\u0161ten na slobodu 2025. godine","datePublished":"2022-09-22T22:10:56+00:00","dateModified":"2022-09-22T22:10:57+00:00","mainEntityOfPage":{"@id":"https:\/\/radioljubuski.ba\/index.php\/2022\/09\/22\/slucaj-koji-je-izazvao-bijes-u-njemackoj-ubojica-djeteta-mogao-bi-biti-pusten-na-slobodu-2025-godine\/"},"wordCount":315,"publisher":{"@id":"https:\/\/radioljubuski.ba\/#organization"},"image":{"@id":"https:\/\/radioljubuski.ba\/index.php\/2022\/09\/22\/slucaj-koji-je-izazvao-bijes-u-njemackoj-ubojica-djeteta-mogao-bi-biti-pusten-na-slobodu-2025-godine\/#primaryimage"},"thumbnailUrl":"https:\/\/radioljubuski.ba\/wp-content\/uploads\/2021\/05\/policija_njemacka_gi.png","articleSection":["BIH i regija"],"inLanguage":"hr"},{"@type":"WebPage","@id":"https:\/\/radioljubuski.ba\/index.php\/2022\/09\/22\/slucaj-koji-je-izazvao-bijes-u-njemackoj-ubojica-djeteta-mogao-bi-biti-pusten-na-slobodu-2025-godine\/","url":"https:\/\/radioljubuski.ba\/index.php\/2022\/09\/22\/slucaj-koji-je-izazvao-bijes-u-njemackoj-ubojica-djeteta-mogao-bi-biti-pusten-na-slobodu-2025-godine\/","name":"Slu\u010daj koji je izazvao bijes u Njema\u010dkoj: Ubojica djeteta mogao bi biti pu\u0161ten na slobodu 2025. godine - RADIO LJUBU\u0160KI","isPartOf":{"@id":"https:\/\/radioljubuski.ba\/#website"},"primaryImageOfPage":{"@id":"https:\/\/radioljubuski.ba\/index.php\/2022\/09\/22\/slucaj-koji-je-izazvao-bijes-u-njemackoj-ubojica-djeteta-mogao-bi-biti-pusten-na-slobodu-2025-godine\/#primaryimage"},"image":{"@id":"https:\/\/radioljubuski.ba\/index.php\/2022\/09\/22\/slucaj-koji-je-izazvao-bijes-u-njemackoj-ubojica-djeteta-mogao-bi-biti-pusten-na-slobodu-2025-godine\/#primaryimage"},"thumbnailUrl":"https:\/\/radioljubuski.ba\/wp-content\/uploads\/2021\/05\/policija_njemacka_gi.png","datePublished":"2022-09-22T22:10:56+00:00","dateModified":"2022-09-22T22:10:57+00:00","breadcrumb":{"@id":"https:\/\/radioljubuski.ba\/index.php\/2022\/09\/22\/slucaj-koji-je-izazvao-bijes-u-njemackoj-ubojica-djeteta-mogao-bi-biti-pusten-na-slobodu-2025-godine\/#breadcrumb"},"inLanguage":"hr","potentialAction":[{"@type":"ReadAction","target":["https:\/\/radioljubuski.ba\/index.php\/2022\/09\/22\/slucaj-koji-je-izazvao-bijes-u-njemackoj-ubojica-djeteta-mogao-bi-biti-pusten-na-slobodu-2025-godine\/"]}]},{"@type":"ImageObject","inLanguage":"hr","@id":"https:\/\/radioljubuski.ba\/index.php\/2022\/09\/22\/slucaj-koji-je-izazvao-bijes-u-njemackoj-ubojica-djeteta-mogao-bi-biti-pusten-na-slobodu-2025-godine\/#primaryimage","url":"https:\/\/radioljubuski.ba\/wp-content\/uploads\/2021\/05\/policija_njemacka_gi.png","contentUrl":"https:\/\/radioljubuski.ba\/wp-content\/uploads\/2021\/05\/policija_njemacka_gi.png","width":840,"height":470},{"@type":"BreadcrumbList","@id":"https:\/\/radioljubuski.ba\/index.php\/2022\/09\/22\/slucaj-koji-je-izazvao-bijes-u-njemackoj-ubojica-djeteta-mogao-bi-biti-pusten-na-slobodu-2025-godine\/#breadcrumb","itemListElement":[{"@type":"ListItem","position":1,"name":"Po\u010detna stranica","item":"https:\/\/radioljubuski.ba\/"},{"@type":"ListItem","position":2,"name":"Slu\u010daj koji je izazvao bijes u Njema\u010dkoj: Ubojica djeteta mogao bi biti pu\u0161ten na slobodu 2025. godine"}]},{"@type":"WebSite","@id":"https:\/\/radioljubuski.ba\/#website","url":"https:\/\/radioljubuski.ba\/","name":"Radio Ljubu\u0161ki","description":"Sun\u010dana frekvencija Hercegovine","publisher":{"@id":"https:\/\/radioljubuski.ba\/#organization"},"potentialAction":[{"@type":"SearchAction","target":{"@type":"EntryPoint","urlTemplate":"https:\/\/radioljubuski.ba\/?s={search_term_string}"},"query-input":{"@type":"PropertyValueSpecification","valueRequired":true,"valueName":"search_term_string"}}],"inLanguage":"hr"},{"@type":"Organization","@id":"https:\/\/radioljubuski.ba\/#organization","name":"Radio Ljubu\u0161ki","url":"https:\/\/radioljubuski.ba\/","logo":{"@type":"ImageObject","inLanguage":"hr","@id":"https:\/\/radioljubuski.ba\/#\/schema\/logo\/image\/","url":"https:\/\/radioljubuski.ba\/wp-content\/uploads\/2021\/02\/cropped-Radio_Ljubuski_logo1.jpg","contentUrl":"https:\/\/radioljubuski.ba\/wp-content\/uploads\/2021\/02\/cropped-Radio_Ljubuski_logo1.jpg","width":512,"height":512,"caption":"Radio Ljubu\u0161ki"},"image":{"@id":"https:\/\/radioljubuski.ba\/#\/schema\/logo\/image\/"},"sameAs":["https:\/\/www.facebook.com\/Radiio-Ljubuski-1490835324566332","https:\/\/x.com\/radioljubuski","https:\/\/hr.linkedin.com\/company\/radio-ljubuski","https:\/\/www.youtube.com\/channel\/UCHYaeO_n0Db3tjNGudGpXyw"]},{"@type":"Person","@id":"https:\/\/radioljubuski.ba\/#\/schema\/person\/19fc700381a780f69665d7956c469e3b","name":"Radio Ljubu\u0161ki"}]}},"_links":{"self":[{"href":"https:\/\/radioljubuski.ba\/index.php\/wp-json\/wp\/v2\/posts\/183156","targetHints":{"allow":["GET"]}}],"collection":[{"href":"https:\/\/radioljubuski.ba\/index.php\/wp-json\/wp\/v2\/posts"}],"about":[{"href":"https:\/\/radioljubuski.ba\/index.php\/wp-json\/wp\/v2\/types\/post"}],"author":[{"embeddable":true,"href":"https:\/\/radioljubuski.ba\/index.php\/wp-json\/wp\/v2\/users\/2"}],"replies":[{"embeddable":true,"href":"https:\/\/radioljubuski.ba\/index.php\/wp-json\/wp\/v2\/comments?post=183156"}],"version-history":[{"count":1,"href":"https:\/\/radioljubuski.ba\/index.php\/wp-json\/wp\/v2\/posts\/183156\/revisions"}],"predecessor-version":[{"id":183157,"href":"https:\/\/radioljubuski.ba\/index.php\/wp-json\/wp\/v2\/posts\/183156\/revisions\/183157"}],"wp:featuredmedia":[{"embeddable":true,"href":"https:\/\/radioljubuski.ba\/index.php\/wp-json\/wp\/v2\/media\/23967"}],"wp:attachment":[{"href":"https:\/\/radioljubuski.ba\/index.php\/wp-json\/wp\/v2\/media?parent=183156"}],"wp:term":[{"taxonomy":"category","embeddable":true,"href":"https:\/\/radioljubuski.ba\/index.php\/wp-json\/wp\/v2\/categories?post=183156"},{"taxonomy":"post_tag","embeddable":true,"href":"https:\/\/radioljubuski.ba\/index.php\/wp-json\/wp\/v2\/tags?post=183156"}],"curies":[{"name":"wp","href":"https:\/\/api.w.org\/{rel}","templated":true}]}}