{"id":18333,"date":"2021-05-04T00:55:38","date_gmt":"2021-05-03T23:55:38","guid":{"rendered":"https:\/\/radioljubuski.ba\/?p=18333"},"modified":"2021-05-04T00:55:39","modified_gmt":"2021-05-03T23:55:39","slug":"dodik-ne-salim-se-mi-smo-vec-napravili-neki-nas-non-paper","status":"publish","type":"post","link":"https:\/\/radioljubuski.ba\/index.php\/2021\/05\/04\/dodik-ne-salim-se-mi-smo-vec-napravili-neki-nas-non-paper\/","title":{"rendered":"Dodik: Ne \u0161alim se, mi smo ve\u0107 napravili neki na\u0161 \u201cnon paper\u201d"},"content":{"rendered":"\n<p><strong>Predsjedatelj Predsjedni\u0161tva BiH Milorad Dodik istaknuo je da u BiH nema nikakvog kohezijskog elementa koji bi mogao okupiti konstitutivne narode, te ocijenio \u201cda \u0107e do\u0107i vrijeme mirnog razlaza\u201d.<\/strong><\/p>\n\n\n\n<p>Komentiraju\u0107i situaciju u vezi sa neslu\u017ebenim diplomatskim dokumentom \u201cnon-paper\u201d, navodno upu\u0107enog iz Slovenije u Bruxelles, Dodik je rekao novinarima u Banjoj Luci da je i Republika Srpska ve\u0107 napravila neki svoj non-paper.<\/p>\n\n\n\n<p>\u201cSva\u0161ta se pi\u0161e, ali ako je to pomodarstvo, evo, ne \u0161alim se, mi smo ve\u0107 napravili neki na\u0161 non-paper, pa \u0107emo ga jednog dana, kada to odlu\u010dimo, isto tako poslati svima\u201c, dodao je on.<\/p>\n\n\n\n<p>Dodik je ocijenio da je klju\u010dna aktivnost RS to \u0161to \u0107e na Narodnoj skup\u0161tini odr\u017eati raspravu, sa\u010diniti i artikulirati svoju platformu za pregovore sa Federacijom BiH i Bo\u0161njacima i Hrvatima kao konstitutivnim narodima o tome \u0161to i kako raditi u BiH, naravno bez stranaca.<\/p>\n\n\n\n<p>On je napomenuo da su stranci ovdje dugo poku\u0161avali \u201cnapraviti njima \u017eeljenu BiH, koja se pokazala kao ne\u017eeljeni eksperiment\u201d.<\/p>\n\n\n\n<p><strong>\u201cSve se to govorilo ranije\u201d<\/strong><\/p>\n\n\n\n<p>Dodik je podsjetio da prije desetak godina nitko nije smio spomenuti referendum, niti pri\u010dati o tome \u201cda se BiH treba raspasti, jer je ionako raspadnuta, dok se o tome govorilo u Srpskoj\u201d.<\/p>\n\n\n\n<p>\u201cSve se to govorilo ranije, a sada to neki i potvr\u0111uju, ranije su nas krivili kao one koji remete ne\u0161to, a danas to \u010dujemo iz usta va\u017enih ljudi u svijetu\u201c, rekao je Dodik.<\/p>\n\n\n\n<p>Navode\u0107i da \u0107e do\u0107i vrijeme mirnog razlaza u BiH, Dodik je istaknuo da Srbi nemaju razloga mobilizirati se prema bilo kakvoj ratnoj opciji i da se trebaju okupiti oko politike koja \u0107e dati snagu.<\/p>\n\n\n\n<p>Dodik je naveo da u BiH nema govora ni o kakvom ustavnom patriotizmu koji bi se mogao odr\u017eati ili \u0161iriti.<\/p>\n\n\n\n<p>\u201cTo \u0161to u Federaciji BiH Bo\u0161njaci govore da su BiH patriote, neka misle \u0161to ho\u0107e, ali za BiH je potreban neki drugi patriotizam, a ne samo bo\u0161nja\u010dki, a srpskog i hrvatskog patriotizma, koliko vidim, nema i zato se tu ne mo\u017ee izgraditi ni\u0161ta\u201d, zaklju\u010dio je Dodik.<\/p>\n\n\n\n<p>\/HMS\/<\/p>\n","protected":false},"excerpt":{"rendered":"<p>Predsjedatelj Predsjedni\u0161tva BiH Milorad Dodik istaknuo je da u BiH nema nikakvog kohezijskog elementa koji bi mogao okupiti konstitutivne narode, te ocijenio \u201cda \u0107e do\u0107i vrijeme mirnog razlaza\u201d. Komentiraju\u0107i situaciju u vezi sa neslu\u017ebenim diplomatskim dokumentom \u201cnon-paper\u201d, navodno upu\u0107enog iz Slovenije u Bruxelles, Dodik je rekao novinarima u Banjoj Luci da je i Republika Srpska [&hellip;]<\/p>\n","protected":false},"author":2,"featured_media":18334,"comment_status":"closed","ping_status":"closed","sticky":false,"template":"","format":"standard","meta":{"h5ap_radio_sources":[],"footnotes":""},"categories":[1],"tags":[],"class_list":["post-18333","post","type-post","status-publish","format-standard","has-post-thumbnail","hentry","category-bihiregija"],"yoast_head":"<!-- This site is optimized with the Yoast SEO plugin v27.5 - https:\/\/yoast.com\/product\/yoast-seo-wordpress\/ -->\n<title>Dodik: Ne \u0161alim se, mi smo ve\u0107 napravili neki na\u0161 \u201cnon paper\u201d - RADIO LJUBU\u0160KI<\/title>\n<meta name=\"robots\" content=\"index, follow, max-snippet:-1, max-image-preview:large, max-video-preview:-1\" \/>\n<link rel=\"canonical\" href=\"https:\/\/radioljubuski.ba\/index.php\/2021\/05\/04\/dodik-ne-salim-se-mi-smo-vec-napravili-neki-nas-non-paper\/\" \/>\n<meta property=\"og:locale\" content=\"hr_HR\" \/>\n<meta property=\"og:type\" content=\"article\" \/>\n<meta property=\"og:title\" content=\"Dodik: Ne \u0161alim se, mi smo ve\u0107 napravili neki na\u0161 \u201cnon paper\u201d - RADIO LJUBU\u0160KI\" \/>\n<meta property=\"og:description\" content=\"Predsjedatelj Predsjedni\u0161tva BiH Milorad Dodik istaknuo je da u BiH nema nikakvog kohezijskog elementa koji bi mogao okupiti konstitutivne narode, te ocijenio \u201cda \u0107e do\u0107i vrijeme mirnog razlaza\u201d. Komentiraju\u0107i situaciju u vezi sa neslu\u017ebenim diplomatskim dokumentom \u201cnon-paper\u201d, navodno upu\u0107enog iz Slovenije u Bruxelles, Dodik je rekao novinarima u Banjoj Luci da je i Republika Srpska [&hellip;]\" \/>\n<meta property=\"og:url\" content=\"https:\/\/radioljubuski.ba\/index.php\/2021\/05\/04\/dodik-ne-salim-se-mi-smo-vec-napravili-neki-nas-non-paper\/\" \/>\n<meta property=\"og:site_name\" content=\"RADIO LJUBU\u0160KI\" \/>\n<meta property=\"article:publisher\" content=\"https:\/\/www.facebook.com\/Radiio-Ljubuski-1490835324566332\" \/>\n<meta property=\"article:published_time\" content=\"2021-05-03T23:55:38+00:00\" \/>\n<meta property=\"article:modified_time\" content=\"2021-05-03T23:55:39+00:00\" \/>\n<meta property=\"og:image\" content=\"https:\/\/radioljubuski.ba\/wp-content\/uploads\/2021\/05\/dodik-rtrs.jpg\" \/>\n\t<meta property=\"og:image:width\" content=\"658\" \/>\n\t<meta property=\"og:image:height\" content=\"494\" \/>\n\t<meta property=\"og:image:type\" content=\"image\/jpeg\" \/>\n<meta name=\"author\" content=\"Radio Ljubu\u0161ki\" \/>\n<meta name=\"twitter:card\" content=\"summary_large_image\" \/>\n<meta name=\"twitter:creator\" content=\"@radioljubuski\" \/>\n<meta name=\"twitter:site\" content=\"@radioljubuski\" \/>\n<meta name=\"twitter:label1\" content=\"Napisao\/la\" \/>\n\t<meta name=\"twitter:data1\" content=\"Radio Ljubu\u0161ki\" \/>\n\t<meta name=\"twitter:label2\" content=\"Procijenjeno vrijeme \u010ditanja\" \/>\n\t<meta name=\"twitter:data2\" content=\"2 minute\" \/>\n<script type=\"application\/ld+json\" class=\"yoast-schema-graph\">{\"@context\":\"https:\\\/\\\/schema.org\",\"@graph\":[{\"@type\":\"Article\",\"@id\":\"https:\\\/\\\/radioljubuski.ba\\\/index.php\\\/2021\\\/05\\\/04\\\/dodik-ne-salim-se-mi-smo-vec-napravili-neki-nas-non-paper\\\/#article\",\"isPartOf\":{\"@id\":\"https:\\\/\\\/radioljubuski.ba\\\/index.php\\\/2021\\\/05\\\/04\\\/dodik-ne-salim-se-mi-smo-vec-napravili-neki-nas-non-paper\\\/\"},\"author\":{\"name\":\"Radio Ljubu\u0161ki\",\"@id\":\"https:\\\/\\\/radioljubuski.ba\\\/#\\\/schema\\\/person\\\/19fc700381a780f69665d7956c469e3b\"},\"headline\":\"Dodik: Ne \u0161alim se, mi smo ve\u0107 napravili neki na\u0161 \u201cnon paper\u201d\",\"datePublished\":\"2021-05-03T23:55:38+00:00\",\"dateModified\":\"2021-05-03T23:55:39+00:00\",\"mainEntityOfPage\":{\"@id\":\"https:\\\/\\\/radioljubuski.ba\\\/index.php\\\/2021\\\/05\\\/04\\\/dodik-ne-salim-se-mi-smo-vec-napravili-neki-nas-non-paper\\\/\"},\"wordCount\":369,\"publisher\":{\"@id\":\"https:\\\/\\\/radioljubuski.ba\\\/#organization\"},\"image\":{\"@id\":\"https:\\\/\\\/radioljubuski.ba\\\/index.php\\\/2021\\\/05\\\/04\\\/dodik-ne-salim-se-mi-smo-vec-napravili-neki-nas-non-paper\\\/#primaryimage\"},\"thumbnailUrl\":\"https:\\\/\\\/radioljubuski.ba\\\/wp-content\\\/uploads\\\/2021\\\/05\\\/dodik-rtrs.jpg\",\"articleSection\":[\"BIH i regija\"],\"inLanguage\":\"hr\"},{\"@type\":\"WebPage\",\"@id\":\"https:\\\/\\\/radioljubuski.ba\\\/index.php\\\/2021\\\/05\\\/04\\\/dodik-ne-salim-se-mi-smo-vec-napravili-neki-nas-non-paper\\\/\",\"url\":\"https:\\\/\\\/radioljubuski.ba\\\/index.php\\\/2021\\\/05\\\/04\\\/dodik-ne-salim-se-mi-smo-vec-napravili-neki-nas-non-paper\\\/\",\"name\":\"Dodik: Ne \u0161alim se, mi smo ve\u0107 napravili neki na\u0161 \u201cnon paper\u201d - RADIO LJUBU\u0160KI\",\"isPartOf\":{\"@id\":\"https:\\\/\\\/radioljubuski.ba\\\/#website\"},\"primaryImageOfPage\":{\"@id\":\"https:\\\/\\\/radioljubuski.ba\\\/index.php\\\/2021\\\/05\\\/04\\\/dodik-ne-salim-se-mi-smo-vec-napravili-neki-nas-non-paper\\\/#primaryimage\"},\"image\":{\"@id\":\"https:\\\/\\\/radioljubuski.ba\\\/index.php\\\/2021\\\/05\\\/04\\\/dodik-ne-salim-se-mi-smo-vec-napravili-neki-nas-non-paper\\\/#primaryimage\"},\"thumbnailUrl\":\"https:\\\/\\\/radioljubuski.ba\\\/wp-content\\\/uploads\\\/2021\\\/05\\\/dodik-rtrs.jpg\",\"datePublished\":\"2021-05-03T23:55:38+00:00\",\"dateModified\":\"2021-05-03T23:55:39+00:00\",\"breadcrumb\":{\"@id\":\"https:\\\/\\\/radioljubuski.ba\\\/index.php\\\/2021\\\/05\\\/04\\\/dodik-ne-salim-se-mi-smo-vec-napravili-neki-nas-non-paper\\\/#breadcrumb\"},\"inLanguage\":\"hr\",\"potentialAction\":[{\"@type\":\"ReadAction\",\"target\":[\"https:\\\/\\\/radioljubuski.ba\\\/index.php\\\/2021\\\/05\\\/04\\\/dodik-ne-salim-se-mi-smo-vec-napravili-neki-nas-non-paper\\\/\"]}]},{\"@type\":\"ImageObject\",\"inLanguage\":\"hr\",\"@id\":\"https:\\\/\\\/radioljubuski.ba\\\/index.php\\\/2021\\\/05\\\/04\\\/dodik-ne-salim-se-mi-smo-vec-napravili-neki-nas-non-paper\\\/#primaryimage\",\"url\":\"https:\\\/\\\/radioljubuski.ba\\\/wp-content\\\/uploads\\\/2021\\\/05\\\/dodik-rtrs.jpg\",\"contentUrl\":\"https:\\\/\\\/radioljubuski.ba\\\/wp-content\\\/uploads\\\/2021\\\/05\\\/dodik-rtrs.jpg\",\"width\":658,\"height\":494},{\"@type\":\"BreadcrumbList\",\"@id\":\"https:\\\/\\\/radioljubuski.ba\\\/index.php\\\/2021\\\/05\\\/04\\\/dodik-ne-salim-se-mi-smo-vec-napravili-neki-nas-non-paper\\\/#breadcrumb\",\"itemListElement\":[{\"@type\":\"ListItem\",\"position\":1,\"name\":\"Po\u010detna stranica\",\"item\":\"https:\\\/\\\/radioljubuski.ba\\\/\"},{\"@type\":\"ListItem\",\"position\":2,\"name\":\"Dodik: Ne \u0161alim se, mi smo ve\u0107 napravili neki na\u0161 \u201cnon paper\u201d\"}]},{\"@type\":\"WebSite\",\"@id\":\"https:\\\/\\\/radioljubuski.ba\\\/#website\",\"url\":\"https:\\\/\\\/radioljubuski.ba\\\/\",\"name\":\"Radio Ljubu\u0161ki\",\"description\":\"Sun\u010dana frekvencija Hercegovine\",\"publisher\":{\"@id\":\"https:\\\/\\\/radioljubuski.ba\\\/#organization\"},\"potentialAction\":[{\"@type\":\"SearchAction\",\"target\":{\"@type\":\"EntryPoint\",\"urlTemplate\":\"https:\\\/\\\/radioljubuski.ba\\\/?s={search_term_string}\"},\"query-input\":{\"@type\":\"PropertyValueSpecification\",\"valueRequired\":true,\"valueName\":\"search_term_string\"}}],\"inLanguage\":\"hr\"},{\"@type\":\"Organization\",\"@id\":\"https:\\\/\\\/radioljubuski.ba\\\/#organization\",\"name\":\"Radio Ljubu\u0161ki\",\"url\":\"https:\\\/\\\/radioljubuski.ba\\\/\",\"logo\":{\"@type\":\"ImageObject\",\"inLanguage\":\"hr\",\"@id\":\"https:\\\/\\\/radioljubuski.ba\\\/#\\\/schema\\\/logo\\\/image\\\/\",\"url\":\"https:\\\/\\\/radioljubuski.ba\\\/wp-content\\\/uploads\\\/2021\\\/02\\\/cropped-Radio_Ljubuski_logo1.jpg\",\"contentUrl\":\"https:\\\/\\\/radioljubuski.ba\\\/wp-content\\\/uploads\\\/2021\\\/02\\\/cropped-Radio_Ljubuski_logo1.jpg\",\"width\":512,\"height\":512,\"caption\":\"Radio Ljubu\u0161ki\"},\"image\":{\"@id\":\"https:\\\/\\\/radioljubuski.ba\\\/#\\\/schema\\\/logo\\\/image\\\/\"},\"sameAs\":[\"https:\\\/\\\/www.facebook.com\\\/Radiio-Ljubuski-1490835324566332\",\"https:\\\/\\\/x.com\\\/radioljubuski\",\"https:\\\/\\\/hr.linkedin.com\\\/company\\\/radio-ljubuski\",\"https:\\\/\\\/www.youtube.com\\\/channel\\\/UCHYaeO_n0Db3tjNGudGpXyw\"]},{\"@type\":\"Person\",\"@id\":\"https:\\\/\\\/radioljubuski.ba\\\/#\\\/schema\\\/person\\\/19fc700381a780f69665d7956c469e3b\",\"name\":\"Radio Ljubu\u0161ki\"}]}<\/script>\n<!-- \/ Yoast SEO plugin. -->","yoast_head_json":{"title":"Dodik: Ne \u0161alim se, mi smo ve\u0107 napravili neki na\u0161 \u201cnon paper\u201d - RADIO LJUBU\u0160KI","robots":{"index":"index","follow":"follow","max-snippet":"max-snippet:-1","max-image-preview":"max-image-preview:large","max-video-preview":"max-video-preview:-1"},"canonical":"https:\/\/radioljubuski.ba\/index.php\/2021\/05\/04\/dodik-ne-salim-se-mi-smo-vec-napravili-neki-nas-non-paper\/","og_locale":"hr_HR","og_type":"article","og_title":"Dodik: Ne \u0161alim se, mi smo ve\u0107 napravili neki na\u0161 \u201cnon paper\u201d - RADIO LJUBU\u0160KI","og_description":"Predsjedatelj Predsjedni\u0161tva BiH Milorad Dodik istaknuo je da u BiH nema nikakvog kohezijskog elementa koji bi mogao okupiti konstitutivne narode, te ocijenio \u201cda \u0107e do\u0107i vrijeme mirnog razlaza\u201d. Komentiraju\u0107i situaciju u vezi sa neslu\u017ebenim diplomatskim dokumentom \u201cnon-paper\u201d, navodno upu\u0107enog iz Slovenije u Bruxelles, Dodik je rekao novinarima u Banjoj Luci da je i Republika Srpska [&hellip;]","og_url":"https:\/\/radioljubuski.ba\/index.php\/2021\/05\/04\/dodik-ne-salim-se-mi-smo-vec-napravili-neki-nas-non-paper\/","og_site_name":"RADIO LJUBU\u0160KI","article_publisher":"https:\/\/www.facebook.com\/Radiio-Ljubuski-1490835324566332","article_published_time":"2021-05-03T23:55:38+00:00","article_modified_time":"2021-05-03T23:55:39+00:00","og_image":[{"width":658,"height":494,"url":"https:\/\/radioljubuski.ba\/wp-content\/uploads\/2021\/05\/dodik-rtrs.jpg","type":"image\/jpeg"}],"author":"Radio Ljubu\u0161ki","twitter_card":"summary_large_image","twitter_creator":"@radioljubuski","twitter_site":"@radioljubuski","twitter_misc":{"Napisao\/la":"Radio Ljubu\u0161ki","Procijenjeno vrijeme \u010ditanja":"2 minute"},"schema":{"@context":"https:\/\/schema.org","@graph":[{"@type":"Article","@id":"https:\/\/radioljubuski.ba\/index.php\/2021\/05\/04\/dodik-ne-salim-se-mi-smo-vec-napravili-neki-nas-non-paper\/#article","isPartOf":{"@id":"https:\/\/radioljubuski.ba\/index.php\/2021\/05\/04\/dodik-ne-salim-se-mi-smo-vec-napravili-neki-nas-non-paper\/"},"author":{"name":"Radio Ljubu\u0161ki","@id":"https:\/\/radioljubuski.ba\/#\/schema\/person\/19fc700381a780f69665d7956c469e3b"},"headline":"Dodik: Ne \u0161alim se, mi smo ve\u0107 napravili neki na\u0161 \u201cnon paper\u201d","datePublished":"2021-05-03T23:55:38+00:00","dateModified":"2021-05-03T23:55:39+00:00","mainEntityOfPage":{"@id":"https:\/\/radioljubuski.ba\/index.php\/2021\/05\/04\/dodik-ne-salim-se-mi-smo-vec-napravili-neki-nas-non-paper\/"},"wordCount":369,"publisher":{"@id":"https:\/\/radioljubuski.ba\/#organization"},"image":{"@id":"https:\/\/radioljubuski.ba\/index.php\/2021\/05\/04\/dodik-ne-salim-se-mi-smo-vec-napravili-neki-nas-non-paper\/#primaryimage"},"thumbnailUrl":"https:\/\/radioljubuski.ba\/wp-content\/uploads\/2021\/05\/dodik-rtrs.jpg","articleSection":["BIH i regija"],"inLanguage":"hr"},{"@type":"WebPage","@id":"https:\/\/radioljubuski.ba\/index.php\/2021\/05\/04\/dodik-ne-salim-se-mi-smo-vec-napravili-neki-nas-non-paper\/","url":"https:\/\/radioljubuski.ba\/index.php\/2021\/05\/04\/dodik-ne-salim-se-mi-smo-vec-napravili-neki-nas-non-paper\/","name":"Dodik: Ne \u0161alim se, mi smo ve\u0107 napravili neki na\u0161 \u201cnon paper\u201d - RADIO LJUBU\u0160KI","isPartOf":{"@id":"https:\/\/radioljubuski.ba\/#website"},"primaryImageOfPage":{"@id":"https:\/\/radioljubuski.ba\/index.php\/2021\/05\/04\/dodik-ne-salim-se-mi-smo-vec-napravili-neki-nas-non-paper\/#primaryimage"},"image":{"@id":"https:\/\/radioljubuski.ba\/index.php\/2021\/05\/04\/dodik-ne-salim-se-mi-smo-vec-napravili-neki-nas-non-paper\/#primaryimage"},"thumbnailUrl":"https:\/\/radioljubuski.ba\/wp-content\/uploads\/2021\/05\/dodik-rtrs.jpg","datePublished":"2021-05-03T23:55:38+00:00","dateModified":"2021-05-03T23:55:39+00:00","breadcrumb":{"@id":"https:\/\/radioljubuski.ba\/index.php\/2021\/05\/04\/dodik-ne-salim-se-mi-smo-vec-napravili-neki-nas-non-paper\/#breadcrumb"},"inLanguage":"hr","potentialAction":[{"@type":"ReadAction","target":["https:\/\/radioljubuski.ba\/index.php\/2021\/05\/04\/dodik-ne-salim-se-mi-smo-vec-napravili-neki-nas-non-paper\/"]}]},{"@type":"ImageObject","inLanguage":"hr","@id":"https:\/\/radioljubuski.ba\/index.php\/2021\/05\/04\/dodik-ne-salim-se-mi-smo-vec-napravili-neki-nas-non-paper\/#primaryimage","url":"https:\/\/radioljubuski.ba\/wp-content\/uploads\/2021\/05\/dodik-rtrs.jpg","contentUrl":"https:\/\/radioljubuski.ba\/wp-content\/uploads\/2021\/05\/dodik-rtrs.jpg","width":658,"height":494},{"@type":"BreadcrumbList","@id":"https:\/\/radioljubuski.ba\/index.php\/2021\/05\/04\/dodik-ne-salim-se-mi-smo-vec-napravili-neki-nas-non-paper\/#breadcrumb","itemListElement":[{"@type":"ListItem","position":1,"name":"Po\u010detna stranica","item":"https:\/\/radioljubuski.ba\/"},{"@type":"ListItem","position":2,"name":"Dodik: Ne \u0161alim se, mi smo ve\u0107 napravili neki na\u0161 \u201cnon paper\u201d"}]},{"@type":"WebSite","@id":"https:\/\/radioljubuski.ba\/#website","url":"https:\/\/radioljubuski.ba\/","name":"Radio Ljubu\u0161ki","description":"Sun\u010dana frekvencija Hercegovine","publisher":{"@id":"https:\/\/radioljubuski.ba\/#organization"},"potentialAction":[{"@type":"SearchAction","target":{"@type":"EntryPoint","urlTemplate":"https:\/\/radioljubuski.ba\/?s={search_term_string}"},"query-input":{"@type":"PropertyValueSpecification","valueRequired":true,"valueName":"search_term_string"}}],"inLanguage":"hr"},{"@type":"Organization","@id":"https:\/\/radioljubuski.ba\/#organization","name":"Radio Ljubu\u0161ki","url":"https:\/\/radioljubuski.ba\/","logo":{"@type":"ImageObject","inLanguage":"hr","@id":"https:\/\/radioljubuski.ba\/#\/schema\/logo\/image\/","url":"https:\/\/radioljubuski.ba\/wp-content\/uploads\/2021\/02\/cropped-Radio_Ljubuski_logo1.jpg","contentUrl":"https:\/\/radioljubuski.ba\/wp-content\/uploads\/2021\/02\/cropped-Radio_Ljubuski_logo1.jpg","width":512,"height":512,"caption":"Radio Ljubu\u0161ki"},"image":{"@id":"https:\/\/radioljubuski.ba\/#\/schema\/logo\/image\/"},"sameAs":["https:\/\/www.facebook.com\/Radiio-Ljubuski-1490835324566332","https:\/\/x.com\/radioljubuski","https:\/\/hr.linkedin.com\/company\/radio-ljubuski","https:\/\/www.youtube.com\/channel\/UCHYaeO_n0Db3tjNGudGpXyw"]},{"@type":"Person","@id":"https:\/\/radioljubuski.ba\/#\/schema\/person\/19fc700381a780f69665d7956c469e3b","name":"Radio Ljubu\u0161ki"}]}},"_links":{"self":[{"href":"https:\/\/radioljubuski.ba\/index.php\/wp-json\/wp\/v2\/posts\/18333","targetHints":{"allow":["GET"]}}],"collection":[{"href":"https:\/\/radioljubuski.ba\/index.php\/wp-json\/wp\/v2\/posts"}],"about":[{"href":"https:\/\/radioljubuski.ba\/index.php\/wp-json\/wp\/v2\/types\/post"}],"author":[{"embeddable":true,"href":"https:\/\/radioljubuski.ba\/index.php\/wp-json\/wp\/v2\/users\/2"}],"replies":[{"embeddable":true,"href":"https:\/\/radioljubuski.ba\/index.php\/wp-json\/wp\/v2\/comments?post=18333"}],"version-history":[{"count":1,"href":"https:\/\/radioljubuski.ba\/index.php\/wp-json\/wp\/v2\/posts\/18333\/revisions"}],"predecessor-version":[{"id":18335,"href":"https:\/\/radioljubuski.ba\/index.php\/wp-json\/wp\/v2\/posts\/18333\/revisions\/18335"}],"wp:featuredmedia":[{"embeddable":true,"href":"https:\/\/radioljubuski.ba\/index.php\/wp-json\/wp\/v2\/media\/18334"}],"wp:attachment":[{"href":"https:\/\/radioljubuski.ba\/index.php\/wp-json\/wp\/v2\/media?parent=18333"}],"wp:term":[{"taxonomy":"category","embeddable":true,"href":"https:\/\/radioljubuski.ba\/index.php\/wp-json\/wp\/v2\/categories?post=18333"},{"taxonomy":"post_tag","embeddable":true,"href":"https:\/\/radioljubuski.ba\/index.php\/wp-json\/wp\/v2\/tags?post=18333"}],"curies":[{"name":"wp","href":"https:\/\/api.w.org\/{rel}","templated":true}]}}