{"id":183335,"date":"2022-09-23T12:44:03","date_gmt":"2022-09-23T11:44:03","guid":{"rendered":"https:\/\/radioljubuski.ba\/?p=183335"},"modified":"2022-09-23T12:44:04","modified_gmt":"2022-09-23T11:44:04","slug":"iduci-tjedan-dani-srca-u-mostaru","status":"publish","type":"post","link":"https:\/\/radioljubuski.ba\/index.php\/2022\/09\/23\/iduci-tjedan-dani-srca-u-mostaru\/","title":{"rendered":"Idu\u0107i tjedan &#8216;Dani srca u Mostaru&#8217;"},"content":{"rendered":"\n<p>&#8220;Dani srca u Mostaru&#8221; naziv je doga\u0111aja kojim \u0107e se idu\u0107i tjedan obilje\u017eiti 29. rujna &#8211; Svjetski dan srca.<\/p>\n\n\n\n<p>Program &#8220;Dana srca u Mostaru&#8221; odr\u017eat \u0107e se od 26. rujna do 2. listopada, a sve s ciljem promocije zdravih stilova \u017eivota, prevencije pu\u0161enja i drugih kardiovaskularnih faktora rizika.<\/p>\n\n\n\n<p>U doga\u0111aj su uklju\u010dene brojne organizacije i udru\u017eenja gra\u0111ana, lije\u010dnici, medicinske sestre i studenti s oba javna sveu\u010dili\u0161ta u Mostaru, vjerske zajednice, \u017eupanijski i federalni zavod za zdravstvenu za\u0161titu i zdravstveno osiguranje, te znanstvene akademije i fakulteti, najavili su organizatori.<\/p>\n\n\n\n<p>Tijekom trajanja manifestacije partneri-sudionici akcije organizirat \u0107e preventivne akcije, promociju zdravlja i zdravih stilova \u017eivota u prevenciji kardiovaskularnih bolesti.<\/p>\n\n\n\n<p>Kros utrka mladih na \u0160panjolskom trgu i Bulevaru planirana je u petak, 30. rujna, s po\u010detkom u 9 sati, a sportska radionica za mlade s posebnim potrebama odr\u017eat \u0107e se ispred Gimnazije istoga dana u 10 sati.<\/p>\n\n\n\n<p>Svi zainteresirani mo\u0107i \u0107e provjeriti stupanj rizika obolijevanja od kardiovaskularnih bolesti u Domu zdravlja na Bulevaru i Domu zdravlja Stari grad Mostar od 26. rujna do 2. listopada.<\/p>\n\n\n\n<p>U \u010detvrtak, 29. rujna, odr\u017eat \u0107e se me\u0111unarodni znanstveni skup posve\u0107en novinama s europskih i ameri\u010dkih kongresa kardiologa tijekom 2022.<\/p>\n\n\n\n<p>Posljednji dan nedjelja, 2. listopada, rezerviran je za mar\u0161 na relaciji \u0160panjolski trg &#8211; Mali i Veliki kuk na putu ka Podvele\u017eju. Polazak sa \u0160panjolskog trga zakazan je u 9.30 sati sa \u0160panjolskog trga.<\/p>\n\n\n\n<p>Ina\u010de, ve\u0107 22 godine zaredom, od 2000. kada je po\u010dele svjetska kampanja, u Mostaru se obilje\u017eava 29. rujna kao Svjetski dan srca. Taj datum odabrale su Svjetska zdravstvena organizacija (WHO) i Svjetska sr\u010dana federacija (WHF) na svojoj skup\u0161tini 1997. s ciljem da se na taj dan u \u017ei\u017eu svjetske javnosti stave kardiovaskularne bolesti od kojih boluje preko 520 milijuna ljudi u svijetu.<\/p>\n\n\n\n<p>Izvor:hrt.hr<\/p>\n","protected":false},"excerpt":{"rendered":"<p>&#8220;Dani srca u Mostaru&#8221; naziv je doga\u0111aja kojim \u0107e se idu\u0107i tjedan obilje\u017eiti 29. rujna &#8211; Svjetski dan srca. Program &#8220;Dana srca u Mostaru&#8221; odr\u017eat \u0107e se od 26. rujna do 2. listopada, a sve s ciljem promocije zdravih stilova \u017eivota, prevencije pu\u0161enja i drugih kardiovaskularnih faktora rizika. U doga\u0111aj su uklju\u010dene brojne organizacije i [&hellip;]<\/p>\n","protected":false},"author":2,"featured_media":183336,"comment_status":"closed","ping_status":"closed","sticky":false,"template":"","format":"standard","meta":{"h5ap_radio_sources":[],"footnotes":""},"categories":[1],"tags":[],"class_list":["post-183335","post","type-post","status-publish","format-standard","has-post-thumbnail","hentry","category-bihiregija"],"yoast_head":"<!-- This site is optimized with the Yoast SEO plugin v27.4 - https:\/\/yoast.com\/product\/yoast-seo-wordpress\/ -->\n<title>Idu\u0107i tjedan &#039;Dani srca u Mostaru&#039; - RADIO LJUBU\u0160KI<\/title>\n<meta name=\"robots\" content=\"index, follow, max-snippet:-1, max-image-preview:large, max-video-preview:-1\" \/>\n<link rel=\"canonical\" href=\"https:\/\/radioljubuski.ba\/index.php\/2022\/09\/23\/iduci-tjedan-dani-srca-u-mostaru\/\" \/>\n<meta property=\"og:locale\" content=\"hr_HR\" \/>\n<meta property=\"og:type\" content=\"article\" \/>\n<meta property=\"og:title\" content=\"Idu\u0107i tjedan &#039;Dani srca u Mostaru&#039; - RADIO LJUBU\u0160KI\" \/>\n<meta property=\"og:description\" content=\"&#8220;Dani srca u Mostaru&#8221; naziv je doga\u0111aja kojim \u0107e se idu\u0107i tjedan obilje\u017eiti 29. rujna &#8211; Svjetski dan srca. Program &#8220;Dana srca u Mostaru&#8221; odr\u017eat \u0107e se od 26. rujna do 2. listopada, a sve s ciljem promocije zdravih stilova \u017eivota, prevencije pu\u0161enja i drugih kardiovaskularnih faktora rizika. U doga\u0111aj su uklju\u010dene brojne organizacije i [&hellip;]\" \/>\n<meta property=\"og:url\" content=\"https:\/\/radioljubuski.ba\/index.php\/2022\/09\/23\/iduci-tjedan-dani-srca-u-mostaru\/\" \/>\n<meta property=\"og:site_name\" content=\"RADIO LJUBU\u0160KI\" \/>\n<meta property=\"article:publisher\" content=\"https:\/\/www.facebook.com\/Radiio-Ljubuski-1490835324566332\" \/>\n<meta property=\"article:published_time\" content=\"2022-09-23T11:44:03+00:00\" \/>\n<meta property=\"article:modified_time\" content=\"2022-09-23T11:44:04+00:00\" \/>\n<meta property=\"og:image\" content=\"https:\/\/radioljubuski.ba\/wp-content\/uploads\/2022\/09\/srce-696x393-1.jpg\" \/>\n\t<meta property=\"og:image:width\" content=\"696\" \/>\n\t<meta property=\"og:image:height\" content=\"393\" \/>\n\t<meta property=\"og:image:type\" content=\"image\/jpeg\" \/>\n<meta name=\"author\" content=\"Radio Ljubu\u0161ki\" \/>\n<meta name=\"twitter:card\" content=\"summary_large_image\" \/>\n<meta name=\"twitter:creator\" content=\"@radioljubuski\" \/>\n<meta name=\"twitter:site\" content=\"@radioljubuski\" \/>\n<meta name=\"twitter:label1\" content=\"Napisao\/la\" \/>\n\t<meta name=\"twitter:data1\" content=\"Radio Ljubu\u0161ki\" \/>\n\t<meta name=\"twitter:label2\" content=\"Procijenjeno vrijeme \u010ditanja\" \/>\n\t<meta name=\"twitter:data2\" content=\"2 minute\" \/>\n<script type=\"application\/ld+json\" class=\"yoast-schema-graph\">{\"@context\":\"https:\\\/\\\/schema.org\",\"@graph\":[{\"@type\":\"Article\",\"@id\":\"https:\\\/\\\/radioljubuski.ba\\\/index.php\\\/2022\\\/09\\\/23\\\/iduci-tjedan-dani-srca-u-mostaru\\\/#article\",\"isPartOf\":{\"@id\":\"https:\\\/\\\/radioljubuski.ba\\\/index.php\\\/2022\\\/09\\\/23\\\/iduci-tjedan-dani-srca-u-mostaru\\\/\"},\"author\":{\"name\":\"Radio Ljubu\u0161ki\",\"@id\":\"https:\\\/\\\/radioljubuski.ba\\\/#\\\/schema\\\/person\\\/19fc700381a780f69665d7956c469e3b\"},\"headline\":\"Idu\u0107i tjedan &#8216;Dani srca u Mostaru&#8217;\",\"datePublished\":\"2022-09-23T11:44:03+00:00\",\"dateModified\":\"2022-09-23T11:44:04+00:00\",\"mainEntityOfPage\":{\"@id\":\"https:\\\/\\\/radioljubuski.ba\\\/index.php\\\/2022\\\/09\\\/23\\\/iduci-tjedan-dani-srca-u-mostaru\\\/\"},\"wordCount\":308,\"publisher\":{\"@id\":\"https:\\\/\\\/radioljubuski.ba\\\/#organization\"},\"image\":{\"@id\":\"https:\\\/\\\/radioljubuski.ba\\\/index.php\\\/2022\\\/09\\\/23\\\/iduci-tjedan-dani-srca-u-mostaru\\\/#primaryimage\"},\"thumbnailUrl\":\"https:\\\/\\\/radioljubuski.ba\\\/wp-content\\\/uploads\\\/2022\\\/09\\\/srce-696x393-1.jpg\",\"articleSection\":[\"BIH i regija\"],\"inLanguage\":\"hr\"},{\"@type\":\"WebPage\",\"@id\":\"https:\\\/\\\/radioljubuski.ba\\\/index.php\\\/2022\\\/09\\\/23\\\/iduci-tjedan-dani-srca-u-mostaru\\\/\",\"url\":\"https:\\\/\\\/radioljubuski.ba\\\/index.php\\\/2022\\\/09\\\/23\\\/iduci-tjedan-dani-srca-u-mostaru\\\/\",\"name\":\"Idu\u0107i tjedan 'Dani srca u Mostaru' - RADIO LJUBU\u0160KI\",\"isPartOf\":{\"@id\":\"https:\\\/\\\/radioljubuski.ba\\\/#website\"},\"primaryImageOfPage\":{\"@id\":\"https:\\\/\\\/radioljubuski.ba\\\/index.php\\\/2022\\\/09\\\/23\\\/iduci-tjedan-dani-srca-u-mostaru\\\/#primaryimage\"},\"image\":{\"@id\":\"https:\\\/\\\/radioljubuski.ba\\\/index.php\\\/2022\\\/09\\\/23\\\/iduci-tjedan-dani-srca-u-mostaru\\\/#primaryimage\"},\"thumbnailUrl\":\"https:\\\/\\\/radioljubuski.ba\\\/wp-content\\\/uploads\\\/2022\\\/09\\\/srce-696x393-1.jpg\",\"datePublished\":\"2022-09-23T11:44:03+00:00\",\"dateModified\":\"2022-09-23T11:44:04+00:00\",\"breadcrumb\":{\"@id\":\"https:\\\/\\\/radioljubuski.ba\\\/index.php\\\/2022\\\/09\\\/23\\\/iduci-tjedan-dani-srca-u-mostaru\\\/#breadcrumb\"},\"inLanguage\":\"hr\",\"potentialAction\":[{\"@type\":\"ReadAction\",\"target\":[\"https:\\\/\\\/radioljubuski.ba\\\/index.php\\\/2022\\\/09\\\/23\\\/iduci-tjedan-dani-srca-u-mostaru\\\/\"]}]},{\"@type\":\"ImageObject\",\"inLanguage\":\"hr\",\"@id\":\"https:\\\/\\\/radioljubuski.ba\\\/index.php\\\/2022\\\/09\\\/23\\\/iduci-tjedan-dani-srca-u-mostaru\\\/#primaryimage\",\"url\":\"https:\\\/\\\/radioljubuski.ba\\\/wp-content\\\/uploads\\\/2022\\\/09\\\/srce-696x393-1.jpg\",\"contentUrl\":\"https:\\\/\\\/radioljubuski.ba\\\/wp-content\\\/uploads\\\/2022\\\/09\\\/srce-696x393-1.jpg\",\"width\":696,\"height\":393},{\"@type\":\"BreadcrumbList\",\"@id\":\"https:\\\/\\\/radioljubuski.ba\\\/index.php\\\/2022\\\/09\\\/23\\\/iduci-tjedan-dani-srca-u-mostaru\\\/#breadcrumb\",\"itemListElement\":[{\"@type\":\"ListItem\",\"position\":1,\"name\":\"Po\u010detna stranica\",\"item\":\"https:\\\/\\\/radioljubuski.ba\\\/\"},{\"@type\":\"ListItem\",\"position\":2,\"name\":\"Idu\u0107i tjedan &#8216;Dani srca u Mostaru&#8217;\"}]},{\"@type\":\"WebSite\",\"@id\":\"https:\\\/\\\/radioljubuski.ba\\\/#website\",\"url\":\"https:\\\/\\\/radioljubuski.ba\\\/\",\"name\":\"Radio Ljubu\u0161ki\",\"description\":\"Sun\u010dana frekvencija Hercegovine\",\"publisher\":{\"@id\":\"https:\\\/\\\/radioljubuski.ba\\\/#organization\"},\"potentialAction\":[{\"@type\":\"SearchAction\",\"target\":{\"@type\":\"EntryPoint\",\"urlTemplate\":\"https:\\\/\\\/radioljubuski.ba\\\/?s={search_term_string}\"},\"query-input\":{\"@type\":\"PropertyValueSpecification\",\"valueRequired\":true,\"valueName\":\"search_term_string\"}}],\"inLanguage\":\"hr\"},{\"@type\":\"Organization\",\"@id\":\"https:\\\/\\\/radioljubuski.ba\\\/#organization\",\"name\":\"Radio Ljubu\u0161ki\",\"url\":\"https:\\\/\\\/radioljubuski.ba\\\/\",\"logo\":{\"@type\":\"ImageObject\",\"inLanguage\":\"hr\",\"@id\":\"https:\\\/\\\/radioljubuski.ba\\\/#\\\/schema\\\/logo\\\/image\\\/\",\"url\":\"https:\\\/\\\/radioljubuski.ba\\\/wp-content\\\/uploads\\\/2021\\\/02\\\/cropped-Radio_Ljubuski_logo1.jpg\",\"contentUrl\":\"https:\\\/\\\/radioljubuski.ba\\\/wp-content\\\/uploads\\\/2021\\\/02\\\/cropped-Radio_Ljubuski_logo1.jpg\",\"width\":512,\"height\":512,\"caption\":\"Radio Ljubu\u0161ki\"},\"image\":{\"@id\":\"https:\\\/\\\/radioljubuski.ba\\\/#\\\/schema\\\/logo\\\/image\\\/\"},\"sameAs\":[\"https:\\\/\\\/www.facebook.com\\\/Radiio-Ljubuski-1490835324566332\",\"https:\\\/\\\/x.com\\\/radioljubuski\",\"https:\\\/\\\/hr.linkedin.com\\\/company\\\/radio-ljubuski\",\"https:\\\/\\\/www.youtube.com\\\/channel\\\/UCHYaeO_n0Db3tjNGudGpXyw\"]},{\"@type\":\"Person\",\"@id\":\"https:\\\/\\\/radioljubuski.ba\\\/#\\\/schema\\\/person\\\/19fc700381a780f69665d7956c469e3b\",\"name\":\"Radio Ljubu\u0161ki\"}]}<\/script>\n<!-- \/ Yoast SEO plugin. -->","yoast_head_json":{"title":"Idu\u0107i tjedan 'Dani srca u Mostaru' - RADIO LJUBU\u0160KI","robots":{"index":"index","follow":"follow","max-snippet":"max-snippet:-1","max-image-preview":"max-image-preview:large","max-video-preview":"max-video-preview:-1"},"canonical":"https:\/\/radioljubuski.ba\/index.php\/2022\/09\/23\/iduci-tjedan-dani-srca-u-mostaru\/","og_locale":"hr_HR","og_type":"article","og_title":"Idu\u0107i tjedan 'Dani srca u Mostaru' - RADIO LJUBU\u0160KI","og_description":"&#8220;Dani srca u Mostaru&#8221; naziv je doga\u0111aja kojim \u0107e se idu\u0107i tjedan obilje\u017eiti 29. rujna &#8211; Svjetski dan srca. Program &#8220;Dana srca u Mostaru&#8221; odr\u017eat \u0107e se od 26. rujna do 2. listopada, a sve s ciljem promocije zdravih stilova \u017eivota, prevencije pu\u0161enja i drugih kardiovaskularnih faktora rizika. U doga\u0111aj su uklju\u010dene brojne organizacije i [&hellip;]","og_url":"https:\/\/radioljubuski.ba\/index.php\/2022\/09\/23\/iduci-tjedan-dani-srca-u-mostaru\/","og_site_name":"RADIO LJUBU\u0160KI","article_publisher":"https:\/\/www.facebook.com\/Radiio-Ljubuski-1490835324566332","article_published_time":"2022-09-23T11:44:03+00:00","article_modified_time":"2022-09-23T11:44:04+00:00","og_image":[{"width":696,"height":393,"url":"https:\/\/radioljubuski.ba\/wp-content\/uploads\/2022\/09\/srce-696x393-1.jpg","type":"image\/jpeg"}],"author":"Radio Ljubu\u0161ki","twitter_card":"summary_large_image","twitter_creator":"@radioljubuski","twitter_site":"@radioljubuski","twitter_misc":{"Napisao\/la":"Radio Ljubu\u0161ki","Procijenjeno vrijeme \u010ditanja":"2 minute"},"schema":{"@context":"https:\/\/schema.org","@graph":[{"@type":"Article","@id":"https:\/\/radioljubuski.ba\/index.php\/2022\/09\/23\/iduci-tjedan-dani-srca-u-mostaru\/#article","isPartOf":{"@id":"https:\/\/radioljubuski.ba\/index.php\/2022\/09\/23\/iduci-tjedan-dani-srca-u-mostaru\/"},"author":{"name":"Radio Ljubu\u0161ki","@id":"https:\/\/radioljubuski.ba\/#\/schema\/person\/19fc700381a780f69665d7956c469e3b"},"headline":"Idu\u0107i tjedan &#8216;Dani srca u Mostaru&#8217;","datePublished":"2022-09-23T11:44:03+00:00","dateModified":"2022-09-23T11:44:04+00:00","mainEntityOfPage":{"@id":"https:\/\/radioljubuski.ba\/index.php\/2022\/09\/23\/iduci-tjedan-dani-srca-u-mostaru\/"},"wordCount":308,"publisher":{"@id":"https:\/\/radioljubuski.ba\/#organization"},"image":{"@id":"https:\/\/radioljubuski.ba\/index.php\/2022\/09\/23\/iduci-tjedan-dani-srca-u-mostaru\/#primaryimage"},"thumbnailUrl":"https:\/\/radioljubuski.ba\/wp-content\/uploads\/2022\/09\/srce-696x393-1.jpg","articleSection":["BIH i regija"],"inLanguage":"hr"},{"@type":"WebPage","@id":"https:\/\/radioljubuski.ba\/index.php\/2022\/09\/23\/iduci-tjedan-dani-srca-u-mostaru\/","url":"https:\/\/radioljubuski.ba\/index.php\/2022\/09\/23\/iduci-tjedan-dani-srca-u-mostaru\/","name":"Idu\u0107i tjedan 'Dani srca u Mostaru' - RADIO LJUBU\u0160KI","isPartOf":{"@id":"https:\/\/radioljubuski.ba\/#website"},"primaryImageOfPage":{"@id":"https:\/\/radioljubuski.ba\/index.php\/2022\/09\/23\/iduci-tjedan-dani-srca-u-mostaru\/#primaryimage"},"image":{"@id":"https:\/\/radioljubuski.ba\/index.php\/2022\/09\/23\/iduci-tjedan-dani-srca-u-mostaru\/#primaryimage"},"thumbnailUrl":"https:\/\/radioljubuski.ba\/wp-content\/uploads\/2022\/09\/srce-696x393-1.jpg","datePublished":"2022-09-23T11:44:03+00:00","dateModified":"2022-09-23T11:44:04+00:00","breadcrumb":{"@id":"https:\/\/radioljubuski.ba\/index.php\/2022\/09\/23\/iduci-tjedan-dani-srca-u-mostaru\/#breadcrumb"},"inLanguage":"hr","potentialAction":[{"@type":"ReadAction","target":["https:\/\/radioljubuski.ba\/index.php\/2022\/09\/23\/iduci-tjedan-dani-srca-u-mostaru\/"]}]},{"@type":"ImageObject","inLanguage":"hr","@id":"https:\/\/radioljubuski.ba\/index.php\/2022\/09\/23\/iduci-tjedan-dani-srca-u-mostaru\/#primaryimage","url":"https:\/\/radioljubuski.ba\/wp-content\/uploads\/2022\/09\/srce-696x393-1.jpg","contentUrl":"https:\/\/radioljubuski.ba\/wp-content\/uploads\/2022\/09\/srce-696x393-1.jpg","width":696,"height":393},{"@type":"BreadcrumbList","@id":"https:\/\/radioljubuski.ba\/index.php\/2022\/09\/23\/iduci-tjedan-dani-srca-u-mostaru\/#breadcrumb","itemListElement":[{"@type":"ListItem","position":1,"name":"Po\u010detna stranica","item":"https:\/\/radioljubuski.ba\/"},{"@type":"ListItem","position":2,"name":"Idu\u0107i tjedan &#8216;Dani srca u Mostaru&#8217;"}]},{"@type":"WebSite","@id":"https:\/\/radioljubuski.ba\/#website","url":"https:\/\/radioljubuski.ba\/","name":"Radio Ljubu\u0161ki","description":"Sun\u010dana frekvencija Hercegovine","publisher":{"@id":"https:\/\/radioljubuski.ba\/#organization"},"potentialAction":[{"@type":"SearchAction","target":{"@type":"EntryPoint","urlTemplate":"https:\/\/radioljubuski.ba\/?s={search_term_string}"},"query-input":{"@type":"PropertyValueSpecification","valueRequired":true,"valueName":"search_term_string"}}],"inLanguage":"hr"},{"@type":"Organization","@id":"https:\/\/radioljubuski.ba\/#organization","name":"Radio Ljubu\u0161ki","url":"https:\/\/radioljubuski.ba\/","logo":{"@type":"ImageObject","inLanguage":"hr","@id":"https:\/\/radioljubuski.ba\/#\/schema\/logo\/image\/","url":"https:\/\/radioljubuski.ba\/wp-content\/uploads\/2021\/02\/cropped-Radio_Ljubuski_logo1.jpg","contentUrl":"https:\/\/radioljubuski.ba\/wp-content\/uploads\/2021\/02\/cropped-Radio_Ljubuski_logo1.jpg","width":512,"height":512,"caption":"Radio Ljubu\u0161ki"},"image":{"@id":"https:\/\/radioljubuski.ba\/#\/schema\/logo\/image\/"},"sameAs":["https:\/\/www.facebook.com\/Radiio-Ljubuski-1490835324566332","https:\/\/x.com\/radioljubuski","https:\/\/hr.linkedin.com\/company\/radio-ljubuski","https:\/\/www.youtube.com\/channel\/UCHYaeO_n0Db3tjNGudGpXyw"]},{"@type":"Person","@id":"https:\/\/radioljubuski.ba\/#\/schema\/person\/19fc700381a780f69665d7956c469e3b","name":"Radio Ljubu\u0161ki"}]}},"_links":{"self":[{"href":"https:\/\/radioljubuski.ba\/index.php\/wp-json\/wp\/v2\/posts\/183335","targetHints":{"allow":["GET"]}}],"collection":[{"href":"https:\/\/radioljubuski.ba\/index.php\/wp-json\/wp\/v2\/posts"}],"about":[{"href":"https:\/\/radioljubuski.ba\/index.php\/wp-json\/wp\/v2\/types\/post"}],"author":[{"embeddable":true,"href":"https:\/\/radioljubuski.ba\/index.php\/wp-json\/wp\/v2\/users\/2"}],"replies":[{"embeddable":true,"href":"https:\/\/radioljubuski.ba\/index.php\/wp-json\/wp\/v2\/comments?post=183335"}],"version-history":[{"count":1,"href":"https:\/\/radioljubuski.ba\/index.php\/wp-json\/wp\/v2\/posts\/183335\/revisions"}],"predecessor-version":[{"id":183337,"href":"https:\/\/radioljubuski.ba\/index.php\/wp-json\/wp\/v2\/posts\/183335\/revisions\/183337"}],"wp:featuredmedia":[{"embeddable":true,"href":"https:\/\/radioljubuski.ba\/index.php\/wp-json\/wp\/v2\/media\/183336"}],"wp:attachment":[{"href":"https:\/\/radioljubuski.ba\/index.php\/wp-json\/wp\/v2\/media?parent=183335"}],"wp:term":[{"taxonomy":"category","embeddable":true,"href":"https:\/\/radioljubuski.ba\/index.php\/wp-json\/wp\/v2\/categories?post=183335"},{"taxonomy":"post_tag","embeddable":true,"href":"https:\/\/radioljubuski.ba\/index.php\/wp-json\/wp\/v2\/tags?post=183335"}],"curies":[{"name":"wp","href":"https:\/\/api.w.org\/{rel}","templated":true}]}}