{"id":18336,"date":"2021-05-04T00:57:14","date_gmt":"2021-05-03T23:57:14","guid":{"rendered":"https:\/\/radioljubuski.ba\/?p=18336"},"modified":"2021-05-04T00:57:15","modified_gmt":"2021-05-03T23:57:15","slug":"pet-znakova-koje-vam-tijelo-salje-a-otkrivaju-da-se-ne-krecete-dovoljno","status":"publish","type":"post","link":"https:\/\/radioljubuski.ba\/index.php\/2021\/05\/04\/pet-znakova-koje-vam-tijelo-salje-a-otkrivaju-da-se-ne-krecete-dovoljno\/","title":{"rendered":"Pet znakova koje vam tijelo \u0161alje, a otkrivaju da se ne kre\u0107ete dovoljno"},"content":{"rendered":"\n<p><strong>Mnogi ljudi se premalo kre\u0107u zbog modernog na\u010dina \u017eivota pa ne bismo trebali biti iznena\u0111eni kada na\u0161a tijela krenu \u201cpani\u010dariti\u201d i govoriti nam da je krajnje vrijeme da po\u010dnemo brinuti o sebi.<\/strong><\/p>\n\n\n\n<p>\u0160tovi\u0161e, jedan pogled na vlastiti izgled mo\u017ee vam otkriti da se premalo kre\u0107ete.<\/p>\n\n\n\n<h3 class=\"wp-block-heading\">1. O\u010di su vam nate\u010dene<\/h3>\n\n\n\n<p>Sjedila\u010dki na\u010din \u017eivota jedan je od glavnih okida\u010da zadr\u017eavanja vode. Podbuhle o\u010di pojavljuju se zbog duljeg zadr\u017eavanja u vodoravnom polo\u017eaju. Dakle, (predugo) spavanje i izle\u017eavanje ipak nije toliko bezazleno. Smatra se da je joga najbolje rje\u0161enje za ovaj problem. Asane vr\u0161e pritisak na glavu i poja\u010davaju cirkulaciju. Jednom kada po\u010dnete dodavati \u200b\u200bneke joga pokrete u svoju svakodnevicu, podbuhle o\u010di vi\u0161e ne bi trebale biti problem.<\/p>\n\n\n\n<h3 class=\"wp-block-heading\">2. Mu\u010di vas zatvor<\/h3>\n\n\n\n<p>Vje\u017eba je va\u017ena i za redovito pra\u017enjenje crijeva. Ako ve\u0107inu vremena provodite sjede\u0107i, treba vam vi\u0161e vremena da hrana pro\u0111e kroz debelo crijevo. Zbog toga je koli\u010dina vode koju va\u0161e tijelo apsorbira iz stolice ograni\u010dena, \u0161to dovodi do zatvora. Redovito kretanje pobolj\u0161ava u\u010dinkovitost va\u0161eg probavnog trakta. \u010cak i jednostavna 5-minutna istezanja nekoliko puta dnevno mogu sprije\u010diti zatvor.<\/p>\n\n\n\n<h3 class=\"wp-block-heading\">3. Zaboravni ste<\/h3>\n\n\n\n<p>Ako vam \u010desto promaknu neke informacije, mo\u017eda biste trebali malo razmisliti o kretanju. Jedno je istra\u017eivanje otkrilo da se kod ljudi koji vode neaktivan na\u010din \u017eivota pokazuju strukturne promjene u mozgu u podru\u010dju medijalnog sljepoo\u010dnog re\u017enja. Ovaj re\u017eanj odgovoran je za na\u0161u sposobnost pam\u0107enja. Tako\u0111er, dokazano je da vje\u017eba poja\u010dava pam\u0107enje.<\/p>\n\n\n\n<h3 class=\"wp-block-heading\">4. Bole vas koljena<\/h3>\n\n\n\n<p>Pokret je tajna otpu\u0161tanja napetih zglobova. Vje\u017ebanje mo\u017ee ubla\u017eiti simptome artritisa i osteoartritisa, a to se posebno odnosi na aerobne vje\u017ebe s malim utjecajem. Pacijentima s kroni\u010dnim bolovima u koljenima savjetuje se da se priklju\u010de odre\u0111enim programima vje\u017ebanja, a redovitim vje\u017ebanjem se i ja\u010daju mi\u0161i\u0107i te postaju fleksibilniji, prenosi Index.<\/p>\n\n\n\n<h3 class=\"wp-block-heading\">5. Stalno \u017eudite za slatki\u0161ima<\/h3>\n\n\n\n<p>Tjelesna aktivnost je savr\u0161en saveznik u borbi protiv \u017eelje za \u0161e\u0107erom. Pove\u0107ava va\u0161u energiju i osloba\u0111a endorfine koji poti\u010du op\u0107u sre\u0107u. Hormoni sre\u0107e zauzvrat zna\u010dajno smanjuju \u017eudnju za \u0161e\u0107erom. Osim toga, dovoljno kretanje tijekom dana poma\u017ee u uklanjanju simptoma depresije, navodi&nbsp;Bright Side.<\/p>\n\n\n\n<p>\/HMS\/<\/p>\n","protected":false},"excerpt":{"rendered":"<p>Mnogi ljudi se premalo kre\u0107u zbog modernog na\u010dina \u017eivota pa ne bismo trebali biti iznena\u0111eni kada na\u0161a tijela krenu \u201cpani\u010dariti\u201d i govoriti nam da je krajnje vrijeme da po\u010dnemo brinuti o sebi. \u0160tovi\u0161e, jedan pogled na vlastiti izgled mo\u017ee vam otkriti da se premalo kre\u0107ete. 1. O\u010di su vam nate\u010dene Sjedila\u010dki na\u010din \u017eivota jedan je [&hellip;]<\/p>\n","protected":false},"author":2,"featured_media":18337,"comment_status":"closed","ping_status":"closed","sticky":false,"template":"","format":"standard","meta":{"h5ap_radio_sources":[],"footnotes":""},"categories":[1],"tags":[],"class_list":["post-18336","post","type-post","status-publish","format-standard","has-post-thumbnail","hentry","category-bihiregija"],"yoast_head":"<!-- This site is optimized with the Yoast SEO plugin v27.5 - https:\/\/yoast.com\/product\/yoast-seo-wordpress\/ -->\n<title>Pet znakova koje vam tijelo \u0161alje, a otkrivaju da se ne kre\u0107ete dovoljno - RADIO LJUBU\u0160KI<\/title>\n<meta name=\"robots\" content=\"index, follow, max-snippet:-1, max-image-preview:large, max-video-preview:-1\" \/>\n<link rel=\"canonical\" href=\"https:\/\/radioljubuski.ba\/index.php\/2021\/05\/04\/pet-znakova-koje-vam-tijelo-salje-a-otkrivaju-da-se-ne-krecete-dovoljno\/\" \/>\n<meta property=\"og:locale\" content=\"hr_HR\" \/>\n<meta property=\"og:type\" content=\"article\" \/>\n<meta property=\"og:title\" content=\"Pet znakova koje vam tijelo \u0161alje, a otkrivaju da se ne kre\u0107ete dovoljno - RADIO LJUBU\u0160KI\" \/>\n<meta property=\"og:description\" content=\"Mnogi ljudi se premalo kre\u0107u zbog modernog na\u010dina \u017eivota pa ne bismo trebali biti iznena\u0111eni kada na\u0161a tijela krenu \u201cpani\u010dariti\u201d i govoriti nam da je krajnje vrijeme da po\u010dnemo brinuti o sebi. \u0160tovi\u0161e, jedan pogled na vlastiti izgled mo\u017ee vam otkriti da se premalo kre\u0107ete. 1. O\u010di su vam nate\u010dene Sjedila\u010dki na\u010din \u017eivota jedan je [&hellip;]\" \/>\n<meta property=\"og:url\" content=\"https:\/\/radioljubuski.ba\/index.php\/2021\/05\/04\/pet-znakova-koje-vam-tijelo-salje-a-otkrivaju-da-se-ne-krecete-dovoljno\/\" \/>\n<meta property=\"og:site_name\" content=\"RADIO LJUBU\u0160KI\" \/>\n<meta property=\"article:publisher\" content=\"https:\/\/www.facebook.com\/Radiio-Ljubuski-1490835324566332\" \/>\n<meta property=\"article:published_time\" content=\"2021-05-03T23:57:14+00:00\" \/>\n<meta property=\"article:modified_time\" content=\"2021-05-03T23:57:15+00:00\" \/>\n<meta property=\"og:image\" content=\"https:\/\/radioljubuski.ba\/wp-content\/uploads\/2021\/05\/adrian-swancar-imAfCYq7KH0-unsplash-750x500-1.jpg\" \/>\n\t<meta property=\"og:image:width\" content=\"750\" \/>\n\t<meta property=\"og:image:height\" content=\"500\" \/>\n\t<meta property=\"og:image:type\" content=\"image\/jpeg\" \/>\n<meta name=\"author\" content=\"Radio Ljubu\u0161ki\" \/>\n<meta name=\"twitter:card\" content=\"summary_large_image\" \/>\n<meta name=\"twitter:creator\" content=\"@radioljubuski\" \/>\n<meta name=\"twitter:site\" content=\"@radioljubuski\" \/>\n<meta name=\"twitter:label1\" content=\"Napisao\/la\" \/>\n\t<meta name=\"twitter:data1\" content=\"Radio Ljubu\u0161ki\" \/>\n\t<meta name=\"twitter:label2\" content=\"Procijenjeno vrijeme \u010ditanja\" \/>\n\t<meta name=\"twitter:data2\" content=\"2 minute\" \/>\n<script type=\"application\/ld+json\" class=\"yoast-schema-graph\">{\"@context\":\"https:\\\/\\\/schema.org\",\"@graph\":[{\"@type\":\"Article\",\"@id\":\"https:\\\/\\\/radioljubuski.ba\\\/index.php\\\/2021\\\/05\\\/04\\\/pet-znakova-koje-vam-tijelo-salje-a-otkrivaju-da-se-ne-krecete-dovoljno\\\/#article\",\"isPartOf\":{\"@id\":\"https:\\\/\\\/radioljubuski.ba\\\/index.php\\\/2021\\\/05\\\/04\\\/pet-znakova-koje-vam-tijelo-salje-a-otkrivaju-da-se-ne-krecete-dovoljno\\\/\"},\"author\":{\"name\":\"Radio Ljubu\u0161ki\",\"@id\":\"https:\\\/\\\/radioljubuski.ba\\\/#\\\/schema\\\/person\\\/19fc700381a780f69665d7956c469e3b\"},\"headline\":\"Pet znakova koje vam tijelo \u0161alje, a otkrivaju da se ne kre\u0107ete dovoljno\",\"datePublished\":\"2021-05-03T23:57:14+00:00\",\"dateModified\":\"2021-05-03T23:57:15+00:00\",\"mainEntityOfPage\":{\"@id\":\"https:\\\/\\\/radioljubuski.ba\\\/index.php\\\/2021\\\/05\\\/04\\\/pet-znakova-koje-vam-tijelo-salje-a-otkrivaju-da-se-ne-krecete-dovoljno\\\/\"},\"wordCount\":422,\"publisher\":{\"@id\":\"https:\\\/\\\/radioljubuski.ba\\\/#organization\"},\"image\":{\"@id\":\"https:\\\/\\\/radioljubuski.ba\\\/index.php\\\/2021\\\/05\\\/04\\\/pet-znakova-koje-vam-tijelo-salje-a-otkrivaju-da-se-ne-krecete-dovoljno\\\/#primaryimage\"},\"thumbnailUrl\":\"https:\\\/\\\/radioljubuski.ba\\\/wp-content\\\/uploads\\\/2021\\\/05\\\/adrian-swancar-imAfCYq7KH0-unsplash-750x500-1.jpg\",\"articleSection\":[\"BIH i regija\"],\"inLanguage\":\"hr\"},{\"@type\":\"WebPage\",\"@id\":\"https:\\\/\\\/radioljubuski.ba\\\/index.php\\\/2021\\\/05\\\/04\\\/pet-znakova-koje-vam-tijelo-salje-a-otkrivaju-da-se-ne-krecete-dovoljno\\\/\",\"url\":\"https:\\\/\\\/radioljubuski.ba\\\/index.php\\\/2021\\\/05\\\/04\\\/pet-znakova-koje-vam-tijelo-salje-a-otkrivaju-da-se-ne-krecete-dovoljno\\\/\",\"name\":\"Pet znakova koje vam tijelo \u0161alje, a otkrivaju da se ne kre\u0107ete dovoljno - RADIO LJUBU\u0160KI\",\"isPartOf\":{\"@id\":\"https:\\\/\\\/radioljubuski.ba\\\/#website\"},\"primaryImageOfPage\":{\"@id\":\"https:\\\/\\\/radioljubuski.ba\\\/index.php\\\/2021\\\/05\\\/04\\\/pet-znakova-koje-vam-tijelo-salje-a-otkrivaju-da-se-ne-krecete-dovoljno\\\/#primaryimage\"},\"image\":{\"@id\":\"https:\\\/\\\/radioljubuski.ba\\\/index.php\\\/2021\\\/05\\\/04\\\/pet-znakova-koje-vam-tijelo-salje-a-otkrivaju-da-se-ne-krecete-dovoljno\\\/#primaryimage\"},\"thumbnailUrl\":\"https:\\\/\\\/radioljubuski.ba\\\/wp-content\\\/uploads\\\/2021\\\/05\\\/adrian-swancar-imAfCYq7KH0-unsplash-750x500-1.jpg\",\"datePublished\":\"2021-05-03T23:57:14+00:00\",\"dateModified\":\"2021-05-03T23:57:15+00:00\",\"breadcrumb\":{\"@id\":\"https:\\\/\\\/radioljubuski.ba\\\/index.php\\\/2021\\\/05\\\/04\\\/pet-znakova-koje-vam-tijelo-salje-a-otkrivaju-da-se-ne-krecete-dovoljno\\\/#breadcrumb\"},\"inLanguage\":\"hr\",\"potentialAction\":[{\"@type\":\"ReadAction\",\"target\":[\"https:\\\/\\\/radioljubuski.ba\\\/index.php\\\/2021\\\/05\\\/04\\\/pet-znakova-koje-vam-tijelo-salje-a-otkrivaju-da-se-ne-krecete-dovoljno\\\/\"]}]},{\"@type\":\"ImageObject\",\"inLanguage\":\"hr\",\"@id\":\"https:\\\/\\\/radioljubuski.ba\\\/index.php\\\/2021\\\/05\\\/04\\\/pet-znakova-koje-vam-tijelo-salje-a-otkrivaju-da-se-ne-krecete-dovoljno\\\/#primaryimage\",\"url\":\"https:\\\/\\\/radioljubuski.ba\\\/wp-content\\\/uploads\\\/2021\\\/05\\\/adrian-swancar-imAfCYq7KH0-unsplash-750x500-1.jpg\",\"contentUrl\":\"https:\\\/\\\/radioljubuski.ba\\\/wp-content\\\/uploads\\\/2021\\\/05\\\/adrian-swancar-imAfCYq7KH0-unsplash-750x500-1.jpg\",\"width\":750,\"height\":500},{\"@type\":\"BreadcrumbList\",\"@id\":\"https:\\\/\\\/radioljubuski.ba\\\/index.php\\\/2021\\\/05\\\/04\\\/pet-znakova-koje-vam-tijelo-salje-a-otkrivaju-da-se-ne-krecete-dovoljno\\\/#breadcrumb\",\"itemListElement\":[{\"@type\":\"ListItem\",\"position\":1,\"name\":\"Po\u010detna stranica\",\"item\":\"https:\\\/\\\/radioljubuski.ba\\\/\"},{\"@type\":\"ListItem\",\"position\":2,\"name\":\"Pet znakova koje vam tijelo \u0161alje, a otkrivaju da se ne kre\u0107ete dovoljno\"}]},{\"@type\":\"WebSite\",\"@id\":\"https:\\\/\\\/radioljubuski.ba\\\/#website\",\"url\":\"https:\\\/\\\/radioljubuski.ba\\\/\",\"name\":\"Radio Ljubu\u0161ki\",\"description\":\"Sun\u010dana frekvencija Hercegovine\",\"publisher\":{\"@id\":\"https:\\\/\\\/radioljubuski.ba\\\/#organization\"},\"potentialAction\":[{\"@type\":\"SearchAction\",\"target\":{\"@type\":\"EntryPoint\",\"urlTemplate\":\"https:\\\/\\\/radioljubuski.ba\\\/?s={search_term_string}\"},\"query-input\":{\"@type\":\"PropertyValueSpecification\",\"valueRequired\":true,\"valueName\":\"search_term_string\"}}],\"inLanguage\":\"hr\"},{\"@type\":\"Organization\",\"@id\":\"https:\\\/\\\/radioljubuski.ba\\\/#organization\",\"name\":\"Radio Ljubu\u0161ki\",\"url\":\"https:\\\/\\\/radioljubuski.ba\\\/\",\"logo\":{\"@type\":\"ImageObject\",\"inLanguage\":\"hr\",\"@id\":\"https:\\\/\\\/radioljubuski.ba\\\/#\\\/schema\\\/logo\\\/image\\\/\",\"url\":\"https:\\\/\\\/radioljubuski.ba\\\/wp-content\\\/uploads\\\/2021\\\/02\\\/cropped-Radio_Ljubuski_logo1.jpg\",\"contentUrl\":\"https:\\\/\\\/radioljubuski.ba\\\/wp-content\\\/uploads\\\/2021\\\/02\\\/cropped-Radio_Ljubuski_logo1.jpg\",\"width\":512,\"height\":512,\"caption\":\"Radio Ljubu\u0161ki\"},\"image\":{\"@id\":\"https:\\\/\\\/radioljubuski.ba\\\/#\\\/schema\\\/logo\\\/image\\\/\"},\"sameAs\":[\"https:\\\/\\\/www.facebook.com\\\/Radiio-Ljubuski-1490835324566332\",\"https:\\\/\\\/x.com\\\/radioljubuski\",\"https:\\\/\\\/hr.linkedin.com\\\/company\\\/radio-ljubuski\",\"https:\\\/\\\/www.youtube.com\\\/channel\\\/UCHYaeO_n0Db3tjNGudGpXyw\"]},{\"@type\":\"Person\",\"@id\":\"https:\\\/\\\/radioljubuski.ba\\\/#\\\/schema\\\/person\\\/19fc700381a780f69665d7956c469e3b\",\"name\":\"Radio Ljubu\u0161ki\"}]}<\/script>\n<!-- \/ Yoast SEO plugin. -->","yoast_head_json":{"title":"Pet znakova koje vam tijelo \u0161alje, a otkrivaju da se ne kre\u0107ete dovoljno - RADIO LJUBU\u0160KI","robots":{"index":"index","follow":"follow","max-snippet":"max-snippet:-1","max-image-preview":"max-image-preview:large","max-video-preview":"max-video-preview:-1"},"canonical":"https:\/\/radioljubuski.ba\/index.php\/2021\/05\/04\/pet-znakova-koje-vam-tijelo-salje-a-otkrivaju-da-se-ne-krecete-dovoljno\/","og_locale":"hr_HR","og_type":"article","og_title":"Pet znakova koje vam tijelo \u0161alje, a otkrivaju da se ne kre\u0107ete dovoljno - RADIO LJUBU\u0160KI","og_description":"Mnogi ljudi se premalo kre\u0107u zbog modernog na\u010dina \u017eivota pa ne bismo trebali biti iznena\u0111eni kada na\u0161a tijela krenu \u201cpani\u010dariti\u201d i govoriti nam da je krajnje vrijeme da po\u010dnemo brinuti o sebi. \u0160tovi\u0161e, jedan pogled na vlastiti izgled mo\u017ee vam otkriti da se premalo kre\u0107ete. 1. O\u010di su vam nate\u010dene Sjedila\u010dki na\u010din \u017eivota jedan je [&hellip;]","og_url":"https:\/\/radioljubuski.ba\/index.php\/2021\/05\/04\/pet-znakova-koje-vam-tijelo-salje-a-otkrivaju-da-se-ne-krecete-dovoljno\/","og_site_name":"RADIO LJUBU\u0160KI","article_publisher":"https:\/\/www.facebook.com\/Radiio-Ljubuski-1490835324566332","article_published_time":"2021-05-03T23:57:14+00:00","article_modified_time":"2021-05-03T23:57:15+00:00","og_image":[{"width":750,"height":500,"url":"https:\/\/radioljubuski.ba\/wp-content\/uploads\/2021\/05\/adrian-swancar-imAfCYq7KH0-unsplash-750x500-1.jpg","type":"image\/jpeg"}],"author":"Radio Ljubu\u0161ki","twitter_card":"summary_large_image","twitter_creator":"@radioljubuski","twitter_site":"@radioljubuski","twitter_misc":{"Napisao\/la":"Radio Ljubu\u0161ki","Procijenjeno vrijeme \u010ditanja":"2 minute"},"schema":{"@context":"https:\/\/schema.org","@graph":[{"@type":"Article","@id":"https:\/\/radioljubuski.ba\/index.php\/2021\/05\/04\/pet-znakova-koje-vam-tijelo-salje-a-otkrivaju-da-se-ne-krecete-dovoljno\/#article","isPartOf":{"@id":"https:\/\/radioljubuski.ba\/index.php\/2021\/05\/04\/pet-znakova-koje-vam-tijelo-salje-a-otkrivaju-da-se-ne-krecete-dovoljno\/"},"author":{"name":"Radio Ljubu\u0161ki","@id":"https:\/\/radioljubuski.ba\/#\/schema\/person\/19fc700381a780f69665d7956c469e3b"},"headline":"Pet znakova koje vam tijelo \u0161alje, a otkrivaju da se ne kre\u0107ete dovoljno","datePublished":"2021-05-03T23:57:14+00:00","dateModified":"2021-05-03T23:57:15+00:00","mainEntityOfPage":{"@id":"https:\/\/radioljubuski.ba\/index.php\/2021\/05\/04\/pet-znakova-koje-vam-tijelo-salje-a-otkrivaju-da-se-ne-krecete-dovoljno\/"},"wordCount":422,"publisher":{"@id":"https:\/\/radioljubuski.ba\/#organization"},"image":{"@id":"https:\/\/radioljubuski.ba\/index.php\/2021\/05\/04\/pet-znakova-koje-vam-tijelo-salje-a-otkrivaju-da-se-ne-krecete-dovoljno\/#primaryimage"},"thumbnailUrl":"https:\/\/radioljubuski.ba\/wp-content\/uploads\/2021\/05\/adrian-swancar-imAfCYq7KH0-unsplash-750x500-1.jpg","articleSection":["BIH i regija"],"inLanguage":"hr"},{"@type":"WebPage","@id":"https:\/\/radioljubuski.ba\/index.php\/2021\/05\/04\/pet-znakova-koje-vam-tijelo-salje-a-otkrivaju-da-se-ne-krecete-dovoljno\/","url":"https:\/\/radioljubuski.ba\/index.php\/2021\/05\/04\/pet-znakova-koje-vam-tijelo-salje-a-otkrivaju-da-se-ne-krecete-dovoljno\/","name":"Pet znakova koje vam tijelo \u0161alje, a otkrivaju da se ne kre\u0107ete dovoljno - RADIO LJUBU\u0160KI","isPartOf":{"@id":"https:\/\/radioljubuski.ba\/#website"},"primaryImageOfPage":{"@id":"https:\/\/radioljubuski.ba\/index.php\/2021\/05\/04\/pet-znakova-koje-vam-tijelo-salje-a-otkrivaju-da-se-ne-krecete-dovoljno\/#primaryimage"},"image":{"@id":"https:\/\/radioljubuski.ba\/index.php\/2021\/05\/04\/pet-znakova-koje-vam-tijelo-salje-a-otkrivaju-da-se-ne-krecete-dovoljno\/#primaryimage"},"thumbnailUrl":"https:\/\/radioljubuski.ba\/wp-content\/uploads\/2021\/05\/adrian-swancar-imAfCYq7KH0-unsplash-750x500-1.jpg","datePublished":"2021-05-03T23:57:14+00:00","dateModified":"2021-05-03T23:57:15+00:00","breadcrumb":{"@id":"https:\/\/radioljubuski.ba\/index.php\/2021\/05\/04\/pet-znakova-koje-vam-tijelo-salje-a-otkrivaju-da-se-ne-krecete-dovoljno\/#breadcrumb"},"inLanguage":"hr","potentialAction":[{"@type":"ReadAction","target":["https:\/\/radioljubuski.ba\/index.php\/2021\/05\/04\/pet-znakova-koje-vam-tijelo-salje-a-otkrivaju-da-se-ne-krecete-dovoljno\/"]}]},{"@type":"ImageObject","inLanguage":"hr","@id":"https:\/\/radioljubuski.ba\/index.php\/2021\/05\/04\/pet-znakova-koje-vam-tijelo-salje-a-otkrivaju-da-se-ne-krecete-dovoljno\/#primaryimage","url":"https:\/\/radioljubuski.ba\/wp-content\/uploads\/2021\/05\/adrian-swancar-imAfCYq7KH0-unsplash-750x500-1.jpg","contentUrl":"https:\/\/radioljubuski.ba\/wp-content\/uploads\/2021\/05\/adrian-swancar-imAfCYq7KH0-unsplash-750x500-1.jpg","width":750,"height":500},{"@type":"BreadcrumbList","@id":"https:\/\/radioljubuski.ba\/index.php\/2021\/05\/04\/pet-znakova-koje-vam-tijelo-salje-a-otkrivaju-da-se-ne-krecete-dovoljno\/#breadcrumb","itemListElement":[{"@type":"ListItem","position":1,"name":"Po\u010detna stranica","item":"https:\/\/radioljubuski.ba\/"},{"@type":"ListItem","position":2,"name":"Pet znakova koje vam tijelo \u0161alje, a otkrivaju da se ne kre\u0107ete dovoljno"}]},{"@type":"WebSite","@id":"https:\/\/radioljubuski.ba\/#website","url":"https:\/\/radioljubuski.ba\/","name":"Radio Ljubu\u0161ki","description":"Sun\u010dana frekvencija Hercegovine","publisher":{"@id":"https:\/\/radioljubuski.ba\/#organization"},"potentialAction":[{"@type":"SearchAction","target":{"@type":"EntryPoint","urlTemplate":"https:\/\/radioljubuski.ba\/?s={search_term_string}"},"query-input":{"@type":"PropertyValueSpecification","valueRequired":true,"valueName":"search_term_string"}}],"inLanguage":"hr"},{"@type":"Organization","@id":"https:\/\/radioljubuski.ba\/#organization","name":"Radio Ljubu\u0161ki","url":"https:\/\/radioljubuski.ba\/","logo":{"@type":"ImageObject","inLanguage":"hr","@id":"https:\/\/radioljubuski.ba\/#\/schema\/logo\/image\/","url":"https:\/\/radioljubuski.ba\/wp-content\/uploads\/2021\/02\/cropped-Radio_Ljubuski_logo1.jpg","contentUrl":"https:\/\/radioljubuski.ba\/wp-content\/uploads\/2021\/02\/cropped-Radio_Ljubuski_logo1.jpg","width":512,"height":512,"caption":"Radio Ljubu\u0161ki"},"image":{"@id":"https:\/\/radioljubuski.ba\/#\/schema\/logo\/image\/"},"sameAs":["https:\/\/www.facebook.com\/Radiio-Ljubuski-1490835324566332","https:\/\/x.com\/radioljubuski","https:\/\/hr.linkedin.com\/company\/radio-ljubuski","https:\/\/www.youtube.com\/channel\/UCHYaeO_n0Db3tjNGudGpXyw"]},{"@type":"Person","@id":"https:\/\/radioljubuski.ba\/#\/schema\/person\/19fc700381a780f69665d7956c469e3b","name":"Radio Ljubu\u0161ki"}]}},"_links":{"self":[{"href":"https:\/\/radioljubuski.ba\/index.php\/wp-json\/wp\/v2\/posts\/18336","targetHints":{"allow":["GET"]}}],"collection":[{"href":"https:\/\/radioljubuski.ba\/index.php\/wp-json\/wp\/v2\/posts"}],"about":[{"href":"https:\/\/radioljubuski.ba\/index.php\/wp-json\/wp\/v2\/types\/post"}],"author":[{"embeddable":true,"href":"https:\/\/radioljubuski.ba\/index.php\/wp-json\/wp\/v2\/users\/2"}],"replies":[{"embeddable":true,"href":"https:\/\/radioljubuski.ba\/index.php\/wp-json\/wp\/v2\/comments?post=18336"}],"version-history":[{"count":1,"href":"https:\/\/radioljubuski.ba\/index.php\/wp-json\/wp\/v2\/posts\/18336\/revisions"}],"predecessor-version":[{"id":18338,"href":"https:\/\/radioljubuski.ba\/index.php\/wp-json\/wp\/v2\/posts\/18336\/revisions\/18338"}],"wp:featuredmedia":[{"embeddable":true,"href":"https:\/\/radioljubuski.ba\/index.php\/wp-json\/wp\/v2\/media\/18337"}],"wp:attachment":[{"href":"https:\/\/radioljubuski.ba\/index.php\/wp-json\/wp\/v2\/media?parent=18336"}],"wp:term":[{"taxonomy":"category","embeddable":true,"href":"https:\/\/radioljubuski.ba\/index.php\/wp-json\/wp\/v2\/categories?post=18336"},{"taxonomy":"post_tag","embeddable":true,"href":"https:\/\/radioljubuski.ba\/index.php\/wp-json\/wp\/v2\/tags?post=18336"}],"curies":[{"name":"wp","href":"https:\/\/api.w.org\/{rel}","templated":true}]}}