{"id":183368,"date":"2022-09-23T13:05:17","date_gmt":"2022-09-23T12:05:17","guid":{"rendered":"https:\/\/radioljubuski.ba\/?p=183368"},"modified":"2022-09-23T13:05:19","modified_gmt":"2022-09-23T12:05:19","slug":"u-fbih-184-milijuna-radno-sposobnog-stanovnistva-48-posto-ekonomski-aktivno","status":"publish","type":"post","link":"https:\/\/radioljubuski.ba\/index.php\/2022\/09\/23\/u-fbih-184-milijuna-radno-sposobnog-stanovnistva-48-posto-ekonomski-aktivno\/","title":{"rendered":"U FBiH 1,84 milijuna radno sposobnog stanovni\u0161tva, 48 posto ekonomski aktivno"},"content":{"rendered":"\n<p>U drugom kvartalu 2022. godine u FBiH bilo je 1.848.000 radno sposobnog stanovni\u0161tva od kojih je 887.000 ekonomski aktivno ili 48 posto, a 961.000 osoba izvan radne snage ili 52 posto.<\/p>\n\n\n\n<p>Od ukupnog radno sposobnog stanovni\u0161tva 734.000 &nbsp;je bilo zaposleno ili 39,7 posto, a 153.000 nezaposleno ili 8,3 posto, pokazuju rezultati Ankete o radnoj snazi za II kvartal 2022. godine koje je objavio Federalni zavod za statistiku.<\/p>\n\n\n\n<p>Broj zaposlenih u odnosu na prvi kvartal 2022. godine je pove\u0107an za 1,5 posto, a broj nezaposlenih je smanjen za 8,4 posto. U odnosu na drugi kvartal 2021. godine broj zaposlenih pove\u0107an je za 5,5 posto, a broj nezaposlenih je smanjen za 10 posto.<\/p>\n\n\n\n<p>Ukupan broj aktivnog stanovni\u0161tva se smanjio u odnosu na prvi kvartal 2022. godine za 0,2 posto. U odnosu na drugi kvartal 2021. godine broj aktivnog stanovni\u0161tva se pove\u0107ao za 2,3 posto.<\/p>\n\n\n\n<p>Stopa zaposlenosti u drugom kvartalu 2022. godine u odnosu na prvi kvartal 2022. godine pove\u0107ana je za 0,6 postotnih poena, dok je u odnosu na drugi kvartal 2021. godine pove\u0107ana za 2,2 postotna poena.<\/p>\n\n\n\n<p>Stopa nezaposlenosti u drugom kvartalu 2022. godine u odnosu na prvi kvartal 2022. godine smanjena je za 1,5 postotnih poena, dok je u odnosu na drugi kvartal 2021. godine smanjena za 2,5 postotna poena.&nbsp;<\/p>\n\n\n\n<p>U strukturi aktivnog stanovni\u0161tva 547.000 &nbsp;su mu\u0161karci ili 61,6 posto, a 340.000 su \u017eene ili 38,4 posto.<\/p>\n\n\n\n<p>U strukturi zaposlenih osoba 470.000 &nbsp;ili 64,1 posto su mu\u0161karci, dok su 264.000 ili 35,9 posto \u017eene.<\/p>\n\n\n\n<p>Od ukupnog broja nezaposlenih osoba 76.000 ili 49,9 posto su mu\u0161karci, a 77.000 ili 50,1 posto su \u017eene.<\/p>\n\n\n\n<p>U drugom kvartalu 2022. godine stopa aktivnosti bila je 48 posto, stopa zaposlenosti 39,7 posto i stopa nezaposlenosti 17,2 posto.<\/p>\n\n\n\n<p>Promatrano prema spolu, skoro dva puta je vi\u0161e aktivnih mu\u0161karaca u odnosu na broj aktivnih \u017eena. Stopa aktivnosti mu\u0161karaca bila je 60,7 posto dok je stopa aktivnosti \u017eena 35,9 posto.<\/p>\n\n\n\n<p>&nbsp;Isto se odnosi i na stopu zaposlenosti koja je za mu\u0161karce bila 52,2 posto, a za \u017eene 27,8 posto. Stopa nezaposlenosti za mu\u0161karce bila je 13,9 posto, a za \u017eene 22,5 posto. &nbsp;&nbsp;<\/p>\n\n\n\n<p>Izvor:pogled.ba<\/p>\n","protected":false},"excerpt":{"rendered":"<p>U drugom kvartalu 2022. godine u FBiH bilo je 1.848.000 radno sposobnog stanovni\u0161tva od kojih je 887.000 ekonomski aktivno ili 48 posto, a 961.000 osoba izvan radne snage ili 52 posto. Od ukupnog radno sposobnog stanovni\u0161tva 734.000 &nbsp;je bilo zaposleno ili 39,7 posto, a 153.000 nezaposleno ili 8,3 posto, pokazuju rezultati Ankete o radnoj snazi [&hellip;]<\/p>\n","protected":false},"author":2,"featured_media":183369,"comment_status":"closed","ping_status":"closed","sticky":false,"template":"","format":"standard","meta":{"h5ap_radio_sources":[],"footnotes":""},"categories":[1],"tags":[],"class_list":["post-183368","post","type-post","status-publish","format-standard","has-post-thumbnail","hentry","category-bihiregija"],"yoast_head":"<!-- This site is optimized with the Yoast SEO plugin v27.5 - https:\/\/yoast.com\/product\/yoast-seo-wordpress\/ -->\n<title>U FBiH 1,84 milijuna radno sposobnog stanovni\u0161tva, 48 posto ekonomski aktivno - RADIO LJUBU\u0160KI<\/title>\n<meta name=\"robots\" content=\"index, follow, max-snippet:-1, max-image-preview:large, max-video-preview:-1\" \/>\n<link rel=\"canonical\" href=\"https:\/\/radioljubuski.ba\/index.php\/2022\/09\/23\/u-fbih-184-milijuna-radno-sposobnog-stanovnistva-48-posto-ekonomski-aktivno\/\" \/>\n<meta property=\"og:locale\" content=\"hr_HR\" \/>\n<meta property=\"og:type\" content=\"article\" \/>\n<meta property=\"og:title\" content=\"U FBiH 1,84 milijuna radno sposobnog stanovni\u0161tva, 48 posto ekonomski aktivno - RADIO LJUBU\u0160KI\" \/>\n<meta property=\"og:description\" content=\"U drugom kvartalu 2022. godine u FBiH bilo je 1.848.000 radno sposobnog stanovni\u0161tva od kojih je 887.000 ekonomski aktivno ili 48 posto, a 961.000 osoba izvan radne snage ili 52 posto. Od ukupnog radno sposobnog stanovni\u0161tva 734.000 &nbsp;je bilo zaposleno ili 39,7 posto, a 153.000 nezaposleno ili 8,3 posto, pokazuju rezultati Ankete o radnoj snazi [&hellip;]\" \/>\n<meta property=\"og:url\" content=\"https:\/\/radioljubuski.ba\/index.php\/2022\/09\/23\/u-fbih-184-milijuna-radno-sposobnog-stanovnistva-48-posto-ekonomski-aktivno\/\" \/>\n<meta property=\"og:site_name\" content=\"RADIO LJUBU\u0160KI\" \/>\n<meta property=\"article:publisher\" content=\"https:\/\/www.facebook.com\/Radiio-Ljubuski-1490835324566332\" \/>\n<meta property=\"article:published_time\" content=\"2022-09-23T12:05:17+00:00\" \/>\n<meta property=\"article:modified_time\" content=\"2022-09-23T12:05:19+00:00\" \/>\n<meta property=\"og:image\" content=\"https:\/\/radioljubuski.ba\/wp-content\/uploads\/2022\/09\/2-2022-09-23-13-12-25-l_fd35208135e89e6d15fd38a8dec99485.jpg\" \/>\n\t<meta property=\"og:image:width\" content=\"1000\" \/>\n\t<meta property=\"og:image:height\" content=\"625\" \/>\n\t<meta property=\"og:image:type\" content=\"image\/jpeg\" \/>\n<meta name=\"author\" content=\"Radio Ljubu\u0161ki\" \/>\n<meta name=\"twitter:card\" content=\"summary_large_image\" \/>\n<meta name=\"twitter:creator\" content=\"@radioljubuski\" \/>\n<meta name=\"twitter:site\" content=\"@radioljubuski\" \/>\n<meta name=\"twitter:label1\" content=\"Napisao\/la\" \/>\n\t<meta name=\"twitter:data1\" content=\"Radio Ljubu\u0161ki\" \/>\n\t<meta name=\"twitter:label2\" content=\"Procijenjeno vrijeme \u010ditanja\" \/>\n\t<meta name=\"twitter:data2\" content=\"2 minute\" \/>\n<script type=\"application\/ld+json\" class=\"yoast-schema-graph\">{\"@context\":\"https:\\\/\\\/schema.org\",\"@graph\":[{\"@type\":\"Article\",\"@id\":\"https:\\\/\\\/radioljubuski.ba\\\/index.php\\\/2022\\\/09\\\/23\\\/u-fbih-184-milijuna-radno-sposobnog-stanovnistva-48-posto-ekonomski-aktivno\\\/#article\",\"isPartOf\":{\"@id\":\"https:\\\/\\\/radioljubuski.ba\\\/index.php\\\/2022\\\/09\\\/23\\\/u-fbih-184-milijuna-radno-sposobnog-stanovnistva-48-posto-ekonomski-aktivno\\\/\"},\"author\":{\"name\":\"Radio Ljubu\u0161ki\",\"@id\":\"https:\\\/\\\/radioljubuski.ba\\\/#\\\/schema\\\/person\\\/19fc700381a780f69665d7956c469e3b\"},\"headline\":\"U FBiH 1,84 milijuna radno sposobnog stanovni\u0161tva, 48 posto ekonomski aktivno\",\"datePublished\":\"2022-09-23T12:05:17+00:00\",\"dateModified\":\"2022-09-23T12:05:19+00:00\",\"mainEntityOfPage\":{\"@id\":\"https:\\\/\\\/radioljubuski.ba\\\/index.php\\\/2022\\\/09\\\/23\\\/u-fbih-184-milijuna-radno-sposobnog-stanovnistva-48-posto-ekonomski-aktivno\\\/\"},\"wordCount\":329,\"publisher\":{\"@id\":\"https:\\\/\\\/radioljubuski.ba\\\/#organization\"},\"image\":{\"@id\":\"https:\\\/\\\/radioljubuski.ba\\\/index.php\\\/2022\\\/09\\\/23\\\/u-fbih-184-milijuna-radno-sposobnog-stanovnistva-48-posto-ekonomski-aktivno\\\/#primaryimage\"},\"thumbnailUrl\":\"https:\\\/\\\/radioljubuski.ba\\\/wp-content\\\/uploads\\\/2022\\\/09\\\/2-2022-09-23-13-12-25-l_fd35208135e89e6d15fd38a8dec99485.jpg\",\"articleSection\":[\"BIH i regija\"],\"inLanguage\":\"hr\"},{\"@type\":\"WebPage\",\"@id\":\"https:\\\/\\\/radioljubuski.ba\\\/index.php\\\/2022\\\/09\\\/23\\\/u-fbih-184-milijuna-radno-sposobnog-stanovnistva-48-posto-ekonomski-aktivno\\\/\",\"url\":\"https:\\\/\\\/radioljubuski.ba\\\/index.php\\\/2022\\\/09\\\/23\\\/u-fbih-184-milijuna-radno-sposobnog-stanovnistva-48-posto-ekonomski-aktivno\\\/\",\"name\":\"U FBiH 1,84 milijuna radno sposobnog stanovni\u0161tva, 48 posto ekonomski aktivno - RADIO LJUBU\u0160KI\",\"isPartOf\":{\"@id\":\"https:\\\/\\\/radioljubuski.ba\\\/#website\"},\"primaryImageOfPage\":{\"@id\":\"https:\\\/\\\/radioljubuski.ba\\\/index.php\\\/2022\\\/09\\\/23\\\/u-fbih-184-milijuna-radno-sposobnog-stanovnistva-48-posto-ekonomski-aktivno\\\/#primaryimage\"},\"image\":{\"@id\":\"https:\\\/\\\/radioljubuski.ba\\\/index.php\\\/2022\\\/09\\\/23\\\/u-fbih-184-milijuna-radno-sposobnog-stanovnistva-48-posto-ekonomski-aktivno\\\/#primaryimage\"},\"thumbnailUrl\":\"https:\\\/\\\/radioljubuski.ba\\\/wp-content\\\/uploads\\\/2022\\\/09\\\/2-2022-09-23-13-12-25-l_fd35208135e89e6d15fd38a8dec99485.jpg\",\"datePublished\":\"2022-09-23T12:05:17+00:00\",\"dateModified\":\"2022-09-23T12:05:19+00:00\",\"breadcrumb\":{\"@id\":\"https:\\\/\\\/radioljubuski.ba\\\/index.php\\\/2022\\\/09\\\/23\\\/u-fbih-184-milijuna-radno-sposobnog-stanovnistva-48-posto-ekonomski-aktivno\\\/#breadcrumb\"},\"inLanguage\":\"hr\",\"potentialAction\":[{\"@type\":\"ReadAction\",\"target\":[\"https:\\\/\\\/radioljubuski.ba\\\/index.php\\\/2022\\\/09\\\/23\\\/u-fbih-184-milijuna-radno-sposobnog-stanovnistva-48-posto-ekonomski-aktivno\\\/\"]}]},{\"@type\":\"ImageObject\",\"inLanguage\":\"hr\",\"@id\":\"https:\\\/\\\/radioljubuski.ba\\\/index.php\\\/2022\\\/09\\\/23\\\/u-fbih-184-milijuna-radno-sposobnog-stanovnistva-48-posto-ekonomski-aktivno\\\/#primaryimage\",\"url\":\"https:\\\/\\\/radioljubuski.ba\\\/wp-content\\\/uploads\\\/2022\\\/09\\\/2-2022-09-23-13-12-25-l_fd35208135e89e6d15fd38a8dec99485.jpg\",\"contentUrl\":\"https:\\\/\\\/radioljubuski.ba\\\/wp-content\\\/uploads\\\/2022\\\/09\\\/2-2022-09-23-13-12-25-l_fd35208135e89e6d15fd38a8dec99485.jpg\",\"width\":1000,\"height\":625},{\"@type\":\"BreadcrumbList\",\"@id\":\"https:\\\/\\\/radioljubuski.ba\\\/index.php\\\/2022\\\/09\\\/23\\\/u-fbih-184-milijuna-radno-sposobnog-stanovnistva-48-posto-ekonomski-aktivno\\\/#breadcrumb\",\"itemListElement\":[{\"@type\":\"ListItem\",\"position\":1,\"name\":\"Po\u010detna stranica\",\"item\":\"https:\\\/\\\/radioljubuski.ba\\\/\"},{\"@type\":\"ListItem\",\"position\":2,\"name\":\"U FBiH 1,84 milijuna radno sposobnog stanovni\u0161tva, 48 posto ekonomski aktivno\"}]},{\"@type\":\"WebSite\",\"@id\":\"https:\\\/\\\/radioljubuski.ba\\\/#website\",\"url\":\"https:\\\/\\\/radioljubuski.ba\\\/\",\"name\":\"Radio Ljubu\u0161ki\",\"description\":\"Sun\u010dana frekvencija Hercegovine\",\"publisher\":{\"@id\":\"https:\\\/\\\/radioljubuski.ba\\\/#organization\"},\"potentialAction\":[{\"@type\":\"SearchAction\",\"target\":{\"@type\":\"EntryPoint\",\"urlTemplate\":\"https:\\\/\\\/radioljubuski.ba\\\/?s={search_term_string}\"},\"query-input\":{\"@type\":\"PropertyValueSpecification\",\"valueRequired\":true,\"valueName\":\"search_term_string\"}}],\"inLanguage\":\"hr\"},{\"@type\":\"Organization\",\"@id\":\"https:\\\/\\\/radioljubuski.ba\\\/#organization\",\"name\":\"Radio Ljubu\u0161ki\",\"url\":\"https:\\\/\\\/radioljubuski.ba\\\/\",\"logo\":{\"@type\":\"ImageObject\",\"inLanguage\":\"hr\",\"@id\":\"https:\\\/\\\/radioljubuski.ba\\\/#\\\/schema\\\/logo\\\/image\\\/\",\"url\":\"https:\\\/\\\/radioljubuski.ba\\\/wp-content\\\/uploads\\\/2021\\\/02\\\/cropped-Radio_Ljubuski_logo1.jpg\",\"contentUrl\":\"https:\\\/\\\/radioljubuski.ba\\\/wp-content\\\/uploads\\\/2021\\\/02\\\/cropped-Radio_Ljubuski_logo1.jpg\",\"width\":512,\"height\":512,\"caption\":\"Radio Ljubu\u0161ki\"},\"image\":{\"@id\":\"https:\\\/\\\/radioljubuski.ba\\\/#\\\/schema\\\/logo\\\/image\\\/\"},\"sameAs\":[\"https:\\\/\\\/www.facebook.com\\\/Radiio-Ljubuski-1490835324566332\",\"https:\\\/\\\/x.com\\\/radioljubuski\",\"https:\\\/\\\/hr.linkedin.com\\\/company\\\/radio-ljubuski\",\"https:\\\/\\\/www.youtube.com\\\/channel\\\/UCHYaeO_n0Db3tjNGudGpXyw\"]},{\"@type\":\"Person\",\"@id\":\"https:\\\/\\\/radioljubuski.ba\\\/#\\\/schema\\\/person\\\/19fc700381a780f69665d7956c469e3b\",\"name\":\"Radio Ljubu\u0161ki\"}]}<\/script>\n<!-- \/ Yoast SEO plugin. -->","yoast_head_json":{"title":"U FBiH 1,84 milijuna radno sposobnog stanovni\u0161tva, 48 posto ekonomski aktivno - RADIO LJUBU\u0160KI","robots":{"index":"index","follow":"follow","max-snippet":"max-snippet:-1","max-image-preview":"max-image-preview:large","max-video-preview":"max-video-preview:-1"},"canonical":"https:\/\/radioljubuski.ba\/index.php\/2022\/09\/23\/u-fbih-184-milijuna-radno-sposobnog-stanovnistva-48-posto-ekonomski-aktivno\/","og_locale":"hr_HR","og_type":"article","og_title":"U FBiH 1,84 milijuna radno sposobnog stanovni\u0161tva, 48 posto ekonomski aktivno - RADIO LJUBU\u0160KI","og_description":"U drugom kvartalu 2022. godine u FBiH bilo je 1.848.000 radno sposobnog stanovni\u0161tva od kojih je 887.000 ekonomski aktivno ili 48 posto, a 961.000 osoba izvan radne snage ili 52 posto. Od ukupnog radno sposobnog stanovni\u0161tva 734.000 &nbsp;je bilo zaposleno ili 39,7 posto, a 153.000 nezaposleno ili 8,3 posto, pokazuju rezultati Ankete o radnoj snazi [&hellip;]","og_url":"https:\/\/radioljubuski.ba\/index.php\/2022\/09\/23\/u-fbih-184-milijuna-radno-sposobnog-stanovnistva-48-posto-ekonomski-aktivno\/","og_site_name":"RADIO LJUBU\u0160KI","article_publisher":"https:\/\/www.facebook.com\/Radiio-Ljubuski-1490835324566332","article_published_time":"2022-09-23T12:05:17+00:00","article_modified_time":"2022-09-23T12:05:19+00:00","og_image":[{"width":1000,"height":625,"url":"https:\/\/radioljubuski.ba\/wp-content\/uploads\/2022\/09\/2-2022-09-23-13-12-25-l_fd35208135e89e6d15fd38a8dec99485.jpg","type":"image\/jpeg"}],"author":"Radio Ljubu\u0161ki","twitter_card":"summary_large_image","twitter_creator":"@radioljubuski","twitter_site":"@radioljubuski","twitter_misc":{"Napisao\/la":"Radio Ljubu\u0161ki","Procijenjeno vrijeme \u010ditanja":"2 minute"},"schema":{"@context":"https:\/\/schema.org","@graph":[{"@type":"Article","@id":"https:\/\/radioljubuski.ba\/index.php\/2022\/09\/23\/u-fbih-184-milijuna-radno-sposobnog-stanovnistva-48-posto-ekonomski-aktivno\/#article","isPartOf":{"@id":"https:\/\/radioljubuski.ba\/index.php\/2022\/09\/23\/u-fbih-184-milijuna-radno-sposobnog-stanovnistva-48-posto-ekonomski-aktivno\/"},"author":{"name":"Radio Ljubu\u0161ki","@id":"https:\/\/radioljubuski.ba\/#\/schema\/person\/19fc700381a780f69665d7956c469e3b"},"headline":"U FBiH 1,84 milijuna radno sposobnog stanovni\u0161tva, 48 posto ekonomski aktivno","datePublished":"2022-09-23T12:05:17+00:00","dateModified":"2022-09-23T12:05:19+00:00","mainEntityOfPage":{"@id":"https:\/\/radioljubuski.ba\/index.php\/2022\/09\/23\/u-fbih-184-milijuna-radno-sposobnog-stanovnistva-48-posto-ekonomski-aktivno\/"},"wordCount":329,"publisher":{"@id":"https:\/\/radioljubuski.ba\/#organization"},"image":{"@id":"https:\/\/radioljubuski.ba\/index.php\/2022\/09\/23\/u-fbih-184-milijuna-radno-sposobnog-stanovnistva-48-posto-ekonomski-aktivno\/#primaryimage"},"thumbnailUrl":"https:\/\/radioljubuski.ba\/wp-content\/uploads\/2022\/09\/2-2022-09-23-13-12-25-l_fd35208135e89e6d15fd38a8dec99485.jpg","articleSection":["BIH i regija"],"inLanguage":"hr"},{"@type":"WebPage","@id":"https:\/\/radioljubuski.ba\/index.php\/2022\/09\/23\/u-fbih-184-milijuna-radno-sposobnog-stanovnistva-48-posto-ekonomski-aktivno\/","url":"https:\/\/radioljubuski.ba\/index.php\/2022\/09\/23\/u-fbih-184-milijuna-radno-sposobnog-stanovnistva-48-posto-ekonomski-aktivno\/","name":"U FBiH 1,84 milijuna radno sposobnog stanovni\u0161tva, 48 posto ekonomski aktivno - RADIO LJUBU\u0160KI","isPartOf":{"@id":"https:\/\/radioljubuski.ba\/#website"},"primaryImageOfPage":{"@id":"https:\/\/radioljubuski.ba\/index.php\/2022\/09\/23\/u-fbih-184-milijuna-radno-sposobnog-stanovnistva-48-posto-ekonomski-aktivno\/#primaryimage"},"image":{"@id":"https:\/\/radioljubuski.ba\/index.php\/2022\/09\/23\/u-fbih-184-milijuna-radno-sposobnog-stanovnistva-48-posto-ekonomski-aktivno\/#primaryimage"},"thumbnailUrl":"https:\/\/radioljubuski.ba\/wp-content\/uploads\/2022\/09\/2-2022-09-23-13-12-25-l_fd35208135e89e6d15fd38a8dec99485.jpg","datePublished":"2022-09-23T12:05:17+00:00","dateModified":"2022-09-23T12:05:19+00:00","breadcrumb":{"@id":"https:\/\/radioljubuski.ba\/index.php\/2022\/09\/23\/u-fbih-184-milijuna-radno-sposobnog-stanovnistva-48-posto-ekonomski-aktivno\/#breadcrumb"},"inLanguage":"hr","potentialAction":[{"@type":"ReadAction","target":["https:\/\/radioljubuski.ba\/index.php\/2022\/09\/23\/u-fbih-184-milijuna-radno-sposobnog-stanovnistva-48-posto-ekonomski-aktivno\/"]}]},{"@type":"ImageObject","inLanguage":"hr","@id":"https:\/\/radioljubuski.ba\/index.php\/2022\/09\/23\/u-fbih-184-milijuna-radno-sposobnog-stanovnistva-48-posto-ekonomski-aktivno\/#primaryimage","url":"https:\/\/radioljubuski.ba\/wp-content\/uploads\/2022\/09\/2-2022-09-23-13-12-25-l_fd35208135e89e6d15fd38a8dec99485.jpg","contentUrl":"https:\/\/radioljubuski.ba\/wp-content\/uploads\/2022\/09\/2-2022-09-23-13-12-25-l_fd35208135e89e6d15fd38a8dec99485.jpg","width":1000,"height":625},{"@type":"BreadcrumbList","@id":"https:\/\/radioljubuski.ba\/index.php\/2022\/09\/23\/u-fbih-184-milijuna-radno-sposobnog-stanovnistva-48-posto-ekonomski-aktivno\/#breadcrumb","itemListElement":[{"@type":"ListItem","position":1,"name":"Po\u010detna stranica","item":"https:\/\/radioljubuski.ba\/"},{"@type":"ListItem","position":2,"name":"U FBiH 1,84 milijuna radno sposobnog stanovni\u0161tva, 48 posto ekonomski aktivno"}]},{"@type":"WebSite","@id":"https:\/\/radioljubuski.ba\/#website","url":"https:\/\/radioljubuski.ba\/","name":"Radio Ljubu\u0161ki","description":"Sun\u010dana frekvencija Hercegovine","publisher":{"@id":"https:\/\/radioljubuski.ba\/#organization"},"potentialAction":[{"@type":"SearchAction","target":{"@type":"EntryPoint","urlTemplate":"https:\/\/radioljubuski.ba\/?s={search_term_string}"},"query-input":{"@type":"PropertyValueSpecification","valueRequired":true,"valueName":"search_term_string"}}],"inLanguage":"hr"},{"@type":"Organization","@id":"https:\/\/radioljubuski.ba\/#organization","name":"Radio Ljubu\u0161ki","url":"https:\/\/radioljubuski.ba\/","logo":{"@type":"ImageObject","inLanguage":"hr","@id":"https:\/\/radioljubuski.ba\/#\/schema\/logo\/image\/","url":"https:\/\/radioljubuski.ba\/wp-content\/uploads\/2021\/02\/cropped-Radio_Ljubuski_logo1.jpg","contentUrl":"https:\/\/radioljubuski.ba\/wp-content\/uploads\/2021\/02\/cropped-Radio_Ljubuski_logo1.jpg","width":512,"height":512,"caption":"Radio Ljubu\u0161ki"},"image":{"@id":"https:\/\/radioljubuski.ba\/#\/schema\/logo\/image\/"},"sameAs":["https:\/\/www.facebook.com\/Radiio-Ljubuski-1490835324566332","https:\/\/x.com\/radioljubuski","https:\/\/hr.linkedin.com\/company\/radio-ljubuski","https:\/\/www.youtube.com\/channel\/UCHYaeO_n0Db3tjNGudGpXyw"]},{"@type":"Person","@id":"https:\/\/radioljubuski.ba\/#\/schema\/person\/19fc700381a780f69665d7956c469e3b","name":"Radio Ljubu\u0161ki"}]}},"_links":{"self":[{"href":"https:\/\/radioljubuski.ba\/index.php\/wp-json\/wp\/v2\/posts\/183368","targetHints":{"allow":["GET"]}}],"collection":[{"href":"https:\/\/radioljubuski.ba\/index.php\/wp-json\/wp\/v2\/posts"}],"about":[{"href":"https:\/\/radioljubuski.ba\/index.php\/wp-json\/wp\/v2\/types\/post"}],"author":[{"embeddable":true,"href":"https:\/\/radioljubuski.ba\/index.php\/wp-json\/wp\/v2\/users\/2"}],"replies":[{"embeddable":true,"href":"https:\/\/radioljubuski.ba\/index.php\/wp-json\/wp\/v2\/comments?post=183368"}],"version-history":[{"count":1,"href":"https:\/\/radioljubuski.ba\/index.php\/wp-json\/wp\/v2\/posts\/183368\/revisions"}],"predecessor-version":[{"id":183370,"href":"https:\/\/radioljubuski.ba\/index.php\/wp-json\/wp\/v2\/posts\/183368\/revisions\/183370"}],"wp:featuredmedia":[{"embeddable":true,"href":"https:\/\/radioljubuski.ba\/index.php\/wp-json\/wp\/v2\/media\/183369"}],"wp:attachment":[{"href":"https:\/\/radioljubuski.ba\/index.php\/wp-json\/wp\/v2\/media?parent=183368"}],"wp:term":[{"taxonomy":"category","embeddable":true,"href":"https:\/\/radioljubuski.ba\/index.php\/wp-json\/wp\/v2\/categories?post=183368"},{"taxonomy":"post_tag","embeddable":true,"href":"https:\/\/radioljubuski.ba\/index.php\/wp-json\/wp\/v2\/tags?post=183368"}],"curies":[{"name":"wp","href":"https:\/\/api.w.org\/{rel}","templated":true}]}}