{"id":183404,"date":"2022-09-23T13:35:40","date_gmt":"2022-09-23T12:35:40","guid":{"rendered":"https:\/\/radioljubuski.ba\/?p=183404"},"modified":"2022-09-23T13:35:41","modified_gmt":"2022-09-23T12:35:41","slug":"bilic-hajduk-je-hajduk-moj-klub-moje-sve-ali-ne-vracam-se-jos","status":"publish","type":"post","link":"https:\/\/radioljubuski.ba\/index.php\/2022\/09\/23\/bilic-hajduk-je-hajduk-moj-klub-moje-sve-ali-ne-vracam-se-jos\/","title":{"rendered":"Bili\u0107: Hajduk je Hajduk, moj klub, moje sve, ali ne vra\u0107am se jo\u0161"},"content":{"rendered":"\n<p>Slaven Bili\u0107 jo\u0161 \u010deka novi anga\u017eman, no gotovo sigurno ne\u0107e zavr\u0161iti na klupi Hajduka. Bar je tako sam izjavio.<\/p>\n\n\n\n<p>\u201cNedostaje mi sad ve\u0107 posao, od sije\u010dnja sam na odmoru, ili na burzi. Svjesno. Bio mi je potreban odmor, a sad mi ve\u0107 nedostaje. I vrti se ne\u0161to, gledam da se vratim, ali ne srljam. U situaciji sam da mogu pri\u010dekati ne\u0161to pravo, da mi se stvarno svidi\u201d, rekao je u studiju Nove TV, a zatim se dotakao Hajduka.<\/p>\n\n\n\n<p>\u201cHajduk je Hajduk, nisu floskule kad ka\u017eem da je to moj grad, moj klub, moje sve. Ali ne jo\u0161\u2026\u201d, rekao je.<\/p>\n\n\n\n<p><em>Izvor: narod.hr<\/em><\/p>\n","protected":false},"excerpt":{"rendered":"<p>Slaven Bili\u0107 jo\u0161 \u010deka novi anga\u017eman, no gotovo sigurno ne\u0107e zavr\u0161iti na klupi Hajduka. Bar je tako sam izjavio. \u201cNedostaje mi sad ve\u0107 posao, od sije\u010dnja sam na odmoru, ili na burzi. Svjesno. Bio mi je potreban odmor, a sad mi ve\u0107 nedostaje. I vrti se ne\u0161to, gledam da se vratim, ali ne srljam. U [&hellip;]<\/p>\n","protected":false},"author":2,"featured_media":44252,"comment_status":"closed","ping_status":"closed","sticky":false,"template":"","format":"standard","meta":{"h5ap_radio_sources":[],"footnotes":""},"categories":[7],"tags":[],"class_list":["post-183404","post","type-post","status-publish","format-standard","has-post-thumbnail","hentry","category-sport"],"yoast_head":"<!-- This site is optimized with the Yoast SEO plugin v27.5 - https:\/\/yoast.com\/product\/yoast-seo-wordpress\/ -->\n<title>Bili\u0107: Hajduk je Hajduk, moj klub, moje sve, ali ne vra\u0107am se jo\u0161 - RADIO LJUBU\u0160KI<\/title>\n<meta name=\"robots\" content=\"index, follow, max-snippet:-1, max-image-preview:large, max-video-preview:-1\" \/>\n<link rel=\"canonical\" href=\"https:\/\/radioljubuski.ba\/index.php\/2022\/09\/23\/bilic-hajduk-je-hajduk-moj-klub-moje-sve-ali-ne-vracam-se-jos\/\" \/>\n<meta property=\"og:locale\" content=\"hr_HR\" \/>\n<meta property=\"og:type\" content=\"article\" \/>\n<meta property=\"og:title\" content=\"Bili\u0107: Hajduk je Hajduk, moj klub, moje sve, ali ne vra\u0107am se jo\u0161 - RADIO LJUBU\u0160KI\" \/>\n<meta property=\"og:description\" content=\"Slaven Bili\u0107 jo\u0161 \u010deka novi anga\u017eman, no gotovo sigurno ne\u0107e zavr\u0161iti na klupi Hajduka. Bar je tako sam izjavio. \u201cNedostaje mi sad ve\u0107 posao, od sije\u010dnja sam na odmoru, ili na burzi. Svjesno. Bio mi je potreban odmor, a sad mi ve\u0107 nedostaje. I vrti se ne\u0161to, gledam da se vratim, ali ne srljam. U [&hellip;]\" \/>\n<meta property=\"og:url\" content=\"https:\/\/radioljubuski.ba\/index.php\/2022\/09\/23\/bilic-hajduk-je-hajduk-moj-klub-moje-sve-ali-ne-vracam-se-jos\/\" \/>\n<meta property=\"og:site_name\" content=\"RADIO LJUBU\u0160KI\" \/>\n<meta property=\"article:publisher\" content=\"https:\/\/www.facebook.com\/Radiio-Ljubuski-1490835324566332\" \/>\n<meta property=\"article:published_time\" content=\"2022-09-23T12:35:40+00:00\" \/>\n<meta property=\"article:modified_time\" content=\"2022-09-23T12:35:41+00:00\" \/>\n<meta property=\"og:image\" content=\"https:\/\/radioljubuski.ba\/wp-content\/uploads\/2021\/07\/slaven-bilic.jpg\" \/>\n\t<meta property=\"og:image:width\" content=\"600\" \/>\n\t<meta property=\"og:image:height\" content=\"449\" \/>\n\t<meta property=\"og:image:type\" content=\"image\/jpeg\" \/>\n<meta name=\"author\" content=\"Radio Ljubu\u0161ki\" \/>\n<meta name=\"twitter:card\" content=\"summary_large_image\" \/>\n<meta name=\"twitter:creator\" content=\"@radioljubuski\" \/>\n<meta name=\"twitter:site\" content=\"@radioljubuski\" \/>\n<meta name=\"twitter:label1\" content=\"Napisao\/la\" \/>\n\t<meta name=\"twitter:data1\" content=\"Radio Ljubu\u0161ki\" \/>\n\t<meta name=\"twitter:label2\" content=\"Procijenjeno vrijeme \u010ditanja\" \/>\n\t<meta name=\"twitter:data2\" content=\"1 minuta\" \/>\n<script type=\"application\/ld+json\" class=\"yoast-schema-graph\">{\"@context\":\"https:\\\/\\\/schema.org\",\"@graph\":[{\"@type\":\"Article\",\"@id\":\"https:\\\/\\\/radioljubuski.ba\\\/index.php\\\/2022\\\/09\\\/23\\\/bilic-hajduk-je-hajduk-moj-klub-moje-sve-ali-ne-vracam-se-jos\\\/#article\",\"isPartOf\":{\"@id\":\"https:\\\/\\\/radioljubuski.ba\\\/index.php\\\/2022\\\/09\\\/23\\\/bilic-hajduk-je-hajduk-moj-klub-moje-sve-ali-ne-vracam-se-jos\\\/\"},\"author\":{\"name\":\"Radio Ljubu\u0161ki\",\"@id\":\"https:\\\/\\\/radioljubuski.ba\\\/#\\\/schema\\\/person\\\/19fc700381a780f69665d7956c469e3b\"},\"headline\":\"Bili\u0107: Hajduk je Hajduk, moj klub, moje sve, ali ne vra\u0107am se jo\u0161\",\"datePublished\":\"2022-09-23T12:35:40+00:00\",\"dateModified\":\"2022-09-23T12:35:41+00:00\",\"mainEntityOfPage\":{\"@id\":\"https:\\\/\\\/radioljubuski.ba\\\/index.php\\\/2022\\\/09\\\/23\\\/bilic-hajduk-je-hajduk-moj-klub-moje-sve-ali-ne-vracam-se-jos\\\/\"},\"wordCount\":124,\"publisher\":{\"@id\":\"https:\\\/\\\/radioljubuski.ba\\\/#organization\"},\"image\":{\"@id\":\"https:\\\/\\\/radioljubuski.ba\\\/index.php\\\/2022\\\/09\\\/23\\\/bilic-hajduk-je-hajduk-moj-klub-moje-sve-ali-ne-vracam-se-jos\\\/#primaryimage\"},\"thumbnailUrl\":\"https:\\\/\\\/radioljubuski.ba\\\/wp-content\\\/uploads\\\/2021\\\/07\\\/slaven-bilic.jpg\",\"articleSection\":[\"\u0160port\"],\"inLanguage\":\"hr\"},{\"@type\":\"WebPage\",\"@id\":\"https:\\\/\\\/radioljubuski.ba\\\/index.php\\\/2022\\\/09\\\/23\\\/bilic-hajduk-je-hajduk-moj-klub-moje-sve-ali-ne-vracam-se-jos\\\/\",\"url\":\"https:\\\/\\\/radioljubuski.ba\\\/index.php\\\/2022\\\/09\\\/23\\\/bilic-hajduk-je-hajduk-moj-klub-moje-sve-ali-ne-vracam-se-jos\\\/\",\"name\":\"Bili\u0107: Hajduk je Hajduk, moj klub, moje sve, ali ne vra\u0107am se jo\u0161 - RADIO LJUBU\u0160KI\",\"isPartOf\":{\"@id\":\"https:\\\/\\\/radioljubuski.ba\\\/#website\"},\"primaryImageOfPage\":{\"@id\":\"https:\\\/\\\/radioljubuski.ba\\\/index.php\\\/2022\\\/09\\\/23\\\/bilic-hajduk-je-hajduk-moj-klub-moje-sve-ali-ne-vracam-se-jos\\\/#primaryimage\"},\"image\":{\"@id\":\"https:\\\/\\\/radioljubuski.ba\\\/index.php\\\/2022\\\/09\\\/23\\\/bilic-hajduk-je-hajduk-moj-klub-moje-sve-ali-ne-vracam-se-jos\\\/#primaryimage\"},\"thumbnailUrl\":\"https:\\\/\\\/radioljubuski.ba\\\/wp-content\\\/uploads\\\/2021\\\/07\\\/slaven-bilic.jpg\",\"datePublished\":\"2022-09-23T12:35:40+00:00\",\"dateModified\":\"2022-09-23T12:35:41+00:00\",\"breadcrumb\":{\"@id\":\"https:\\\/\\\/radioljubuski.ba\\\/index.php\\\/2022\\\/09\\\/23\\\/bilic-hajduk-je-hajduk-moj-klub-moje-sve-ali-ne-vracam-se-jos\\\/#breadcrumb\"},\"inLanguage\":\"hr\",\"potentialAction\":[{\"@type\":\"ReadAction\",\"target\":[\"https:\\\/\\\/radioljubuski.ba\\\/index.php\\\/2022\\\/09\\\/23\\\/bilic-hajduk-je-hajduk-moj-klub-moje-sve-ali-ne-vracam-se-jos\\\/\"]}]},{\"@type\":\"ImageObject\",\"inLanguage\":\"hr\",\"@id\":\"https:\\\/\\\/radioljubuski.ba\\\/index.php\\\/2022\\\/09\\\/23\\\/bilic-hajduk-je-hajduk-moj-klub-moje-sve-ali-ne-vracam-se-jos\\\/#primaryimage\",\"url\":\"https:\\\/\\\/radioljubuski.ba\\\/wp-content\\\/uploads\\\/2021\\\/07\\\/slaven-bilic.jpg\",\"contentUrl\":\"https:\\\/\\\/radioljubuski.ba\\\/wp-content\\\/uploads\\\/2021\\\/07\\\/slaven-bilic.jpg\",\"width\":600,\"height\":449},{\"@type\":\"BreadcrumbList\",\"@id\":\"https:\\\/\\\/radioljubuski.ba\\\/index.php\\\/2022\\\/09\\\/23\\\/bilic-hajduk-je-hajduk-moj-klub-moje-sve-ali-ne-vracam-se-jos\\\/#breadcrumb\",\"itemListElement\":[{\"@type\":\"ListItem\",\"position\":1,\"name\":\"Po\u010detna stranica\",\"item\":\"https:\\\/\\\/radioljubuski.ba\\\/\"},{\"@type\":\"ListItem\",\"position\":2,\"name\":\"Bili\u0107: Hajduk je Hajduk, moj klub, moje sve, ali ne vra\u0107am se jo\u0161\"}]},{\"@type\":\"WebSite\",\"@id\":\"https:\\\/\\\/radioljubuski.ba\\\/#website\",\"url\":\"https:\\\/\\\/radioljubuski.ba\\\/\",\"name\":\"Radio Ljubu\u0161ki\",\"description\":\"Sun\u010dana frekvencija Hercegovine\",\"publisher\":{\"@id\":\"https:\\\/\\\/radioljubuski.ba\\\/#organization\"},\"potentialAction\":[{\"@type\":\"SearchAction\",\"target\":{\"@type\":\"EntryPoint\",\"urlTemplate\":\"https:\\\/\\\/radioljubuski.ba\\\/?s={search_term_string}\"},\"query-input\":{\"@type\":\"PropertyValueSpecification\",\"valueRequired\":true,\"valueName\":\"search_term_string\"}}],\"inLanguage\":\"hr\"},{\"@type\":\"Organization\",\"@id\":\"https:\\\/\\\/radioljubuski.ba\\\/#organization\",\"name\":\"Radio Ljubu\u0161ki\",\"url\":\"https:\\\/\\\/radioljubuski.ba\\\/\",\"logo\":{\"@type\":\"ImageObject\",\"inLanguage\":\"hr\",\"@id\":\"https:\\\/\\\/radioljubuski.ba\\\/#\\\/schema\\\/logo\\\/image\\\/\",\"url\":\"https:\\\/\\\/radioljubuski.ba\\\/wp-content\\\/uploads\\\/2021\\\/02\\\/cropped-Radio_Ljubuski_logo1.jpg\",\"contentUrl\":\"https:\\\/\\\/radioljubuski.ba\\\/wp-content\\\/uploads\\\/2021\\\/02\\\/cropped-Radio_Ljubuski_logo1.jpg\",\"width\":512,\"height\":512,\"caption\":\"Radio Ljubu\u0161ki\"},\"image\":{\"@id\":\"https:\\\/\\\/radioljubuski.ba\\\/#\\\/schema\\\/logo\\\/image\\\/\"},\"sameAs\":[\"https:\\\/\\\/www.facebook.com\\\/Radiio-Ljubuski-1490835324566332\",\"https:\\\/\\\/x.com\\\/radioljubuski\",\"https:\\\/\\\/hr.linkedin.com\\\/company\\\/radio-ljubuski\",\"https:\\\/\\\/www.youtube.com\\\/channel\\\/UCHYaeO_n0Db3tjNGudGpXyw\"]},{\"@type\":\"Person\",\"@id\":\"https:\\\/\\\/radioljubuski.ba\\\/#\\\/schema\\\/person\\\/19fc700381a780f69665d7956c469e3b\",\"name\":\"Radio Ljubu\u0161ki\"}]}<\/script>\n<!-- \/ Yoast SEO plugin. -->","yoast_head_json":{"title":"Bili\u0107: Hajduk je Hajduk, moj klub, moje sve, ali ne vra\u0107am se jo\u0161 - RADIO LJUBU\u0160KI","robots":{"index":"index","follow":"follow","max-snippet":"max-snippet:-1","max-image-preview":"max-image-preview:large","max-video-preview":"max-video-preview:-1"},"canonical":"https:\/\/radioljubuski.ba\/index.php\/2022\/09\/23\/bilic-hajduk-je-hajduk-moj-klub-moje-sve-ali-ne-vracam-se-jos\/","og_locale":"hr_HR","og_type":"article","og_title":"Bili\u0107: Hajduk je Hajduk, moj klub, moje sve, ali ne vra\u0107am se jo\u0161 - RADIO LJUBU\u0160KI","og_description":"Slaven Bili\u0107 jo\u0161 \u010deka novi anga\u017eman, no gotovo sigurno ne\u0107e zavr\u0161iti na klupi Hajduka. Bar je tako sam izjavio. \u201cNedostaje mi sad ve\u0107 posao, od sije\u010dnja sam na odmoru, ili na burzi. Svjesno. Bio mi je potreban odmor, a sad mi ve\u0107 nedostaje. I vrti se ne\u0161to, gledam da se vratim, ali ne srljam. U [&hellip;]","og_url":"https:\/\/radioljubuski.ba\/index.php\/2022\/09\/23\/bilic-hajduk-je-hajduk-moj-klub-moje-sve-ali-ne-vracam-se-jos\/","og_site_name":"RADIO LJUBU\u0160KI","article_publisher":"https:\/\/www.facebook.com\/Radiio-Ljubuski-1490835324566332","article_published_time":"2022-09-23T12:35:40+00:00","article_modified_time":"2022-09-23T12:35:41+00:00","og_image":[{"width":600,"height":449,"url":"https:\/\/radioljubuski.ba\/wp-content\/uploads\/2021\/07\/slaven-bilic.jpg","type":"image\/jpeg"}],"author":"Radio Ljubu\u0161ki","twitter_card":"summary_large_image","twitter_creator":"@radioljubuski","twitter_site":"@radioljubuski","twitter_misc":{"Napisao\/la":"Radio Ljubu\u0161ki","Procijenjeno vrijeme \u010ditanja":"1 minuta"},"schema":{"@context":"https:\/\/schema.org","@graph":[{"@type":"Article","@id":"https:\/\/radioljubuski.ba\/index.php\/2022\/09\/23\/bilic-hajduk-je-hajduk-moj-klub-moje-sve-ali-ne-vracam-se-jos\/#article","isPartOf":{"@id":"https:\/\/radioljubuski.ba\/index.php\/2022\/09\/23\/bilic-hajduk-je-hajduk-moj-klub-moje-sve-ali-ne-vracam-se-jos\/"},"author":{"name":"Radio Ljubu\u0161ki","@id":"https:\/\/radioljubuski.ba\/#\/schema\/person\/19fc700381a780f69665d7956c469e3b"},"headline":"Bili\u0107: Hajduk je Hajduk, moj klub, moje sve, ali ne vra\u0107am se jo\u0161","datePublished":"2022-09-23T12:35:40+00:00","dateModified":"2022-09-23T12:35:41+00:00","mainEntityOfPage":{"@id":"https:\/\/radioljubuski.ba\/index.php\/2022\/09\/23\/bilic-hajduk-je-hajduk-moj-klub-moje-sve-ali-ne-vracam-se-jos\/"},"wordCount":124,"publisher":{"@id":"https:\/\/radioljubuski.ba\/#organization"},"image":{"@id":"https:\/\/radioljubuski.ba\/index.php\/2022\/09\/23\/bilic-hajduk-je-hajduk-moj-klub-moje-sve-ali-ne-vracam-se-jos\/#primaryimage"},"thumbnailUrl":"https:\/\/radioljubuski.ba\/wp-content\/uploads\/2021\/07\/slaven-bilic.jpg","articleSection":["\u0160port"],"inLanguage":"hr"},{"@type":"WebPage","@id":"https:\/\/radioljubuski.ba\/index.php\/2022\/09\/23\/bilic-hajduk-je-hajduk-moj-klub-moje-sve-ali-ne-vracam-se-jos\/","url":"https:\/\/radioljubuski.ba\/index.php\/2022\/09\/23\/bilic-hajduk-je-hajduk-moj-klub-moje-sve-ali-ne-vracam-se-jos\/","name":"Bili\u0107: Hajduk je Hajduk, moj klub, moje sve, ali ne vra\u0107am se jo\u0161 - RADIO LJUBU\u0160KI","isPartOf":{"@id":"https:\/\/radioljubuski.ba\/#website"},"primaryImageOfPage":{"@id":"https:\/\/radioljubuski.ba\/index.php\/2022\/09\/23\/bilic-hajduk-je-hajduk-moj-klub-moje-sve-ali-ne-vracam-se-jos\/#primaryimage"},"image":{"@id":"https:\/\/radioljubuski.ba\/index.php\/2022\/09\/23\/bilic-hajduk-je-hajduk-moj-klub-moje-sve-ali-ne-vracam-se-jos\/#primaryimage"},"thumbnailUrl":"https:\/\/radioljubuski.ba\/wp-content\/uploads\/2021\/07\/slaven-bilic.jpg","datePublished":"2022-09-23T12:35:40+00:00","dateModified":"2022-09-23T12:35:41+00:00","breadcrumb":{"@id":"https:\/\/radioljubuski.ba\/index.php\/2022\/09\/23\/bilic-hajduk-je-hajduk-moj-klub-moje-sve-ali-ne-vracam-se-jos\/#breadcrumb"},"inLanguage":"hr","potentialAction":[{"@type":"ReadAction","target":["https:\/\/radioljubuski.ba\/index.php\/2022\/09\/23\/bilic-hajduk-je-hajduk-moj-klub-moje-sve-ali-ne-vracam-se-jos\/"]}]},{"@type":"ImageObject","inLanguage":"hr","@id":"https:\/\/radioljubuski.ba\/index.php\/2022\/09\/23\/bilic-hajduk-je-hajduk-moj-klub-moje-sve-ali-ne-vracam-se-jos\/#primaryimage","url":"https:\/\/radioljubuski.ba\/wp-content\/uploads\/2021\/07\/slaven-bilic.jpg","contentUrl":"https:\/\/radioljubuski.ba\/wp-content\/uploads\/2021\/07\/slaven-bilic.jpg","width":600,"height":449},{"@type":"BreadcrumbList","@id":"https:\/\/radioljubuski.ba\/index.php\/2022\/09\/23\/bilic-hajduk-je-hajduk-moj-klub-moje-sve-ali-ne-vracam-se-jos\/#breadcrumb","itemListElement":[{"@type":"ListItem","position":1,"name":"Po\u010detna stranica","item":"https:\/\/radioljubuski.ba\/"},{"@type":"ListItem","position":2,"name":"Bili\u0107: Hajduk je Hajduk, moj klub, moje sve, ali ne vra\u0107am se jo\u0161"}]},{"@type":"WebSite","@id":"https:\/\/radioljubuski.ba\/#website","url":"https:\/\/radioljubuski.ba\/","name":"Radio Ljubu\u0161ki","description":"Sun\u010dana frekvencija Hercegovine","publisher":{"@id":"https:\/\/radioljubuski.ba\/#organization"},"potentialAction":[{"@type":"SearchAction","target":{"@type":"EntryPoint","urlTemplate":"https:\/\/radioljubuski.ba\/?s={search_term_string}"},"query-input":{"@type":"PropertyValueSpecification","valueRequired":true,"valueName":"search_term_string"}}],"inLanguage":"hr"},{"@type":"Organization","@id":"https:\/\/radioljubuski.ba\/#organization","name":"Radio Ljubu\u0161ki","url":"https:\/\/radioljubuski.ba\/","logo":{"@type":"ImageObject","inLanguage":"hr","@id":"https:\/\/radioljubuski.ba\/#\/schema\/logo\/image\/","url":"https:\/\/radioljubuski.ba\/wp-content\/uploads\/2021\/02\/cropped-Radio_Ljubuski_logo1.jpg","contentUrl":"https:\/\/radioljubuski.ba\/wp-content\/uploads\/2021\/02\/cropped-Radio_Ljubuski_logo1.jpg","width":512,"height":512,"caption":"Radio Ljubu\u0161ki"},"image":{"@id":"https:\/\/radioljubuski.ba\/#\/schema\/logo\/image\/"},"sameAs":["https:\/\/www.facebook.com\/Radiio-Ljubuski-1490835324566332","https:\/\/x.com\/radioljubuski","https:\/\/hr.linkedin.com\/company\/radio-ljubuski","https:\/\/www.youtube.com\/channel\/UCHYaeO_n0Db3tjNGudGpXyw"]},{"@type":"Person","@id":"https:\/\/radioljubuski.ba\/#\/schema\/person\/19fc700381a780f69665d7956c469e3b","name":"Radio Ljubu\u0161ki"}]}},"_links":{"self":[{"href":"https:\/\/radioljubuski.ba\/index.php\/wp-json\/wp\/v2\/posts\/183404","targetHints":{"allow":["GET"]}}],"collection":[{"href":"https:\/\/radioljubuski.ba\/index.php\/wp-json\/wp\/v2\/posts"}],"about":[{"href":"https:\/\/radioljubuski.ba\/index.php\/wp-json\/wp\/v2\/types\/post"}],"author":[{"embeddable":true,"href":"https:\/\/radioljubuski.ba\/index.php\/wp-json\/wp\/v2\/users\/2"}],"replies":[{"embeddable":true,"href":"https:\/\/radioljubuski.ba\/index.php\/wp-json\/wp\/v2\/comments?post=183404"}],"version-history":[{"count":1,"href":"https:\/\/radioljubuski.ba\/index.php\/wp-json\/wp\/v2\/posts\/183404\/revisions"}],"predecessor-version":[{"id":183405,"href":"https:\/\/radioljubuski.ba\/index.php\/wp-json\/wp\/v2\/posts\/183404\/revisions\/183405"}],"wp:featuredmedia":[{"embeddable":true,"href":"https:\/\/radioljubuski.ba\/index.php\/wp-json\/wp\/v2\/media\/44252"}],"wp:attachment":[{"href":"https:\/\/radioljubuski.ba\/index.php\/wp-json\/wp\/v2\/media?parent=183404"}],"wp:term":[{"taxonomy":"category","embeddable":true,"href":"https:\/\/radioljubuski.ba\/index.php\/wp-json\/wp\/v2\/categories?post=183404"},{"taxonomy":"post_tag","embeddable":true,"href":"https:\/\/radioljubuski.ba\/index.php\/wp-json\/wp\/v2\/tags?post=183404"}],"curies":[{"name":"wp","href":"https:\/\/api.w.org\/{rel}","templated":true}]}}