{"id":183537,"date":"2022-09-25T09:31:04","date_gmt":"2022-09-25T08:31:04","guid":{"rendered":"https:\/\/radioljubuski.ba\/?p=183537"},"modified":"2022-09-25T09:31:06","modified_gmt":"2022-09-25T08:31:06","slug":"prof-dr-sinanovic-osobe-koje-su-imale-covid-19-u-vecem-riziku-od-demencije-od-ostalih","status":"publish","type":"post","link":"https:\/\/radioljubuski.ba\/index.php\/2022\/09\/25\/prof-dr-sinanovic-osobe-koje-su-imale-covid-19-u-vecem-riziku-od-demencije-od-ostalih\/","title":{"rendered":"Prof. dr. Sinanovi\u0107: Osobe koje su imale COVID-19 u ve\u0107em riziku od demencije od ostalih"},"content":{"rendered":"\n<p>Specijalista neuropsihijatrije Osman Sinanovi\u0107 smatra da je COVID-19 pandemija utjecala na porast broja ljudi sa demencijama, u svijetu pa i kod nas, a oni koji su imali tu bolest u ve\u0107em su riziku da vremenom razviju demenciju.<\/p>\n\n\n\n<p>&#8211; Oni koji su imali COVID-19, neva\u017eno za te\u017einu simptoma, u ve\u0107em su riziku da vremenom razviju demenciju &#8211; kazao je za Fenu prof. dr. Sinanovi\u0107. Precizirao je da su neadekvatan odnos prema faktorima rizika i redukcija kontakata vode\u0107i razlozi zbog kojih je, posebno tokom lockdowna, pove\u0107an rizik od demencije.<\/p>\n\n\n\n<p>Generalno, kako je kazao na osnovu iskustva iz prakse prof. Sinanovi\u0107, u porastu je broj ljudi sa demencijama. Sve vi\u0161e je starih ljudi koji \u017eive sami jer su im djeca \u201epo svijetu\u201c, nedovoljan je broj kvalitetnih ustanova za brigu i njegu, njima potrebni lijekovi nisu svi na esencijalnim listama.<\/p>\n\n\n\n<p>&#8211; U na\u0161im klini\u010dkim centrima ne razvijaju se odjeli (izvrsnosti) za dementna stanja kao \u0161to je to slu\u010daj u svijetu pa i okru\u017eenju (Ljubljana, Zagreb, Beograd) \u0161to rezultira manjkom \u201epravih\u201c eksperata\/specijalista za demencije me\u0111u neurolozima i psihijatrima &#8211; naglasio je prof. dr. Sinanovi\u0107.<\/p>\n\n\n\n<p>Kako je kazao, demencija je skup simptoma koji mogu biti uzrokovani mnogim oboljenjima. Ve\u0107ina tih bolesti uzrokuje patolo\u0161ke promjene u mozgu. Ovisno o bolesti, koja je u podlozi i lokalizaciji promjena u mozgu, demencija ima razli\u010ditu klini\u010dku prezentaciju &#8211; razli\u010dite simptome.<\/p>\n\n\n\n<p>&#8211; Kod demencije postoji vi\u0161estruki poreme\u0107aj vi\u0161ih kortikalnih funkcija uklju\u010duju\u0107i pam\u0107enje, mi\u0161ljenje, orjentaciju, razumjevanje, ra\u010dunanje, sposobnost u\u010denja, govora i rasu\u0111ivanja. Svijest nije poreme\u0107ena. \u010cesto je pridru\u017eeno o\u0161te\u0107enje kognitivnih funkcija kojemu katkad prethodi deterioracija u emocionalnoj kontroli, socijalnom pona\u0161anju i motivaciji. Gubitak kognitivnih i emotivnih sposobnosti je prisutan u takvoj mjeri da ometa svakodnevnu aktivnost bolesnika i zna\u010dajno smanjuje njegovu kvalitetu \u017eivota. Danas je poznato vi\u0161e od 50 oboljenja, koja mogu uzrokovati demenciju me\u0111u kojima je naj\u010de\u0161\u0107a Alzheimerova bolest &#8211; nagla\u0161ava.<\/p>\n\n\n\n<p>Doktor Sinanovi\u0107 precizira da je Alzheimerova bolest (AB) sporo, progresivno, neurodegenerativno oboljenje od kojeg obolijevaju uglavnom osobe starije \u017eivotne dobi.<\/p>\n\n\n\n<p>Bolest je dobila ime po njema\u010dkom neurologu Aloisu Alzheimeru (1864-1915), koji je 1907. godine prvi opisao jednu bolesnicu sa demencijom.<\/p>\n\n\n\n<p>&#8211; Postoje dva oblika demencije kod AB, sa ranim i kasnim po\u010detkom. Demencija kod AB sa ranim po\u010detkom razvija se prije 65. godine \u017eivota. Ima relativno brzi pogor\u0161avaju\u0107i tok i izra\u017eene vi\u0161estruke poreme\u0107aje vi\u0161ih kortikalnih funkcija. Bolesti sa kasnim po\u010detkom podrazumijevaju razvoj demencije nakon 65. godine \u017eivota, naj\u010de\u0161\u0107e u kasnim 70-im godinama ili kasnije, sa polaganim razvojem i poreme\u0107ajem pam\u0107enja kao glavnom klini\u010dkom karakteristikom &#8211; naglasio je.<\/p>\n\n\n\n<p>Simptomi AB bolesti obi\u010dno po\u010dinju postepeno, gotovo neprimjetno, pa ni bolesnik niti njegova obitelj ne mogu odrediti to\u010dan po\u010detak. U po\u010detku bolesnik zaboravlja obi\u010dne stvari, pa dogovore i obaveze, potom vrlo va\u017ene \u010dinjenice iz svakodnevnog \u017eivota (isklju\u010diti struju, zatvoriti plin, vodu&#8230;.). Postaju ovisni o tu\u0111oj pomo\u0107i i naru\u0161ena je sposobnost pam\u0107enja novonastalih sadr\u017eaja.<\/p>\n\n\n\n<p>&#8211; U sljede\u0107oj fazi se ne sje\u0107aju imena bliskih ro\u0111aka i prijatelja, brojeva telefona, zanimanja, \u0161kolovanja, djece i te praznine u sje\u0107anju popunjavaju konfabulacijama (izmi\u0161ljenim doga\u0111ajima). Kako smetnje pam\u0107enja postaju izra\u017eenije, tako postaju uo\u010dljivi i drugi kognitivni ispadi. Bolesnikov govor postaje usporen radi nesposobnosti pronala\u017eenja adekvatnih rije\u010di, sli\u010dno je i prilikom pisanja. Ukupni vokabular biva smanjen, te govor postaje siroma\u0161an i stereotipan. Prije odgovora na pitanje bolesnik ga ponavlja, a kasnije izgovara svaku rije\u010d (eholalija) &#8211; naglasio je.<\/p>\n\n\n\n<p>Kako je kazao dr. Sinanovi\u0107, osim te\u0161ko\u0107a u produkciji postaju sve izra\u017eenije i smetnje u razumijevanju govora, dok repeticija dugo ostaje o\u010duvana.<\/p>\n\n\n\n<p>&#8211; Re\u010denice postaju nekompletne, sa dosta parafazija (govorni poreme\u0107aj kod kojeg osoba izobli\u010duje ili zamjenjuje rije\u010di ili slogove, a da toga nije svjesna), potom spontana produkcija sve oskudnija do mutizma u terminalnom stadijumu.<\/p>\n\n\n\n<p>Uz poreme\u0107aje govora biva naru\u0161ena sposobnost pisanja i ra\u010dunanja. Snala\u017eenje u prostoru postaje ote\u017eano zbog \u010dega bolesnik nije sposoban prona\u0107i put ku\u0107i, voziti automobil, niti slijediti upute kako prona\u0107i cilj. Kako bolest napreduje, bolesnik vi\u0161e ne zna upotrebljavati svakodnevne predmete u ku\u0107i (za vrijeme jela, kuhanja, pranja, odr\u017eavanja higijene) i kona\u010dno samo osnovne, prividno automatske radnje, ostaju donekle o\u010duvane. Usporedo sa gubitkom opisanih kognitivnih funkcija vidljivi su i poreme\u0107aji praksije (sposobnost izvo\u0111enja pokreta, jednostavnih i slo\u017eenih, na koordiniran na\u010din da bi se izvr\u0161io neki zadatak), rasu\u0111ivanja i pona\u0161anja. Nerijetko nerazumne odluke u poslu, naro\u010dito u radu sa novcem, mogu biti prvi znak bolesti &#8211; naglasio je.<\/p>\n\n\n\n<p>U daljem toku bolesti bolesnik mo\u017ee postati apati\u010dan i nezainteresovan, nekad nemiran i agitiran. Po\u010dinje zanemarivati svoj izgled, postaje paranoidan, remeti se ritam sna i budnosti, javljaju se i halucinacije. Bolesnik postaje zajedljiv i sumnji\u010dav prema \u010dlanovima porodice, dok sa druge strane postaje potpuno indiferentan na doga\u0111aje koji u zdravih osoba pobu\u0111uju emocije. Zanemaruje potrebu za hranom, \u0161to dovodi do gubitka tjelesne te\u017eine.<\/p>\n\n\n\n<p>U uznapredovalom stadiju bolesti prisutni su, isti\u010de prof. dr. Sinanovi\u0107, znaci lezije frontalnog korteksa (primitivni refleksi, paratonija, dezinhibicija), poreme\u0107aj gutanja, gubitak kontrole sfinktera i posturalnih refleksa \u0161to bolesnika ve\u017ee za krevet.<\/p>\n\n\n\n<p>&#8211; U zavr\u0161nim fazama bolesti bolesnici su u vegetativnom stanju, sa paraplegijom u fleksiji (\u201cfetusni polo\u017eaj\u201d), mutisti\u010dni i inkotinentni. Umiru od komplikacija kao \u0161to su septikemija, pneumonija, plu\u0107na embolija, urinarna infekcija ili infekcija dekubitalnih rana. Prosje\u010dna du\u017eina trajanja bolesti je osam godina &#8211; kazao je.<\/p>\n\n\n\n<p>Doktor Sinanovi\u0107 poja\u0161njava da se, faktori rizika za demenciju, mogu podijeliti na faktore na koje se mo\u017ee i one na koje se ne mo\u017ee utjecati. Nemodificiraju\u0107i faktori uklju\u010duju spol, genetske faktore i dob.<\/p>\n\n\n\n<p>&#8211; Potencijalno modificiraju\u0107i faktori rizika za demenciju su nizak nivo educiranosti, visok krvni pritisak, pad sluha, pu\u0161enje, gojaznost, depresija, fizi\u010dka neaktivnost, \u0161e\u0107erna bolest i manjak socijalnih kontakata. Godine 2020., tzv. Lancet komisija za demencije na taj spiska dodala je jo\u0161 tri faktora rizika za demencije na koje se mo\u017ee utjecati i to ekscesivno uzimanje alkohola, traumatsko o\u0161te\u0107enje mozga i aero zaga\u0111enje. Smatra se da bi se, adekvatnim odnosom prema faktorima rizika, u\u010destalost demencija mogla zna\u010dajni smanjiti &#8211; kazao je.<\/p>\n\n\n\n<p>Kako je precizirao, u\u010destalost demencija zna\u010dajno ovisi od dobi. U razvijenim zemljama, oko deset posto osoba dobi od 75 do 80 godina ima neki oblik demencije, u dobi od 85 do 90 taj procent se penje i do 30 posto.<\/p>\n\n\n\n<p>&#8211; Mi nemamo ta\u010dne podatke o u\u010destalosti demencija, ali po svemu sude\u0107i procenti u na\u0161oj zemlji su ve\u0107i od navedenih &#8211; naglasio je prof. dr. Osman Sinanovi\u0107 u razgovoru za Fenu.<\/p>\n\n\n\n<p>Osman Sinanovi\u0107 je profesor emeritus neuropsihijatrije (neurologije i psihijatrije) na Medicinskom fakultetu Univerziteta u Tuzli, Medicinskog fakulteta Univerziteta u Sarajevu, Univerziteta nauke i tehnologije u Sarajevu. Gostuju\u0107i profesor na Sveu\u010dili\u0161tu u Osijeku i Veleu\u010dili\u0161tu u Vukovaru.<\/p>\n\n\n\n<p>Izvor:pogled.ba<\/p>\n","protected":false},"excerpt":{"rendered":"<p>Specijalista neuropsihijatrije Osman Sinanovi\u0107 smatra da je COVID-19 pandemija utjecala na porast broja ljudi sa demencijama, u svijetu pa i kod nas, a oni koji su imali tu bolest u ve\u0107em su riziku da vremenom razviju demenciju. &#8211; Oni koji su imali COVID-19, neva\u017eno za te\u017einu simptoma, u ve\u0107em su riziku da vremenom razviju demenciju [&hellip;]<\/p>\n","protected":false},"author":2,"featured_media":111694,"comment_status":"closed","ping_status":"closed","sticky":false,"template":"","format":"standard","meta":{"h5ap_radio_sources":[],"footnotes":""},"categories":[1],"tags":[],"class_list":["post-183537","post","type-post","status-publish","format-standard","has-post-thumbnail","hentry","category-bihiregija"],"yoast_head":"<!-- This site is optimized with the Yoast SEO plugin v27.5 - https:\/\/yoast.com\/product\/yoast-seo-wordpress\/ -->\n<title>Prof. dr. Sinanovi\u0107: Osobe koje su imale COVID-19 u ve\u0107em riziku od demencije od ostalih - RADIO LJUBU\u0160KI<\/title>\n<meta name=\"robots\" content=\"index, follow, max-snippet:-1, max-image-preview:large, max-video-preview:-1\" \/>\n<link rel=\"canonical\" href=\"https:\/\/radioljubuski.ba\/index.php\/2022\/09\/25\/prof-dr-sinanovic-osobe-koje-su-imale-covid-19-u-vecem-riziku-od-demencije-od-ostalih\/\" \/>\n<meta property=\"og:locale\" content=\"hr_HR\" \/>\n<meta property=\"og:type\" content=\"article\" \/>\n<meta property=\"og:title\" content=\"Prof. dr. Sinanovi\u0107: Osobe koje su imale COVID-19 u ve\u0107em riziku od demencije od ostalih - RADIO LJUBU\u0160KI\" \/>\n<meta property=\"og:description\" content=\"Specijalista neuropsihijatrije Osman Sinanovi\u0107 smatra da je COVID-19 pandemija utjecala na porast broja ljudi sa demencijama, u svijetu pa i kod nas, a oni koji su imali tu bolest u ve\u0107em su riziku da vremenom razviju demenciju. &#8211; Oni koji su imali COVID-19, neva\u017eno za te\u017einu simptoma, u ve\u0107em su riziku da vremenom razviju demenciju [&hellip;]\" \/>\n<meta property=\"og:url\" content=\"https:\/\/radioljubuski.ba\/index.php\/2022\/09\/25\/prof-dr-sinanovic-osobe-koje-su-imale-covid-19-u-vecem-riziku-od-demencije-od-ostalih\/\" \/>\n<meta property=\"og:site_name\" content=\"RADIO LJUBU\u0160KI\" \/>\n<meta property=\"article:publisher\" content=\"https:\/\/www.facebook.com\/Radiio-Ljubuski-1490835324566332\" \/>\n<meta property=\"article:published_time\" content=\"2022-09-25T08:31:04+00:00\" \/>\n<meta property=\"article:modified_time\" content=\"2022-09-25T08:31:06+00:00\" \/>\n<meta property=\"og:image\" content=\"https:\/\/radioljubuski.ba\/wp-content\/uploads\/2022\/02\/8-2022-02-07-12-26-43-korona-maska.jpg\" \/>\n\t<meta property=\"og:image:width\" content=\"1000\" \/>\n\t<meta property=\"og:image:height\" content=\"625\" \/>\n\t<meta property=\"og:image:type\" content=\"image\/jpeg\" \/>\n<meta name=\"author\" content=\"Radio Ljubu\u0161ki\" \/>\n<meta name=\"twitter:card\" content=\"summary_large_image\" \/>\n<meta name=\"twitter:creator\" content=\"@radioljubuski\" \/>\n<meta name=\"twitter:site\" content=\"@radioljubuski\" \/>\n<meta name=\"twitter:label1\" content=\"Napisao\/la\" \/>\n\t<meta name=\"twitter:data1\" content=\"Radio Ljubu\u0161ki\" \/>\n\t<meta name=\"twitter:label2\" content=\"Procijenjeno vrijeme \u010ditanja\" \/>\n\t<meta name=\"twitter:data2\" content=\"5 minuta\" \/>\n<script type=\"application\/ld+json\" class=\"yoast-schema-graph\">{\"@context\":\"https:\\\/\\\/schema.org\",\"@graph\":[{\"@type\":\"Article\",\"@id\":\"https:\\\/\\\/radioljubuski.ba\\\/index.php\\\/2022\\\/09\\\/25\\\/prof-dr-sinanovic-osobe-koje-su-imale-covid-19-u-vecem-riziku-od-demencije-od-ostalih\\\/#article\",\"isPartOf\":{\"@id\":\"https:\\\/\\\/radioljubuski.ba\\\/index.php\\\/2022\\\/09\\\/25\\\/prof-dr-sinanovic-osobe-koje-su-imale-covid-19-u-vecem-riziku-od-demencije-od-ostalih\\\/\"},\"author\":{\"name\":\"Radio Ljubu\u0161ki\",\"@id\":\"https:\\\/\\\/radioljubuski.ba\\\/#\\\/schema\\\/person\\\/19fc700381a780f69665d7956c469e3b\"},\"headline\":\"Prof. dr. Sinanovi\u0107: Osobe koje su imale COVID-19 u ve\u0107em riziku od demencije od ostalih\",\"datePublished\":\"2022-09-25T08:31:04+00:00\",\"dateModified\":\"2022-09-25T08:31:06+00:00\",\"mainEntityOfPage\":{\"@id\":\"https:\\\/\\\/radioljubuski.ba\\\/index.php\\\/2022\\\/09\\\/25\\\/prof-dr-sinanovic-osobe-koje-su-imale-covid-19-u-vecem-riziku-od-demencije-od-ostalih\\\/\"},\"wordCount\":1218,\"publisher\":{\"@id\":\"https:\\\/\\\/radioljubuski.ba\\\/#organization\"},\"image\":{\"@id\":\"https:\\\/\\\/radioljubuski.ba\\\/index.php\\\/2022\\\/09\\\/25\\\/prof-dr-sinanovic-osobe-koje-su-imale-covid-19-u-vecem-riziku-od-demencije-od-ostalih\\\/#primaryimage\"},\"thumbnailUrl\":\"https:\\\/\\\/radioljubuski.ba\\\/wp-content\\\/uploads\\\/2022\\\/02\\\/8-2022-02-07-12-26-43-korona-maska.jpg\",\"articleSection\":[\"BIH i regija\"],\"inLanguage\":\"hr\"},{\"@type\":\"WebPage\",\"@id\":\"https:\\\/\\\/radioljubuski.ba\\\/index.php\\\/2022\\\/09\\\/25\\\/prof-dr-sinanovic-osobe-koje-su-imale-covid-19-u-vecem-riziku-od-demencije-od-ostalih\\\/\",\"url\":\"https:\\\/\\\/radioljubuski.ba\\\/index.php\\\/2022\\\/09\\\/25\\\/prof-dr-sinanovic-osobe-koje-su-imale-covid-19-u-vecem-riziku-od-demencije-od-ostalih\\\/\",\"name\":\"Prof. dr. Sinanovi\u0107: Osobe koje su imale COVID-19 u ve\u0107em riziku od demencije od ostalih - RADIO LJUBU\u0160KI\",\"isPartOf\":{\"@id\":\"https:\\\/\\\/radioljubuski.ba\\\/#website\"},\"primaryImageOfPage\":{\"@id\":\"https:\\\/\\\/radioljubuski.ba\\\/index.php\\\/2022\\\/09\\\/25\\\/prof-dr-sinanovic-osobe-koje-su-imale-covid-19-u-vecem-riziku-od-demencije-od-ostalih\\\/#primaryimage\"},\"image\":{\"@id\":\"https:\\\/\\\/radioljubuski.ba\\\/index.php\\\/2022\\\/09\\\/25\\\/prof-dr-sinanovic-osobe-koje-su-imale-covid-19-u-vecem-riziku-od-demencije-od-ostalih\\\/#primaryimage\"},\"thumbnailUrl\":\"https:\\\/\\\/radioljubuski.ba\\\/wp-content\\\/uploads\\\/2022\\\/02\\\/8-2022-02-07-12-26-43-korona-maska.jpg\",\"datePublished\":\"2022-09-25T08:31:04+00:00\",\"dateModified\":\"2022-09-25T08:31:06+00:00\",\"breadcrumb\":{\"@id\":\"https:\\\/\\\/radioljubuski.ba\\\/index.php\\\/2022\\\/09\\\/25\\\/prof-dr-sinanovic-osobe-koje-su-imale-covid-19-u-vecem-riziku-od-demencije-od-ostalih\\\/#breadcrumb\"},\"inLanguage\":\"hr\",\"potentialAction\":[{\"@type\":\"ReadAction\",\"target\":[\"https:\\\/\\\/radioljubuski.ba\\\/index.php\\\/2022\\\/09\\\/25\\\/prof-dr-sinanovic-osobe-koje-su-imale-covid-19-u-vecem-riziku-od-demencije-od-ostalih\\\/\"]}]},{\"@type\":\"ImageObject\",\"inLanguage\":\"hr\",\"@id\":\"https:\\\/\\\/radioljubuski.ba\\\/index.php\\\/2022\\\/09\\\/25\\\/prof-dr-sinanovic-osobe-koje-su-imale-covid-19-u-vecem-riziku-od-demencije-od-ostalih\\\/#primaryimage\",\"url\":\"https:\\\/\\\/radioljubuski.ba\\\/wp-content\\\/uploads\\\/2022\\\/02\\\/8-2022-02-07-12-26-43-korona-maska.jpg\",\"contentUrl\":\"https:\\\/\\\/radioljubuski.ba\\\/wp-content\\\/uploads\\\/2022\\\/02\\\/8-2022-02-07-12-26-43-korona-maska.jpg\",\"width\":1000,\"height\":625},{\"@type\":\"BreadcrumbList\",\"@id\":\"https:\\\/\\\/radioljubuski.ba\\\/index.php\\\/2022\\\/09\\\/25\\\/prof-dr-sinanovic-osobe-koje-su-imale-covid-19-u-vecem-riziku-od-demencije-od-ostalih\\\/#breadcrumb\",\"itemListElement\":[{\"@type\":\"ListItem\",\"position\":1,\"name\":\"Po\u010detna stranica\",\"item\":\"https:\\\/\\\/radioljubuski.ba\\\/\"},{\"@type\":\"ListItem\",\"position\":2,\"name\":\"Prof. dr. Sinanovi\u0107: Osobe koje su imale COVID-19 u ve\u0107em riziku od demencije od ostalih\"}]},{\"@type\":\"WebSite\",\"@id\":\"https:\\\/\\\/radioljubuski.ba\\\/#website\",\"url\":\"https:\\\/\\\/radioljubuski.ba\\\/\",\"name\":\"Radio Ljubu\u0161ki\",\"description\":\"Sun\u010dana frekvencija Hercegovine\",\"publisher\":{\"@id\":\"https:\\\/\\\/radioljubuski.ba\\\/#organization\"},\"potentialAction\":[{\"@type\":\"SearchAction\",\"target\":{\"@type\":\"EntryPoint\",\"urlTemplate\":\"https:\\\/\\\/radioljubuski.ba\\\/?s={search_term_string}\"},\"query-input\":{\"@type\":\"PropertyValueSpecification\",\"valueRequired\":true,\"valueName\":\"search_term_string\"}}],\"inLanguage\":\"hr\"},{\"@type\":\"Organization\",\"@id\":\"https:\\\/\\\/radioljubuski.ba\\\/#organization\",\"name\":\"Radio Ljubu\u0161ki\",\"url\":\"https:\\\/\\\/radioljubuski.ba\\\/\",\"logo\":{\"@type\":\"ImageObject\",\"inLanguage\":\"hr\",\"@id\":\"https:\\\/\\\/radioljubuski.ba\\\/#\\\/schema\\\/logo\\\/image\\\/\",\"url\":\"https:\\\/\\\/radioljubuski.ba\\\/wp-content\\\/uploads\\\/2021\\\/02\\\/cropped-Radio_Ljubuski_logo1.jpg\",\"contentUrl\":\"https:\\\/\\\/radioljubuski.ba\\\/wp-content\\\/uploads\\\/2021\\\/02\\\/cropped-Radio_Ljubuski_logo1.jpg\",\"width\":512,\"height\":512,\"caption\":\"Radio Ljubu\u0161ki\"},\"image\":{\"@id\":\"https:\\\/\\\/radioljubuski.ba\\\/#\\\/schema\\\/logo\\\/image\\\/\"},\"sameAs\":[\"https:\\\/\\\/www.facebook.com\\\/Radiio-Ljubuski-1490835324566332\",\"https:\\\/\\\/x.com\\\/radioljubuski\",\"https:\\\/\\\/hr.linkedin.com\\\/company\\\/radio-ljubuski\",\"https:\\\/\\\/www.youtube.com\\\/channel\\\/UCHYaeO_n0Db3tjNGudGpXyw\"]},{\"@type\":\"Person\",\"@id\":\"https:\\\/\\\/radioljubuski.ba\\\/#\\\/schema\\\/person\\\/19fc700381a780f69665d7956c469e3b\",\"name\":\"Radio Ljubu\u0161ki\"}]}<\/script>\n<!-- \/ Yoast SEO plugin. -->","yoast_head_json":{"title":"Prof. dr. Sinanovi\u0107: Osobe koje su imale COVID-19 u ve\u0107em riziku od demencije od ostalih - RADIO LJUBU\u0160KI","robots":{"index":"index","follow":"follow","max-snippet":"max-snippet:-1","max-image-preview":"max-image-preview:large","max-video-preview":"max-video-preview:-1"},"canonical":"https:\/\/radioljubuski.ba\/index.php\/2022\/09\/25\/prof-dr-sinanovic-osobe-koje-su-imale-covid-19-u-vecem-riziku-od-demencije-od-ostalih\/","og_locale":"hr_HR","og_type":"article","og_title":"Prof. dr. Sinanovi\u0107: Osobe koje su imale COVID-19 u ve\u0107em riziku od demencije od ostalih - RADIO LJUBU\u0160KI","og_description":"Specijalista neuropsihijatrije Osman Sinanovi\u0107 smatra da je COVID-19 pandemija utjecala na porast broja ljudi sa demencijama, u svijetu pa i kod nas, a oni koji su imali tu bolest u ve\u0107em su riziku da vremenom razviju demenciju. &#8211; Oni koji su imali COVID-19, neva\u017eno za te\u017einu simptoma, u ve\u0107em su riziku da vremenom razviju demenciju [&hellip;]","og_url":"https:\/\/radioljubuski.ba\/index.php\/2022\/09\/25\/prof-dr-sinanovic-osobe-koje-su-imale-covid-19-u-vecem-riziku-od-demencije-od-ostalih\/","og_site_name":"RADIO LJUBU\u0160KI","article_publisher":"https:\/\/www.facebook.com\/Radiio-Ljubuski-1490835324566332","article_published_time":"2022-09-25T08:31:04+00:00","article_modified_time":"2022-09-25T08:31:06+00:00","og_image":[{"width":1000,"height":625,"url":"https:\/\/radioljubuski.ba\/wp-content\/uploads\/2022\/02\/8-2022-02-07-12-26-43-korona-maska.jpg","type":"image\/jpeg"}],"author":"Radio Ljubu\u0161ki","twitter_card":"summary_large_image","twitter_creator":"@radioljubuski","twitter_site":"@radioljubuski","twitter_misc":{"Napisao\/la":"Radio Ljubu\u0161ki","Procijenjeno vrijeme \u010ditanja":"5 minuta"},"schema":{"@context":"https:\/\/schema.org","@graph":[{"@type":"Article","@id":"https:\/\/radioljubuski.ba\/index.php\/2022\/09\/25\/prof-dr-sinanovic-osobe-koje-su-imale-covid-19-u-vecem-riziku-od-demencije-od-ostalih\/#article","isPartOf":{"@id":"https:\/\/radioljubuski.ba\/index.php\/2022\/09\/25\/prof-dr-sinanovic-osobe-koje-su-imale-covid-19-u-vecem-riziku-od-demencije-od-ostalih\/"},"author":{"name":"Radio Ljubu\u0161ki","@id":"https:\/\/radioljubuski.ba\/#\/schema\/person\/19fc700381a780f69665d7956c469e3b"},"headline":"Prof. dr. Sinanovi\u0107: Osobe koje su imale COVID-19 u ve\u0107em riziku od demencije od ostalih","datePublished":"2022-09-25T08:31:04+00:00","dateModified":"2022-09-25T08:31:06+00:00","mainEntityOfPage":{"@id":"https:\/\/radioljubuski.ba\/index.php\/2022\/09\/25\/prof-dr-sinanovic-osobe-koje-su-imale-covid-19-u-vecem-riziku-od-demencije-od-ostalih\/"},"wordCount":1218,"publisher":{"@id":"https:\/\/radioljubuski.ba\/#organization"},"image":{"@id":"https:\/\/radioljubuski.ba\/index.php\/2022\/09\/25\/prof-dr-sinanovic-osobe-koje-su-imale-covid-19-u-vecem-riziku-od-demencije-od-ostalih\/#primaryimage"},"thumbnailUrl":"https:\/\/radioljubuski.ba\/wp-content\/uploads\/2022\/02\/8-2022-02-07-12-26-43-korona-maska.jpg","articleSection":["BIH i regija"],"inLanguage":"hr"},{"@type":"WebPage","@id":"https:\/\/radioljubuski.ba\/index.php\/2022\/09\/25\/prof-dr-sinanovic-osobe-koje-su-imale-covid-19-u-vecem-riziku-od-demencije-od-ostalih\/","url":"https:\/\/radioljubuski.ba\/index.php\/2022\/09\/25\/prof-dr-sinanovic-osobe-koje-su-imale-covid-19-u-vecem-riziku-od-demencije-od-ostalih\/","name":"Prof. dr. Sinanovi\u0107: Osobe koje su imale COVID-19 u ve\u0107em riziku od demencije od ostalih - RADIO LJUBU\u0160KI","isPartOf":{"@id":"https:\/\/radioljubuski.ba\/#website"},"primaryImageOfPage":{"@id":"https:\/\/radioljubuski.ba\/index.php\/2022\/09\/25\/prof-dr-sinanovic-osobe-koje-su-imale-covid-19-u-vecem-riziku-od-demencije-od-ostalih\/#primaryimage"},"image":{"@id":"https:\/\/radioljubuski.ba\/index.php\/2022\/09\/25\/prof-dr-sinanovic-osobe-koje-su-imale-covid-19-u-vecem-riziku-od-demencije-od-ostalih\/#primaryimage"},"thumbnailUrl":"https:\/\/radioljubuski.ba\/wp-content\/uploads\/2022\/02\/8-2022-02-07-12-26-43-korona-maska.jpg","datePublished":"2022-09-25T08:31:04+00:00","dateModified":"2022-09-25T08:31:06+00:00","breadcrumb":{"@id":"https:\/\/radioljubuski.ba\/index.php\/2022\/09\/25\/prof-dr-sinanovic-osobe-koje-su-imale-covid-19-u-vecem-riziku-od-demencije-od-ostalih\/#breadcrumb"},"inLanguage":"hr","potentialAction":[{"@type":"ReadAction","target":["https:\/\/radioljubuski.ba\/index.php\/2022\/09\/25\/prof-dr-sinanovic-osobe-koje-su-imale-covid-19-u-vecem-riziku-od-demencije-od-ostalih\/"]}]},{"@type":"ImageObject","inLanguage":"hr","@id":"https:\/\/radioljubuski.ba\/index.php\/2022\/09\/25\/prof-dr-sinanovic-osobe-koje-su-imale-covid-19-u-vecem-riziku-od-demencije-od-ostalih\/#primaryimage","url":"https:\/\/radioljubuski.ba\/wp-content\/uploads\/2022\/02\/8-2022-02-07-12-26-43-korona-maska.jpg","contentUrl":"https:\/\/radioljubuski.ba\/wp-content\/uploads\/2022\/02\/8-2022-02-07-12-26-43-korona-maska.jpg","width":1000,"height":625},{"@type":"BreadcrumbList","@id":"https:\/\/radioljubuski.ba\/index.php\/2022\/09\/25\/prof-dr-sinanovic-osobe-koje-su-imale-covid-19-u-vecem-riziku-od-demencije-od-ostalih\/#breadcrumb","itemListElement":[{"@type":"ListItem","position":1,"name":"Po\u010detna stranica","item":"https:\/\/radioljubuski.ba\/"},{"@type":"ListItem","position":2,"name":"Prof. dr. Sinanovi\u0107: Osobe koje su imale COVID-19 u ve\u0107em riziku od demencije od ostalih"}]},{"@type":"WebSite","@id":"https:\/\/radioljubuski.ba\/#website","url":"https:\/\/radioljubuski.ba\/","name":"Radio Ljubu\u0161ki","description":"Sun\u010dana frekvencija Hercegovine","publisher":{"@id":"https:\/\/radioljubuski.ba\/#organization"},"potentialAction":[{"@type":"SearchAction","target":{"@type":"EntryPoint","urlTemplate":"https:\/\/radioljubuski.ba\/?s={search_term_string}"},"query-input":{"@type":"PropertyValueSpecification","valueRequired":true,"valueName":"search_term_string"}}],"inLanguage":"hr"},{"@type":"Organization","@id":"https:\/\/radioljubuski.ba\/#organization","name":"Radio Ljubu\u0161ki","url":"https:\/\/radioljubuski.ba\/","logo":{"@type":"ImageObject","inLanguage":"hr","@id":"https:\/\/radioljubuski.ba\/#\/schema\/logo\/image\/","url":"https:\/\/radioljubuski.ba\/wp-content\/uploads\/2021\/02\/cropped-Radio_Ljubuski_logo1.jpg","contentUrl":"https:\/\/radioljubuski.ba\/wp-content\/uploads\/2021\/02\/cropped-Radio_Ljubuski_logo1.jpg","width":512,"height":512,"caption":"Radio Ljubu\u0161ki"},"image":{"@id":"https:\/\/radioljubuski.ba\/#\/schema\/logo\/image\/"},"sameAs":["https:\/\/www.facebook.com\/Radiio-Ljubuski-1490835324566332","https:\/\/x.com\/radioljubuski","https:\/\/hr.linkedin.com\/company\/radio-ljubuski","https:\/\/www.youtube.com\/channel\/UCHYaeO_n0Db3tjNGudGpXyw"]},{"@type":"Person","@id":"https:\/\/radioljubuski.ba\/#\/schema\/person\/19fc700381a780f69665d7956c469e3b","name":"Radio Ljubu\u0161ki"}]}},"_links":{"self":[{"href":"https:\/\/radioljubuski.ba\/index.php\/wp-json\/wp\/v2\/posts\/183537","targetHints":{"allow":["GET"]}}],"collection":[{"href":"https:\/\/radioljubuski.ba\/index.php\/wp-json\/wp\/v2\/posts"}],"about":[{"href":"https:\/\/radioljubuski.ba\/index.php\/wp-json\/wp\/v2\/types\/post"}],"author":[{"embeddable":true,"href":"https:\/\/radioljubuski.ba\/index.php\/wp-json\/wp\/v2\/users\/2"}],"replies":[{"embeddable":true,"href":"https:\/\/radioljubuski.ba\/index.php\/wp-json\/wp\/v2\/comments?post=183537"}],"version-history":[{"count":1,"href":"https:\/\/radioljubuski.ba\/index.php\/wp-json\/wp\/v2\/posts\/183537\/revisions"}],"predecessor-version":[{"id":183538,"href":"https:\/\/radioljubuski.ba\/index.php\/wp-json\/wp\/v2\/posts\/183537\/revisions\/183538"}],"wp:featuredmedia":[{"embeddable":true,"href":"https:\/\/radioljubuski.ba\/index.php\/wp-json\/wp\/v2\/media\/111694"}],"wp:attachment":[{"href":"https:\/\/radioljubuski.ba\/index.php\/wp-json\/wp\/v2\/media?parent=183537"}],"wp:term":[{"taxonomy":"category","embeddable":true,"href":"https:\/\/radioljubuski.ba\/index.php\/wp-json\/wp\/v2\/categories?post=183537"},{"taxonomy":"post_tag","embeddable":true,"href":"https:\/\/radioljubuski.ba\/index.php\/wp-json\/wp\/v2\/tags?post=183537"}],"curies":[{"name":"wp","href":"https:\/\/api.w.org\/{rel}","templated":true}]}}