{"id":18370,"date":"2021-05-04T01:18:51","date_gmt":"2021-05-04T00:18:51","guid":{"rendered":"https:\/\/radioljubuski.ba\/?p=18370"},"modified":"2021-05-04T01:18:52","modified_gmt":"2021-05-04T00:18:52","slug":"internetska-trgovina-procvjetala-u-pandemiji","status":"publish","type":"post","link":"https:\/\/radioljubuski.ba\/index.php\/2021\/05\/04\/internetska-trgovina-procvjetala-u-pandemiji\/","title":{"rendered":"Internetska trgovina procvjetala u pandemiji"},"content":{"rendered":"\n<p>Internetska trgovina \u010dinila je u pandemijskoj 2020. godini gotovo petinu prometa u globalnoj maloprodaji zbog ograni\u010denja kojima su vlade suzbijale \u0161irenje koronavirusa, procjenjuje Konferencija Ujedinjenih naroda o trgovini i razvoju (UNCTAD).<\/p>\n\n\n\n<p>Udio internetske u globalnoj maloprodaji porastao je u 2020. na 19 posto, sa 16 posto u 2019., pokazuje UNCTAD-ovo izvje\u0161\u0107e objavljeno u ponedjeljak.<\/p>\n\n\n\n<p>U 2019. globalna elektronska trgovina porasla je \u010detiri posto, na 26.700 milijardi dolara, izra\u010dunao je UNCTAD.<\/p>\n\n\n\n<p>Najve\u0107i su udio internetske trgovine u 2020. bilje\u017eile Ju\u017ena Koreja i Kina, gdje je \u010dinila \u010detvrtinu ukupnog prometa. Slijede Britanija s 23,3 posto i SAD sa 14,0 posto.<\/p>\n\n\n\n<p>Pandemija je ipak promije\u0161ala karte u vode\u0107im maloprodajnim tvrtkama, isti\u010du u UNCTAD-u.<\/p>\n\n\n\n<p>Bruto vrijednost prometa svih 13 vode\u0107ih kompanija za internetsku trgovinu porasla je pro\u0161le godine za petinu, na 2.900 milijardi dolara. UNCTAD izdvaja udvostru\u010deni promet kanadskog Shopifyja i 72,4-postotni skok prometa ameri\u010dkog Walmarta.<\/p>\n\n\n\n<p>Kompanije koje nude usluge prijevoza i putovanja bilje\u017eile su pak nagli pad bruto vrijednosti prometa, napominju autori izvje\u0161\u0107a.<\/p>\n\n\n\n<p>&#8220;Primjerice, Expedia je pala s 5. mjesta u 2019. na 11. u 2020., Booking Holding sa 6. na 12., a Airbnb, koji je pro\u0161le godine uvrstio dionice u burzovnu kotaciju, s 11. na 13.&#8221;, napominju.<\/p>\n\n\n\n<p>Izvor:pogled.ba<\/p>\n","protected":false},"excerpt":{"rendered":"<p>Internetska trgovina \u010dinila je u pandemijskoj 2020. godini gotovo petinu prometa u globalnoj maloprodaji zbog ograni\u010denja kojima su vlade suzbijale \u0161irenje koronavirusa, procjenjuje Konferencija Ujedinjenih naroda o trgovini i razvoju (UNCTAD). Udio internetske u globalnoj maloprodaji porastao je u 2020. na 19 posto, sa 16 posto u 2019., pokazuje UNCTAD-ovo izvje\u0161\u0107e objavljeno u ponedjeljak. U [&hellip;]<\/p>\n","protected":false},"author":2,"featured_media":18371,"comment_status":"closed","ping_status":"closed","sticky":false,"template":"","format":"standard","meta":{"h5ap_radio_sources":[],"footnotes":""},"categories":[1],"tags":[],"class_list":["post-18370","post","type-post","status-publish","format-standard","has-post-thumbnail","hentry","category-bihiregija"],"yoast_head":"<!-- This site is optimized with the Yoast SEO plugin v27.5 - https:\/\/yoast.com\/product\/yoast-seo-wordpress\/ -->\n<title>Internetska trgovina procvjetala u pandemiji - RADIO LJUBU\u0160KI<\/title>\n<meta name=\"robots\" content=\"index, follow, max-snippet:-1, max-image-preview:large, max-video-preview:-1\" \/>\n<link rel=\"canonical\" href=\"https:\/\/radioljubuski.ba\/index.php\/2021\/05\/04\/internetska-trgovina-procvjetala-u-pandemiji\/\" \/>\n<meta property=\"og:locale\" content=\"hr_HR\" \/>\n<meta property=\"og:type\" content=\"article\" \/>\n<meta property=\"og:title\" content=\"Internetska trgovina procvjetala u pandemiji - RADIO LJUBU\u0160KI\" \/>\n<meta property=\"og:description\" content=\"Internetska trgovina \u010dinila je u pandemijskoj 2020. godini gotovo petinu prometa u globalnoj maloprodaji zbog ograni\u010denja kojima su vlade suzbijale \u0161irenje koronavirusa, procjenjuje Konferencija Ujedinjenih naroda o trgovini i razvoju (UNCTAD). Udio internetske u globalnoj maloprodaji porastao je u 2020. na 19 posto, sa 16 posto u 2019., pokazuje UNCTAD-ovo izvje\u0161\u0107e objavljeno u ponedjeljak. U [&hellip;]\" \/>\n<meta property=\"og:url\" content=\"https:\/\/radioljubuski.ba\/index.php\/2021\/05\/04\/internetska-trgovina-procvjetala-u-pandemiji\/\" \/>\n<meta property=\"og:site_name\" content=\"RADIO LJUBU\u0160KI\" \/>\n<meta property=\"article:publisher\" content=\"https:\/\/www.facebook.com\/Radiio-Ljubuski-1490835324566332\" \/>\n<meta property=\"article:published_time\" content=\"2021-05-04T00:18:51+00:00\" \/>\n<meta property=\"article:modified_time\" content=\"2021-05-04T00:18:52+00:00\" \/>\n<meta property=\"og:image\" content=\"https:\/\/radioljubuski.ba\/wp-content\/uploads\/2021\/05\/9lw37EOY_ONLINE.png\" \/>\n\t<meta property=\"og:image:width\" content=\"1000\" \/>\n\t<meta property=\"og:image:height\" content=\"625\" \/>\n\t<meta property=\"og:image:type\" content=\"image\/png\" \/>\n<meta name=\"author\" content=\"Radio Ljubu\u0161ki\" \/>\n<meta name=\"twitter:card\" content=\"summary_large_image\" \/>\n<meta name=\"twitter:creator\" content=\"@radioljubuski\" \/>\n<meta name=\"twitter:site\" content=\"@radioljubuski\" \/>\n<meta name=\"twitter:label1\" content=\"Napisao\/la\" \/>\n\t<meta name=\"twitter:data1\" content=\"Radio Ljubu\u0161ki\" \/>\n\t<meta name=\"twitter:label2\" content=\"Procijenjeno vrijeme \u010ditanja\" \/>\n\t<meta name=\"twitter:data2\" content=\"1 minuta\" \/>\n<script type=\"application\/ld+json\" class=\"yoast-schema-graph\">{\"@context\":\"https:\\\/\\\/schema.org\",\"@graph\":[{\"@type\":\"Article\",\"@id\":\"https:\\\/\\\/radioljubuski.ba\\\/index.php\\\/2021\\\/05\\\/04\\\/internetska-trgovina-procvjetala-u-pandemiji\\\/#article\",\"isPartOf\":{\"@id\":\"https:\\\/\\\/radioljubuski.ba\\\/index.php\\\/2021\\\/05\\\/04\\\/internetska-trgovina-procvjetala-u-pandemiji\\\/\"},\"author\":{\"name\":\"Radio Ljubu\u0161ki\",\"@id\":\"https:\\\/\\\/radioljubuski.ba\\\/#\\\/schema\\\/person\\\/19fc700381a780f69665d7956c469e3b\"},\"headline\":\"Internetska trgovina procvjetala u pandemiji\",\"datePublished\":\"2021-05-04T00:18:51+00:00\",\"dateModified\":\"2021-05-04T00:18:52+00:00\",\"mainEntityOfPage\":{\"@id\":\"https:\\\/\\\/radioljubuski.ba\\\/index.php\\\/2021\\\/05\\\/04\\\/internetska-trgovina-procvjetala-u-pandemiji\\\/\"},\"wordCount\":199,\"publisher\":{\"@id\":\"https:\\\/\\\/radioljubuski.ba\\\/#organization\"},\"image\":{\"@id\":\"https:\\\/\\\/radioljubuski.ba\\\/index.php\\\/2021\\\/05\\\/04\\\/internetska-trgovina-procvjetala-u-pandemiji\\\/#primaryimage\"},\"thumbnailUrl\":\"https:\\\/\\\/radioljubuski.ba\\\/wp-content\\\/uploads\\\/2021\\\/05\\\/9lw37EOY_ONLINE.png\",\"articleSection\":[\"BIH i regija\"],\"inLanguage\":\"hr\"},{\"@type\":\"WebPage\",\"@id\":\"https:\\\/\\\/radioljubuski.ba\\\/index.php\\\/2021\\\/05\\\/04\\\/internetska-trgovina-procvjetala-u-pandemiji\\\/\",\"url\":\"https:\\\/\\\/radioljubuski.ba\\\/index.php\\\/2021\\\/05\\\/04\\\/internetska-trgovina-procvjetala-u-pandemiji\\\/\",\"name\":\"Internetska trgovina procvjetala u pandemiji - RADIO LJUBU\u0160KI\",\"isPartOf\":{\"@id\":\"https:\\\/\\\/radioljubuski.ba\\\/#website\"},\"primaryImageOfPage\":{\"@id\":\"https:\\\/\\\/radioljubuski.ba\\\/index.php\\\/2021\\\/05\\\/04\\\/internetska-trgovina-procvjetala-u-pandemiji\\\/#primaryimage\"},\"image\":{\"@id\":\"https:\\\/\\\/radioljubuski.ba\\\/index.php\\\/2021\\\/05\\\/04\\\/internetska-trgovina-procvjetala-u-pandemiji\\\/#primaryimage\"},\"thumbnailUrl\":\"https:\\\/\\\/radioljubuski.ba\\\/wp-content\\\/uploads\\\/2021\\\/05\\\/9lw37EOY_ONLINE.png\",\"datePublished\":\"2021-05-04T00:18:51+00:00\",\"dateModified\":\"2021-05-04T00:18:52+00:00\",\"breadcrumb\":{\"@id\":\"https:\\\/\\\/radioljubuski.ba\\\/index.php\\\/2021\\\/05\\\/04\\\/internetska-trgovina-procvjetala-u-pandemiji\\\/#breadcrumb\"},\"inLanguage\":\"hr\",\"potentialAction\":[{\"@type\":\"ReadAction\",\"target\":[\"https:\\\/\\\/radioljubuski.ba\\\/index.php\\\/2021\\\/05\\\/04\\\/internetska-trgovina-procvjetala-u-pandemiji\\\/\"]}]},{\"@type\":\"ImageObject\",\"inLanguage\":\"hr\",\"@id\":\"https:\\\/\\\/radioljubuski.ba\\\/index.php\\\/2021\\\/05\\\/04\\\/internetska-trgovina-procvjetala-u-pandemiji\\\/#primaryimage\",\"url\":\"https:\\\/\\\/radioljubuski.ba\\\/wp-content\\\/uploads\\\/2021\\\/05\\\/9lw37EOY_ONLINE.png\",\"contentUrl\":\"https:\\\/\\\/radioljubuski.ba\\\/wp-content\\\/uploads\\\/2021\\\/05\\\/9lw37EOY_ONLINE.png\",\"width\":1000,\"height\":625},{\"@type\":\"BreadcrumbList\",\"@id\":\"https:\\\/\\\/radioljubuski.ba\\\/index.php\\\/2021\\\/05\\\/04\\\/internetska-trgovina-procvjetala-u-pandemiji\\\/#breadcrumb\",\"itemListElement\":[{\"@type\":\"ListItem\",\"position\":1,\"name\":\"Po\u010detna stranica\",\"item\":\"https:\\\/\\\/radioljubuski.ba\\\/\"},{\"@type\":\"ListItem\",\"position\":2,\"name\":\"Internetska trgovina procvjetala u pandemiji\"}]},{\"@type\":\"WebSite\",\"@id\":\"https:\\\/\\\/radioljubuski.ba\\\/#website\",\"url\":\"https:\\\/\\\/radioljubuski.ba\\\/\",\"name\":\"Radio Ljubu\u0161ki\",\"description\":\"Sun\u010dana frekvencija Hercegovine\",\"publisher\":{\"@id\":\"https:\\\/\\\/radioljubuski.ba\\\/#organization\"},\"potentialAction\":[{\"@type\":\"SearchAction\",\"target\":{\"@type\":\"EntryPoint\",\"urlTemplate\":\"https:\\\/\\\/radioljubuski.ba\\\/?s={search_term_string}\"},\"query-input\":{\"@type\":\"PropertyValueSpecification\",\"valueRequired\":true,\"valueName\":\"search_term_string\"}}],\"inLanguage\":\"hr\"},{\"@type\":\"Organization\",\"@id\":\"https:\\\/\\\/radioljubuski.ba\\\/#organization\",\"name\":\"Radio Ljubu\u0161ki\",\"url\":\"https:\\\/\\\/radioljubuski.ba\\\/\",\"logo\":{\"@type\":\"ImageObject\",\"inLanguage\":\"hr\",\"@id\":\"https:\\\/\\\/radioljubuski.ba\\\/#\\\/schema\\\/logo\\\/image\\\/\",\"url\":\"https:\\\/\\\/radioljubuski.ba\\\/wp-content\\\/uploads\\\/2021\\\/02\\\/cropped-Radio_Ljubuski_logo1.jpg\",\"contentUrl\":\"https:\\\/\\\/radioljubuski.ba\\\/wp-content\\\/uploads\\\/2021\\\/02\\\/cropped-Radio_Ljubuski_logo1.jpg\",\"width\":512,\"height\":512,\"caption\":\"Radio Ljubu\u0161ki\"},\"image\":{\"@id\":\"https:\\\/\\\/radioljubuski.ba\\\/#\\\/schema\\\/logo\\\/image\\\/\"},\"sameAs\":[\"https:\\\/\\\/www.facebook.com\\\/Radiio-Ljubuski-1490835324566332\",\"https:\\\/\\\/x.com\\\/radioljubuski\",\"https:\\\/\\\/hr.linkedin.com\\\/company\\\/radio-ljubuski\",\"https:\\\/\\\/www.youtube.com\\\/channel\\\/UCHYaeO_n0Db3tjNGudGpXyw\"]},{\"@type\":\"Person\",\"@id\":\"https:\\\/\\\/radioljubuski.ba\\\/#\\\/schema\\\/person\\\/19fc700381a780f69665d7956c469e3b\",\"name\":\"Radio Ljubu\u0161ki\"}]}<\/script>\n<!-- \/ Yoast SEO plugin. -->","yoast_head_json":{"title":"Internetska trgovina procvjetala u pandemiji - RADIO LJUBU\u0160KI","robots":{"index":"index","follow":"follow","max-snippet":"max-snippet:-1","max-image-preview":"max-image-preview:large","max-video-preview":"max-video-preview:-1"},"canonical":"https:\/\/radioljubuski.ba\/index.php\/2021\/05\/04\/internetska-trgovina-procvjetala-u-pandemiji\/","og_locale":"hr_HR","og_type":"article","og_title":"Internetska trgovina procvjetala u pandemiji - RADIO LJUBU\u0160KI","og_description":"Internetska trgovina \u010dinila je u pandemijskoj 2020. godini gotovo petinu prometa u globalnoj maloprodaji zbog ograni\u010denja kojima su vlade suzbijale \u0161irenje koronavirusa, procjenjuje Konferencija Ujedinjenih naroda o trgovini i razvoju (UNCTAD). Udio internetske u globalnoj maloprodaji porastao je u 2020. na 19 posto, sa 16 posto u 2019., pokazuje UNCTAD-ovo izvje\u0161\u0107e objavljeno u ponedjeljak. U [&hellip;]","og_url":"https:\/\/radioljubuski.ba\/index.php\/2021\/05\/04\/internetska-trgovina-procvjetala-u-pandemiji\/","og_site_name":"RADIO LJUBU\u0160KI","article_publisher":"https:\/\/www.facebook.com\/Radiio-Ljubuski-1490835324566332","article_published_time":"2021-05-04T00:18:51+00:00","article_modified_time":"2021-05-04T00:18:52+00:00","og_image":[{"width":1000,"height":625,"url":"https:\/\/radioljubuski.ba\/wp-content\/uploads\/2021\/05\/9lw37EOY_ONLINE.png","type":"image\/png"}],"author":"Radio Ljubu\u0161ki","twitter_card":"summary_large_image","twitter_creator":"@radioljubuski","twitter_site":"@radioljubuski","twitter_misc":{"Napisao\/la":"Radio Ljubu\u0161ki","Procijenjeno vrijeme \u010ditanja":"1 minuta"},"schema":{"@context":"https:\/\/schema.org","@graph":[{"@type":"Article","@id":"https:\/\/radioljubuski.ba\/index.php\/2021\/05\/04\/internetska-trgovina-procvjetala-u-pandemiji\/#article","isPartOf":{"@id":"https:\/\/radioljubuski.ba\/index.php\/2021\/05\/04\/internetska-trgovina-procvjetala-u-pandemiji\/"},"author":{"name":"Radio Ljubu\u0161ki","@id":"https:\/\/radioljubuski.ba\/#\/schema\/person\/19fc700381a780f69665d7956c469e3b"},"headline":"Internetska trgovina procvjetala u pandemiji","datePublished":"2021-05-04T00:18:51+00:00","dateModified":"2021-05-04T00:18:52+00:00","mainEntityOfPage":{"@id":"https:\/\/radioljubuski.ba\/index.php\/2021\/05\/04\/internetska-trgovina-procvjetala-u-pandemiji\/"},"wordCount":199,"publisher":{"@id":"https:\/\/radioljubuski.ba\/#organization"},"image":{"@id":"https:\/\/radioljubuski.ba\/index.php\/2021\/05\/04\/internetska-trgovina-procvjetala-u-pandemiji\/#primaryimage"},"thumbnailUrl":"https:\/\/radioljubuski.ba\/wp-content\/uploads\/2021\/05\/9lw37EOY_ONLINE.png","articleSection":["BIH i regija"],"inLanguage":"hr"},{"@type":"WebPage","@id":"https:\/\/radioljubuski.ba\/index.php\/2021\/05\/04\/internetska-trgovina-procvjetala-u-pandemiji\/","url":"https:\/\/radioljubuski.ba\/index.php\/2021\/05\/04\/internetska-trgovina-procvjetala-u-pandemiji\/","name":"Internetska trgovina procvjetala u pandemiji - RADIO LJUBU\u0160KI","isPartOf":{"@id":"https:\/\/radioljubuski.ba\/#website"},"primaryImageOfPage":{"@id":"https:\/\/radioljubuski.ba\/index.php\/2021\/05\/04\/internetska-trgovina-procvjetala-u-pandemiji\/#primaryimage"},"image":{"@id":"https:\/\/radioljubuski.ba\/index.php\/2021\/05\/04\/internetska-trgovina-procvjetala-u-pandemiji\/#primaryimage"},"thumbnailUrl":"https:\/\/radioljubuski.ba\/wp-content\/uploads\/2021\/05\/9lw37EOY_ONLINE.png","datePublished":"2021-05-04T00:18:51+00:00","dateModified":"2021-05-04T00:18:52+00:00","breadcrumb":{"@id":"https:\/\/radioljubuski.ba\/index.php\/2021\/05\/04\/internetska-trgovina-procvjetala-u-pandemiji\/#breadcrumb"},"inLanguage":"hr","potentialAction":[{"@type":"ReadAction","target":["https:\/\/radioljubuski.ba\/index.php\/2021\/05\/04\/internetska-trgovina-procvjetala-u-pandemiji\/"]}]},{"@type":"ImageObject","inLanguage":"hr","@id":"https:\/\/radioljubuski.ba\/index.php\/2021\/05\/04\/internetska-trgovina-procvjetala-u-pandemiji\/#primaryimage","url":"https:\/\/radioljubuski.ba\/wp-content\/uploads\/2021\/05\/9lw37EOY_ONLINE.png","contentUrl":"https:\/\/radioljubuski.ba\/wp-content\/uploads\/2021\/05\/9lw37EOY_ONLINE.png","width":1000,"height":625},{"@type":"BreadcrumbList","@id":"https:\/\/radioljubuski.ba\/index.php\/2021\/05\/04\/internetska-trgovina-procvjetala-u-pandemiji\/#breadcrumb","itemListElement":[{"@type":"ListItem","position":1,"name":"Po\u010detna stranica","item":"https:\/\/radioljubuski.ba\/"},{"@type":"ListItem","position":2,"name":"Internetska trgovina procvjetala u pandemiji"}]},{"@type":"WebSite","@id":"https:\/\/radioljubuski.ba\/#website","url":"https:\/\/radioljubuski.ba\/","name":"Radio Ljubu\u0161ki","description":"Sun\u010dana frekvencija Hercegovine","publisher":{"@id":"https:\/\/radioljubuski.ba\/#organization"},"potentialAction":[{"@type":"SearchAction","target":{"@type":"EntryPoint","urlTemplate":"https:\/\/radioljubuski.ba\/?s={search_term_string}"},"query-input":{"@type":"PropertyValueSpecification","valueRequired":true,"valueName":"search_term_string"}}],"inLanguage":"hr"},{"@type":"Organization","@id":"https:\/\/radioljubuski.ba\/#organization","name":"Radio Ljubu\u0161ki","url":"https:\/\/radioljubuski.ba\/","logo":{"@type":"ImageObject","inLanguage":"hr","@id":"https:\/\/radioljubuski.ba\/#\/schema\/logo\/image\/","url":"https:\/\/radioljubuski.ba\/wp-content\/uploads\/2021\/02\/cropped-Radio_Ljubuski_logo1.jpg","contentUrl":"https:\/\/radioljubuski.ba\/wp-content\/uploads\/2021\/02\/cropped-Radio_Ljubuski_logo1.jpg","width":512,"height":512,"caption":"Radio Ljubu\u0161ki"},"image":{"@id":"https:\/\/radioljubuski.ba\/#\/schema\/logo\/image\/"},"sameAs":["https:\/\/www.facebook.com\/Radiio-Ljubuski-1490835324566332","https:\/\/x.com\/radioljubuski","https:\/\/hr.linkedin.com\/company\/radio-ljubuski","https:\/\/www.youtube.com\/channel\/UCHYaeO_n0Db3tjNGudGpXyw"]},{"@type":"Person","@id":"https:\/\/radioljubuski.ba\/#\/schema\/person\/19fc700381a780f69665d7956c469e3b","name":"Radio Ljubu\u0161ki"}]}},"_links":{"self":[{"href":"https:\/\/radioljubuski.ba\/index.php\/wp-json\/wp\/v2\/posts\/18370","targetHints":{"allow":["GET"]}}],"collection":[{"href":"https:\/\/radioljubuski.ba\/index.php\/wp-json\/wp\/v2\/posts"}],"about":[{"href":"https:\/\/radioljubuski.ba\/index.php\/wp-json\/wp\/v2\/types\/post"}],"author":[{"embeddable":true,"href":"https:\/\/radioljubuski.ba\/index.php\/wp-json\/wp\/v2\/users\/2"}],"replies":[{"embeddable":true,"href":"https:\/\/radioljubuski.ba\/index.php\/wp-json\/wp\/v2\/comments?post=18370"}],"version-history":[{"count":1,"href":"https:\/\/radioljubuski.ba\/index.php\/wp-json\/wp\/v2\/posts\/18370\/revisions"}],"predecessor-version":[{"id":18372,"href":"https:\/\/radioljubuski.ba\/index.php\/wp-json\/wp\/v2\/posts\/18370\/revisions\/18372"}],"wp:featuredmedia":[{"embeddable":true,"href":"https:\/\/radioljubuski.ba\/index.php\/wp-json\/wp\/v2\/media\/18371"}],"wp:attachment":[{"href":"https:\/\/radioljubuski.ba\/index.php\/wp-json\/wp\/v2\/media?parent=18370"}],"wp:term":[{"taxonomy":"category","embeddable":true,"href":"https:\/\/radioljubuski.ba\/index.php\/wp-json\/wp\/v2\/categories?post=18370"},{"taxonomy":"post_tag","embeddable":true,"href":"https:\/\/radioljubuski.ba\/index.php\/wp-json\/wp\/v2\/tags?post=18370"}],"curies":[{"name":"wp","href":"https:\/\/api.w.org\/{rel}","templated":true}]}}