{"id":183825,"date":"2022-09-25T14:56:06","date_gmt":"2022-09-25T13:56:06","guid":{"rendered":"https:\/\/radioljubuski.ba\/?p=183825"},"modified":"2022-09-25T14:56:06","modified_gmt":"2022-09-25T13:56:06","slug":"komsic-milanovic-nece-uredivati-stanje-u-bih","status":"publish","type":"post","link":"https:\/\/radioljubuski.ba\/index.php\/2022\/09\/25\/komsic-milanovic-nece-uredivati-stanje-u-bih\/","title":{"rendered":"Kom\u0161i\u0107: Milanovi\u0107 ne\u0107e ure\u0111ivati stanje u BiH"},"content":{"rendered":"\n<p><strong>\u010clan Predsjedni\u0161tva BiH \u017deljko Kom\u0161i\u0107 iskoristio je izbornu kampanju koja traje u njegovoj zemlji kako bi zao\u0161trio sukob s hrvatskim politi\u010darima koje optu\u017euje za mije\u0161anje u unutarnje poslove BiH.<\/strong><\/p>\n\n\n\n<p>Na predizbornom skupu u Olovu u sredi\u0161njoj Bosni Kom\u0161i\u0107 je kazao kako hrvatski predsjednik Milanovi\u0107 &#8220;dobacuje preko ograde&#8221; i poku\u0161ava utjecati na stanje u BiH \u0161to mu ne\u0107e biti dopu\u0161teno.<br><br>&#8211; Ju\u010der Plenkovi\u0107, danas Milanovi\u0107. Opet nam vire preko ograde, opet bi da ure\u0111uju po BiH, opet bi da upravljaju po BiH. Opet ho\u0107e poni\u017eavati, pogotovo Milanovi\u0107, pa pri\u010da. Pa hajde neka kroz Sarajevo pro\u0111e dvije tisu\u0107e Srba. \u0160to ne bi pro\u0161lo? U \u010demu je problem?, kazao je pred svojim simpatizerima Kom\u0161i\u0107 dodaju\u0107i kako Sarajevom mogu \u0161etati svi dobronamjerni ljudi no pitanje je mo\u017ee li ba\u0161 svatko pro\u0161etati bez problema Trgom bana Jela\u010di\u0107a u Zagrebu.<br><br>Kom\u0161i\u0107u je zasmetala Milanovi\u0107eva izjava od subote kojom je kritizirao oklijevanje visokog predstavnika&nbsp;<strong>Christiana Schmidta<\/strong>&nbsp;da nametne izmjene izbornog zakona BiH kojima bi se osiguralo legitimno predstavljanje konstitutivnih naroda u Domu naroda parlamenta Federacije BiH.<br><br>Milanovi\u0107 je Schmidta optu\u017eio da je ustuknuo pred prosvjedima koje su bo\u0161nja\u010dke i gra\u0111anske stranke organizirale pred njegovim uredom u Sarajevu potkraj srpnja.<br><br>&#8211; Hajde neka dvije tisu\u0107e Srba ili Hrvata iz Mostara do\u0111e u Sarajevo (prosvjedovati) pa da vidimo kako \u0107e pro\u0107i, kazao je Milanovi\u0107 usput predbaciv\u0161i hrvatskom premijeru<strong>&nbsp;Andreju Plenkovi\u0107u<\/strong>&nbsp;da se prekasno po\u010deo zalagati za prava Hrvata u BiH.<br><br>Kom\u0161i\u0107 poku\u0161ava dobiti \u010detvrti mandat u Predsjedni\u0161tvu BiH natje\u010du\u0107i se za \u010dlana iz reda hrvatskog naroda. U izbornoj kampanji obilazi gotovo isklju\u010divo op\u0107ine s bo\u0161nja\u010dkom ve\u0107inom a pri tom obe\u0107ava kako \u0107e se, pobijedi li protukandidatkinju iz HDZ-a&nbsp;<strong>Borjanu Kri\u0161to<\/strong>, dosljedno zalagati za preustroj BiH u gra\u0111ansku dr\u017eavu.<br><br>Iz Olova je poru\u010dio kako BiH nikada ne\u0107e u\u0107i u Europsku uniji &#8220;bude li onakva kakvom je zami\u0161ljaju HDZ i Schmidt&#8221;.<\/p>\n\n\n\n<p>Izvor:hrt.hr<\/p>\n","protected":false},"excerpt":{"rendered":"<p>\u010clan Predsjedni\u0161tva BiH \u017deljko Kom\u0161i\u0107 iskoristio je izbornu kampanju koja traje u njegovoj zemlji kako bi zao\u0161trio sukob s hrvatskim politi\u010darima koje optu\u017euje za mije\u0161anje u unutarnje poslove BiH. Na predizbornom skupu u Olovu u sredi\u0161njoj Bosni Kom\u0161i\u0107 je kazao kako hrvatski predsjednik Milanovi\u0107 &#8220;dobacuje preko ograde&#8221; i poku\u0161ava utjecati na stanje u BiH \u0161to [&hellip;]<\/p>\n","protected":false},"author":2,"featured_media":0,"comment_status":"closed","ping_status":"closed","sticky":false,"template":"","format":"standard","meta":{"h5ap_radio_sources":[],"footnotes":""},"categories":[1],"tags":[],"class_list":["post-183825","post","type-post","status-publish","format-standard","hentry","category-bihiregija"],"yoast_head":"<!-- This site is optimized with the Yoast SEO plugin v27.5 - https:\/\/yoast.com\/product\/yoast-seo-wordpress\/ -->\n<title>Kom\u0161i\u0107: Milanovi\u0107 ne\u0107e ure\u0111ivati stanje u BiH - RADIO LJUBU\u0160KI<\/title>\n<meta name=\"robots\" content=\"index, follow, max-snippet:-1, max-image-preview:large, max-video-preview:-1\" \/>\n<link rel=\"canonical\" href=\"https:\/\/radioljubuski.ba\/index.php\/2022\/09\/25\/komsic-milanovic-nece-uredivati-stanje-u-bih\/\" \/>\n<meta property=\"og:locale\" content=\"hr_HR\" \/>\n<meta property=\"og:type\" content=\"article\" \/>\n<meta property=\"og:title\" content=\"Kom\u0161i\u0107: Milanovi\u0107 ne\u0107e ure\u0111ivati stanje u BiH - RADIO LJUBU\u0160KI\" \/>\n<meta property=\"og:description\" content=\"\u010clan Predsjedni\u0161tva BiH \u017deljko Kom\u0161i\u0107 iskoristio je izbornu kampanju koja traje u njegovoj zemlji kako bi zao\u0161trio sukob s hrvatskim politi\u010darima koje optu\u017euje za mije\u0161anje u unutarnje poslove BiH. Na predizbornom skupu u Olovu u sredi\u0161njoj Bosni Kom\u0161i\u0107 je kazao kako hrvatski predsjednik Milanovi\u0107 &#8220;dobacuje preko ograde&#8221; i poku\u0161ava utjecati na stanje u BiH \u0161to [&hellip;]\" \/>\n<meta property=\"og:url\" content=\"https:\/\/radioljubuski.ba\/index.php\/2022\/09\/25\/komsic-milanovic-nece-uredivati-stanje-u-bih\/\" \/>\n<meta property=\"og:site_name\" content=\"RADIO LJUBU\u0160KI\" \/>\n<meta property=\"article:publisher\" content=\"https:\/\/www.facebook.com\/Radiio-Ljubuski-1490835324566332\" \/>\n<meta property=\"article:published_time\" content=\"2022-09-25T13:56:06+00:00\" \/>\n<meta property=\"og:image\" content=\"https:\/\/radioljubuski.ba\/wp-content\/uploads\/2022\/08\/komsic-df.jpg\" \/>\n\t<meta property=\"og:image:width\" content=\"800\" \/>\n\t<meta property=\"og:image:height\" content=\"550\" \/>\n\t<meta property=\"og:image:type\" content=\"image\/jpeg\" \/>\n<meta name=\"author\" content=\"Radio Ljubu\u0161ki\" \/>\n<meta name=\"twitter:card\" content=\"summary_large_image\" \/>\n<meta name=\"twitter:creator\" content=\"@radioljubuski\" \/>\n<meta name=\"twitter:site\" content=\"@radioljubuski\" \/>\n<meta name=\"twitter:label1\" content=\"Napisao\/la\" \/>\n\t<meta name=\"twitter:data1\" content=\"Radio Ljubu\u0161ki\" \/>\n\t<meta name=\"twitter:label2\" content=\"Procijenjeno vrijeme \u010ditanja\" \/>\n\t<meta name=\"twitter:data2\" content=\"2 minute\" \/>\n<script type=\"application\/ld+json\" class=\"yoast-schema-graph\">{\"@context\":\"https:\\\/\\\/schema.org\",\"@graph\":[{\"@type\":\"Article\",\"@id\":\"https:\\\/\\\/radioljubuski.ba\\\/index.php\\\/2022\\\/09\\\/25\\\/komsic-milanovic-nece-uredivati-stanje-u-bih\\\/#article\",\"isPartOf\":{\"@id\":\"https:\\\/\\\/radioljubuski.ba\\\/index.php\\\/2022\\\/09\\\/25\\\/komsic-milanovic-nece-uredivati-stanje-u-bih\\\/\"},\"author\":{\"name\":\"Radio Ljubu\u0161ki\",\"@id\":\"https:\\\/\\\/radioljubuski.ba\\\/#\\\/schema\\\/person\\\/19fc700381a780f69665d7956c469e3b\"},\"headline\":\"Kom\u0161i\u0107: Milanovi\u0107 ne\u0107e ure\u0111ivati stanje u BiH\",\"datePublished\":\"2022-09-25T13:56:06+00:00\",\"mainEntityOfPage\":{\"@id\":\"https:\\\/\\\/radioljubuski.ba\\\/index.php\\\/2022\\\/09\\\/25\\\/komsic-milanovic-nece-uredivati-stanje-u-bih\\\/\"},\"wordCount\":374,\"publisher\":{\"@id\":\"https:\\\/\\\/radioljubuski.ba\\\/#organization\"},\"articleSection\":[\"BIH i regija\"],\"inLanguage\":\"hr\"},{\"@type\":\"WebPage\",\"@id\":\"https:\\\/\\\/radioljubuski.ba\\\/index.php\\\/2022\\\/09\\\/25\\\/komsic-milanovic-nece-uredivati-stanje-u-bih\\\/\",\"url\":\"https:\\\/\\\/radioljubuski.ba\\\/index.php\\\/2022\\\/09\\\/25\\\/komsic-milanovic-nece-uredivati-stanje-u-bih\\\/\",\"name\":\"Kom\u0161i\u0107: Milanovi\u0107 ne\u0107e ure\u0111ivati stanje u BiH - RADIO LJUBU\u0160KI\",\"isPartOf\":{\"@id\":\"https:\\\/\\\/radioljubuski.ba\\\/#website\"},\"datePublished\":\"2022-09-25T13:56:06+00:00\",\"breadcrumb\":{\"@id\":\"https:\\\/\\\/radioljubuski.ba\\\/index.php\\\/2022\\\/09\\\/25\\\/komsic-milanovic-nece-uredivati-stanje-u-bih\\\/#breadcrumb\"},\"inLanguage\":\"hr\",\"potentialAction\":[{\"@type\":\"ReadAction\",\"target\":[\"https:\\\/\\\/radioljubuski.ba\\\/index.php\\\/2022\\\/09\\\/25\\\/komsic-milanovic-nece-uredivati-stanje-u-bih\\\/\"]}]},{\"@type\":\"BreadcrumbList\",\"@id\":\"https:\\\/\\\/radioljubuski.ba\\\/index.php\\\/2022\\\/09\\\/25\\\/komsic-milanovic-nece-uredivati-stanje-u-bih\\\/#breadcrumb\",\"itemListElement\":[{\"@type\":\"ListItem\",\"position\":1,\"name\":\"Po\u010detna stranica\",\"item\":\"https:\\\/\\\/radioljubuski.ba\\\/\"},{\"@type\":\"ListItem\",\"position\":2,\"name\":\"Kom\u0161i\u0107: Milanovi\u0107 ne\u0107e ure\u0111ivati stanje u BiH\"}]},{\"@type\":\"WebSite\",\"@id\":\"https:\\\/\\\/radioljubuski.ba\\\/#website\",\"url\":\"https:\\\/\\\/radioljubuski.ba\\\/\",\"name\":\"Radio Ljubu\u0161ki\",\"description\":\"Sun\u010dana frekvencija Hercegovine\",\"publisher\":{\"@id\":\"https:\\\/\\\/radioljubuski.ba\\\/#organization\"},\"potentialAction\":[{\"@type\":\"SearchAction\",\"target\":{\"@type\":\"EntryPoint\",\"urlTemplate\":\"https:\\\/\\\/radioljubuski.ba\\\/?s={search_term_string}\"},\"query-input\":{\"@type\":\"PropertyValueSpecification\",\"valueRequired\":true,\"valueName\":\"search_term_string\"}}],\"inLanguage\":\"hr\"},{\"@type\":\"Organization\",\"@id\":\"https:\\\/\\\/radioljubuski.ba\\\/#organization\",\"name\":\"Radio Ljubu\u0161ki\",\"url\":\"https:\\\/\\\/radioljubuski.ba\\\/\",\"logo\":{\"@type\":\"ImageObject\",\"inLanguage\":\"hr\",\"@id\":\"https:\\\/\\\/radioljubuski.ba\\\/#\\\/schema\\\/logo\\\/image\\\/\",\"url\":\"https:\\\/\\\/radioljubuski.ba\\\/wp-content\\\/uploads\\\/2021\\\/02\\\/cropped-Radio_Ljubuski_logo1.jpg\",\"contentUrl\":\"https:\\\/\\\/radioljubuski.ba\\\/wp-content\\\/uploads\\\/2021\\\/02\\\/cropped-Radio_Ljubuski_logo1.jpg\",\"width\":512,\"height\":512,\"caption\":\"Radio Ljubu\u0161ki\"},\"image\":{\"@id\":\"https:\\\/\\\/radioljubuski.ba\\\/#\\\/schema\\\/logo\\\/image\\\/\"},\"sameAs\":[\"https:\\\/\\\/www.facebook.com\\\/Radiio-Ljubuski-1490835324566332\",\"https:\\\/\\\/x.com\\\/radioljubuski\",\"https:\\\/\\\/hr.linkedin.com\\\/company\\\/radio-ljubuski\",\"https:\\\/\\\/www.youtube.com\\\/channel\\\/UCHYaeO_n0Db3tjNGudGpXyw\"]},{\"@type\":\"Person\",\"@id\":\"https:\\\/\\\/radioljubuski.ba\\\/#\\\/schema\\\/person\\\/19fc700381a780f69665d7956c469e3b\",\"name\":\"Radio Ljubu\u0161ki\"}]}<\/script>\n<!-- \/ Yoast SEO plugin. -->","yoast_head_json":{"title":"Kom\u0161i\u0107: Milanovi\u0107 ne\u0107e ure\u0111ivati stanje u BiH - RADIO LJUBU\u0160KI","robots":{"index":"index","follow":"follow","max-snippet":"max-snippet:-1","max-image-preview":"max-image-preview:large","max-video-preview":"max-video-preview:-1"},"canonical":"https:\/\/radioljubuski.ba\/index.php\/2022\/09\/25\/komsic-milanovic-nece-uredivati-stanje-u-bih\/","og_locale":"hr_HR","og_type":"article","og_title":"Kom\u0161i\u0107: Milanovi\u0107 ne\u0107e ure\u0111ivati stanje u BiH - RADIO LJUBU\u0160KI","og_description":"\u010clan Predsjedni\u0161tva BiH \u017deljko Kom\u0161i\u0107 iskoristio je izbornu kampanju koja traje u njegovoj zemlji kako bi zao\u0161trio sukob s hrvatskim politi\u010darima koje optu\u017euje za mije\u0161anje u unutarnje poslove BiH. Na predizbornom skupu u Olovu u sredi\u0161njoj Bosni Kom\u0161i\u0107 je kazao kako hrvatski predsjednik Milanovi\u0107 &#8220;dobacuje preko ograde&#8221; i poku\u0161ava utjecati na stanje u BiH \u0161to [&hellip;]","og_url":"https:\/\/radioljubuski.ba\/index.php\/2022\/09\/25\/komsic-milanovic-nece-uredivati-stanje-u-bih\/","og_site_name":"RADIO LJUBU\u0160KI","article_publisher":"https:\/\/www.facebook.com\/Radiio-Ljubuski-1490835324566332","article_published_time":"2022-09-25T13:56:06+00:00","og_image":[{"width":800,"height":550,"url":"https:\/\/radioljubuski.ba\/wp-content\/uploads\/2022\/08\/komsic-df.jpg","type":"image\/jpeg"}],"author":"Radio Ljubu\u0161ki","twitter_card":"summary_large_image","twitter_creator":"@radioljubuski","twitter_site":"@radioljubuski","twitter_misc":{"Napisao\/la":"Radio Ljubu\u0161ki","Procijenjeno vrijeme \u010ditanja":"2 minute"},"schema":{"@context":"https:\/\/schema.org","@graph":[{"@type":"Article","@id":"https:\/\/radioljubuski.ba\/index.php\/2022\/09\/25\/komsic-milanovic-nece-uredivati-stanje-u-bih\/#article","isPartOf":{"@id":"https:\/\/radioljubuski.ba\/index.php\/2022\/09\/25\/komsic-milanovic-nece-uredivati-stanje-u-bih\/"},"author":{"name":"Radio Ljubu\u0161ki","@id":"https:\/\/radioljubuski.ba\/#\/schema\/person\/19fc700381a780f69665d7956c469e3b"},"headline":"Kom\u0161i\u0107: Milanovi\u0107 ne\u0107e ure\u0111ivati stanje u BiH","datePublished":"2022-09-25T13:56:06+00:00","mainEntityOfPage":{"@id":"https:\/\/radioljubuski.ba\/index.php\/2022\/09\/25\/komsic-milanovic-nece-uredivati-stanje-u-bih\/"},"wordCount":374,"publisher":{"@id":"https:\/\/radioljubuski.ba\/#organization"},"articleSection":["BIH i regija"],"inLanguage":"hr"},{"@type":"WebPage","@id":"https:\/\/radioljubuski.ba\/index.php\/2022\/09\/25\/komsic-milanovic-nece-uredivati-stanje-u-bih\/","url":"https:\/\/radioljubuski.ba\/index.php\/2022\/09\/25\/komsic-milanovic-nece-uredivati-stanje-u-bih\/","name":"Kom\u0161i\u0107: Milanovi\u0107 ne\u0107e ure\u0111ivati stanje u BiH - RADIO LJUBU\u0160KI","isPartOf":{"@id":"https:\/\/radioljubuski.ba\/#website"},"datePublished":"2022-09-25T13:56:06+00:00","breadcrumb":{"@id":"https:\/\/radioljubuski.ba\/index.php\/2022\/09\/25\/komsic-milanovic-nece-uredivati-stanje-u-bih\/#breadcrumb"},"inLanguage":"hr","potentialAction":[{"@type":"ReadAction","target":["https:\/\/radioljubuski.ba\/index.php\/2022\/09\/25\/komsic-milanovic-nece-uredivati-stanje-u-bih\/"]}]},{"@type":"BreadcrumbList","@id":"https:\/\/radioljubuski.ba\/index.php\/2022\/09\/25\/komsic-milanovic-nece-uredivati-stanje-u-bih\/#breadcrumb","itemListElement":[{"@type":"ListItem","position":1,"name":"Po\u010detna stranica","item":"https:\/\/radioljubuski.ba\/"},{"@type":"ListItem","position":2,"name":"Kom\u0161i\u0107: Milanovi\u0107 ne\u0107e ure\u0111ivati stanje u BiH"}]},{"@type":"WebSite","@id":"https:\/\/radioljubuski.ba\/#website","url":"https:\/\/radioljubuski.ba\/","name":"Radio Ljubu\u0161ki","description":"Sun\u010dana frekvencija Hercegovine","publisher":{"@id":"https:\/\/radioljubuski.ba\/#organization"},"potentialAction":[{"@type":"SearchAction","target":{"@type":"EntryPoint","urlTemplate":"https:\/\/radioljubuski.ba\/?s={search_term_string}"},"query-input":{"@type":"PropertyValueSpecification","valueRequired":true,"valueName":"search_term_string"}}],"inLanguage":"hr"},{"@type":"Organization","@id":"https:\/\/radioljubuski.ba\/#organization","name":"Radio Ljubu\u0161ki","url":"https:\/\/radioljubuski.ba\/","logo":{"@type":"ImageObject","inLanguage":"hr","@id":"https:\/\/radioljubuski.ba\/#\/schema\/logo\/image\/","url":"https:\/\/radioljubuski.ba\/wp-content\/uploads\/2021\/02\/cropped-Radio_Ljubuski_logo1.jpg","contentUrl":"https:\/\/radioljubuski.ba\/wp-content\/uploads\/2021\/02\/cropped-Radio_Ljubuski_logo1.jpg","width":512,"height":512,"caption":"Radio Ljubu\u0161ki"},"image":{"@id":"https:\/\/radioljubuski.ba\/#\/schema\/logo\/image\/"},"sameAs":["https:\/\/www.facebook.com\/Radiio-Ljubuski-1490835324566332","https:\/\/x.com\/radioljubuski","https:\/\/hr.linkedin.com\/company\/radio-ljubuski","https:\/\/www.youtube.com\/channel\/UCHYaeO_n0Db3tjNGudGpXyw"]},{"@type":"Person","@id":"https:\/\/radioljubuski.ba\/#\/schema\/person\/19fc700381a780f69665d7956c469e3b","name":"Radio Ljubu\u0161ki"}]}},"_links":{"self":[{"href":"https:\/\/radioljubuski.ba\/index.php\/wp-json\/wp\/v2\/posts\/183825","targetHints":{"allow":["GET"]}}],"collection":[{"href":"https:\/\/radioljubuski.ba\/index.php\/wp-json\/wp\/v2\/posts"}],"about":[{"href":"https:\/\/radioljubuski.ba\/index.php\/wp-json\/wp\/v2\/types\/post"}],"author":[{"embeddable":true,"href":"https:\/\/radioljubuski.ba\/index.php\/wp-json\/wp\/v2\/users\/2"}],"replies":[{"embeddable":true,"href":"https:\/\/radioljubuski.ba\/index.php\/wp-json\/wp\/v2\/comments?post=183825"}],"version-history":[{"count":1,"href":"https:\/\/radioljubuski.ba\/index.php\/wp-json\/wp\/v2\/posts\/183825\/revisions"}],"predecessor-version":[{"id":183826,"href":"https:\/\/radioljubuski.ba\/index.php\/wp-json\/wp\/v2\/posts\/183825\/revisions\/183826"}],"wp:attachment":[{"href":"https:\/\/radioljubuski.ba\/index.php\/wp-json\/wp\/v2\/media?parent=183825"}],"wp:term":[{"taxonomy":"category","embeddable":true,"href":"https:\/\/radioljubuski.ba\/index.php\/wp-json\/wp\/v2\/categories?post=183825"},{"taxonomy":"post_tag","embeddable":true,"href":"https:\/\/radioljubuski.ba\/index.php\/wp-json\/wp\/v2\/tags?post=183825"}],"curies":[{"name":"wp","href":"https:\/\/api.w.org\/{rel}","templated":true}]}}