{"id":183892,"date":"2022-09-25T16:51:27","date_gmt":"2022-09-25T15:51:27","guid":{"rendered":"https:\/\/radioljubuski.ba\/?p=183892"},"modified":"2022-09-25T16:51:28","modified_gmt":"2022-09-25T15:51:28","slug":"euforicni-navijaci-prognoziraju-uvjerljivu-pobjedu-hrvatske","status":"publish","type":"post","link":"https:\/\/radioljubuski.ba\/index.php\/2022\/09\/25\/euforicni-navijaci-prognoziraju-uvjerljivu-pobjedu-hrvatske\/","title":{"rendered":"Eufori\u010dni navija\u010di prognoziraju uvjerljivu pobjedu Hrvatske"},"content":{"rendered":"\n<p><strong>U Be\u010du se poslije podneva zaorila hrvatska pjesma &#8211; navija\u010di su stigli na posljednju utakmicu u skupini Lige nacija koju hrvatska nogometna reprezentacija ve\u010deras igra protiv Austrije.<\/strong><\/p>\n\n\n\n<figure class=\"wp-block-embed is-type-wp-embed is-provider-radio-ljubuski wp-block-embed-radio-ljubuski\"><div class=\"wp-block-embed__wrapper\">\n<blockquote class=\"wp-embedded-content\" data-secret=\"jsCJZnINjD\"><a href=\"https:\/\/radioljubuski.ba\/index.php\/2022\/09\/25\/vatrene-ceka-domaca-atmosfera-a-do-final-foura-mozemo-i-s-porazom\/\">Vatrene \u010deka &#8216;doma\u0107a&#8217; atmosfera, a do Final Foura mo\u017eemo i s porazom<\/a><\/blockquote><iframe loading=\"lazy\" class=\"wp-embedded-content\" sandbox=\"allow-scripts\" security=\"restricted\" style=\"position: absolute; clip: rect(1px, 1px, 1px, 1px);\" title=\"&#8220;Vatrene \u010deka &#8216;doma\u0107a&#8217; atmosfera, a do Final Foura mo\u017eemo i s porazom&#8221; &#8212;   RADIO LJUBU\u0160KI\" src=\"https:\/\/radioljubuski.ba\/index.php\/2022\/09\/25\/vatrene-ceka-domaca-atmosfera-a-do-final-foura-mozemo-i-s-porazom\/embed\/#?secret=IT5JdHg0mv#?secret=jsCJZnINjD\" data-secret=\"jsCJZnINjD\" width=\"600\" height=\"338\" frameborder=\"0\" marginwidth=\"0\" marginheight=\"0\" scrolling=\"no\"><\/iframe>\n<\/div><\/figure>\n\n\n\n<figure class=\"wp-block-embed is-type-wp-embed is-provider-radio-ljubuski wp-block-embed-radio-ljubuski\"><div class=\"wp-block-embed__wrapper\">\n<blockquote class=\"wp-embedded-content\" data-secret=\"zEo7iWGwPK\"><a href=\"https:\/\/radioljubuski.ba\/index.php\/2022\/09\/25\/ludnica-u-becu-hrvatski-navijaci-preplavili-glavni-becki-trg\/\">Ludnica u Be\u010du: Hrvatski navija\u010di preplavili glavni be\u010dki trg<\/a><\/blockquote><iframe loading=\"lazy\" class=\"wp-embedded-content\" sandbox=\"allow-scripts\" security=\"restricted\" style=\"position: absolute; clip: rect(1px, 1px, 1px, 1px);\" title=\"&#8220;Ludnica u Be\u010du: Hrvatski navija\u010di preplavili glavni be\u010dki trg&#8221; &#8212;   RADIO LJUBU\u0160KI\" src=\"https:\/\/radioljubuski.ba\/index.php\/2022\/09\/25\/ludnica-u-becu-hrvatski-navijaci-preplavili-glavni-becki-trg\/embed\/#?secret=6tCdfT5dgo#?secret=zEo7iWGwPK\" data-secret=\"zEo7iWGwPK\" width=\"600\" height=\"338\" frameborder=\"0\" marginwidth=\"0\" marginheight=\"0\" scrolling=\"no\"><\/iframe>\n<\/div><\/figure>\n\n\n\n<p>Sude\u0107i prema onome \u0161to samo ondje snimili &#8211; Vatreni bi trebali imati brojnu i glasnu podr\u0161ku s tribina. Svi su sigurni u jedno &#8211; Hrvatska ve\u010deras pobje\u0111uje.<br><br>&#8211; Eto nadamo da \u0107emo pobijediti ve\u010deras i eto bit \u0107e veliko slavlje!, rekao je jedan navija\u010d, dok je drugi odu\u0161evljen atmosferom.<br><br>&#8211; Ovo je fenomenalno, stvarno posebno, ovo se ne mo\u017ee opisati, naje\u017ei\u0161 se za svaki trenutak.<br><br>Svi su uvjereni u pobjedu Vatrenih i slavlje od 3:0.<br><br>&#8211; Tko \u0107e zabit gol?\u00a0<strong>Modri\u0107<\/strong>,\u00a0<strong>Peri\u0161i\u0107\u00a0<\/strong>i\u00a0<strong>Sosa<\/strong>!<br><br>&#8211; Neopisivo, jako smo izbu\u0111eni, branimo svoj dres. Pobjeda je na\u0161a!<br><br>&#8211; Danas pobjeda 3:0 uz dva komada Modri\u0107 i jedan\u00a0<strong>Peri\u0161i\u0107a<\/strong>.<\/p>\n\n\n\n<div style=\"width: 640px;\" class=\"wp-video\"><video class=\"wp-video-shortcode\" id=\"video-183892-1\" width=\"640\" height=\"360\" preload=\"metadata\" controls=\"controls\"><source type=\"video\/mp4\" src=\"https:\/\/api.hrt.hr\/media\/73\/15\/navijaci-web2509-20220925151454.mp4?_=1\" \/><a href=\"https:\/\/api.hrt.hr\/media\/73\/15\/navijaci-web2509-20220925151454.mp4\">https:\/\/api.hrt.hr\/media\/73\/15\/navijaci-web2509-20220925151454.mp4<\/a><\/video><\/div>\n\n\n\n<p>Izvor:hrt.hr<\/p>\n","protected":false},"excerpt":{"rendered":"<p>U Be\u010du se poslije podneva zaorila hrvatska pjesma &#8211; navija\u010di su stigli na posljednju utakmicu u skupini Lige nacija koju hrvatska nogometna reprezentacija ve\u010deras igra protiv Austrije. Sude\u0107i prema onome \u0161to samo ondje snimili &#8211; Vatreni bi trebali imati brojnu i glasnu podr\u0161ku s tribina. Svi su sigurni u jedno &#8211; Hrvatska ve\u010deras pobje\u0111uje. &#8211; [&hellip;]<\/p>\n","protected":false},"author":2,"featured_media":0,"comment_status":"closed","ping_status":"closed","sticky":false,"template":"","format":"standard","meta":{"h5ap_radio_sources":[],"footnotes":""},"categories":[7],"tags":[],"class_list":["post-183892","post","type-post","status-publish","format-standard","hentry","category-sport"],"yoast_head":"<!-- This site is optimized with the Yoast SEO plugin v27.5 - https:\/\/yoast.com\/product\/yoast-seo-wordpress\/ -->\n<title>Eufori\u010dni navija\u010di prognoziraju uvjerljivu pobjedu Hrvatske - RADIO LJUBU\u0160KI<\/title>\n<meta name=\"robots\" content=\"index, follow, max-snippet:-1, max-image-preview:large, max-video-preview:-1\" \/>\n<link rel=\"canonical\" href=\"https:\/\/radioljubuski.ba\/index.php\/2022\/09\/25\/euforicni-navijaci-prognoziraju-uvjerljivu-pobjedu-hrvatske\/\" \/>\n<meta property=\"og:locale\" content=\"hr_HR\" \/>\n<meta property=\"og:type\" content=\"article\" \/>\n<meta property=\"og:title\" content=\"Eufori\u010dni navija\u010di prognoziraju uvjerljivu pobjedu Hrvatske - RADIO LJUBU\u0160KI\" \/>\n<meta property=\"og:description\" content=\"U Be\u010du se poslije podneva zaorila hrvatska pjesma &#8211; navija\u010di su stigli na posljednju utakmicu u skupini Lige nacija koju hrvatska nogometna reprezentacija ve\u010deras igra protiv Austrije. Sude\u0107i prema onome \u0161to samo ondje snimili &#8211; Vatreni bi trebali imati brojnu i glasnu podr\u0161ku s tribina. Svi su sigurni u jedno &#8211; Hrvatska ve\u010deras pobje\u0111uje. &#8211; [&hellip;]\" \/>\n<meta property=\"og:url\" content=\"https:\/\/radioljubuski.ba\/index.php\/2022\/09\/25\/euforicni-navijaci-prognoziraju-uvjerljivu-pobjedu-hrvatske\/\" \/>\n<meta property=\"og:site_name\" content=\"RADIO LJUBU\u0160KI\" \/>\n<meta property=\"article:publisher\" content=\"https:\/\/www.facebook.com\/Radiio-Ljubuski-1490835324566332\" \/>\n<meta property=\"article:published_time\" content=\"2022-09-25T15:51:27+00:00\" \/>\n<meta property=\"article:modified_time\" content=\"2022-09-25T15:51:28+00:00\" \/>\n<meta property=\"og:image\" content=\"https:\/\/radioljubuski.ba\/wp-content\/uploads\/2022\/09\/bec-navijaci-uoci-utakmice-mahmuljin-frame-9946-20220925151900.jpg\" \/>\n\t<meta property=\"og:image:width\" content=\"1920\" \/>\n\t<meta property=\"og:image:height\" content=\"1080\" \/>\n\t<meta property=\"og:image:type\" content=\"image\/jpeg\" \/>\n<meta name=\"author\" content=\"Radio Ljubu\u0161ki\" \/>\n<meta name=\"twitter:card\" content=\"summary_large_image\" \/>\n<meta name=\"twitter:creator\" content=\"@radioljubuski\" \/>\n<meta name=\"twitter:site\" content=\"@radioljubuski\" \/>\n<meta name=\"twitter:label1\" content=\"Napisao\/la\" \/>\n\t<meta name=\"twitter:data1\" content=\"Radio Ljubu\u0161ki\" \/>\n\t<meta name=\"twitter:label2\" content=\"Procijenjeno vrijeme \u010ditanja\" \/>\n\t<meta name=\"twitter:data2\" content=\"1 minuta\" \/>\n<script type=\"application\/ld+json\" class=\"yoast-schema-graph\">{\"@context\":\"https:\\\/\\\/schema.org\",\"@graph\":[{\"@type\":\"Article\",\"@id\":\"https:\\\/\\\/radioljubuski.ba\\\/index.php\\\/2022\\\/09\\\/25\\\/euforicni-navijaci-prognoziraju-uvjerljivu-pobjedu-hrvatske\\\/#article\",\"isPartOf\":{\"@id\":\"https:\\\/\\\/radioljubuski.ba\\\/index.php\\\/2022\\\/09\\\/25\\\/euforicni-navijaci-prognoziraju-uvjerljivu-pobjedu-hrvatske\\\/\"},\"author\":{\"name\":\"Radio Ljubu\u0161ki\",\"@id\":\"https:\\\/\\\/radioljubuski.ba\\\/#\\\/schema\\\/person\\\/19fc700381a780f69665d7956c469e3b\"},\"headline\":\"Eufori\u010dni navija\u010di prognoziraju uvjerljivu pobjedu Hrvatske\",\"datePublished\":\"2022-09-25T15:51:27+00:00\",\"dateModified\":\"2022-09-25T15:51:28+00:00\",\"mainEntityOfPage\":{\"@id\":\"https:\\\/\\\/radioljubuski.ba\\\/index.php\\\/2022\\\/09\\\/25\\\/euforicni-navijaci-prognoziraju-uvjerljivu-pobjedu-hrvatske\\\/\"},\"wordCount\":178,\"publisher\":{\"@id\":\"https:\\\/\\\/radioljubuski.ba\\\/#organization\"},\"articleSection\":[\"\u0160port\"],\"inLanguage\":\"hr\"},{\"@type\":\"WebPage\",\"@id\":\"https:\\\/\\\/radioljubuski.ba\\\/index.php\\\/2022\\\/09\\\/25\\\/euforicni-navijaci-prognoziraju-uvjerljivu-pobjedu-hrvatske\\\/\",\"url\":\"https:\\\/\\\/radioljubuski.ba\\\/index.php\\\/2022\\\/09\\\/25\\\/euforicni-navijaci-prognoziraju-uvjerljivu-pobjedu-hrvatske\\\/\",\"name\":\"Eufori\u010dni navija\u010di prognoziraju uvjerljivu pobjedu Hrvatske - RADIO LJUBU\u0160KI\",\"isPartOf\":{\"@id\":\"https:\\\/\\\/radioljubuski.ba\\\/#website\"},\"datePublished\":\"2022-09-25T15:51:27+00:00\",\"dateModified\":\"2022-09-25T15:51:28+00:00\",\"breadcrumb\":{\"@id\":\"https:\\\/\\\/radioljubuski.ba\\\/index.php\\\/2022\\\/09\\\/25\\\/euforicni-navijaci-prognoziraju-uvjerljivu-pobjedu-hrvatske\\\/#breadcrumb\"},\"inLanguage\":\"hr\",\"potentialAction\":[{\"@type\":\"ReadAction\",\"target\":[\"https:\\\/\\\/radioljubuski.ba\\\/index.php\\\/2022\\\/09\\\/25\\\/euforicni-navijaci-prognoziraju-uvjerljivu-pobjedu-hrvatske\\\/\"]}]},{\"@type\":\"BreadcrumbList\",\"@id\":\"https:\\\/\\\/radioljubuski.ba\\\/index.php\\\/2022\\\/09\\\/25\\\/euforicni-navijaci-prognoziraju-uvjerljivu-pobjedu-hrvatske\\\/#breadcrumb\",\"itemListElement\":[{\"@type\":\"ListItem\",\"position\":1,\"name\":\"Po\u010detna stranica\",\"item\":\"https:\\\/\\\/radioljubuski.ba\\\/\"},{\"@type\":\"ListItem\",\"position\":2,\"name\":\"Eufori\u010dni navija\u010di prognoziraju uvjerljivu pobjedu Hrvatske\"}]},{\"@type\":\"WebSite\",\"@id\":\"https:\\\/\\\/radioljubuski.ba\\\/#website\",\"url\":\"https:\\\/\\\/radioljubuski.ba\\\/\",\"name\":\"Radio Ljubu\u0161ki\",\"description\":\"Sun\u010dana frekvencija Hercegovine\",\"publisher\":{\"@id\":\"https:\\\/\\\/radioljubuski.ba\\\/#organization\"},\"potentialAction\":[{\"@type\":\"SearchAction\",\"target\":{\"@type\":\"EntryPoint\",\"urlTemplate\":\"https:\\\/\\\/radioljubuski.ba\\\/?s={search_term_string}\"},\"query-input\":{\"@type\":\"PropertyValueSpecification\",\"valueRequired\":true,\"valueName\":\"search_term_string\"}}],\"inLanguage\":\"hr\"},{\"@type\":\"Organization\",\"@id\":\"https:\\\/\\\/radioljubuski.ba\\\/#organization\",\"name\":\"Radio Ljubu\u0161ki\",\"url\":\"https:\\\/\\\/radioljubuski.ba\\\/\",\"logo\":{\"@type\":\"ImageObject\",\"inLanguage\":\"hr\",\"@id\":\"https:\\\/\\\/radioljubuski.ba\\\/#\\\/schema\\\/logo\\\/image\\\/\",\"url\":\"https:\\\/\\\/radioljubuski.ba\\\/wp-content\\\/uploads\\\/2021\\\/02\\\/cropped-Radio_Ljubuski_logo1.jpg\",\"contentUrl\":\"https:\\\/\\\/radioljubuski.ba\\\/wp-content\\\/uploads\\\/2021\\\/02\\\/cropped-Radio_Ljubuski_logo1.jpg\",\"width\":512,\"height\":512,\"caption\":\"Radio Ljubu\u0161ki\"},\"image\":{\"@id\":\"https:\\\/\\\/radioljubuski.ba\\\/#\\\/schema\\\/logo\\\/image\\\/\"},\"sameAs\":[\"https:\\\/\\\/www.facebook.com\\\/Radiio-Ljubuski-1490835324566332\",\"https:\\\/\\\/x.com\\\/radioljubuski\",\"https:\\\/\\\/hr.linkedin.com\\\/company\\\/radio-ljubuski\",\"https:\\\/\\\/www.youtube.com\\\/channel\\\/UCHYaeO_n0Db3tjNGudGpXyw\"]},{\"@type\":\"Person\",\"@id\":\"https:\\\/\\\/radioljubuski.ba\\\/#\\\/schema\\\/person\\\/19fc700381a780f69665d7956c469e3b\",\"name\":\"Radio Ljubu\u0161ki\"}]}<\/script>\n<!-- \/ Yoast SEO plugin. -->","yoast_head_json":{"title":"Eufori\u010dni navija\u010di prognoziraju uvjerljivu pobjedu Hrvatske - RADIO LJUBU\u0160KI","robots":{"index":"index","follow":"follow","max-snippet":"max-snippet:-1","max-image-preview":"max-image-preview:large","max-video-preview":"max-video-preview:-1"},"canonical":"https:\/\/radioljubuski.ba\/index.php\/2022\/09\/25\/euforicni-navijaci-prognoziraju-uvjerljivu-pobjedu-hrvatske\/","og_locale":"hr_HR","og_type":"article","og_title":"Eufori\u010dni navija\u010di prognoziraju uvjerljivu pobjedu Hrvatske - RADIO LJUBU\u0160KI","og_description":"U Be\u010du se poslije podneva zaorila hrvatska pjesma &#8211; navija\u010di su stigli na posljednju utakmicu u skupini Lige nacija koju hrvatska nogometna reprezentacija ve\u010deras igra protiv Austrije. Sude\u0107i prema onome \u0161to samo ondje snimili &#8211; Vatreni bi trebali imati brojnu i glasnu podr\u0161ku s tribina. Svi su sigurni u jedno &#8211; Hrvatska ve\u010deras pobje\u0111uje. &#8211; [&hellip;]","og_url":"https:\/\/radioljubuski.ba\/index.php\/2022\/09\/25\/euforicni-navijaci-prognoziraju-uvjerljivu-pobjedu-hrvatske\/","og_site_name":"RADIO LJUBU\u0160KI","article_publisher":"https:\/\/www.facebook.com\/Radiio-Ljubuski-1490835324566332","article_published_time":"2022-09-25T15:51:27+00:00","article_modified_time":"2022-09-25T15:51:28+00:00","og_image":[{"width":1920,"height":1080,"url":"https:\/\/radioljubuski.ba\/wp-content\/uploads\/2022\/09\/bec-navijaci-uoci-utakmice-mahmuljin-frame-9946-20220925151900.jpg","type":"image\/jpeg"}],"author":"Radio Ljubu\u0161ki","twitter_card":"summary_large_image","twitter_creator":"@radioljubuski","twitter_site":"@radioljubuski","twitter_misc":{"Napisao\/la":"Radio Ljubu\u0161ki","Procijenjeno vrijeme \u010ditanja":"1 minuta"},"schema":{"@context":"https:\/\/schema.org","@graph":[{"@type":"Article","@id":"https:\/\/radioljubuski.ba\/index.php\/2022\/09\/25\/euforicni-navijaci-prognoziraju-uvjerljivu-pobjedu-hrvatske\/#article","isPartOf":{"@id":"https:\/\/radioljubuski.ba\/index.php\/2022\/09\/25\/euforicni-navijaci-prognoziraju-uvjerljivu-pobjedu-hrvatske\/"},"author":{"name":"Radio Ljubu\u0161ki","@id":"https:\/\/radioljubuski.ba\/#\/schema\/person\/19fc700381a780f69665d7956c469e3b"},"headline":"Eufori\u010dni navija\u010di prognoziraju uvjerljivu pobjedu Hrvatske","datePublished":"2022-09-25T15:51:27+00:00","dateModified":"2022-09-25T15:51:28+00:00","mainEntityOfPage":{"@id":"https:\/\/radioljubuski.ba\/index.php\/2022\/09\/25\/euforicni-navijaci-prognoziraju-uvjerljivu-pobjedu-hrvatske\/"},"wordCount":178,"publisher":{"@id":"https:\/\/radioljubuski.ba\/#organization"},"articleSection":["\u0160port"],"inLanguage":"hr"},{"@type":"WebPage","@id":"https:\/\/radioljubuski.ba\/index.php\/2022\/09\/25\/euforicni-navijaci-prognoziraju-uvjerljivu-pobjedu-hrvatske\/","url":"https:\/\/radioljubuski.ba\/index.php\/2022\/09\/25\/euforicni-navijaci-prognoziraju-uvjerljivu-pobjedu-hrvatske\/","name":"Eufori\u010dni navija\u010di prognoziraju uvjerljivu pobjedu Hrvatske - RADIO LJUBU\u0160KI","isPartOf":{"@id":"https:\/\/radioljubuski.ba\/#website"},"datePublished":"2022-09-25T15:51:27+00:00","dateModified":"2022-09-25T15:51:28+00:00","breadcrumb":{"@id":"https:\/\/radioljubuski.ba\/index.php\/2022\/09\/25\/euforicni-navijaci-prognoziraju-uvjerljivu-pobjedu-hrvatske\/#breadcrumb"},"inLanguage":"hr","potentialAction":[{"@type":"ReadAction","target":["https:\/\/radioljubuski.ba\/index.php\/2022\/09\/25\/euforicni-navijaci-prognoziraju-uvjerljivu-pobjedu-hrvatske\/"]}]},{"@type":"BreadcrumbList","@id":"https:\/\/radioljubuski.ba\/index.php\/2022\/09\/25\/euforicni-navijaci-prognoziraju-uvjerljivu-pobjedu-hrvatske\/#breadcrumb","itemListElement":[{"@type":"ListItem","position":1,"name":"Po\u010detna stranica","item":"https:\/\/radioljubuski.ba\/"},{"@type":"ListItem","position":2,"name":"Eufori\u010dni navija\u010di prognoziraju uvjerljivu pobjedu Hrvatske"}]},{"@type":"WebSite","@id":"https:\/\/radioljubuski.ba\/#website","url":"https:\/\/radioljubuski.ba\/","name":"Radio Ljubu\u0161ki","description":"Sun\u010dana frekvencija Hercegovine","publisher":{"@id":"https:\/\/radioljubuski.ba\/#organization"},"potentialAction":[{"@type":"SearchAction","target":{"@type":"EntryPoint","urlTemplate":"https:\/\/radioljubuski.ba\/?s={search_term_string}"},"query-input":{"@type":"PropertyValueSpecification","valueRequired":true,"valueName":"search_term_string"}}],"inLanguage":"hr"},{"@type":"Organization","@id":"https:\/\/radioljubuski.ba\/#organization","name":"Radio Ljubu\u0161ki","url":"https:\/\/radioljubuski.ba\/","logo":{"@type":"ImageObject","inLanguage":"hr","@id":"https:\/\/radioljubuski.ba\/#\/schema\/logo\/image\/","url":"https:\/\/radioljubuski.ba\/wp-content\/uploads\/2021\/02\/cropped-Radio_Ljubuski_logo1.jpg","contentUrl":"https:\/\/radioljubuski.ba\/wp-content\/uploads\/2021\/02\/cropped-Radio_Ljubuski_logo1.jpg","width":512,"height":512,"caption":"Radio Ljubu\u0161ki"},"image":{"@id":"https:\/\/radioljubuski.ba\/#\/schema\/logo\/image\/"},"sameAs":["https:\/\/www.facebook.com\/Radiio-Ljubuski-1490835324566332","https:\/\/x.com\/radioljubuski","https:\/\/hr.linkedin.com\/company\/radio-ljubuski","https:\/\/www.youtube.com\/channel\/UCHYaeO_n0Db3tjNGudGpXyw"]},{"@type":"Person","@id":"https:\/\/radioljubuski.ba\/#\/schema\/person\/19fc700381a780f69665d7956c469e3b","name":"Radio Ljubu\u0161ki"}]}},"_links":{"self":[{"href":"https:\/\/radioljubuski.ba\/index.php\/wp-json\/wp\/v2\/posts\/183892","targetHints":{"allow":["GET"]}}],"collection":[{"href":"https:\/\/radioljubuski.ba\/index.php\/wp-json\/wp\/v2\/posts"}],"about":[{"href":"https:\/\/radioljubuski.ba\/index.php\/wp-json\/wp\/v2\/types\/post"}],"author":[{"embeddable":true,"href":"https:\/\/radioljubuski.ba\/index.php\/wp-json\/wp\/v2\/users\/2"}],"replies":[{"embeddable":true,"href":"https:\/\/radioljubuski.ba\/index.php\/wp-json\/wp\/v2\/comments?post=183892"}],"version-history":[{"count":1,"href":"https:\/\/radioljubuski.ba\/index.php\/wp-json\/wp\/v2\/posts\/183892\/revisions"}],"predecessor-version":[{"id":183894,"href":"https:\/\/radioljubuski.ba\/index.php\/wp-json\/wp\/v2\/posts\/183892\/revisions\/183894"}],"wp:attachment":[{"href":"https:\/\/radioljubuski.ba\/index.php\/wp-json\/wp\/v2\/media?parent=183892"}],"wp:term":[{"taxonomy":"category","embeddable":true,"href":"https:\/\/radioljubuski.ba\/index.php\/wp-json\/wp\/v2\/categories?post=183892"},{"taxonomy":"post_tag","embeddable":true,"href":"https:\/\/radioljubuski.ba\/index.php\/wp-json\/wp\/v2\/tags?post=183892"}],"curies":[{"name":"wp","href":"https:\/\/api.w.org\/{rel}","templated":true}]}}