{"id":1839,"date":"2021-03-07T21:58:25","date_gmt":"2021-03-07T20:58:25","guid":{"rendered":"https:\/\/radioljubuski.ba\/?p=1839"},"modified":"2021-03-07T21:58:26","modified_gmt":"2021-03-07T20:58:26","slug":"na-sastanku-s-liderima-sda-hdz-a-i-snsd-a-bilo-je-govora-o-ustavnim-i-izbornim-reformama-u-ovoj-godini","status":"publish","type":"post","link":"https:\/\/radioljubuski.ba\/index.php\/2021\/03\/07\/na-sastanku-s-liderima-sda-hdz-a-i-snsd-a-bilo-je-govora-o-ustavnim-i-izbornim-reformama-u-ovoj-godini\/","title":{"rendered":"Na sastanku s liderima SDA, HDZ-a i SNSD-a bilo je govora o ustavnim i izbornim reformama u ovoj godini"},"content":{"rendered":"\n<p><strong>Na upit portala \u201cAvaza\u201d, iz Izaslanstva EU u BiH su naveli da je pro\u0161lotjedni sastanak s liderima stranka iz koalicijske ve\u0107ine na dr\u017eavnoj razini , odr\u017ean u prostorijama Europske unije u BiH, a kojim su kopredsjedvali EU i Veleposlanstvo Sjedinjenih Ameri\u010dkih Dr\u017eava u BiH.<\/strong><\/p>\n\n\n\n<p>Dodali su da je bila prilika za razmjenu mi\u0161ljenja o borbi protiv pandemije COVID-19, naporima na ekonomskom oporavku zemlje, kao i o postizanju napretka na ispunjavanju 14 klju\u010dnih prioriteta iz Mi\u0161ljenja Europske komisije o zahtjevu BiH za \u010dlanstvo u EU.<\/p>\n\n\n\n<p>\u2013 Na sastanku je bilo govora i o ustavnim i izbornim reformama koje je mogu\u0107e posti\u0107i u ovoj godini u kojoj ne\u0107e biti odr\u017eani izbori. Dijalog o ovim reformama diljem politi\u010dkog spektra od su\u0161tinske je va\u017enosti kako bi se osigurala \u0161iroka podr\u0161ka i u kona\u010dnici usvajanje u Parlamentu BiH. Javne konzultacije s civilnim dru\u0161tvom su tako\u0111er klju\u010dne u svim zdravim demokracijama \u2013 naglasili su.<\/p>\n\n\n\n<p>Podsje\u0107amo, sastanak je odr\u017ean u \u010detvrtak. Nakon sastanka Izetbegovi\u0107 je rekao da je atmosfera na sastanku bila dobra te da se govorilo o starim temama.<\/p>\n\n\n\n<p>Istaknuo je da je bila prisutna \u017eelja svih aktera da se napravi bolja atmosfera u zemlji.<\/p>\n\n\n\n<p>\u2013 Stare teme su bile, dva veleposlanika \u2013 SAD i EU poku\u0161avaju nam pomo\u0107i da se napravi jedna bolja atmosfera i krene po bitnim pitanjima i reformama. Mi smo sva trojica inzistirali na cjepivima i pomo\u0107i u vezi migrantske krize. U\u0161lo se u neke detalje oko sastanka SDA i HDZ. Set starih pitanja, zadovoljan sam atmosferom i \u017eeljom svih aktera da se napravi bolja atmosfera u zemlji \u2013 dodao Izetbegovi\u0107.<\/p>\n\n\n\n<p>Naknadno u javnosti se pojavila informacija da se iza zatvorenih vrata zgrade Izaslanstva EU u Sarajevu izme\u0111u ostalog razgovaralo i o izmjenama Izbornog zakona BiH.<\/p>\n\n\n\n<p>\/HMS\/<\/p>\n","protected":false},"excerpt":{"rendered":"<p>Na upit portala \u201cAvaza\u201d, iz Izaslanstva EU u BiH su naveli da je pro\u0161lotjedni sastanak s liderima stranka iz koalicijske ve\u0107ine na dr\u017eavnoj razini , odr\u017ean u prostorijama Europske unije u BiH, a kojim su kopredsjedvali EU i Veleposlanstvo Sjedinjenih Ameri\u010dkih Dr\u017eava u BiH. Dodali su da je bila prilika za razmjenu mi\u0161ljenja o borbi [&hellip;]<\/p>\n","protected":false},"author":2,"featured_media":1840,"comment_status":"closed","ping_status":"closed","sticky":false,"template":"","format":"standard","meta":{"h5ap_radio_sources":[],"footnotes":""},"categories":[1],"tags":[],"class_list":["post-1839","post","type-post","status-publish","format-standard","has-post-thumbnail","hentry","category-bihiregija"],"yoast_head":"<!-- This site is optimized with the Yoast SEO plugin v27.5 - https:\/\/yoast.com\/product\/yoast-seo-wordpress\/ -->\n<title>Na sastanku s liderima SDA, HDZ-a i SNSD-a bilo je govora o ustavnim i izbornim reformama u ovoj godini - RADIO LJUBU\u0160KI<\/title>\n<meta name=\"robots\" content=\"index, follow, max-snippet:-1, max-image-preview:large, max-video-preview:-1\" \/>\n<link rel=\"canonical\" href=\"https:\/\/radioljubuski.ba\/index.php\/2021\/03\/07\/na-sastanku-s-liderima-sda-hdz-a-i-snsd-a-bilo-je-govora-o-ustavnim-i-izbornim-reformama-u-ovoj-godini\/\" \/>\n<meta property=\"og:locale\" content=\"hr_HR\" \/>\n<meta property=\"og:type\" content=\"article\" \/>\n<meta property=\"og:title\" content=\"Na sastanku s liderima SDA, HDZ-a i SNSD-a bilo je govora o ustavnim i izbornim reformama u ovoj godini - RADIO LJUBU\u0160KI\" \/>\n<meta property=\"og:description\" content=\"Na upit portala \u201cAvaza\u201d, iz Izaslanstva EU u BiH su naveli da je pro\u0161lotjedni sastanak s liderima stranka iz koalicijske ve\u0107ine na dr\u017eavnoj razini , odr\u017ean u prostorijama Europske unije u BiH, a kojim su kopredsjedvali EU i Veleposlanstvo Sjedinjenih Ameri\u010dkih Dr\u017eava u BiH. Dodali su da je bila prilika za razmjenu mi\u0161ljenja o borbi [&hellip;]\" \/>\n<meta property=\"og:url\" content=\"https:\/\/radioljubuski.ba\/index.php\/2021\/03\/07\/na-sastanku-s-liderima-sda-hdz-a-i-snsd-a-bilo-je-govora-o-ustavnim-i-izbornim-reformama-u-ovoj-godini\/\" \/>\n<meta property=\"og:site_name\" content=\"RADIO LJUBU\u0160KI\" \/>\n<meta property=\"article:publisher\" content=\"https:\/\/www.facebook.com\/Radiio-Ljubuski-1490835324566332\" \/>\n<meta property=\"article:published_time\" content=\"2021-03-07T20:58:25+00:00\" \/>\n<meta property=\"article:modified_time\" content=\"2021-03-07T20:58:26+00:00\" \/>\n<meta property=\"og:image\" content=\"https:\/\/radioljubuski.ba\/wp-content\/uploads\/2021\/03\/sattler1.jpg\" \/>\n\t<meta property=\"og:image:width\" content=\"1024\" \/>\n\t<meta property=\"og:image:height\" content=\"682\" \/>\n\t<meta property=\"og:image:type\" content=\"image\/jpeg\" \/>\n<meta name=\"author\" content=\"Radio Ljubu\u0161ki\" \/>\n<meta name=\"twitter:card\" content=\"summary_large_image\" \/>\n<meta name=\"twitter:creator\" content=\"@radioljubuski\" \/>\n<meta name=\"twitter:site\" content=\"@radioljubuski\" \/>\n<meta name=\"twitter:label1\" content=\"Napisao\/la\" \/>\n\t<meta name=\"twitter:data1\" content=\"Radio Ljubu\u0161ki\" \/>\n\t<meta name=\"twitter:label2\" content=\"Procijenjeno vrijeme \u010ditanja\" \/>\n\t<meta name=\"twitter:data2\" content=\"2 minute\" \/>\n<script type=\"application\/ld+json\" class=\"yoast-schema-graph\">{\"@context\":\"https:\\\/\\\/schema.org\",\"@graph\":[{\"@type\":\"Article\",\"@id\":\"https:\\\/\\\/radioljubuski.ba\\\/index.php\\\/2021\\\/03\\\/07\\\/na-sastanku-s-liderima-sda-hdz-a-i-snsd-a-bilo-je-govora-o-ustavnim-i-izbornim-reformama-u-ovoj-godini\\\/#article\",\"isPartOf\":{\"@id\":\"https:\\\/\\\/radioljubuski.ba\\\/index.php\\\/2021\\\/03\\\/07\\\/na-sastanku-s-liderima-sda-hdz-a-i-snsd-a-bilo-je-govora-o-ustavnim-i-izbornim-reformama-u-ovoj-godini\\\/\"},\"author\":{\"name\":\"Radio Ljubu\u0161ki\",\"@id\":\"https:\\\/\\\/radioljubuski.ba\\\/#\\\/schema\\\/person\\\/19fc700381a780f69665d7956c469e3b\"},\"headline\":\"Na sastanku s liderima SDA, HDZ-a i SNSD-a bilo je govora o ustavnim i izbornim reformama u ovoj godini\",\"datePublished\":\"2021-03-07T20:58:25+00:00\",\"dateModified\":\"2021-03-07T20:58:26+00:00\",\"mainEntityOfPage\":{\"@id\":\"https:\\\/\\\/radioljubuski.ba\\\/index.php\\\/2021\\\/03\\\/07\\\/na-sastanku-s-liderima-sda-hdz-a-i-snsd-a-bilo-je-govora-o-ustavnim-i-izbornim-reformama-u-ovoj-godini\\\/\"},\"wordCount\":325,\"publisher\":{\"@id\":\"https:\\\/\\\/radioljubuski.ba\\\/#organization\"},\"image\":{\"@id\":\"https:\\\/\\\/radioljubuski.ba\\\/index.php\\\/2021\\\/03\\\/07\\\/na-sastanku-s-liderima-sda-hdz-a-i-snsd-a-bilo-je-govora-o-ustavnim-i-izbornim-reformama-u-ovoj-godini\\\/#primaryimage\"},\"thumbnailUrl\":\"https:\\\/\\\/radioljubuski.ba\\\/wp-content\\\/uploads\\\/2021\\\/03\\\/sattler1.jpg\",\"articleSection\":[\"BIH i regija\"],\"inLanguage\":\"hr\"},{\"@type\":\"WebPage\",\"@id\":\"https:\\\/\\\/radioljubuski.ba\\\/index.php\\\/2021\\\/03\\\/07\\\/na-sastanku-s-liderima-sda-hdz-a-i-snsd-a-bilo-je-govora-o-ustavnim-i-izbornim-reformama-u-ovoj-godini\\\/\",\"url\":\"https:\\\/\\\/radioljubuski.ba\\\/index.php\\\/2021\\\/03\\\/07\\\/na-sastanku-s-liderima-sda-hdz-a-i-snsd-a-bilo-je-govora-o-ustavnim-i-izbornim-reformama-u-ovoj-godini\\\/\",\"name\":\"Na sastanku s liderima SDA, HDZ-a i SNSD-a bilo je govora o ustavnim i izbornim reformama u ovoj godini - RADIO LJUBU\u0160KI\",\"isPartOf\":{\"@id\":\"https:\\\/\\\/radioljubuski.ba\\\/#website\"},\"primaryImageOfPage\":{\"@id\":\"https:\\\/\\\/radioljubuski.ba\\\/index.php\\\/2021\\\/03\\\/07\\\/na-sastanku-s-liderima-sda-hdz-a-i-snsd-a-bilo-je-govora-o-ustavnim-i-izbornim-reformama-u-ovoj-godini\\\/#primaryimage\"},\"image\":{\"@id\":\"https:\\\/\\\/radioljubuski.ba\\\/index.php\\\/2021\\\/03\\\/07\\\/na-sastanku-s-liderima-sda-hdz-a-i-snsd-a-bilo-je-govora-o-ustavnim-i-izbornim-reformama-u-ovoj-godini\\\/#primaryimage\"},\"thumbnailUrl\":\"https:\\\/\\\/radioljubuski.ba\\\/wp-content\\\/uploads\\\/2021\\\/03\\\/sattler1.jpg\",\"datePublished\":\"2021-03-07T20:58:25+00:00\",\"dateModified\":\"2021-03-07T20:58:26+00:00\",\"breadcrumb\":{\"@id\":\"https:\\\/\\\/radioljubuski.ba\\\/index.php\\\/2021\\\/03\\\/07\\\/na-sastanku-s-liderima-sda-hdz-a-i-snsd-a-bilo-je-govora-o-ustavnim-i-izbornim-reformama-u-ovoj-godini\\\/#breadcrumb\"},\"inLanguage\":\"hr\",\"potentialAction\":[{\"@type\":\"ReadAction\",\"target\":[\"https:\\\/\\\/radioljubuski.ba\\\/index.php\\\/2021\\\/03\\\/07\\\/na-sastanku-s-liderima-sda-hdz-a-i-snsd-a-bilo-je-govora-o-ustavnim-i-izbornim-reformama-u-ovoj-godini\\\/\"]}]},{\"@type\":\"ImageObject\",\"inLanguage\":\"hr\",\"@id\":\"https:\\\/\\\/radioljubuski.ba\\\/index.php\\\/2021\\\/03\\\/07\\\/na-sastanku-s-liderima-sda-hdz-a-i-snsd-a-bilo-je-govora-o-ustavnim-i-izbornim-reformama-u-ovoj-godini\\\/#primaryimage\",\"url\":\"https:\\\/\\\/radioljubuski.ba\\\/wp-content\\\/uploads\\\/2021\\\/03\\\/sattler1.jpg\",\"contentUrl\":\"https:\\\/\\\/radioljubuski.ba\\\/wp-content\\\/uploads\\\/2021\\\/03\\\/sattler1.jpg\",\"width\":1024,\"height\":682},{\"@type\":\"BreadcrumbList\",\"@id\":\"https:\\\/\\\/radioljubuski.ba\\\/index.php\\\/2021\\\/03\\\/07\\\/na-sastanku-s-liderima-sda-hdz-a-i-snsd-a-bilo-je-govora-o-ustavnim-i-izbornim-reformama-u-ovoj-godini\\\/#breadcrumb\",\"itemListElement\":[{\"@type\":\"ListItem\",\"position\":1,\"name\":\"Po\u010detna stranica\",\"item\":\"https:\\\/\\\/radioljubuski.ba\\\/\"},{\"@type\":\"ListItem\",\"position\":2,\"name\":\"Na sastanku s liderima SDA, HDZ-a i SNSD-a bilo je govora o ustavnim i izbornim reformama u ovoj godini\"}]},{\"@type\":\"WebSite\",\"@id\":\"https:\\\/\\\/radioljubuski.ba\\\/#website\",\"url\":\"https:\\\/\\\/radioljubuski.ba\\\/\",\"name\":\"Radio Ljubu\u0161ki\",\"description\":\"Sun\u010dana frekvencija Hercegovine\",\"publisher\":{\"@id\":\"https:\\\/\\\/radioljubuski.ba\\\/#organization\"},\"potentialAction\":[{\"@type\":\"SearchAction\",\"target\":{\"@type\":\"EntryPoint\",\"urlTemplate\":\"https:\\\/\\\/radioljubuski.ba\\\/?s={search_term_string}\"},\"query-input\":{\"@type\":\"PropertyValueSpecification\",\"valueRequired\":true,\"valueName\":\"search_term_string\"}}],\"inLanguage\":\"hr\"},{\"@type\":\"Organization\",\"@id\":\"https:\\\/\\\/radioljubuski.ba\\\/#organization\",\"name\":\"Radio Ljubu\u0161ki\",\"url\":\"https:\\\/\\\/radioljubuski.ba\\\/\",\"logo\":{\"@type\":\"ImageObject\",\"inLanguage\":\"hr\",\"@id\":\"https:\\\/\\\/radioljubuski.ba\\\/#\\\/schema\\\/logo\\\/image\\\/\",\"url\":\"https:\\\/\\\/radioljubuski.ba\\\/wp-content\\\/uploads\\\/2021\\\/02\\\/cropped-Radio_Ljubuski_logo1.jpg\",\"contentUrl\":\"https:\\\/\\\/radioljubuski.ba\\\/wp-content\\\/uploads\\\/2021\\\/02\\\/cropped-Radio_Ljubuski_logo1.jpg\",\"width\":512,\"height\":512,\"caption\":\"Radio Ljubu\u0161ki\"},\"image\":{\"@id\":\"https:\\\/\\\/radioljubuski.ba\\\/#\\\/schema\\\/logo\\\/image\\\/\"},\"sameAs\":[\"https:\\\/\\\/www.facebook.com\\\/Radiio-Ljubuski-1490835324566332\",\"https:\\\/\\\/x.com\\\/radioljubuski\",\"https:\\\/\\\/hr.linkedin.com\\\/company\\\/radio-ljubuski\",\"https:\\\/\\\/www.youtube.com\\\/channel\\\/UCHYaeO_n0Db3tjNGudGpXyw\"]},{\"@type\":\"Person\",\"@id\":\"https:\\\/\\\/radioljubuski.ba\\\/#\\\/schema\\\/person\\\/19fc700381a780f69665d7956c469e3b\",\"name\":\"Radio Ljubu\u0161ki\"}]}<\/script>\n<!-- \/ Yoast SEO plugin. -->","yoast_head_json":{"title":"Na sastanku s liderima SDA, HDZ-a i SNSD-a bilo je govora o ustavnim i izbornim reformama u ovoj godini - RADIO LJUBU\u0160KI","robots":{"index":"index","follow":"follow","max-snippet":"max-snippet:-1","max-image-preview":"max-image-preview:large","max-video-preview":"max-video-preview:-1"},"canonical":"https:\/\/radioljubuski.ba\/index.php\/2021\/03\/07\/na-sastanku-s-liderima-sda-hdz-a-i-snsd-a-bilo-je-govora-o-ustavnim-i-izbornim-reformama-u-ovoj-godini\/","og_locale":"hr_HR","og_type":"article","og_title":"Na sastanku s liderima SDA, HDZ-a i SNSD-a bilo je govora o ustavnim i izbornim reformama u ovoj godini - RADIO LJUBU\u0160KI","og_description":"Na upit portala \u201cAvaza\u201d, iz Izaslanstva EU u BiH su naveli da je pro\u0161lotjedni sastanak s liderima stranka iz koalicijske ve\u0107ine na dr\u017eavnoj razini , odr\u017ean u prostorijama Europske unije u BiH, a kojim su kopredsjedvali EU i Veleposlanstvo Sjedinjenih Ameri\u010dkih Dr\u017eava u BiH. Dodali su da je bila prilika za razmjenu mi\u0161ljenja o borbi [&hellip;]","og_url":"https:\/\/radioljubuski.ba\/index.php\/2021\/03\/07\/na-sastanku-s-liderima-sda-hdz-a-i-snsd-a-bilo-je-govora-o-ustavnim-i-izbornim-reformama-u-ovoj-godini\/","og_site_name":"RADIO LJUBU\u0160KI","article_publisher":"https:\/\/www.facebook.com\/Radiio-Ljubuski-1490835324566332","article_published_time":"2021-03-07T20:58:25+00:00","article_modified_time":"2021-03-07T20:58:26+00:00","og_image":[{"width":1024,"height":682,"url":"https:\/\/radioljubuski.ba\/wp-content\/uploads\/2021\/03\/sattler1.jpg","type":"image\/jpeg"}],"author":"Radio Ljubu\u0161ki","twitter_card":"summary_large_image","twitter_creator":"@radioljubuski","twitter_site":"@radioljubuski","twitter_misc":{"Napisao\/la":"Radio Ljubu\u0161ki","Procijenjeno vrijeme \u010ditanja":"2 minute"},"schema":{"@context":"https:\/\/schema.org","@graph":[{"@type":"Article","@id":"https:\/\/radioljubuski.ba\/index.php\/2021\/03\/07\/na-sastanku-s-liderima-sda-hdz-a-i-snsd-a-bilo-je-govora-o-ustavnim-i-izbornim-reformama-u-ovoj-godini\/#article","isPartOf":{"@id":"https:\/\/radioljubuski.ba\/index.php\/2021\/03\/07\/na-sastanku-s-liderima-sda-hdz-a-i-snsd-a-bilo-je-govora-o-ustavnim-i-izbornim-reformama-u-ovoj-godini\/"},"author":{"name":"Radio Ljubu\u0161ki","@id":"https:\/\/radioljubuski.ba\/#\/schema\/person\/19fc700381a780f69665d7956c469e3b"},"headline":"Na sastanku s liderima SDA, HDZ-a i SNSD-a bilo je govora o ustavnim i izbornim reformama u ovoj godini","datePublished":"2021-03-07T20:58:25+00:00","dateModified":"2021-03-07T20:58:26+00:00","mainEntityOfPage":{"@id":"https:\/\/radioljubuski.ba\/index.php\/2021\/03\/07\/na-sastanku-s-liderima-sda-hdz-a-i-snsd-a-bilo-je-govora-o-ustavnim-i-izbornim-reformama-u-ovoj-godini\/"},"wordCount":325,"publisher":{"@id":"https:\/\/radioljubuski.ba\/#organization"},"image":{"@id":"https:\/\/radioljubuski.ba\/index.php\/2021\/03\/07\/na-sastanku-s-liderima-sda-hdz-a-i-snsd-a-bilo-je-govora-o-ustavnim-i-izbornim-reformama-u-ovoj-godini\/#primaryimage"},"thumbnailUrl":"https:\/\/radioljubuski.ba\/wp-content\/uploads\/2021\/03\/sattler1.jpg","articleSection":["BIH i regija"],"inLanguage":"hr"},{"@type":"WebPage","@id":"https:\/\/radioljubuski.ba\/index.php\/2021\/03\/07\/na-sastanku-s-liderima-sda-hdz-a-i-snsd-a-bilo-je-govora-o-ustavnim-i-izbornim-reformama-u-ovoj-godini\/","url":"https:\/\/radioljubuski.ba\/index.php\/2021\/03\/07\/na-sastanku-s-liderima-sda-hdz-a-i-snsd-a-bilo-je-govora-o-ustavnim-i-izbornim-reformama-u-ovoj-godini\/","name":"Na sastanku s liderima SDA, HDZ-a i SNSD-a bilo je govora o ustavnim i izbornim reformama u ovoj godini - RADIO LJUBU\u0160KI","isPartOf":{"@id":"https:\/\/radioljubuski.ba\/#website"},"primaryImageOfPage":{"@id":"https:\/\/radioljubuski.ba\/index.php\/2021\/03\/07\/na-sastanku-s-liderima-sda-hdz-a-i-snsd-a-bilo-je-govora-o-ustavnim-i-izbornim-reformama-u-ovoj-godini\/#primaryimage"},"image":{"@id":"https:\/\/radioljubuski.ba\/index.php\/2021\/03\/07\/na-sastanku-s-liderima-sda-hdz-a-i-snsd-a-bilo-je-govora-o-ustavnim-i-izbornim-reformama-u-ovoj-godini\/#primaryimage"},"thumbnailUrl":"https:\/\/radioljubuski.ba\/wp-content\/uploads\/2021\/03\/sattler1.jpg","datePublished":"2021-03-07T20:58:25+00:00","dateModified":"2021-03-07T20:58:26+00:00","breadcrumb":{"@id":"https:\/\/radioljubuski.ba\/index.php\/2021\/03\/07\/na-sastanku-s-liderima-sda-hdz-a-i-snsd-a-bilo-je-govora-o-ustavnim-i-izbornim-reformama-u-ovoj-godini\/#breadcrumb"},"inLanguage":"hr","potentialAction":[{"@type":"ReadAction","target":["https:\/\/radioljubuski.ba\/index.php\/2021\/03\/07\/na-sastanku-s-liderima-sda-hdz-a-i-snsd-a-bilo-je-govora-o-ustavnim-i-izbornim-reformama-u-ovoj-godini\/"]}]},{"@type":"ImageObject","inLanguage":"hr","@id":"https:\/\/radioljubuski.ba\/index.php\/2021\/03\/07\/na-sastanku-s-liderima-sda-hdz-a-i-snsd-a-bilo-je-govora-o-ustavnim-i-izbornim-reformama-u-ovoj-godini\/#primaryimage","url":"https:\/\/radioljubuski.ba\/wp-content\/uploads\/2021\/03\/sattler1.jpg","contentUrl":"https:\/\/radioljubuski.ba\/wp-content\/uploads\/2021\/03\/sattler1.jpg","width":1024,"height":682},{"@type":"BreadcrumbList","@id":"https:\/\/radioljubuski.ba\/index.php\/2021\/03\/07\/na-sastanku-s-liderima-sda-hdz-a-i-snsd-a-bilo-je-govora-o-ustavnim-i-izbornim-reformama-u-ovoj-godini\/#breadcrumb","itemListElement":[{"@type":"ListItem","position":1,"name":"Po\u010detna stranica","item":"https:\/\/radioljubuski.ba\/"},{"@type":"ListItem","position":2,"name":"Na sastanku s liderima SDA, HDZ-a i SNSD-a bilo je govora o ustavnim i izbornim reformama u ovoj godini"}]},{"@type":"WebSite","@id":"https:\/\/radioljubuski.ba\/#website","url":"https:\/\/radioljubuski.ba\/","name":"Radio Ljubu\u0161ki","description":"Sun\u010dana frekvencija Hercegovine","publisher":{"@id":"https:\/\/radioljubuski.ba\/#organization"},"potentialAction":[{"@type":"SearchAction","target":{"@type":"EntryPoint","urlTemplate":"https:\/\/radioljubuski.ba\/?s={search_term_string}"},"query-input":{"@type":"PropertyValueSpecification","valueRequired":true,"valueName":"search_term_string"}}],"inLanguage":"hr"},{"@type":"Organization","@id":"https:\/\/radioljubuski.ba\/#organization","name":"Radio Ljubu\u0161ki","url":"https:\/\/radioljubuski.ba\/","logo":{"@type":"ImageObject","inLanguage":"hr","@id":"https:\/\/radioljubuski.ba\/#\/schema\/logo\/image\/","url":"https:\/\/radioljubuski.ba\/wp-content\/uploads\/2021\/02\/cropped-Radio_Ljubuski_logo1.jpg","contentUrl":"https:\/\/radioljubuski.ba\/wp-content\/uploads\/2021\/02\/cropped-Radio_Ljubuski_logo1.jpg","width":512,"height":512,"caption":"Radio Ljubu\u0161ki"},"image":{"@id":"https:\/\/radioljubuski.ba\/#\/schema\/logo\/image\/"},"sameAs":["https:\/\/www.facebook.com\/Radiio-Ljubuski-1490835324566332","https:\/\/x.com\/radioljubuski","https:\/\/hr.linkedin.com\/company\/radio-ljubuski","https:\/\/www.youtube.com\/channel\/UCHYaeO_n0Db3tjNGudGpXyw"]},{"@type":"Person","@id":"https:\/\/radioljubuski.ba\/#\/schema\/person\/19fc700381a780f69665d7956c469e3b","name":"Radio Ljubu\u0161ki"}]}},"_links":{"self":[{"href":"https:\/\/radioljubuski.ba\/index.php\/wp-json\/wp\/v2\/posts\/1839","targetHints":{"allow":["GET"]}}],"collection":[{"href":"https:\/\/radioljubuski.ba\/index.php\/wp-json\/wp\/v2\/posts"}],"about":[{"href":"https:\/\/radioljubuski.ba\/index.php\/wp-json\/wp\/v2\/types\/post"}],"author":[{"embeddable":true,"href":"https:\/\/radioljubuski.ba\/index.php\/wp-json\/wp\/v2\/users\/2"}],"replies":[{"embeddable":true,"href":"https:\/\/radioljubuski.ba\/index.php\/wp-json\/wp\/v2\/comments?post=1839"}],"version-history":[{"count":1,"href":"https:\/\/radioljubuski.ba\/index.php\/wp-json\/wp\/v2\/posts\/1839\/revisions"}],"predecessor-version":[{"id":1841,"href":"https:\/\/radioljubuski.ba\/index.php\/wp-json\/wp\/v2\/posts\/1839\/revisions\/1841"}],"wp:featuredmedia":[{"embeddable":true,"href":"https:\/\/radioljubuski.ba\/index.php\/wp-json\/wp\/v2\/media\/1840"}],"wp:attachment":[{"href":"https:\/\/radioljubuski.ba\/index.php\/wp-json\/wp\/v2\/media?parent=1839"}],"wp:term":[{"taxonomy":"category","embeddable":true,"href":"https:\/\/radioljubuski.ba\/index.php\/wp-json\/wp\/v2\/categories?post=1839"},{"taxonomy":"post_tag","embeddable":true,"href":"https:\/\/radioljubuski.ba\/index.php\/wp-json\/wp\/v2\/tags?post=1839"}],"curies":[{"name":"wp","href":"https:\/\/api.w.org\/{rel}","templated":true}]}}