{"id":18398,"date":"2021-05-04T07:50:48","date_gmt":"2021-05-04T06:50:48","guid":{"rendered":"https:\/\/radioljubuski.ba\/?p=18398"},"modified":"2021-05-04T10:39:49","modified_gmt":"2021-05-04T09:39:49","slug":"optuzenik-za-ubojstvo-livanjskog-profesora-se-dva-puta-pokusao-ubiti-u-mostarskom-zatvoru","status":"publish","type":"post","link":"https:\/\/radioljubuski.ba\/index.php\/2021\/05\/04\/optuzenik-za-ubojstvo-livanjskog-profesora-se-dva-puta-pokusao-ubiti-u-mostarskom-zatvoru\/","title":{"rendered":"Optu\u017eenik za ubojstvo livanjskog profesora se dva puta poku\u0161ao ubiti u mostarskom zatvoru"},"content":{"rendered":"\n<p>Ajnur Nico (22) iz Kru\u0161\u010dice kod Viteza, pritvorenik &nbsp;Kaznenopopravnog zavoda (KPZ) Mostar, proteklog je tjedna spa\u0161en u posljednji \u010das, nakon \u0161to se poku\u0161ao objesiti u pritvorskoj \u0107eliji mostarskog zatvora, a u kojem se nalazi od prosinca pro\u0161le godine zbog ubojstva Stipe Perkovi\u0107a (66), profesora u mirovini, saznaje&nbsp;<a href=\"https:\/\/avaz.ba\/vijesti\/crna-hronika\/648679\/optuzen-za-ubistvo-livanjskog-profesora-ajnur-nico-dva-puta-skidan-s-vjesala-u-mostarskom-zatvoru\" target=\"_blank\" rel=\"noreferrer noopener\">\u201eAvaz\u201c<\/a>.<\/p>\n\n\n\n<p>Nakon reakcije njegovih cimera, ali i zatvorskih \u010duvara Nico je, zbog izuzetno lo\u0161eg psihi\u010dkog stanja, preba\u010den u bolnicu. Da stvar bude gora, jo\u0161 jednom su ga u izvr\u0161enju suicida sprije\u010dili njegovi cimeri, nakon \u010dega je jedno vrijeme proveo na Psihijatriji.<\/p>\n\n\n\n<p>Iz KPZ-a Mostar su o oba poku\u0161aja suicida obavijestili \u017dupanijski sud Livno, kako je to potvrdio i Nedim Begi\u0107, predsjednik Suda, a koji je po\u010detkom tjedna, kao sudac za prethodno saslu\u0161anje, potvrdio optu\u017enicu \u017dupanijskog tu\u017eiteljstva u Livnu, koja Nicu tereti za ubojstvo iz koristoljublja.<\/p>\n\n\n\n<p>Ubojstvo se dogodilo 17. prosinca lani oko 15.30 sati iza klaonice \u201eKaselj\u201c, uz rijeku Bistricu, gdje je prona\u0111eno Perkovi\u0107evo tijelo. Prema prethodnom dogovoru, dok je Nico prosio u tr\u017enom centru \u201eKonzum\u201c, on i Perkovi\u0107 su se profesorovim Mercedesom odvezli na to mjesto.<\/p>\n\n\n\n<p>&#8211; Dok su bili u vozilu, svjestan je bio da \u0107e o\u0161te\u0107enog Stipu Perkovi\u0107a usmrtiti, \u017eele\u0107i tako od njega uzeti novac i vozilo. Desnom rukom ga je obuhvatio oko vrata, a lijevom je povla\u010dio Perkovi\u0107evu desnu ruku kako bi ga \u0161to ja\u010de stisnuo, \u010dine\u0107i to sve dok o\u0161te\u0107eni nije prestao pru\u017eati otpor. Potom ga je i \u0161alom koji je o\u0161te\u0107eni imao oko vrata stezao te gatako usmrtio. Nakon toga je tijelo izvukao iz vozila te ga sakrio pored rijeke prekriv\u0161i ga travom &#8211; navedeno je, izme\u0111u ostalog, u optu\u017enici.<\/p>\n\n\n\n<p>Nico je od Perkovi\u0107a uzeo nov\u010danik u kojem je bilo 120 KM te se Mercedesom odvezao u Vitez.<\/p>\n\n\n\n<p>Begi\u0107 je potvrdio da je \u017dupanijsko&nbsp; tu\u017eiteljstvo zatra\u017eilo i produ\u017eenje pritvora zbog opasnosti od bijega, o \u010demu \u0107e odlu\u010diti Vanraspravno vije\u0107e \u017dupanijskog suda Livno.<\/p>\n\n\n\n<p>Prethodnom odlukom Ajnuru Nici pritvor je produ\u017een do 18. svibnja.<\/p>\n\n\n\n<p>Izvor: <a href=\"https:\/\/pogled.ba\/crna-kronika\/optuzenik-za-ubojstvo-livanjskog-profesora-se-dva-puta-pokusao-ubiti-u-mostarskom-zatvoru\/216001\">pogled.ba<\/a><\/p>\n","protected":false},"excerpt":{"rendered":"<p>Ajnur Nico (22) iz Kru\u0161\u010dice kod Viteza, pritvorenik &nbsp;Kaznenopopravnog zavoda (KPZ) Mostar, proteklog je tjedna spa\u0161en u posljednji \u010das, nakon \u0161to se poku\u0161ao objesiti u pritvorskoj \u0107eliji mostarskog zatvora, a u kojem se nalazi od prosinca pro\u0161le godine zbog ubojstva Stipe Perkovi\u0107a (66), profesora u mirovini, saznaje&nbsp;\u201eAvaz\u201c. Nakon reakcije njegovih cimera, ali i zatvorskih \u010duvara [&hellip;]<\/p>\n","protected":false},"author":2,"featured_media":0,"comment_status":"closed","ping_status":"closed","sticky":false,"template":"","format":"standard","meta":{"h5ap_radio_sources":[],"footnotes":""},"categories":[1],"tags":[],"class_list":["post-18398","post","type-post","status-publish","format-standard","hentry","category-bihiregija"],"yoast_head":"<!-- This site is optimized with the Yoast SEO plugin v27.5 - https:\/\/yoast.com\/product\/yoast-seo-wordpress\/ -->\n<title>Optu\u017eenik za ubojstvo livanjskog profesora se dva puta poku\u0161ao ubiti u mostarskom zatvoru - RADIO LJUBU\u0160KI<\/title>\n<meta name=\"robots\" content=\"index, follow, max-snippet:-1, max-image-preview:large, max-video-preview:-1\" \/>\n<link rel=\"canonical\" href=\"https:\/\/radioljubuski.ba\/index.php\/2021\/05\/04\/optuzenik-za-ubojstvo-livanjskog-profesora-se-dva-puta-pokusao-ubiti-u-mostarskom-zatvoru\/\" \/>\n<meta property=\"og:locale\" content=\"hr_HR\" \/>\n<meta property=\"og:type\" content=\"article\" \/>\n<meta property=\"og:title\" content=\"Optu\u017eenik za ubojstvo livanjskog profesora se dva puta poku\u0161ao ubiti u mostarskom zatvoru - RADIO LJUBU\u0160KI\" \/>\n<meta property=\"og:description\" content=\"Ajnur Nico (22) iz Kru\u0161\u010dice kod Viteza, pritvorenik &nbsp;Kaznenopopravnog zavoda (KPZ) Mostar, proteklog je tjedna spa\u0161en u posljednji \u010das, nakon \u0161to se poku\u0161ao objesiti u pritvorskoj \u0107eliji mostarskog zatvora, a u kojem se nalazi od prosinca pro\u0161le godine zbog ubojstva Stipe Perkovi\u0107a (66), profesora u mirovini, saznaje&nbsp;\u201eAvaz\u201c. Nakon reakcije njegovih cimera, ali i zatvorskih \u010duvara [&hellip;]\" \/>\n<meta property=\"og:url\" content=\"https:\/\/radioljubuski.ba\/index.php\/2021\/05\/04\/optuzenik-za-ubojstvo-livanjskog-profesora-se-dva-puta-pokusao-ubiti-u-mostarskom-zatvoru\/\" \/>\n<meta property=\"og:site_name\" content=\"RADIO LJUBU\u0160KI\" \/>\n<meta property=\"article:publisher\" content=\"https:\/\/www.facebook.com\/Radiio-Ljubuski-1490835324566332\" \/>\n<meta property=\"article:published_time\" content=\"2021-05-04T06:50:48+00:00\" \/>\n<meta property=\"article:modified_time\" content=\"2021-05-04T09:39:49+00:00\" \/>\n<meta property=\"og:image\" content=\"https:\/\/radioljubuski.ba\/wp-content\/uploads\/2021\/05\/2-2021-05-04-08-42-19-livno-ubojstvo.jpg\" \/>\n\t<meta property=\"og:image:width\" content=\"1000\" \/>\n\t<meta property=\"og:image:height\" content=\"625\" \/>\n\t<meta property=\"og:image:type\" content=\"image\/jpeg\" \/>\n<meta name=\"author\" content=\"Radio Ljubu\u0161ki\" \/>\n<meta name=\"twitter:card\" content=\"summary_large_image\" \/>\n<meta name=\"twitter:creator\" content=\"@radioljubuski\" \/>\n<meta name=\"twitter:site\" content=\"@radioljubuski\" \/>\n<meta name=\"twitter:label1\" content=\"Napisao\/la\" \/>\n\t<meta name=\"twitter:data1\" content=\"Radio Ljubu\u0161ki\" \/>\n\t<meta name=\"twitter:label2\" content=\"Procijenjeno vrijeme \u010ditanja\" \/>\n\t<meta name=\"twitter:data2\" content=\"2 minute\" \/>\n<script type=\"application\/ld+json\" class=\"yoast-schema-graph\">{\"@context\":\"https:\\\/\\\/schema.org\",\"@graph\":[{\"@type\":\"Article\",\"@id\":\"https:\\\/\\\/radioljubuski.ba\\\/index.php\\\/2021\\\/05\\\/04\\\/optuzenik-za-ubojstvo-livanjskog-profesora-se-dva-puta-pokusao-ubiti-u-mostarskom-zatvoru\\\/#article\",\"isPartOf\":{\"@id\":\"https:\\\/\\\/radioljubuski.ba\\\/index.php\\\/2021\\\/05\\\/04\\\/optuzenik-za-ubojstvo-livanjskog-profesora-se-dva-puta-pokusao-ubiti-u-mostarskom-zatvoru\\\/\"},\"author\":{\"name\":\"Radio Ljubu\u0161ki\",\"@id\":\"https:\\\/\\\/radioljubuski.ba\\\/#\\\/schema\\\/person\\\/19fc700381a780f69665d7956c469e3b\"},\"headline\":\"Optu\u017eenik za ubojstvo livanjskog profesora se dva puta poku\u0161ao ubiti u mostarskom zatvoru\",\"datePublished\":\"2021-05-04T06:50:48+00:00\",\"dateModified\":\"2021-05-04T09:39:49+00:00\",\"mainEntityOfPage\":{\"@id\":\"https:\\\/\\\/radioljubuski.ba\\\/index.php\\\/2021\\\/05\\\/04\\\/optuzenik-za-ubojstvo-livanjskog-profesora-se-dva-puta-pokusao-ubiti-u-mostarskom-zatvoru\\\/\"},\"wordCount\":372,\"publisher\":{\"@id\":\"https:\\\/\\\/radioljubuski.ba\\\/#organization\"},\"articleSection\":[\"BIH i regija\"],\"inLanguage\":\"hr\"},{\"@type\":\"WebPage\",\"@id\":\"https:\\\/\\\/radioljubuski.ba\\\/index.php\\\/2021\\\/05\\\/04\\\/optuzenik-za-ubojstvo-livanjskog-profesora-se-dva-puta-pokusao-ubiti-u-mostarskom-zatvoru\\\/\",\"url\":\"https:\\\/\\\/radioljubuski.ba\\\/index.php\\\/2021\\\/05\\\/04\\\/optuzenik-za-ubojstvo-livanjskog-profesora-se-dva-puta-pokusao-ubiti-u-mostarskom-zatvoru\\\/\",\"name\":\"Optu\u017eenik za ubojstvo livanjskog profesora se dva puta poku\u0161ao ubiti u mostarskom zatvoru - RADIO LJUBU\u0160KI\",\"isPartOf\":{\"@id\":\"https:\\\/\\\/radioljubuski.ba\\\/#website\"},\"datePublished\":\"2021-05-04T06:50:48+00:00\",\"dateModified\":\"2021-05-04T09:39:49+00:00\",\"breadcrumb\":{\"@id\":\"https:\\\/\\\/radioljubuski.ba\\\/index.php\\\/2021\\\/05\\\/04\\\/optuzenik-za-ubojstvo-livanjskog-profesora-se-dva-puta-pokusao-ubiti-u-mostarskom-zatvoru\\\/#breadcrumb\"},\"inLanguage\":\"hr\",\"potentialAction\":[{\"@type\":\"ReadAction\",\"target\":[\"https:\\\/\\\/radioljubuski.ba\\\/index.php\\\/2021\\\/05\\\/04\\\/optuzenik-za-ubojstvo-livanjskog-profesora-se-dva-puta-pokusao-ubiti-u-mostarskom-zatvoru\\\/\"]}]},{\"@type\":\"BreadcrumbList\",\"@id\":\"https:\\\/\\\/radioljubuski.ba\\\/index.php\\\/2021\\\/05\\\/04\\\/optuzenik-za-ubojstvo-livanjskog-profesora-se-dva-puta-pokusao-ubiti-u-mostarskom-zatvoru\\\/#breadcrumb\",\"itemListElement\":[{\"@type\":\"ListItem\",\"position\":1,\"name\":\"Po\u010detna stranica\",\"item\":\"https:\\\/\\\/radioljubuski.ba\\\/\"},{\"@type\":\"ListItem\",\"position\":2,\"name\":\"Optu\u017eenik za ubojstvo livanjskog profesora se dva puta poku\u0161ao ubiti u mostarskom zatvoru\"}]},{\"@type\":\"WebSite\",\"@id\":\"https:\\\/\\\/radioljubuski.ba\\\/#website\",\"url\":\"https:\\\/\\\/radioljubuski.ba\\\/\",\"name\":\"Radio Ljubu\u0161ki\",\"description\":\"Sun\u010dana frekvencija Hercegovine\",\"publisher\":{\"@id\":\"https:\\\/\\\/radioljubuski.ba\\\/#organization\"},\"potentialAction\":[{\"@type\":\"SearchAction\",\"target\":{\"@type\":\"EntryPoint\",\"urlTemplate\":\"https:\\\/\\\/radioljubuski.ba\\\/?s={search_term_string}\"},\"query-input\":{\"@type\":\"PropertyValueSpecification\",\"valueRequired\":true,\"valueName\":\"search_term_string\"}}],\"inLanguage\":\"hr\"},{\"@type\":\"Organization\",\"@id\":\"https:\\\/\\\/radioljubuski.ba\\\/#organization\",\"name\":\"Radio Ljubu\u0161ki\",\"url\":\"https:\\\/\\\/radioljubuski.ba\\\/\",\"logo\":{\"@type\":\"ImageObject\",\"inLanguage\":\"hr\",\"@id\":\"https:\\\/\\\/radioljubuski.ba\\\/#\\\/schema\\\/logo\\\/image\\\/\",\"url\":\"https:\\\/\\\/radioljubuski.ba\\\/wp-content\\\/uploads\\\/2021\\\/02\\\/cropped-Radio_Ljubuski_logo1.jpg\",\"contentUrl\":\"https:\\\/\\\/radioljubuski.ba\\\/wp-content\\\/uploads\\\/2021\\\/02\\\/cropped-Radio_Ljubuski_logo1.jpg\",\"width\":512,\"height\":512,\"caption\":\"Radio Ljubu\u0161ki\"},\"image\":{\"@id\":\"https:\\\/\\\/radioljubuski.ba\\\/#\\\/schema\\\/logo\\\/image\\\/\"},\"sameAs\":[\"https:\\\/\\\/www.facebook.com\\\/Radiio-Ljubuski-1490835324566332\",\"https:\\\/\\\/x.com\\\/radioljubuski\",\"https:\\\/\\\/hr.linkedin.com\\\/company\\\/radio-ljubuski\",\"https:\\\/\\\/www.youtube.com\\\/channel\\\/UCHYaeO_n0Db3tjNGudGpXyw\"]},{\"@type\":\"Person\",\"@id\":\"https:\\\/\\\/radioljubuski.ba\\\/#\\\/schema\\\/person\\\/19fc700381a780f69665d7956c469e3b\",\"name\":\"Radio Ljubu\u0161ki\"}]}<\/script>\n<!-- \/ Yoast SEO plugin. -->","yoast_head_json":{"title":"Optu\u017eenik za ubojstvo livanjskog profesora se dva puta poku\u0161ao ubiti u mostarskom zatvoru - RADIO LJUBU\u0160KI","robots":{"index":"index","follow":"follow","max-snippet":"max-snippet:-1","max-image-preview":"max-image-preview:large","max-video-preview":"max-video-preview:-1"},"canonical":"https:\/\/radioljubuski.ba\/index.php\/2021\/05\/04\/optuzenik-za-ubojstvo-livanjskog-profesora-se-dva-puta-pokusao-ubiti-u-mostarskom-zatvoru\/","og_locale":"hr_HR","og_type":"article","og_title":"Optu\u017eenik za ubojstvo livanjskog profesora se dva puta poku\u0161ao ubiti u mostarskom zatvoru - RADIO LJUBU\u0160KI","og_description":"Ajnur Nico (22) iz Kru\u0161\u010dice kod Viteza, pritvorenik &nbsp;Kaznenopopravnog zavoda (KPZ) Mostar, proteklog je tjedna spa\u0161en u posljednji \u010das, nakon \u0161to se poku\u0161ao objesiti u pritvorskoj \u0107eliji mostarskog zatvora, a u kojem se nalazi od prosinca pro\u0161le godine zbog ubojstva Stipe Perkovi\u0107a (66), profesora u mirovini, saznaje&nbsp;\u201eAvaz\u201c. Nakon reakcije njegovih cimera, ali i zatvorskih \u010duvara [&hellip;]","og_url":"https:\/\/radioljubuski.ba\/index.php\/2021\/05\/04\/optuzenik-za-ubojstvo-livanjskog-profesora-se-dva-puta-pokusao-ubiti-u-mostarskom-zatvoru\/","og_site_name":"RADIO LJUBU\u0160KI","article_publisher":"https:\/\/www.facebook.com\/Radiio-Ljubuski-1490835324566332","article_published_time":"2021-05-04T06:50:48+00:00","article_modified_time":"2021-05-04T09:39:49+00:00","og_image":[{"width":1000,"height":625,"url":"https:\/\/radioljubuski.ba\/wp-content\/uploads\/2021\/05\/2-2021-05-04-08-42-19-livno-ubojstvo.jpg","type":"image\/jpeg"}],"author":"Radio Ljubu\u0161ki","twitter_card":"summary_large_image","twitter_creator":"@radioljubuski","twitter_site":"@radioljubuski","twitter_misc":{"Napisao\/la":"Radio Ljubu\u0161ki","Procijenjeno vrijeme \u010ditanja":"2 minute"},"schema":{"@context":"https:\/\/schema.org","@graph":[{"@type":"Article","@id":"https:\/\/radioljubuski.ba\/index.php\/2021\/05\/04\/optuzenik-za-ubojstvo-livanjskog-profesora-se-dva-puta-pokusao-ubiti-u-mostarskom-zatvoru\/#article","isPartOf":{"@id":"https:\/\/radioljubuski.ba\/index.php\/2021\/05\/04\/optuzenik-za-ubojstvo-livanjskog-profesora-se-dva-puta-pokusao-ubiti-u-mostarskom-zatvoru\/"},"author":{"name":"Radio Ljubu\u0161ki","@id":"https:\/\/radioljubuski.ba\/#\/schema\/person\/19fc700381a780f69665d7956c469e3b"},"headline":"Optu\u017eenik za ubojstvo livanjskog profesora se dva puta poku\u0161ao ubiti u mostarskom zatvoru","datePublished":"2021-05-04T06:50:48+00:00","dateModified":"2021-05-04T09:39:49+00:00","mainEntityOfPage":{"@id":"https:\/\/radioljubuski.ba\/index.php\/2021\/05\/04\/optuzenik-za-ubojstvo-livanjskog-profesora-se-dva-puta-pokusao-ubiti-u-mostarskom-zatvoru\/"},"wordCount":372,"publisher":{"@id":"https:\/\/radioljubuski.ba\/#organization"},"articleSection":["BIH i regija"],"inLanguage":"hr"},{"@type":"WebPage","@id":"https:\/\/radioljubuski.ba\/index.php\/2021\/05\/04\/optuzenik-za-ubojstvo-livanjskog-profesora-se-dva-puta-pokusao-ubiti-u-mostarskom-zatvoru\/","url":"https:\/\/radioljubuski.ba\/index.php\/2021\/05\/04\/optuzenik-za-ubojstvo-livanjskog-profesora-se-dva-puta-pokusao-ubiti-u-mostarskom-zatvoru\/","name":"Optu\u017eenik za ubojstvo livanjskog profesora se dva puta poku\u0161ao ubiti u mostarskom zatvoru - RADIO LJUBU\u0160KI","isPartOf":{"@id":"https:\/\/radioljubuski.ba\/#website"},"datePublished":"2021-05-04T06:50:48+00:00","dateModified":"2021-05-04T09:39:49+00:00","breadcrumb":{"@id":"https:\/\/radioljubuski.ba\/index.php\/2021\/05\/04\/optuzenik-za-ubojstvo-livanjskog-profesora-se-dva-puta-pokusao-ubiti-u-mostarskom-zatvoru\/#breadcrumb"},"inLanguage":"hr","potentialAction":[{"@type":"ReadAction","target":["https:\/\/radioljubuski.ba\/index.php\/2021\/05\/04\/optuzenik-za-ubojstvo-livanjskog-profesora-se-dva-puta-pokusao-ubiti-u-mostarskom-zatvoru\/"]}]},{"@type":"BreadcrumbList","@id":"https:\/\/radioljubuski.ba\/index.php\/2021\/05\/04\/optuzenik-za-ubojstvo-livanjskog-profesora-se-dva-puta-pokusao-ubiti-u-mostarskom-zatvoru\/#breadcrumb","itemListElement":[{"@type":"ListItem","position":1,"name":"Po\u010detna stranica","item":"https:\/\/radioljubuski.ba\/"},{"@type":"ListItem","position":2,"name":"Optu\u017eenik za ubojstvo livanjskog profesora se dva puta poku\u0161ao ubiti u mostarskom zatvoru"}]},{"@type":"WebSite","@id":"https:\/\/radioljubuski.ba\/#website","url":"https:\/\/radioljubuski.ba\/","name":"Radio Ljubu\u0161ki","description":"Sun\u010dana frekvencija Hercegovine","publisher":{"@id":"https:\/\/radioljubuski.ba\/#organization"},"potentialAction":[{"@type":"SearchAction","target":{"@type":"EntryPoint","urlTemplate":"https:\/\/radioljubuski.ba\/?s={search_term_string}"},"query-input":{"@type":"PropertyValueSpecification","valueRequired":true,"valueName":"search_term_string"}}],"inLanguage":"hr"},{"@type":"Organization","@id":"https:\/\/radioljubuski.ba\/#organization","name":"Radio Ljubu\u0161ki","url":"https:\/\/radioljubuski.ba\/","logo":{"@type":"ImageObject","inLanguage":"hr","@id":"https:\/\/radioljubuski.ba\/#\/schema\/logo\/image\/","url":"https:\/\/radioljubuski.ba\/wp-content\/uploads\/2021\/02\/cropped-Radio_Ljubuski_logo1.jpg","contentUrl":"https:\/\/radioljubuski.ba\/wp-content\/uploads\/2021\/02\/cropped-Radio_Ljubuski_logo1.jpg","width":512,"height":512,"caption":"Radio Ljubu\u0161ki"},"image":{"@id":"https:\/\/radioljubuski.ba\/#\/schema\/logo\/image\/"},"sameAs":["https:\/\/www.facebook.com\/Radiio-Ljubuski-1490835324566332","https:\/\/x.com\/radioljubuski","https:\/\/hr.linkedin.com\/company\/radio-ljubuski","https:\/\/www.youtube.com\/channel\/UCHYaeO_n0Db3tjNGudGpXyw"]},{"@type":"Person","@id":"https:\/\/radioljubuski.ba\/#\/schema\/person\/19fc700381a780f69665d7956c469e3b","name":"Radio Ljubu\u0161ki"}]}},"_links":{"self":[{"href":"https:\/\/radioljubuski.ba\/index.php\/wp-json\/wp\/v2\/posts\/18398","targetHints":{"allow":["GET"]}}],"collection":[{"href":"https:\/\/radioljubuski.ba\/index.php\/wp-json\/wp\/v2\/posts"}],"about":[{"href":"https:\/\/radioljubuski.ba\/index.php\/wp-json\/wp\/v2\/types\/post"}],"author":[{"embeddable":true,"href":"https:\/\/radioljubuski.ba\/index.php\/wp-json\/wp\/v2\/users\/2"}],"replies":[{"embeddable":true,"href":"https:\/\/radioljubuski.ba\/index.php\/wp-json\/wp\/v2\/comments?post=18398"}],"version-history":[{"count":1,"href":"https:\/\/radioljubuski.ba\/index.php\/wp-json\/wp\/v2\/posts\/18398\/revisions"}],"predecessor-version":[{"id":18400,"href":"https:\/\/radioljubuski.ba\/index.php\/wp-json\/wp\/v2\/posts\/18398\/revisions\/18400"}],"wp:attachment":[{"href":"https:\/\/radioljubuski.ba\/index.php\/wp-json\/wp\/v2\/media?parent=18398"}],"wp:term":[{"taxonomy":"category","embeddable":true,"href":"https:\/\/radioljubuski.ba\/index.php\/wp-json\/wp\/v2\/categories?post=18398"},{"taxonomy":"post_tag","embeddable":true,"href":"https:\/\/radioljubuski.ba\/index.php\/wp-json\/wp\/v2\/tags?post=18398"}],"curies":[{"name":"wp","href":"https:\/\/api.w.org\/{rel}","templated":true}]}}