{"id":184076,"date":"2022-09-26T10:30:14","date_gmt":"2022-09-26T09:30:14","guid":{"rendered":"https:\/\/radioljubuski.ba\/?p=184076"},"modified":"2022-09-26T10:30:15","modified_gmt":"2022-09-26T09:30:15","slug":"magistrica-s-prosjekom-97-sedam-godina-trazi-posao-ispostavilo-se-da-je-najvaznije-kojoj-politickoj-stranci-pripadate","status":"publish","type":"post","link":"https:\/\/radioljubuski.ba\/index.php\/2022\/09\/26\/magistrica-s-prosjekom-97-sedam-godina-trazi-posao-ispostavilo-se-da-je-najvaznije-kojoj-politickoj-stranci-pripadate\/","title":{"rendered":"Magistrica s prosjekom 9,7 sedam godina tra\u017ei posao: Ispostavilo se da je najva\u017enije kojoj politi\u010dkoj stranci pripadate"},"content":{"rendered":"\n<p>Najvi\u0161e me boli nepravda i to \u0161to kao visokoobrazovana ne mogu dobiti pristojan posao u rodnom gradu<\/p>\n\n\n\n<p>Magistrica poljoprivrede Maja Mitrovi\u0107 (30) iz Bratunca sedam godina poku\u0161ava dobiti posao i raditi ono \u0161to najbolje zna i za \u0161to se \u0161kolovala, ali za nju su vrata svugdje zatvorena, prenosi Avaz.<\/p>\n\n\n\n<p>Dobre ocjene<\/p>\n\n\n\n<p>Ka\u017ee da je studij na Poljoprivrednom fakultetu u Isto\u010dnom Sarajevu zavr\u0161ila 2015. godine s prosjekom 9,7, a s istom ocjenom na istom fakultetu obranila je magistarski rad.<\/p>\n\n\n\n<p>Kako ka\u017ee, tijekom studija bila je stipendistica Fonda \u201eDr Milan Jeli\u0107\u201c, jedne od najzna\u010dajnijih stipendija u RS, a na master studijima primala je stipendiju Ministarstva prosvjete i kulture RS.<\/p>\n\n\n\n<p>Stipendije, dobar prosjek ocjena i razvoj poljoprivrede u bratuna\u010dkoj op\u0107ini, kako ka\u017ee, davali su joj nadu da \u0107e brzo obaviti i pripravni\u010dki sta\u017e, a nakon toga se i stalno zaposliti u svojoj struci.<\/p>\n\n\n\n<p>&#8211; Dvije godine nakon \u0161kolovanja u Srednjo\u0161kolskom centru Srebrenica dobila sam prvi posao, gdje sam radila na odjeljenju poljoprivrednih tehni\u010dara. Me\u0111utim, nakon zavr\u0161etka te \u0161kolske godine zbog nedostatka u\u010denika ostala sam bez posla &#8211; kazala nam je Mitrovi\u0107.<\/p>\n\n\n\n<p>Iako je Maja dobila preporuku dekana Poljoprivrednog fakulteta Isto\u010dno Sarajevo i zavr\u0161ila \u0161kolovanje s izuzetnim rezultatima, o\u010dekivala je da \u0107e to, ka\u017ee, nekom biti va\u017eno i da \u0107e dobiti posao u struci.<\/p>\n\n\n\n<p>Zanemareno znanje<\/p>\n\n\n\n<p>&#8211; Ispostavilo se da je najva\u017enije kojoj politi\u010dkoj stranci pripadate, a da su znanje i obrazovanje totalno zanemareni i neprihvatljivi. Nakon \u0161kolovanja radila sam razne poslove. Najvi\u0161e me boli nepravda i to \u0161to kao visokoobrazovana ne mogu dobiti pristojan posao u rodnom gradu i \u0161to mladi moraju napu\u0161tati Bosnu i Hercegovinu &#8211; s razo\u010darenjem je rekla Mitrovi\u0107.<\/p>\n\n\n\n<p>Izvor:pogled.ba<\/p>\n","protected":false},"excerpt":{"rendered":"<p>Najvi\u0161e me boli nepravda i to \u0161to kao visokoobrazovana ne mogu dobiti pristojan posao u rodnom gradu Magistrica poljoprivrede Maja Mitrovi\u0107 (30) iz Bratunca sedam godina poku\u0161ava dobiti posao i raditi ono \u0161to najbolje zna i za \u0161to se \u0161kolovala, ali za nju su vrata svugdje zatvorena, prenosi Avaz. Dobre ocjene Ka\u017ee da je studij [&hellip;]<\/p>\n","protected":false},"author":2,"featured_media":184077,"comment_status":"closed","ping_status":"closed","sticky":false,"template":"","format":"standard","meta":{"h5ap_radio_sources":[],"footnotes":""},"categories":[1],"tags":[],"class_list":["post-184076","post","type-post","status-publish","format-standard","has-post-thumbnail","hentry","category-bihiregija"],"yoast_head":"<!-- This site is optimized with the Yoast SEO plugin v27.4 - https:\/\/yoast.com\/product\/yoast-seo-wordpress\/ -->\n<title>Magistrica s prosjekom 9,7 sedam godina tra\u017ei posao: Ispostavilo se da je najva\u017enije kojoj politi\u010dkoj stranci pripadate - RADIO LJUBU\u0160KI<\/title>\n<meta name=\"robots\" content=\"index, follow, max-snippet:-1, max-image-preview:large, max-video-preview:-1\" \/>\n<link rel=\"canonical\" href=\"https:\/\/radioljubuski.ba\/index.php\/2022\/09\/26\/magistrica-s-prosjekom-97-sedam-godina-trazi-posao-ispostavilo-se-da-je-najvaznije-kojoj-politickoj-stranci-pripadate\/\" \/>\n<meta property=\"og:locale\" content=\"hr_HR\" \/>\n<meta property=\"og:type\" content=\"article\" \/>\n<meta property=\"og:title\" content=\"Magistrica s prosjekom 9,7 sedam godina tra\u017ei posao: Ispostavilo se da je najva\u017enije kojoj politi\u010dkoj stranci pripadate - RADIO LJUBU\u0160KI\" \/>\n<meta property=\"og:description\" content=\"Najvi\u0161e me boli nepravda i to \u0161to kao visokoobrazovana ne mogu dobiti pristojan posao u rodnom gradu Magistrica poljoprivrede Maja Mitrovi\u0107 (30) iz Bratunca sedam godina poku\u0161ava dobiti posao i raditi ono \u0161to najbolje zna i za \u0161to se \u0161kolovala, ali za nju su vrata svugdje zatvorena, prenosi Avaz. Dobre ocjene Ka\u017ee da je studij [&hellip;]\" \/>\n<meta property=\"og:url\" content=\"https:\/\/radioljubuski.ba\/index.php\/2022\/09\/26\/magistrica-s-prosjekom-97-sedam-godina-trazi-posao-ispostavilo-se-da-je-najvaznije-kojoj-politickoj-stranci-pripadate\/\" \/>\n<meta property=\"og:site_name\" content=\"RADIO LJUBU\u0160KI\" \/>\n<meta property=\"article:publisher\" content=\"https:\/\/www.facebook.com\/Radiio-Ljubuski-1490835324566332\" \/>\n<meta property=\"article:published_time\" content=\"2022-09-26T09:30:14+00:00\" \/>\n<meta property=\"article:modified_time\" content=\"2022-09-26T09:30:15+00:00\" \/>\n<meta property=\"og:image\" content=\"https:\/\/radioljubuski.ba\/wp-content\/uploads\/2022\/09\/10-2022-09-25-19-27-05-Snimka-zaslona-2022-09-25-192656.jpg\" \/>\n\t<meta property=\"og:image:width\" content=\"1000\" \/>\n\t<meta property=\"og:image:height\" content=\"625\" \/>\n\t<meta property=\"og:image:type\" content=\"image\/jpeg\" \/>\n<meta name=\"author\" content=\"Radio Ljubu\u0161ki\" \/>\n<meta name=\"twitter:card\" content=\"summary_large_image\" \/>\n<meta name=\"twitter:creator\" content=\"@radioljubuski\" \/>\n<meta name=\"twitter:site\" content=\"@radioljubuski\" \/>\n<meta name=\"twitter:label1\" content=\"Napisao\/la\" \/>\n\t<meta name=\"twitter:data1\" content=\"Radio Ljubu\u0161ki\" \/>\n\t<meta name=\"twitter:label2\" content=\"Procijenjeno vrijeme \u010ditanja\" \/>\n\t<meta name=\"twitter:data2\" content=\"2 minute\" \/>\n<script type=\"application\/ld+json\" class=\"yoast-schema-graph\">{\"@context\":\"https:\\\/\\\/schema.org\",\"@graph\":[{\"@type\":\"Article\",\"@id\":\"https:\\\/\\\/radioljubuski.ba\\\/index.php\\\/2022\\\/09\\\/26\\\/magistrica-s-prosjekom-97-sedam-godina-trazi-posao-ispostavilo-se-da-je-najvaznije-kojoj-politickoj-stranci-pripadate\\\/#article\",\"isPartOf\":{\"@id\":\"https:\\\/\\\/radioljubuski.ba\\\/index.php\\\/2022\\\/09\\\/26\\\/magistrica-s-prosjekom-97-sedam-godina-trazi-posao-ispostavilo-se-da-je-najvaznije-kojoj-politickoj-stranci-pripadate\\\/\"},\"author\":{\"name\":\"Radio Ljubu\u0161ki\",\"@id\":\"https:\\\/\\\/radioljubuski.ba\\\/#\\\/schema\\\/person\\\/19fc700381a780f69665d7956c469e3b\"},\"headline\":\"Magistrica s prosjekom 9,7 sedam godina tra\u017ei posao: Ispostavilo se da je najva\u017enije kojoj politi\u010dkoj stranci pripadate\",\"datePublished\":\"2022-09-26T09:30:14+00:00\",\"dateModified\":\"2022-09-26T09:30:15+00:00\",\"mainEntityOfPage\":{\"@id\":\"https:\\\/\\\/radioljubuski.ba\\\/index.php\\\/2022\\\/09\\\/26\\\/magistrica-s-prosjekom-97-sedam-godina-trazi-posao-ispostavilo-se-da-je-najvaznije-kojoj-politickoj-stranci-pripadate\\\/\"},\"wordCount\":314,\"publisher\":{\"@id\":\"https:\\\/\\\/radioljubuski.ba\\\/#organization\"},\"image\":{\"@id\":\"https:\\\/\\\/radioljubuski.ba\\\/index.php\\\/2022\\\/09\\\/26\\\/magistrica-s-prosjekom-97-sedam-godina-trazi-posao-ispostavilo-se-da-je-najvaznije-kojoj-politickoj-stranci-pripadate\\\/#primaryimage\"},\"thumbnailUrl\":\"https:\\\/\\\/radioljubuski.ba\\\/wp-content\\\/uploads\\\/2022\\\/09\\\/10-2022-09-25-19-27-05-Snimka-zaslona-2022-09-25-192656.jpg\",\"articleSection\":[\"BIH i regija\"],\"inLanguage\":\"hr\"},{\"@type\":\"WebPage\",\"@id\":\"https:\\\/\\\/radioljubuski.ba\\\/index.php\\\/2022\\\/09\\\/26\\\/magistrica-s-prosjekom-97-sedam-godina-trazi-posao-ispostavilo-se-da-je-najvaznije-kojoj-politickoj-stranci-pripadate\\\/\",\"url\":\"https:\\\/\\\/radioljubuski.ba\\\/index.php\\\/2022\\\/09\\\/26\\\/magistrica-s-prosjekom-97-sedam-godina-trazi-posao-ispostavilo-se-da-je-najvaznije-kojoj-politickoj-stranci-pripadate\\\/\",\"name\":\"Magistrica s prosjekom 9,7 sedam godina tra\u017ei posao: Ispostavilo se da je najva\u017enije kojoj politi\u010dkoj stranci pripadate - RADIO LJUBU\u0160KI\",\"isPartOf\":{\"@id\":\"https:\\\/\\\/radioljubuski.ba\\\/#website\"},\"primaryImageOfPage\":{\"@id\":\"https:\\\/\\\/radioljubuski.ba\\\/index.php\\\/2022\\\/09\\\/26\\\/magistrica-s-prosjekom-97-sedam-godina-trazi-posao-ispostavilo-se-da-je-najvaznije-kojoj-politickoj-stranci-pripadate\\\/#primaryimage\"},\"image\":{\"@id\":\"https:\\\/\\\/radioljubuski.ba\\\/index.php\\\/2022\\\/09\\\/26\\\/magistrica-s-prosjekom-97-sedam-godina-trazi-posao-ispostavilo-se-da-je-najvaznije-kojoj-politickoj-stranci-pripadate\\\/#primaryimage\"},\"thumbnailUrl\":\"https:\\\/\\\/radioljubuski.ba\\\/wp-content\\\/uploads\\\/2022\\\/09\\\/10-2022-09-25-19-27-05-Snimka-zaslona-2022-09-25-192656.jpg\",\"datePublished\":\"2022-09-26T09:30:14+00:00\",\"dateModified\":\"2022-09-26T09:30:15+00:00\",\"breadcrumb\":{\"@id\":\"https:\\\/\\\/radioljubuski.ba\\\/index.php\\\/2022\\\/09\\\/26\\\/magistrica-s-prosjekom-97-sedam-godina-trazi-posao-ispostavilo-se-da-je-najvaznije-kojoj-politickoj-stranci-pripadate\\\/#breadcrumb\"},\"inLanguage\":\"hr\",\"potentialAction\":[{\"@type\":\"ReadAction\",\"target\":[\"https:\\\/\\\/radioljubuski.ba\\\/index.php\\\/2022\\\/09\\\/26\\\/magistrica-s-prosjekom-97-sedam-godina-trazi-posao-ispostavilo-se-da-je-najvaznije-kojoj-politickoj-stranci-pripadate\\\/\"]}]},{\"@type\":\"ImageObject\",\"inLanguage\":\"hr\",\"@id\":\"https:\\\/\\\/radioljubuski.ba\\\/index.php\\\/2022\\\/09\\\/26\\\/magistrica-s-prosjekom-97-sedam-godina-trazi-posao-ispostavilo-se-da-je-najvaznije-kojoj-politickoj-stranci-pripadate\\\/#primaryimage\",\"url\":\"https:\\\/\\\/radioljubuski.ba\\\/wp-content\\\/uploads\\\/2022\\\/09\\\/10-2022-09-25-19-27-05-Snimka-zaslona-2022-09-25-192656.jpg\",\"contentUrl\":\"https:\\\/\\\/radioljubuski.ba\\\/wp-content\\\/uploads\\\/2022\\\/09\\\/10-2022-09-25-19-27-05-Snimka-zaslona-2022-09-25-192656.jpg\",\"width\":1000,\"height\":625},{\"@type\":\"BreadcrumbList\",\"@id\":\"https:\\\/\\\/radioljubuski.ba\\\/index.php\\\/2022\\\/09\\\/26\\\/magistrica-s-prosjekom-97-sedam-godina-trazi-posao-ispostavilo-se-da-je-najvaznije-kojoj-politickoj-stranci-pripadate\\\/#breadcrumb\",\"itemListElement\":[{\"@type\":\"ListItem\",\"position\":1,\"name\":\"Po\u010detna stranica\",\"item\":\"https:\\\/\\\/radioljubuski.ba\\\/\"},{\"@type\":\"ListItem\",\"position\":2,\"name\":\"Magistrica s prosjekom 9,7 sedam godina tra\u017ei posao: Ispostavilo se da je najva\u017enije kojoj politi\u010dkoj stranci pripadate\"}]},{\"@type\":\"WebSite\",\"@id\":\"https:\\\/\\\/radioljubuski.ba\\\/#website\",\"url\":\"https:\\\/\\\/radioljubuski.ba\\\/\",\"name\":\"Radio Ljubu\u0161ki\",\"description\":\"Sun\u010dana frekvencija Hercegovine\",\"publisher\":{\"@id\":\"https:\\\/\\\/radioljubuski.ba\\\/#organization\"},\"potentialAction\":[{\"@type\":\"SearchAction\",\"target\":{\"@type\":\"EntryPoint\",\"urlTemplate\":\"https:\\\/\\\/radioljubuski.ba\\\/?s={search_term_string}\"},\"query-input\":{\"@type\":\"PropertyValueSpecification\",\"valueRequired\":true,\"valueName\":\"search_term_string\"}}],\"inLanguage\":\"hr\"},{\"@type\":\"Organization\",\"@id\":\"https:\\\/\\\/radioljubuski.ba\\\/#organization\",\"name\":\"Radio Ljubu\u0161ki\",\"url\":\"https:\\\/\\\/radioljubuski.ba\\\/\",\"logo\":{\"@type\":\"ImageObject\",\"inLanguage\":\"hr\",\"@id\":\"https:\\\/\\\/radioljubuski.ba\\\/#\\\/schema\\\/logo\\\/image\\\/\",\"url\":\"https:\\\/\\\/radioljubuski.ba\\\/wp-content\\\/uploads\\\/2021\\\/02\\\/cropped-Radio_Ljubuski_logo1.jpg\",\"contentUrl\":\"https:\\\/\\\/radioljubuski.ba\\\/wp-content\\\/uploads\\\/2021\\\/02\\\/cropped-Radio_Ljubuski_logo1.jpg\",\"width\":512,\"height\":512,\"caption\":\"Radio Ljubu\u0161ki\"},\"image\":{\"@id\":\"https:\\\/\\\/radioljubuski.ba\\\/#\\\/schema\\\/logo\\\/image\\\/\"},\"sameAs\":[\"https:\\\/\\\/www.facebook.com\\\/Radiio-Ljubuski-1490835324566332\",\"https:\\\/\\\/x.com\\\/radioljubuski\",\"https:\\\/\\\/hr.linkedin.com\\\/company\\\/radio-ljubuski\",\"https:\\\/\\\/www.youtube.com\\\/channel\\\/UCHYaeO_n0Db3tjNGudGpXyw\"]},{\"@type\":\"Person\",\"@id\":\"https:\\\/\\\/radioljubuski.ba\\\/#\\\/schema\\\/person\\\/19fc700381a780f69665d7956c469e3b\",\"name\":\"Radio Ljubu\u0161ki\"}]}<\/script>\n<!-- \/ Yoast SEO plugin. -->","yoast_head_json":{"title":"Magistrica s prosjekom 9,7 sedam godina tra\u017ei posao: Ispostavilo se da je najva\u017enije kojoj politi\u010dkoj stranci pripadate - RADIO LJUBU\u0160KI","robots":{"index":"index","follow":"follow","max-snippet":"max-snippet:-1","max-image-preview":"max-image-preview:large","max-video-preview":"max-video-preview:-1"},"canonical":"https:\/\/radioljubuski.ba\/index.php\/2022\/09\/26\/magistrica-s-prosjekom-97-sedam-godina-trazi-posao-ispostavilo-se-da-je-najvaznije-kojoj-politickoj-stranci-pripadate\/","og_locale":"hr_HR","og_type":"article","og_title":"Magistrica s prosjekom 9,7 sedam godina tra\u017ei posao: Ispostavilo se da je najva\u017enije kojoj politi\u010dkoj stranci pripadate - RADIO LJUBU\u0160KI","og_description":"Najvi\u0161e me boli nepravda i to \u0161to kao visokoobrazovana ne mogu dobiti pristojan posao u rodnom gradu Magistrica poljoprivrede Maja Mitrovi\u0107 (30) iz Bratunca sedam godina poku\u0161ava dobiti posao i raditi ono \u0161to najbolje zna i za \u0161to se \u0161kolovala, ali za nju su vrata svugdje zatvorena, prenosi Avaz. Dobre ocjene Ka\u017ee da je studij [&hellip;]","og_url":"https:\/\/radioljubuski.ba\/index.php\/2022\/09\/26\/magistrica-s-prosjekom-97-sedam-godina-trazi-posao-ispostavilo-se-da-je-najvaznije-kojoj-politickoj-stranci-pripadate\/","og_site_name":"RADIO LJUBU\u0160KI","article_publisher":"https:\/\/www.facebook.com\/Radiio-Ljubuski-1490835324566332","article_published_time":"2022-09-26T09:30:14+00:00","article_modified_time":"2022-09-26T09:30:15+00:00","og_image":[{"width":1000,"height":625,"url":"https:\/\/radioljubuski.ba\/wp-content\/uploads\/2022\/09\/10-2022-09-25-19-27-05-Snimka-zaslona-2022-09-25-192656.jpg","type":"image\/jpeg"}],"author":"Radio Ljubu\u0161ki","twitter_card":"summary_large_image","twitter_creator":"@radioljubuski","twitter_site":"@radioljubuski","twitter_misc":{"Napisao\/la":"Radio Ljubu\u0161ki","Procijenjeno vrijeme \u010ditanja":"2 minute"},"schema":{"@context":"https:\/\/schema.org","@graph":[{"@type":"Article","@id":"https:\/\/radioljubuski.ba\/index.php\/2022\/09\/26\/magistrica-s-prosjekom-97-sedam-godina-trazi-posao-ispostavilo-se-da-je-najvaznije-kojoj-politickoj-stranci-pripadate\/#article","isPartOf":{"@id":"https:\/\/radioljubuski.ba\/index.php\/2022\/09\/26\/magistrica-s-prosjekom-97-sedam-godina-trazi-posao-ispostavilo-se-da-je-najvaznije-kojoj-politickoj-stranci-pripadate\/"},"author":{"name":"Radio Ljubu\u0161ki","@id":"https:\/\/radioljubuski.ba\/#\/schema\/person\/19fc700381a780f69665d7956c469e3b"},"headline":"Magistrica s prosjekom 9,7 sedam godina tra\u017ei posao: Ispostavilo se da je najva\u017enije kojoj politi\u010dkoj stranci pripadate","datePublished":"2022-09-26T09:30:14+00:00","dateModified":"2022-09-26T09:30:15+00:00","mainEntityOfPage":{"@id":"https:\/\/radioljubuski.ba\/index.php\/2022\/09\/26\/magistrica-s-prosjekom-97-sedam-godina-trazi-posao-ispostavilo-se-da-je-najvaznije-kojoj-politickoj-stranci-pripadate\/"},"wordCount":314,"publisher":{"@id":"https:\/\/radioljubuski.ba\/#organization"},"image":{"@id":"https:\/\/radioljubuski.ba\/index.php\/2022\/09\/26\/magistrica-s-prosjekom-97-sedam-godina-trazi-posao-ispostavilo-se-da-je-najvaznije-kojoj-politickoj-stranci-pripadate\/#primaryimage"},"thumbnailUrl":"https:\/\/radioljubuski.ba\/wp-content\/uploads\/2022\/09\/10-2022-09-25-19-27-05-Snimka-zaslona-2022-09-25-192656.jpg","articleSection":["BIH i regija"],"inLanguage":"hr"},{"@type":"WebPage","@id":"https:\/\/radioljubuski.ba\/index.php\/2022\/09\/26\/magistrica-s-prosjekom-97-sedam-godina-trazi-posao-ispostavilo-se-da-je-najvaznije-kojoj-politickoj-stranci-pripadate\/","url":"https:\/\/radioljubuski.ba\/index.php\/2022\/09\/26\/magistrica-s-prosjekom-97-sedam-godina-trazi-posao-ispostavilo-se-da-je-najvaznije-kojoj-politickoj-stranci-pripadate\/","name":"Magistrica s prosjekom 9,7 sedam godina tra\u017ei posao: Ispostavilo se da je najva\u017enije kojoj politi\u010dkoj stranci pripadate - RADIO LJUBU\u0160KI","isPartOf":{"@id":"https:\/\/radioljubuski.ba\/#website"},"primaryImageOfPage":{"@id":"https:\/\/radioljubuski.ba\/index.php\/2022\/09\/26\/magistrica-s-prosjekom-97-sedam-godina-trazi-posao-ispostavilo-se-da-je-najvaznije-kojoj-politickoj-stranci-pripadate\/#primaryimage"},"image":{"@id":"https:\/\/radioljubuski.ba\/index.php\/2022\/09\/26\/magistrica-s-prosjekom-97-sedam-godina-trazi-posao-ispostavilo-se-da-je-najvaznije-kojoj-politickoj-stranci-pripadate\/#primaryimage"},"thumbnailUrl":"https:\/\/radioljubuski.ba\/wp-content\/uploads\/2022\/09\/10-2022-09-25-19-27-05-Snimka-zaslona-2022-09-25-192656.jpg","datePublished":"2022-09-26T09:30:14+00:00","dateModified":"2022-09-26T09:30:15+00:00","breadcrumb":{"@id":"https:\/\/radioljubuski.ba\/index.php\/2022\/09\/26\/magistrica-s-prosjekom-97-sedam-godina-trazi-posao-ispostavilo-se-da-je-najvaznije-kojoj-politickoj-stranci-pripadate\/#breadcrumb"},"inLanguage":"hr","potentialAction":[{"@type":"ReadAction","target":["https:\/\/radioljubuski.ba\/index.php\/2022\/09\/26\/magistrica-s-prosjekom-97-sedam-godina-trazi-posao-ispostavilo-se-da-je-najvaznije-kojoj-politickoj-stranci-pripadate\/"]}]},{"@type":"ImageObject","inLanguage":"hr","@id":"https:\/\/radioljubuski.ba\/index.php\/2022\/09\/26\/magistrica-s-prosjekom-97-sedam-godina-trazi-posao-ispostavilo-se-da-je-najvaznije-kojoj-politickoj-stranci-pripadate\/#primaryimage","url":"https:\/\/radioljubuski.ba\/wp-content\/uploads\/2022\/09\/10-2022-09-25-19-27-05-Snimka-zaslona-2022-09-25-192656.jpg","contentUrl":"https:\/\/radioljubuski.ba\/wp-content\/uploads\/2022\/09\/10-2022-09-25-19-27-05-Snimka-zaslona-2022-09-25-192656.jpg","width":1000,"height":625},{"@type":"BreadcrumbList","@id":"https:\/\/radioljubuski.ba\/index.php\/2022\/09\/26\/magistrica-s-prosjekom-97-sedam-godina-trazi-posao-ispostavilo-se-da-je-najvaznije-kojoj-politickoj-stranci-pripadate\/#breadcrumb","itemListElement":[{"@type":"ListItem","position":1,"name":"Po\u010detna stranica","item":"https:\/\/radioljubuski.ba\/"},{"@type":"ListItem","position":2,"name":"Magistrica s prosjekom 9,7 sedam godina tra\u017ei posao: Ispostavilo se da je najva\u017enije kojoj politi\u010dkoj stranci pripadate"}]},{"@type":"WebSite","@id":"https:\/\/radioljubuski.ba\/#website","url":"https:\/\/radioljubuski.ba\/","name":"Radio Ljubu\u0161ki","description":"Sun\u010dana frekvencija Hercegovine","publisher":{"@id":"https:\/\/radioljubuski.ba\/#organization"},"potentialAction":[{"@type":"SearchAction","target":{"@type":"EntryPoint","urlTemplate":"https:\/\/radioljubuski.ba\/?s={search_term_string}"},"query-input":{"@type":"PropertyValueSpecification","valueRequired":true,"valueName":"search_term_string"}}],"inLanguage":"hr"},{"@type":"Organization","@id":"https:\/\/radioljubuski.ba\/#organization","name":"Radio Ljubu\u0161ki","url":"https:\/\/radioljubuski.ba\/","logo":{"@type":"ImageObject","inLanguage":"hr","@id":"https:\/\/radioljubuski.ba\/#\/schema\/logo\/image\/","url":"https:\/\/radioljubuski.ba\/wp-content\/uploads\/2021\/02\/cropped-Radio_Ljubuski_logo1.jpg","contentUrl":"https:\/\/radioljubuski.ba\/wp-content\/uploads\/2021\/02\/cropped-Radio_Ljubuski_logo1.jpg","width":512,"height":512,"caption":"Radio Ljubu\u0161ki"},"image":{"@id":"https:\/\/radioljubuski.ba\/#\/schema\/logo\/image\/"},"sameAs":["https:\/\/www.facebook.com\/Radiio-Ljubuski-1490835324566332","https:\/\/x.com\/radioljubuski","https:\/\/hr.linkedin.com\/company\/radio-ljubuski","https:\/\/www.youtube.com\/channel\/UCHYaeO_n0Db3tjNGudGpXyw"]},{"@type":"Person","@id":"https:\/\/radioljubuski.ba\/#\/schema\/person\/19fc700381a780f69665d7956c469e3b","name":"Radio Ljubu\u0161ki"}]}},"_links":{"self":[{"href":"https:\/\/radioljubuski.ba\/index.php\/wp-json\/wp\/v2\/posts\/184076","targetHints":{"allow":["GET"]}}],"collection":[{"href":"https:\/\/radioljubuski.ba\/index.php\/wp-json\/wp\/v2\/posts"}],"about":[{"href":"https:\/\/radioljubuski.ba\/index.php\/wp-json\/wp\/v2\/types\/post"}],"author":[{"embeddable":true,"href":"https:\/\/radioljubuski.ba\/index.php\/wp-json\/wp\/v2\/users\/2"}],"replies":[{"embeddable":true,"href":"https:\/\/radioljubuski.ba\/index.php\/wp-json\/wp\/v2\/comments?post=184076"}],"version-history":[{"count":1,"href":"https:\/\/radioljubuski.ba\/index.php\/wp-json\/wp\/v2\/posts\/184076\/revisions"}],"predecessor-version":[{"id":184078,"href":"https:\/\/radioljubuski.ba\/index.php\/wp-json\/wp\/v2\/posts\/184076\/revisions\/184078"}],"wp:featuredmedia":[{"embeddable":true,"href":"https:\/\/radioljubuski.ba\/index.php\/wp-json\/wp\/v2\/media\/184077"}],"wp:attachment":[{"href":"https:\/\/radioljubuski.ba\/index.php\/wp-json\/wp\/v2\/media?parent=184076"}],"wp:term":[{"taxonomy":"category","embeddable":true,"href":"https:\/\/radioljubuski.ba\/index.php\/wp-json\/wp\/v2\/categories?post=184076"},{"taxonomy":"post_tag","embeddable":true,"href":"https:\/\/radioljubuski.ba\/index.php\/wp-json\/wp\/v2\/tags?post=184076"}],"curies":[{"name":"wp","href":"https:\/\/api.w.org\/{rel}","templated":true}]}}