{"id":184309,"date":"2022-09-29T08:52:10","date_gmt":"2022-09-29T07:52:10","guid":{"rendered":"https:\/\/radioljubuski.ba\/?p=184309"},"modified":"2022-09-30T10:22:05","modified_gmt":"2022-09-30T09:22:05","slug":"u-knjiznici-ljubuski-otvorena-izlozba-fotografija-i-slika-ljepote-hercegovine","status":"publish","type":"post","link":"https:\/\/radioljubuski.ba\/index.php\/2022\/09\/29\/u-knjiznici-ljubuski-otvorena-izlozba-fotografija-i-slika-ljepote-hercegovine\/","title":{"rendered":"U Knji\u017enici Ljubu\u0161ki otvorena izlo\u017eba fotografija i slika \u201eLjepote Hercegovine\u201c"},"content":{"rendered":"\n<p>Sino\u0107 je u Knji\u017enici Ljubu\u0161ki  otvorena izlo\u017eba fotografija i umjetni\u010dkih slika pod nazivom \u201eLjepote Hercegovine\u201c.<\/p>\n\n\n\n<p> Nazo\u010dne je  pozdravio Ivica Vizentaner, dok je svoj osvrt na izlo\u017ebeni postav dala prof. Ranka Boto.<\/p>\n\n\n\n<figure class=\"wp-block-gallery columns-3 is-cropped wp-block-gallery-1 is-layout-flex wp-block-gallery-is-layout-flex\"><ul class=\"blocks-gallery-grid\"><li class=\"blocks-gallery-item\"><figure><img loading=\"lazy\" decoding=\"async\" width=\"766\" height=\"1024\" src=\"https:\/\/radioljubuski.ba\/wp-content\/uploads\/2022\/09\/WhatsApp-Image-2022-09-29-at-09.20.58-1-766x1024.jpeg\" alt=\"\" data-id=\"184310\" data-full-url=\"https:\/\/radioljubuski.ba\/wp-content\/uploads\/2022\/09\/WhatsApp-Image-2022-09-29-at-09.20.58-1.jpeg\" data-link=\"https:\/\/radioljubuski.ba\/?attachment_id=184310\" class=\"wp-image-184310\" srcset=\"https:\/\/radioljubuski.ba\/wp-content\/uploads\/2022\/09\/WhatsApp-Image-2022-09-29-at-09.20.58-1-766x1024.jpeg 766w, https:\/\/radioljubuski.ba\/wp-content\/uploads\/2022\/09\/WhatsApp-Image-2022-09-29-at-09.20.58-1-224x300.jpeg 224w, https:\/\/radioljubuski.ba\/wp-content\/uploads\/2022\/09\/WhatsApp-Image-2022-09-29-at-09.20.58-1-768x1027.jpeg 768w, https:\/\/radioljubuski.ba\/wp-content\/uploads\/2022\/09\/WhatsApp-Image-2022-09-29-at-09.20.58-1-1149x1536.jpeg 1149w, https:\/\/radioljubuski.ba\/wp-content\/uploads\/2022\/09\/WhatsApp-Image-2022-09-29-at-09.20.58-1-9x12.jpeg 9w, https:\/\/radioljubuski.ba\/wp-content\/uploads\/2022\/09\/WhatsApp-Image-2022-09-29-at-09.20.58-1.jpeg 1496w\" sizes=\"auto, (max-width: 766px) 100vw, 766px\" \/><\/figure><\/li><li class=\"blocks-gallery-item\"><figure><img loading=\"lazy\" decoding=\"async\" width=\"766\" height=\"1024\" src=\"https:\/\/radioljubuski.ba\/wp-content\/uploads\/2022\/09\/WhatsApp-Image-2022-09-29-at-09.20.58-766x1024.jpeg\" alt=\"\" data-id=\"184311\" data-full-url=\"https:\/\/radioljubuski.ba\/wp-content\/uploads\/2022\/09\/WhatsApp-Image-2022-09-29-at-09.20.58.jpeg\" data-link=\"https:\/\/radioljubuski.ba\/?attachment_id=184311\" class=\"wp-image-184311\" srcset=\"https:\/\/radioljubuski.ba\/wp-content\/uploads\/2022\/09\/WhatsApp-Image-2022-09-29-at-09.20.58-766x1024.jpeg 766w, https:\/\/radioljubuski.ba\/wp-content\/uploads\/2022\/09\/WhatsApp-Image-2022-09-29-at-09.20.58-224x300.jpeg 224w, https:\/\/radioljubuski.ba\/wp-content\/uploads\/2022\/09\/WhatsApp-Image-2022-09-29-at-09.20.58-768x1027.jpeg 768w, https:\/\/radioljubuski.ba\/wp-content\/uploads\/2022\/09\/WhatsApp-Image-2022-09-29-at-09.20.58-1149x1536.jpeg 1149w, https:\/\/radioljubuski.ba\/wp-content\/uploads\/2022\/09\/WhatsApp-Image-2022-09-29-at-09.20.58-9x12.jpeg 9w, https:\/\/radioljubuski.ba\/wp-content\/uploads\/2022\/09\/WhatsApp-Image-2022-09-29-at-09.20.58.jpeg 1496w\" sizes=\"auto, (max-width: 766px) 100vw, 766px\" \/><\/figure><\/li><li class=\"blocks-gallery-item\"><figure><img loading=\"lazy\" decoding=\"async\" width=\"766\" height=\"1024\" src=\"https:\/\/radioljubuski.ba\/wp-content\/uploads\/2022\/09\/WhatsApp-Image-2022-09-29-at-09.20.59-1-766x1024.jpeg\" alt=\"\" data-id=\"184312\" data-full-url=\"https:\/\/radioljubuski.ba\/wp-content\/uploads\/2022\/09\/WhatsApp-Image-2022-09-29-at-09.20.59-1.jpeg\" data-link=\"https:\/\/radioljubuski.ba\/?attachment_id=184312\" class=\"wp-image-184312\" srcset=\"https:\/\/radioljubuski.ba\/wp-content\/uploads\/2022\/09\/WhatsApp-Image-2022-09-29-at-09.20.59-1-766x1024.jpeg 766w, https:\/\/radioljubuski.ba\/wp-content\/uploads\/2022\/09\/WhatsApp-Image-2022-09-29-at-09.20.59-1-224x300.jpeg 224w, https:\/\/radioljubuski.ba\/wp-content\/uploads\/2022\/09\/WhatsApp-Image-2022-09-29-at-09.20.59-1-768x1027.jpeg 768w, https:\/\/radioljubuski.ba\/wp-content\/uploads\/2022\/09\/WhatsApp-Image-2022-09-29-at-09.20.59-1-1149x1536.jpeg 1149w, https:\/\/radioljubuski.ba\/wp-content\/uploads\/2022\/09\/WhatsApp-Image-2022-09-29-at-09.20.59-1-9x12.jpeg 9w, https:\/\/radioljubuski.ba\/wp-content\/uploads\/2022\/09\/WhatsApp-Image-2022-09-29-at-09.20.59-1.jpeg 1496w\" sizes=\"auto, (max-width: 766px) 100vw, 766px\" \/><\/figure><\/li><\/ul><\/figure>\n\n\n\n<p>Fotografije i slike na kojima su prikazani motivi &nbsp;Hercegovine izlo\u017eili su \u010dlanovi HKB \u201eBilig\u201c, a to su: Antonija Ivankovi\u0107 Boras, Dragana Markoti\u0107, Igor Skoko, Iva Martinovi\u0107-\u0160uvak, Ivan Kordi\u0107, Ivan Landeka, Nikola Dedi\u0107, Sla\u0111ana Mili\u0107evi\u0107, Snje\u017eana Lovri\u0107, Stjepan Boto, Tomislav Primorac, Vesna Slobo\u0111an i \u017deljka Primorac.<\/p>\n\n\n\n<figure class=\"wp-block-gallery columns-3 is-cropped wp-block-gallery-2 is-layout-flex wp-block-gallery-is-layout-flex\"><ul class=\"blocks-gallery-grid\"><li class=\"blocks-gallery-item\"><figure><img loading=\"lazy\" decoding=\"async\" width=\"766\" height=\"1024\" src=\"https:\/\/radioljubuski.ba\/wp-content\/uploads\/2022\/09\/WhatsApp-Image-2022-09-29-at-09.20.59-2-766x1024.jpeg\" alt=\"\" data-id=\"184313\" data-full-url=\"https:\/\/radioljubuski.ba\/wp-content\/uploads\/2022\/09\/WhatsApp-Image-2022-09-29-at-09.20.59-2.jpeg\" data-link=\"https:\/\/radioljubuski.ba\/?attachment_id=184313\" class=\"wp-image-184313\" srcset=\"https:\/\/radioljubuski.ba\/wp-content\/uploads\/2022\/09\/WhatsApp-Image-2022-09-29-at-09.20.59-2-766x1024.jpeg 766w, https:\/\/radioljubuski.ba\/wp-content\/uploads\/2022\/09\/WhatsApp-Image-2022-09-29-at-09.20.59-2-224x300.jpeg 224w, https:\/\/radioljubuski.ba\/wp-content\/uploads\/2022\/09\/WhatsApp-Image-2022-09-29-at-09.20.59-2-768x1027.jpeg 768w, https:\/\/radioljubuski.ba\/wp-content\/uploads\/2022\/09\/WhatsApp-Image-2022-09-29-at-09.20.59-2-1149x1536.jpeg 1149w, https:\/\/radioljubuski.ba\/wp-content\/uploads\/2022\/09\/WhatsApp-Image-2022-09-29-at-09.20.59-2-9x12.jpeg 9w, https:\/\/radioljubuski.ba\/wp-content\/uploads\/2022\/09\/WhatsApp-Image-2022-09-29-at-09.20.59-2.jpeg 1496w\" sizes=\"auto, (max-width: 766px) 100vw, 766px\" \/><\/figure><\/li><li class=\"blocks-gallery-item\"><figure><img loading=\"lazy\" decoding=\"async\" width=\"766\" height=\"1024\" src=\"https:\/\/radioljubuski.ba\/wp-content\/uploads\/2022\/09\/WhatsApp-Image-2022-09-29-at-09.20.59-766x1024.jpeg\" alt=\"\" data-id=\"184314\" data-full-url=\"https:\/\/radioljubuski.ba\/wp-content\/uploads\/2022\/09\/WhatsApp-Image-2022-09-29-at-09.20.59.jpeg\" data-link=\"https:\/\/radioljubuski.ba\/?attachment_id=184314\" class=\"wp-image-184314\" srcset=\"https:\/\/radioljubuski.ba\/wp-content\/uploads\/2022\/09\/WhatsApp-Image-2022-09-29-at-09.20.59-766x1024.jpeg 766w, https:\/\/radioljubuski.ba\/wp-content\/uploads\/2022\/09\/WhatsApp-Image-2022-09-29-at-09.20.59-224x300.jpeg 224w, https:\/\/radioljubuski.ba\/wp-content\/uploads\/2022\/09\/WhatsApp-Image-2022-09-29-at-09.20.59-768x1027.jpeg 768w, https:\/\/radioljubuski.ba\/wp-content\/uploads\/2022\/09\/WhatsApp-Image-2022-09-29-at-09.20.59-1149x1536.jpeg 1149w, https:\/\/radioljubuski.ba\/wp-content\/uploads\/2022\/09\/WhatsApp-Image-2022-09-29-at-09.20.59-9x12.jpeg 9w, https:\/\/radioljubuski.ba\/wp-content\/uploads\/2022\/09\/WhatsApp-Image-2022-09-29-at-09.20.59.jpeg 1496w\" sizes=\"auto, (max-width: 766px) 100vw, 766px\" \/><\/figure><\/li><li class=\"blocks-gallery-item\"><figure><img loading=\"lazy\" decoding=\"async\" width=\"766\" height=\"1024\" src=\"https:\/\/radioljubuski.ba\/wp-content\/uploads\/2022\/09\/WhatsApp-Image-2022-09-29-at-09.21.00-1-766x1024.jpeg\" alt=\"\" data-id=\"184315\" data-full-url=\"https:\/\/radioljubuski.ba\/wp-content\/uploads\/2022\/09\/WhatsApp-Image-2022-09-29-at-09.21.00-1.jpeg\" data-link=\"https:\/\/radioljubuski.ba\/?attachment_id=184315\" class=\"wp-image-184315\" srcset=\"https:\/\/radioljubuski.ba\/wp-content\/uploads\/2022\/09\/WhatsApp-Image-2022-09-29-at-09.21.00-1-766x1024.jpeg 766w, https:\/\/radioljubuski.ba\/wp-content\/uploads\/2022\/09\/WhatsApp-Image-2022-09-29-at-09.21.00-1-224x300.jpeg 224w, https:\/\/radioljubuski.ba\/wp-content\/uploads\/2022\/09\/WhatsApp-Image-2022-09-29-at-09.21.00-1-768x1027.jpeg 768w, https:\/\/radioljubuski.ba\/wp-content\/uploads\/2022\/09\/WhatsApp-Image-2022-09-29-at-09.21.00-1-1149x1536.jpeg 1149w, https:\/\/radioljubuski.ba\/wp-content\/uploads\/2022\/09\/WhatsApp-Image-2022-09-29-at-09.21.00-1-9x12.jpeg 9w, https:\/\/radioljubuski.ba\/wp-content\/uploads\/2022\/09\/WhatsApp-Image-2022-09-29-at-09.21.00-1.jpeg 1496w\" sizes=\"auto, (max-width: 766px) 100vw, 766px\" \/><\/figure><\/li><\/ul><\/figure>\n\n\n\n<p>Organizatori izlo\u017ebe su Udruga HKB \u201eBilig\u201c i JU \u201eKulturno-\u0161portski centar\u201c Ljubu\u0161ki.<\/p>\n\n\n\n<figure class=\"wp-block-gallery columns-3 is-cropped wp-block-gallery-3 is-layout-flex wp-block-gallery-is-layout-flex\"><ul class=\"blocks-gallery-grid\"><li class=\"blocks-gallery-item\"><figure><img loading=\"lazy\" decoding=\"async\" width=\"766\" height=\"1024\" src=\"https:\/\/radioljubuski.ba\/wp-content\/uploads\/2022\/09\/WhatsApp-Image-2022-09-29-at-09.21.00-766x1024.jpeg\" alt=\"\" data-id=\"184316\" data-full-url=\"https:\/\/radioljubuski.ba\/wp-content\/uploads\/2022\/09\/WhatsApp-Image-2022-09-29-at-09.21.00.jpeg\" data-link=\"https:\/\/radioljubuski.ba\/?attachment_id=184316\" class=\"wp-image-184316\" srcset=\"https:\/\/radioljubuski.ba\/wp-content\/uploads\/2022\/09\/WhatsApp-Image-2022-09-29-at-09.21.00-766x1024.jpeg 766w, https:\/\/radioljubuski.ba\/wp-content\/uploads\/2022\/09\/WhatsApp-Image-2022-09-29-at-09.21.00-224x300.jpeg 224w, https:\/\/radioljubuski.ba\/wp-content\/uploads\/2022\/09\/WhatsApp-Image-2022-09-29-at-09.21.00-768x1027.jpeg 768w, https:\/\/radioljubuski.ba\/wp-content\/uploads\/2022\/09\/WhatsApp-Image-2022-09-29-at-09.21.00-1149x1536.jpeg 1149w, https:\/\/radioljubuski.ba\/wp-content\/uploads\/2022\/09\/WhatsApp-Image-2022-09-29-at-09.21.00-9x12.jpeg 9w, https:\/\/radioljubuski.ba\/wp-content\/uploads\/2022\/09\/WhatsApp-Image-2022-09-29-at-09.21.00.jpeg 1496w\" sizes=\"auto, (max-width: 766px) 100vw, 766px\" \/><\/figure><\/li><li class=\"blocks-gallery-item\"><figure><img loading=\"lazy\" decoding=\"async\" width=\"766\" height=\"1024\" src=\"https:\/\/radioljubuski.ba\/wp-content\/uploads\/2022\/09\/WhatsApp-Image-2022-09-29-at-09.21.01-1-766x1024.jpeg\" alt=\"\" data-id=\"184317\" data-full-url=\"https:\/\/radioljubuski.ba\/wp-content\/uploads\/2022\/09\/WhatsApp-Image-2022-09-29-at-09.21.01-1.jpeg\" data-link=\"https:\/\/radioljubuski.ba\/?attachment_id=184317\" class=\"wp-image-184317\" srcset=\"https:\/\/radioljubuski.ba\/wp-content\/uploads\/2022\/09\/WhatsApp-Image-2022-09-29-at-09.21.01-1-766x1024.jpeg 766w, https:\/\/radioljubuski.ba\/wp-content\/uploads\/2022\/09\/WhatsApp-Image-2022-09-29-at-09.21.01-1-224x300.jpeg 224w, https:\/\/radioljubuski.ba\/wp-content\/uploads\/2022\/09\/WhatsApp-Image-2022-09-29-at-09.21.01-1-768x1027.jpeg 768w, https:\/\/radioljubuski.ba\/wp-content\/uploads\/2022\/09\/WhatsApp-Image-2022-09-29-at-09.21.01-1-1149x1536.jpeg 1149w, https:\/\/radioljubuski.ba\/wp-content\/uploads\/2022\/09\/WhatsApp-Image-2022-09-29-at-09.21.01-1-9x12.jpeg 9w, https:\/\/radioljubuski.ba\/wp-content\/uploads\/2022\/09\/WhatsApp-Image-2022-09-29-at-09.21.01-1.jpeg 1496w\" sizes=\"auto, (max-width: 766px) 100vw, 766px\" \/><\/figure><\/li><li class=\"blocks-gallery-item\"><figure><img loading=\"lazy\" decoding=\"async\" width=\"766\" height=\"1024\" src=\"https:\/\/radioljubuski.ba\/wp-content\/uploads\/2022\/09\/WhatsApp-Image-2022-09-29-at-09.21.01-766x1024.jpeg\" alt=\"\" data-id=\"184318\" data-full-url=\"https:\/\/radioljubuski.ba\/wp-content\/uploads\/2022\/09\/WhatsApp-Image-2022-09-29-at-09.21.01.jpeg\" data-link=\"https:\/\/radioljubuski.ba\/?attachment_id=184318\" class=\"wp-image-184318\" srcset=\"https:\/\/radioljubuski.ba\/wp-content\/uploads\/2022\/09\/WhatsApp-Image-2022-09-29-at-09.21.01-766x1024.jpeg 766w, https:\/\/radioljubuski.ba\/wp-content\/uploads\/2022\/09\/WhatsApp-Image-2022-09-29-at-09.21.01-224x300.jpeg 224w, https:\/\/radioljubuski.ba\/wp-content\/uploads\/2022\/09\/WhatsApp-Image-2022-09-29-at-09.21.01-768x1027.jpeg 768w, https:\/\/radioljubuski.ba\/wp-content\/uploads\/2022\/09\/WhatsApp-Image-2022-09-29-at-09.21.01-1149x1536.jpeg 1149w, https:\/\/radioljubuski.ba\/wp-content\/uploads\/2022\/09\/WhatsApp-Image-2022-09-29-at-09.21.01-9x12.jpeg 9w, https:\/\/radioljubuski.ba\/wp-content\/uploads\/2022\/09\/WhatsApp-Image-2022-09-29-at-09.21.01.jpeg 1496w\" sizes=\"auto, (max-width: 766px) 100vw, 766px\" \/><\/figure><\/li><\/ul><\/figure>\n\n\n\n<p>Tako\u0111er, izlo\u017eba ostaje otvorena do 5. listopada.<\/p>\n\n\n\n<p> U audio zapisu poslu\u0161ajte \u0161to su rekli izlaga\u010di izlo\u017ebe:<\/p>\n\n\n\n<figure class=\"wp-block-audio\"><audio controls src=\"https:\/\/radioljubuski.ba\/wp-content\/uploads\/2022\/09\/izlozba-29-09.2022.mp3\"><\/audio><\/figure>\n\n\n\n<p>U fotogaleriji pogledajte radove izlaga\u010da:<\/p>\n\n\n\n<figure class=\"wp-block-gallery columns-3 is-cropped wp-block-gallery-4 is-layout-flex wp-block-gallery-is-layout-flex\"><ul class=\"blocks-gallery-grid\"><li class=\"blocks-gallery-item\"><figure><img loading=\"lazy\" decoding=\"async\" width=\"766\" height=\"1024\" src=\"https:\/\/radioljubuski.ba\/wp-content\/uploads\/2022\/09\/WhatsApp-Image-2022-09-29-at-09.21.02-1-766x1024.jpeg\" alt=\"\" data-id=\"184319\" data-full-url=\"https:\/\/radioljubuski.ba\/wp-content\/uploads\/2022\/09\/WhatsApp-Image-2022-09-29-at-09.21.02-1.jpeg\" data-link=\"https:\/\/radioljubuski.ba\/?attachment_id=184319\" class=\"wp-image-184319\" srcset=\"https:\/\/radioljubuski.ba\/wp-content\/uploads\/2022\/09\/WhatsApp-Image-2022-09-29-at-09.21.02-1-766x1024.jpeg 766w, https:\/\/radioljubuski.ba\/wp-content\/uploads\/2022\/09\/WhatsApp-Image-2022-09-29-at-09.21.02-1-224x300.jpeg 224w, https:\/\/radioljubuski.ba\/wp-content\/uploads\/2022\/09\/WhatsApp-Image-2022-09-29-at-09.21.02-1-768x1027.jpeg 768w, https:\/\/radioljubuski.ba\/wp-content\/uploads\/2022\/09\/WhatsApp-Image-2022-09-29-at-09.21.02-1-1149x1536.jpeg 1149w, https:\/\/radioljubuski.ba\/wp-content\/uploads\/2022\/09\/WhatsApp-Image-2022-09-29-at-09.21.02-1-9x12.jpeg 9w, https:\/\/radioljubuski.ba\/wp-content\/uploads\/2022\/09\/WhatsApp-Image-2022-09-29-at-09.21.02-1.jpeg 1496w\" sizes=\"auto, (max-width: 766px) 100vw, 766px\" \/><\/figure><\/li><li class=\"blocks-gallery-item\"><figure><img loading=\"lazy\" decoding=\"async\" width=\"766\" height=\"1024\" src=\"https:\/\/radioljubuski.ba\/wp-content\/uploads\/2022\/09\/WhatsApp-Image-2022-09-29-at-09.21.02-2-766x1024.jpeg\" alt=\"\" data-id=\"184320\" data-full-url=\"https:\/\/radioljubuski.ba\/wp-content\/uploads\/2022\/09\/WhatsApp-Image-2022-09-29-at-09.21.02-2.jpeg\" data-link=\"https:\/\/radioljubuski.ba\/?attachment_id=184320\" class=\"wp-image-184320\" srcset=\"https:\/\/radioljubuski.ba\/wp-content\/uploads\/2022\/09\/WhatsApp-Image-2022-09-29-at-09.21.02-2-766x1024.jpeg 766w, https:\/\/radioljubuski.ba\/wp-content\/uploads\/2022\/09\/WhatsApp-Image-2022-09-29-at-09.21.02-2-224x300.jpeg 224w, https:\/\/radioljubuski.ba\/wp-content\/uploads\/2022\/09\/WhatsApp-Image-2022-09-29-at-09.21.02-2-768x1027.jpeg 768w, https:\/\/radioljubuski.ba\/wp-content\/uploads\/2022\/09\/WhatsApp-Image-2022-09-29-at-09.21.02-2-1149x1536.jpeg 1149w, https:\/\/radioljubuski.ba\/wp-content\/uploads\/2022\/09\/WhatsApp-Image-2022-09-29-at-09.21.02-2-9x12.jpeg 9w, https:\/\/radioljubuski.ba\/wp-content\/uploads\/2022\/09\/WhatsApp-Image-2022-09-29-at-09.21.02-2.jpeg 1496w\" sizes=\"auto, (max-width: 766px) 100vw, 766px\" \/><\/figure><\/li><li class=\"blocks-gallery-item\"><figure><img loading=\"lazy\" decoding=\"async\" width=\"766\" height=\"1024\" src=\"https:\/\/radioljubuski.ba\/wp-content\/uploads\/2022\/09\/WhatsApp-Image-2022-09-29-at-09.21.02-3-766x1024.jpeg\" alt=\"\" data-id=\"184321\" data-full-url=\"https:\/\/radioljubuski.ba\/wp-content\/uploads\/2022\/09\/WhatsApp-Image-2022-09-29-at-09.21.02-3.jpeg\" data-link=\"https:\/\/radioljubuski.ba\/?attachment_id=184321\" class=\"wp-image-184321\" srcset=\"https:\/\/radioljubuski.ba\/wp-content\/uploads\/2022\/09\/WhatsApp-Image-2022-09-29-at-09.21.02-3-766x1024.jpeg 766w, https:\/\/radioljubuski.ba\/wp-content\/uploads\/2022\/09\/WhatsApp-Image-2022-09-29-at-09.21.02-3-224x300.jpeg 224w, https:\/\/radioljubuski.ba\/wp-content\/uploads\/2022\/09\/WhatsApp-Image-2022-09-29-at-09.21.02-3-768x1027.jpeg 768w, https:\/\/radioljubuski.ba\/wp-content\/uploads\/2022\/09\/WhatsApp-Image-2022-09-29-at-09.21.02-3-1149x1536.jpeg 1149w, https:\/\/radioljubuski.ba\/wp-content\/uploads\/2022\/09\/WhatsApp-Image-2022-09-29-at-09.21.02-3-9x12.jpeg 9w, https:\/\/radioljubuski.ba\/wp-content\/uploads\/2022\/09\/WhatsApp-Image-2022-09-29-at-09.21.02-3.jpeg 1496w\" sizes=\"auto, (max-width: 766px) 100vw, 766px\" \/><\/figure><\/li><li class=\"blocks-gallery-item\"><figure><img loading=\"lazy\" decoding=\"async\" width=\"766\" height=\"1024\" src=\"https:\/\/radioljubuski.ba\/wp-content\/uploads\/2022\/09\/WhatsApp-Image-2022-09-29-at-09.21.02-766x1024.jpeg\" alt=\"\" data-id=\"184322\" data-full-url=\"https:\/\/radioljubuski.ba\/wp-content\/uploads\/2022\/09\/WhatsApp-Image-2022-09-29-at-09.21.02.jpeg\" data-link=\"https:\/\/radioljubuski.ba\/?attachment_id=184322\" class=\"wp-image-184322\" srcset=\"https:\/\/radioljubuski.ba\/wp-content\/uploads\/2022\/09\/WhatsApp-Image-2022-09-29-at-09.21.02-766x1024.jpeg 766w, https:\/\/radioljubuski.ba\/wp-content\/uploads\/2022\/09\/WhatsApp-Image-2022-09-29-at-09.21.02-224x300.jpeg 224w, https:\/\/radioljubuski.ba\/wp-content\/uploads\/2022\/09\/WhatsApp-Image-2022-09-29-at-09.21.02-768x1027.jpeg 768w, https:\/\/radioljubuski.ba\/wp-content\/uploads\/2022\/09\/WhatsApp-Image-2022-09-29-at-09.21.02-1149x1536.jpeg 1149w, https:\/\/radioljubuski.ba\/wp-content\/uploads\/2022\/09\/WhatsApp-Image-2022-09-29-at-09.21.02-9x12.jpeg 9w, https:\/\/radioljubuski.ba\/wp-content\/uploads\/2022\/09\/WhatsApp-Image-2022-09-29-at-09.21.02.jpeg 1496w\" sizes=\"auto, (max-width: 766px) 100vw, 766px\" \/><\/figure><\/li><li class=\"blocks-gallery-item\"><figure><img loading=\"lazy\" decoding=\"async\" width=\"766\" height=\"1024\" src=\"https:\/\/radioljubuski.ba\/wp-content\/uploads\/2022\/09\/WhatsApp-Image-2022-09-29-at-09.21.03-1-766x1024.jpeg\" alt=\"\" data-id=\"184323\" data-full-url=\"https:\/\/radioljubuski.ba\/wp-content\/uploads\/2022\/09\/WhatsApp-Image-2022-09-29-at-09.21.03-1.jpeg\" data-link=\"https:\/\/radioljubuski.ba\/?attachment_id=184323\" class=\"wp-image-184323\" srcset=\"https:\/\/radioljubuski.ba\/wp-content\/uploads\/2022\/09\/WhatsApp-Image-2022-09-29-at-09.21.03-1-766x1024.jpeg 766w, https:\/\/radioljubuski.ba\/wp-content\/uploads\/2022\/09\/WhatsApp-Image-2022-09-29-at-09.21.03-1-224x300.jpeg 224w, https:\/\/radioljubuski.ba\/wp-content\/uploads\/2022\/09\/WhatsApp-Image-2022-09-29-at-09.21.03-1-768x1027.jpeg 768w, https:\/\/radioljubuski.ba\/wp-content\/uploads\/2022\/09\/WhatsApp-Image-2022-09-29-at-09.21.03-1-1149x1536.jpeg 1149w, https:\/\/radioljubuski.ba\/wp-content\/uploads\/2022\/09\/WhatsApp-Image-2022-09-29-at-09.21.03-1-9x12.jpeg 9w, https:\/\/radioljubuski.ba\/wp-content\/uploads\/2022\/09\/WhatsApp-Image-2022-09-29-at-09.21.03-1.jpeg 1496w\" sizes=\"auto, (max-width: 766px) 100vw, 766px\" \/><\/figure><\/li><li class=\"blocks-gallery-item\"><figure><img loading=\"lazy\" decoding=\"async\" width=\"1024\" height=\"766\" src=\"https:\/\/radioljubuski.ba\/wp-content\/uploads\/2022\/09\/WhatsApp-Image-2022-09-29-at-09.21.03-2-1024x766.jpeg\" alt=\"\" data-id=\"184324\" data-full-url=\"https:\/\/radioljubuski.ba\/wp-content\/uploads\/2022\/09\/WhatsApp-Image-2022-09-29-at-09.21.03-2.jpeg\" data-link=\"https:\/\/radioljubuski.ba\/?attachment_id=184324\" class=\"wp-image-184324\" srcset=\"https:\/\/radioljubuski.ba\/wp-content\/uploads\/2022\/09\/WhatsApp-Image-2022-09-29-at-09.21.03-2-1024x766.jpeg 1024w, https:\/\/radioljubuski.ba\/wp-content\/uploads\/2022\/09\/WhatsApp-Image-2022-09-29-at-09.21.03-2-300x224.jpeg 300w, https:\/\/radioljubuski.ba\/wp-content\/uploads\/2022\/09\/WhatsApp-Image-2022-09-29-at-09.21.03-2-768x574.jpeg 768w, https:\/\/radioljubuski.ba\/wp-content\/uploads\/2022\/09\/WhatsApp-Image-2022-09-29-at-09.21.03-2-1536x1149.jpeg 1536w, https:\/\/radioljubuski.ba\/wp-content\/uploads\/2022\/09\/WhatsApp-Image-2022-09-29-at-09.21.03-2-16x12.jpeg 16w, https:\/\/radioljubuski.ba\/wp-content\/uploads\/2022\/09\/WhatsApp-Image-2022-09-29-at-09.21.03-2.jpeg 2000w\" sizes=\"auto, (max-width: 1024px) 100vw, 1024px\" \/><\/figure><\/li><\/ul><\/figure>\n\n\n\n<figure class=\"wp-block-gallery columns-3 is-cropped wp-block-gallery-5 is-layout-flex wp-block-gallery-is-layout-flex\"><ul class=\"blocks-gallery-grid\"><li class=\"blocks-gallery-item\"><figure><img loading=\"lazy\" decoding=\"async\" width=\"1024\" height=\"766\" src=\"https:\/\/radioljubuski.ba\/wp-content\/uploads\/2022\/09\/WhatsApp-Image-2022-09-29-at-09.21.03-3-1024x766.jpeg\" alt=\"\" data-id=\"184325\" data-full-url=\"https:\/\/radioljubuski.ba\/wp-content\/uploads\/2022\/09\/WhatsApp-Image-2022-09-29-at-09.21.03-3.jpeg\" data-link=\"https:\/\/radioljubuski.ba\/?attachment_id=184325\" class=\"wp-image-184325\" srcset=\"https:\/\/radioljubuski.ba\/wp-content\/uploads\/2022\/09\/WhatsApp-Image-2022-09-29-at-09.21.03-3-1024x766.jpeg 1024w, https:\/\/radioljubuski.ba\/wp-content\/uploads\/2022\/09\/WhatsApp-Image-2022-09-29-at-09.21.03-3-300x224.jpeg 300w, https:\/\/radioljubuski.ba\/wp-content\/uploads\/2022\/09\/WhatsApp-Image-2022-09-29-at-09.21.03-3-768x574.jpeg 768w, https:\/\/radioljubuski.ba\/wp-content\/uploads\/2022\/09\/WhatsApp-Image-2022-09-29-at-09.21.03-3-1536x1149.jpeg 1536w, https:\/\/radioljubuski.ba\/wp-content\/uploads\/2022\/09\/WhatsApp-Image-2022-09-29-at-09.21.03-3-16x12.jpeg 16w, https:\/\/radioljubuski.ba\/wp-content\/uploads\/2022\/09\/WhatsApp-Image-2022-09-29-at-09.21.03-3.jpeg 2000w\" sizes=\"auto, (max-width: 1024px) 100vw, 1024px\" \/><\/figure><\/li><li class=\"blocks-gallery-item\"><figure><img loading=\"lazy\" decoding=\"async\" width=\"766\" height=\"1024\" src=\"https:\/\/radioljubuski.ba\/wp-content\/uploads\/2022\/09\/WhatsApp-Image-2022-09-29-at-09.21.03-766x1024.jpeg\" alt=\"\" data-id=\"184326\" data-full-url=\"https:\/\/radioljubuski.ba\/wp-content\/uploads\/2022\/09\/WhatsApp-Image-2022-09-29-at-09.21.03.jpeg\" data-link=\"https:\/\/radioljubuski.ba\/?attachment_id=184326\" class=\"wp-image-184326\" srcset=\"https:\/\/radioljubuski.ba\/wp-content\/uploads\/2022\/09\/WhatsApp-Image-2022-09-29-at-09.21.03-766x1024.jpeg 766w, https:\/\/radioljubuski.ba\/wp-content\/uploads\/2022\/09\/WhatsApp-Image-2022-09-29-at-09.21.03-224x300.jpeg 224w, https:\/\/radioljubuski.ba\/wp-content\/uploads\/2022\/09\/WhatsApp-Image-2022-09-29-at-09.21.03-768x1027.jpeg 768w, https:\/\/radioljubuski.ba\/wp-content\/uploads\/2022\/09\/WhatsApp-Image-2022-09-29-at-09.21.03-1149x1536.jpeg 1149w, https:\/\/radioljubuski.ba\/wp-content\/uploads\/2022\/09\/WhatsApp-Image-2022-09-29-at-09.21.03-9x12.jpeg 9w, https:\/\/radioljubuski.ba\/wp-content\/uploads\/2022\/09\/WhatsApp-Image-2022-09-29-at-09.21.03.jpeg 1496w\" sizes=\"auto, (max-width: 766px) 100vw, 766px\" \/><\/figure><\/li><li class=\"blocks-gallery-item\"><figure><img loading=\"lazy\" decoding=\"async\" width=\"1024\" height=\"766\" src=\"https:\/\/radioljubuski.ba\/wp-content\/uploads\/2022\/09\/WhatsApp-Image-2022-09-29-at-09.21.05-1-1024x766.jpeg\" alt=\"\" data-id=\"184328\" data-full-url=\"https:\/\/radioljubuski.ba\/wp-content\/uploads\/2022\/09\/WhatsApp-Image-2022-09-29-at-09.21.05-1.jpeg\" data-link=\"https:\/\/radioljubuski.ba\/?attachment_id=184328\" class=\"wp-image-184328\" srcset=\"https:\/\/radioljubuski.ba\/wp-content\/uploads\/2022\/09\/WhatsApp-Image-2022-09-29-at-09.21.05-1-1024x766.jpeg 1024w, https:\/\/radioljubuski.ba\/wp-content\/uploads\/2022\/09\/WhatsApp-Image-2022-09-29-at-09.21.05-1-300x224.jpeg 300w, https:\/\/radioljubuski.ba\/wp-content\/uploads\/2022\/09\/WhatsApp-Image-2022-09-29-at-09.21.05-1-768x574.jpeg 768w, https:\/\/radioljubuski.ba\/wp-content\/uploads\/2022\/09\/WhatsApp-Image-2022-09-29-at-09.21.05-1-1536x1149.jpeg 1536w, https:\/\/radioljubuski.ba\/wp-content\/uploads\/2022\/09\/WhatsApp-Image-2022-09-29-at-09.21.05-1-16x12.jpeg 16w, https:\/\/radioljubuski.ba\/wp-content\/uploads\/2022\/09\/WhatsApp-Image-2022-09-29-at-09.21.05-1.jpeg 2000w\" sizes=\"auto, (max-width: 1024px) 100vw, 1024px\" \/><\/figure><\/li><\/ul><\/figure>\n\n\n\n<p>G.Ili\u0107 \/ Radio Ljubu\u0161ki<\/p>\n","protected":false},"excerpt":{"rendered":"<p>Sino\u0107 je u Knji\u017enici Ljubu\u0161ki otvorena izlo\u017eba fotografija i umjetni\u010dkih slika pod nazivom \u201eLjepote Hercegovine\u201c. Nazo\u010dne je pozdravio Ivica Vizentaner, dok je svoj osvrt na izlo\u017ebeni postav dala prof. Ranka Boto. Fotografije i slike na kojima su prikazani motivi &nbsp;Hercegovine izlo\u017eili su \u010dlanovi HKB \u201eBilig\u201c, a to su: Antonija Ivankovi\u0107 Boras, Dragana Markoti\u0107, Igor Skoko, [&hellip;]<\/p>\n","protected":false},"author":2,"featured_media":184331,"comment_status":"closed","ping_status":"closed","sticky":false,"template":"","format":"standard","meta":{"h5ap_radio_sources":[],"footnotes":""},"categories":[32],"tags":[],"class_list":["post-184309","post","type-post","status-publish","format-standard","has-post-thumbnail","hentry","category-poslusajte"],"yoast_head":"<!-- This site is optimized with the Yoast SEO plugin v27.4 - https:\/\/yoast.com\/product\/yoast-seo-wordpress\/ -->\n<title>U Knji\u017enici Ljubu\u0161ki otvorena izlo\u017eba fotografija i slika \u201eLjepote Hercegovine\u201c - RADIO LJUBU\u0160KI<\/title>\n<meta name=\"robots\" content=\"index, follow, max-snippet:-1, max-image-preview:large, max-video-preview:-1\" \/>\n<link rel=\"canonical\" href=\"https:\/\/radioljubuski.ba\/index.php\/2022\/09\/29\/u-knjiznici-ljubuski-otvorena-izlozba-fotografija-i-slika-ljepote-hercegovine\/\" \/>\n<meta property=\"og:locale\" content=\"hr_HR\" \/>\n<meta property=\"og:type\" content=\"article\" \/>\n<meta property=\"og:title\" content=\"U Knji\u017enici Ljubu\u0161ki otvorena izlo\u017eba fotografija i slika \u201eLjepote Hercegovine\u201c - RADIO LJUBU\u0160KI\" \/>\n<meta property=\"og:description\" content=\"Sino\u0107 je u Knji\u017enici Ljubu\u0161ki otvorena izlo\u017eba fotografija i umjetni\u010dkih slika pod nazivom \u201eLjepote Hercegovine\u201c. Nazo\u010dne je pozdravio Ivica Vizentaner, dok je svoj osvrt na izlo\u017ebeni postav dala prof. Ranka Boto. Fotografije i slike na kojima su prikazani motivi &nbsp;Hercegovine izlo\u017eili su \u010dlanovi HKB \u201eBilig\u201c, a to su: Antonija Ivankovi\u0107 Boras, Dragana Markoti\u0107, Igor Skoko, [&hellip;]\" \/>\n<meta property=\"og:url\" content=\"https:\/\/radioljubuski.ba\/index.php\/2022\/09\/29\/u-knjiznici-ljubuski-otvorena-izlozba-fotografija-i-slika-ljepote-hercegovine\/\" \/>\n<meta property=\"og:site_name\" content=\"RADIO LJUBU\u0160KI\" \/>\n<meta property=\"article:publisher\" content=\"https:\/\/www.facebook.com\/Radiio-Ljubuski-1490835324566332\" \/>\n<meta property=\"article:published_time\" content=\"2022-09-29T07:52:10+00:00\" \/>\n<meta property=\"article:modified_time\" content=\"2022-09-30T09:22:05+00:00\" \/>\n<meta property=\"og:image\" content=\"https:\/\/radioljubuski.ba\/wp-content\/uploads\/2022\/09\/WhatsApp-Image-2022-09-29-at-09.21.04-1.jpeg\" \/>\n\t<meta property=\"og:image:width\" content=\"1496\" \/>\n\t<meta property=\"og:image:height\" content=\"2000\" \/>\n\t<meta property=\"og:image:type\" content=\"image\/jpeg\" \/>\n<meta name=\"author\" content=\"Radio Ljubu\u0161ki\" \/>\n<meta name=\"twitter:card\" content=\"summary_large_image\" \/>\n<meta name=\"twitter:creator\" content=\"@radioljubuski\" \/>\n<meta name=\"twitter:site\" content=\"@radioljubuski\" \/>\n<meta name=\"twitter:label1\" content=\"Napisao\/la\" \/>\n\t<meta name=\"twitter:data1\" content=\"Radio Ljubu\u0161ki\" \/>\n\t<meta name=\"twitter:label2\" content=\"Procijenjeno vrijeme \u010ditanja\" \/>\n\t<meta name=\"twitter:data2\" content=\"5 minuta\" \/>\n<script type=\"application\/ld+json\" class=\"yoast-schema-graph\">{\"@context\":\"https:\\\/\\\/schema.org\",\"@graph\":[{\"@type\":\"Article\",\"@id\":\"https:\\\/\\\/radioljubuski.ba\\\/index.php\\\/2022\\\/09\\\/29\\\/u-knjiznici-ljubuski-otvorena-izlozba-fotografija-i-slika-ljepote-hercegovine\\\/#article\",\"isPartOf\":{\"@id\":\"https:\\\/\\\/radioljubuski.ba\\\/index.php\\\/2022\\\/09\\\/29\\\/u-knjiznici-ljubuski-otvorena-izlozba-fotografija-i-slika-ljepote-hercegovine\\\/\"},\"author\":{\"name\":\"Radio Ljubu\u0161ki\",\"@id\":\"https:\\\/\\\/radioljubuski.ba\\\/#\\\/schema\\\/person\\\/19fc700381a780f69665d7956c469e3b\"},\"headline\":\"U Knji\u017enici Ljubu\u0161ki otvorena izlo\u017eba fotografija i slika \u201eLjepote Hercegovine\u201c\",\"datePublished\":\"2022-09-29T07:52:10+00:00\",\"dateModified\":\"2022-09-30T09:22:05+00:00\",\"mainEntityOfPage\":{\"@id\":\"https:\\\/\\\/radioljubuski.ba\\\/index.php\\\/2022\\\/09\\\/29\\\/u-knjiznici-ljubuski-otvorena-izlozba-fotografija-i-slika-ljepote-hercegovine\\\/\"},\"wordCount\":148,\"publisher\":{\"@id\":\"https:\\\/\\\/radioljubuski.ba\\\/#organization\"},\"image\":{\"@id\":\"https:\\\/\\\/radioljubuski.ba\\\/index.php\\\/2022\\\/09\\\/29\\\/u-knjiznici-ljubuski-otvorena-izlozba-fotografija-i-slika-ljepote-hercegovine\\\/#primaryimage\"},\"thumbnailUrl\":\"https:\\\/\\\/radioljubuski.ba\\\/wp-content\\\/uploads\\\/2022\\\/09\\\/WhatsApp-Image-2022-09-29-at-09.21.04-1.jpeg\",\"articleSection\":[\"Poslu\u0161ajte\"],\"inLanguage\":\"hr\"},{\"@type\":\"WebPage\",\"@id\":\"https:\\\/\\\/radioljubuski.ba\\\/index.php\\\/2022\\\/09\\\/29\\\/u-knjiznici-ljubuski-otvorena-izlozba-fotografija-i-slika-ljepote-hercegovine\\\/\",\"url\":\"https:\\\/\\\/radioljubuski.ba\\\/index.php\\\/2022\\\/09\\\/29\\\/u-knjiznici-ljubuski-otvorena-izlozba-fotografija-i-slika-ljepote-hercegovine\\\/\",\"name\":\"U Knji\u017enici Ljubu\u0161ki otvorena izlo\u017eba fotografija i slika \u201eLjepote Hercegovine\u201c - RADIO LJUBU\u0160KI\",\"isPartOf\":{\"@id\":\"https:\\\/\\\/radioljubuski.ba\\\/#website\"},\"primaryImageOfPage\":{\"@id\":\"https:\\\/\\\/radioljubuski.ba\\\/index.php\\\/2022\\\/09\\\/29\\\/u-knjiznici-ljubuski-otvorena-izlozba-fotografija-i-slika-ljepote-hercegovine\\\/#primaryimage\"},\"image\":{\"@id\":\"https:\\\/\\\/radioljubuski.ba\\\/index.php\\\/2022\\\/09\\\/29\\\/u-knjiznici-ljubuski-otvorena-izlozba-fotografija-i-slika-ljepote-hercegovine\\\/#primaryimage\"},\"thumbnailUrl\":\"https:\\\/\\\/radioljubuski.ba\\\/wp-content\\\/uploads\\\/2022\\\/09\\\/WhatsApp-Image-2022-09-29-at-09.21.04-1.jpeg\",\"datePublished\":\"2022-09-29T07:52:10+00:00\",\"dateModified\":\"2022-09-30T09:22:05+00:00\",\"breadcrumb\":{\"@id\":\"https:\\\/\\\/radioljubuski.ba\\\/index.php\\\/2022\\\/09\\\/29\\\/u-knjiznici-ljubuski-otvorena-izlozba-fotografija-i-slika-ljepote-hercegovine\\\/#breadcrumb\"},\"inLanguage\":\"hr\",\"potentialAction\":[{\"@type\":\"ReadAction\",\"target\":[\"https:\\\/\\\/radioljubuski.ba\\\/index.php\\\/2022\\\/09\\\/29\\\/u-knjiznici-ljubuski-otvorena-izlozba-fotografija-i-slika-ljepote-hercegovine\\\/\"]}]},{\"@type\":\"ImageObject\",\"inLanguage\":\"hr\",\"@id\":\"https:\\\/\\\/radioljubuski.ba\\\/index.php\\\/2022\\\/09\\\/29\\\/u-knjiznici-ljubuski-otvorena-izlozba-fotografija-i-slika-ljepote-hercegovine\\\/#primaryimage\",\"url\":\"https:\\\/\\\/radioljubuski.ba\\\/wp-content\\\/uploads\\\/2022\\\/09\\\/WhatsApp-Image-2022-09-29-at-09.21.04-1.jpeg\",\"contentUrl\":\"https:\\\/\\\/radioljubuski.ba\\\/wp-content\\\/uploads\\\/2022\\\/09\\\/WhatsApp-Image-2022-09-29-at-09.21.04-1.jpeg\",\"width\":1496,\"height\":2000},{\"@type\":\"BreadcrumbList\",\"@id\":\"https:\\\/\\\/radioljubuski.ba\\\/index.php\\\/2022\\\/09\\\/29\\\/u-knjiznici-ljubuski-otvorena-izlozba-fotografija-i-slika-ljepote-hercegovine\\\/#breadcrumb\",\"itemListElement\":[{\"@type\":\"ListItem\",\"position\":1,\"name\":\"Po\u010detna stranica\",\"item\":\"https:\\\/\\\/radioljubuski.ba\\\/\"},{\"@type\":\"ListItem\",\"position\":2,\"name\":\"U Knji\u017enici Ljubu\u0161ki otvorena izlo\u017eba fotografija i slika \u201eLjepote Hercegovine\u201c\"}]},{\"@type\":\"WebSite\",\"@id\":\"https:\\\/\\\/radioljubuski.ba\\\/#website\",\"url\":\"https:\\\/\\\/radioljubuski.ba\\\/\",\"name\":\"Radio Ljubu\u0161ki\",\"description\":\"Sun\u010dana frekvencija Hercegovine\",\"publisher\":{\"@id\":\"https:\\\/\\\/radioljubuski.ba\\\/#organization\"},\"potentialAction\":[{\"@type\":\"SearchAction\",\"target\":{\"@type\":\"EntryPoint\",\"urlTemplate\":\"https:\\\/\\\/radioljubuski.ba\\\/?s={search_term_string}\"},\"query-input\":{\"@type\":\"PropertyValueSpecification\",\"valueRequired\":true,\"valueName\":\"search_term_string\"}}],\"inLanguage\":\"hr\"},{\"@type\":\"Organization\",\"@id\":\"https:\\\/\\\/radioljubuski.ba\\\/#organization\",\"name\":\"Radio Ljubu\u0161ki\",\"url\":\"https:\\\/\\\/radioljubuski.ba\\\/\",\"logo\":{\"@type\":\"ImageObject\",\"inLanguage\":\"hr\",\"@id\":\"https:\\\/\\\/radioljubuski.ba\\\/#\\\/schema\\\/logo\\\/image\\\/\",\"url\":\"https:\\\/\\\/radioljubuski.ba\\\/wp-content\\\/uploads\\\/2021\\\/02\\\/cropped-Radio_Ljubuski_logo1.jpg\",\"contentUrl\":\"https:\\\/\\\/radioljubuski.ba\\\/wp-content\\\/uploads\\\/2021\\\/02\\\/cropped-Radio_Ljubuski_logo1.jpg\",\"width\":512,\"height\":512,\"caption\":\"Radio Ljubu\u0161ki\"},\"image\":{\"@id\":\"https:\\\/\\\/radioljubuski.ba\\\/#\\\/schema\\\/logo\\\/image\\\/\"},\"sameAs\":[\"https:\\\/\\\/www.facebook.com\\\/Radiio-Ljubuski-1490835324566332\",\"https:\\\/\\\/x.com\\\/radioljubuski\",\"https:\\\/\\\/hr.linkedin.com\\\/company\\\/radio-ljubuski\",\"https:\\\/\\\/www.youtube.com\\\/channel\\\/UCHYaeO_n0Db3tjNGudGpXyw\"]},{\"@type\":\"Person\",\"@id\":\"https:\\\/\\\/radioljubuski.ba\\\/#\\\/schema\\\/person\\\/19fc700381a780f69665d7956c469e3b\",\"name\":\"Radio Ljubu\u0161ki\"}]}<\/script>\n<!-- \/ Yoast SEO plugin. -->","yoast_head_json":{"title":"U Knji\u017enici Ljubu\u0161ki otvorena izlo\u017eba fotografija i slika \u201eLjepote Hercegovine\u201c - RADIO LJUBU\u0160KI","robots":{"index":"index","follow":"follow","max-snippet":"max-snippet:-1","max-image-preview":"max-image-preview:large","max-video-preview":"max-video-preview:-1"},"canonical":"https:\/\/radioljubuski.ba\/index.php\/2022\/09\/29\/u-knjiznici-ljubuski-otvorena-izlozba-fotografija-i-slika-ljepote-hercegovine\/","og_locale":"hr_HR","og_type":"article","og_title":"U Knji\u017enici Ljubu\u0161ki otvorena izlo\u017eba fotografija i slika \u201eLjepote Hercegovine\u201c - RADIO LJUBU\u0160KI","og_description":"Sino\u0107 je u Knji\u017enici Ljubu\u0161ki otvorena izlo\u017eba fotografija i umjetni\u010dkih slika pod nazivom \u201eLjepote Hercegovine\u201c. Nazo\u010dne je pozdravio Ivica Vizentaner, dok je svoj osvrt na izlo\u017ebeni postav dala prof. Ranka Boto. Fotografije i slike na kojima su prikazani motivi &nbsp;Hercegovine izlo\u017eili su \u010dlanovi HKB \u201eBilig\u201c, a to su: Antonija Ivankovi\u0107 Boras, Dragana Markoti\u0107, Igor Skoko, [&hellip;]","og_url":"https:\/\/radioljubuski.ba\/index.php\/2022\/09\/29\/u-knjiznici-ljubuski-otvorena-izlozba-fotografija-i-slika-ljepote-hercegovine\/","og_site_name":"RADIO LJUBU\u0160KI","article_publisher":"https:\/\/www.facebook.com\/Radiio-Ljubuski-1490835324566332","article_published_time":"2022-09-29T07:52:10+00:00","article_modified_time":"2022-09-30T09:22:05+00:00","og_image":[{"width":1496,"height":2000,"url":"https:\/\/radioljubuski.ba\/wp-content\/uploads\/2022\/09\/WhatsApp-Image-2022-09-29-at-09.21.04-1.jpeg","type":"image\/jpeg"}],"author":"Radio Ljubu\u0161ki","twitter_card":"summary_large_image","twitter_creator":"@radioljubuski","twitter_site":"@radioljubuski","twitter_misc":{"Napisao\/la":"Radio Ljubu\u0161ki","Procijenjeno vrijeme \u010ditanja":"5 minuta"},"schema":{"@context":"https:\/\/schema.org","@graph":[{"@type":"Article","@id":"https:\/\/radioljubuski.ba\/index.php\/2022\/09\/29\/u-knjiznici-ljubuski-otvorena-izlozba-fotografija-i-slika-ljepote-hercegovine\/#article","isPartOf":{"@id":"https:\/\/radioljubuski.ba\/index.php\/2022\/09\/29\/u-knjiznici-ljubuski-otvorena-izlozba-fotografija-i-slika-ljepote-hercegovine\/"},"author":{"name":"Radio Ljubu\u0161ki","@id":"https:\/\/radioljubuski.ba\/#\/schema\/person\/19fc700381a780f69665d7956c469e3b"},"headline":"U Knji\u017enici Ljubu\u0161ki otvorena izlo\u017eba fotografija i slika \u201eLjepote Hercegovine\u201c","datePublished":"2022-09-29T07:52:10+00:00","dateModified":"2022-09-30T09:22:05+00:00","mainEntityOfPage":{"@id":"https:\/\/radioljubuski.ba\/index.php\/2022\/09\/29\/u-knjiznici-ljubuski-otvorena-izlozba-fotografija-i-slika-ljepote-hercegovine\/"},"wordCount":148,"publisher":{"@id":"https:\/\/radioljubuski.ba\/#organization"},"image":{"@id":"https:\/\/radioljubuski.ba\/index.php\/2022\/09\/29\/u-knjiznici-ljubuski-otvorena-izlozba-fotografija-i-slika-ljepote-hercegovine\/#primaryimage"},"thumbnailUrl":"https:\/\/radioljubuski.ba\/wp-content\/uploads\/2022\/09\/WhatsApp-Image-2022-09-29-at-09.21.04-1.jpeg","articleSection":["Poslu\u0161ajte"],"inLanguage":"hr"},{"@type":"WebPage","@id":"https:\/\/radioljubuski.ba\/index.php\/2022\/09\/29\/u-knjiznici-ljubuski-otvorena-izlozba-fotografija-i-slika-ljepote-hercegovine\/","url":"https:\/\/radioljubuski.ba\/index.php\/2022\/09\/29\/u-knjiznici-ljubuski-otvorena-izlozba-fotografija-i-slika-ljepote-hercegovine\/","name":"U Knji\u017enici Ljubu\u0161ki otvorena izlo\u017eba fotografija i slika \u201eLjepote Hercegovine\u201c - RADIO LJUBU\u0160KI","isPartOf":{"@id":"https:\/\/radioljubuski.ba\/#website"},"primaryImageOfPage":{"@id":"https:\/\/radioljubuski.ba\/index.php\/2022\/09\/29\/u-knjiznici-ljubuski-otvorena-izlozba-fotografija-i-slika-ljepote-hercegovine\/#primaryimage"},"image":{"@id":"https:\/\/radioljubuski.ba\/index.php\/2022\/09\/29\/u-knjiznici-ljubuski-otvorena-izlozba-fotografija-i-slika-ljepote-hercegovine\/#primaryimage"},"thumbnailUrl":"https:\/\/radioljubuski.ba\/wp-content\/uploads\/2022\/09\/WhatsApp-Image-2022-09-29-at-09.21.04-1.jpeg","datePublished":"2022-09-29T07:52:10+00:00","dateModified":"2022-09-30T09:22:05+00:00","breadcrumb":{"@id":"https:\/\/radioljubuski.ba\/index.php\/2022\/09\/29\/u-knjiznici-ljubuski-otvorena-izlozba-fotografija-i-slika-ljepote-hercegovine\/#breadcrumb"},"inLanguage":"hr","potentialAction":[{"@type":"ReadAction","target":["https:\/\/radioljubuski.ba\/index.php\/2022\/09\/29\/u-knjiznici-ljubuski-otvorena-izlozba-fotografija-i-slika-ljepote-hercegovine\/"]}]},{"@type":"ImageObject","inLanguage":"hr","@id":"https:\/\/radioljubuski.ba\/index.php\/2022\/09\/29\/u-knjiznici-ljubuski-otvorena-izlozba-fotografija-i-slika-ljepote-hercegovine\/#primaryimage","url":"https:\/\/radioljubuski.ba\/wp-content\/uploads\/2022\/09\/WhatsApp-Image-2022-09-29-at-09.21.04-1.jpeg","contentUrl":"https:\/\/radioljubuski.ba\/wp-content\/uploads\/2022\/09\/WhatsApp-Image-2022-09-29-at-09.21.04-1.jpeg","width":1496,"height":2000},{"@type":"BreadcrumbList","@id":"https:\/\/radioljubuski.ba\/index.php\/2022\/09\/29\/u-knjiznici-ljubuski-otvorena-izlozba-fotografija-i-slika-ljepote-hercegovine\/#breadcrumb","itemListElement":[{"@type":"ListItem","position":1,"name":"Po\u010detna stranica","item":"https:\/\/radioljubuski.ba\/"},{"@type":"ListItem","position":2,"name":"U Knji\u017enici Ljubu\u0161ki otvorena izlo\u017eba fotografija i slika \u201eLjepote Hercegovine\u201c"}]},{"@type":"WebSite","@id":"https:\/\/radioljubuski.ba\/#website","url":"https:\/\/radioljubuski.ba\/","name":"Radio Ljubu\u0161ki","description":"Sun\u010dana frekvencija Hercegovine","publisher":{"@id":"https:\/\/radioljubuski.ba\/#organization"},"potentialAction":[{"@type":"SearchAction","target":{"@type":"EntryPoint","urlTemplate":"https:\/\/radioljubuski.ba\/?s={search_term_string}"},"query-input":{"@type":"PropertyValueSpecification","valueRequired":true,"valueName":"search_term_string"}}],"inLanguage":"hr"},{"@type":"Organization","@id":"https:\/\/radioljubuski.ba\/#organization","name":"Radio Ljubu\u0161ki","url":"https:\/\/radioljubuski.ba\/","logo":{"@type":"ImageObject","inLanguage":"hr","@id":"https:\/\/radioljubuski.ba\/#\/schema\/logo\/image\/","url":"https:\/\/radioljubuski.ba\/wp-content\/uploads\/2021\/02\/cropped-Radio_Ljubuski_logo1.jpg","contentUrl":"https:\/\/radioljubuski.ba\/wp-content\/uploads\/2021\/02\/cropped-Radio_Ljubuski_logo1.jpg","width":512,"height":512,"caption":"Radio Ljubu\u0161ki"},"image":{"@id":"https:\/\/radioljubuski.ba\/#\/schema\/logo\/image\/"},"sameAs":["https:\/\/www.facebook.com\/Radiio-Ljubuski-1490835324566332","https:\/\/x.com\/radioljubuski","https:\/\/hr.linkedin.com\/company\/radio-ljubuski","https:\/\/www.youtube.com\/channel\/UCHYaeO_n0Db3tjNGudGpXyw"]},{"@type":"Person","@id":"https:\/\/radioljubuski.ba\/#\/schema\/person\/19fc700381a780f69665d7956c469e3b","name":"Radio Ljubu\u0161ki"}]}},"_links":{"self":[{"href":"https:\/\/radioljubuski.ba\/index.php\/wp-json\/wp\/v2\/posts\/184309","targetHints":{"allow":["GET"]}}],"collection":[{"href":"https:\/\/radioljubuski.ba\/index.php\/wp-json\/wp\/v2\/posts"}],"about":[{"href":"https:\/\/radioljubuski.ba\/index.php\/wp-json\/wp\/v2\/types\/post"}],"author":[{"embeddable":true,"href":"https:\/\/radioljubuski.ba\/index.php\/wp-json\/wp\/v2\/users\/2"}],"replies":[{"embeddable":true,"href":"https:\/\/radioljubuski.ba\/index.php\/wp-json\/wp\/v2\/comments?post=184309"}],"version-history":[{"count":4,"href":"https:\/\/radioljubuski.ba\/index.php\/wp-json\/wp\/v2\/posts\/184309\/revisions"}],"predecessor-version":[{"id":184336,"href":"https:\/\/radioljubuski.ba\/index.php\/wp-json\/wp\/v2\/posts\/184309\/revisions\/184336"}],"wp:featuredmedia":[{"embeddable":true,"href":"https:\/\/radioljubuski.ba\/index.php\/wp-json\/wp\/v2\/media\/184331"}],"wp:attachment":[{"href":"https:\/\/radioljubuski.ba\/index.php\/wp-json\/wp\/v2\/media?parent=184309"}],"wp:term":[{"taxonomy":"category","embeddable":true,"href":"https:\/\/radioljubuski.ba\/index.php\/wp-json\/wp\/v2\/categories?post=184309"},{"taxonomy":"post_tag","embeddable":true,"href":"https:\/\/radioljubuski.ba\/index.php\/wp-json\/wp\/v2\/tags?post=184309"}],"curies":[{"name":"wp","href":"https:\/\/api.w.org\/{rel}","templated":true}]}}