{"id":184378,"date":"2022-09-29T14:01:58","date_gmt":"2022-09-29T13:01:58","guid":{"rendered":"https:\/\/radioljubuski.ba\/?p=184378"},"modified":"2022-09-29T14:02:15","modified_gmt":"2022-09-29T13:02:15","slug":"siroki-brijeg-knjigu-kresimira-cosica-predstavit-ce-dragan-covic-i-zdenko-cosic","status":"publish","type":"post","link":"https:\/\/radioljubuski.ba\/index.php\/2022\/09\/29\/siroki-brijeg-knjigu-kresimira-cosica-predstavit-ce-dragan-covic-i-zdenko-cosic\/","title":{"rendered":"\u0160iroki Brijeg: Knjigu Kre\u0161imira \u0106osi\u0107a predstavit \u0107e Dragan \u010covi\u0107 i Zdenko \u0106osi\u0107"},"content":{"rendered":"\n<p>U kinodvorani Borak u \u0160irokom Brijegu, u petak s po\u010detkom u 18 sati, u organizaciji \u0161irokobrije\u0161kog ogranka Matice hrvatske, bit \u0107e predstavljena knjiga \u201cIzme\u0111u pro\u0161losti i budu\u0107nosti\u201d autora generala prof. dr. Kre\u0161imira \u0106osi\u0107a.<\/p>\n\n\n\n<p>Knjigu hrvatskog generala i sveu\u010dili\u0161nog profesora predstavit \u0107e dr. Dragan \u010covi\u0107, predsjednik HDZ-a i HNS-a BiH, i Zdenko \u0106osi\u0107, predsjednik Vlada \u017dZH-a, dopredsjednik HDZ-a BiH i \u010dlan Predsjedni\u0161tva HNS-a BiH, a moderator programa bit \u0107e Gojko Jeli\u0107, predsjednik ogranka Matice hrvatske u \u0160irokom Brijegu. U glazbenom dijelu programa sudjelovat \u0107e Mate Sli\u0161kovi\u0107 i Ivan Su\u0161ac, u\u010denici Srednje glazbene \u0161kole \u0160iroki Brijeg, uz glasovirsku pratnju Nine Puzi\u0107.<\/p>\n\n\n\n<figure class=\"wp-block-image\"><img decoding=\"async\" src=\"https:\/\/www.vecernji.ba\/media\/img\/7e\/18\/1bc7acbc6cbbd01eb514.jpeg\" alt=\" | Autor : \"\/><\/figure>\n\n\n\n<p>O knjizi \u0107e govoriti i sam autor prof. dr. Kre\u0161imir \u0106osi\u0107, hrvatski general, ugledni elektroni\u010dar i politi\u010dar, podrijetlom iz Buhova kod \u0160irokog Brijega. Rodio se se 1949. u Zagrebu, diplomirao i doktorirao na Fakultetu elektrotehnike i ra\u010dunarstva Sveu\u010dili\u0161ta u Zagrebu, na kojem je i predavao. Bio je i gostuju\u0107i profesor na Zrakoplovno-svemirskom odsijeku Sveu\u010dili\u0161ta dr\u017eave Michigan u Ann Arboru.<\/p>\n\n\n\n<p>Sudjelovao je u operacijama Bljesak, Ljeto 94, Zima 94 i Oluja. Kao \u010dlan HDZ-a bio je zastupnik u Hrvatskom saboru. Autor je brojnih znanstvenih radova i dobitnik niza priznanja. \u201cIzme\u0111u pro\u0161losti i budu\u0107nosti\u201d vrijedna je autorska knjiga pisana primjerenim i prihvatljivim jezikom za svakog \u010ditatelja, posebno za one koji \u017eele obogatiti svoje znanje o Domovinskom ratu. No, svojom obuhvatno\u0161\u0107u i slojevito\u0161\u0107u knjiga je zanimljiva i za najzahtjevniju publiku koja preferira i najvi\u0161e znanstvene razine.<\/p>\n\n\n\n<p>Izvor:vecernji.ba<br><br><br><\/p>\n","protected":false},"excerpt":{"rendered":"<p>U kinodvorani Borak u \u0160irokom Brijegu, u petak s po\u010detkom u 18 sati, u organizaciji \u0161irokobrije\u0161kog ogranka Matice hrvatske, bit \u0107e predstavljena knjiga \u201cIzme\u0111u pro\u0161losti i budu\u0107nosti\u201d autora generala prof. dr. Kre\u0161imira \u0106osi\u0107a. Knjigu hrvatskog generala i sveu\u010dili\u0161nog profesora predstavit \u0107e dr. Dragan \u010covi\u0107, predsjednik HDZ-a i HNS-a BiH, i Zdenko \u0106osi\u0107, predsjednik Vlada \u017dZH-a, [&hellip;]<\/p>\n","protected":false},"author":2,"featured_media":184379,"comment_status":"closed","ping_status":"closed","sticky":false,"template":"","format":"standard","meta":{"h5ap_radio_sources":[],"footnotes":""},"categories":[30],"tags":[],"class_list":["post-184378","post","type-post","status-publish","format-standard","has-post-thumbnail","hentry","category-zupanija-zapadnohercegovacka"],"yoast_head":"<!-- This site is optimized with the Yoast SEO plugin v27.5 - https:\/\/yoast.com\/product\/yoast-seo-wordpress\/ -->\n<title>\u0160iroki Brijeg: Knjigu Kre\u0161imira \u0106osi\u0107a predstavit \u0107e Dragan \u010covi\u0107 i Zdenko \u0106osi\u0107 - RADIO LJUBU\u0160KI<\/title>\n<meta name=\"robots\" content=\"index, follow, max-snippet:-1, max-image-preview:large, max-video-preview:-1\" \/>\n<link rel=\"canonical\" href=\"https:\/\/radioljubuski.ba\/index.php\/2022\/09\/29\/siroki-brijeg-knjigu-kresimira-cosica-predstavit-ce-dragan-covic-i-zdenko-cosic\/\" \/>\n<meta property=\"og:locale\" content=\"hr_HR\" \/>\n<meta property=\"og:type\" content=\"article\" \/>\n<meta property=\"og:title\" content=\"\u0160iroki Brijeg: Knjigu Kre\u0161imira \u0106osi\u0107a predstavit \u0107e Dragan \u010covi\u0107 i Zdenko \u0106osi\u0107 - RADIO LJUBU\u0160KI\" \/>\n<meta property=\"og:description\" content=\"U kinodvorani Borak u \u0160irokom Brijegu, u petak s po\u010detkom u 18 sati, u organizaciji \u0161irokobrije\u0161kog ogranka Matice hrvatske, bit \u0107e predstavljena knjiga \u201cIzme\u0111u pro\u0161losti i budu\u0107nosti\u201d autora generala prof. dr. Kre\u0161imira \u0106osi\u0107a. Knjigu hrvatskog generala i sveu\u010dili\u0161nog profesora predstavit \u0107e dr. Dragan \u010covi\u0107, predsjednik HDZ-a i HNS-a BiH, i Zdenko \u0106osi\u0107, predsjednik Vlada \u017dZH-a, [&hellip;]\" \/>\n<meta property=\"og:url\" content=\"https:\/\/radioljubuski.ba\/index.php\/2022\/09\/29\/siroki-brijeg-knjigu-kresimira-cosica-predstavit-ce-dragan-covic-i-zdenko-cosic\/\" \/>\n<meta property=\"og:site_name\" content=\"RADIO LJUBU\u0160KI\" \/>\n<meta property=\"article:publisher\" content=\"https:\/\/www.facebook.com\/Radiio-Ljubuski-1490835324566332\" \/>\n<meta property=\"article:published_time\" content=\"2022-09-29T13:01:58+00:00\" \/>\n<meta property=\"article:modified_time\" content=\"2022-09-29T13:02:15+00:00\" \/>\n<meta property=\"og:image\" content=\"https:\/\/radioljubuski.ba\/wp-content\/uploads\/2022\/09\/10-2022-09-28-13-53-34-o_24616013_1280-1068x712-1.jpg\" \/>\n\t<meta property=\"og:image:width\" content=\"1000\" \/>\n\t<meta property=\"og:image:height\" content=\"625\" \/>\n\t<meta property=\"og:image:type\" content=\"image\/jpeg\" \/>\n<meta name=\"author\" content=\"Radio Ljubu\u0161ki\" \/>\n<meta name=\"twitter:card\" content=\"summary_large_image\" \/>\n<meta name=\"twitter:creator\" content=\"@radioljubuski\" \/>\n<meta name=\"twitter:site\" content=\"@radioljubuski\" \/>\n<meta name=\"twitter:label1\" content=\"Napisao\/la\" \/>\n\t<meta name=\"twitter:data1\" content=\"Radio Ljubu\u0161ki\" \/>\n\t<meta name=\"twitter:label2\" content=\"Procijenjeno vrijeme \u010ditanja\" \/>\n\t<meta name=\"twitter:data2\" content=\"2 minute\" \/>\n<script type=\"application\/ld+json\" class=\"yoast-schema-graph\">{\"@context\":\"https:\\\/\\\/schema.org\",\"@graph\":[{\"@type\":\"Article\",\"@id\":\"https:\\\/\\\/radioljubuski.ba\\\/index.php\\\/2022\\\/09\\\/29\\\/siroki-brijeg-knjigu-kresimira-cosica-predstavit-ce-dragan-covic-i-zdenko-cosic\\\/#article\",\"isPartOf\":{\"@id\":\"https:\\\/\\\/radioljubuski.ba\\\/index.php\\\/2022\\\/09\\\/29\\\/siroki-brijeg-knjigu-kresimira-cosica-predstavit-ce-dragan-covic-i-zdenko-cosic\\\/\"},\"author\":{\"name\":\"Radio Ljubu\u0161ki\",\"@id\":\"https:\\\/\\\/radioljubuski.ba\\\/#\\\/schema\\\/person\\\/19fc700381a780f69665d7956c469e3b\"},\"headline\":\"\u0160iroki Brijeg: Knjigu Kre\u0161imira \u0106osi\u0107a predstavit \u0107e Dragan \u010covi\u0107 i Zdenko \u0106osi\u0107\",\"datePublished\":\"2022-09-29T13:01:58+00:00\",\"dateModified\":\"2022-09-29T13:02:15+00:00\",\"mainEntityOfPage\":{\"@id\":\"https:\\\/\\\/radioljubuski.ba\\\/index.php\\\/2022\\\/09\\\/29\\\/siroki-brijeg-knjigu-kresimira-cosica-predstavit-ce-dragan-covic-i-zdenko-cosic\\\/\"},\"wordCount\":274,\"publisher\":{\"@id\":\"https:\\\/\\\/radioljubuski.ba\\\/#organization\"},\"image\":{\"@id\":\"https:\\\/\\\/radioljubuski.ba\\\/index.php\\\/2022\\\/09\\\/29\\\/siroki-brijeg-knjigu-kresimira-cosica-predstavit-ce-dragan-covic-i-zdenko-cosic\\\/#primaryimage\"},\"thumbnailUrl\":\"https:\\\/\\\/radioljubuski.ba\\\/wp-content\\\/uploads\\\/2022\\\/09\\\/10-2022-09-28-13-53-34-o_24616013_1280-1068x712-1.jpg\",\"articleSection\":[\"\u017dupanija Zapadnohercegova\u010dka\"],\"inLanguage\":\"hr\"},{\"@type\":\"WebPage\",\"@id\":\"https:\\\/\\\/radioljubuski.ba\\\/index.php\\\/2022\\\/09\\\/29\\\/siroki-brijeg-knjigu-kresimira-cosica-predstavit-ce-dragan-covic-i-zdenko-cosic\\\/\",\"url\":\"https:\\\/\\\/radioljubuski.ba\\\/index.php\\\/2022\\\/09\\\/29\\\/siroki-brijeg-knjigu-kresimira-cosica-predstavit-ce-dragan-covic-i-zdenko-cosic\\\/\",\"name\":\"\u0160iroki Brijeg: Knjigu Kre\u0161imira \u0106osi\u0107a predstavit \u0107e Dragan \u010covi\u0107 i Zdenko \u0106osi\u0107 - RADIO LJUBU\u0160KI\",\"isPartOf\":{\"@id\":\"https:\\\/\\\/radioljubuski.ba\\\/#website\"},\"primaryImageOfPage\":{\"@id\":\"https:\\\/\\\/radioljubuski.ba\\\/index.php\\\/2022\\\/09\\\/29\\\/siroki-brijeg-knjigu-kresimira-cosica-predstavit-ce-dragan-covic-i-zdenko-cosic\\\/#primaryimage\"},\"image\":{\"@id\":\"https:\\\/\\\/radioljubuski.ba\\\/index.php\\\/2022\\\/09\\\/29\\\/siroki-brijeg-knjigu-kresimira-cosica-predstavit-ce-dragan-covic-i-zdenko-cosic\\\/#primaryimage\"},\"thumbnailUrl\":\"https:\\\/\\\/radioljubuski.ba\\\/wp-content\\\/uploads\\\/2022\\\/09\\\/10-2022-09-28-13-53-34-o_24616013_1280-1068x712-1.jpg\",\"datePublished\":\"2022-09-29T13:01:58+00:00\",\"dateModified\":\"2022-09-29T13:02:15+00:00\",\"breadcrumb\":{\"@id\":\"https:\\\/\\\/radioljubuski.ba\\\/index.php\\\/2022\\\/09\\\/29\\\/siroki-brijeg-knjigu-kresimira-cosica-predstavit-ce-dragan-covic-i-zdenko-cosic\\\/#breadcrumb\"},\"inLanguage\":\"hr\",\"potentialAction\":[{\"@type\":\"ReadAction\",\"target\":[\"https:\\\/\\\/radioljubuski.ba\\\/index.php\\\/2022\\\/09\\\/29\\\/siroki-brijeg-knjigu-kresimira-cosica-predstavit-ce-dragan-covic-i-zdenko-cosic\\\/\"]}]},{\"@type\":\"ImageObject\",\"inLanguage\":\"hr\",\"@id\":\"https:\\\/\\\/radioljubuski.ba\\\/index.php\\\/2022\\\/09\\\/29\\\/siroki-brijeg-knjigu-kresimira-cosica-predstavit-ce-dragan-covic-i-zdenko-cosic\\\/#primaryimage\",\"url\":\"https:\\\/\\\/radioljubuski.ba\\\/wp-content\\\/uploads\\\/2022\\\/09\\\/10-2022-09-28-13-53-34-o_24616013_1280-1068x712-1.jpg\",\"contentUrl\":\"https:\\\/\\\/radioljubuski.ba\\\/wp-content\\\/uploads\\\/2022\\\/09\\\/10-2022-09-28-13-53-34-o_24616013_1280-1068x712-1.jpg\",\"width\":1000,\"height\":625},{\"@type\":\"BreadcrumbList\",\"@id\":\"https:\\\/\\\/radioljubuski.ba\\\/index.php\\\/2022\\\/09\\\/29\\\/siroki-brijeg-knjigu-kresimira-cosica-predstavit-ce-dragan-covic-i-zdenko-cosic\\\/#breadcrumb\",\"itemListElement\":[{\"@type\":\"ListItem\",\"position\":1,\"name\":\"Po\u010detna stranica\",\"item\":\"https:\\\/\\\/radioljubuski.ba\\\/\"},{\"@type\":\"ListItem\",\"position\":2,\"name\":\"\u0160iroki Brijeg: Knjigu Kre\u0161imira \u0106osi\u0107a predstavit \u0107e Dragan \u010covi\u0107 i Zdenko \u0106osi\u0107\"}]},{\"@type\":\"WebSite\",\"@id\":\"https:\\\/\\\/radioljubuski.ba\\\/#website\",\"url\":\"https:\\\/\\\/radioljubuski.ba\\\/\",\"name\":\"Radio Ljubu\u0161ki\",\"description\":\"Sun\u010dana frekvencija Hercegovine\",\"publisher\":{\"@id\":\"https:\\\/\\\/radioljubuski.ba\\\/#organization\"},\"potentialAction\":[{\"@type\":\"SearchAction\",\"target\":{\"@type\":\"EntryPoint\",\"urlTemplate\":\"https:\\\/\\\/radioljubuski.ba\\\/?s={search_term_string}\"},\"query-input\":{\"@type\":\"PropertyValueSpecification\",\"valueRequired\":true,\"valueName\":\"search_term_string\"}}],\"inLanguage\":\"hr\"},{\"@type\":\"Organization\",\"@id\":\"https:\\\/\\\/radioljubuski.ba\\\/#organization\",\"name\":\"Radio Ljubu\u0161ki\",\"url\":\"https:\\\/\\\/radioljubuski.ba\\\/\",\"logo\":{\"@type\":\"ImageObject\",\"inLanguage\":\"hr\",\"@id\":\"https:\\\/\\\/radioljubuski.ba\\\/#\\\/schema\\\/logo\\\/image\\\/\",\"url\":\"https:\\\/\\\/radioljubuski.ba\\\/wp-content\\\/uploads\\\/2021\\\/02\\\/cropped-Radio_Ljubuski_logo1.jpg\",\"contentUrl\":\"https:\\\/\\\/radioljubuski.ba\\\/wp-content\\\/uploads\\\/2021\\\/02\\\/cropped-Radio_Ljubuski_logo1.jpg\",\"width\":512,\"height\":512,\"caption\":\"Radio Ljubu\u0161ki\"},\"image\":{\"@id\":\"https:\\\/\\\/radioljubuski.ba\\\/#\\\/schema\\\/logo\\\/image\\\/\"},\"sameAs\":[\"https:\\\/\\\/www.facebook.com\\\/Radiio-Ljubuski-1490835324566332\",\"https:\\\/\\\/x.com\\\/radioljubuski\",\"https:\\\/\\\/hr.linkedin.com\\\/company\\\/radio-ljubuski\",\"https:\\\/\\\/www.youtube.com\\\/channel\\\/UCHYaeO_n0Db3tjNGudGpXyw\"]},{\"@type\":\"Person\",\"@id\":\"https:\\\/\\\/radioljubuski.ba\\\/#\\\/schema\\\/person\\\/19fc700381a780f69665d7956c469e3b\",\"name\":\"Radio Ljubu\u0161ki\"}]}<\/script>\n<!-- \/ Yoast SEO plugin. -->","yoast_head_json":{"title":"\u0160iroki Brijeg: Knjigu Kre\u0161imira \u0106osi\u0107a predstavit \u0107e Dragan \u010covi\u0107 i Zdenko \u0106osi\u0107 - RADIO LJUBU\u0160KI","robots":{"index":"index","follow":"follow","max-snippet":"max-snippet:-1","max-image-preview":"max-image-preview:large","max-video-preview":"max-video-preview:-1"},"canonical":"https:\/\/radioljubuski.ba\/index.php\/2022\/09\/29\/siroki-brijeg-knjigu-kresimira-cosica-predstavit-ce-dragan-covic-i-zdenko-cosic\/","og_locale":"hr_HR","og_type":"article","og_title":"\u0160iroki Brijeg: Knjigu Kre\u0161imira \u0106osi\u0107a predstavit \u0107e Dragan \u010covi\u0107 i Zdenko \u0106osi\u0107 - RADIO LJUBU\u0160KI","og_description":"U kinodvorani Borak u \u0160irokom Brijegu, u petak s po\u010detkom u 18 sati, u organizaciji \u0161irokobrije\u0161kog ogranka Matice hrvatske, bit \u0107e predstavljena knjiga \u201cIzme\u0111u pro\u0161losti i budu\u0107nosti\u201d autora generala prof. dr. Kre\u0161imira \u0106osi\u0107a. Knjigu hrvatskog generala i sveu\u010dili\u0161nog profesora predstavit \u0107e dr. Dragan \u010covi\u0107, predsjednik HDZ-a i HNS-a BiH, i Zdenko \u0106osi\u0107, predsjednik Vlada \u017dZH-a, [&hellip;]","og_url":"https:\/\/radioljubuski.ba\/index.php\/2022\/09\/29\/siroki-brijeg-knjigu-kresimira-cosica-predstavit-ce-dragan-covic-i-zdenko-cosic\/","og_site_name":"RADIO LJUBU\u0160KI","article_publisher":"https:\/\/www.facebook.com\/Radiio-Ljubuski-1490835324566332","article_published_time":"2022-09-29T13:01:58+00:00","article_modified_time":"2022-09-29T13:02:15+00:00","og_image":[{"width":1000,"height":625,"url":"https:\/\/radioljubuski.ba\/wp-content\/uploads\/2022\/09\/10-2022-09-28-13-53-34-o_24616013_1280-1068x712-1.jpg","type":"image\/jpeg"}],"author":"Radio Ljubu\u0161ki","twitter_card":"summary_large_image","twitter_creator":"@radioljubuski","twitter_site":"@radioljubuski","twitter_misc":{"Napisao\/la":"Radio Ljubu\u0161ki","Procijenjeno vrijeme \u010ditanja":"2 minute"},"schema":{"@context":"https:\/\/schema.org","@graph":[{"@type":"Article","@id":"https:\/\/radioljubuski.ba\/index.php\/2022\/09\/29\/siroki-brijeg-knjigu-kresimira-cosica-predstavit-ce-dragan-covic-i-zdenko-cosic\/#article","isPartOf":{"@id":"https:\/\/radioljubuski.ba\/index.php\/2022\/09\/29\/siroki-brijeg-knjigu-kresimira-cosica-predstavit-ce-dragan-covic-i-zdenko-cosic\/"},"author":{"name":"Radio Ljubu\u0161ki","@id":"https:\/\/radioljubuski.ba\/#\/schema\/person\/19fc700381a780f69665d7956c469e3b"},"headline":"\u0160iroki Brijeg: Knjigu Kre\u0161imira \u0106osi\u0107a predstavit \u0107e Dragan \u010covi\u0107 i Zdenko \u0106osi\u0107","datePublished":"2022-09-29T13:01:58+00:00","dateModified":"2022-09-29T13:02:15+00:00","mainEntityOfPage":{"@id":"https:\/\/radioljubuski.ba\/index.php\/2022\/09\/29\/siroki-brijeg-knjigu-kresimira-cosica-predstavit-ce-dragan-covic-i-zdenko-cosic\/"},"wordCount":274,"publisher":{"@id":"https:\/\/radioljubuski.ba\/#organization"},"image":{"@id":"https:\/\/radioljubuski.ba\/index.php\/2022\/09\/29\/siroki-brijeg-knjigu-kresimira-cosica-predstavit-ce-dragan-covic-i-zdenko-cosic\/#primaryimage"},"thumbnailUrl":"https:\/\/radioljubuski.ba\/wp-content\/uploads\/2022\/09\/10-2022-09-28-13-53-34-o_24616013_1280-1068x712-1.jpg","articleSection":["\u017dupanija Zapadnohercegova\u010dka"],"inLanguage":"hr"},{"@type":"WebPage","@id":"https:\/\/radioljubuski.ba\/index.php\/2022\/09\/29\/siroki-brijeg-knjigu-kresimira-cosica-predstavit-ce-dragan-covic-i-zdenko-cosic\/","url":"https:\/\/radioljubuski.ba\/index.php\/2022\/09\/29\/siroki-brijeg-knjigu-kresimira-cosica-predstavit-ce-dragan-covic-i-zdenko-cosic\/","name":"\u0160iroki Brijeg: Knjigu Kre\u0161imira \u0106osi\u0107a predstavit \u0107e Dragan \u010covi\u0107 i Zdenko \u0106osi\u0107 - RADIO LJUBU\u0160KI","isPartOf":{"@id":"https:\/\/radioljubuski.ba\/#website"},"primaryImageOfPage":{"@id":"https:\/\/radioljubuski.ba\/index.php\/2022\/09\/29\/siroki-brijeg-knjigu-kresimira-cosica-predstavit-ce-dragan-covic-i-zdenko-cosic\/#primaryimage"},"image":{"@id":"https:\/\/radioljubuski.ba\/index.php\/2022\/09\/29\/siroki-brijeg-knjigu-kresimira-cosica-predstavit-ce-dragan-covic-i-zdenko-cosic\/#primaryimage"},"thumbnailUrl":"https:\/\/radioljubuski.ba\/wp-content\/uploads\/2022\/09\/10-2022-09-28-13-53-34-o_24616013_1280-1068x712-1.jpg","datePublished":"2022-09-29T13:01:58+00:00","dateModified":"2022-09-29T13:02:15+00:00","breadcrumb":{"@id":"https:\/\/radioljubuski.ba\/index.php\/2022\/09\/29\/siroki-brijeg-knjigu-kresimira-cosica-predstavit-ce-dragan-covic-i-zdenko-cosic\/#breadcrumb"},"inLanguage":"hr","potentialAction":[{"@type":"ReadAction","target":["https:\/\/radioljubuski.ba\/index.php\/2022\/09\/29\/siroki-brijeg-knjigu-kresimira-cosica-predstavit-ce-dragan-covic-i-zdenko-cosic\/"]}]},{"@type":"ImageObject","inLanguage":"hr","@id":"https:\/\/radioljubuski.ba\/index.php\/2022\/09\/29\/siroki-brijeg-knjigu-kresimira-cosica-predstavit-ce-dragan-covic-i-zdenko-cosic\/#primaryimage","url":"https:\/\/radioljubuski.ba\/wp-content\/uploads\/2022\/09\/10-2022-09-28-13-53-34-o_24616013_1280-1068x712-1.jpg","contentUrl":"https:\/\/radioljubuski.ba\/wp-content\/uploads\/2022\/09\/10-2022-09-28-13-53-34-o_24616013_1280-1068x712-1.jpg","width":1000,"height":625},{"@type":"BreadcrumbList","@id":"https:\/\/radioljubuski.ba\/index.php\/2022\/09\/29\/siroki-brijeg-knjigu-kresimira-cosica-predstavit-ce-dragan-covic-i-zdenko-cosic\/#breadcrumb","itemListElement":[{"@type":"ListItem","position":1,"name":"Po\u010detna stranica","item":"https:\/\/radioljubuski.ba\/"},{"@type":"ListItem","position":2,"name":"\u0160iroki Brijeg: Knjigu Kre\u0161imira \u0106osi\u0107a predstavit \u0107e Dragan \u010covi\u0107 i Zdenko \u0106osi\u0107"}]},{"@type":"WebSite","@id":"https:\/\/radioljubuski.ba\/#website","url":"https:\/\/radioljubuski.ba\/","name":"Radio Ljubu\u0161ki","description":"Sun\u010dana frekvencija Hercegovine","publisher":{"@id":"https:\/\/radioljubuski.ba\/#organization"},"potentialAction":[{"@type":"SearchAction","target":{"@type":"EntryPoint","urlTemplate":"https:\/\/radioljubuski.ba\/?s={search_term_string}"},"query-input":{"@type":"PropertyValueSpecification","valueRequired":true,"valueName":"search_term_string"}}],"inLanguage":"hr"},{"@type":"Organization","@id":"https:\/\/radioljubuski.ba\/#organization","name":"Radio Ljubu\u0161ki","url":"https:\/\/radioljubuski.ba\/","logo":{"@type":"ImageObject","inLanguage":"hr","@id":"https:\/\/radioljubuski.ba\/#\/schema\/logo\/image\/","url":"https:\/\/radioljubuski.ba\/wp-content\/uploads\/2021\/02\/cropped-Radio_Ljubuski_logo1.jpg","contentUrl":"https:\/\/radioljubuski.ba\/wp-content\/uploads\/2021\/02\/cropped-Radio_Ljubuski_logo1.jpg","width":512,"height":512,"caption":"Radio Ljubu\u0161ki"},"image":{"@id":"https:\/\/radioljubuski.ba\/#\/schema\/logo\/image\/"},"sameAs":["https:\/\/www.facebook.com\/Radiio-Ljubuski-1490835324566332","https:\/\/x.com\/radioljubuski","https:\/\/hr.linkedin.com\/company\/radio-ljubuski","https:\/\/www.youtube.com\/channel\/UCHYaeO_n0Db3tjNGudGpXyw"]},{"@type":"Person","@id":"https:\/\/radioljubuski.ba\/#\/schema\/person\/19fc700381a780f69665d7956c469e3b","name":"Radio Ljubu\u0161ki"}]}},"_links":{"self":[{"href":"https:\/\/radioljubuski.ba\/index.php\/wp-json\/wp\/v2\/posts\/184378","targetHints":{"allow":["GET"]}}],"collection":[{"href":"https:\/\/radioljubuski.ba\/index.php\/wp-json\/wp\/v2\/posts"}],"about":[{"href":"https:\/\/radioljubuski.ba\/index.php\/wp-json\/wp\/v2\/types\/post"}],"author":[{"embeddable":true,"href":"https:\/\/radioljubuski.ba\/index.php\/wp-json\/wp\/v2\/users\/2"}],"replies":[{"embeddable":true,"href":"https:\/\/radioljubuski.ba\/index.php\/wp-json\/wp\/v2\/comments?post=184378"}],"version-history":[{"count":1,"href":"https:\/\/radioljubuski.ba\/index.php\/wp-json\/wp\/v2\/posts\/184378\/revisions"}],"predecessor-version":[{"id":184380,"href":"https:\/\/radioljubuski.ba\/index.php\/wp-json\/wp\/v2\/posts\/184378\/revisions\/184380"}],"wp:featuredmedia":[{"embeddable":true,"href":"https:\/\/radioljubuski.ba\/index.php\/wp-json\/wp\/v2\/media\/184379"}],"wp:attachment":[{"href":"https:\/\/radioljubuski.ba\/index.php\/wp-json\/wp\/v2\/media?parent=184378"}],"wp:term":[{"taxonomy":"category","embeddable":true,"href":"https:\/\/radioljubuski.ba\/index.php\/wp-json\/wp\/v2\/categories?post=184378"},{"taxonomy":"post_tag","embeddable":true,"href":"https:\/\/radioljubuski.ba\/index.php\/wp-json\/wp\/v2\/tags?post=184378"}],"curies":[{"name":"wp","href":"https:\/\/api.w.org\/{rel}","templated":true}]}}