{"id":184586,"date":"2022-10-03T18:11:02","date_gmt":"2022-10-03T17:11:02","guid":{"rendered":"https:\/\/radioljubuski.ba\/?p=184586"},"modified":"2022-10-05T11:43:22","modified_gmt":"2022-10-05T10:43:22","slug":"toni-kraljevic-ponovno-dobio-najveci-broj-glasova-u-zzh","status":"publish","type":"post","link":"https:\/\/radioljubuski.ba\/index.php\/2022\/10\/03\/toni-kraljevic-ponovno-dobio-najveci-broj-glasova-u-zzh\/","title":{"rendered":"Toni Kraljevi\u0107 ponovno dobio najve\u0107i broj glasova u \u017dZH"},"content":{"rendered":"\n<p>Aktualni ministar financija i dopredsjednik Vlade \u017dupanije Zapadnohercegova\u010dke Toni Kraljevi\u0107 dobio je najve\u0107i broj glasova me\u0111u kandidatima za Skup\u0161tinu \u017dZH na proteklim Op\u0107im izborima u BiH. <\/p>\n\n\n\n<p>Prema podatcima koje je objavilo Sredi\u0161nje izborno povjerenstvo nakon obra\u0111enih 112 (93,33%) bira\u010dkih mjesta Kraljevi\u0107 je dobio povjerenje 12.155 bira\u010da. <\/p>\n\n\n\n<p>Na Op\u0107im izborima 2018 godine Kraljevi\u0107 je tako\u0111er osvojio simpatije najve\u0107eg broja bira\u010da s podru\u010dja ove \u017eupanije. &nbsp;<\/p>\n\n\n\n<p>Na drugom mjestu je tako\u0111er Ljubu\u0161ak Milan \u0160evo sa dobivenih 10.559 glasova, dok je na tre\u0107em mjestu aktualni predsjednik Skup\u0161tine \u017dZH Ivan Jel\u010di\u0107 kojem je svoj glas dalo 10.316 bira\u010da. I sljede\u0107a \u010detiri mjesta pripala su Ljubu\u0161acima. <\/p>\n\n\n\n<p>Prema broju glasova na \u010detvrtom je mjestu Bernardica Luburi\u0107, slijedi Ivana Bari\u0161i\u0107, Marko Radi\u0107, te Ivana Zrim\u0161ek \u0160aravanja. <\/p>\n\n\n\n<p>Aktualni premijer Vlade \u017dZH Zdenko \u0106osi\u0107 na\u0161ao se na osmom mjestu sa dobivenih 8.614 preferencijalnih glasova. <\/p>\n\n\n\n<p>Slijedi ponovno Ljubu\u0161ak Miroslav Mitrovi\u0107 sa 7.960 glasova. <\/p>\n\n\n\n<p>Na desetom mjestu je Ivica Pavkovi\u0107 iz Posu\u0161ja, zatim prema broju dobivenih preferencija slijede Tomislav Mandi\u0107, Vedran Ko\u017eul, Ivan Damjanovi\u0107, Klaudija Skoko,  Ivan Lasi\u0107,  Marija Ivankovi\u0107, Mario Knezovi\u0107, Ru\u017eica Gali\u0107,  Kristina Milas, Anamarija Kova\u010d,  Ru\u017eica Mikuli\u0107,  Ivan Leko, Tomislav Peji\u0107, \u017deljka \u0160ego, Ana Mi\u0161i\u0107,  Daniela Peri\u0107 i Stjepan Vla\u0161i\u0107.<\/p>\n","protected":false},"excerpt":{"rendered":"<p>Aktualni ministar financija i dopredsjednik Vlade \u017dupanije Zapadnohercegova\u010dke Toni Kraljevi\u0107 dobio je najve\u0107i broj glasova me\u0111u kandidatima za Skup\u0161tinu \u017dZH na proteklim Op\u0107im izborima u BiH. Prema podatcima koje je objavilo Sredi\u0161nje izborno povjerenstvo nakon obra\u0111enih 112 (93,33%) bira\u010dkih mjesta Kraljevi\u0107 je dobio povjerenje 12.155 bira\u010da. Na Op\u0107im izborima 2018 godine Kraljevi\u0107 je tako\u0111er osvojio [&hellip;]<\/p>\n","protected":false},"author":2,"featured_media":184588,"comment_status":"closed","ping_status":"closed","sticky":false,"template":"","format":"standard","meta":{"h5ap_radio_sources":[],"footnotes":""},"categories":[28],"tags":[],"class_list":["post-184586","post","type-post","status-publish","format-standard","has-post-thumbnail","hentry","category-novosti"],"yoast_head":"<!-- This site is optimized with the Yoast SEO plugin v27.4 - https:\/\/yoast.com\/product\/yoast-seo-wordpress\/ -->\n<title>Toni Kraljevi\u0107 ponovno dobio najve\u0107i broj glasova u \u017dZH - RADIO LJUBU\u0160KI<\/title>\n<meta name=\"robots\" content=\"index, follow, max-snippet:-1, max-image-preview:large, max-video-preview:-1\" \/>\n<link rel=\"canonical\" href=\"https:\/\/radioljubuski.ba\/index.php\/2022\/10\/03\/toni-kraljevic-ponovno-dobio-najveci-broj-glasova-u-zzh\/\" \/>\n<meta property=\"og:locale\" content=\"hr_HR\" \/>\n<meta property=\"og:type\" content=\"article\" \/>\n<meta property=\"og:title\" content=\"Toni Kraljevi\u0107 ponovno dobio najve\u0107i broj glasova u \u017dZH - RADIO LJUBU\u0160KI\" \/>\n<meta property=\"og:description\" content=\"Aktualni ministar financija i dopredsjednik Vlade \u017dupanije Zapadnohercegova\u010dke Toni Kraljevi\u0107 dobio je najve\u0107i broj glasova me\u0111u kandidatima za Skup\u0161tinu \u017dZH na proteklim Op\u0107im izborima u BiH. Prema podatcima koje je objavilo Sredi\u0161nje izborno povjerenstvo nakon obra\u0111enih 112 (93,33%) bira\u010dkih mjesta Kraljevi\u0107 je dobio povjerenje 12.155 bira\u010da. Na Op\u0107im izborima 2018 godine Kraljevi\u0107 je tako\u0111er osvojio [&hellip;]\" \/>\n<meta property=\"og:url\" content=\"https:\/\/radioljubuski.ba\/index.php\/2022\/10\/03\/toni-kraljevic-ponovno-dobio-najveci-broj-glasova-u-zzh\/\" \/>\n<meta property=\"og:site_name\" content=\"RADIO LJUBU\u0160KI\" \/>\n<meta property=\"article:publisher\" content=\"https:\/\/www.facebook.com\/Radiio-Ljubuski-1490835324566332\" \/>\n<meta property=\"article:published_time\" content=\"2022-10-03T17:11:02+00:00\" \/>\n<meta property=\"article:modified_time\" content=\"2022-10-05T10:43:22+00:00\" \/>\n<meta property=\"og:image\" content=\"https:\/\/radioljubuski.ba\/wp-content\/uploads\/2022\/10\/toni-kraljevic.jpeg\" \/>\n\t<meta property=\"og:image:width\" content=\"1024\" \/>\n\t<meta property=\"og:image:height\" content=\"683\" \/>\n\t<meta property=\"og:image:type\" content=\"image\/jpeg\" \/>\n<meta name=\"author\" content=\"Radio Ljubu\u0161ki\" \/>\n<meta name=\"twitter:card\" content=\"summary_large_image\" \/>\n<meta name=\"twitter:creator\" content=\"@radioljubuski\" \/>\n<meta name=\"twitter:site\" content=\"@radioljubuski\" \/>\n<meta name=\"twitter:label1\" content=\"Napisao\/la\" \/>\n\t<meta name=\"twitter:data1\" content=\"Radio Ljubu\u0161ki\" \/>\n\t<meta name=\"twitter:label2\" content=\"Procijenjeno vrijeme \u010ditanja\" \/>\n\t<meta name=\"twitter:data2\" content=\"1 minuta\" \/>\n<script type=\"application\/ld+json\" class=\"yoast-schema-graph\">{\"@context\":\"https:\\\/\\\/schema.org\",\"@graph\":[{\"@type\":\"Article\",\"@id\":\"https:\\\/\\\/radioljubuski.ba\\\/index.php\\\/2022\\\/10\\\/03\\\/toni-kraljevic-ponovno-dobio-najveci-broj-glasova-u-zzh\\\/#article\",\"isPartOf\":{\"@id\":\"https:\\\/\\\/radioljubuski.ba\\\/index.php\\\/2022\\\/10\\\/03\\\/toni-kraljevic-ponovno-dobio-najveci-broj-glasova-u-zzh\\\/\"},\"author\":{\"name\":\"Radio Ljubu\u0161ki\",\"@id\":\"https:\\\/\\\/radioljubuski.ba\\\/#\\\/schema\\\/person\\\/19fc700381a780f69665d7956c469e3b\"},\"headline\":\"Toni Kraljevi\u0107 ponovno dobio najve\u0107i broj glasova u \u017dZH\",\"datePublished\":\"2022-10-03T17:11:02+00:00\",\"dateModified\":\"2022-10-05T10:43:22+00:00\",\"mainEntityOfPage\":{\"@id\":\"https:\\\/\\\/radioljubuski.ba\\\/index.php\\\/2022\\\/10\\\/03\\\/toni-kraljevic-ponovno-dobio-najveci-broj-glasova-u-zzh\\\/\"},\"wordCount\":226,\"publisher\":{\"@id\":\"https:\\\/\\\/radioljubuski.ba\\\/#organization\"},\"image\":{\"@id\":\"https:\\\/\\\/radioljubuski.ba\\\/index.php\\\/2022\\\/10\\\/03\\\/toni-kraljevic-ponovno-dobio-najveci-broj-glasova-u-zzh\\\/#primaryimage\"},\"thumbnailUrl\":\"https:\\\/\\\/radioljubuski.ba\\\/wp-content\\\/uploads\\\/2022\\\/10\\\/toni-kraljevic.jpeg\",\"articleSection\":[\"Novosti\"],\"inLanguage\":\"hr\"},{\"@type\":\"WebPage\",\"@id\":\"https:\\\/\\\/radioljubuski.ba\\\/index.php\\\/2022\\\/10\\\/03\\\/toni-kraljevic-ponovno-dobio-najveci-broj-glasova-u-zzh\\\/\",\"url\":\"https:\\\/\\\/radioljubuski.ba\\\/index.php\\\/2022\\\/10\\\/03\\\/toni-kraljevic-ponovno-dobio-najveci-broj-glasova-u-zzh\\\/\",\"name\":\"Toni Kraljevi\u0107 ponovno dobio najve\u0107i broj glasova u \u017dZH - RADIO LJUBU\u0160KI\",\"isPartOf\":{\"@id\":\"https:\\\/\\\/radioljubuski.ba\\\/#website\"},\"primaryImageOfPage\":{\"@id\":\"https:\\\/\\\/radioljubuski.ba\\\/index.php\\\/2022\\\/10\\\/03\\\/toni-kraljevic-ponovno-dobio-najveci-broj-glasova-u-zzh\\\/#primaryimage\"},\"image\":{\"@id\":\"https:\\\/\\\/radioljubuski.ba\\\/index.php\\\/2022\\\/10\\\/03\\\/toni-kraljevic-ponovno-dobio-najveci-broj-glasova-u-zzh\\\/#primaryimage\"},\"thumbnailUrl\":\"https:\\\/\\\/radioljubuski.ba\\\/wp-content\\\/uploads\\\/2022\\\/10\\\/toni-kraljevic.jpeg\",\"datePublished\":\"2022-10-03T17:11:02+00:00\",\"dateModified\":\"2022-10-05T10:43:22+00:00\",\"breadcrumb\":{\"@id\":\"https:\\\/\\\/radioljubuski.ba\\\/index.php\\\/2022\\\/10\\\/03\\\/toni-kraljevic-ponovno-dobio-najveci-broj-glasova-u-zzh\\\/#breadcrumb\"},\"inLanguage\":\"hr\",\"potentialAction\":[{\"@type\":\"ReadAction\",\"target\":[\"https:\\\/\\\/radioljubuski.ba\\\/index.php\\\/2022\\\/10\\\/03\\\/toni-kraljevic-ponovno-dobio-najveci-broj-glasova-u-zzh\\\/\"]}]},{\"@type\":\"ImageObject\",\"inLanguage\":\"hr\",\"@id\":\"https:\\\/\\\/radioljubuski.ba\\\/index.php\\\/2022\\\/10\\\/03\\\/toni-kraljevic-ponovno-dobio-najveci-broj-glasova-u-zzh\\\/#primaryimage\",\"url\":\"https:\\\/\\\/radioljubuski.ba\\\/wp-content\\\/uploads\\\/2022\\\/10\\\/toni-kraljevic.jpeg\",\"contentUrl\":\"https:\\\/\\\/radioljubuski.ba\\\/wp-content\\\/uploads\\\/2022\\\/10\\\/toni-kraljevic.jpeg\",\"width\":1024,\"height\":683},{\"@type\":\"BreadcrumbList\",\"@id\":\"https:\\\/\\\/radioljubuski.ba\\\/index.php\\\/2022\\\/10\\\/03\\\/toni-kraljevic-ponovno-dobio-najveci-broj-glasova-u-zzh\\\/#breadcrumb\",\"itemListElement\":[{\"@type\":\"ListItem\",\"position\":1,\"name\":\"Po\u010detna stranica\",\"item\":\"https:\\\/\\\/radioljubuski.ba\\\/\"},{\"@type\":\"ListItem\",\"position\":2,\"name\":\"Toni Kraljevi\u0107 ponovno dobio najve\u0107i broj glasova u \u017dZH\"}]},{\"@type\":\"WebSite\",\"@id\":\"https:\\\/\\\/radioljubuski.ba\\\/#website\",\"url\":\"https:\\\/\\\/radioljubuski.ba\\\/\",\"name\":\"Radio Ljubu\u0161ki\",\"description\":\"Sun\u010dana frekvencija Hercegovine\",\"publisher\":{\"@id\":\"https:\\\/\\\/radioljubuski.ba\\\/#organization\"},\"potentialAction\":[{\"@type\":\"SearchAction\",\"target\":{\"@type\":\"EntryPoint\",\"urlTemplate\":\"https:\\\/\\\/radioljubuski.ba\\\/?s={search_term_string}\"},\"query-input\":{\"@type\":\"PropertyValueSpecification\",\"valueRequired\":true,\"valueName\":\"search_term_string\"}}],\"inLanguage\":\"hr\"},{\"@type\":\"Organization\",\"@id\":\"https:\\\/\\\/radioljubuski.ba\\\/#organization\",\"name\":\"Radio Ljubu\u0161ki\",\"url\":\"https:\\\/\\\/radioljubuski.ba\\\/\",\"logo\":{\"@type\":\"ImageObject\",\"inLanguage\":\"hr\",\"@id\":\"https:\\\/\\\/radioljubuski.ba\\\/#\\\/schema\\\/logo\\\/image\\\/\",\"url\":\"https:\\\/\\\/radioljubuski.ba\\\/wp-content\\\/uploads\\\/2021\\\/02\\\/cropped-Radio_Ljubuski_logo1.jpg\",\"contentUrl\":\"https:\\\/\\\/radioljubuski.ba\\\/wp-content\\\/uploads\\\/2021\\\/02\\\/cropped-Radio_Ljubuski_logo1.jpg\",\"width\":512,\"height\":512,\"caption\":\"Radio Ljubu\u0161ki\"},\"image\":{\"@id\":\"https:\\\/\\\/radioljubuski.ba\\\/#\\\/schema\\\/logo\\\/image\\\/\"},\"sameAs\":[\"https:\\\/\\\/www.facebook.com\\\/Radiio-Ljubuski-1490835324566332\",\"https:\\\/\\\/x.com\\\/radioljubuski\",\"https:\\\/\\\/hr.linkedin.com\\\/company\\\/radio-ljubuski\",\"https:\\\/\\\/www.youtube.com\\\/channel\\\/UCHYaeO_n0Db3tjNGudGpXyw\"]},{\"@type\":\"Person\",\"@id\":\"https:\\\/\\\/radioljubuski.ba\\\/#\\\/schema\\\/person\\\/19fc700381a780f69665d7956c469e3b\",\"name\":\"Radio Ljubu\u0161ki\"}]}<\/script>\n<!-- \/ Yoast SEO plugin. -->","yoast_head_json":{"title":"Toni Kraljevi\u0107 ponovno dobio najve\u0107i broj glasova u \u017dZH - RADIO LJUBU\u0160KI","robots":{"index":"index","follow":"follow","max-snippet":"max-snippet:-1","max-image-preview":"max-image-preview:large","max-video-preview":"max-video-preview:-1"},"canonical":"https:\/\/radioljubuski.ba\/index.php\/2022\/10\/03\/toni-kraljevic-ponovno-dobio-najveci-broj-glasova-u-zzh\/","og_locale":"hr_HR","og_type":"article","og_title":"Toni Kraljevi\u0107 ponovno dobio najve\u0107i broj glasova u \u017dZH - RADIO LJUBU\u0160KI","og_description":"Aktualni ministar financija i dopredsjednik Vlade \u017dupanije Zapadnohercegova\u010dke Toni Kraljevi\u0107 dobio je najve\u0107i broj glasova me\u0111u kandidatima za Skup\u0161tinu \u017dZH na proteklim Op\u0107im izborima u BiH. Prema podatcima koje je objavilo Sredi\u0161nje izborno povjerenstvo nakon obra\u0111enih 112 (93,33%) bira\u010dkih mjesta Kraljevi\u0107 je dobio povjerenje 12.155 bira\u010da. Na Op\u0107im izborima 2018 godine Kraljevi\u0107 je tako\u0111er osvojio [&hellip;]","og_url":"https:\/\/radioljubuski.ba\/index.php\/2022\/10\/03\/toni-kraljevic-ponovno-dobio-najveci-broj-glasova-u-zzh\/","og_site_name":"RADIO LJUBU\u0160KI","article_publisher":"https:\/\/www.facebook.com\/Radiio-Ljubuski-1490835324566332","article_published_time":"2022-10-03T17:11:02+00:00","article_modified_time":"2022-10-05T10:43:22+00:00","og_image":[{"width":1024,"height":683,"url":"https:\/\/radioljubuski.ba\/wp-content\/uploads\/2022\/10\/toni-kraljevic.jpeg","type":"image\/jpeg"}],"author":"Radio Ljubu\u0161ki","twitter_card":"summary_large_image","twitter_creator":"@radioljubuski","twitter_site":"@radioljubuski","twitter_misc":{"Napisao\/la":"Radio Ljubu\u0161ki","Procijenjeno vrijeme \u010ditanja":"1 minuta"},"schema":{"@context":"https:\/\/schema.org","@graph":[{"@type":"Article","@id":"https:\/\/radioljubuski.ba\/index.php\/2022\/10\/03\/toni-kraljevic-ponovno-dobio-najveci-broj-glasova-u-zzh\/#article","isPartOf":{"@id":"https:\/\/radioljubuski.ba\/index.php\/2022\/10\/03\/toni-kraljevic-ponovno-dobio-najveci-broj-glasova-u-zzh\/"},"author":{"name":"Radio Ljubu\u0161ki","@id":"https:\/\/radioljubuski.ba\/#\/schema\/person\/19fc700381a780f69665d7956c469e3b"},"headline":"Toni Kraljevi\u0107 ponovno dobio najve\u0107i broj glasova u \u017dZH","datePublished":"2022-10-03T17:11:02+00:00","dateModified":"2022-10-05T10:43:22+00:00","mainEntityOfPage":{"@id":"https:\/\/radioljubuski.ba\/index.php\/2022\/10\/03\/toni-kraljevic-ponovno-dobio-najveci-broj-glasova-u-zzh\/"},"wordCount":226,"publisher":{"@id":"https:\/\/radioljubuski.ba\/#organization"},"image":{"@id":"https:\/\/radioljubuski.ba\/index.php\/2022\/10\/03\/toni-kraljevic-ponovno-dobio-najveci-broj-glasova-u-zzh\/#primaryimage"},"thumbnailUrl":"https:\/\/radioljubuski.ba\/wp-content\/uploads\/2022\/10\/toni-kraljevic.jpeg","articleSection":["Novosti"],"inLanguage":"hr"},{"@type":"WebPage","@id":"https:\/\/radioljubuski.ba\/index.php\/2022\/10\/03\/toni-kraljevic-ponovno-dobio-najveci-broj-glasova-u-zzh\/","url":"https:\/\/radioljubuski.ba\/index.php\/2022\/10\/03\/toni-kraljevic-ponovno-dobio-najveci-broj-glasova-u-zzh\/","name":"Toni Kraljevi\u0107 ponovno dobio najve\u0107i broj glasova u \u017dZH - RADIO LJUBU\u0160KI","isPartOf":{"@id":"https:\/\/radioljubuski.ba\/#website"},"primaryImageOfPage":{"@id":"https:\/\/radioljubuski.ba\/index.php\/2022\/10\/03\/toni-kraljevic-ponovno-dobio-najveci-broj-glasova-u-zzh\/#primaryimage"},"image":{"@id":"https:\/\/radioljubuski.ba\/index.php\/2022\/10\/03\/toni-kraljevic-ponovno-dobio-najveci-broj-glasova-u-zzh\/#primaryimage"},"thumbnailUrl":"https:\/\/radioljubuski.ba\/wp-content\/uploads\/2022\/10\/toni-kraljevic.jpeg","datePublished":"2022-10-03T17:11:02+00:00","dateModified":"2022-10-05T10:43:22+00:00","breadcrumb":{"@id":"https:\/\/radioljubuski.ba\/index.php\/2022\/10\/03\/toni-kraljevic-ponovno-dobio-najveci-broj-glasova-u-zzh\/#breadcrumb"},"inLanguage":"hr","potentialAction":[{"@type":"ReadAction","target":["https:\/\/radioljubuski.ba\/index.php\/2022\/10\/03\/toni-kraljevic-ponovno-dobio-najveci-broj-glasova-u-zzh\/"]}]},{"@type":"ImageObject","inLanguage":"hr","@id":"https:\/\/radioljubuski.ba\/index.php\/2022\/10\/03\/toni-kraljevic-ponovno-dobio-najveci-broj-glasova-u-zzh\/#primaryimage","url":"https:\/\/radioljubuski.ba\/wp-content\/uploads\/2022\/10\/toni-kraljevic.jpeg","contentUrl":"https:\/\/radioljubuski.ba\/wp-content\/uploads\/2022\/10\/toni-kraljevic.jpeg","width":1024,"height":683},{"@type":"BreadcrumbList","@id":"https:\/\/radioljubuski.ba\/index.php\/2022\/10\/03\/toni-kraljevic-ponovno-dobio-najveci-broj-glasova-u-zzh\/#breadcrumb","itemListElement":[{"@type":"ListItem","position":1,"name":"Po\u010detna stranica","item":"https:\/\/radioljubuski.ba\/"},{"@type":"ListItem","position":2,"name":"Toni Kraljevi\u0107 ponovno dobio najve\u0107i broj glasova u \u017dZH"}]},{"@type":"WebSite","@id":"https:\/\/radioljubuski.ba\/#website","url":"https:\/\/radioljubuski.ba\/","name":"Radio Ljubu\u0161ki","description":"Sun\u010dana frekvencija Hercegovine","publisher":{"@id":"https:\/\/radioljubuski.ba\/#organization"},"potentialAction":[{"@type":"SearchAction","target":{"@type":"EntryPoint","urlTemplate":"https:\/\/radioljubuski.ba\/?s={search_term_string}"},"query-input":{"@type":"PropertyValueSpecification","valueRequired":true,"valueName":"search_term_string"}}],"inLanguage":"hr"},{"@type":"Organization","@id":"https:\/\/radioljubuski.ba\/#organization","name":"Radio Ljubu\u0161ki","url":"https:\/\/radioljubuski.ba\/","logo":{"@type":"ImageObject","inLanguage":"hr","@id":"https:\/\/radioljubuski.ba\/#\/schema\/logo\/image\/","url":"https:\/\/radioljubuski.ba\/wp-content\/uploads\/2021\/02\/cropped-Radio_Ljubuski_logo1.jpg","contentUrl":"https:\/\/radioljubuski.ba\/wp-content\/uploads\/2021\/02\/cropped-Radio_Ljubuski_logo1.jpg","width":512,"height":512,"caption":"Radio Ljubu\u0161ki"},"image":{"@id":"https:\/\/radioljubuski.ba\/#\/schema\/logo\/image\/"},"sameAs":["https:\/\/www.facebook.com\/Radiio-Ljubuski-1490835324566332","https:\/\/x.com\/radioljubuski","https:\/\/hr.linkedin.com\/company\/radio-ljubuski","https:\/\/www.youtube.com\/channel\/UCHYaeO_n0Db3tjNGudGpXyw"]},{"@type":"Person","@id":"https:\/\/radioljubuski.ba\/#\/schema\/person\/19fc700381a780f69665d7956c469e3b","name":"Radio Ljubu\u0161ki"}]}},"_links":{"self":[{"href":"https:\/\/radioljubuski.ba\/index.php\/wp-json\/wp\/v2\/posts\/184586","targetHints":{"allow":["GET"]}}],"collection":[{"href":"https:\/\/radioljubuski.ba\/index.php\/wp-json\/wp\/v2\/posts"}],"about":[{"href":"https:\/\/radioljubuski.ba\/index.php\/wp-json\/wp\/v2\/types\/post"}],"author":[{"embeddable":true,"href":"https:\/\/radioljubuski.ba\/index.php\/wp-json\/wp\/v2\/users\/2"}],"replies":[{"embeddable":true,"href":"https:\/\/radioljubuski.ba\/index.php\/wp-json\/wp\/v2\/comments?post=184586"}],"version-history":[{"count":3,"href":"https:\/\/radioljubuski.ba\/index.php\/wp-json\/wp\/v2\/posts\/184586\/revisions"}],"predecessor-version":[{"id":184595,"href":"https:\/\/radioljubuski.ba\/index.php\/wp-json\/wp\/v2\/posts\/184586\/revisions\/184595"}],"wp:featuredmedia":[{"embeddable":true,"href":"https:\/\/radioljubuski.ba\/index.php\/wp-json\/wp\/v2\/media\/184588"}],"wp:attachment":[{"href":"https:\/\/radioljubuski.ba\/index.php\/wp-json\/wp\/v2\/media?parent=184586"}],"wp:term":[{"taxonomy":"category","embeddable":true,"href":"https:\/\/radioljubuski.ba\/index.php\/wp-json\/wp\/v2\/categories?post=184586"},{"taxonomy":"post_tag","embeddable":true,"href":"https:\/\/radioljubuski.ba\/index.php\/wp-json\/wp\/v2\/tags?post=184586"}],"curies":[{"name":"wp","href":"https:\/\/api.w.org\/{rel}","templated":true}]}}