{"id":184618,"date":"2022-10-05T06:39:47","date_gmt":"2022-10-05T05:39:47","guid":{"rendered":"https:\/\/radioljubuski.ba\/?p=184618"},"modified":"2022-10-05T06:39:50","modified_gmt":"2022-10-05T05:39:50","slug":"tko-ce-u-ovom-trenutku-u-skupstinu-zupanije-zapadnohercegovacke","status":"publish","type":"post","link":"https:\/\/radioljubuski.ba\/index.php\/2022\/10\/05\/tko-ce-u-ovom-trenutku-u-skupstinu-zupanije-zapadnohercegovacke\/","title":{"rendered":"Tko \u0107e u ovom trenutku u Skup\u0161tinu \u017dupanije Zapadnohercegova\u010dke"},"content":{"rendered":"\n<p>U i\u0161\u010dekivanju da Centralna izborna komisija BiH objavi dopunjene preliminarne rezultate Op\u0107ih izbora <a href=\"https:\/\/www.ljportal.com\/tko-ce-u-ovom-trenutku-u-skupstinu-zupanije-zapadnohercegovacke-59008\/\">ljportal.com<\/a> donosi analizu rezultata za Skup\u0161tinu \u017dupanije Zapadnohercegova\u010dke u koju ulaze 23 zastupnika.<\/p>\n\n\n\n<p>Rezultati su objavljeni na stranici izbori.ba 04.10.2022. u 14:48 sati, a odnose se na 113 obra\u0111enih bira\u010dkih mjesta (94,17 %) od ukupno njih 120. Neobra\u0111ena su ostala 4 bira\u010dka mjesta u \u0160irokom Brijegu te 3 u Posu\u0161ju.<\/p>\n\n\n\n<p>Prema ovim nepotpunim rezultatima uvjerljivu pobjedu odnio je HDZ BiH u koaliciji s HDU,HSS i HKDU osvojiv\u0161i 24.195 glasova odnosno 63,41 %, drugi je HDZ 1990 sa 6.139 glasova (16,09 %), a izborni prag u ovom trenutku pre\u0161li su jo\u0161 HRVATSKA REPUBLIKANSKA STRANKA, HRVATSKA STRANKA PRAVA BIH, HSP DR ANTE STAR\u010cEVI\u0106 BIH i HRVATSKA STRANKA PRAVA HB I BOSNE I HERCEGOVINE.<\/p>\n\n\n\n<p>Uvjerljivo najvi\u0161e mandata u ovom trenutku osvojio je HDZ BiH, njih 14, HDZ 1990 ima 4 mandata, dok Republikanci trenutno imaju 2, a ostali po jedan mandat.<\/p>\n\n\n\n<p>Broj bira\u010da: 74.553<br>Broj politi\u010dkih subjekata: 10<br>Broj kandidata: 138<\/p>\n\n\n\n<p>Obra\u0111eno bira\u010dkih mjesta \u2013 113 (94,17%)<br>Neobra\u0111eno bira\u010dkih mjesta \u2013 7 (5,83%)<\/p>\n\n\n\n<p>Va\u017ee\u0107i listi\u0107i \u2013 38.155 (96,65%)<br>Neva\u017ee\u0107i prazni listi\u0107i \u2013 196 (0,50%)<br>Neva\u017ee\u0107i listi\u0107i po drugim kriterijima \u2013 1.126 (2,85%)<\/p>\n\n\n\n<figure class=\"wp-block-table\"><table><tbody><tr><td>Politi\u010dki subjekt<\/td><td>Broj glasova<\/td><td>%<\/td><\/tr><tr><td><strong>HDZ BIH,HDU,HSS,HKDU<\/strong><\/td><td><strong>24.195<\/strong><\/td><td><strong>63,41<\/strong><\/td><\/tr><tr><td><strong>HRVATSKA DEMOKRATSKA ZAJEDNICA 1990-HDZ 1990<\/strong><\/td><td><strong>6.139<\/strong><\/td><td><strong>16,09<\/strong><\/td><\/tr><tr><td><strong>HRVATSKA REPUBLIKANSKA STRANKA<\/strong><\/td><td><strong>2.767<\/strong><\/td><td><strong>7,25<\/strong><\/td><\/tr><tr><td><strong>HRVATSKA STRANKA PRAVA BIH<\/strong><\/td><td><strong>1.829<\/strong><\/td><td><strong>4,79<\/strong><\/td><\/tr><tr><td><strong>HSP DR ANTE STAR\u010cEVI\u0106 BIH<\/strong><\/td><td><strong>1.534<\/strong><\/td><td><strong>4,02<\/strong><\/td><\/tr><tr><td><strong>HRVATSKA STRANKA PRAVA HB I BOSNE I HERCEGOVINE<\/strong><\/td><td><strong>1.390<\/strong><\/td><td><strong>3,64<\/strong><\/td><\/tr><tr><td>SDP \u2013 SOCIJALDEMOKRATSKA PARTIJA BOSNE I HERCEGOVINE<\/td><td>224<\/td><td>0,59<\/td><\/tr><tr><td>BOSS \u2013 BOSANSKA STRANKA-MIRNES AJANOVI\u0106<\/td><td>39<\/td><td>0,1<\/td><\/tr><tr><td>HNP-HRVATSKI NACIONALNI POMAK<\/td><td>21<\/td><td>0,06<\/td><\/tr><tr><td>HSS STJEPANA RADI\u0106A<\/td><td>17<\/td><td>0,04<\/td><\/tr><\/tbody><\/table><\/figure>\n\n\n\n<p><strong>HDZ BIH,HDU,HSS,HKDU \u2013 14 mandata<\/strong><\/p>\n\n\n\n<ol class=\"wp-block-list\"><li>TONI KRALJEVI\u0106 12.249<\/li><li>MILAN \u0160EVO 10.739<\/li><li>IVAN JEL\u010cI\u0106 10.410<\/li><li>BERNARDICA LUBURI\u0106 9.365<\/li><li>IVANA BARI\u0160I\u0106 9.282<\/li><li>ZDENKO \u0106OSI\u0106 8.727<\/li><li>MARKO RADI\u0106 8.723<\/li><li>IVANA ZRIM\u0160EK \u0160ARAVANJA 8.649<\/li><li>MIROSLAV MITROVI\u0106 7.960<\/li><li>IVICA PAVKOVI\u0106 6.785<\/li><li>DAMIR JURI\u0160I\u0106 5.463<\/li><li>TOMISLAV MANDI\u0106 5.094<\/li><li>VEDRAN KO\u017dUL 4.901<\/li><li>IVAN LEKO 2.652<\/li><\/ol>\n\n\n\n<p><strong>HRVATSKA DEMOKRATSKA ZAJEDNICA 1990-HDZ 1990 \u2013 4 mandata<\/strong><\/p>\n\n\n\n<ol class=\"wp-block-list\"><li>ANTONIJA BANO\u017dI\u0106 2.111<\/li><li>ZDRAVKO HERCEG 2.023<\/li><li>ANTE PAVLOVI\u0106 1.858<\/li><li>\u017dELJKO DRAGI\u0106EVI\u0106 1.852<\/li><\/ol>\n\n\n\n<p><strong>HRVATSKA REPUBLIKANSKA STRANKA \u2013 2 mandata<\/strong><\/p>\n\n\n\n<ol class=\"wp-block-list\"><li>TOMISLAV BANDI\u0106 961<\/li><li>IVAN PU\u0160I\u0106 806<\/li><\/ol>\n\n\n\n<p><strong>HRVATSKA STRANKA PRAVA BIH \u2013 1 mandat<\/strong><\/p>\n\n\n\n<ol class=\"wp-block-list\"><li>ZVONKO JURI\u0160I\u0106 1.147<\/li><\/ol>\n\n\n\n<p><strong>HSP DR ANTE STAR\u010cEVI\u0106 BIH \u2013 1 mandat<\/strong><\/p>\n\n\n\n<ol class=\"wp-block-list\"><li>MARIJA LOVRI\u0106 798<\/li><\/ol>\n\n\n\n<p><strong>HRVATSKA STRANKA PRAVA HB I BOSNE I HERCEGOVINE \u2013 1 mandat<\/strong><\/p>\n\n\n\n<ol class=\"wp-block-list\"><li>ZRINKO \u010cUVALO 948<\/li><\/ol>\n\n\n\n<p>Napominjemo da su ovo nepotpuni rezultati sa 113 obra\u0111enih bira\u010dkih mjesta od ukupno njih 120.<\/p>\n\n\n\n<p>\u0160to se ti\u010de Ljubu\u0161kog, obra\u0111eno je svih 42 bira\u010dkih mjesta, HDZ BIH,HDU,HSS,HKDU osvojio je 71,71% glasova, HDZ 1990 19,29%, HRVATSKA STRANKA PRAVA HB I BOSNE I HERCEGOVINE 6,96% glasova, dok je HRVATSKA REPUBLIKANSKA STRANKA na 1,52%, a ostali su ispod 1% glasova.<\/p>\n\n\n\n<p>Zanimljivo je pogledati stanje po naseljenim mjestima gdje je HDZ BiH pobjedu odnio u Klobuku, Grabu, Vitini, Grabovniku, Otoku, Proboju, Radi\u0161i\u0107ima, Ljubu\u0161kom, Humcu, Pregra\u0111u, Hra\u0161ljanima, Studencima, Cerno-Crnopod, Mostarska Vrata \u2013 Gradska, Lipno, Veljaci, Vojni\u0107i, Dole \u2013 Greda, \u0160ipova\u010da \u2013 Ka\u0161\u010de, Va\u0161arovi\u0107i, Lisice, Teskera, Hardomilje, Bija\u010da \u2013 Zviri\u0107i i Stubica.<\/p>\n\n\n\n<p>Dok je uz HDZ 1990 tradicionalno Miletina, Crveni Grm, Prolog i Grljevi\u0107i.<\/p>\n","protected":false},"excerpt":{"rendered":"<p>U i\u0161\u010dekivanju da Centralna izborna komisija BiH objavi dopunjene preliminarne rezultate Op\u0107ih izbora ljportal.com donosi analizu rezultata za Skup\u0161tinu \u017dupanije Zapadnohercegova\u010dke u koju ulaze 23 zastupnika. Rezultati su objavljeni na stranici izbori.ba 04.10.2022. u 14:48 sati, a odnose se na 113 obra\u0111enih bira\u010dkih mjesta (94,17 %) od ukupno njih 120. Neobra\u0111ena su ostala 4 bira\u010dka [&hellip;]<\/p>\n","protected":false},"author":2,"featured_media":184476,"comment_status":"closed","ping_status":"closed","sticky":false,"template":"","format":"standard","meta":{"h5ap_radio_sources":[],"footnotes":""},"categories":[30],"tags":[],"class_list":["post-184618","post","type-post","status-publish","format-standard","has-post-thumbnail","hentry","category-zupanija-zapadnohercegovacka"],"yoast_head":"<!-- This site is optimized with the Yoast SEO plugin v27.4 - https:\/\/yoast.com\/product\/yoast-seo-wordpress\/ -->\n<title>Tko \u0107e u ovom trenutku u Skup\u0161tinu \u017dupanije Zapadnohercegova\u010dke - RADIO LJUBU\u0160KI<\/title>\n<meta name=\"robots\" content=\"index, follow, max-snippet:-1, max-image-preview:large, max-video-preview:-1\" \/>\n<link rel=\"canonical\" href=\"https:\/\/radioljubuski.ba\/index.php\/2022\/10\/05\/tko-ce-u-ovom-trenutku-u-skupstinu-zupanije-zapadnohercegovacke\/\" \/>\n<meta property=\"og:locale\" content=\"hr_HR\" \/>\n<meta property=\"og:type\" content=\"article\" \/>\n<meta property=\"og:title\" content=\"Tko \u0107e u ovom trenutku u Skup\u0161tinu \u017dupanije Zapadnohercegova\u010dke - RADIO LJUBU\u0160KI\" \/>\n<meta property=\"og:description\" content=\"U i\u0161\u010dekivanju da Centralna izborna komisija BiH objavi dopunjene preliminarne rezultate Op\u0107ih izbora ljportal.com donosi analizu rezultata za Skup\u0161tinu \u017dupanije Zapadnohercegova\u010dke u koju ulaze 23 zastupnika. Rezultati su objavljeni na stranici izbori.ba 04.10.2022. u 14:48 sati, a odnose se na 113 obra\u0111enih bira\u010dkih mjesta (94,17 %) od ukupno njih 120. Neobra\u0111ena su ostala 4 bira\u010dka [&hellip;]\" \/>\n<meta property=\"og:url\" content=\"https:\/\/radioljubuski.ba\/index.php\/2022\/10\/05\/tko-ce-u-ovom-trenutku-u-skupstinu-zupanije-zapadnohercegovacke\/\" \/>\n<meta property=\"og:site_name\" content=\"RADIO LJUBU\u0160KI\" \/>\n<meta property=\"article:publisher\" content=\"https:\/\/www.facebook.com\/Radiio-Ljubuski-1490835324566332\" \/>\n<meta property=\"article:published_time\" content=\"2022-10-05T05:39:47+00:00\" \/>\n<meta property=\"article:modified_time\" content=\"2022-10-05T05:39:50+00:00\" \/>\n<meta property=\"og:image\" content=\"https:\/\/radioljubuski.ba\/wp-content\/uploads\/2022\/10\/izbori-ljubuski.png\" \/>\n\t<meta property=\"og:image:width\" content=\"1179\" \/>\n\t<meta property=\"og:image:height\" content=\"611\" \/>\n\t<meta property=\"og:image:type\" content=\"image\/png\" \/>\n<meta name=\"author\" content=\"Radio Ljubu\u0161ki\" \/>\n<meta name=\"twitter:card\" content=\"summary_large_image\" \/>\n<meta name=\"twitter:creator\" content=\"@radioljubuski\" \/>\n<meta name=\"twitter:site\" content=\"@radioljubuski\" \/>\n<meta name=\"twitter:label1\" content=\"Napisao\/la\" \/>\n\t<meta name=\"twitter:data1\" content=\"Radio Ljubu\u0161ki\" \/>\n\t<meta name=\"twitter:label2\" content=\"Procijenjeno vrijeme \u010ditanja\" \/>\n\t<meta name=\"twitter:data2\" content=\"3 minute\" \/>\n<script type=\"application\/ld+json\" class=\"yoast-schema-graph\">{\"@context\":\"https:\\\/\\\/schema.org\",\"@graph\":[{\"@type\":\"Article\",\"@id\":\"https:\\\/\\\/radioljubuski.ba\\\/index.php\\\/2022\\\/10\\\/05\\\/tko-ce-u-ovom-trenutku-u-skupstinu-zupanije-zapadnohercegovacke\\\/#article\",\"isPartOf\":{\"@id\":\"https:\\\/\\\/radioljubuski.ba\\\/index.php\\\/2022\\\/10\\\/05\\\/tko-ce-u-ovom-trenutku-u-skupstinu-zupanije-zapadnohercegovacke\\\/\"},\"author\":{\"name\":\"Radio Ljubu\u0161ki\",\"@id\":\"https:\\\/\\\/radioljubuski.ba\\\/#\\\/schema\\\/person\\\/19fc700381a780f69665d7956c469e3b\"},\"headline\":\"Tko \u0107e u ovom trenutku u Skup\u0161tinu \u017dupanije Zapadnohercegova\u010dke\",\"datePublished\":\"2022-10-05T05:39:47+00:00\",\"dateModified\":\"2022-10-05T05:39:50+00:00\",\"mainEntityOfPage\":{\"@id\":\"https:\\\/\\\/radioljubuski.ba\\\/index.php\\\/2022\\\/10\\\/05\\\/tko-ce-u-ovom-trenutku-u-skupstinu-zupanije-zapadnohercegovacke\\\/\"},\"wordCount\":466,\"publisher\":{\"@id\":\"https:\\\/\\\/radioljubuski.ba\\\/#organization\"},\"image\":{\"@id\":\"https:\\\/\\\/radioljubuski.ba\\\/index.php\\\/2022\\\/10\\\/05\\\/tko-ce-u-ovom-trenutku-u-skupstinu-zupanije-zapadnohercegovacke\\\/#primaryimage\"},\"thumbnailUrl\":\"https:\\\/\\\/radioljubuski.ba\\\/wp-content\\\/uploads\\\/2022\\\/10\\\/izbori-ljubuski.png\",\"articleSection\":[\"\u017dupanija Zapadnohercegova\u010dka\"],\"inLanguage\":\"hr\"},{\"@type\":\"WebPage\",\"@id\":\"https:\\\/\\\/radioljubuski.ba\\\/index.php\\\/2022\\\/10\\\/05\\\/tko-ce-u-ovom-trenutku-u-skupstinu-zupanije-zapadnohercegovacke\\\/\",\"url\":\"https:\\\/\\\/radioljubuski.ba\\\/index.php\\\/2022\\\/10\\\/05\\\/tko-ce-u-ovom-trenutku-u-skupstinu-zupanije-zapadnohercegovacke\\\/\",\"name\":\"Tko \u0107e u ovom trenutku u Skup\u0161tinu \u017dupanije Zapadnohercegova\u010dke - RADIO LJUBU\u0160KI\",\"isPartOf\":{\"@id\":\"https:\\\/\\\/radioljubuski.ba\\\/#website\"},\"primaryImageOfPage\":{\"@id\":\"https:\\\/\\\/radioljubuski.ba\\\/index.php\\\/2022\\\/10\\\/05\\\/tko-ce-u-ovom-trenutku-u-skupstinu-zupanije-zapadnohercegovacke\\\/#primaryimage\"},\"image\":{\"@id\":\"https:\\\/\\\/radioljubuski.ba\\\/index.php\\\/2022\\\/10\\\/05\\\/tko-ce-u-ovom-trenutku-u-skupstinu-zupanije-zapadnohercegovacke\\\/#primaryimage\"},\"thumbnailUrl\":\"https:\\\/\\\/radioljubuski.ba\\\/wp-content\\\/uploads\\\/2022\\\/10\\\/izbori-ljubuski.png\",\"datePublished\":\"2022-10-05T05:39:47+00:00\",\"dateModified\":\"2022-10-05T05:39:50+00:00\",\"breadcrumb\":{\"@id\":\"https:\\\/\\\/radioljubuski.ba\\\/index.php\\\/2022\\\/10\\\/05\\\/tko-ce-u-ovom-trenutku-u-skupstinu-zupanije-zapadnohercegovacke\\\/#breadcrumb\"},\"inLanguage\":\"hr\",\"potentialAction\":[{\"@type\":\"ReadAction\",\"target\":[\"https:\\\/\\\/radioljubuski.ba\\\/index.php\\\/2022\\\/10\\\/05\\\/tko-ce-u-ovom-trenutku-u-skupstinu-zupanije-zapadnohercegovacke\\\/\"]}]},{\"@type\":\"ImageObject\",\"inLanguage\":\"hr\",\"@id\":\"https:\\\/\\\/radioljubuski.ba\\\/index.php\\\/2022\\\/10\\\/05\\\/tko-ce-u-ovom-trenutku-u-skupstinu-zupanije-zapadnohercegovacke\\\/#primaryimage\",\"url\":\"https:\\\/\\\/radioljubuski.ba\\\/wp-content\\\/uploads\\\/2022\\\/10\\\/izbori-ljubuski.png\",\"contentUrl\":\"https:\\\/\\\/radioljubuski.ba\\\/wp-content\\\/uploads\\\/2022\\\/10\\\/izbori-ljubuski.png\",\"width\":1179,\"height\":611},{\"@type\":\"BreadcrumbList\",\"@id\":\"https:\\\/\\\/radioljubuski.ba\\\/index.php\\\/2022\\\/10\\\/05\\\/tko-ce-u-ovom-trenutku-u-skupstinu-zupanije-zapadnohercegovacke\\\/#breadcrumb\",\"itemListElement\":[{\"@type\":\"ListItem\",\"position\":1,\"name\":\"Po\u010detna stranica\",\"item\":\"https:\\\/\\\/radioljubuski.ba\\\/\"},{\"@type\":\"ListItem\",\"position\":2,\"name\":\"Tko \u0107e u ovom trenutku u Skup\u0161tinu \u017dupanije Zapadnohercegova\u010dke\"}]},{\"@type\":\"WebSite\",\"@id\":\"https:\\\/\\\/radioljubuski.ba\\\/#website\",\"url\":\"https:\\\/\\\/radioljubuski.ba\\\/\",\"name\":\"Radio Ljubu\u0161ki\",\"description\":\"Sun\u010dana frekvencija Hercegovine\",\"publisher\":{\"@id\":\"https:\\\/\\\/radioljubuski.ba\\\/#organization\"},\"potentialAction\":[{\"@type\":\"SearchAction\",\"target\":{\"@type\":\"EntryPoint\",\"urlTemplate\":\"https:\\\/\\\/radioljubuski.ba\\\/?s={search_term_string}\"},\"query-input\":{\"@type\":\"PropertyValueSpecification\",\"valueRequired\":true,\"valueName\":\"search_term_string\"}}],\"inLanguage\":\"hr\"},{\"@type\":\"Organization\",\"@id\":\"https:\\\/\\\/radioljubuski.ba\\\/#organization\",\"name\":\"Radio Ljubu\u0161ki\",\"url\":\"https:\\\/\\\/radioljubuski.ba\\\/\",\"logo\":{\"@type\":\"ImageObject\",\"inLanguage\":\"hr\",\"@id\":\"https:\\\/\\\/radioljubuski.ba\\\/#\\\/schema\\\/logo\\\/image\\\/\",\"url\":\"https:\\\/\\\/radioljubuski.ba\\\/wp-content\\\/uploads\\\/2021\\\/02\\\/cropped-Radio_Ljubuski_logo1.jpg\",\"contentUrl\":\"https:\\\/\\\/radioljubuski.ba\\\/wp-content\\\/uploads\\\/2021\\\/02\\\/cropped-Radio_Ljubuski_logo1.jpg\",\"width\":512,\"height\":512,\"caption\":\"Radio Ljubu\u0161ki\"},\"image\":{\"@id\":\"https:\\\/\\\/radioljubuski.ba\\\/#\\\/schema\\\/logo\\\/image\\\/\"},\"sameAs\":[\"https:\\\/\\\/www.facebook.com\\\/Radiio-Ljubuski-1490835324566332\",\"https:\\\/\\\/x.com\\\/radioljubuski\",\"https:\\\/\\\/hr.linkedin.com\\\/company\\\/radio-ljubuski\",\"https:\\\/\\\/www.youtube.com\\\/channel\\\/UCHYaeO_n0Db3tjNGudGpXyw\"]},{\"@type\":\"Person\",\"@id\":\"https:\\\/\\\/radioljubuski.ba\\\/#\\\/schema\\\/person\\\/19fc700381a780f69665d7956c469e3b\",\"name\":\"Radio Ljubu\u0161ki\"}]}<\/script>\n<!-- \/ Yoast SEO plugin. -->","yoast_head_json":{"title":"Tko \u0107e u ovom trenutku u Skup\u0161tinu \u017dupanije Zapadnohercegova\u010dke - RADIO LJUBU\u0160KI","robots":{"index":"index","follow":"follow","max-snippet":"max-snippet:-1","max-image-preview":"max-image-preview:large","max-video-preview":"max-video-preview:-1"},"canonical":"https:\/\/radioljubuski.ba\/index.php\/2022\/10\/05\/tko-ce-u-ovom-trenutku-u-skupstinu-zupanije-zapadnohercegovacke\/","og_locale":"hr_HR","og_type":"article","og_title":"Tko \u0107e u ovom trenutku u Skup\u0161tinu \u017dupanije Zapadnohercegova\u010dke - RADIO LJUBU\u0160KI","og_description":"U i\u0161\u010dekivanju da Centralna izborna komisija BiH objavi dopunjene preliminarne rezultate Op\u0107ih izbora ljportal.com donosi analizu rezultata za Skup\u0161tinu \u017dupanije Zapadnohercegova\u010dke u koju ulaze 23 zastupnika. Rezultati su objavljeni na stranici izbori.ba 04.10.2022. u 14:48 sati, a odnose se na 113 obra\u0111enih bira\u010dkih mjesta (94,17 %) od ukupno njih 120. Neobra\u0111ena su ostala 4 bira\u010dka [&hellip;]","og_url":"https:\/\/radioljubuski.ba\/index.php\/2022\/10\/05\/tko-ce-u-ovom-trenutku-u-skupstinu-zupanije-zapadnohercegovacke\/","og_site_name":"RADIO LJUBU\u0160KI","article_publisher":"https:\/\/www.facebook.com\/Radiio-Ljubuski-1490835324566332","article_published_time":"2022-10-05T05:39:47+00:00","article_modified_time":"2022-10-05T05:39:50+00:00","og_image":[{"width":1179,"height":611,"url":"https:\/\/radioljubuski.ba\/wp-content\/uploads\/2022\/10\/izbori-ljubuski.png","type":"image\/png"}],"author":"Radio Ljubu\u0161ki","twitter_card":"summary_large_image","twitter_creator":"@radioljubuski","twitter_site":"@radioljubuski","twitter_misc":{"Napisao\/la":"Radio Ljubu\u0161ki","Procijenjeno vrijeme \u010ditanja":"3 minute"},"schema":{"@context":"https:\/\/schema.org","@graph":[{"@type":"Article","@id":"https:\/\/radioljubuski.ba\/index.php\/2022\/10\/05\/tko-ce-u-ovom-trenutku-u-skupstinu-zupanije-zapadnohercegovacke\/#article","isPartOf":{"@id":"https:\/\/radioljubuski.ba\/index.php\/2022\/10\/05\/tko-ce-u-ovom-trenutku-u-skupstinu-zupanije-zapadnohercegovacke\/"},"author":{"name":"Radio Ljubu\u0161ki","@id":"https:\/\/radioljubuski.ba\/#\/schema\/person\/19fc700381a780f69665d7956c469e3b"},"headline":"Tko \u0107e u ovom trenutku u Skup\u0161tinu \u017dupanije Zapadnohercegova\u010dke","datePublished":"2022-10-05T05:39:47+00:00","dateModified":"2022-10-05T05:39:50+00:00","mainEntityOfPage":{"@id":"https:\/\/radioljubuski.ba\/index.php\/2022\/10\/05\/tko-ce-u-ovom-trenutku-u-skupstinu-zupanije-zapadnohercegovacke\/"},"wordCount":466,"publisher":{"@id":"https:\/\/radioljubuski.ba\/#organization"},"image":{"@id":"https:\/\/radioljubuski.ba\/index.php\/2022\/10\/05\/tko-ce-u-ovom-trenutku-u-skupstinu-zupanije-zapadnohercegovacke\/#primaryimage"},"thumbnailUrl":"https:\/\/radioljubuski.ba\/wp-content\/uploads\/2022\/10\/izbori-ljubuski.png","articleSection":["\u017dupanija Zapadnohercegova\u010dka"],"inLanguage":"hr"},{"@type":"WebPage","@id":"https:\/\/radioljubuski.ba\/index.php\/2022\/10\/05\/tko-ce-u-ovom-trenutku-u-skupstinu-zupanije-zapadnohercegovacke\/","url":"https:\/\/radioljubuski.ba\/index.php\/2022\/10\/05\/tko-ce-u-ovom-trenutku-u-skupstinu-zupanije-zapadnohercegovacke\/","name":"Tko \u0107e u ovom trenutku u Skup\u0161tinu \u017dupanije Zapadnohercegova\u010dke - RADIO LJUBU\u0160KI","isPartOf":{"@id":"https:\/\/radioljubuski.ba\/#website"},"primaryImageOfPage":{"@id":"https:\/\/radioljubuski.ba\/index.php\/2022\/10\/05\/tko-ce-u-ovom-trenutku-u-skupstinu-zupanije-zapadnohercegovacke\/#primaryimage"},"image":{"@id":"https:\/\/radioljubuski.ba\/index.php\/2022\/10\/05\/tko-ce-u-ovom-trenutku-u-skupstinu-zupanije-zapadnohercegovacke\/#primaryimage"},"thumbnailUrl":"https:\/\/radioljubuski.ba\/wp-content\/uploads\/2022\/10\/izbori-ljubuski.png","datePublished":"2022-10-05T05:39:47+00:00","dateModified":"2022-10-05T05:39:50+00:00","breadcrumb":{"@id":"https:\/\/radioljubuski.ba\/index.php\/2022\/10\/05\/tko-ce-u-ovom-trenutku-u-skupstinu-zupanije-zapadnohercegovacke\/#breadcrumb"},"inLanguage":"hr","potentialAction":[{"@type":"ReadAction","target":["https:\/\/radioljubuski.ba\/index.php\/2022\/10\/05\/tko-ce-u-ovom-trenutku-u-skupstinu-zupanije-zapadnohercegovacke\/"]}]},{"@type":"ImageObject","inLanguage":"hr","@id":"https:\/\/radioljubuski.ba\/index.php\/2022\/10\/05\/tko-ce-u-ovom-trenutku-u-skupstinu-zupanije-zapadnohercegovacke\/#primaryimage","url":"https:\/\/radioljubuski.ba\/wp-content\/uploads\/2022\/10\/izbori-ljubuski.png","contentUrl":"https:\/\/radioljubuski.ba\/wp-content\/uploads\/2022\/10\/izbori-ljubuski.png","width":1179,"height":611},{"@type":"BreadcrumbList","@id":"https:\/\/radioljubuski.ba\/index.php\/2022\/10\/05\/tko-ce-u-ovom-trenutku-u-skupstinu-zupanije-zapadnohercegovacke\/#breadcrumb","itemListElement":[{"@type":"ListItem","position":1,"name":"Po\u010detna stranica","item":"https:\/\/radioljubuski.ba\/"},{"@type":"ListItem","position":2,"name":"Tko \u0107e u ovom trenutku u Skup\u0161tinu \u017dupanije Zapadnohercegova\u010dke"}]},{"@type":"WebSite","@id":"https:\/\/radioljubuski.ba\/#website","url":"https:\/\/radioljubuski.ba\/","name":"Radio Ljubu\u0161ki","description":"Sun\u010dana frekvencija Hercegovine","publisher":{"@id":"https:\/\/radioljubuski.ba\/#organization"},"potentialAction":[{"@type":"SearchAction","target":{"@type":"EntryPoint","urlTemplate":"https:\/\/radioljubuski.ba\/?s={search_term_string}"},"query-input":{"@type":"PropertyValueSpecification","valueRequired":true,"valueName":"search_term_string"}}],"inLanguage":"hr"},{"@type":"Organization","@id":"https:\/\/radioljubuski.ba\/#organization","name":"Radio Ljubu\u0161ki","url":"https:\/\/radioljubuski.ba\/","logo":{"@type":"ImageObject","inLanguage":"hr","@id":"https:\/\/radioljubuski.ba\/#\/schema\/logo\/image\/","url":"https:\/\/radioljubuski.ba\/wp-content\/uploads\/2021\/02\/cropped-Radio_Ljubuski_logo1.jpg","contentUrl":"https:\/\/radioljubuski.ba\/wp-content\/uploads\/2021\/02\/cropped-Radio_Ljubuski_logo1.jpg","width":512,"height":512,"caption":"Radio Ljubu\u0161ki"},"image":{"@id":"https:\/\/radioljubuski.ba\/#\/schema\/logo\/image\/"},"sameAs":["https:\/\/www.facebook.com\/Radiio-Ljubuski-1490835324566332","https:\/\/x.com\/radioljubuski","https:\/\/hr.linkedin.com\/company\/radio-ljubuski","https:\/\/www.youtube.com\/channel\/UCHYaeO_n0Db3tjNGudGpXyw"]},{"@type":"Person","@id":"https:\/\/radioljubuski.ba\/#\/schema\/person\/19fc700381a780f69665d7956c469e3b","name":"Radio Ljubu\u0161ki"}]}},"_links":{"self":[{"href":"https:\/\/radioljubuski.ba\/index.php\/wp-json\/wp\/v2\/posts\/184618","targetHints":{"allow":["GET"]}}],"collection":[{"href":"https:\/\/radioljubuski.ba\/index.php\/wp-json\/wp\/v2\/posts"}],"about":[{"href":"https:\/\/radioljubuski.ba\/index.php\/wp-json\/wp\/v2\/types\/post"}],"author":[{"embeddable":true,"href":"https:\/\/radioljubuski.ba\/index.php\/wp-json\/wp\/v2\/users\/2"}],"replies":[{"embeddable":true,"href":"https:\/\/radioljubuski.ba\/index.php\/wp-json\/wp\/v2\/comments?post=184618"}],"version-history":[{"count":1,"href":"https:\/\/radioljubuski.ba\/index.php\/wp-json\/wp\/v2\/posts\/184618\/revisions"}],"predecessor-version":[{"id":184619,"href":"https:\/\/radioljubuski.ba\/index.php\/wp-json\/wp\/v2\/posts\/184618\/revisions\/184619"}],"wp:featuredmedia":[{"embeddable":true,"href":"https:\/\/radioljubuski.ba\/index.php\/wp-json\/wp\/v2\/media\/184476"}],"wp:attachment":[{"href":"https:\/\/radioljubuski.ba\/index.php\/wp-json\/wp\/v2\/media?parent=184618"}],"wp:term":[{"taxonomy":"category","embeddable":true,"href":"https:\/\/radioljubuski.ba\/index.php\/wp-json\/wp\/v2\/categories?post=184618"},{"taxonomy":"post_tag","embeddable":true,"href":"https:\/\/radioljubuski.ba\/index.php\/wp-json\/wp\/v2\/tags?post=184618"}],"curies":[{"name":"wp","href":"https:\/\/api.w.org\/{rel}","templated":true}]}}