{"id":184636,"date":"2022-10-05T11:20:47","date_gmt":"2022-10-05T10:20:47","guid":{"rendered":"https:\/\/radioljubuski.ba\/?p=184636"},"modified":"2022-10-08T09:20:22","modified_gmt":"2022-10-08T08:20:22","slug":"audio-dojmovi-sa-otvaranja-doma-sv-ante-na-humcu","status":"publish","type":"post","link":"https:\/\/radioljubuski.ba\/index.php\/2022\/10\/05\/audio-dojmovi-sa-otvaranja-doma-sv-ante-na-humcu\/","title":{"rendered":"Audio : Dojmovi sa otvaranja Doma Sv. Ante na Humcu!"},"content":{"rendered":"\n<p>\u201eVeli\u010danstveno i prekrasno \u201e komentari su posjetitelja nakon sve\u010danosti otvorenja Doma sv. Ante na Humcu. U audio zapisu poslu\u0161ajte \u0161to su za Radio ljubu\u0161ki kazali neki od glazbenika i posjetitelja. Razgovarali smo sa najstarijim i najmla\u0111im \u010dlanom limene glazbe Mladenom Grgi\u0107em koji je u glazbi od 1975. godine i njegovim unukom 11 godi\u0161njim Mihaelom Grgi\u0107em. Novi provincijal Hercegova\u010dke franjeva\u010dke provincije fra Jozo Grbe\u0161 izrazio je zadovoljstvo vi\u0111enim na Humcu, a fra Vlatko Maji\u0107 koji je 26 godina na Humcu kazao je kako je ovo prava blagodat za zajednicu.<\/p>\n\n\n\n<p><br>Svoje dojmove podijelili su i glazbenici Robert Milas koji svira bariton od 1982. godine, Kristijan Ili\u0107 koji je \u010dlan glazbe 15 godina , flautistica Petra Boban , trinaestogodi\u0161nja Melani Primorac koja svira saksofon , Bo\u017eica Vasilj koja svira trubu ve\u0107 jedanaest godina te pater Christof Horn voditelj \u0160enstanskog pokreta i \u010dlanice pokreta Mladenka Brzica i Ljilja Planini\u0107.<br>Televizijski prilog sa sve\u010dane akademije mo\u017eete pogledati u \u010detvrtak 6.listopada od 20 sati u programu RTV Herceg Bosne a ovdje klikom na tipku poslu\u0161ajte audio:<\/p>\n\n\n\n<figure class=\"wp-block-audio\"><audio controls src=\"https:\/\/radioljubuski.ba\/wp-content\/uploads\/2022\/10\/prilog-humac.mp3\"><\/audio><\/figure>\n\n\n\n<p>Bjanka Medi\u0107 \/ Radio Ljubu\u0161ki<\/p>\n","protected":false},"excerpt":{"rendered":"<p>\u201eVeli\u010danstveno i prekrasno \u201e komentari su posjetitelja nakon sve\u010danosti otvorenja Doma sv. Ante na Humcu. U audio zapisu poslu\u0161ajte \u0161to su za Radio ljubu\u0161ki kazali neki od glazbenika i posjetitelja. Razgovarali smo sa najstarijim i najmla\u0111im \u010dlanom limene glazbe Mladenom Grgi\u0107em koji je u glazbi od 1975. godine i njegovim unukom 11 godi\u0161njim Mihaelom Grgi\u0107em. [&hellip;]<\/p>\n","protected":false},"author":2,"featured_media":184638,"comment_status":"closed","ping_status":"closed","sticky":false,"template":"","format":"standard","meta":{"h5ap_radio_sources":[],"footnotes":""},"categories":[28,32],"tags":[],"class_list":["post-184636","post","type-post","status-publish","format-standard","has-post-thumbnail","hentry","category-novosti","category-poslusajte"],"yoast_head":"<!-- This site is optimized with the Yoast SEO plugin v27.5 - https:\/\/yoast.com\/product\/yoast-seo-wordpress\/ -->\n<title>Audio : Dojmovi sa otvaranja Doma Sv. Ante na Humcu! - RADIO LJUBU\u0160KI<\/title>\n<meta name=\"robots\" content=\"index, follow, max-snippet:-1, max-image-preview:large, max-video-preview:-1\" \/>\n<link rel=\"canonical\" href=\"https:\/\/radioljubuski.ba\/index.php\/2022\/10\/05\/audio-dojmovi-sa-otvaranja-doma-sv-ante-na-humcu\/\" \/>\n<meta property=\"og:locale\" content=\"hr_HR\" \/>\n<meta property=\"og:type\" content=\"article\" \/>\n<meta property=\"og:title\" content=\"Audio : Dojmovi sa otvaranja Doma Sv. Ante na Humcu! - RADIO LJUBU\u0160KI\" \/>\n<meta property=\"og:description\" content=\"\u201eVeli\u010danstveno i prekrasno \u201e komentari su posjetitelja nakon sve\u010danosti otvorenja Doma sv. Ante na Humcu. U audio zapisu poslu\u0161ajte \u0161to su za Radio ljubu\u0161ki kazali neki od glazbenika i posjetitelja. Razgovarali smo sa najstarijim i najmla\u0111im \u010dlanom limene glazbe Mladenom Grgi\u0107em koji je u glazbi od 1975. godine i njegovim unukom 11 godi\u0161njim Mihaelom Grgi\u0107em. [&hellip;]\" \/>\n<meta property=\"og:url\" content=\"https:\/\/radioljubuski.ba\/index.php\/2022\/10\/05\/audio-dojmovi-sa-otvaranja-doma-sv-ante-na-humcu\/\" \/>\n<meta property=\"og:site_name\" content=\"RADIO LJUBU\u0160KI\" \/>\n<meta property=\"article:publisher\" content=\"https:\/\/www.facebook.com\/Radiio-Ljubuski-1490835324566332\" \/>\n<meta property=\"article:published_time\" content=\"2022-10-05T10:20:47+00:00\" \/>\n<meta property=\"article:modified_time\" content=\"2022-10-08T08:20:22+00:00\" \/>\n<meta property=\"og:image\" content=\"https:\/\/radioljubuski.ba\/wp-content\/uploads\/2022\/10\/akademija.jpg\" \/>\n\t<meta property=\"og:image:width\" content=\"1024\" \/>\n\t<meta property=\"og:image:height\" content=\"768\" \/>\n\t<meta property=\"og:image:type\" content=\"image\/jpeg\" \/>\n<meta name=\"author\" content=\"Radio Ljubu\u0161ki\" \/>\n<meta name=\"twitter:card\" content=\"summary_large_image\" \/>\n<meta name=\"twitter:creator\" content=\"@radioljubuski\" \/>\n<meta name=\"twitter:site\" content=\"@radioljubuski\" \/>\n<meta name=\"twitter:label1\" content=\"Napisao\/la\" \/>\n\t<meta name=\"twitter:data1\" content=\"Radio Ljubu\u0161ki\" \/>\n\t<meta name=\"twitter:label2\" content=\"Procijenjeno vrijeme \u010ditanja\" \/>\n\t<meta name=\"twitter:data2\" content=\"1 minuta\" \/>\n<script type=\"application\/ld+json\" class=\"yoast-schema-graph\">{\"@context\":\"https:\\\/\\\/schema.org\",\"@graph\":[{\"@type\":\"Article\",\"@id\":\"https:\\\/\\\/radioljubuski.ba\\\/index.php\\\/2022\\\/10\\\/05\\\/audio-dojmovi-sa-otvaranja-doma-sv-ante-na-humcu\\\/#article\",\"isPartOf\":{\"@id\":\"https:\\\/\\\/radioljubuski.ba\\\/index.php\\\/2022\\\/10\\\/05\\\/audio-dojmovi-sa-otvaranja-doma-sv-ante-na-humcu\\\/\"},\"author\":{\"name\":\"Radio Ljubu\u0161ki\",\"@id\":\"https:\\\/\\\/radioljubuski.ba\\\/#\\\/schema\\\/person\\\/19fc700381a780f69665d7956c469e3b\"},\"headline\":\"Audio : Dojmovi sa otvaranja Doma Sv. Ante na Humcu!\",\"datePublished\":\"2022-10-05T10:20:47+00:00\",\"dateModified\":\"2022-10-08T08:20:22+00:00\",\"mainEntityOfPage\":{\"@id\":\"https:\\\/\\\/radioljubuski.ba\\\/index.php\\\/2022\\\/10\\\/05\\\/audio-dojmovi-sa-otvaranja-doma-sv-ante-na-humcu\\\/\"},\"wordCount\":190,\"publisher\":{\"@id\":\"https:\\\/\\\/radioljubuski.ba\\\/#organization\"},\"image\":{\"@id\":\"https:\\\/\\\/radioljubuski.ba\\\/index.php\\\/2022\\\/10\\\/05\\\/audio-dojmovi-sa-otvaranja-doma-sv-ante-na-humcu\\\/#primaryimage\"},\"thumbnailUrl\":\"https:\\\/\\\/radioljubuski.ba\\\/wp-content\\\/uploads\\\/2022\\\/10\\\/akademija.jpg\",\"articleSection\":[\"Novosti\",\"Poslu\u0161ajte\"],\"inLanguage\":\"hr\"},{\"@type\":\"WebPage\",\"@id\":\"https:\\\/\\\/radioljubuski.ba\\\/index.php\\\/2022\\\/10\\\/05\\\/audio-dojmovi-sa-otvaranja-doma-sv-ante-na-humcu\\\/\",\"url\":\"https:\\\/\\\/radioljubuski.ba\\\/index.php\\\/2022\\\/10\\\/05\\\/audio-dojmovi-sa-otvaranja-doma-sv-ante-na-humcu\\\/\",\"name\":\"Audio : Dojmovi sa otvaranja Doma Sv. Ante na Humcu! - RADIO LJUBU\u0160KI\",\"isPartOf\":{\"@id\":\"https:\\\/\\\/radioljubuski.ba\\\/#website\"},\"primaryImageOfPage\":{\"@id\":\"https:\\\/\\\/radioljubuski.ba\\\/index.php\\\/2022\\\/10\\\/05\\\/audio-dojmovi-sa-otvaranja-doma-sv-ante-na-humcu\\\/#primaryimage\"},\"image\":{\"@id\":\"https:\\\/\\\/radioljubuski.ba\\\/index.php\\\/2022\\\/10\\\/05\\\/audio-dojmovi-sa-otvaranja-doma-sv-ante-na-humcu\\\/#primaryimage\"},\"thumbnailUrl\":\"https:\\\/\\\/radioljubuski.ba\\\/wp-content\\\/uploads\\\/2022\\\/10\\\/akademija.jpg\",\"datePublished\":\"2022-10-05T10:20:47+00:00\",\"dateModified\":\"2022-10-08T08:20:22+00:00\",\"breadcrumb\":{\"@id\":\"https:\\\/\\\/radioljubuski.ba\\\/index.php\\\/2022\\\/10\\\/05\\\/audio-dojmovi-sa-otvaranja-doma-sv-ante-na-humcu\\\/#breadcrumb\"},\"inLanguage\":\"hr\",\"potentialAction\":[{\"@type\":\"ReadAction\",\"target\":[\"https:\\\/\\\/radioljubuski.ba\\\/index.php\\\/2022\\\/10\\\/05\\\/audio-dojmovi-sa-otvaranja-doma-sv-ante-na-humcu\\\/\"]}]},{\"@type\":\"ImageObject\",\"inLanguage\":\"hr\",\"@id\":\"https:\\\/\\\/radioljubuski.ba\\\/index.php\\\/2022\\\/10\\\/05\\\/audio-dojmovi-sa-otvaranja-doma-sv-ante-na-humcu\\\/#primaryimage\",\"url\":\"https:\\\/\\\/radioljubuski.ba\\\/wp-content\\\/uploads\\\/2022\\\/10\\\/akademija.jpg\",\"contentUrl\":\"https:\\\/\\\/radioljubuski.ba\\\/wp-content\\\/uploads\\\/2022\\\/10\\\/akademija.jpg\",\"width\":1024,\"height\":768},{\"@type\":\"BreadcrumbList\",\"@id\":\"https:\\\/\\\/radioljubuski.ba\\\/index.php\\\/2022\\\/10\\\/05\\\/audio-dojmovi-sa-otvaranja-doma-sv-ante-na-humcu\\\/#breadcrumb\",\"itemListElement\":[{\"@type\":\"ListItem\",\"position\":1,\"name\":\"Po\u010detna stranica\",\"item\":\"https:\\\/\\\/radioljubuski.ba\\\/\"},{\"@type\":\"ListItem\",\"position\":2,\"name\":\"Audio : Dojmovi sa otvaranja Doma Sv. Ante na Humcu!\"}]},{\"@type\":\"WebSite\",\"@id\":\"https:\\\/\\\/radioljubuski.ba\\\/#website\",\"url\":\"https:\\\/\\\/radioljubuski.ba\\\/\",\"name\":\"Radio Ljubu\u0161ki\",\"description\":\"Sun\u010dana frekvencija Hercegovine\",\"publisher\":{\"@id\":\"https:\\\/\\\/radioljubuski.ba\\\/#organization\"},\"potentialAction\":[{\"@type\":\"SearchAction\",\"target\":{\"@type\":\"EntryPoint\",\"urlTemplate\":\"https:\\\/\\\/radioljubuski.ba\\\/?s={search_term_string}\"},\"query-input\":{\"@type\":\"PropertyValueSpecification\",\"valueRequired\":true,\"valueName\":\"search_term_string\"}}],\"inLanguage\":\"hr\"},{\"@type\":\"Organization\",\"@id\":\"https:\\\/\\\/radioljubuski.ba\\\/#organization\",\"name\":\"Radio Ljubu\u0161ki\",\"url\":\"https:\\\/\\\/radioljubuski.ba\\\/\",\"logo\":{\"@type\":\"ImageObject\",\"inLanguage\":\"hr\",\"@id\":\"https:\\\/\\\/radioljubuski.ba\\\/#\\\/schema\\\/logo\\\/image\\\/\",\"url\":\"https:\\\/\\\/radioljubuski.ba\\\/wp-content\\\/uploads\\\/2021\\\/02\\\/cropped-Radio_Ljubuski_logo1.jpg\",\"contentUrl\":\"https:\\\/\\\/radioljubuski.ba\\\/wp-content\\\/uploads\\\/2021\\\/02\\\/cropped-Radio_Ljubuski_logo1.jpg\",\"width\":512,\"height\":512,\"caption\":\"Radio Ljubu\u0161ki\"},\"image\":{\"@id\":\"https:\\\/\\\/radioljubuski.ba\\\/#\\\/schema\\\/logo\\\/image\\\/\"},\"sameAs\":[\"https:\\\/\\\/www.facebook.com\\\/Radiio-Ljubuski-1490835324566332\",\"https:\\\/\\\/x.com\\\/radioljubuski\",\"https:\\\/\\\/hr.linkedin.com\\\/company\\\/radio-ljubuski\",\"https:\\\/\\\/www.youtube.com\\\/channel\\\/UCHYaeO_n0Db3tjNGudGpXyw\"]},{\"@type\":\"Person\",\"@id\":\"https:\\\/\\\/radioljubuski.ba\\\/#\\\/schema\\\/person\\\/19fc700381a780f69665d7956c469e3b\",\"name\":\"Radio Ljubu\u0161ki\"}]}<\/script>\n<!-- \/ Yoast SEO plugin. -->","yoast_head_json":{"title":"Audio : Dojmovi sa otvaranja Doma Sv. Ante na Humcu! - RADIO LJUBU\u0160KI","robots":{"index":"index","follow":"follow","max-snippet":"max-snippet:-1","max-image-preview":"max-image-preview:large","max-video-preview":"max-video-preview:-1"},"canonical":"https:\/\/radioljubuski.ba\/index.php\/2022\/10\/05\/audio-dojmovi-sa-otvaranja-doma-sv-ante-na-humcu\/","og_locale":"hr_HR","og_type":"article","og_title":"Audio : Dojmovi sa otvaranja Doma Sv. Ante na Humcu! - RADIO LJUBU\u0160KI","og_description":"\u201eVeli\u010danstveno i prekrasno \u201e komentari su posjetitelja nakon sve\u010danosti otvorenja Doma sv. Ante na Humcu. U audio zapisu poslu\u0161ajte \u0161to su za Radio ljubu\u0161ki kazali neki od glazbenika i posjetitelja. Razgovarali smo sa najstarijim i najmla\u0111im \u010dlanom limene glazbe Mladenom Grgi\u0107em koji je u glazbi od 1975. godine i njegovim unukom 11 godi\u0161njim Mihaelom Grgi\u0107em. [&hellip;]","og_url":"https:\/\/radioljubuski.ba\/index.php\/2022\/10\/05\/audio-dojmovi-sa-otvaranja-doma-sv-ante-na-humcu\/","og_site_name":"RADIO LJUBU\u0160KI","article_publisher":"https:\/\/www.facebook.com\/Radiio-Ljubuski-1490835324566332","article_published_time":"2022-10-05T10:20:47+00:00","article_modified_time":"2022-10-08T08:20:22+00:00","og_image":[{"width":1024,"height":768,"url":"https:\/\/radioljubuski.ba\/wp-content\/uploads\/2022\/10\/akademija.jpg","type":"image\/jpeg"}],"author":"Radio Ljubu\u0161ki","twitter_card":"summary_large_image","twitter_creator":"@radioljubuski","twitter_site":"@radioljubuski","twitter_misc":{"Napisao\/la":"Radio Ljubu\u0161ki","Procijenjeno vrijeme \u010ditanja":"1 minuta"},"schema":{"@context":"https:\/\/schema.org","@graph":[{"@type":"Article","@id":"https:\/\/radioljubuski.ba\/index.php\/2022\/10\/05\/audio-dojmovi-sa-otvaranja-doma-sv-ante-na-humcu\/#article","isPartOf":{"@id":"https:\/\/radioljubuski.ba\/index.php\/2022\/10\/05\/audio-dojmovi-sa-otvaranja-doma-sv-ante-na-humcu\/"},"author":{"name":"Radio Ljubu\u0161ki","@id":"https:\/\/radioljubuski.ba\/#\/schema\/person\/19fc700381a780f69665d7956c469e3b"},"headline":"Audio : Dojmovi sa otvaranja Doma Sv. Ante na Humcu!","datePublished":"2022-10-05T10:20:47+00:00","dateModified":"2022-10-08T08:20:22+00:00","mainEntityOfPage":{"@id":"https:\/\/radioljubuski.ba\/index.php\/2022\/10\/05\/audio-dojmovi-sa-otvaranja-doma-sv-ante-na-humcu\/"},"wordCount":190,"publisher":{"@id":"https:\/\/radioljubuski.ba\/#organization"},"image":{"@id":"https:\/\/radioljubuski.ba\/index.php\/2022\/10\/05\/audio-dojmovi-sa-otvaranja-doma-sv-ante-na-humcu\/#primaryimage"},"thumbnailUrl":"https:\/\/radioljubuski.ba\/wp-content\/uploads\/2022\/10\/akademija.jpg","articleSection":["Novosti","Poslu\u0161ajte"],"inLanguage":"hr"},{"@type":"WebPage","@id":"https:\/\/radioljubuski.ba\/index.php\/2022\/10\/05\/audio-dojmovi-sa-otvaranja-doma-sv-ante-na-humcu\/","url":"https:\/\/radioljubuski.ba\/index.php\/2022\/10\/05\/audio-dojmovi-sa-otvaranja-doma-sv-ante-na-humcu\/","name":"Audio : Dojmovi sa otvaranja Doma Sv. Ante na Humcu! - RADIO LJUBU\u0160KI","isPartOf":{"@id":"https:\/\/radioljubuski.ba\/#website"},"primaryImageOfPage":{"@id":"https:\/\/radioljubuski.ba\/index.php\/2022\/10\/05\/audio-dojmovi-sa-otvaranja-doma-sv-ante-na-humcu\/#primaryimage"},"image":{"@id":"https:\/\/radioljubuski.ba\/index.php\/2022\/10\/05\/audio-dojmovi-sa-otvaranja-doma-sv-ante-na-humcu\/#primaryimage"},"thumbnailUrl":"https:\/\/radioljubuski.ba\/wp-content\/uploads\/2022\/10\/akademija.jpg","datePublished":"2022-10-05T10:20:47+00:00","dateModified":"2022-10-08T08:20:22+00:00","breadcrumb":{"@id":"https:\/\/radioljubuski.ba\/index.php\/2022\/10\/05\/audio-dojmovi-sa-otvaranja-doma-sv-ante-na-humcu\/#breadcrumb"},"inLanguage":"hr","potentialAction":[{"@type":"ReadAction","target":["https:\/\/radioljubuski.ba\/index.php\/2022\/10\/05\/audio-dojmovi-sa-otvaranja-doma-sv-ante-na-humcu\/"]}]},{"@type":"ImageObject","inLanguage":"hr","@id":"https:\/\/radioljubuski.ba\/index.php\/2022\/10\/05\/audio-dojmovi-sa-otvaranja-doma-sv-ante-na-humcu\/#primaryimage","url":"https:\/\/radioljubuski.ba\/wp-content\/uploads\/2022\/10\/akademija.jpg","contentUrl":"https:\/\/radioljubuski.ba\/wp-content\/uploads\/2022\/10\/akademija.jpg","width":1024,"height":768},{"@type":"BreadcrumbList","@id":"https:\/\/radioljubuski.ba\/index.php\/2022\/10\/05\/audio-dojmovi-sa-otvaranja-doma-sv-ante-na-humcu\/#breadcrumb","itemListElement":[{"@type":"ListItem","position":1,"name":"Po\u010detna stranica","item":"https:\/\/radioljubuski.ba\/"},{"@type":"ListItem","position":2,"name":"Audio : Dojmovi sa otvaranja Doma Sv. Ante na Humcu!"}]},{"@type":"WebSite","@id":"https:\/\/radioljubuski.ba\/#website","url":"https:\/\/radioljubuski.ba\/","name":"Radio Ljubu\u0161ki","description":"Sun\u010dana frekvencija Hercegovine","publisher":{"@id":"https:\/\/radioljubuski.ba\/#organization"},"potentialAction":[{"@type":"SearchAction","target":{"@type":"EntryPoint","urlTemplate":"https:\/\/radioljubuski.ba\/?s={search_term_string}"},"query-input":{"@type":"PropertyValueSpecification","valueRequired":true,"valueName":"search_term_string"}}],"inLanguage":"hr"},{"@type":"Organization","@id":"https:\/\/radioljubuski.ba\/#organization","name":"Radio Ljubu\u0161ki","url":"https:\/\/radioljubuski.ba\/","logo":{"@type":"ImageObject","inLanguage":"hr","@id":"https:\/\/radioljubuski.ba\/#\/schema\/logo\/image\/","url":"https:\/\/radioljubuski.ba\/wp-content\/uploads\/2021\/02\/cropped-Radio_Ljubuski_logo1.jpg","contentUrl":"https:\/\/radioljubuski.ba\/wp-content\/uploads\/2021\/02\/cropped-Radio_Ljubuski_logo1.jpg","width":512,"height":512,"caption":"Radio Ljubu\u0161ki"},"image":{"@id":"https:\/\/radioljubuski.ba\/#\/schema\/logo\/image\/"},"sameAs":["https:\/\/www.facebook.com\/Radiio-Ljubuski-1490835324566332","https:\/\/x.com\/radioljubuski","https:\/\/hr.linkedin.com\/company\/radio-ljubuski","https:\/\/www.youtube.com\/channel\/UCHYaeO_n0Db3tjNGudGpXyw"]},{"@type":"Person","@id":"https:\/\/radioljubuski.ba\/#\/schema\/person\/19fc700381a780f69665d7956c469e3b","name":"Radio Ljubu\u0161ki"}]}},"_links":{"self":[{"href":"https:\/\/radioljubuski.ba\/index.php\/wp-json\/wp\/v2\/posts\/184636","targetHints":{"allow":["GET"]}}],"collection":[{"href":"https:\/\/radioljubuski.ba\/index.php\/wp-json\/wp\/v2\/posts"}],"about":[{"href":"https:\/\/radioljubuski.ba\/index.php\/wp-json\/wp\/v2\/types\/post"}],"author":[{"embeddable":true,"href":"https:\/\/radioljubuski.ba\/index.php\/wp-json\/wp\/v2\/users\/2"}],"replies":[{"embeddable":true,"href":"https:\/\/radioljubuski.ba\/index.php\/wp-json\/wp\/v2\/comments?post=184636"}],"version-history":[{"count":1,"href":"https:\/\/radioljubuski.ba\/index.php\/wp-json\/wp\/v2\/posts\/184636\/revisions"}],"predecessor-version":[{"id":184639,"href":"https:\/\/radioljubuski.ba\/index.php\/wp-json\/wp\/v2\/posts\/184636\/revisions\/184639"}],"wp:featuredmedia":[{"embeddable":true,"href":"https:\/\/radioljubuski.ba\/index.php\/wp-json\/wp\/v2\/media\/184638"}],"wp:attachment":[{"href":"https:\/\/radioljubuski.ba\/index.php\/wp-json\/wp\/v2\/media?parent=184636"}],"wp:term":[{"taxonomy":"category","embeddable":true,"href":"https:\/\/radioljubuski.ba\/index.php\/wp-json\/wp\/v2\/categories?post=184636"},{"taxonomy":"post_tag","embeddable":true,"href":"https:\/\/radioljubuski.ba\/index.php\/wp-json\/wp\/v2\/tags?post=184636"}],"curies":[{"name":"wp","href":"https:\/\/api.w.org\/{rel}","templated":true}]}}