{"id":184858,"date":"2022-10-13T13:49:54","date_gmt":"2022-10-13T12:49:54","guid":{"rendered":"https:\/\/radioljubuski.ba\/?p=184858"},"modified":"2022-10-13T13:49:55","modified_gmt":"2022-10-13T12:49:55","slug":"vlada-zzh-utvrdila-nacrt-zakona-o-izmjenama-i-dopunama-zakona-o-radu","status":"publish","type":"post","link":"https:\/\/radioljubuski.ba\/index.php\/2022\/10\/13\/vlada-zzh-utvrdila-nacrt-zakona-o-izmjenama-i-dopunama-zakona-o-radu\/","title":{"rendered":"Vlada \u017dZH utvrdila Nacrt Zakona o izmjenama i dopunama Zakona o radu"},"content":{"rendered":"\n<p><a>U utorak 27. rujna 2022. godine u \u0160irokom Brijegu je, pod predsjedavanjem predsjednika Zdenka \u0106osi\u0107a, odr\u017eana 136. sjednica Vlade \u017dupanije Zapadnohercegova\u010dke.<\/a><\/p>\n\n\n\n<p>Nakon usvajanja Dnevnog reda, Vlada je utvrdila Nacrt Zakona o izmjenama i dopunama Zakona o radu, te ga uputila u daljnju proceduru Skup\u0161tine \u017dupanije Zapadnohercegova\u010dke. Razlog za dono\u0161enje ovoga Zakona je stvaranje suglasja izme\u0111u propisa na \u017eupanijskoj i federalnoj razini, a u cilju pro\u0161irenja za\u0161tite radni\u010dkih prava. Naime, Zakon o radu Federacije BiH do\u017eivio je odre\u0111ene izmjene i dopune jer je tijekom njegove primjene utvr\u0111eno da odre\u0111ene pravne situacije zahtijevaju izmjene i dopune navedenog Zakona, \u0161to je opravdan razlog za dono\u0161enje Izmjena i dopuna Zakona o radu \u017dupanije Zapadnohercegova\u010dke. Isto tako, Izmjene i dopune federalnog Zakona o radu odredile su vremenski rok za dono\u0161enje propisa na razini \u017dupanije temeljem tog Zakona. U me\u0111uvremenu, na snagu je stupio federalni Zakon o mirovinsko invalidskom radu u kojem je, pored ostalih uvjeta za stjecanje prava na mirovinu, odre\u0111eno da radnik kada navr\u0161i 65 godina \u017eivota i 15 godina radnog sta\u017ea osiguranja stje\u010de uvjete za mirovinu, a dosada\u0161njom odredbom bilo je odre\u0111eno 65 godina \u017eivota i 20 godina sta\u017ea osiguranja.<\/p>\n\n\n\n<p>Vlada je utvrdila Nacrt Zakona o za\u0161titi na radu, koji je tako\u0111er upu\u0107en u daljnju skup\u0161tinsku proceduru. Ovim Zakonom utvr\u0111uju se prava, obveze i odgovornosti poslodavca i radnika u svezi sa provo\u0111enjem i pobolj\u0161anjem sigurnosti i zdravlja na radu i sustav pravila \u010dijom primjenom se posti\u017ee sprje\u010davanje povreda na radu, profesionalnih oboljenja i drugih oboljenja u vezi sa radom, kao i za\u0161tita radnog okoli\u0161a. Utvr\u0111ene su i obveze poslodavca, i to kao op\u0107e obveze, obveze u svezi organiziranja poslova sigurnosti i zdravlja na radu, prve pomo\u0107i, protupo\u017earne za\u0161tite i evakuacije radnika, obavje\u0161tavanja radnika, savjetovanja i uklju\u010divanja radnika i njihovih predstavnika, osposobljavanja radnika i drugo. Utvr\u0111ena je tako\u0111er&nbsp; obveza poslodavca da osigura radnicima usluge specifi\u010dne zdravstvene za\u0161tite \u010dije pru\u017eanje ugovara sa zdravstvenom ustanovom ili sa specijalistom medicine rada u privatnoj praksi, a propisane su i posebne obveze poslodavca vezane za sigurnost i za\u0161titu zdravlja kategorija radnika posebno osjetljivih na rizike kao \u0161to su trudnice, rodilje, dojilje, malodobni i radnici sa promijenjenom radnom sposobno\u0161\u0107u.<\/p>\n\n\n\n<p>Utvr\u0111en je i Nacrt Zakona o reprezentativnosti sindikata i udruga poslodavaca, te upu\u0107en u daljnju skup\u0161tinsku proceduru. Navedeni Zakon predstavlja jedan od dijelova reformi radnog zakonodavstva s ciljem unaprje\u0111ivanja prava na slobodno organiziranje i udru\u017eivanje u sindikate i udru\u017eenja poslodavaca, slobodu osnivanja i udru\u017eivanja u saveze i udru\u017eenja vi\u0161e razine, a u svezi sa pravom na kolektivno pregovaranje u svrhu unaprje\u0111ivanja ekonomskih i socijalnih interesa.<\/p>\n\n\n\n<p>Tako\u0111er, Vlada je utvrdila i u daljnju skup\u0161tinsku proceduru uputila Nacrt Zakona o mirnom rje\u0161avanju radnih sporova, kojim se osigurava pravni okvir za ostvarivanje osobnih i kolektivnih radnih sporova iz radnog odnosa temeljem dragovoljnosti, jednakosti i nepristranosti. Uz stru\u010dnu pomo\u0107 miritelja i arbitra cilj je skratiti postupke u radnim sporovima.<\/p>\n\n\n\n<p>Vlada je donijela Odluku o dono\u0161enju Programa javnih investicija \u017dupanije Zapadnohercegova\u010dke za razdoblje 2023. \u2013 2025. godine, sukladno Uredbi o na\u010dinu i kriterijima za pripremu, izradu i pra\u0107enje realizacije Programa javnih investicija u Federaciji BiH i na temelju ocjena Komisije za analizu i ocjenu projekata za Program javnih investicija u \u017dupaniji Zapadnohercegova\u010dkoj. Program javnih investicija (PJI) je trogodi\u0161nji dokument koji sadr\u017ei pregled ulaganja u projekte s podacima o ukupno potrebnim, nedostaju\u0107im i utro\u0161enim sredstvima te sredstvima planiranim za financiranje projekata iz prora\u010duna, kredita, donacija i\/ili drugih izvora za godine na koje se dokument odnosi i na razdoblje nakon toga. U PJI za razdoblje 2023. \u2013 2025. godine kandidirano je 15 projekata ukupne vrijednosti 48.445.442,30KM, od kojih se 7 nalazi u fazi implementacije. Kandidirani projekti prema sektorima su ukupne vrijednosti 20.786.342,33 KM, od kojih su 3 projekta iz obrazovanja, 2 projekta vodosnabdijevanja i sanitacije i 3 projekta iz sektora transport i skladi\u0161tenje.<\/p>\n\n\n\n<p>Vlada je tako\u0111er donijela i Odluku o dono\u0161enju Plana za\u0161tite i spa\u0161avanja od prirodnih i drugih nesre\u0107a \u017dupanije Zapadnohercegova\u010dke. Ova Odluka proizlazi iz zakonske obveze \u017eupanijske Uprave civilne za\u0161tite utvr\u0111ene Zakonom o za\u0161titi i spa\u0161avanju ljudi i materijalnih dobara od prirodnih i drugih nesre\u0107a, prema kojemu \u017eupanijska Uprava civilne za\u0161tite predla\u017ee Plan za\u0161tite od prirodnih i drugih nesre\u0107a \u017dupanije, a temeljem spomenutog Zakona, \u017dupanija donosi Plan za\u0161tite od prirodnih i drugih nesre\u0107a \u017dupanije i osigurava njegovu realizaciju.<\/p>\n\n\n\n<p>Prihva\u0107eno je Izvje\u0161\u0107e o radu Vlade \u017dupanije Zapadnohercegova\u010dke za 2021. godinu, priop\u0107eno je iz Vlade \u017dZH.<\/p>\n\n\n\n<p>Radio Ljubu\u0161ki<\/p>\n","protected":false},"excerpt":{"rendered":"<p>U utorak 27. rujna 2022. godine u \u0160irokom Brijegu je, pod predsjedavanjem predsjednika Zdenka \u0106osi\u0107a, odr\u017eana 136. sjednica Vlade \u017dupanije Zapadnohercegova\u010dke. Nakon usvajanja Dnevnog reda, Vlada je utvrdila Nacrt Zakona o izmjenama i dopunama Zakona o radu, te ga uputila u daljnju proceduru Skup\u0161tine \u017dupanije Zapadnohercegova\u010dke. Razlog za dono\u0161enje ovoga Zakona je stvaranje suglasja izme\u0111u [&hellip;]<\/p>\n","protected":false},"author":2,"featured_media":184859,"comment_status":"closed","ping_status":"closed","sticky":false,"template":"","format":"standard","meta":{"h5ap_radio_sources":[],"footnotes":""},"categories":[30],"tags":[],"class_list":["post-184858","post","type-post","status-publish","format-standard","has-post-thumbnail","hentry","category-zupanija-zapadnohercegovacka"],"yoast_head":"<!-- This site is optimized with the Yoast SEO plugin v27.4 - https:\/\/yoast.com\/product\/yoast-seo-wordpress\/ -->\n<title>Vlada \u017dZH utvrdila Nacrt Zakona o izmjenama i dopunama Zakona o radu - RADIO LJUBU\u0160KI<\/title>\n<meta name=\"robots\" content=\"index, follow, max-snippet:-1, max-image-preview:large, max-video-preview:-1\" \/>\n<link rel=\"canonical\" href=\"https:\/\/radioljubuski.ba\/index.php\/2022\/10\/13\/vlada-zzh-utvrdila-nacrt-zakona-o-izmjenama-i-dopunama-zakona-o-radu\/\" \/>\n<meta property=\"og:locale\" content=\"hr_HR\" \/>\n<meta property=\"og:type\" content=\"article\" \/>\n<meta property=\"og:title\" content=\"Vlada \u017dZH utvrdila Nacrt Zakona o izmjenama i dopunama Zakona o radu - RADIO LJUBU\u0160KI\" \/>\n<meta property=\"og:description\" content=\"U utorak 27. rujna 2022. godine u \u0160irokom Brijegu je, pod predsjedavanjem predsjednika Zdenka \u0106osi\u0107a, odr\u017eana 136. sjednica Vlade \u017dupanije Zapadnohercegova\u010dke. Nakon usvajanja Dnevnog reda, Vlada je utvrdila Nacrt Zakona o izmjenama i dopunama Zakona o radu, te ga uputila u daljnju proceduru Skup\u0161tine \u017dupanije Zapadnohercegova\u010dke. Razlog za dono\u0161enje ovoga Zakona je stvaranje suglasja izme\u0111u [&hellip;]\" \/>\n<meta property=\"og:url\" content=\"https:\/\/radioljubuski.ba\/index.php\/2022\/10\/13\/vlada-zzh-utvrdila-nacrt-zakona-o-izmjenama-i-dopunama-zakona-o-radu\/\" \/>\n<meta property=\"og:site_name\" content=\"RADIO LJUBU\u0160KI\" \/>\n<meta property=\"article:publisher\" content=\"https:\/\/www.facebook.com\/Radiio-Ljubuski-1490835324566332\" \/>\n<meta property=\"article:published_time\" content=\"2022-10-13T12:49:54+00:00\" \/>\n<meta property=\"article:modified_time\" content=\"2022-10-13T12:49:55+00:00\" \/>\n<meta property=\"og:image\" content=\"https:\/\/radioljubuski.ba\/wp-content\/uploads\/2022\/10\/vlada-zhz.jpg\" \/>\n\t<meta property=\"og:image:width\" content=\"640\" \/>\n\t<meta property=\"og:image:height\" content=\"425\" \/>\n\t<meta property=\"og:image:type\" content=\"image\/jpeg\" \/>\n<meta name=\"author\" content=\"Radio Ljubu\u0161ki\" \/>\n<meta name=\"twitter:card\" content=\"summary_large_image\" \/>\n<meta name=\"twitter:creator\" content=\"@radioljubuski\" \/>\n<meta name=\"twitter:site\" content=\"@radioljubuski\" \/>\n<meta name=\"twitter:label1\" content=\"Napisao\/la\" \/>\n\t<meta name=\"twitter:data1\" content=\"Radio Ljubu\u0161ki\" \/>\n\t<meta name=\"twitter:label2\" content=\"Procijenjeno vrijeme \u010ditanja\" \/>\n\t<meta name=\"twitter:data2\" content=\"4 minute\" \/>\n<script type=\"application\/ld+json\" class=\"yoast-schema-graph\">{\"@context\":\"https:\\\/\\\/schema.org\",\"@graph\":[{\"@type\":\"Article\",\"@id\":\"https:\\\/\\\/radioljubuski.ba\\\/index.php\\\/2022\\\/10\\\/13\\\/vlada-zzh-utvrdila-nacrt-zakona-o-izmjenama-i-dopunama-zakona-o-radu\\\/#article\",\"isPartOf\":{\"@id\":\"https:\\\/\\\/radioljubuski.ba\\\/index.php\\\/2022\\\/10\\\/13\\\/vlada-zzh-utvrdila-nacrt-zakona-o-izmjenama-i-dopunama-zakona-o-radu\\\/\"},\"author\":{\"name\":\"Radio Ljubu\u0161ki\",\"@id\":\"https:\\\/\\\/radioljubuski.ba\\\/#\\\/schema\\\/person\\\/19fc700381a780f69665d7956c469e3b\"},\"headline\":\"Vlada \u017dZH utvrdila Nacrt Zakona o izmjenama i dopunama Zakona o radu\",\"datePublished\":\"2022-10-13T12:49:54+00:00\",\"dateModified\":\"2022-10-13T12:49:55+00:00\",\"mainEntityOfPage\":{\"@id\":\"https:\\\/\\\/radioljubuski.ba\\\/index.php\\\/2022\\\/10\\\/13\\\/vlada-zzh-utvrdila-nacrt-zakona-o-izmjenama-i-dopunama-zakona-o-radu\\\/\"},\"wordCount\":801,\"publisher\":{\"@id\":\"https:\\\/\\\/radioljubuski.ba\\\/#organization\"},\"image\":{\"@id\":\"https:\\\/\\\/radioljubuski.ba\\\/index.php\\\/2022\\\/10\\\/13\\\/vlada-zzh-utvrdila-nacrt-zakona-o-izmjenama-i-dopunama-zakona-o-radu\\\/#primaryimage\"},\"thumbnailUrl\":\"https:\\\/\\\/radioljubuski.ba\\\/wp-content\\\/uploads\\\/2022\\\/10\\\/vlada-zhz.jpg\",\"articleSection\":[\"\u017dupanija Zapadnohercegova\u010dka\"],\"inLanguage\":\"hr\"},{\"@type\":\"WebPage\",\"@id\":\"https:\\\/\\\/radioljubuski.ba\\\/index.php\\\/2022\\\/10\\\/13\\\/vlada-zzh-utvrdila-nacrt-zakona-o-izmjenama-i-dopunama-zakona-o-radu\\\/\",\"url\":\"https:\\\/\\\/radioljubuski.ba\\\/index.php\\\/2022\\\/10\\\/13\\\/vlada-zzh-utvrdila-nacrt-zakona-o-izmjenama-i-dopunama-zakona-o-radu\\\/\",\"name\":\"Vlada \u017dZH utvrdila Nacrt Zakona o izmjenama i dopunama Zakona o radu - RADIO LJUBU\u0160KI\",\"isPartOf\":{\"@id\":\"https:\\\/\\\/radioljubuski.ba\\\/#website\"},\"primaryImageOfPage\":{\"@id\":\"https:\\\/\\\/radioljubuski.ba\\\/index.php\\\/2022\\\/10\\\/13\\\/vlada-zzh-utvrdila-nacrt-zakona-o-izmjenama-i-dopunama-zakona-o-radu\\\/#primaryimage\"},\"image\":{\"@id\":\"https:\\\/\\\/radioljubuski.ba\\\/index.php\\\/2022\\\/10\\\/13\\\/vlada-zzh-utvrdila-nacrt-zakona-o-izmjenama-i-dopunama-zakona-o-radu\\\/#primaryimage\"},\"thumbnailUrl\":\"https:\\\/\\\/radioljubuski.ba\\\/wp-content\\\/uploads\\\/2022\\\/10\\\/vlada-zhz.jpg\",\"datePublished\":\"2022-10-13T12:49:54+00:00\",\"dateModified\":\"2022-10-13T12:49:55+00:00\",\"breadcrumb\":{\"@id\":\"https:\\\/\\\/radioljubuski.ba\\\/index.php\\\/2022\\\/10\\\/13\\\/vlada-zzh-utvrdila-nacrt-zakona-o-izmjenama-i-dopunama-zakona-o-radu\\\/#breadcrumb\"},\"inLanguage\":\"hr\",\"potentialAction\":[{\"@type\":\"ReadAction\",\"target\":[\"https:\\\/\\\/radioljubuski.ba\\\/index.php\\\/2022\\\/10\\\/13\\\/vlada-zzh-utvrdila-nacrt-zakona-o-izmjenama-i-dopunama-zakona-o-radu\\\/\"]}]},{\"@type\":\"ImageObject\",\"inLanguage\":\"hr\",\"@id\":\"https:\\\/\\\/radioljubuski.ba\\\/index.php\\\/2022\\\/10\\\/13\\\/vlada-zzh-utvrdila-nacrt-zakona-o-izmjenama-i-dopunama-zakona-o-radu\\\/#primaryimage\",\"url\":\"https:\\\/\\\/radioljubuski.ba\\\/wp-content\\\/uploads\\\/2022\\\/10\\\/vlada-zhz.jpg\",\"contentUrl\":\"https:\\\/\\\/radioljubuski.ba\\\/wp-content\\\/uploads\\\/2022\\\/10\\\/vlada-zhz.jpg\",\"width\":640,\"height\":425},{\"@type\":\"BreadcrumbList\",\"@id\":\"https:\\\/\\\/radioljubuski.ba\\\/index.php\\\/2022\\\/10\\\/13\\\/vlada-zzh-utvrdila-nacrt-zakona-o-izmjenama-i-dopunama-zakona-o-radu\\\/#breadcrumb\",\"itemListElement\":[{\"@type\":\"ListItem\",\"position\":1,\"name\":\"Po\u010detna stranica\",\"item\":\"https:\\\/\\\/radioljubuski.ba\\\/\"},{\"@type\":\"ListItem\",\"position\":2,\"name\":\"Vlada \u017dZH utvrdila Nacrt Zakona o izmjenama i dopunama Zakona o radu\"}]},{\"@type\":\"WebSite\",\"@id\":\"https:\\\/\\\/radioljubuski.ba\\\/#website\",\"url\":\"https:\\\/\\\/radioljubuski.ba\\\/\",\"name\":\"Radio Ljubu\u0161ki\",\"description\":\"Sun\u010dana frekvencija Hercegovine\",\"publisher\":{\"@id\":\"https:\\\/\\\/radioljubuski.ba\\\/#organization\"},\"potentialAction\":[{\"@type\":\"SearchAction\",\"target\":{\"@type\":\"EntryPoint\",\"urlTemplate\":\"https:\\\/\\\/radioljubuski.ba\\\/?s={search_term_string}\"},\"query-input\":{\"@type\":\"PropertyValueSpecification\",\"valueRequired\":true,\"valueName\":\"search_term_string\"}}],\"inLanguage\":\"hr\"},{\"@type\":\"Organization\",\"@id\":\"https:\\\/\\\/radioljubuski.ba\\\/#organization\",\"name\":\"Radio Ljubu\u0161ki\",\"url\":\"https:\\\/\\\/radioljubuski.ba\\\/\",\"logo\":{\"@type\":\"ImageObject\",\"inLanguage\":\"hr\",\"@id\":\"https:\\\/\\\/radioljubuski.ba\\\/#\\\/schema\\\/logo\\\/image\\\/\",\"url\":\"https:\\\/\\\/radioljubuski.ba\\\/wp-content\\\/uploads\\\/2021\\\/02\\\/cropped-Radio_Ljubuski_logo1.jpg\",\"contentUrl\":\"https:\\\/\\\/radioljubuski.ba\\\/wp-content\\\/uploads\\\/2021\\\/02\\\/cropped-Radio_Ljubuski_logo1.jpg\",\"width\":512,\"height\":512,\"caption\":\"Radio Ljubu\u0161ki\"},\"image\":{\"@id\":\"https:\\\/\\\/radioljubuski.ba\\\/#\\\/schema\\\/logo\\\/image\\\/\"},\"sameAs\":[\"https:\\\/\\\/www.facebook.com\\\/Radiio-Ljubuski-1490835324566332\",\"https:\\\/\\\/x.com\\\/radioljubuski\",\"https:\\\/\\\/hr.linkedin.com\\\/company\\\/radio-ljubuski\",\"https:\\\/\\\/www.youtube.com\\\/channel\\\/UCHYaeO_n0Db3tjNGudGpXyw\"]},{\"@type\":\"Person\",\"@id\":\"https:\\\/\\\/radioljubuski.ba\\\/#\\\/schema\\\/person\\\/19fc700381a780f69665d7956c469e3b\",\"name\":\"Radio Ljubu\u0161ki\"}]}<\/script>\n<!-- \/ Yoast SEO plugin. -->","yoast_head_json":{"title":"Vlada \u017dZH utvrdila Nacrt Zakona o izmjenama i dopunama Zakona o radu - RADIO LJUBU\u0160KI","robots":{"index":"index","follow":"follow","max-snippet":"max-snippet:-1","max-image-preview":"max-image-preview:large","max-video-preview":"max-video-preview:-1"},"canonical":"https:\/\/radioljubuski.ba\/index.php\/2022\/10\/13\/vlada-zzh-utvrdila-nacrt-zakona-o-izmjenama-i-dopunama-zakona-o-radu\/","og_locale":"hr_HR","og_type":"article","og_title":"Vlada \u017dZH utvrdila Nacrt Zakona o izmjenama i dopunama Zakona o radu - RADIO LJUBU\u0160KI","og_description":"U utorak 27. rujna 2022. godine u \u0160irokom Brijegu je, pod predsjedavanjem predsjednika Zdenka \u0106osi\u0107a, odr\u017eana 136. sjednica Vlade \u017dupanije Zapadnohercegova\u010dke. Nakon usvajanja Dnevnog reda, Vlada je utvrdila Nacrt Zakona o izmjenama i dopunama Zakona o radu, te ga uputila u daljnju proceduru Skup\u0161tine \u017dupanije Zapadnohercegova\u010dke. Razlog za dono\u0161enje ovoga Zakona je stvaranje suglasja izme\u0111u [&hellip;]","og_url":"https:\/\/radioljubuski.ba\/index.php\/2022\/10\/13\/vlada-zzh-utvrdila-nacrt-zakona-o-izmjenama-i-dopunama-zakona-o-radu\/","og_site_name":"RADIO LJUBU\u0160KI","article_publisher":"https:\/\/www.facebook.com\/Radiio-Ljubuski-1490835324566332","article_published_time":"2022-10-13T12:49:54+00:00","article_modified_time":"2022-10-13T12:49:55+00:00","og_image":[{"width":640,"height":425,"url":"https:\/\/radioljubuski.ba\/wp-content\/uploads\/2022\/10\/vlada-zhz.jpg","type":"image\/jpeg"}],"author":"Radio Ljubu\u0161ki","twitter_card":"summary_large_image","twitter_creator":"@radioljubuski","twitter_site":"@radioljubuski","twitter_misc":{"Napisao\/la":"Radio Ljubu\u0161ki","Procijenjeno vrijeme \u010ditanja":"4 minute"},"schema":{"@context":"https:\/\/schema.org","@graph":[{"@type":"Article","@id":"https:\/\/radioljubuski.ba\/index.php\/2022\/10\/13\/vlada-zzh-utvrdila-nacrt-zakona-o-izmjenama-i-dopunama-zakona-o-radu\/#article","isPartOf":{"@id":"https:\/\/radioljubuski.ba\/index.php\/2022\/10\/13\/vlada-zzh-utvrdila-nacrt-zakona-o-izmjenama-i-dopunama-zakona-o-radu\/"},"author":{"name":"Radio Ljubu\u0161ki","@id":"https:\/\/radioljubuski.ba\/#\/schema\/person\/19fc700381a780f69665d7956c469e3b"},"headline":"Vlada \u017dZH utvrdila Nacrt Zakona o izmjenama i dopunama Zakona o radu","datePublished":"2022-10-13T12:49:54+00:00","dateModified":"2022-10-13T12:49:55+00:00","mainEntityOfPage":{"@id":"https:\/\/radioljubuski.ba\/index.php\/2022\/10\/13\/vlada-zzh-utvrdila-nacrt-zakona-o-izmjenama-i-dopunama-zakona-o-radu\/"},"wordCount":801,"publisher":{"@id":"https:\/\/radioljubuski.ba\/#organization"},"image":{"@id":"https:\/\/radioljubuski.ba\/index.php\/2022\/10\/13\/vlada-zzh-utvrdila-nacrt-zakona-o-izmjenama-i-dopunama-zakona-o-radu\/#primaryimage"},"thumbnailUrl":"https:\/\/radioljubuski.ba\/wp-content\/uploads\/2022\/10\/vlada-zhz.jpg","articleSection":["\u017dupanija Zapadnohercegova\u010dka"],"inLanguage":"hr"},{"@type":"WebPage","@id":"https:\/\/radioljubuski.ba\/index.php\/2022\/10\/13\/vlada-zzh-utvrdila-nacrt-zakona-o-izmjenama-i-dopunama-zakona-o-radu\/","url":"https:\/\/radioljubuski.ba\/index.php\/2022\/10\/13\/vlada-zzh-utvrdila-nacrt-zakona-o-izmjenama-i-dopunama-zakona-o-radu\/","name":"Vlada \u017dZH utvrdila Nacrt Zakona o izmjenama i dopunama Zakona o radu - RADIO LJUBU\u0160KI","isPartOf":{"@id":"https:\/\/radioljubuski.ba\/#website"},"primaryImageOfPage":{"@id":"https:\/\/radioljubuski.ba\/index.php\/2022\/10\/13\/vlada-zzh-utvrdila-nacrt-zakona-o-izmjenama-i-dopunama-zakona-o-radu\/#primaryimage"},"image":{"@id":"https:\/\/radioljubuski.ba\/index.php\/2022\/10\/13\/vlada-zzh-utvrdila-nacrt-zakona-o-izmjenama-i-dopunama-zakona-o-radu\/#primaryimage"},"thumbnailUrl":"https:\/\/radioljubuski.ba\/wp-content\/uploads\/2022\/10\/vlada-zhz.jpg","datePublished":"2022-10-13T12:49:54+00:00","dateModified":"2022-10-13T12:49:55+00:00","breadcrumb":{"@id":"https:\/\/radioljubuski.ba\/index.php\/2022\/10\/13\/vlada-zzh-utvrdila-nacrt-zakona-o-izmjenama-i-dopunama-zakona-o-radu\/#breadcrumb"},"inLanguage":"hr","potentialAction":[{"@type":"ReadAction","target":["https:\/\/radioljubuski.ba\/index.php\/2022\/10\/13\/vlada-zzh-utvrdila-nacrt-zakona-o-izmjenama-i-dopunama-zakona-o-radu\/"]}]},{"@type":"ImageObject","inLanguage":"hr","@id":"https:\/\/radioljubuski.ba\/index.php\/2022\/10\/13\/vlada-zzh-utvrdila-nacrt-zakona-o-izmjenama-i-dopunama-zakona-o-radu\/#primaryimage","url":"https:\/\/radioljubuski.ba\/wp-content\/uploads\/2022\/10\/vlada-zhz.jpg","contentUrl":"https:\/\/radioljubuski.ba\/wp-content\/uploads\/2022\/10\/vlada-zhz.jpg","width":640,"height":425},{"@type":"BreadcrumbList","@id":"https:\/\/radioljubuski.ba\/index.php\/2022\/10\/13\/vlada-zzh-utvrdila-nacrt-zakona-o-izmjenama-i-dopunama-zakona-o-radu\/#breadcrumb","itemListElement":[{"@type":"ListItem","position":1,"name":"Po\u010detna stranica","item":"https:\/\/radioljubuski.ba\/"},{"@type":"ListItem","position":2,"name":"Vlada \u017dZH utvrdila Nacrt Zakona o izmjenama i dopunama Zakona o radu"}]},{"@type":"WebSite","@id":"https:\/\/radioljubuski.ba\/#website","url":"https:\/\/radioljubuski.ba\/","name":"Radio Ljubu\u0161ki","description":"Sun\u010dana frekvencija Hercegovine","publisher":{"@id":"https:\/\/radioljubuski.ba\/#organization"},"potentialAction":[{"@type":"SearchAction","target":{"@type":"EntryPoint","urlTemplate":"https:\/\/radioljubuski.ba\/?s={search_term_string}"},"query-input":{"@type":"PropertyValueSpecification","valueRequired":true,"valueName":"search_term_string"}}],"inLanguage":"hr"},{"@type":"Organization","@id":"https:\/\/radioljubuski.ba\/#organization","name":"Radio Ljubu\u0161ki","url":"https:\/\/radioljubuski.ba\/","logo":{"@type":"ImageObject","inLanguage":"hr","@id":"https:\/\/radioljubuski.ba\/#\/schema\/logo\/image\/","url":"https:\/\/radioljubuski.ba\/wp-content\/uploads\/2021\/02\/cropped-Radio_Ljubuski_logo1.jpg","contentUrl":"https:\/\/radioljubuski.ba\/wp-content\/uploads\/2021\/02\/cropped-Radio_Ljubuski_logo1.jpg","width":512,"height":512,"caption":"Radio Ljubu\u0161ki"},"image":{"@id":"https:\/\/radioljubuski.ba\/#\/schema\/logo\/image\/"},"sameAs":["https:\/\/www.facebook.com\/Radiio-Ljubuski-1490835324566332","https:\/\/x.com\/radioljubuski","https:\/\/hr.linkedin.com\/company\/radio-ljubuski","https:\/\/www.youtube.com\/channel\/UCHYaeO_n0Db3tjNGudGpXyw"]},{"@type":"Person","@id":"https:\/\/radioljubuski.ba\/#\/schema\/person\/19fc700381a780f69665d7956c469e3b","name":"Radio Ljubu\u0161ki"}]}},"_links":{"self":[{"href":"https:\/\/radioljubuski.ba\/index.php\/wp-json\/wp\/v2\/posts\/184858","targetHints":{"allow":["GET"]}}],"collection":[{"href":"https:\/\/radioljubuski.ba\/index.php\/wp-json\/wp\/v2\/posts"}],"about":[{"href":"https:\/\/radioljubuski.ba\/index.php\/wp-json\/wp\/v2\/types\/post"}],"author":[{"embeddable":true,"href":"https:\/\/radioljubuski.ba\/index.php\/wp-json\/wp\/v2\/users\/2"}],"replies":[{"embeddable":true,"href":"https:\/\/radioljubuski.ba\/index.php\/wp-json\/wp\/v2\/comments?post=184858"}],"version-history":[{"count":1,"href":"https:\/\/radioljubuski.ba\/index.php\/wp-json\/wp\/v2\/posts\/184858\/revisions"}],"predecessor-version":[{"id":184860,"href":"https:\/\/radioljubuski.ba\/index.php\/wp-json\/wp\/v2\/posts\/184858\/revisions\/184860"}],"wp:featuredmedia":[{"embeddable":true,"href":"https:\/\/radioljubuski.ba\/index.php\/wp-json\/wp\/v2\/media\/184859"}],"wp:attachment":[{"href":"https:\/\/radioljubuski.ba\/index.php\/wp-json\/wp\/v2\/media?parent=184858"}],"wp:term":[{"taxonomy":"category","embeddable":true,"href":"https:\/\/radioljubuski.ba\/index.php\/wp-json\/wp\/v2\/categories?post=184858"},{"taxonomy":"post_tag","embeddable":true,"href":"https:\/\/radioljubuski.ba\/index.php\/wp-json\/wp\/v2\/tags?post=184858"}],"curies":[{"name":"wp","href":"https:\/\/api.w.org\/{rel}","templated":true}]}}