{"id":184887,"date":"2022-10-14T11:07:48","date_gmt":"2022-10-14T10:07:48","guid":{"rendered":"https:\/\/radioljubuski.ba\/?p=184887"},"modified":"2022-10-14T11:07:49","modified_gmt":"2022-10-14T10:07:49","slug":"u-knjiznici-ljubuski-danas-knjizevni-susret-s-knjizevnikom-vlatkom-majicem","status":"publish","type":"post","link":"https:\/\/radioljubuski.ba\/index.php\/2022\/10\/14\/u-knjiznici-ljubuski-danas-knjizevni-susret-s-knjizevnikom-vlatkom-majicem\/","title":{"rendered":"U Knji\u017enici Ljubu\u0161ki danas knji\u017eevni susret s knji\u017eevnikom Vlatkom Maji\u0107em"},"content":{"rendered":"\n<p><strong>JU &#8220;Kulturno-\u0161portski centar&#8221; Ljubu\u0161ki organizira knji\u017eevni susret s knji\u017eevnikom Vlatkom Maji\u0107em, koji \u0107e se uprili\u010diti u petak 14. listopada, s po\u010detkom u 13 sati, u Knji\u017enici Ljubu\u0161ki.<\/strong><\/p>\n\n\n\n<p>Knji\u017eevnom susretu, na kojemu \u0107e knji\u017eevnik Maji\u0107 pobli\u017ee predstaviti svoje knji\u017eevno stvarala\u0161tvo namijenjeno djeci, nazo\u010dit \u0107e u\u010denici O\u0160 Marka Maruli\u0107a Ljubu\u0161ki.<\/p>\n\n\n\n<p><strong>Ukratko o knji\u017eevniku:<\/strong> Vlatko Maji\u0107&nbsp;(Vitina&nbsp;kod&nbsp;Ljubu\u0161kog,1956.), hrvatski knji\u017eevnik. Profesor hrvatskog jezika i knji\u017eevnosti, radio u srednjoj i osnovnoj \u0161koli u Zagrebu, Pagu i Zadru, a sada je ravnatelj Gradske knji\u017enice Pag.<\/p>\n\n\n\n<p>Pi\u0161e&nbsp;poeziju,&nbsp;prozu,&nbsp;igrokaze&nbsp;i knji\u017eevnokriti\u010dke tekstove.<\/p>\n\n\n\n<p>Pjesme su mu prevo\u0111ene na&nbsp;talijanski,&nbsp;engleski,njema\u010dki,francuski&nbsp;i&nbsp;slovenski jezik.<\/p>\n\n\n\n<p>Nagra\u0111ivan za poeziju i prozu, te je zastupljen u \u010ditankama i antologijama u Bosni i Hercegovini i Hrvatskoj.<\/p>\n\n\n\n<p>\u010clan je Matice hrvatske, Udruge dragovoljaca domovinskog rata, Dru\u0161tva hrvatskih knji\u017eevnika Herceg Bosne u Mostaru i Dru\u0161tva hrvatskih knji\u017eevnika u Zagrebu, pi\u0161e iks-portal.info.<\/p>\n\n\n\n<p>Radio Ljubu\u0161ki<\/p>\n","protected":false},"excerpt":{"rendered":"<p>JU &#8220;Kulturno-\u0161portski centar&#8221; Ljubu\u0161ki organizira knji\u017eevni susret s knji\u017eevnikom Vlatkom Maji\u0107em, koji \u0107e se uprili\u010diti u petak 14. listopada, s po\u010detkom u 13 sati, u Knji\u017enici Ljubu\u0161ki. Knji\u017eevnom susretu, na kojemu \u0107e knji\u017eevnik Maji\u0107 pobli\u017ee predstaviti svoje knji\u017eevno stvarala\u0161tvo namijenjeno djeci, nazo\u010dit \u0107e u\u010denici O\u0160 Marka Maruli\u0107a Ljubu\u0161ki. Ukratko o knji\u017eevniku: Vlatko Maji\u0107&nbsp;(Vitina&nbsp;kod&nbsp;Ljubu\u0161kog,1956.), hrvatski knji\u017eevnik. [&hellip;]<\/p>\n","protected":false},"author":2,"featured_media":184888,"comment_status":"closed","ping_status":"closed","sticky":false,"template":"","format":"standard","meta":{"h5ap_radio_sources":[],"footnotes":""},"categories":[33],"tags":[],"class_list":["post-184887","post","type-post","status-publish","format-standard","has-post-thumbnail","hentry","category-kultura"],"yoast_head":"<!-- This site is optimized with the Yoast SEO plugin v27.5 - https:\/\/yoast.com\/product\/yoast-seo-wordpress\/ -->\n<title>U Knji\u017enici Ljubu\u0161ki danas knji\u017eevni susret s knji\u017eevnikom Vlatkom Maji\u0107em - RADIO LJUBU\u0160KI<\/title>\n<meta name=\"robots\" content=\"index, follow, max-snippet:-1, max-image-preview:large, max-video-preview:-1\" \/>\n<link rel=\"canonical\" href=\"https:\/\/radioljubuski.ba\/index.php\/2022\/10\/14\/u-knjiznici-ljubuski-danas-knjizevni-susret-s-knjizevnikom-vlatkom-majicem\/\" \/>\n<meta property=\"og:locale\" content=\"hr_HR\" \/>\n<meta property=\"og:type\" content=\"article\" \/>\n<meta property=\"og:title\" content=\"U Knji\u017enici Ljubu\u0161ki danas knji\u017eevni susret s knji\u017eevnikom Vlatkom Maji\u0107em - RADIO LJUBU\u0160KI\" \/>\n<meta property=\"og:description\" content=\"JU &#8220;Kulturno-\u0161portski centar&#8221; Ljubu\u0161ki organizira knji\u017eevni susret s knji\u017eevnikom Vlatkom Maji\u0107em, koji \u0107e se uprili\u010diti u petak 14. listopada, s po\u010detkom u 13 sati, u Knji\u017enici Ljubu\u0161ki. Knji\u017eevnom susretu, na kojemu \u0107e knji\u017eevnik Maji\u0107 pobli\u017ee predstaviti svoje knji\u017eevno stvarala\u0161tvo namijenjeno djeci, nazo\u010dit \u0107e u\u010denici O\u0160 Marka Maruli\u0107a Ljubu\u0161ki. Ukratko o knji\u017eevniku: Vlatko Maji\u0107&nbsp;(Vitina&nbsp;kod&nbsp;Ljubu\u0161kog,1956.), hrvatski knji\u017eevnik. [&hellip;]\" \/>\n<meta property=\"og:url\" content=\"https:\/\/radioljubuski.ba\/index.php\/2022\/10\/14\/u-knjiznici-ljubuski-danas-knjizevni-susret-s-knjizevnikom-vlatkom-majicem\/\" \/>\n<meta property=\"og:site_name\" content=\"RADIO LJUBU\u0160KI\" \/>\n<meta property=\"article:publisher\" content=\"https:\/\/www.facebook.com\/Radiio-Ljubuski-1490835324566332\" \/>\n<meta property=\"article:published_time\" content=\"2022-10-14T10:07:48+00:00\" \/>\n<meta property=\"article:modified_time\" content=\"2022-10-14T10:07:49+00:00\" \/>\n<meta property=\"og:image\" content=\"https:\/\/radioljubuski.ba\/wp-content\/uploads\/2022\/10\/90af2220277f5b834e33abb2d9a5d2bc_L.jpg\" \/>\n\t<meta property=\"og:image:width\" content=\"1024\" \/>\n\t<meta property=\"og:image:height\" content=\"976\" \/>\n\t<meta property=\"og:image:type\" content=\"image\/jpeg\" \/>\n<meta name=\"author\" content=\"Radio Ljubu\u0161ki\" \/>\n<meta name=\"twitter:card\" content=\"summary_large_image\" \/>\n<meta name=\"twitter:creator\" content=\"@radioljubuski\" \/>\n<meta name=\"twitter:site\" content=\"@radioljubuski\" \/>\n<meta name=\"twitter:label1\" content=\"Napisao\/la\" \/>\n\t<meta name=\"twitter:data1\" content=\"Radio Ljubu\u0161ki\" \/>\n\t<meta name=\"twitter:label2\" content=\"Procijenjeno vrijeme \u010ditanja\" \/>\n\t<meta name=\"twitter:data2\" content=\"1 minuta\" \/>\n<script type=\"application\/ld+json\" class=\"yoast-schema-graph\">{\"@context\":\"https:\\\/\\\/schema.org\",\"@graph\":[{\"@type\":\"Article\",\"@id\":\"https:\\\/\\\/radioljubuski.ba\\\/index.php\\\/2022\\\/10\\\/14\\\/u-knjiznici-ljubuski-danas-knjizevni-susret-s-knjizevnikom-vlatkom-majicem\\\/#article\",\"isPartOf\":{\"@id\":\"https:\\\/\\\/radioljubuski.ba\\\/index.php\\\/2022\\\/10\\\/14\\\/u-knjiznici-ljubuski-danas-knjizevni-susret-s-knjizevnikom-vlatkom-majicem\\\/\"},\"author\":{\"name\":\"Radio Ljubu\u0161ki\",\"@id\":\"https:\\\/\\\/radioljubuski.ba\\\/#\\\/schema\\\/person\\\/19fc700381a780f69665d7956c469e3b\"},\"headline\":\"U Knji\u017enici Ljubu\u0161ki danas knji\u017eevni susret s knji\u017eevnikom Vlatkom Maji\u0107em\",\"datePublished\":\"2022-10-14T10:07:48+00:00\",\"dateModified\":\"2022-10-14T10:07:49+00:00\",\"mainEntityOfPage\":{\"@id\":\"https:\\\/\\\/radioljubuski.ba\\\/index.php\\\/2022\\\/10\\\/14\\\/u-knjiznici-ljubuski-danas-knjizevni-susret-s-knjizevnikom-vlatkom-majicem\\\/\"},\"wordCount\":203,\"publisher\":{\"@id\":\"https:\\\/\\\/radioljubuski.ba\\\/#organization\"},\"image\":{\"@id\":\"https:\\\/\\\/radioljubuski.ba\\\/index.php\\\/2022\\\/10\\\/14\\\/u-knjiznici-ljubuski-danas-knjizevni-susret-s-knjizevnikom-vlatkom-majicem\\\/#primaryimage\"},\"thumbnailUrl\":\"https:\\\/\\\/radioljubuski.ba\\\/wp-content\\\/uploads\\\/2022\\\/10\\\/90af2220277f5b834e33abb2d9a5d2bc_L.jpg\",\"articleSection\":[\"Kultura\"],\"inLanguage\":\"hr\"},{\"@type\":\"WebPage\",\"@id\":\"https:\\\/\\\/radioljubuski.ba\\\/index.php\\\/2022\\\/10\\\/14\\\/u-knjiznici-ljubuski-danas-knjizevni-susret-s-knjizevnikom-vlatkom-majicem\\\/\",\"url\":\"https:\\\/\\\/radioljubuski.ba\\\/index.php\\\/2022\\\/10\\\/14\\\/u-knjiznici-ljubuski-danas-knjizevni-susret-s-knjizevnikom-vlatkom-majicem\\\/\",\"name\":\"U Knji\u017enici Ljubu\u0161ki danas knji\u017eevni susret s knji\u017eevnikom Vlatkom Maji\u0107em - RADIO LJUBU\u0160KI\",\"isPartOf\":{\"@id\":\"https:\\\/\\\/radioljubuski.ba\\\/#website\"},\"primaryImageOfPage\":{\"@id\":\"https:\\\/\\\/radioljubuski.ba\\\/index.php\\\/2022\\\/10\\\/14\\\/u-knjiznici-ljubuski-danas-knjizevni-susret-s-knjizevnikom-vlatkom-majicem\\\/#primaryimage\"},\"image\":{\"@id\":\"https:\\\/\\\/radioljubuski.ba\\\/index.php\\\/2022\\\/10\\\/14\\\/u-knjiznici-ljubuski-danas-knjizevni-susret-s-knjizevnikom-vlatkom-majicem\\\/#primaryimage\"},\"thumbnailUrl\":\"https:\\\/\\\/radioljubuski.ba\\\/wp-content\\\/uploads\\\/2022\\\/10\\\/90af2220277f5b834e33abb2d9a5d2bc_L.jpg\",\"datePublished\":\"2022-10-14T10:07:48+00:00\",\"dateModified\":\"2022-10-14T10:07:49+00:00\",\"breadcrumb\":{\"@id\":\"https:\\\/\\\/radioljubuski.ba\\\/index.php\\\/2022\\\/10\\\/14\\\/u-knjiznici-ljubuski-danas-knjizevni-susret-s-knjizevnikom-vlatkom-majicem\\\/#breadcrumb\"},\"inLanguage\":\"hr\",\"potentialAction\":[{\"@type\":\"ReadAction\",\"target\":[\"https:\\\/\\\/radioljubuski.ba\\\/index.php\\\/2022\\\/10\\\/14\\\/u-knjiznici-ljubuski-danas-knjizevni-susret-s-knjizevnikom-vlatkom-majicem\\\/\"]}]},{\"@type\":\"ImageObject\",\"inLanguage\":\"hr\",\"@id\":\"https:\\\/\\\/radioljubuski.ba\\\/index.php\\\/2022\\\/10\\\/14\\\/u-knjiznici-ljubuski-danas-knjizevni-susret-s-knjizevnikom-vlatkom-majicem\\\/#primaryimage\",\"url\":\"https:\\\/\\\/radioljubuski.ba\\\/wp-content\\\/uploads\\\/2022\\\/10\\\/90af2220277f5b834e33abb2d9a5d2bc_L.jpg\",\"contentUrl\":\"https:\\\/\\\/radioljubuski.ba\\\/wp-content\\\/uploads\\\/2022\\\/10\\\/90af2220277f5b834e33abb2d9a5d2bc_L.jpg\",\"width\":1024,\"height\":976},{\"@type\":\"BreadcrumbList\",\"@id\":\"https:\\\/\\\/radioljubuski.ba\\\/index.php\\\/2022\\\/10\\\/14\\\/u-knjiznici-ljubuski-danas-knjizevni-susret-s-knjizevnikom-vlatkom-majicem\\\/#breadcrumb\",\"itemListElement\":[{\"@type\":\"ListItem\",\"position\":1,\"name\":\"Po\u010detna stranica\",\"item\":\"https:\\\/\\\/radioljubuski.ba\\\/\"},{\"@type\":\"ListItem\",\"position\":2,\"name\":\"U Knji\u017enici Ljubu\u0161ki danas knji\u017eevni susret s knji\u017eevnikom Vlatkom Maji\u0107em\"}]},{\"@type\":\"WebSite\",\"@id\":\"https:\\\/\\\/radioljubuski.ba\\\/#website\",\"url\":\"https:\\\/\\\/radioljubuski.ba\\\/\",\"name\":\"Radio Ljubu\u0161ki\",\"description\":\"Sun\u010dana frekvencija Hercegovine\",\"publisher\":{\"@id\":\"https:\\\/\\\/radioljubuski.ba\\\/#organization\"},\"potentialAction\":[{\"@type\":\"SearchAction\",\"target\":{\"@type\":\"EntryPoint\",\"urlTemplate\":\"https:\\\/\\\/radioljubuski.ba\\\/?s={search_term_string}\"},\"query-input\":{\"@type\":\"PropertyValueSpecification\",\"valueRequired\":true,\"valueName\":\"search_term_string\"}}],\"inLanguage\":\"hr\"},{\"@type\":\"Organization\",\"@id\":\"https:\\\/\\\/radioljubuski.ba\\\/#organization\",\"name\":\"Radio Ljubu\u0161ki\",\"url\":\"https:\\\/\\\/radioljubuski.ba\\\/\",\"logo\":{\"@type\":\"ImageObject\",\"inLanguage\":\"hr\",\"@id\":\"https:\\\/\\\/radioljubuski.ba\\\/#\\\/schema\\\/logo\\\/image\\\/\",\"url\":\"https:\\\/\\\/radioljubuski.ba\\\/wp-content\\\/uploads\\\/2021\\\/02\\\/cropped-Radio_Ljubuski_logo1.jpg\",\"contentUrl\":\"https:\\\/\\\/radioljubuski.ba\\\/wp-content\\\/uploads\\\/2021\\\/02\\\/cropped-Radio_Ljubuski_logo1.jpg\",\"width\":512,\"height\":512,\"caption\":\"Radio Ljubu\u0161ki\"},\"image\":{\"@id\":\"https:\\\/\\\/radioljubuski.ba\\\/#\\\/schema\\\/logo\\\/image\\\/\"},\"sameAs\":[\"https:\\\/\\\/www.facebook.com\\\/Radiio-Ljubuski-1490835324566332\",\"https:\\\/\\\/x.com\\\/radioljubuski\",\"https:\\\/\\\/hr.linkedin.com\\\/company\\\/radio-ljubuski\",\"https:\\\/\\\/www.youtube.com\\\/channel\\\/UCHYaeO_n0Db3tjNGudGpXyw\"]},{\"@type\":\"Person\",\"@id\":\"https:\\\/\\\/radioljubuski.ba\\\/#\\\/schema\\\/person\\\/19fc700381a780f69665d7956c469e3b\",\"name\":\"Radio Ljubu\u0161ki\"}]}<\/script>\n<!-- \/ Yoast SEO plugin. -->","yoast_head_json":{"title":"U Knji\u017enici Ljubu\u0161ki danas knji\u017eevni susret s knji\u017eevnikom Vlatkom Maji\u0107em - RADIO LJUBU\u0160KI","robots":{"index":"index","follow":"follow","max-snippet":"max-snippet:-1","max-image-preview":"max-image-preview:large","max-video-preview":"max-video-preview:-1"},"canonical":"https:\/\/radioljubuski.ba\/index.php\/2022\/10\/14\/u-knjiznici-ljubuski-danas-knjizevni-susret-s-knjizevnikom-vlatkom-majicem\/","og_locale":"hr_HR","og_type":"article","og_title":"U Knji\u017enici Ljubu\u0161ki danas knji\u017eevni susret s knji\u017eevnikom Vlatkom Maji\u0107em - RADIO LJUBU\u0160KI","og_description":"JU &#8220;Kulturno-\u0161portski centar&#8221; Ljubu\u0161ki organizira knji\u017eevni susret s knji\u017eevnikom Vlatkom Maji\u0107em, koji \u0107e se uprili\u010diti u petak 14. listopada, s po\u010detkom u 13 sati, u Knji\u017enici Ljubu\u0161ki. Knji\u017eevnom susretu, na kojemu \u0107e knji\u017eevnik Maji\u0107 pobli\u017ee predstaviti svoje knji\u017eevno stvarala\u0161tvo namijenjeno djeci, nazo\u010dit \u0107e u\u010denici O\u0160 Marka Maruli\u0107a Ljubu\u0161ki. Ukratko o knji\u017eevniku: Vlatko Maji\u0107&nbsp;(Vitina&nbsp;kod&nbsp;Ljubu\u0161kog,1956.), hrvatski knji\u017eevnik. [&hellip;]","og_url":"https:\/\/radioljubuski.ba\/index.php\/2022\/10\/14\/u-knjiznici-ljubuski-danas-knjizevni-susret-s-knjizevnikom-vlatkom-majicem\/","og_site_name":"RADIO LJUBU\u0160KI","article_publisher":"https:\/\/www.facebook.com\/Radiio-Ljubuski-1490835324566332","article_published_time":"2022-10-14T10:07:48+00:00","article_modified_time":"2022-10-14T10:07:49+00:00","og_image":[{"width":1024,"height":976,"url":"https:\/\/radioljubuski.ba\/wp-content\/uploads\/2022\/10\/90af2220277f5b834e33abb2d9a5d2bc_L.jpg","type":"image\/jpeg"}],"author":"Radio Ljubu\u0161ki","twitter_card":"summary_large_image","twitter_creator":"@radioljubuski","twitter_site":"@radioljubuski","twitter_misc":{"Napisao\/la":"Radio Ljubu\u0161ki","Procijenjeno vrijeme \u010ditanja":"1 minuta"},"schema":{"@context":"https:\/\/schema.org","@graph":[{"@type":"Article","@id":"https:\/\/radioljubuski.ba\/index.php\/2022\/10\/14\/u-knjiznici-ljubuski-danas-knjizevni-susret-s-knjizevnikom-vlatkom-majicem\/#article","isPartOf":{"@id":"https:\/\/radioljubuski.ba\/index.php\/2022\/10\/14\/u-knjiznici-ljubuski-danas-knjizevni-susret-s-knjizevnikom-vlatkom-majicem\/"},"author":{"name":"Radio Ljubu\u0161ki","@id":"https:\/\/radioljubuski.ba\/#\/schema\/person\/19fc700381a780f69665d7956c469e3b"},"headline":"U Knji\u017enici Ljubu\u0161ki danas knji\u017eevni susret s knji\u017eevnikom Vlatkom Maji\u0107em","datePublished":"2022-10-14T10:07:48+00:00","dateModified":"2022-10-14T10:07:49+00:00","mainEntityOfPage":{"@id":"https:\/\/radioljubuski.ba\/index.php\/2022\/10\/14\/u-knjiznici-ljubuski-danas-knjizevni-susret-s-knjizevnikom-vlatkom-majicem\/"},"wordCount":203,"publisher":{"@id":"https:\/\/radioljubuski.ba\/#organization"},"image":{"@id":"https:\/\/radioljubuski.ba\/index.php\/2022\/10\/14\/u-knjiznici-ljubuski-danas-knjizevni-susret-s-knjizevnikom-vlatkom-majicem\/#primaryimage"},"thumbnailUrl":"https:\/\/radioljubuski.ba\/wp-content\/uploads\/2022\/10\/90af2220277f5b834e33abb2d9a5d2bc_L.jpg","articleSection":["Kultura"],"inLanguage":"hr"},{"@type":"WebPage","@id":"https:\/\/radioljubuski.ba\/index.php\/2022\/10\/14\/u-knjiznici-ljubuski-danas-knjizevni-susret-s-knjizevnikom-vlatkom-majicem\/","url":"https:\/\/radioljubuski.ba\/index.php\/2022\/10\/14\/u-knjiznici-ljubuski-danas-knjizevni-susret-s-knjizevnikom-vlatkom-majicem\/","name":"U Knji\u017enici Ljubu\u0161ki danas knji\u017eevni susret s knji\u017eevnikom Vlatkom Maji\u0107em - RADIO LJUBU\u0160KI","isPartOf":{"@id":"https:\/\/radioljubuski.ba\/#website"},"primaryImageOfPage":{"@id":"https:\/\/radioljubuski.ba\/index.php\/2022\/10\/14\/u-knjiznici-ljubuski-danas-knjizevni-susret-s-knjizevnikom-vlatkom-majicem\/#primaryimage"},"image":{"@id":"https:\/\/radioljubuski.ba\/index.php\/2022\/10\/14\/u-knjiznici-ljubuski-danas-knjizevni-susret-s-knjizevnikom-vlatkom-majicem\/#primaryimage"},"thumbnailUrl":"https:\/\/radioljubuski.ba\/wp-content\/uploads\/2022\/10\/90af2220277f5b834e33abb2d9a5d2bc_L.jpg","datePublished":"2022-10-14T10:07:48+00:00","dateModified":"2022-10-14T10:07:49+00:00","breadcrumb":{"@id":"https:\/\/radioljubuski.ba\/index.php\/2022\/10\/14\/u-knjiznici-ljubuski-danas-knjizevni-susret-s-knjizevnikom-vlatkom-majicem\/#breadcrumb"},"inLanguage":"hr","potentialAction":[{"@type":"ReadAction","target":["https:\/\/radioljubuski.ba\/index.php\/2022\/10\/14\/u-knjiznici-ljubuski-danas-knjizevni-susret-s-knjizevnikom-vlatkom-majicem\/"]}]},{"@type":"ImageObject","inLanguage":"hr","@id":"https:\/\/radioljubuski.ba\/index.php\/2022\/10\/14\/u-knjiznici-ljubuski-danas-knjizevni-susret-s-knjizevnikom-vlatkom-majicem\/#primaryimage","url":"https:\/\/radioljubuski.ba\/wp-content\/uploads\/2022\/10\/90af2220277f5b834e33abb2d9a5d2bc_L.jpg","contentUrl":"https:\/\/radioljubuski.ba\/wp-content\/uploads\/2022\/10\/90af2220277f5b834e33abb2d9a5d2bc_L.jpg","width":1024,"height":976},{"@type":"BreadcrumbList","@id":"https:\/\/radioljubuski.ba\/index.php\/2022\/10\/14\/u-knjiznici-ljubuski-danas-knjizevni-susret-s-knjizevnikom-vlatkom-majicem\/#breadcrumb","itemListElement":[{"@type":"ListItem","position":1,"name":"Po\u010detna stranica","item":"https:\/\/radioljubuski.ba\/"},{"@type":"ListItem","position":2,"name":"U Knji\u017enici Ljubu\u0161ki danas knji\u017eevni susret s knji\u017eevnikom Vlatkom Maji\u0107em"}]},{"@type":"WebSite","@id":"https:\/\/radioljubuski.ba\/#website","url":"https:\/\/radioljubuski.ba\/","name":"Radio Ljubu\u0161ki","description":"Sun\u010dana frekvencija Hercegovine","publisher":{"@id":"https:\/\/radioljubuski.ba\/#organization"},"potentialAction":[{"@type":"SearchAction","target":{"@type":"EntryPoint","urlTemplate":"https:\/\/radioljubuski.ba\/?s={search_term_string}"},"query-input":{"@type":"PropertyValueSpecification","valueRequired":true,"valueName":"search_term_string"}}],"inLanguage":"hr"},{"@type":"Organization","@id":"https:\/\/radioljubuski.ba\/#organization","name":"Radio Ljubu\u0161ki","url":"https:\/\/radioljubuski.ba\/","logo":{"@type":"ImageObject","inLanguage":"hr","@id":"https:\/\/radioljubuski.ba\/#\/schema\/logo\/image\/","url":"https:\/\/radioljubuski.ba\/wp-content\/uploads\/2021\/02\/cropped-Radio_Ljubuski_logo1.jpg","contentUrl":"https:\/\/radioljubuski.ba\/wp-content\/uploads\/2021\/02\/cropped-Radio_Ljubuski_logo1.jpg","width":512,"height":512,"caption":"Radio Ljubu\u0161ki"},"image":{"@id":"https:\/\/radioljubuski.ba\/#\/schema\/logo\/image\/"},"sameAs":["https:\/\/www.facebook.com\/Radiio-Ljubuski-1490835324566332","https:\/\/x.com\/radioljubuski","https:\/\/hr.linkedin.com\/company\/radio-ljubuski","https:\/\/www.youtube.com\/channel\/UCHYaeO_n0Db3tjNGudGpXyw"]},{"@type":"Person","@id":"https:\/\/radioljubuski.ba\/#\/schema\/person\/19fc700381a780f69665d7956c469e3b","name":"Radio Ljubu\u0161ki"}]}},"_links":{"self":[{"href":"https:\/\/radioljubuski.ba\/index.php\/wp-json\/wp\/v2\/posts\/184887","targetHints":{"allow":["GET"]}}],"collection":[{"href":"https:\/\/radioljubuski.ba\/index.php\/wp-json\/wp\/v2\/posts"}],"about":[{"href":"https:\/\/radioljubuski.ba\/index.php\/wp-json\/wp\/v2\/types\/post"}],"author":[{"embeddable":true,"href":"https:\/\/radioljubuski.ba\/index.php\/wp-json\/wp\/v2\/users\/2"}],"replies":[{"embeddable":true,"href":"https:\/\/radioljubuski.ba\/index.php\/wp-json\/wp\/v2\/comments?post=184887"}],"version-history":[{"count":1,"href":"https:\/\/radioljubuski.ba\/index.php\/wp-json\/wp\/v2\/posts\/184887\/revisions"}],"predecessor-version":[{"id":184889,"href":"https:\/\/radioljubuski.ba\/index.php\/wp-json\/wp\/v2\/posts\/184887\/revisions\/184889"}],"wp:featuredmedia":[{"embeddable":true,"href":"https:\/\/radioljubuski.ba\/index.php\/wp-json\/wp\/v2\/media\/184888"}],"wp:attachment":[{"href":"https:\/\/radioljubuski.ba\/index.php\/wp-json\/wp\/v2\/media?parent=184887"}],"wp:term":[{"taxonomy":"category","embeddable":true,"href":"https:\/\/radioljubuski.ba\/index.php\/wp-json\/wp\/v2\/categories?post=184887"},{"taxonomy":"post_tag","embeddable":true,"href":"https:\/\/radioljubuski.ba\/index.php\/wp-json\/wp\/v2\/tags?post=184887"}],"curies":[{"name":"wp","href":"https:\/\/api.w.org\/{rel}","templated":true}]}}