{"id":184991,"date":"2022-10-18T09:03:52","date_gmt":"2022-10-18T08:03:52","guid":{"rendered":"https:\/\/radioljubuski.ba\/?p=184991"},"modified":"2022-10-20T07:32:34","modified_gmt":"2022-10-20T06:32:34","slug":"audio-o-pravu-na-djecji-doplatak-i-pronatalitetnoj-mjeri-vlade-zhz","status":"publish","type":"post","link":"https:\/\/radioljubuski.ba\/index.php\/2022\/10\/18\/audio-o-pravu-na-djecji-doplatak-i-pronatalitetnoj-mjeri-vlade-zhz\/","title":{"rendered":"Audio: O pravu na dje\u010dji doplatak i pronatalitetnoj mjeri Vlade ZH\u017d!"},"content":{"rendered":"\n<p>Parlament Federacije BiH je usvojio Zakon o materijalnoj potpori obiteljima s djecom, a njegova primjena po\u010delo je od 10. listopada 2022. godine. Zakonom je izme\u0111u ostalog utvr\u0111eno i pravo na dje\u010dji dodatak koji iznosi 103 KM mjese\u010dno po djetetu i traje do navr\u0161ene 18. godine \u017eivota djeteta. Jedan od uvjeta za ostvarivanje prava na dje\u010dji dodatak je da ukupni mjese\u010dni prihodi po \u010dlanu zajedni\u010dkog ku\u0107anstva ne prelaze iznos od 217 KM. Centar za socijalni rad Ljubu\u0161ki radi na zaprimanju tih zahtjeva o \u010demu za Radio Ljubu\u0161ki govori Viktor Grbavac, ravnatelj centra.<\/p>\n\n\n\n<p><br>&#8220;Mi smo po\u010detkom desetog mjeseca po\u010deli sa zahtjevima za Federalni dje\u010dji doplatak. U prvih tjedan dana prikupili smo preko 300 zahtjeva i ovom prilikom bih pozvao roditelje koji imaju djecu do 18 godina da se jave u Centar za socijalni rad kako bi provjerili imaju li pravo na ostvarenje dje\u010djeg doplatka. Znamo da je glavni uvjet imovinski cenzus,to zna\u010di da one obitelji, koje po \u010dlanu obitelji imaju primanja manja 217 KM&#8221; rekao je Grbavac. Sve te informacije \u0107e dobiti od nas, na licu mjesta jer ima dosta toga za prikupiti, ljudi se \u0161alju u poreznu, zatim trebaju uzeti ku\u0107ne liste. Svako dijete za sebe mora za sebe izvaditi ra\u010dun od banke..ima toga dosta. Svaka je obitelj za sebe i mi im dajemo naputak na koji na\u010din i kako prikupiti tu dokumentaciju. Pozivam sve koje zanima ostvarenje ovog prava na dje\u010diji doplatak da nam se obrate, prava se ostvaruju po datumu zaprimanja, za onaj mjesec u kojem se zaprimi zahtjev ukoliko se ispune uvjeti za taj mjesec ide isplata. &#8221; isti\u010de<\/p>\n\n\n\n<p><br>Uz provedbu federalne uredbe Centar za socijalni rad radi na prijemu zahtjeva i rje\u0161enja za \u017eupanijske potpore o \u010demu Grbavac govori:<br>&#8220;Koristim priliku da se zahvalim na\u0161oj Skup\u0161tini i Vladi Zapadnohercegova\u010dkoj na jednoj odli\u010dnoj pronatalitetnoj mjeri, a to je da svako tre\u0107e dijete i sljede\u0107e od 1 do 7 godine, \u010diji roditelji borave minimalno 3 godine na prostoru Zapadnohercegova\u010dke \u017eupanije \u0107e primati 500 KM svaki mjesec. Takvih zahtjeva i rje\u0161enja koje smo napravili u devetom mjesecu imamo 351 pozitivnih, te 5 negativnih. <\/p>\n\n\n\n<p>U drugom stupnju zbog promjene razli\u010ditih okolnosti i jedan od tih negativnih rje\u0161enja bit \u0107e pozitivno, tako da imamo kad sve zbrojimo u 9 mjesecu imamo 352 pozitivna rje\u0161enja i 4 negativna, \u0161to je sigurno jedna dobra mjera i brojka za na\u0161 grad i na\u0161u \u017eupaniju. Kada to uzmemo u novcu, 150 tisu\u0107a svaki mjesec slit \u0107e se u Ljubu\u0161ki. \u0160to se ti\u010de rje\u0161enja za ovu mjeru oni su napravljeni svi u devetom mjesecu i u zakonu je propisano da naredni mjesec tj. u 10 mjesecu da ta rje\u0161enja idu na naplatu. Tako da krajem 10 mjeseca novci bi trebali biti na ra\u010dunima.&#8221;.<\/p>\n\n\n\n<p><br>Poslu\u0161ajte audio zapis:<\/p>\n\n\n\n<figure class=\"wp-block-audio\"><audio controls src=\"https:\/\/radioljubuski.ba\/wp-content\/uploads\/2022\/10\/VIKTOR-GRBAVAC-_mixdown.mp3\"><\/audio><\/figure>\n\n\n\n<p>B. Medi\u0107 \/ Radio Ljubu\u0161ki<\/p>\n","protected":false},"excerpt":{"rendered":"<p>Parlament Federacije BiH je usvojio Zakon o materijalnoj potpori obiteljima s djecom, a njegova primjena po\u010delo je od 10. listopada 2022. godine. Zakonom je izme\u0111u ostalog utvr\u0111eno i pravo na dje\u010dji dodatak koji iznosi 103 KM mjese\u010dno po djetetu i traje do navr\u0161ene 18. godine \u017eivota djeteta. Jedan od uvjeta za ostvarivanje prava na dje\u010dji [&hellip;]<\/p>\n","protected":false},"author":2,"featured_media":184993,"comment_status":"closed","ping_status":"closed","sticky":false,"template":"","format":"standard","meta":{"h5ap_radio_sources":[],"footnotes":""},"categories":[3,28,32],"tags":[],"class_list":["post-184991","post","type-post","status-publish","format-standard","has-post-thumbnail","hentry","category-ljubuski","category-novosti","category-poslusajte"],"yoast_head":"<!-- This site is optimized with the Yoast SEO plugin v27.4 - https:\/\/yoast.com\/product\/yoast-seo-wordpress\/ -->\n<title>Audio: O pravu na dje\u010dji doplatak i pronatalitetnoj mjeri Vlade ZH\u017d! - RADIO LJUBU\u0160KI<\/title>\n<meta name=\"robots\" content=\"index, follow, max-snippet:-1, max-image-preview:large, max-video-preview:-1\" \/>\n<link rel=\"canonical\" href=\"https:\/\/radioljubuski.ba\/index.php\/2022\/10\/18\/audio-o-pravu-na-djecji-doplatak-i-pronatalitetnoj-mjeri-vlade-zhz\/\" \/>\n<meta property=\"og:locale\" content=\"hr_HR\" \/>\n<meta property=\"og:type\" content=\"article\" \/>\n<meta property=\"og:title\" content=\"Audio: O pravu na dje\u010dji doplatak i pronatalitetnoj mjeri Vlade ZH\u017d! - RADIO LJUBU\u0160KI\" \/>\n<meta property=\"og:description\" content=\"Parlament Federacije BiH je usvojio Zakon o materijalnoj potpori obiteljima s djecom, a njegova primjena po\u010delo je od 10. listopada 2022. godine. Zakonom je izme\u0111u ostalog utvr\u0111eno i pravo na dje\u010dji dodatak koji iznosi 103 KM mjese\u010dno po djetetu i traje do navr\u0161ene 18. godine \u017eivota djeteta. Jedan od uvjeta za ostvarivanje prava na dje\u010dji [&hellip;]\" \/>\n<meta property=\"og:url\" content=\"https:\/\/radioljubuski.ba\/index.php\/2022\/10\/18\/audio-o-pravu-na-djecji-doplatak-i-pronatalitetnoj-mjeri-vlade-zhz\/\" \/>\n<meta property=\"og:site_name\" content=\"RADIO LJUBU\u0160KI\" \/>\n<meta property=\"article:publisher\" content=\"https:\/\/www.facebook.com\/Radiio-Ljubuski-1490835324566332\" \/>\n<meta property=\"article:published_time\" content=\"2022-10-18T08:03:52+00:00\" \/>\n<meta property=\"article:modified_time\" content=\"2022-10-20T06:32:34+00:00\" \/>\n<meta property=\"og:image\" content=\"https:\/\/radioljubuski.ba\/wp-content\/uploads\/2022\/10\/DSC0051-1-scaled.jpg\" \/>\n\t<meta property=\"og:image:width\" content=\"2560\" \/>\n\t<meta property=\"og:image:height\" content=\"1708\" \/>\n\t<meta property=\"og:image:type\" content=\"image\/jpeg\" \/>\n<meta name=\"author\" content=\"Radio Ljubu\u0161ki\" \/>\n<meta name=\"twitter:card\" content=\"summary_large_image\" \/>\n<meta name=\"twitter:creator\" content=\"@radioljubuski\" \/>\n<meta name=\"twitter:site\" content=\"@radioljubuski\" \/>\n<meta name=\"twitter:label1\" content=\"Napisao\/la\" \/>\n\t<meta name=\"twitter:data1\" content=\"Radio Ljubu\u0161ki\" \/>\n\t<meta name=\"twitter:label2\" content=\"Procijenjeno vrijeme \u010ditanja\" \/>\n\t<meta name=\"twitter:data2\" content=\"2 minute\" \/>\n<script type=\"application\/ld+json\" class=\"yoast-schema-graph\">{\"@context\":\"https:\\\/\\\/schema.org\",\"@graph\":[{\"@type\":\"Article\",\"@id\":\"https:\\\/\\\/radioljubuski.ba\\\/index.php\\\/2022\\\/10\\\/18\\\/audio-o-pravu-na-djecji-doplatak-i-pronatalitetnoj-mjeri-vlade-zhz\\\/#article\",\"isPartOf\":{\"@id\":\"https:\\\/\\\/radioljubuski.ba\\\/index.php\\\/2022\\\/10\\\/18\\\/audio-o-pravu-na-djecji-doplatak-i-pronatalitetnoj-mjeri-vlade-zhz\\\/\"},\"author\":{\"name\":\"Radio Ljubu\u0161ki\",\"@id\":\"https:\\\/\\\/radioljubuski.ba\\\/#\\\/schema\\\/person\\\/19fc700381a780f69665d7956c469e3b\"},\"headline\":\"Audio: O pravu na dje\u010dji doplatak i pronatalitetnoj mjeri Vlade ZH\u017d!\",\"datePublished\":\"2022-10-18T08:03:52+00:00\",\"dateModified\":\"2022-10-20T06:32:34+00:00\",\"mainEntityOfPage\":{\"@id\":\"https:\\\/\\\/radioljubuski.ba\\\/index.php\\\/2022\\\/10\\\/18\\\/audio-o-pravu-na-djecji-doplatak-i-pronatalitetnoj-mjeri-vlade-zhz\\\/\"},\"wordCount\":489,\"publisher\":{\"@id\":\"https:\\\/\\\/radioljubuski.ba\\\/#organization\"},\"image\":{\"@id\":\"https:\\\/\\\/radioljubuski.ba\\\/index.php\\\/2022\\\/10\\\/18\\\/audio-o-pravu-na-djecji-doplatak-i-pronatalitetnoj-mjeri-vlade-zhz\\\/#primaryimage\"},\"thumbnailUrl\":\"https:\\\/\\\/radioljubuski.ba\\\/wp-content\\\/uploads\\\/2022\\\/10\\\/DSC0051-1-scaled.jpg\",\"articleSection\":[\"Ljubu\u0161ki\",\"Novosti\",\"Poslu\u0161ajte\"],\"inLanguage\":\"hr\"},{\"@type\":\"WebPage\",\"@id\":\"https:\\\/\\\/radioljubuski.ba\\\/index.php\\\/2022\\\/10\\\/18\\\/audio-o-pravu-na-djecji-doplatak-i-pronatalitetnoj-mjeri-vlade-zhz\\\/\",\"url\":\"https:\\\/\\\/radioljubuski.ba\\\/index.php\\\/2022\\\/10\\\/18\\\/audio-o-pravu-na-djecji-doplatak-i-pronatalitetnoj-mjeri-vlade-zhz\\\/\",\"name\":\"Audio: O pravu na dje\u010dji doplatak i pronatalitetnoj mjeri Vlade ZH\u017d! - RADIO LJUBU\u0160KI\",\"isPartOf\":{\"@id\":\"https:\\\/\\\/radioljubuski.ba\\\/#website\"},\"primaryImageOfPage\":{\"@id\":\"https:\\\/\\\/radioljubuski.ba\\\/index.php\\\/2022\\\/10\\\/18\\\/audio-o-pravu-na-djecji-doplatak-i-pronatalitetnoj-mjeri-vlade-zhz\\\/#primaryimage\"},\"image\":{\"@id\":\"https:\\\/\\\/radioljubuski.ba\\\/index.php\\\/2022\\\/10\\\/18\\\/audio-o-pravu-na-djecji-doplatak-i-pronatalitetnoj-mjeri-vlade-zhz\\\/#primaryimage\"},\"thumbnailUrl\":\"https:\\\/\\\/radioljubuski.ba\\\/wp-content\\\/uploads\\\/2022\\\/10\\\/DSC0051-1-scaled.jpg\",\"datePublished\":\"2022-10-18T08:03:52+00:00\",\"dateModified\":\"2022-10-20T06:32:34+00:00\",\"breadcrumb\":{\"@id\":\"https:\\\/\\\/radioljubuski.ba\\\/index.php\\\/2022\\\/10\\\/18\\\/audio-o-pravu-na-djecji-doplatak-i-pronatalitetnoj-mjeri-vlade-zhz\\\/#breadcrumb\"},\"inLanguage\":\"hr\",\"potentialAction\":[{\"@type\":\"ReadAction\",\"target\":[\"https:\\\/\\\/radioljubuski.ba\\\/index.php\\\/2022\\\/10\\\/18\\\/audio-o-pravu-na-djecji-doplatak-i-pronatalitetnoj-mjeri-vlade-zhz\\\/\"]}]},{\"@type\":\"ImageObject\",\"inLanguage\":\"hr\",\"@id\":\"https:\\\/\\\/radioljubuski.ba\\\/index.php\\\/2022\\\/10\\\/18\\\/audio-o-pravu-na-djecji-doplatak-i-pronatalitetnoj-mjeri-vlade-zhz\\\/#primaryimage\",\"url\":\"https:\\\/\\\/radioljubuski.ba\\\/wp-content\\\/uploads\\\/2022\\\/10\\\/DSC0051-1-scaled.jpg\",\"contentUrl\":\"https:\\\/\\\/radioljubuski.ba\\\/wp-content\\\/uploads\\\/2022\\\/10\\\/DSC0051-1-scaled.jpg\",\"width\":2560,\"height\":1708},{\"@type\":\"BreadcrumbList\",\"@id\":\"https:\\\/\\\/radioljubuski.ba\\\/index.php\\\/2022\\\/10\\\/18\\\/audio-o-pravu-na-djecji-doplatak-i-pronatalitetnoj-mjeri-vlade-zhz\\\/#breadcrumb\",\"itemListElement\":[{\"@type\":\"ListItem\",\"position\":1,\"name\":\"Po\u010detna stranica\",\"item\":\"https:\\\/\\\/radioljubuski.ba\\\/\"},{\"@type\":\"ListItem\",\"position\":2,\"name\":\"Audio: O pravu na dje\u010dji doplatak i pronatalitetnoj mjeri Vlade ZH\u017d!\"}]},{\"@type\":\"WebSite\",\"@id\":\"https:\\\/\\\/radioljubuski.ba\\\/#website\",\"url\":\"https:\\\/\\\/radioljubuski.ba\\\/\",\"name\":\"Radio Ljubu\u0161ki\",\"description\":\"Sun\u010dana frekvencija Hercegovine\",\"publisher\":{\"@id\":\"https:\\\/\\\/radioljubuski.ba\\\/#organization\"},\"potentialAction\":[{\"@type\":\"SearchAction\",\"target\":{\"@type\":\"EntryPoint\",\"urlTemplate\":\"https:\\\/\\\/radioljubuski.ba\\\/?s={search_term_string}\"},\"query-input\":{\"@type\":\"PropertyValueSpecification\",\"valueRequired\":true,\"valueName\":\"search_term_string\"}}],\"inLanguage\":\"hr\"},{\"@type\":\"Organization\",\"@id\":\"https:\\\/\\\/radioljubuski.ba\\\/#organization\",\"name\":\"Radio Ljubu\u0161ki\",\"url\":\"https:\\\/\\\/radioljubuski.ba\\\/\",\"logo\":{\"@type\":\"ImageObject\",\"inLanguage\":\"hr\",\"@id\":\"https:\\\/\\\/radioljubuski.ba\\\/#\\\/schema\\\/logo\\\/image\\\/\",\"url\":\"https:\\\/\\\/radioljubuski.ba\\\/wp-content\\\/uploads\\\/2021\\\/02\\\/cropped-Radio_Ljubuski_logo1.jpg\",\"contentUrl\":\"https:\\\/\\\/radioljubuski.ba\\\/wp-content\\\/uploads\\\/2021\\\/02\\\/cropped-Radio_Ljubuski_logo1.jpg\",\"width\":512,\"height\":512,\"caption\":\"Radio Ljubu\u0161ki\"},\"image\":{\"@id\":\"https:\\\/\\\/radioljubuski.ba\\\/#\\\/schema\\\/logo\\\/image\\\/\"},\"sameAs\":[\"https:\\\/\\\/www.facebook.com\\\/Radiio-Ljubuski-1490835324566332\",\"https:\\\/\\\/x.com\\\/radioljubuski\",\"https:\\\/\\\/hr.linkedin.com\\\/company\\\/radio-ljubuski\",\"https:\\\/\\\/www.youtube.com\\\/channel\\\/UCHYaeO_n0Db3tjNGudGpXyw\"]},{\"@type\":\"Person\",\"@id\":\"https:\\\/\\\/radioljubuski.ba\\\/#\\\/schema\\\/person\\\/19fc700381a780f69665d7956c469e3b\",\"name\":\"Radio Ljubu\u0161ki\"}]}<\/script>\n<!-- \/ Yoast SEO plugin. -->","yoast_head_json":{"title":"Audio: O pravu na dje\u010dji doplatak i pronatalitetnoj mjeri Vlade ZH\u017d! - RADIO LJUBU\u0160KI","robots":{"index":"index","follow":"follow","max-snippet":"max-snippet:-1","max-image-preview":"max-image-preview:large","max-video-preview":"max-video-preview:-1"},"canonical":"https:\/\/radioljubuski.ba\/index.php\/2022\/10\/18\/audio-o-pravu-na-djecji-doplatak-i-pronatalitetnoj-mjeri-vlade-zhz\/","og_locale":"hr_HR","og_type":"article","og_title":"Audio: O pravu na dje\u010dji doplatak i pronatalitetnoj mjeri Vlade ZH\u017d! - RADIO LJUBU\u0160KI","og_description":"Parlament Federacije BiH je usvojio Zakon o materijalnoj potpori obiteljima s djecom, a njegova primjena po\u010delo je od 10. listopada 2022. godine. Zakonom je izme\u0111u ostalog utvr\u0111eno i pravo na dje\u010dji dodatak koji iznosi 103 KM mjese\u010dno po djetetu i traje do navr\u0161ene 18. godine \u017eivota djeteta. Jedan od uvjeta za ostvarivanje prava na dje\u010dji [&hellip;]","og_url":"https:\/\/radioljubuski.ba\/index.php\/2022\/10\/18\/audio-o-pravu-na-djecji-doplatak-i-pronatalitetnoj-mjeri-vlade-zhz\/","og_site_name":"RADIO LJUBU\u0160KI","article_publisher":"https:\/\/www.facebook.com\/Radiio-Ljubuski-1490835324566332","article_published_time":"2022-10-18T08:03:52+00:00","article_modified_time":"2022-10-20T06:32:34+00:00","og_image":[{"width":2560,"height":1708,"url":"https:\/\/radioljubuski.ba\/wp-content\/uploads\/2022\/10\/DSC0051-1-scaled.jpg","type":"image\/jpeg"}],"author":"Radio Ljubu\u0161ki","twitter_card":"summary_large_image","twitter_creator":"@radioljubuski","twitter_site":"@radioljubuski","twitter_misc":{"Napisao\/la":"Radio Ljubu\u0161ki","Procijenjeno vrijeme \u010ditanja":"2 minute"},"schema":{"@context":"https:\/\/schema.org","@graph":[{"@type":"Article","@id":"https:\/\/radioljubuski.ba\/index.php\/2022\/10\/18\/audio-o-pravu-na-djecji-doplatak-i-pronatalitetnoj-mjeri-vlade-zhz\/#article","isPartOf":{"@id":"https:\/\/radioljubuski.ba\/index.php\/2022\/10\/18\/audio-o-pravu-na-djecji-doplatak-i-pronatalitetnoj-mjeri-vlade-zhz\/"},"author":{"name":"Radio Ljubu\u0161ki","@id":"https:\/\/radioljubuski.ba\/#\/schema\/person\/19fc700381a780f69665d7956c469e3b"},"headline":"Audio: O pravu na dje\u010dji doplatak i pronatalitetnoj mjeri Vlade ZH\u017d!","datePublished":"2022-10-18T08:03:52+00:00","dateModified":"2022-10-20T06:32:34+00:00","mainEntityOfPage":{"@id":"https:\/\/radioljubuski.ba\/index.php\/2022\/10\/18\/audio-o-pravu-na-djecji-doplatak-i-pronatalitetnoj-mjeri-vlade-zhz\/"},"wordCount":489,"publisher":{"@id":"https:\/\/radioljubuski.ba\/#organization"},"image":{"@id":"https:\/\/radioljubuski.ba\/index.php\/2022\/10\/18\/audio-o-pravu-na-djecji-doplatak-i-pronatalitetnoj-mjeri-vlade-zhz\/#primaryimage"},"thumbnailUrl":"https:\/\/radioljubuski.ba\/wp-content\/uploads\/2022\/10\/DSC0051-1-scaled.jpg","articleSection":["Ljubu\u0161ki","Novosti","Poslu\u0161ajte"],"inLanguage":"hr"},{"@type":"WebPage","@id":"https:\/\/radioljubuski.ba\/index.php\/2022\/10\/18\/audio-o-pravu-na-djecji-doplatak-i-pronatalitetnoj-mjeri-vlade-zhz\/","url":"https:\/\/radioljubuski.ba\/index.php\/2022\/10\/18\/audio-o-pravu-na-djecji-doplatak-i-pronatalitetnoj-mjeri-vlade-zhz\/","name":"Audio: O pravu na dje\u010dji doplatak i pronatalitetnoj mjeri Vlade ZH\u017d! - RADIO LJUBU\u0160KI","isPartOf":{"@id":"https:\/\/radioljubuski.ba\/#website"},"primaryImageOfPage":{"@id":"https:\/\/radioljubuski.ba\/index.php\/2022\/10\/18\/audio-o-pravu-na-djecji-doplatak-i-pronatalitetnoj-mjeri-vlade-zhz\/#primaryimage"},"image":{"@id":"https:\/\/radioljubuski.ba\/index.php\/2022\/10\/18\/audio-o-pravu-na-djecji-doplatak-i-pronatalitetnoj-mjeri-vlade-zhz\/#primaryimage"},"thumbnailUrl":"https:\/\/radioljubuski.ba\/wp-content\/uploads\/2022\/10\/DSC0051-1-scaled.jpg","datePublished":"2022-10-18T08:03:52+00:00","dateModified":"2022-10-20T06:32:34+00:00","breadcrumb":{"@id":"https:\/\/radioljubuski.ba\/index.php\/2022\/10\/18\/audio-o-pravu-na-djecji-doplatak-i-pronatalitetnoj-mjeri-vlade-zhz\/#breadcrumb"},"inLanguage":"hr","potentialAction":[{"@type":"ReadAction","target":["https:\/\/radioljubuski.ba\/index.php\/2022\/10\/18\/audio-o-pravu-na-djecji-doplatak-i-pronatalitetnoj-mjeri-vlade-zhz\/"]}]},{"@type":"ImageObject","inLanguage":"hr","@id":"https:\/\/radioljubuski.ba\/index.php\/2022\/10\/18\/audio-o-pravu-na-djecji-doplatak-i-pronatalitetnoj-mjeri-vlade-zhz\/#primaryimage","url":"https:\/\/radioljubuski.ba\/wp-content\/uploads\/2022\/10\/DSC0051-1-scaled.jpg","contentUrl":"https:\/\/radioljubuski.ba\/wp-content\/uploads\/2022\/10\/DSC0051-1-scaled.jpg","width":2560,"height":1708},{"@type":"BreadcrumbList","@id":"https:\/\/radioljubuski.ba\/index.php\/2022\/10\/18\/audio-o-pravu-na-djecji-doplatak-i-pronatalitetnoj-mjeri-vlade-zhz\/#breadcrumb","itemListElement":[{"@type":"ListItem","position":1,"name":"Po\u010detna stranica","item":"https:\/\/radioljubuski.ba\/"},{"@type":"ListItem","position":2,"name":"Audio: O pravu na dje\u010dji doplatak i pronatalitetnoj mjeri Vlade ZH\u017d!"}]},{"@type":"WebSite","@id":"https:\/\/radioljubuski.ba\/#website","url":"https:\/\/radioljubuski.ba\/","name":"Radio Ljubu\u0161ki","description":"Sun\u010dana frekvencija Hercegovine","publisher":{"@id":"https:\/\/radioljubuski.ba\/#organization"},"potentialAction":[{"@type":"SearchAction","target":{"@type":"EntryPoint","urlTemplate":"https:\/\/radioljubuski.ba\/?s={search_term_string}"},"query-input":{"@type":"PropertyValueSpecification","valueRequired":true,"valueName":"search_term_string"}}],"inLanguage":"hr"},{"@type":"Organization","@id":"https:\/\/radioljubuski.ba\/#organization","name":"Radio Ljubu\u0161ki","url":"https:\/\/radioljubuski.ba\/","logo":{"@type":"ImageObject","inLanguage":"hr","@id":"https:\/\/radioljubuski.ba\/#\/schema\/logo\/image\/","url":"https:\/\/radioljubuski.ba\/wp-content\/uploads\/2021\/02\/cropped-Radio_Ljubuski_logo1.jpg","contentUrl":"https:\/\/radioljubuski.ba\/wp-content\/uploads\/2021\/02\/cropped-Radio_Ljubuski_logo1.jpg","width":512,"height":512,"caption":"Radio Ljubu\u0161ki"},"image":{"@id":"https:\/\/radioljubuski.ba\/#\/schema\/logo\/image\/"},"sameAs":["https:\/\/www.facebook.com\/Radiio-Ljubuski-1490835324566332","https:\/\/x.com\/radioljubuski","https:\/\/hr.linkedin.com\/company\/radio-ljubuski","https:\/\/www.youtube.com\/channel\/UCHYaeO_n0Db3tjNGudGpXyw"]},{"@type":"Person","@id":"https:\/\/radioljubuski.ba\/#\/schema\/person\/19fc700381a780f69665d7956c469e3b","name":"Radio Ljubu\u0161ki"}]}},"_links":{"self":[{"href":"https:\/\/radioljubuski.ba\/index.php\/wp-json\/wp\/v2\/posts\/184991","targetHints":{"allow":["GET"]}}],"collection":[{"href":"https:\/\/radioljubuski.ba\/index.php\/wp-json\/wp\/v2\/posts"}],"about":[{"href":"https:\/\/radioljubuski.ba\/index.php\/wp-json\/wp\/v2\/types\/post"}],"author":[{"embeddable":true,"href":"https:\/\/radioljubuski.ba\/index.php\/wp-json\/wp\/v2\/users\/2"}],"replies":[{"embeddable":true,"href":"https:\/\/radioljubuski.ba\/index.php\/wp-json\/wp\/v2\/comments?post=184991"}],"version-history":[{"count":1,"href":"https:\/\/radioljubuski.ba\/index.php\/wp-json\/wp\/v2\/posts\/184991\/revisions"}],"predecessor-version":[{"id":184994,"href":"https:\/\/radioljubuski.ba\/index.php\/wp-json\/wp\/v2\/posts\/184991\/revisions\/184994"}],"wp:featuredmedia":[{"embeddable":true,"href":"https:\/\/radioljubuski.ba\/index.php\/wp-json\/wp\/v2\/media\/184993"}],"wp:attachment":[{"href":"https:\/\/radioljubuski.ba\/index.php\/wp-json\/wp\/v2\/media?parent=184991"}],"wp:term":[{"taxonomy":"category","embeddable":true,"href":"https:\/\/radioljubuski.ba\/index.php\/wp-json\/wp\/v2\/categories?post=184991"},{"taxonomy":"post_tag","embeddable":true,"href":"https:\/\/radioljubuski.ba\/index.php\/wp-json\/wp\/v2\/tags?post=184991"}],"curies":[{"name":"wp","href":"https:\/\/api.w.org\/{rel}","templated":true}]}}