{"id":1852,"date":"2021-03-07T22:08:06","date_gmt":"2021-03-07T21:08:06","guid":{"rendered":"https:\/\/radioljubuski.ba\/?p=1852"},"modified":"2021-03-07T22:08:07","modified_gmt":"2021-03-07T21:08:07","slug":"dinamu-derbi-protiv-rijeke-i-prvo-mjesto-na-ljestvici","status":"publish","type":"post","link":"https:\/\/radioljubuski.ba\/index.php\/2021\/03\/07\/dinamu-derbi-protiv-rijeke-i-prvo-mjesto-na-ljestvici\/","title":{"rendered":"Dinamu derbi protiv Rijeke i prvo mjesto na ljestvici"},"content":{"rendered":"\n<p><strong>U derbiju 26. kola Prve HNL Dinamo je na stadionu Maksimir pobijedio Rijeku sa 2:0 vrativ\u0161i se na vrh ljestvice.<\/strong><\/p>\n\n\n\n<p><a href=\"https:\/\/sport.hrt.hr\/hrvatski-nogomet\/osijek-docekuje-goricu-rijeka-kod-dinama-998737\"><br><\/a><\/p>\n\n\n\n<p>Bila je to prva pobjeda Modrih protiv Rijeke u posljednja \u010detiri me\u0111usobna susreta, a s nova tri boda mom\u010dad&nbsp;<strong>Zorana Mami\u0107a<\/strong>&nbsp;vratila se na vrh ljestvice sa 54 boda, dva vi\u0161e od Osijeka, a Dinamo ima i utakmicu manje.<br><br>Dinamo je u prvom poluvremenu zabio pogodak nakon kontre, a pobjedu je potvrdio u drugom dijelu golom koji je prvo poni\u0161ten zbog zale\u0111a, ali je nakon pregleda snimke priznat.<\/p>\n\n\n\n<p>Doma\u0107in je stigao do prednosti u 27. minuti nakon brze kontre.\u00a0<strong>Jaki\u0107\u00a0<\/strong>je uposlio\u00a0<strong>Or\u0161i\u0107a<\/strong>, a ovaj proigrao do\u00a0<strong>Ivanu\u0161eca\u00a0<\/strong>koji je lijepo pogodio sa 12 metara za 1:0.<\/p>\n\n\n\n<blockquote class=\"twitter-tweet\"><p lang=\"und\" dir=\"ltr\">27&#39; GOOOOOOOOOOOL! Dinamo &#8211; Rijeka 1:0. Ivanu\u0161ec \u26bd\ufe0f\ud83d\ude0e <a href=\"https:\/\/twitter.com\/hashtag\/dinamozagreb?src=hash&amp;ref_src=twsrc%5Etfw\">#dinamozagreb<\/a> <a href=\"https:\/\/t.co\/rAFIWpdkJh\">pic.twitter.com\/rAFIWpdkJh<\/a><\/p>&mdash; GNK Dinamo (@gnkdinamo) <a href=\"https:\/\/twitter.com\/gnkdinamo\/status\/1368607179058647041?ref_src=twsrc%5Etfw\">March 7, 2021<\/a><\/blockquote> <script async src=\"https:\/\/platform.twitter.com\/widgets.js\" charset=\"utf-8\"><\/script>\n\n\n\n<p>Rijeka je umalo izjedna\u010dila u 35. minuti, no\u00a0<strong>Menalo\u00a0<\/strong>je pogodio gredu. Korak bli\u017ee pobjedi Dinamo je stigao u 65. minuti nakon sjajne akcije.\u00a0<strong>Majer\u00a0<\/strong>je iz slobodnog udarca ubacio do\u00a0<strong>Petkovi\u0107a\u00a0<\/strong>koji je asistirao Or\u0161i\u0107u za pogodak. Pomo\u0107ni sudac je podigao zastavicu, no VAR je potvrdio da je gol bio regularan.<\/p>\n\n\n\n<blockquote class=\"twitter-tweet\"><p lang=\"und\" dir=\"ltr\">65&#39; GOOOOOOOOOOOOOL! Dinamo &#8211; Rijeka 2:0. Or\u0161i\u0107 \ud83d\ude0e\ud83d\udc99\u26bd\ufe0f <a href=\"https:\/\/twitter.com\/hashtag\/dinamozagreb?src=hash&amp;ref_src=twsrc%5Etfw\">#dinamozagreb<\/a> <a href=\"https:\/\/t.co\/epFdcvipMT\">pic.twitter.com\/epFdcvipMT<\/a><\/p>&mdash; GNK Dinamo (@gnkdinamo) <a href=\"https:\/\/twitter.com\/gnkdinamo\/status\/1368621429403615232?ref_src=twsrc%5Etfw\">March 7, 2021<\/a><\/blockquote> <script async src=\"https:\/\/platform.twitter.com\/widgets.js\" charset=\"utf-8\"><\/script>\n\n\n\n<p>U prvom nedjeljnom dvoboju Osijek i Gorica su na stadionu Gradski vrt odigrali 1:1.<\/p>\n\n\n\n<p>Dinamo vodi na ljestvici sa 54 boda, Osijek ima 52, a tre\u0107a je Gorica sa 47 bodova, no Osijek i Gorica imaju utakmicu vi\u0161e od Dinama. Hajduk i Rijeka imaju po 32 boda.<br><br>REZULTATI 24. KOLA:<br><br>Petak:<br>Istra 1961 &#8211; \u0160ibenik&nbsp;&nbsp;&nbsp;&nbsp;&nbsp;&nbsp;&nbsp; 3-2 (Gr\u017ean 55-11m, Ivan\u010di\u0107 57, Hara 63 \/ E. Sahiti 44, Bulat 75)<br>Subota:<br>Slaven Belupo &#8211; Lokomortiva 0-0<br>Hajduk &#8211; Vara\u017edin&nbsp;&nbsp;&nbsp;&nbsp;&nbsp;&nbsp;&nbsp;&nbsp;&nbsp;&nbsp; 2-0 (\u010colina 8, Memija 45+5-ag)<br>Nedjelja:<br>Osijek &#8211; Gorica&nbsp;&nbsp;&nbsp;&nbsp;&nbsp;&nbsp;&nbsp;&nbsp;&nbsp;&nbsp;&nbsp;&nbsp; 1-1 (Bani\u0107 89-11m \/ Dieye 56)<br>Dinamo &#8211; Rijeka&nbsp;&nbsp;&nbsp;&nbsp;&nbsp;&nbsp;&nbsp;&nbsp;&nbsp;&nbsp;&nbsp;&nbsp; 2-0 (Ivanu\u0161ec 27, Or\u0161i\u0107 65)<br><br><br>TABLICA:<br>&nbsp;1. Dinamo&nbsp;&nbsp;&nbsp;&nbsp;&nbsp;&nbsp;&nbsp; 23&nbsp; 17&nbsp; 3&nbsp; 3&nbsp; 57-22&nbsp; 54<br>&nbsp;2. Osijek&nbsp;&nbsp;&nbsp;&nbsp;&nbsp;&nbsp;&nbsp; 24&nbsp; 16&nbsp; 4&nbsp; 4&nbsp; 39-19&nbsp; 52<br>&nbsp;3. Gorica&nbsp;&nbsp;&nbsp;&nbsp;&nbsp;&nbsp;&nbsp; 24&nbsp; 14&nbsp; 5&nbsp; 5&nbsp; 47-28&nbsp; 47<br>&nbsp;4. Hajduk&nbsp;&nbsp;&nbsp;&nbsp;&nbsp;&nbsp;&nbsp; 22&nbsp; 10&nbsp; 2 10&nbsp; 27-27&nbsp; 32<br>&nbsp;5. Rijeka&nbsp;&nbsp;&nbsp;&nbsp;&nbsp;&nbsp;&nbsp; 23&nbsp;&nbsp; 9&nbsp; 5&nbsp; 9&nbsp; 25-29&nbsp; 32<br>&nbsp;6. \u0160ibenik&nbsp;&nbsp;&nbsp;&nbsp;&nbsp;&nbsp; 24&nbsp;&nbsp; 7&nbsp; 5 12&nbsp; 26-31&nbsp; 26<br>&nbsp;7. Slaven B.&nbsp;&nbsp;&nbsp;&nbsp; 22&nbsp;&nbsp; 5&nbsp; 7 10&nbsp; 24-32&nbsp; 22<br>&nbsp;8. Vara\u017edin&nbsp;&nbsp;&nbsp;&nbsp;&nbsp; 24&nbsp;&nbsp; 6&nbsp; 4 14&nbsp; 22-39&nbsp; 22<br>&nbsp;9. Lokomotiva&nbsp;&nbsp;&nbsp; 23&nbsp;&nbsp; 4&nbsp; 8 11&nbsp; 17-37&nbsp; 20<br>10. Istra 1961&nbsp;&nbsp;&nbsp; 23&nbsp;&nbsp; 4&nbsp; 5 14&nbsp; 17-37&nbsp; 17<\/p>\n\n\n\n<p>Izvor.hrt.hr<\/p>\n","protected":false},"excerpt":{"rendered":"<p>U derbiju 26. kola Prve HNL Dinamo je na stadionu Maksimir pobijedio Rijeku sa 2:0 vrativ\u0161i se na vrh ljestvice. Bila je to prva pobjeda Modrih protiv Rijeke u posljednja \u010detiri me\u0111usobna susreta, a s nova tri boda mom\u010dad&nbsp;Zorana Mami\u0107a&nbsp;vratila se na vrh ljestvice sa 54 boda, dva vi\u0161e od Osijeka, a Dinamo ima i [&hellip;]<\/p>\n","protected":false},"author":2,"featured_media":1853,"comment_status":"closed","ping_status":"closed","sticky":false,"template":"","format":"standard","meta":{"h5ap_radio_sources":[],"footnotes":""},"categories":[1],"tags":[],"class_list":["post-1852","post","type-post","status-publish","format-standard","has-post-thumbnail","hentry","category-bihiregija"],"yoast_head":"<!-- This site is optimized with the Yoast SEO plugin v27.5 - https:\/\/yoast.com\/product\/yoast-seo-wordpress\/ -->\n<title>Dinamu derbi protiv Rijeke i prvo mjesto na ljestvici - RADIO LJUBU\u0160KI<\/title>\n<meta name=\"robots\" content=\"index, follow, max-snippet:-1, max-image-preview:large, max-video-preview:-1\" \/>\n<link rel=\"canonical\" href=\"https:\/\/radioljubuski.ba\/index.php\/2021\/03\/07\/dinamu-derbi-protiv-rijeke-i-prvo-mjesto-na-ljestvici\/\" \/>\n<meta property=\"og:locale\" content=\"hr_HR\" \/>\n<meta property=\"og:type\" content=\"article\" \/>\n<meta property=\"og:title\" content=\"Dinamu derbi protiv Rijeke i prvo mjesto na ljestvici - RADIO LJUBU\u0160KI\" \/>\n<meta property=\"og:description\" content=\"U derbiju 26. kola Prve HNL Dinamo je na stadionu Maksimir pobijedio Rijeku sa 2:0 vrativ\u0161i se na vrh ljestvice. Bila je to prva pobjeda Modrih protiv Rijeke u posljednja \u010detiri me\u0111usobna susreta, a s nova tri boda mom\u010dad&nbsp;Zorana Mami\u0107a&nbsp;vratila se na vrh ljestvice sa 54 boda, dva vi\u0161e od Osijeka, a Dinamo ima i [&hellip;]\" \/>\n<meta property=\"og:url\" content=\"https:\/\/radioljubuski.ba\/index.php\/2021\/03\/07\/dinamu-derbi-protiv-rijeke-i-prvo-mjesto-na-ljestvici\/\" \/>\n<meta property=\"og:site_name\" content=\"RADIO LJUBU\u0160KI\" \/>\n<meta property=\"article:publisher\" content=\"https:\/\/www.facebook.com\/Radiio-Ljubuski-1490835324566332\" \/>\n<meta property=\"article:published_time\" content=\"2021-03-07T21:08:06+00:00\" \/>\n<meta property=\"article:modified_time\" content=\"2021-03-07T21:08:07+00:00\" \/>\n<meta property=\"og:image\" content=\"https:\/\/radioljubuski.ba\/wp-content\/uploads\/2021\/03\/740x438-dinamo2-rijeka0703-20210307165346.jpg\" \/>\n\t<meta property=\"og:image:width\" content=\"740\" \/>\n\t<meta property=\"og:image:height\" content=\"438\" \/>\n\t<meta property=\"og:image:type\" content=\"image\/jpeg\" \/>\n<meta name=\"author\" content=\"Radio Ljubu\u0161ki\" \/>\n<meta name=\"twitter:card\" content=\"summary_large_image\" \/>\n<meta name=\"twitter:creator\" content=\"@radioljubuski\" \/>\n<meta name=\"twitter:site\" content=\"@radioljubuski\" \/>\n<meta name=\"twitter:label1\" content=\"Napisao\/la\" \/>\n\t<meta name=\"twitter:data1\" content=\"Radio Ljubu\u0161ki\" \/>\n\t<meta name=\"twitter:label2\" content=\"Procijenjeno vrijeme \u010ditanja\" \/>\n\t<meta name=\"twitter:data2\" content=\"2 minute\" \/>\n<script type=\"application\/ld+json\" class=\"yoast-schema-graph\">{\"@context\":\"https:\\\/\\\/schema.org\",\"@graph\":[{\"@type\":\"Article\",\"@id\":\"https:\\\/\\\/radioljubuski.ba\\\/index.php\\\/2021\\\/03\\\/07\\\/dinamu-derbi-protiv-rijeke-i-prvo-mjesto-na-ljestvici\\\/#article\",\"isPartOf\":{\"@id\":\"https:\\\/\\\/radioljubuski.ba\\\/index.php\\\/2021\\\/03\\\/07\\\/dinamu-derbi-protiv-rijeke-i-prvo-mjesto-na-ljestvici\\\/\"},\"author\":{\"name\":\"Radio Ljubu\u0161ki\",\"@id\":\"https:\\\/\\\/radioljubuski.ba\\\/#\\\/schema\\\/person\\\/19fc700381a780f69665d7956c469e3b\"},\"headline\":\"Dinamu derbi protiv Rijeke i prvo mjesto na ljestvici\",\"datePublished\":\"2021-03-07T21:08:06+00:00\",\"dateModified\":\"2021-03-07T21:08:07+00:00\",\"mainEntityOfPage\":{\"@id\":\"https:\\\/\\\/radioljubuski.ba\\\/index.php\\\/2021\\\/03\\\/07\\\/dinamu-derbi-protiv-rijeke-i-prvo-mjesto-na-ljestvici\\\/\"},\"wordCount\":495,\"publisher\":{\"@id\":\"https:\\\/\\\/radioljubuski.ba\\\/#organization\"},\"image\":{\"@id\":\"https:\\\/\\\/radioljubuski.ba\\\/index.php\\\/2021\\\/03\\\/07\\\/dinamu-derbi-protiv-rijeke-i-prvo-mjesto-na-ljestvici\\\/#primaryimage\"},\"thumbnailUrl\":\"https:\\\/\\\/radioljubuski.ba\\\/wp-content\\\/uploads\\\/2021\\\/03\\\/740x438-dinamo2-rijeka0703-20210307165346.jpg\",\"articleSection\":[\"BIH i regija\"],\"inLanguage\":\"hr\"},{\"@type\":\"WebPage\",\"@id\":\"https:\\\/\\\/radioljubuski.ba\\\/index.php\\\/2021\\\/03\\\/07\\\/dinamu-derbi-protiv-rijeke-i-prvo-mjesto-na-ljestvici\\\/\",\"url\":\"https:\\\/\\\/radioljubuski.ba\\\/index.php\\\/2021\\\/03\\\/07\\\/dinamu-derbi-protiv-rijeke-i-prvo-mjesto-na-ljestvici\\\/\",\"name\":\"Dinamu derbi protiv Rijeke i prvo mjesto na ljestvici - RADIO LJUBU\u0160KI\",\"isPartOf\":{\"@id\":\"https:\\\/\\\/radioljubuski.ba\\\/#website\"},\"primaryImageOfPage\":{\"@id\":\"https:\\\/\\\/radioljubuski.ba\\\/index.php\\\/2021\\\/03\\\/07\\\/dinamu-derbi-protiv-rijeke-i-prvo-mjesto-na-ljestvici\\\/#primaryimage\"},\"image\":{\"@id\":\"https:\\\/\\\/radioljubuski.ba\\\/index.php\\\/2021\\\/03\\\/07\\\/dinamu-derbi-protiv-rijeke-i-prvo-mjesto-na-ljestvici\\\/#primaryimage\"},\"thumbnailUrl\":\"https:\\\/\\\/radioljubuski.ba\\\/wp-content\\\/uploads\\\/2021\\\/03\\\/740x438-dinamo2-rijeka0703-20210307165346.jpg\",\"datePublished\":\"2021-03-07T21:08:06+00:00\",\"dateModified\":\"2021-03-07T21:08:07+00:00\",\"breadcrumb\":{\"@id\":\"https:\\\/\\\/radioljubuski.ba\\\/index.php\\\/2021\\\/03\\\/07\\\/dinamu-derbi-protiv-rijeke-i-prvo-mjesto-na-ljestvici\\\/#breadcrumb\"},\"inLanguage\":\"hr\",\"potentialAction\":[{\"@type\":\"ReadAction\",\"target\":[\"https:\\\/\\\/radioljubuski.ba\\\/index.php\\\/2021\\\/03\\\/07\\\/dinamu-derbi-protiv-rijeke-i-prvo-mjesto-na-ljestvici\\\/\"]}]},{\"@type\":\"ImageObject\",\"inLanguage\":\"hr\",\"@id\":\"https:\\\/\\\/radioljubuski.ba\\\/index.php\\\/2021\\\/03\\\/07\\\/dinamu-derbi-protiv-rijeke-i-prvo-mjesto-na-ljestvici\\\/#primaryimage\",\"url\":\"https:\\\/\\\/radioljubuski.ba\\\/wp-content\\\/uploads\\\/2021\\\/03\\\/740x438-dinamo2-rijeka0703-20210307165346.jpg\",\"contentUrl\":\"https:\\\/\\\/radioljubuski.ba\\\/wp-content\\\/uploads\\\/2021\\\/03\\\/740x438-dinamo2-rijeka0703-20210307165346.jpg\",\"width\":740,\"height\":438},{\"@type\":\"BreadcrumbList\",\"@id\":\"https:\\\/\\\/radioljubuski.ba\\\/index.php\\\/2021\\\/03\\\/07\\\/dinamu-derbi-protiv-rijeke-i-prvo-mjesto-na-ljestvici\\\/#breadcrumb\",\"itemListElement\":[{\"@type\":\"ListItem\",\"position\":1,\"name\":\"Po\u010detna stranica\",\"item\":\"https:\\\/\\\/radioljubuski.ba\\\/\"},{\"@type\":\"ListItem\",\"position\":2,\"name\":\"Dinamu derbi protiv Rijeke i prvo mjesto na ljestvici\"}]},{\"@type\":\"WebSite\",\"@id\":\"https:\\\/\\\/radioljubuski.ba\\\/#website\",\"url\":\"https:\\\/\\\/radioljubuski.ba\\\/\",\"name\":\"Radio Ljubu\u0161ki\",\"description\":\"Sun\u010dana frekvencija Hercegovine\",\"publisher\":{\"@id\":\"https:\\\/\\\/radioljubuski.ba\\\/#organization\"},\"potentialAction\":[{\"@type\":\"SearchAction\",\"target\":{\"@type\":\"EntryPoint\",\"urlTemplate\":\"https:\\\/\\\/radioljubuski.ba\\\/?s={search_term_string}\"},\"query-input\":{\"@type\":\"PropertyValueSpecification\",\"valueRequired\":true,\"valueName\":\"search_term_string\"}}],\"inLanguage\":\"hr\"},{\"@type\":\"Organization\",\"@id\":\"https:\\\/\\\/radioljubuski.ba\\\/#organization\",\"name\":\"Radio Ljubu\u0161ki\",\"url\":\"https:\\\/\\\/radioljubuski.ba\\\/\",\"logo\":{\"@type\":\"ImageObject\",\"inLanguage\":\"hr\",\"@id\":\"https:\\\/\\\/radioljubuski.ba\\\/#\\\/schema\\\/logo\\\/image\\\/\",\"url\":\"https:\\\/\\\/radioljubuski.ba\\\/wp-content\\\/uploads\\\/2021\\\/02\\\/cropped-Radio_Ljubuski_logo1.jpg\",\"contentUrl\":\"https:\\\/\\\/radioljubuski.ba\\\/wp-content\\\/uploads\\\/2021\\\/02\\\/cropped-Radio_Ljubuski_logo1.jpg\",\"width\":512,\"height\":512,\"caption\":\"Radio Ljubu\u0161ki\"},\"image\":{\"@id\":\"https:\\\/\\\/radioljubuski.ba\\\/#\\\/schema\\\/logo\\\/image\\\/\"},\"sameAs\":[\"https:\\\/\\\/www.facebook.com\\\/Radiio-Ljubuski-1490835324566332\",\"https:\\\/\\\/x.com\\\/radioljubuski\",\"https:\\\/\\\/hr.linkedin.com\\\/company\\\/radio-ljubuski\",\"https:\\\/\\\/www.youtube.com\\\/channel\\\/UCHYaeO_n0Db3tjNGudGpXyw\"]},{\"@type\":\"Person\",\"@id\":\"https:\\\/\\\/radioljubuski.ba\\\/#\\\/schema\\\/person\\\/19fc700381a780f69665d7956c469e3b\",\"name\":\"Radio Ljubu\u0161ki\"}]}<\/script>\n<!-- \/ Yoast SEO plugin. -->","yoast_head_json":{"title":"Dinamu derbi protiv Rijeke i prvo mjesto na ljestvici - RADIO LJUBU\u0160KI","robots":{"index":"index","follow":"follow","max-snippet":"max-snippet:-1","max-image-preview":"max-image-preview:large","max-video-preview":"max-video-preview:-1"},"canonical":"https:\/\/radioljubuski.ba\/index.php\/2021\/03\/07\/dinamu-derbi-protiv-rijeke-i-prvo-mjesto-na-ljestvici\/","og_locale":"hr_HR","og_type":"article","og_title":"Dinamu derbi protiv Rijeke i prvo mjesto na ljestvici - RADIO LJUBU\u0160KI","og_description":"U derbiju 26. kola Prve HNL Dinamo je na stadionu Maksimir pobijedio Rijeku sa 2:0 vrativ\u0161i se na vrh ljestvice. Bila je to prva pobjeda Modrih protiv Rijeke u posljednja \u010detiri me\u0111usobna susreta, a s nova tri boda mom\u010dad&nbsp;Zorana Mami\u0107a&nbsp;vratila se na vrh ljestvice sa 54 boda, dva vi\u0161e od Osijeka, a Dinamo ima i [&hellip;]","og_url":"https:\/\/radioljubuski.ba\/index.php\/2021\/03\/07\/dinamu-derbi-protiv-rijeke-i-prvo-mjesto-na-ljestvici\/","og_site_name":"RADIO LJUBU\u0160KI","article_publisher":"https:\/\/www.facebook.com\/Radiio-Ljubuski-1490835324566332","article_published_time":"2021-03-07T21:08:06+00:00","article_modified_time":"2021-03-07T21:08:07+00:00","og_image":[{"width":740,"height":438,"url":"https:\/\/radioljubuski.ba\/wp-content\/uploads\/2021\/03\/740x438-dinamo2-rijeka0703-20210307165346.jpg","type":"image\/jpeg"}],"author":"Radio Ljubu\u0161ki","twitter_card":"summary_large_image","twitter_creator":"@radioljubuski","twitter_site":"@radioljubuski","twitter_misc":{"Napisao\/la":"Radio Ljubu\u0161ki","Procijenjeno vrijeme \u010ditanja":"2 minute"},"schema":{"@context":"https:\/\/schema.org","@graph":[{"@type":"Article","@id":"https:\/\/radioljubuski.ba\/index.php\/2021\/03\/07\/dinamu-derbi-protiv-rijeke-i-prvo-mjesto-na-ljestvici\/#article","isPartOf":{"@id":"https:\/\/radioljubuski.ba\/index.php\/2021\/03\/07\/dinamu-derbi-protiv-rijeke-i-prvo-mjesto-na-ljestvici\/"},"author":{"name":"Radio Ljubu\u0161ki","@id":"https:\/\/radioljubuski.ba\/#\/schema\/person\/19fc700381a780f69665d7956c469e3b"},"headline":"Dinamu derbi protiv Rijeke i prvo mjesto na ljestvici","datePublished":"2021-03-07T21:08:06+00:00","dateModified":"2021-03-07T21:08:07+00:00","mainEntityOfPage":{"@id":"https:\/\/radioljubuski.ba\/index.php\/2021\/03\/07\/dinamu-derbi-protiv-rijeke-i-prvo-mjesto-na-ljestvici\/"},"wordCount":495,"publisher":{"@id":"https:\/\/radioljubuski.ba\/#organization"},"image":{"@id":"https:\/\/radioljubuski.ba\/index.php\/2021\/03\/07\/dinamu-derbi-protiv-rijeke-i-prvo-mjesto-na-ljestvici\/#primaryimage"},"thumbnailUrl":"https:\/\/radioljubuski.ba\/wp-content\/uploads\/2021\/03\/740x438-dinamo2-rijeka0703-20210307165346.jpg","articleSection":["BIH i regija"],"inLanguage":"hr"},{"@type":"WebPage","@id":"https:\/\/radioljubuski.ba\/index.php\/2021\/03\/07\/dinamu-derbi-protiv-rijeke-i-prvo-mjesto-na-ljestvici\/","url":"https:\/\/radioljubuski.ba\/index.php\/2021\/03\/07\/dinamu-derbi-protiv-rijeke-i-prvo-mjesto-na-ljestvici\/","name":"Dinamu derbi protiv Rijeke i prvo mjesto na ljestvici - RADIO LJUBU\u0160KI","isPartOf":{"@id":"https:\/\/radioljubuski.ba\/#website"},"primaryImageOfPage":{"@id":"https:\/\/radioljubuski.ba\/index.php\/2021\/03\/07\/dinamu-derbi-protiv-rijeke-i-prvo-mjesto-na-ljestvici\/#primaryimage"},"image":{"@id":"https:\/\/radioljubuski.ba\/index.php\/2021\/03\/07\/dinamu-derbi-protiv-rijeke-i-prvo-mjesto-na-ljestvici\/#primaryimage"},"thumbnailUrl":"https:\/\/radioljubuski.ba\/wp-content\/uploads\/2021\/03\/740x438-dinamo2-rijeka0703-20210307165346.jpg","datePublished":"2021-03-07T21:08:06+00:00","dateModified":"2021-03-07T21:08:07+00:00","breadcrumb":{"@id":"https:\/\/radioljubuski.ba\/index.php\/2021\/03\/07\/dinamu-derbi-protiv-rijeke-i-prvo-mjesto-na-ljestvici\/#breadcrumb"},"inLanguage":"hr","potentialAction":[{"@type":"ReadAction","target":["https:\/\/radioljubuski.ba\/index.php\/2021\/03\/07\/dinamu-derbi-protiv-rijeke-i-prvo-mjesto-na-ljestvici\/"]}]},{"@type":"ImageObject","inLanguage":"hr","@id":"https:\/\/radioljubuski.ba\/index.php\/2021\/03\/07\/dinamu-derbi-protiv-rijeke-i-prvo-mjesto-na-ljestvici\/#primaryimage","url":"https:\/\/radioljubuski.ba\/wp-content\/uploads\/2021\/03\/740x438-dinamo2-rijeka0703-20210307165346.jpg","contentUrl":"https:\/\/radioljubuski.ba\/wp-content\/uploads\/2021\/03\/740x438-dinamo2-rijeka0703-20210307165346.jpg","width":740,"height":438},{"@type":"BreadcrumbList","@id":"https:\/\/radioljubuski.ba\/index.php\/2021\/03\/07\/dinamu-derbi-protiv-rijeke-i-prvo-mjesto-na-ljestvici\/#breadcrumb","itemListElement":[{"@type":"ListItem","position":1,"name":"Po\u010detna stranica","item":"https:\/\/radioljubuski.ba\/"},{"@type":"ListItem","position":2,"name":"Dinamu derbi protiv Rijeke i prvo mjesto na ljestvici"}]},{"@type":"WebSite","@id":"https:\/\/radioljubuski.ba\/#website","url":"https:\/\/radioljubuski.ba\/","name":"Radio Ljubu\u0161ki","description":"Sun\u010dana frekvencija Hercegovine","publisher":{"@id":"https:\/\/radioljubuski.ba\/#organization"},"potentialAction":[{"@type":"SearchAction","target":{"@type":"EntryPoint","urlTemplate":"https:\/\/radioljubuski.ba\/?s={search_term_string}"},"query-input":{"@type":"PropertyValueSpecification","valueRequired":true,"valueName":"search_term_string"}}],"inLanguage":"hr"},{"@type":"Organization","@id":"https:\/\/radioljubuski.ba\/#organization","name":"Radio Ljubu\u0161ki","url":"https:\/\/radioljubuski.ba\/","logo":{"@type":"ImageObject","inLanguage":"hr","@id":"https:\/\/radioljubuski.ba\/#\/schema\/logo\/image\/","url":"https:\/\/radioljubuski.ba\/wp-content\/uploads\/2021\/02\/cropped-Radio_Ljubuski_logo1.jpg","contentUrl":"https:\/\/radioljubuski.ba\/wp-content\/uploads\/2021\/02\/cropped-Radio_Ljubuski_logo1.jpg","width":512,"height":512,"caption":"Radio Ljubu\u0161ki"},"image":{"@id":"https:\/\/radioljubuski.ba\/#\/schema\/logo\/image\/"},"sameAs":["https:\/\/www.facebook.com\/Radiio-Ljubuski-1490835324566332","https:\/\/x.com\/radioljubuski","https:\/\/hr.linkedin.com\/company\/radio-ljubuski","https:\/\/www.youtube.com\/channel\/UCHYaeO_n0Db3tjNGudGpXyw"]},{"@type":"Person","@id":"https:\/\/radioljubuski.ba\/#\/schema\/person\/19fc700381a780f69665d7956c469e3b","name":"Radio Ljubu\u0161ki"}]}},"_links":{"self":[{"href":"https:\/\/radioljubuski.ba\/index.php\/wp-json\/wp\/v2\/posts\/1852","targetHints":{"allow":["GET"]}}],"collection":[{"href":"https:\/\/radioljubuski.ba\/index.php\/wp-json\/wp\/v2\/posts"}],"about":[{"href":"https:\/\/radioljubuski.ba\/index.php\/wp-json\/wp\/v2\/types\/post"}],"author":[{"embeddable":true,"href":"https:\/\/radioljubuski.ba\/index.php\/wp-json\/wp\/v2\/users\/2"}],"replies":[{"embeddable":true,"href":"https:\/\/radioljubuski.ba\/index.php\/wp-json\/wp\/v2\/comments?post=1852"}],"version-history":[{"count":1,"href":"https:\/\/radioljubuski.ba\/index.php\/wp-json\/wp\/v2\/posts\/1852\/revisions"}],"predecessor-version":[{"id":1854,"href":"https:\/\/radioljubuski.ba\/index.php\/wp-json\/wp\/v2\/posts\/1852\/revisions\/1854"}],"wp:featuredmedia":[{"embeddable":true,"href":"https:\/\/radioljubuski.ba\/index.php\/wp-json\/wp\/v2\/media\/1853"}],"wp:attachment":[{"href":"https:\/\/radioljubuski.ba\/index.php\/wp-json\/wp\/v2\/media?parent=1852"}],"wp:term":[{"taxonomy":"category","embeddable":true,"href":"https:\/\/radioljubuski.ba\/index.php\/wp-json\/wp\/v2\/categories?post=1852"},{"taxonomy":"post_tag","embeddable":true,"href":"https:\/\/radioljubuski.ba\/index.php\/wp-json\/wp\/v2\/tags?post=1852"}],"curies":[{"name":"wp","href":"https:\/\/api.w.org\/{rel}","templated":true}]}}