{"id":185328,"date":"2022-10-28T13:58:49","date_gmt":"2022-10-28T12:58:49","guid":{"rendered":"https:\/\/radioljubuski.ba\/?p=185328"},"modified":"2024-10-11T12:01:27","modified_gmt":"2024-10-11T11:01:27","slug":"integralni-snimak-18-sjednice-gradskog-vijeca-ljubuski-audio-i-foto","status":"publish","type":"post","link":"https:\/\/radioljubuski.ba\/index.php\/2022\/10\/28\/integralni-snimak-18-sjednice-gradskog-vijeca-ljubuski-audio-i-foto\/","title":{"rendered":"Integralni snimak 18. sjednice Gradskog vije\u0107a Ljubu\u0161ki \u2013 audio i foto"},"content":{"rendered":"\n<p>Danas je u Kulturnom centru u Ljubu\u0161kom pod predsjedavanjem predsjednika Tihomira Kvesi\u0107a odr\u017eana 18. sjednica Gradskoga vije\u0107a Ljubu\u0161ki.<\/p>\n\n\n\n<p>Na dnevnom redu sjednice bilo je 13 to\u010daka:<\/p>\n\n\n\n<p>D n e v n i&nbsp;&nbsp;&nbsp;&nbsp; red:<\/p>\n\n\n\n<ol class=\"wp-block-list\" type=\"1\"><li>Usvajanje zapisnika sa XVII. sjednice Gradskog vije\u0107a,<\/li><\/ol>\n\n\n\n<p>2. &nbsp;Aktualni sat (vije\u0107ni\u010dka pitanja, sugestije, prijedlozi i ostalo),<\/p>\n\n\n\n<p>3. Prijedlog Odluke o dodjeli jednokratnih financijskih potpora studentima Grada Ljubu\u0161kog za<\/p>\n\n\n\n<p>&nbsp;&nbsp;&nbsp; akademsku 2022\/23 godinu,<\/p>\n\n\n\n<p>4. Prijedlog Odluke o uvjetima, iznosu i postupku dodjele nov\u010danih potpora za uzgajiva\u010de goveda<\/p>\n\n\n\n<p>&nbsp;&nbsp;&nbsp;&nbsp; na podru\u010dju Grada Ljubu\u0161kog,<\/p>\n\n\n\n<p>5. Prijedlog Zaklju\u010dka o davanju suglasnosti za prijenose Ugovora o koncesijama:<\/p>\n\n\n\n<p>&nbsp;&nbsp;&nbsp;&nbsp;&nbsp; a) broj: 02-24-1411\/15 od 07.kolovoza 2015.godine, sklopljen s Josipom (Vinko) Jelavi\u0107em &nbsp;na<\/p>\n\n\n\n<p>&nbsp;&nbsp;&nbsp;&nbsp;&nbsp;&nbsp;&nbsp;&nbsp;&nbsp; novog korisnika koncesije Mladena (Drago) Gad\u017eu, Hardomilje 28,<\/p>\n\n\n\n<p>&nbsp;&nbsp;&nbsp;&nbsp;&nbsp; b) broj: 02-24-2380\/15 od 18.sije\u010dnja 2016.godine, sklopljen s Dariom (Augustin) Maji\u0107em na<\/p>\n\n\n\n<p>&nbsp;&nbsp;&nbsp;&nbsp;&nbsp;&nbsp;&nbsp;&nbsp;&nbsp;&nbsp; novog korisnika koncesije MAJD 2 d.o.o. Vitina 471, kojeg zastupa direktor Ivan Prskalo,<\/p>\n\n\n\n<p>&nbsp;&nbsp;&nbsp;&nbsp;&nbsp; c) broj: 02-24-754\/20 od 11 o\u017eujka 2020.godine, sklopljen s Vladom (Blago) Vi\u0161tica, na novog<\/p>\n\n\n\n<p>&nbsp;&nbsp;&nbsp;&nbsp;&nbsp;&nbsp;&nbsp;&nbsp;&nbsp; korisnika koncesije Villa Pro d.o.o. Hra\u0161ljani 102, koje zastupa direktor Marko Kravi\u0107,<\/p>\n\n\n\n<p>6. Prijedlog Odluke o pokretanju postupka o dodjeli koncesija za kori\u0161tenje poljoprivrednog<\/p>\n\n\n\n<p>&nbsp;&nbsp;&nbsp;&nbsp; zemlji\u0161ta na podru\u010dju grada Ljubu\u0161kog,<\/p>\n\n\n\n<p>&nbsp;7. &nbsp;Prijedlog Rje\u0161enja o imenovanju Povjerenstva za provedbu postupka dodjele koncesija na<\/p>\n\n\n\n<p>&nbsp;&nbsp;&nbsp;&nbsp;&nbsp; poljoprivrednom zemlji\u0161tu na podru\u010dju grada Ljubu\u0161kog,<\/p>\n\n\n\n<p>8. Prijedlog Odluke o prestanku svojstva javnog dobra u op\u0107oj uporabi,<\/p>\n\n\n\n<p>9. Prijedlog Odluke o dopuni Odluke o preuzimanju zaposlenika, osnovnih sredstava i nepokretne<\/p>\n\n\n\n<p>&nbsp;&nbsp;&nbsp; imovine Fonda u stambeno-komunalnom &nbsp;gospodarstvu Grada Ljubu\u0161kog,<\/p>\n\n\n\n<p>10. Prijedlog Zaklju\u010dka o prodaji stanova na k.\u010d. 499\/1 i k.\u010d. 821\/1 K.O. Ljubu\u0161ki,<\/p>\n\n\n\n<p>11. Prijedlog Zaklju\u010dka o dodjeli na kori\u0161tenje poslovne prostorije,<\/p>\n\n\n\n<p>12. Prijedlog Zaklju\u010dka o zamjeni nekretnina izme\u0111u Grada Ljubu\u0161kog i Ante (Stipe) Bubalo,<\/p>\n\n\n\n<p>&nbsp;&nbsp;&nbsp;&nbsp;&nbsp; Slavka (Stipe) Bubalo i Grge (Stipe) Bubalo.<\/p>\n\n\n\n<p>13. Prijedlog Rje\u0161enja o utvr\u0111ivanju prava vlasni\u0161tva u korist Domagoja (Ivan) Mandi\u0107a iz Hardomilja<\/p>\n\n\n\n<p><\/p>\n\n\n\n<p>Sjednica je, uobi\u010dajeno, po\u010dela prozivkom vije\u0107nika, usvajanjem zapisnika s pro\u0161le sjednice i aktualnim satom.<\/p>\n\n\n\n<p>Pitanja, prijedloge i sugestije na aktualnom satu postavljali su i iznosili: Zrinko \u010cuvalo, Mirela \u010cuvalo, Ivan Planini\u0107, Mirjana D\u017eaji\u0107 i Ante Ere\u0161.<\/p>\n\n\n\n<p>Zrinko \u010cuvalo je u svoje ime i HSP-a BIH I HB zahvalio svima koji su doprinijeli \u0161to je na pro\u0161lim Op\u0107im izborima izabran u novi saziv Skup\u0161tine \u017dZH.<\/p>\n\n\n\n<p>Iznio je prijedlog o ure\u0111enju groblja na Mladima, prijedlog o ure\u0111enju i odr\u017eavanju grobalja na podru\u010dju grada Ljubu\u0161kog, te postavio pitanja u svezi starog hotela u Ljubu\u0161kom i objekta na vrelu Vrio\u0161tice.<\/p>\n\n\n\n<p>Mirela \u010cuvalo je iznijela prijedlog u svezi pomo\u0107i djeci s pote\u0161ko\u0107ama u razvoju i djeci s invaliditetom.<\/p>\n\n\n\n<p>Ivan Planini\u0107 je zamolio gradona\u010delnika da prezentira projekte koji su trenutno u realizaciji i projekte koje u skorije vrijeme namjerava realizirati, te postavio pitanje u svezi Otkupno distributivnog centra na Bija\u010di.<\/p>\n\n\n\n<p>Mirjana D\u017eaji\u0107 je iznijela prijedlog o promociji obrtni\u010dkih zanimanja za u\u010denike koji imaju afinitetu prema tim zanimanjima.<\/p>\n\n\n\n<p>Ante Ere\u0161 je postavio pitanje u svezi divlje deponije na putu prema Crvenom Grmu.<\/p>\n\n\n\n<p>Gradona\u010delnik Markoti\u0107 je odgovorio na postavljena pitanja i komentirao inicijative posebno nagla\u0161avaju\u0107i da se po mnogim pitanjima ve\u0107 uvelike radi.<\/p>\n\n\n\n<p>Nakon Markoti\u0107evih odgovora vije\u0107nici nisu imali potrebe za dodatnim pitanjima.<\/p>\n\n\n\n<p>Nakon aktualnog sata gradona\u010delnik Markoti\u0107 je obrazlo\u017eio tre\u0107u to\u010dku dnevnog reda: Odluka o dodjeli jednokratnih financijskih potpora studentima grada Ljubu\u0161kog za akademsku 2022\/23 godinu.<\/p>\n\n\n\n<p>Sukladno toj odluci sredstva za potpore osigurana su u Prora\u010dunu grada Ljubu\u0161kog, te \u0107e se dodijeliti svim studentima koji ostvaruju pravo na potporu u iznosu od 500 KM.<\/p>\n\n\n\n<p>Pravo na potporu imaju svi redoviti studenti dr\u017eavnih sveu\u010dili\u0161ta koji nisu ponavljali nijednu godinu studija, a koji imaju prebivali\u0161te na podru\u010dju grada Ljubu\u0161kog.<\/p>\n\n\n\n<p>Dodjela potpora izvr\u0161it \u0107e se putem javnog poziva, koji \u0107e idu\u0107i tjedan objaviti Gradona\u010delnik sukladno odluci usvojenoj na sjednici Vije\u0107a.<\/p>\n\n\n\n<p>Javni poziv \u0107e biti objavljen na slu\u017ebenoj stranici grada Ljubu\u0161kog, Oglasnoj plo\u010di Gradske uprave i na Radiju Ljubu\u0161ki.<\/p>\n\n\n\n<p>Odluka je usvojena jednoglasno.<\/p>\n\n\n\n<p>\u010cetvrta to\u010dka dnevnog reda bila je: Odluka o uvjetima, iznosu i postupku dodjele nov\u010danih potpora za uzgajiva\u010de goveda na podru\u010dju grada Ljubu\u0161kog.<\/p>\n\n\n\n<p>Tom Odlukom utvr\u0111uju se uvjeti, iznos i postupak dodjele nov\u010danih potpora za uzgajiva\u010de goveda.<\/p>\n\n\n\n<p>Da bi ostvarili pravo prijave na javni poziv za dodjelu sredstava, podnositelji zahtjeva moraju imati prebivali\u0161te na podru\u010dju grada Ljubu\u0161kog, upisani u Registar poljoprivrednih gospodarstva i Registar klijenata kao fizi\u010dka osoba (osim obrta), posjedovati najmanje jedno odraslo grlo (starosti najmanje 18 mjeseci) i za svako prijavljeno grlo imati sto\u010dnu putovnicu.<\/p>\n\n\n\n<p>Ukupan iznos sredstava koji se dodjeljuje putem javnog poziva u tu svrhu je 13 000 KM.<\/p>\n\n\n\n<p>Dodjela sredstava vr\u0161it \u0107e se putem javnog poziva kojeg \u0107e obaviti gradona\u010delnik.<\/p>\n\n\n\n<p>Ostale to\u010dke dnevnog reda su bile vi\u0161e proceduralnog karaktera i usvojene su bez rasprave.<\/p>\n\n\n\n<p>Foto: <\/p>\n\n\n\n<iframe loading=\"lazy\" src=\"https:\/\/www.facebook.com\/plugins\/post.php?href=https%3A%2F%2Fwww.facebook.com%2FRadioLjubuski%2Fposts%2Fpfbid0P13sQKuYe8SBTvVwqgjEUjAR7RXESw4syVLrAjK6osojomZKcF9FSZH3AanA5sNNl&amp;show_text=true&amp;width=500\" style=\"border:none;overflow:hidden\" scrolling=\"no\" allowfullscreen=\"true\" allow=\"autoplay; clipboard-write; encrypted-media; picture-in-picture; web-share\" width=\"500\" height=\"664\" frameborder=\"0\"><\/iframe>\n\n\n\n<p>Poslu\u0161ajte kratki osvrt na sjednicu predsjednika gradskog vije\u0107a Tihomira Kvesi\u0107a:<\/p>\n\n\n\n<figure class=\"wp-block-audio\"><audio controls src=\"https:\/\/radioljubuski.ba\/wp-content\/uploads\/2022\/10\/izjava-kvesic.mp3\"><\/audio><\/figure>\n\n\n\n<p><\/p>\n\n\n\n<p>Poslu\u0161ajte integralni snimak sjednice Vije\u0107a:<\/p>\n\n\n\n<figure class=\"wp-block-audio\"><audio controls src=\"https:\/\/radioljubuski.ba\/wp-content\/uploads\/2022\/10\/18-sj-g-vijeca-28-10-2022-gotovo-96.mp3\"><\/audio><\/figure>\n\n\n\n<p>Radio Ljubu\u0161ki<\/p>\n","protected":false},"excerpt":{"rendered":"<p>Danas je u Kulturnom centru u Ljubu\u0161kom pod predsjedavanjem predsjednika Tihomira Kvesi\u0107a odr\u017eana 18. sjednica Gradskoga vije\u0107a Ljubu\u0161ki. Na dnevnom redu sjednice bilo je 13 to\u010daka: D n e v n i&nbsp;&nbsp;&nbsp;&nbsp; red: Usvajanje zapisnika sa XVII. sjednice Gradskog vije\u0107a, 2. &nbsp;Aktualni sat (vije\u0107ni\u010dka pitanja, sugestije, prijedlozi i ostalo), 3. Prijedlog Odluke o dodjeli jednokratnih [&hellip;]<\/p>\n","protected":false},"author":2,"featured_media":185332,"comment_status":"closed","ping_status":"closed","sticky":false,"template":"","format":"standard","meta":{"h5ap_radio_sources":[],"footnotes":""},"categories":[50,3],"tags":[],"class_list":["post-185328","post","type-post","status-publish","format-standard","has-post-thumbnail","hentry","category-gradskovijece","category-ljubuski"],"yoast_head":"<!-- This site is optimized with the Yoast SEO plugin v27.5 - https:\/\/yoast.com\/product\/yoast-seo-wordpress\/ -->\n<title>Integralni snimak 18. sjednice Gradskog vije\u0107a Ljubu\u0161ki \u2013 audio i foto - RADIO LJUBU\u0160KI<\/title>\n<meta name=\"robots\" content=\"index, follow, max-snippet:-1, max-image-preview:large, max-video-preview:-1\" \/>\n<link rel=\"canonical\" href=\"https:\/\/radioljubuski.ba\/index.php\/2022\/10\/28\/integralni-snimak-18-sjednice-gradskog-vijeca-ljubuski-audio-i-foto\/\" \/>\n<meta property=\"og:locale\" content=\"hr_HR\" \/>\n<meta property=\"og:type\" content=\"article\" \/>\n<meta property=\"og:title\" content=\"Integralni snimak 18. sjednice Gradskog vije\u0107a Ljubu\u0161ki \u2013 audio i foto - RADIO LJUBU\u0160KI\" \/>\n<meta property=\"og:description\" content=\"Danas je u Kulturnom centru u Ljubu\u0161kom pod predsjedavanjem predsjednika Tihomira Kvesi\u0107a odr\u017eana 18. sjednica Gradskoga vije\u0107a Ljubu\u0161ki. Na dnevnom redu sjednice bilo je 13 to\u010daka: D n e v n i&nbsp;&nbsp;&nbsp;&nbsp; red: Usvajanje zapisnika sa XVII. sjednice Gradskog vije\u0107a, 2. &nbsp;Aktualni sat (vije\u0107ni\u010dka pitanja, sugestije, prijedlozi i ostalo), 3. Prijedlog Odluke o dodjeli jednokratnih [&hellip;]\" \/>\n<meta property=\"og:url\" content=\"https:\/\/radioljubuski.ba\/index.php\/2022\/10\/28\/integralni-snimak-18-sjednice-gradskog-vijeca-ljubuski-audio-i-foto\/\" \/>\n<meta property=\"og:site_name\" content=\"RADIO LJUBU\u0160KI\" \/>\n<meta property=\"article:publisher\" content=\"https:\/\/www.facebook.com\/Radiio-Ljubuski-1490835324566332\" \/>\n<meta property=\"article:published_time\" content=\"2022-10-28T12:58:49+00:00\" \/>\n<meta property=\"article:modified_time\" content=\"2024-10-11T11:01:27+00:00\" \/>\n<meta property=\"og:image\" content=\"https:\/\/radioljubuski.ba\/wp-content\/uploads\/2022\/10\/312516044_520210570116887_8824981014883752600_n.jpg\" \/>\n\t<meta property=\"og:image:width\" content=\"2048\" \/>\n\t<meta property=\"og:image:height\" content=\"1367\" \/>\n\t<meta property=\"og:image:type\" content=\"image\/jpeg\" \/>\n<meta name=\"author\" content=\"Radio Ljubu\u0161ki\" \/>\n<meta name=\"twitter:card\" content=\"summary_large_image\" \/>\n<meta name=\"twitter:creator\" content=\"@radioljubuski\" \/>\n<meta name=\"twitter:site\" content=\"@radioljubuski\" \/>\n<meta name=\"twitter:label1\" content=\"Napisao\/la\" \/>\n\t<meta name=\"twitter:data1\" content=\"Radio Ljubu\u0161ki\" \/>\n\t<meta name=\"twitter:label2\" content=\"Procijenjeno vrijeme \u010ditanja\" \/>\n\t<meta name=\"twitter:data2\" content=\"5 minuta\" \/>\n<script type=\"application\/ld+json\" class=\"yoast-schema-graph\">{\"@context\":\"https:\\\/\\\/schema.org\",\"@graph\":[{\"@type\":\"Article\",\"@id\":\"https:\\\/\\\/radioljubuski.ba\\\/index.php\\\/2022\\\/10\\\/28\\\/integralni-snimak-18-sjednice-gradskog-vijeca-ljubuski-audio-i-foto\\\/#article\",\"isPartOf\":{\"@id\":\"https:\\\/\\\/radioljubuski.ba\\\/index.php\\\/2022\\\/10\\\/28\\\/integralni-snimak-18-sjednice-gradskog-vijeca-ljubuski-audio-i-foto\\\/\"},\"author\":{\"name\":\"Radio Ljubu\u0161ki\",\"@id\":\"https:\\\/\\\/radioljubuski.ba\\\/#\\\/schema\\\/person\\\/19fc700381a780f69665d7956c469e3b\"},\"headline\":\"Integralni snimak 18. sjednice Gradskog vije\u0107a Ljubu\u0161ki \u2013 audio i foto\",\"datePublished\":\"2022-10-28T12:58:49+00:00\",\"dateModified\":\"2024-10-11T11:01:27+00:00\",\"mainEntityOfPage\":{\"@id\":\"https:\\\/\\\/radioljubuski.ba\\\/index.php\\\/2022\\\/10\\\/28\\\/integralni-snimak-18-sjednice-gradskog-vijeca-ljubuski-audio-i-foto\\\/\"},\"wordCount\":938,\"publisher\":{\"@id\":\"https:\\\/\\\/radioljubuski.ba\\\/#organization\"},\"image\":{\"@id\":\"https:\\\/\\\/radioljubuski.ba\\\/index.php\\\/2022\\\/10\\\/28\\\/integralni-snimak-18-sjednice-gradskog-vijeca-ljubuski-audio-i-foto\\\/#primaryimage\"},\"thumbnailUrl\":\"https:\\\/\\\/radioljubuski.ba\\\/wp-content\\\/uploads\\\/2022\\\/10\\\/312516044_520210570116887_8824981014883752600_n.jpg\",\"articleSection\":[\"GV Ljubu\u0161ki\",\"Ljubu\u0161ki\"],\"inLanguage\":\"hr\"},{\"@type\":\"WebPage\",\"@id\":\"https:\\\/\\\/radioljubuski.ba\\\/index.php\\\/2022\\\/10\\\/28\\\/integralni-snimak-18-sjednice-gradskog-vijeca-ljubuski-audio-i-foto\\\/\",\"url\":\"https:\\\/\\\/radioljubuski.ba\\\/index.php\\\/2022\\\/10\\\/28\\\/integralni-snimak-18-sjednice-gradskog-vijeca-ljubuski-audio-i-foto\\\/\",\"name\":\"Integralni snimak 18. sjednice Gradskog vije\u0107a Ljubu\u0161ki \u2013 audio i foto - RADIO LJUBU\u0160KI\",\"isPartOf\":{\"@id\":\"https:\\\/\\\/radioljubuski.ba\\\/#website\"},\"primaryImageOfPage\":{\"@id\":\"https:\\\/\\\/radioljubuski.ba\\\/index.php\\\/2022\\\/10\\\/28\\\/integralni-snimak-18-sjednice-gradskog-vijeca-ljubuski-audio-i-foto\\\/#primaryimage\"},\"image\":{\"@id\":\"https:\\\/\\\/radioljubuski.ba\\\/index.php\\\/2022\\\/10\\\/28\\\/integralni-snimak-18-sjednice-gradskog-vijeca-ljubuski-audio-i-foto\\\/#primaryimage\"},\"thumbnailUrl\":\"https:\\\/\\\/radioljubuski.ba\\\/wp-content\\\/uploads\\\/2022\\\/10\\\/312516044_520210570116887_8824981014883752600_n.jpg\",\"datePublished\":\"2022-10-28T12:58:49+00:00\",\"dateModified\":\"2024-10-11T11:01:27+00:00\",\"breadcrumb\":{\"@id\":\"https:\\\/\\\/radioljubuski.ba\\\/index.php\\\/2022\\\/10\\\/28\\\/integralni-snimak-18-sjednice-gradskog-vijeca-ljubuski-audio-i-foto\\\/#breadcrumb\"},\"inLanguage\":\"hr\",\"potentialAction\":[{\"@type\":\"ReadAction\",\"target\":[\"https:\\\/\\\/radioljubuski.ba\\\/index.php\\\/2022\\\/10\\\/28\\\/integralni-snimak-18-sjednice-gradskog-vijeca-ljubuski-audio-i-foto\\\/\"]}]},{\"@type\":\"ImageObject\",\"inLanguage\":\"hr\",\"@id\":\"https:\\\/\\\/radioljubuski.ba\\\/index.php\\\/2022\\\/10\\\/28\\\/integralni-snimak-18-sjednice-gradskog-vijeca-ljubuski-audio-i-foto\\\/#primaryimage\",\"url\":\"https:\\\/\\\/radioljubuski.ba\\\/wp-content\\\/uploads\\\/2022\\\/10\\\/312516044_520210570116887_8824981014883752600_n.jpg\",\"contentUrl\":\"https:\\\/\\\/radioljubuski.ba\\\/wp-content\\\/uploads\\\/2022\\\/10\\\/312516044_520210570116887_8824981014883752600_n.jpg\",\"width\":2048,\"height\":1367},{\"@type\":\"BreadcrumbList\",\"@id\":\"https:\\\/\\\/radioljubuski.ba\\\/index.php\\\/2022\\\/10\\\/28\\\/integralni-snimak-18-sjednice-gradskog-vijeca-ljubuski-audio-i-foto\\\/#breadcrumb\",\"itemListElement\":[{\"@type\":\"ListItem\",\"position\":1,\"name\":\"Po\u010detna stranica\",\"item\":\"https:\\\/\\\/radioljubuski.ba\\\/\"},{\"@type\":\"ListItem\",\"position\":2,\"name\":\"Integralni snimak 18. sjednice Gradskog vije\u0107a Ljubu\u0161ki \u2013 audio i foto\"}]},{\"@type\":\"WebSite\",\"@id\":\"https:\\\/\\\/radioljubuski.ba\\\/#website\",\"url\":\"https:\\\/\\\/radioljubuski.ba\\\/\",\"name\":\"Radio Ljubu\u0161ki\",\"description\":\"Sun\u010dana frekvencija Hercegovine\",\"publisher\":{\"@id\":\"https:\\\/\\\/radioljubuski.ba\\\/#organization\"},\"potentialAction\":[{\"@type\":\"SearchAction\",\"target\":{\"@type\":\"EntryPoint\",\"urlTemplate\":\"https:\\\/\\\/radioljubuski.ba\\\/?s={search_term_string}\"},\"query-input\":{\"@type\":\"PropertyValueSpecification\",\"valueRequired\":true,\"valueName\":\"search_term_string\"}}],\"inLanguage\":\"hr\"},{\"@type\":\"Organization\",\"@id\":\"https:\\\/\\\/radioljubuski.ba\\\/#organization\",\"name\":\"Radio Ljubu\u0161ki\",\"url\":\"https:\\\/\\\/radioljubuski.ba\\\/\",\"logo\":{\"@type\":\"ImageObject\",\"inLanguage\":\"hr\",\"@id\":\"https:\\\/\\\/radioljubuski.ba\\\/#\\\/schema\\\/logo\\\/image\\\/\",\"url\":\"https:\\\/\\\/radioljubuski.ba\\\/wp-content\\\/uploads\\\/2021\\\/02\\\/cropped-Radio_Ljubuski_logo1.jpg\",\"contentUrl\":\"https:\\\/\\\/radioljubuski.ba\\\/wp-content\\\/uploads\\\/2021\\\/02\\\/cropped-Radio_Ljubuski_logo1.jpg\",\"width\":512,\"height\":512,\"caption\":\"Radio Ljubu\u0161ki\"},\"image\":{\"@id\":\"https:\\\/\\\/radioljubuski.ba\\\/#\\\/schema\\\/logo\\\/image\\\/\"},\"sameAs\":[\"https:\\\/\\\/www.facebook.com\\\/Radiio-Ljubuski-1490835324566332\",\"https:\\\/\\\/x.com\\\/radioljubuski\",\"https:\\\/\\\/hr.linkedin.com\\\/company\\\/radio-ljubuski\",\"https:\\\/\\\/www.youtube.com\\\/channel\\\/UCHYaeO_n0Db3tjNGudGpXyw\"]},{\"@type\":\"Person\",\"@id\":\"https:\\\/\\\/radioljubuski.ba\\\/#\\\/schema\\\/person\\\/19fc700381a780f69665d7956c469e3b\",\"name\":\"Radio Ljubu\u0161ki\"}]}<\/script>\n<!-- \/ Yoast SEO plugin. -->","yoast_head_json":{"title":"Integralni snimak 18. sjednice Gradskog vije\u0107a Ljubu\u0161ki \u2013 audio i foto - RADIO LJUBU\u0160KI","robots":{"index":"index","follow":"follow","max-snippet":"max-snippet:-1","max-image-preview":"max-image-preview:large","max-video-preview":"max-video-preview:-1"},"canonical":"https:\/\/radioljubuski.ba\/index.php\/2022\/10\/28\/integralni-snimak-18-sjednice-gradskog-vijeca-ljubuski-audio-i-foto\/","og_locale":"hr_HR","og_type":"article","og_title":"Integralni snimak 18. sjednice Gradskog vije\u0107a Ljubu\u0161ki \u2013 audio i foto - RADIO LJUBU\u0160KI","og_description":"Danas je u Kulturnom centru u Ljubu\u0161kom pod predsjedavanjem predsjednika Tihomira Kvesi\u0107a odr\u017eana 18. sjednica Gradskoga vije\u0107a Ljubu\u0161ki. Na dnevnom redu sjednice bilo je 13 to\u010daka: D n e v n i&nbsp;&nbsp;&nbsp;&nbsp; red: Usvajanje zapisnika sa XVII. sjednice Gradskog vije\u0107a, 2. &nbsp;Aktualni sat (vije\u0107ni\u010dka pitanja, sugestije, prijedlozi i ostalo), 3. Prijedlog Odluke o dodjeli jednokratnih [&hellip;]","og_url":"https:\/\/radioljubuski.ba\/index.php\/2022\/10\/28\/integralni-snimak-18-sjednice-gradskog-vijeca-ljubuski-audio-i-foto\/","og_site_name":"RADIO LJUBU\u0160KI","article_publisher":"https:\/\/www.facebook.com\/Radiio-Ljubuski-1490835324566332","article_published_time":"2022-10-28T12:58:49+00:00","article_modified_time":"2024-10-11T11:01:27+00:00","og_image":[{"width":2048,"height":1367,"url":"https:\/\/radioljubuski.ba\/wp-content\/uploads\/2022\/10\/312516044_520210570116887_8824981014883752600_n.jpg","type":"image\/jpeg"}],"author":"Radio Ljubu\u0161ki","twitter_card":"summary_large_image","twitter_creator":"@radioljubuski","twitter_site":"@radioljubuski","twitter_misc":{"Napisao\/la":"Radio Ljubu\u0161ki","Procijenjeno vrijeme \u010ditanja":"5 minuta"},"schema":{"@context":"https:\/\/schema.org","@graph":[{"@type":"Article","@id":"https:\/\/radioljubuski.ba\/index.php\/2022\/10\/28\/integralni-snimak-18-sjednice-gradskog-vijeca-ljubuski-audio-i-foto\/#article","isPartOf":{"@id":"https:\/\/radioljubuski.ba\/index.php\/2022\/10\/28\/integralni-snimak-18-sjednice-gradskog-vijeca-ljubuski-audio-i-foto\/"},"author":{"name":"Radio Ljubu\u0161ki","@id":"https:\/\/radioljubuski.ba\/#\/schema\/person\/19fc700381a780f69665d7956c469e3b"},"headline":"Integralni snimak 18. sjednice Gradskog vije\u0107a Ljubu\u0161ki \u2013 audio i foto","datePublished":"2022-10-28T12:58:49+00:00","dateModified":"2024-10-11T11:01:27+00:00","mainEntityOfPage":{"@id":"https:\/\/radioljubuski.ba\/index.php\/2022\/10\/28\/integralni-snimak-18-sjednice-gradskog-vijeca-ljubuski-audio-i-foto\/"},"wordCount":938,"publisher":{"@id":"https:\/\/radioljubuski.ba\/#organization"},"image":{"@id":"https:\/\/radioljubuski.ba\/index.php\/2022\/10\/28\/integralni-snimak-18-sjednice-gradskog-vijeca-ljubuski-audio-i-foto\/#primaryimage"},"thumbnailUrl":"https:\/\/radioljubuski.ba\/wp-content\/uploads\/2022\/10\/312516044_520210570116887_8824981014883752600_n.jpg","articleSection":["GV Ljubu\u0161ki","Ljubu\u0161ki"],"inLanguage":"hr"},{"@type":"WebPage","@id":"https:\/\/radioljubuski.ba\/index.php\/2022\/10\/28\/integralni-snimak-18-sjednice-gradskog-vijeca-ljubuski-audio-i-foto\/","url":"https:\/\/radioljubuski.ba\/index.php\/2022\/10\/28\/integralni-snimak-18-sjednice-gradskog-vijeca-ljubuski-audio-i-foto\/","name":"Integralni snimak 18. sjednice Gradskog vije\u0107a Ljubu\u0161ki \u2013 audio i foto - RADIO LJUBU\u0160KI","isPartOf":{"@id":"https:\/\/radioljubuski.ba\/#website"},"primaryImageOfPage":{"@id":"https:\/\/radioljubuski.ba\/index.php\/2022\/10\/28\/integralni-snimak-18-sjednice-gradskog-vijeca-ljubuski-audio-i-foto\/#primaryimage"},"image":{"@id":"https:\/\/radioljubuski.ba\/index.php\/2022\/10\/28\/integralni-snimak-18-sjednice-gradskog-vijeca-ljubuski-audio-i-foto\/#primaryimage"},"thumbnailUrl":"https:\/\/radioljubuski.ba\/wp-content\/uploads\/2022\/10\/312516044_520210570116887_8824981014883752600_n.jpg","datePublished":"2022-10-28T12:58:49+00:00","dateModified":"2024-10-11T11:01:27+00:00","breadcrumb":{"@id":"https:\/\/radioljubuski.ba\/index.php\/2022\/10\/28\/integralni-snimak-18-sjednice-gradskog-vijeca-ljubuski-audio-i-foto\/#breadcrumb"},"inLanguage":"hr","potentialAction":[{"@type":"ReadAction","target":["https:\/\/radioljubuski.ba\/index.php\/2022\/10\/28\/integralni-snimak-18-sjednice-gradskog-vijeca-ljubuski-audio-i-foto\/"]}]},{"@type":"ImageObject","inLanguage":"hr","@id":"https:\/\/radioljubuski.ba\/index.php\/2022\/10\/28\/integralni-snimak-18-sjednice-gradskog-vijeca-ljubuski-audio-i-foto\/#primaryimage","url":"https:\/\/radioljubuski.ba\/wp-content\/uploads\/2022\/10\/312516044_520210570116887_8824981014883752600_n.jpg","contentUrl":"https:\/\/radioljubuski.ba\/wp-content\/uploads\/2022\/10\/312516044_520210570116887_8824981014883752600_n.jpg","width":2048,"height":1367},{"@type":"BreadcrumbList","@id":"https:\/\/radioljubuski.ba\/index.php\/2022\/10\/28\/integralni-snimak-18-sjednice-gradskog-vijeca-ljubuski-audio-i-foto\/#breadcrumb","itemListElement":[{"@type":"ListItem","position":1,"name":"Po\u010detna stranica","item":"https:\/\/radioljubuski.ba\/"},{"@type":"ListItem","position":2,"name":"Integralni snimak 18. sjednice Gradskog vije\u0107a Ljubu\u0161ki \u2013 audio i foto"}]},{"@type":"WebSite","@id":"https:\/\/radioljubuski.ba\/#website","url":"https:\/\/radioljubuski.ba\/","name":"Radio Ljubu\u0161ki","description":"Sun\u010dana frekvencija Hercegovine","publisher":{"@id":"https:\/\/radioljubuski.ba\/#organization"},"potentialAction":[{"@type":"SearchAction","target":{"@type":"EntryPoint","urlTemplate":"https:\/\/radioljubuski.ba\/?s={search_term_string}"},"query-input":{"@type":"PropertyValueSpecification","valueRequired":true,"valueName":"search_term_string"}}],"inLanguage":"hr"},{"@type":"Organization","@id":"https:\/\/radioljubuski.ba\/#organization","name":"Radio Ljubu\u0161ki","url":"https:\/\/radioljubuski.ba\/","logo":{"@type":"ImageObject","inLanguage":"hr","@id":"https:\/\/radioljubuski.ba\/#\/schema\/logo\/image\/","url":"https:\/\/radioljubuski.ba\/wp-content\/uploads\/2021\/02\/cropped-Radio_Ljubuski_logo1.jpg","contentUrl":"https:\/\/radioljubuski.ba\/wp-content\/uploads\/2021\/02\/cropped-Radio_Ljubuski_logo1.jpg","width":512,"height":512,"caption":"Radio Ljubu\u0161ki"},"image":{"@id":"https:\/\/radioljubuski.ba\/#\/schema\/logo\/image\/"},"sameAs":["https:\/\/www.facebook.com\/Radiio-Ljubuski-1490835324566332","https:\/\/x.com\/radioljubuski","https:\/\/hr.linkedin.com\/company\/radio-ljubuski","https:\/\/www.youtube.com\/channel\/UCHYaeO_n0Db3tjNGudGpXyw"]},{"@type":"Person","@id":"https:\/\/radioljubuski.ba\/#\/schema\/person\/19fc700381a780f69665d7956c469e3b","name":"Radio Ljubu\u0161ki"}]}},"_links":{"self":[{"href":"https:\/\/radioljubuski.ba\/index.php\/wp-json\/wp\/v2\/posts\/185328","targetHints":{"allow":["GET"]}}],"collection":[{"href":"https:\/\/radioljubuski.ba\/index.php\/wp-json\/wp\/v2\/posts"}],"about":[{"href":"https:\/\/radioljubuski.ba\/index.php\/wp-json\/wp\/v2\/types\/post"}],"author":[{"embeddable":true,"href":"https:\/\/radioljubuski.ba\/index.php\/wp-json\/wp\/v2\/users\/2"}],"replies":[{"embeddable":true,"href":"https:\/\/radioljubuski.ba\/index.php\/wp-json\/wp\/v2\/comments?post=185328"}],"version-history":[{"count":2,"href":"https:\/\/radioljubuski.ba\/index.php\/wp-json\/wp\/v2\/posts\/185328\/revisions"}],"predecessor-version":[{"id":185333,"href":"https:\/\/radioljubuski.ba\/index.php\/wp-json\/wp\/v2\/posts\/185328\/revisions\/185333"}],"wp:featuredmedia":[{"embeddable":true,"href":"https:\/\/radioljubuski.ba\/index.php\/wp-json\/wp\/v2\/media\/185332"}],"wp:attachment":[{"href":"https:\/\/radioljubuski.ba\/index.php\/wp-json\/wp\/v2\/media?parent=185328"}],"wp:term":[{"taxonomy":"category","embeddable":true,"href":"https:\/\/radioljubuski.ba\/index.php\/wp-json\/wp\/v2\/categories?post=185328"},{"taxonomy":"post_tag","embeddable":true,"href":"https:\/\/radioljubuski.ba\/index.php\/wp-json\/wp\/v2\/tags?post=185328"}],"curies":[{"name":"wp","href":"https:\/\/api.w.org\/{rel}","templated":true}]}}