{"id":18545,"date":"2021-05-04T12:17:34","date_gmt":"2021-05-04T11:17:34","guid":{"rendered":"https:\/\/radioljubuski.ba\/?p=18545"},"modified":"2021-05-04T12:21:03","modified_gmt":"2021-05-04T11:21:03","slug":"hrvatski-reprezentativac-nije-ozbiljnije-ozlijeden","status":"publish","type":"post","link":"https:\/\/radioljubuski.ba\/index.php\/2021\/05\/04\/hrvatski-reprezentativac-nije-ozbiljnije-ozlijeden\/","title":{"rendered":"Hrvatski reprezentativac nije ozbiljnije ozlije\u0111en"},"content":{"rendered":"\n<p>U najve\u0107em derbiju \u0161kotskog nogometa Rangers je u nedjelju na stadionu Ibrox pobijedio Celtic sa 4-1 pri \u010demu je za tre\u0107i gol doma\u0107ina asistirao hrvatski reprezentativac Borna Bari\u0161i\u0107.<\/p>\n\n\n\n<p>U drugom poluvremenu hrvatski lijevi bek morao je napustiti igru zbog ozljede, ali ne radi se te\u017eoj ozljedi, potvrdili su pregledi.<br><br>U ponedjaljak je obavio pregled magnetskom rezonancijom, a pregled je pokazao da se ne radi o ozbiljnijoj ozljedi mi\u0161i\u0107a te se o\u010dekuje da \u0107e Bari\u0161i\u0107 ubrzo biti spreman za daljnje nastupe, objavio je Hrvatski nogometni savez.<br><br>Rangers, koji je ve\u0107 ranije osigurao naslov prvaka, vodi na ljestvici sa 96 bodova, \u010dak 23 vi\u0161e od Celtica.<\/p>\n\n\n\n<p>Izvor:hrt.hr<\/p>\n","protected":false},"excerpt":{"rendered":"<p>U najve\u0107em derbiju \u0161kotskog nogometa Rangers je u nedjelju na stadionu Ibrox pobijedio Celtic sa 4-1 pri \u010demu je za tre\u0107i gol doma\u0107ina asistirao hrvatski reprezentativac Borna Bari\u0161i\u0107. U drugom poluvremenu hrvatski lijevi bek morao je napustiti igru zbog ozljede, ali ne radi se te\u017eoj ozljedi, potvrdili su pregledi. U ponedjaljak je obavio pregled magnetskom [&hellip;]<\/p>\n","protected":false},"author":2,"featured_media":18546,"comment_status":"closed","ping_status":"closed","sticky":false,"template":"","format":"standard","meta":{"h5ap_radio_sources":[],"footnotes":""},"categories":[1],"tags":[],"class_list":["post-18545","post","type-post","status-publish","format-standard","has-post-thumbnail","hentry","category-bihiregija"],"yoast_head":"<!-- This site is optimized with the Yoast SEO plugin v27.5 - https:\/\/yoast.com\/product\/yoast-seo-wordpress\/ -->\n<title>Hrvatski reprezentativac nije ozbiljnije ozlije\u0111en - RADIO LJUBU\u0160KI<\/title>\n<meta name=\"robots\" content=\"index, follow, max-snippet:-1, max-image-preview:large, max-video-preview:-1\" \/>\n<link rel=\"canonical\" href=\"https:\/\/radioljubuski.ba\/index.php\/2021\/05\/04\/hrvatski-reprezentativac-nije-ozbiljnije-ozlijeden\/\" \/>\n<meta property=\"og:locale\" content=\"hr_HR\" \/>\n<meta property=\"og:type\" content=\"article\" \/>\n<meta property=\"og:title\" content=\"Hrvatski reprezentativac nije ozbiljnije ozlije\u0111en - RADIO LJUBU\u0160KI\" \/>\n<meta property=\"og:description\" content=\"U najve\u0107em derbiju \u0161kotskog nogometa Rangers je u nedjelju na stadionu Ibrox pobijedio Celtic sa 4-1 pri \u010demu je za tre\u0107i gol doma\u0107ina asistirao hrvatski reprezentativac Borna Bari\u0161i\u0107. U drugom poluvremenu hrvatski lijevi bek morao je napustiti igru zbog ozljede, ali ne radi se te\u017eoj ozljedi, potvrdili su pregledi. U ponedjaljak je obavio pregled magnetskom [&hellip;]\" \/>\n<meta property=\"og:url\" content=\"https:\/\/radioljubuski.ba\/index.php\/2021\/05\/04\/hrvatski-reprezentativac-nije-ozbiljnije-ozlijeden\/\" \/>\n<meta property=\"og:site_name\" content=\"RADIO LJUBU\u0160KI\" \/>\n<meta property=\"article:publisher\" content=\"https:\/\/www.facebook.com\/Radiio-Ljubuski-1490835324566332\" \/>\n<meta property=\"article:published_time\" content=\"2021-05-04T11:17:34+00:00\" \/>\n<meta property=\"article:modified_time\" content=\"2021-05-04T11:21:03+00:00\" \/>\n<meta property=\"og:image\" content=\"https:\/\/radioljubuski.ba\/wp-content\/uploads\/2021\/05\/HN20210225927596.jpg\" \/>\n\t<meta property=\"og:image:width\" content=\"1024\" \/>\n\t<meta property=\"og:image:height\" content=\"683\" \/>\n\t<meta property=\"og:image:type\" content=\"image\/jpeg\" \/>\n<meta name=\"author\" content=\"Radio Ljubu\u0161ki\" \/>\n<meta name=\"twitter:card\" content=\"summary_large_image\" \/>\n<meta name=\"twitter:creator\" content=\"@radioljubuski\" \/>\n<meta name=\"twitter:site\" content=\"@radioljubuski\" \/>\n<meta name=\"twitter:label1\" content=\"Napisao\/la\" \/>\n\t<meta name=\"twitter:data1\" content=\"Radio Ljubu\u0161ki\" \/>\n\t<meta name=\"twitter:label2\" content=\"Procijenjeno vrijeme \u010ditanja\" \/>\n\t<meta name=\"twitter:data2\" content=\"1 minuta\" \/>\n<script type=\"application\/ld+json\" class=\"yoast-schema-graph\">{\"@context\":\"https:\\\/\\\/schema.org\",\"@graph\":[{\"@type\":\"Article\",\"@id\":\"https:\\\/\\\/radioljubuski.ba\\\/index.php\\\/2021\\\/05\\\/04\\\/hrvatski-reprezentativac-nije-ozbiljnije-ozlijeden\\\/#article\",\"isPartOf\":{\"@id\":\"https:\\\/\\\/radioljubuski.ba\\\/index.php\\\/2021\\\/05\\\/04\\\/hrvatski-reprezentativac-nije-ozbiljnije-ozlijeden\\\/\"},\"author\":{\"name\":\"Radio Ljubu\u0161ki\",\"@id\":\"https:\\\/\\\/radioljubuski.ba\\\/#\\\/schema\\\/person\\\/19fc700381a780f69665d7956c469e3b\"},\"headline\":\"Hrvatski reprezentativac nije ozbiljnije ozlije\u0111en\",\"datePublished\":\"2021-05-04T11:17:34+00:00\",\"dateModified\":\"2021-05-04T11:21:03+00:00\",\"mainEntityOfPage\":{\"@id\":\"https:\\\/\\\/radioljubuski.ba\\\/index.php\\\/2021\\\/05\\\/04\\\/hrvatski-reprezentativac-nije-ozbiljnije-ozlijeden\\\/\"},\"wordCount\":121,\"publisher\":{\"@id\":\"https:\\\/\\\/radioljubuski.ba\\\/#organization\"},\"image\":{\"@id\":\"https:\\\/\\\/radioljubuski.ba\\\/index.php\\\/2021\\\/05\\\/04\\\/hrvatski-reprezentativac-nije-ozbiljnije-ozlijeden\\\/#primaryimage\"},\"thumbnailUrl\":\"https:\\\/\\\/radioljubuski.ba\\\/wp-content\\\/uploads\\\/2021\\\/05\\\/HN20210225927596.jpg\",\"articleSection\":[\"BIH i regija\"],\"inLanguage\":\"hr\"},{\"@type\":\"WebPage\",\"@id\":\"https:\\\/\\\/radioljubuski.ba\\\/index.php\\\/2021\\\/05\\\/04\\\/hrvatski-reprezentativac-nije-ozbiljnije-ozlijeden\\\/\",\"url\":\"https:\\\/\\\/radioljubuski.ba\\\/index.php\\\/2021\\\/05\\\/04\\\/hrvatski-reprezentativac-nije-ozbiljnije-ozlijeden\\\/\",\"name\":\"Hrvatski reprezentativac nije ozbiljnije ozlije\u0111en - RADIO LJUBU\u0160KI\",\"isPartOf\":{\"@id\":\"https:\\\/\\\/radioljubuski.ba\\\/#website\"},\"primaryImageOfPage\":{\"@id\":\"https:\\\/\\\/radioljubuski.ba\\\/index.php\\\/2021\\\/05\\\/04\\\/hrvatski-reprezentativac-nije-ozbiljnije-ozlijeden\\\/#primaryimage\"},\"image\":{\"@id\":\"https:\\\/\\\/radioljubuski.ba\\\/index.php\\\/2021\\\/05\\\/04\\\/hrvatski-reprezentativac-nije-ozbiljnije-ozlijeden\\\/#primaryimage\"},\"thumbnailUrl\":\"https:\\\/\\\/radioljubuski.ba\\\/wp-content\\\/uploads\\\/2021\\\/05\\\/HN20210225927596.jpg\",\"datePublished\":\"2021-05-04T11:17:34+00:00\",\"dateModified\":\"2021-05-04T11:21:03+00:00\",\"breadcrumb\":{\"@id\":\"https:\\\/\\\/radioljubuski.ba\\\/index.php\\\/2021\\\/05\\\/04\\\/hrvatski-reprezentativac-nije-ozbiljnije-ozlijeden\\\/#breadcrumb\"},\"inLanguage\":\"hr\",\"potentialAction\":[{\"@type\":\"ReadAction\",\"target\":[\"https:\\\/\\\/radioljubuski.ba\\\/index.php\\\/2021\\\/05\\\/04\\\/hrvatski-reprezentativac-nije-ozbiljnije-ozlijeden\\\/\"]}]},{\"@type\":\"ImageObject\",\"inLanguage\":\"hr\",\"@id\":\"https:\\\/\\\/radioljubuski.ba\\\/index.php\\\/2021\\\/05\\\/04\\\/hrvatski-reprezentativac-nije-ozbiljnije-ozlijeden\\\/#primaryimage\",\"url\":\"https:\\\/\\\/radioljubuski.ba\\\/wp-content\\\/uploads\\\/2021\\\/05\\\/HN20210225927596.jpg\",\"contentUrl\":\"https:\\\/\\\/radioljubuski.ba\\\/wp-content\\\/uploads\\\/2021\\\/05\\\/HN20210225927596.jpg\",\"width\":1024,\"height\":683,\"caption\":\"epa09036632 Borna Barisic of Rangers celebrates after scoring the 4-2 lead from the penalty spot during the UEFA Europa League round of 32, second leg soccer match between Glasgow Rangers and Royal Antwerp FC in London, Britain, 25 February 2021. EPA\\\/Ian McNicol \\\/ POOL\"},{\"@type\":\"BreadcrumbList\",\"@id\":\"https:\\\/\\\/radioljubuski.ba\\\/index.php\\\/2021\\\/05\\\/04\\\/hrvatski-reprezentativac-nije-ozbiljnije-ozlijeden\\\/#breadcrumb\",\"itemListElement\":[{\"@type\":\"ListItem\",\"position\":1,\"name\":\"Po\u010detna stranica\",\"item\":\"https:\\\/\\\/radioljubuski.ba\\\/\"},{\"@type\":\"ListItem\",\"position\":2,\"name\":\"Hrvatski reprezentativac nije ozbiljnije ozlije\u0111en\"}]},{\"@type\":\"WebSite\",\"@id\":\"https:\\\/\\\/radioljubuski.ba\\\/#website\",\"url\":\"https:\\\/\\\/radioljubuski.ba\\\/\",\"name\":\"Radio Ljubu\u0161ki\",\"description\":\"Sun\u010dana frekvencija Hercegovine\",\"publisher\":{\"@id\":\"https:\\\/\\\/radioljubuski.ba\\\/#organization\"},\"potentialAction\":[{\"@type\":\"SearchAction\",\"target\":{\"@type\":\"EntryPoint\",\"urlTemplate\":\"https:\\\/\\\/radioljubuski.ba\\\/?s={search_term_string}\"},\"query-input\":{\"@type\":\"PropertyValueSpecification\",\"valueRequired\":true,\"valueName\":\"search_term_string\"}}],\"inLanguage\":\"hr\"},{\"@type\":\"Organization\",\"@id\":\"https:\\\/\\\/radioljubuski.ba\\\/#organization\",\"name\":\"Radio Ljubu\u0161ki\",\"url\":\"https:\\\/\\\/radioljubuski.ba\\\/\",\"logo\":{\"@type\":\"ImageObject\",\"inLanguage\":\"hr\",\"@id\":\"https:\\\/\\\/radioljubuski.ba\\\/#\\\/schema\\\/logo\\\/image\\\/\",\"url\":\"https:\\\/\\\/radioljubuski.ba\\\/wp-content\\\/uploads\\\/2021\\\/02\\\/cropped-Radio_Ljubuski_logo1.jpg\",\"contentUrl\":\"https:\\\/\\\/radioljubuski.ba\\\/wp-content\\\/uploads\\\/2021\\\/02\\\/cropped-Radio_Ljubuski_logo1.jpg\",\"width\":512,\"height\":512,\"caption\":\"Radio Ljubu\u0161ki\"},\"image\":{\"@id\":\"https:\\\/\\\/radioljubuski.ba\\\/#\\\/schema\\\/logo\\\/image\\\/\"},\"sameAs\":[\"https:\\\/\\\/www.facebook.com\\\/Radiio-Ljubuski-1490835324566332\",\"https:\\\/\\\/x.com\\\/radioljubuski\",\"https:\\\/\\\/hr.linkedin.com\\\/company\\\/radio-ljubuski\",\"https:\\\/\\\/www.youtube.com\\\/channel\\\/UCHYaeO_n0Db3tjNGudGpXyw\"]},{\"@type\":\"Person\",\"@id\":\"https:\\\/\\\/radioljubuski.ba\\\/#\\\/schema\\\/person\\\/19fc700381a780f69665d7956c469e3b\",\"name\":\"Radio Ljubu\u0161ki\"}]}<\/script>\n<!-- \/ Yoast SEO plugin. -->","yoast_head_json":{"title":"Hrvatski reprezentativac nije ozbiljnije ozlije\u0111en - RADIO LJUBU\u0160KI","robots":{"index":"index","follow":"follow","max-snippet":"max-snippet:-1","max-image-preview":"max-image-preview:large","max-video-preview":"max-video-preview:-1"},"canonical":"https:\/\/radioljubuski.ba\/index.php\/2021\/05\/04\/hrvatski-reprezentativac-nije-ozbiljnije-ozlijeden\/","og_locale":"hr_HR","og_type":"article","og_title":"Hrvatski reprezentativac nije ozbiljnije ozlije\u0111en - RADIO LJUBU\u0160KI","og_description":"U najve\u0107em derbiju \u0161kotskog nogometa Rangers je u nedjelju na stadionu Ibrox pobijedio Celtic sa 4-1 pri \u010demu je za tre\u0107i gol doma\u0107ina asistirao hrvatski reprezentativac Borna Bari\u0161i\u0107. U drugom poluvremenu hrvatski lijevi bek morao je napustiti igru zbog ozljede, ali ne radi se te\u017eoj ozljedi, potvrdili su pregledi. U ponedjaljak je obavio pregled magnetskom [&hellip;]","og_url":"https:\/\/radioljubuski.ba\/index.php\/2021\/05\/04\/hrvatski-reprezentativac-nije-ozbiljnije-ozlijeden\/","og_site_name":"RADIO LJUBU\u0160KI","article_publisher":"https:\/\/www.facebook.com\/Radiio-Ljubuski-1490835324566332","article_published_time":"2021-05-04T11:17:34+00:00","article_modified_time":"2021-05-04T11:21:03+00:00","og_image":[{"width":1024,"height":683,"url":"https:\/\/radioljubuski.ba\/wp-content\/uploads\/2021\/05\/HN20210225927596.jpg","type":"image\/jpeg"}],"author":"Radio Ljubu\u0161ki","twitter_card":"summary_large_image","twitter_creator":"@radioljubuski","twitter_site":"@radioljubuski","twitter_misc":{"Napisao\/la":"Radio Ljubu\u0161ki","Procijenjeno vrijeme \u010ditanja":"1 minuta"},"schema":{"@context":"https:\/\/schema.org","@graph":[{"@type":"Article","@id":"https:\/\/radioljubuski.ba\/index.php\/2021\/05\/04\/hrvatski-reprezentativac-nije-ozbiljnije-ozlijeden\/#article","isPartOf":{"@id":"https:\/\/radioljubuski.ba\/index.php\/2021\/05\/04\/hrvatski-reprezentativac-nije-ozbiljnije-ozlijeden\/"},"author":{"name":"Radio Ljubu\u0161ki","@id":"https:\/\/radioljubuski.ba\/#\/schema\/person\/19fc700381a780f69665d7956c469e3b"},"headline":"Hrvatski reprezentativac nije ozbiljnije ozlije\u0111en","datePublished":"2021-05-04T11:17:34+00:00","dateModified":"2021-05-04T11:21:03+00:00","mainEntityOfPage":{"@id":"https:\/\/radioljubuski.ba\/index.php\/2021\/05\/04\/hrvatski-reprezentativac-nije-ozbiljnije-ozlijeden\/"},"wordCount":121,"publisher":{"@id":"https:\/\/radioljubuski.ba\/#organization"},"image":{"@id":"https:\/\/radioljubuski.ba\/index.php\/2021\/05\/04\/hrvatski-reprezentativac-nije-ozbiljnije-ozlijeden\/#primaryimage"},"thumbnailUrl":"https:\/\/radioljubuski.ba\/wp-content\/uploads\/2021\/05\/HN20210225927596.jpg","articleSection":["BIH i regija"],"inLanguage":"hr"},{"@type":"WebPage","@id":"https:\/\/radioljubuski.ba\/index.php\/2021\/05\/04\/hrvatski-reprezentativac-nije-ozbiljnije-ozlijeden\/","url":"https:\/\/radioljubuski.ba\/index.php\/2021\/05\/04\/hrvatski-reprezentativac-nije-ozbiljnije-ozlijeden\/","name":"Hrvatski reprezentativac nije ozbiljnije ozlije\u0111en - RADIO LJUBU\u0160KI","isPartOf":{"@id":"https:\/\/radioljubuski.ba\/#website"},"primaryImageOfPage":{"@id":"https:\/\/radioljubuski.ba\/index.php\/2021\/05\/04\/hrvatski-reprezentativac-nije-ozbiljnije-ozlijeden\/#primaryimage"},"image":{"@id":"https:\/\/radioljubuski.ba\/index.php\/2021\/05\/04\/hrvatski-reprezentativac-nije-ozbiljnije-ozlijeden\/#primaryimage"},"thumbnailUrl":"https:\/\/radioljubuski.ba\/wp-content\/uploads\/2021\/05\/HN20210225927596.jpg","datePublished":"2021-05-04T11:17:34+00:00","dateModified":"2021-05-04T11:21:03+00:00","breadcrumb":{"@id":"https:\/\/radioljubuski.ba\/index.php\/2021\/05\/04\/hrvatski-reprezentativac-nije-ozbiljnije-ozlijeden\/#breadcrumb"},"inLanguage":"hr","potentialAction":[{"@type":"ReadAction","target":["https:\/\/radioljubuski.ba\/index.php\/2021\/05\/04\/hrvatski-reprezentativac-nije-ozbiljnije-ozlijeden\/"]}]},{"@type":"ImageObject","inLanguage":"hr","@id":"https:\/\/radioljubuski.ba\/index.php\/2021\/05\/04\/hrvatski-reprezentativac-nije-ozbiljnije-ozlijeden\/#primaryimage","url":"https:\/\/radioljubuski.ba\/wp-content\/uploads\/2021\/05\/HN20210225927596.jpg","contentUrl":"https:\/\/radioljubuski.ba\/wp-content\/uploads\/2021\/05\/HN20210225927596.jpg","width":1024,"height":683,"caption":"epa09036632 Borna Barisic of Rangers celebrates after scoring the 4-2 lead from the penalty spot during the UEFA Europa League round of 32, second leg soccer match between Glasgow Rangers and Royal Antwerp FC in London, Britain, 25 February 2021. EPA\/Ian McNicol \/ POOL"},{"@type":"BreadcrumbList","@id":"https:\/\/radioljubuski.ba\/index.php\/2021\/05\/04\/hrvatski-reprezentativac-nije-ozbiljnije-ozlijeden\/#breadcrumb","itemListElement":[{"@type":"ListItem","position":1,"name":"Po\u010detna stranica","item":"https:\/\/radioljubuski.ba\/"},{"@type":"ListItem","position":2,"name":"Hrvatski reprezentativac nije ozbiljnije ozlije\u0111en"}]},{"@type":"WebSite","@id":"https:\/\/radioljubuski.ba\/#website","url":"https:\/\/radioljubuski.ba\/","name":"Radio Ljubu\u0161ki","description":"Sun\u010dana frekvencija Hercegovine","publisher":{"@id":"https:\/\/radioljubuski.ba\/#organization"},"potentialAction":[{"@type":"SearchAction","target":{"@type":"EntryPoint","urlTemplate":"https:\/\/radioljubuski.ba\/?s={search_term_string}"},"query-input":{"@type":"PropertyValueSpecification","valueRequired":true,"valueName":"search_term_string"}}],"inLanguage":"hr"},{"@type":"Organization","@id":"https:\/\/radioljubuski.ba\/#organization","name":"Radio Ljubu\u0161ki","url":"https:\/\/radioljubuski.ba\/","logo":{"@type":"ImageObject","inLanguage":"hr","@id":"https:\/\/radioljubuski.ba\/#\/schema\/logo\/image\/","url":"https:\/\/radioljubuski.ba\/wp-content\/uploads\/2021\/02\/cropped-Radio_Ljubuski_logo1.jpg","contentUrl":"https:\/\/radioljubuski.ba\/wp-content\/uploads\/2021\/02\/cropped-Radio_Ljubuski_logo1.jpg","width":512,"height":512,"caption":"Radio Ljubu\u0161ki"},"image":{"@id":"https:\/\/radioljubuski.ba\/#\/schema\/logo\/image\/"},"sameAs":["https:\/\/www.facebook.com\/Radiio-Ljubuski-1490835324566332","https:\/\/x.com\/radioljubuski","https:\/\/hr.linkedin.com\/company\/radio-ljubuski","https:\/\/www.youtube.com\/channel\/UCHYaeO_n0Db3tjNGudGpXyw"]},{"@type":"Person","@id":"https:\/\/radioljubuski.ba\/#\/schema\/person\/19fc700381a780f69665d7956c469e3b","name":"Radio Ljubu\u0161ki"}]}},"_links":{"self":[{"href":"https:\/\/radioljubuski.ba\/index.php\/wp-json\/wp\/v2\/posts\/18545","targetHints":{"allow":["GET"]}}],"collection":[{"href":"https:\/\/radioljubuski.ba\/index.php\/wp-json\/wp\/v2\/posts"}],"about":[{"href":"https:\/\/radioljubuski.ba\/index.php\/wp-json\/wp\/v2\/types\/post"}],"author":[{"embeddable":true,"href":"https:\/\/radioljubuski.ba\/index.php\/wp-json\/wp\/v2\/users\/2"}],"replies":[{"embeddable":true,"href":"https:\/\/radioljubuski.ba\/index.php\/wp-json\/wp\/v2\/comments?post=18545"}],"version-history":[{"count":1,"href":"https:\/\/radioljubuski.ba\/index.php\/wp-json\/wp\/v2\/posts\/18545\/revisions"}],"predecessor-version":[{"id":18547,"href":"https:\/\/radioljubuski.ba\/index.php\/wp-json\/wp\/v2\/posts\/18545\/revisions\/18547"}],"wp:featuredmedia":[{"embeddable":true,"href":"https:\/\/radioljubuski.ba\/index.php\/wp-json\/wp\/v2\/media\/18546"}],"wp:attachment":[{"href":"https:\/\/radioljubuski.ba\/index.php\/wp-json\/wp\/v2\/media?parent=18545"}],"wp:term":[{"taxonomy":"category","embeddable":true,"href":"https:\/\/radioljubuski.ba\/index.php\/wp-json\/wp\/v2\/categories?post=18545"},{"taxonomy":"post_tag","embeddable":true,"href":"https:\/\/radioljubuski.ba\/index.php\/wp-json\/wp\/v2\/tags?post=18545"}],"curies":[{"name":"wp","href":"https:\/\/api.w.org\/{rel}","templated":true}]}}