{"id":18560,"date":"2021-05-04T12:30:29","date_gmt":"2021-05-04T11:30:29","guid":{"rendered":"https:\/\/radioljubuski.ba\/?p=18560"},"modified":"2021-05-04T12:30:30","modified_gmt":"2021-05-04T11:30:30","slug":"detalji-tragedije-umrla-trudnica-je-bila-na-respiratoru-dijete-se-rodilo-carskim-rezom","status":"publish","type":"post","link":"https:\/\/radioljubuski.ba\/index.php\/2021\/05\/04\/detalji-tragedije-umrla-trudnica-je-bila-na-respiratoru-dijete-se-rodilo-carskim-rezom\/","title":{"rendered":"Detalji tragedije: Umrla trudnica je bila na respiratoru, dijete se rodilo carskim rezom"},"content":{"rendered":"\n<p>U Vara\u017edinskoj bolnici tijekom no\u0107i je zbog te\u0161ke upale plu\u0107a uzrokovane covidom-19 umrla 32-godi\u0161nja trudnica, no lije\u010dnici su uspjeli poroditi dijete, izvijestio je ravnatelj bolnice Nenad Kudeli\u0107.<\/p>\n\n\n\n<p>&#8220;Rije\u010d je o mladoj \u017eeni od 32 godine, koju smo uspjeli poroditi, ali je zbog komplikacija, odnosno te\u0161ke upale plu\u0107a, preminula&#8221;, rekao je Kudeli\u0107 Hini.<\/p>\n\n\n\n<p>Kako pi\u0161e Jutarnji, umrla \u017eena bila je na respiratoru. Ve\u0107 je neko vrijeme le\u017eala intubirana na Odjelu intenzivne njege Op\u0107e bolnice Vara\u017edin. Kad je do\u0161ao trenutak poroda, lije\u010dnici nisu imali drugog izbora nego poroditi je carskim rezom.<\/p>\n\n\n\n<p>Dijete su spasili, no 32-godi\u0161njakinja je umrla.<\/p>\n\n\n\n<p>Kako javlja HRT, lije\u010dnici su uspjeli spasiti dijete carskim rezom u 32. tjednu trudno\u0107e. Dijete ima 2200 grama i dobrog je zdravstvenog stanja. \u010ceka se nalaz je li pozitivno na koronu.<\/p>\n\n\n\n<p><strong>Porast hospitalizacija<\/strong><\/p>\n\n\n\n<p>Tijekom ovog mjeseca u bolnici je zabilje\u017een linearni porast hospitalizacije osoba zara\u017eenih koronavirusom, a, iako se u posljednjih nekoliko dana brojka ustabilila, klini\u010dke slike bolesnika puno su te\u017ee, kazao je u nastavku razgovora za HRT.<br>Tekst se nastavlja ispod oglasa<\/p>\n\n\n\n<p>Kudeli\u0107 ka\u017ee da je u prethodnom valu pandemije uz dvostruko ve\u0107i broj hospitaliziranih pacijenata, odnosno njih 300, na respiratoru bio manji broj ljudi, najvi\u0161e u jednom trenutku njih 24.<\/p>\n\n\n\n<p>&#8220;U ovom valu broj hospitaliziranih je upola manji, ali bolesnika koji zahtijevaju intenzivno lije\u010denje i respiratore je izme\u0111u 25 i 30&#8221;, istaknuo je Kudeli\u0107<\/p>\n\n\n\n<p>Ranije se ljudima stanje pogor\u0161avalo nakon 10 do 15 dana, a danas je to razdoblje kra\u0107e pa pacijenti zavr\u0161e u bolnici ve\u0107 nakon pat ili \u0161est dana, i to s naglim pogor\u0161anjem.<\/p>\n\n\n\n<p>&#8220;Ti pacijenti vrlo brzo zavr\u0161e na visokim dozama kisika, a nerijetko i na respiratoru. Osim toga, u prija\u0161njem valu statistika je govorila u prilog osoba starije \u017eivotne koje su imale izra\u017eenije komorbiditete, a sad je sve ve\u0107i postotak te\u017ee oboljelih koji nemaju drugih komorbiditeta&#8221;, naglasio je ravnatelj vara\u017edinske bolnice.<\/p>\n\n\n\n<p>Izvor:jutarnji.hr<\/p>\n","protected":false},"excerpt":{"rendered":"<p>U Vara\u017edinskoj bolnici tijekom no\u0107i je zbog te\u0161ke upale plu\u0107a uzrokovane covidom-19 umrla 32-godi\u0161nja trudnica, no lije\u010dnici su uspjeli poroditi dijete, izvijestio je ravnatelj bolnice Nenad Kudeli\u0107. &#8220;Rije\u010d je o mladoj \u017eeni od 32 godine, koju smo uspjeli poroditi, ali je zbog komplikacija, odnosno te\u0161ke upale plu\u0107a, preminula&#8221;, rekao je Kudeli\u0107 Hini. Kako pi\u0161e Jutarnji, [&hellip;]<\/p>\n","protected":false},"author":2,"featured_media":18561,"comment_status":"closed","ping_status":"closed","sticky":false,"template":"","format":"standard","meta":{"h5ap_radio_sources":[],"footnotes":""},"categories":[1],"tags":[],"class_list":["post-18560","post","type-post","status-publish","format-standard","has-post-thumbnail","hentry","category-bihiregija"],"yoast_head":"<!-- This site is optimized with the Yoast SEO plugin v27.5 - https:\/\/yoast.com\/product\/yoast-seo-wordpress\/ -->\n<title>Detalji tragedije: Umrla trudnica je bila na respiratoru, dijete se rodilo carskim rezom - RADIO LJUBU\u0160KI<\/title>\n<meta name=\"robots\" content=\"index, follow, max-snippet:-1, max-image-preview:large, max-video-preview:-1\" \/>\n<link rel=\"canonical\" href=\"https:\/\/radioljubuski.ba\/index.php\/2021\/05\/04\/detalji-tragedije-umrla-trudnica-je-bila-na-respiratoru-dijete-se-rodilo-carskim-rezom\/\" \/>\n<meta property=\"og:locale\" content=\"hr_HR\" \/>\n<meta property=\"og:type\" content=\"article\" \/>\n<meta property=\"og:title\" content=\"Detalji tragedije: Umrla trudnica je bila na respiratoru, dijete se rodilo carskim rezom - RADIO LJUBU\u0160KI\" \/>\n<meta property=\"og:description\" content=\"U Vara\u017edinskoj bolnici tijekom no\u0107i je zbog te\u0161ke upale plu\u0107a uzrokovane covidom-19 umrla 32-godi\u0161nja trudnica, no lije\u010dnici su uspjeli poroditi dijete, izvijestio je ravnatelj bolnice Nenad Kudeli\u0107. &#8220;Rije\u010d je o mladoj \u017eeni od 32 godine, koju smo uspjeli poroditi, ali je zbog komplikacija, odnosno te\u0161ke upale plu\u0107a, preminula&#8221;, rekao je Kudeli\u0107 Hini. Kako pi\u0161e Jutarnji, [&hellip;]\" \/>\n<meta property=\"og:url\" content=\"https:\/\/radioljubuski.ba\/index.php\/2021\/05\/04\/detalji-tragedije-umrla-trudnica-je-bila-na-respiratoru-dijete-se-rodilo-carskim-rezom\/\" \/>\n<meta property=\"og:site_name\" content=\"RADIO LJUBU\u0160KI\" \/>\n<meta property=\"article:publisher\" content=\"https:\/\/www.facebook.com\/Radiio-Ljubuski-1490835324566332\" \/>\n<meta property=\"article:published_time\" content=\"2021-05-04T11:30:29+00:00\" \/>\n<meta property=\"article:modified_time\" content=\"2021-05-04T11:30:30+00:00\" \/>\n<meta property=\"og:image\" content=\"https:\/\/radioljubuski.ba\/wp-content\/uploads\/2021\/05\/k_8336791_640.jpg\" \/>\n\t<meta property=\"og:image:width\" content=\"640\" \/>\n\t<meta property=\"og:image:height\" content=\"640\" \/>\n\t<meta property=\"og:image:type\" content=\"image\/jpeg\" \/>\n<meta name=\"author\" content=\"Radio Ljubu\u0161ki\" \/>\n<meta name=\"twitter:card\" content=\"summary_large_image\" \/>\n<meta name=\"twitter:creator\" content=\"@radioljubuski\" \/>\n<meta name=\"twitter:site\" content=\"@radioljubuski\" \/>\n<meta name=\"twitter:label1\" content=\"Napisao\/la\" \/>\n\t<meta name=\"twitter:data1\" content=\"Radio Ljubu\u0161ki\" \/>\n\t<meta name=\"twitter:label2\" content=\"Procijenjeno vrijeme \u010ditanja\" \/>\n\t<meta name=\"twitter:data2\" content=\"2 minute\" \/>\n<script type=\"application\/ld+json\" class=\"yoast-schema-graph\">{\"@context\":\"https:\\\/\\\/schema.org\",\"@graph\":[{\"@type\":\"Article\",\"@id\":\"https:\\\/\\\/radioljubuski.ba\\\/index.php\\\/2021\\\/05\\\/04\\\/detalji-tragedije-umrla-trudnica-je-bila-na-respiratoru-dijete-se-rodilo-carskim-rezom\\\/#article\",\"isPartOf\":{\"@id\":\"https:\\\/\\\/radioljubuski.ba\\\/index.php\\\/2021\\\/05\\\/04\\\/detalji-tragedije-umrla-trudnica-je-bila-na-respiratoru-dijete-se-rodilo-carskim-rezom\\\/\"},\"author\":{\"name\":\"Radio Ljubu\u0161ki\",\"@id\":\"https:\\\/\\\/radioljubuski.ba\\\/#\\\/schema\\\/person\\\/19fc700381a780f69665d7956c469e3b\"},\"headline\":\"Detalji tragedije: Umrla trudnica je bila na respiratoru, dijete se rodilo carskim rezom\",\"datePublished\":\"2021-05-04T11:30:29+00:00\",\"dateModified\":\"2021-05-04T11:30:30+00:00\",\"mainEntityOfPage\":{\"@id\":\"https:\\\/\\\/radioljubuski.ba\\\/index.php\\\/2021\\\/05\\\/04\\\/detalji-tragedije-umrla-trudnica-je-bila-na-respiratoru-dijete-se-rodilo-carskim-rezom\\\/\"},\"wordCount\":346,\"publisher\":{\"@id\":\"https:\\\/\\\/radioljubuski.ba\\\/#organization\"},\"image\":{\"@id\":\"https:\\\/\\\/radioljubuski.ba\\\/index.php\\\/2021\\\/05\\\/04\\\/detalji-tragedije-umrla-trudnica-je-bila-na-respiratoru-dijete-se-rodilo-carskim-rezom\\\/#primaryimage\"},\"thumbnailUrl\":\"https:\\\/\\\/radioljubuski.ba\\\/wp-content\\\/uploads\\\/2021\\\/05\\\/k_8336791_640.jpg\",\"articleSection\":[\"BIH i regija\"],\"inLanguage\":\"hr\"},{\"@type\":\"WebPage\",\"@id\":\"https:\\\/\\\/radioljubuski.ba\\\/index.php\\\/2021\\\/05\\\/04\\\/detalji-tragedije-umrla-trudnica-je-bila-na-respiratoru-dijete-se-rodilo-carskim-rezom\\\/\",\"url\":\"https:\\\/\\\/radioljubuski.ba\\\/index.php\\\/2021\\\/05\\\/04\\\/detalji-tragedije-umrla-trudnica-je-bila-na-respiratoru-dijete-se-rodilo-carskim-rezom\\\/\",\"name\":\"Detalji tragedije: Umrla trudnica je bila na respiratoru, dijete se rodilo carskim rezom - RADIO LJUBU\u0160KI\",\"isPartOf\":{\"@id\":\"https:\\\/\\\/radioljubuski.ba\\\/#website\"},\"primaryImageOfPage\":{\"@id\":\"https:\\\/\\\/radioljubuski.ba\\\/index.php\\\/2021\\\/05\\\/04\\\/detalji-tragedije-umrla-trudnica-je-bila-na-respiratoru-dijete-se-rodilo-carskim-rezom\\\/#primaryimage\"},\"image\":{\"@id\":\"https:\\\/\\\/radioljubuski.ba\\\/index.php\\\/2021\\\/05\\\/04\\\/detalji-tragedije-umrla-trudnica-je-bila-na-respiratoru-dijete-se-rodilo-carskim-rezom\\\/#primaryimage\"},\"thumbnailUrl\":\"https:\\\/\\\/radioljubuski.ba\\\/wp-content\\\/uploads\\\/2021\\\/05\\\/k_8336791_640.jpg\",\"datePublished\":\"2021-05-04T11:30:29+00:00\",\"dateModified\":\"2021-05-04T11:30:30+00:00\",\"breadcrumb\":{\"@id\":\"https:\\\/\\\/radioljubuski.ba\\\/index.php\\\/2021\\\/05\\\/04\\\/detalji-tragedije-umrla-trudnica-je-bila-na-respiratoru-dijete-se-rodilo-carskim-rezom\\\/#breadcrumb\"},\"inLanguage\":\"hr\",\"potentialAction\":[{\"@type\":\"ReadAction\",\"target\":[\"https:\\\/\\\/radioljubuski.ba\\\/index.php\\\/2021\\\/05\\\/04\\\/detalji-tragedije-umrla-trudnica-je-bila-na-respiratoru-dijete-se-rodilo-carskim-rezom\\\/\"]}]},{\"@type\":\"ImageObject\",\"inLanguage\":\"hr\",\"@id\":\"https:\\\/\\\/radioljubuski.ba\\\/index.php\\\/2021\\\/05\\\/04\\\/detalji-tragedije-umrla-trudnica-je-bila-na-respiratoru-dijete-se-rodilo-carskim-rezom\\\/#primaryimage\",\"url\":\"https:\\\/\\\/radioljubuski.ba\\\/wp-content\\\/uploads\\\/2021\\\/05\\\/k_8336791_640.jpg\",\"contentUrl\":\"https:\\\/\\\/radioljubuski.ba\\\/wp-content\\\/uploads\\\/2021\\\/05\\\/k_8336791_640.jpg\",\"width\":640,\"height\":640},{\"@type\":\"BreadcrumbList\",\"@id\":\"https:\\\/\\\/radioljubuski.ba\\\/index.php\\\/2021\\\/05\\\/04\\\/detalji-tragedije-umrla-trudnica-je-bila-na-respiratoru-dijete-se-rodilo-carskim-rezom\\\/#breadcrumb\",\"itemListElement\":[{\"@type\":\"ListItem\",\"position\":1,\"name\":\"Po\u010detna stranica\",\"item\":\"https:\\\/\\\/radioljubuski.ba\\\/\"},{\"@type\":\"ListItem\",\"position\":2,\"name\":\"Detalji tragedije: Umrla trudnica je bila na respiratoru, dijete se rodilo carskim rezom\"}]},{\"@type\":\"WebSite\",\"@id\":\"https:\\\/\\\/radioljubuski.ba\\\/#website\",\"url\":\"https:\\\/\\\/radioljubuski.ba\\\/\",\"name\":\"Radio Ljubu\u0161ki\",\"description\":\"Sun\u010dana frekvencija Hercegovine\",\"publisher\":{\"@id\":\"https:\\\/\\\/radioljubuski.ba\\\/#organization\"},\"potentialAction\":[{\"@type\":\"SearchAction\",\"target\":{\"@type\":\"EntryPoint\",\"urlTemplate\":\"https:\\\/\\\/radioljubuski.ba\\\/?s={search_term_string}\"},\"query-input\":{\"@type\":\"PropertyValueSpecification\",\"valueRequired\":true,\"valueName\":\"search_term_string\"}}],\"inLanguage\":\"hr\"},{\"@type\":\"Organization\",\"@id\":\"https:\\\/\\\/radioljubuski.ba\\\/#organization\",\"name\":\"Radio Ljubu\u0161ki\",\"url\":\"https:\\\/\\\/radioljubuski.ba\\\/\",\"logo\":{\"@type\":\"ImageObject\",\"inLanguage\":\"hr\",\"@id\":\"https:\\\/\\\/radioljubuski.ba\\\/#\\\/schema\\\/logo\\\/image\\\/\",\"url\":\"https:\\\/\\\/radioljubuski.ba\\\/wp-content\\\/uploads\\\/2021\\\/02\\\/cropped-Radio_Ljubuski_logo1.jpg\",\"contentUrl\":\"https:\\\/\\\/radioljubuski.ba\\\/wp-content\\\/uploads\\\/2021\\\/02\\\/cropped-Radio_Ljubuski_logo1.jpg\",\"width\":512,\"height\":512,\"caption\":\"Radio Ljubu\u0161ki\"},\"image\":{\"@id\":\"https:\\\/\\\/radioljubuski.ba\\\/#\\\/schema\\\/logo\\\/image\\\/\"},\"sameAs\":[\"https:\\\/\\\/www.facebook.com\\\/Radiio-Ljubuski-1490835324566332\",\"https:\\\/\\\/x.com\\\/radioljubuski\",\"https:\\\/\\\/hr.linkedin.com\\\/company\\\/radio-ljubuski\",\"https:\\\/\\\/www.youtube.com\\\/channel\\\/UCHYaeO_n0Db3tjNGudGpXyw\"]},{\"@type\":\"Person\",\"@id\":\"https:\\\/\\\/radioljubuski.ba\\\/#\\\/schema\\\/person\\\/19fc700381a780f69665d7956c469e3b\",\"name\":\"Radio Ljubu\u0161ki\"}]}<\/script>\n<!-- \/ Yoast SEO plugin. -->","yoast_head_json":{"title":"Detalji tragedije: Umrla trudnica je bila na respiratoru, dijete se rodilo carskim rezom - RADIO LJUBU\u0160KI","robots":{"index":"index","follow":"follow","max-snippet":"max-snippet:-1","max-image-preview":"max-image-preview:large","max-video-preview":"max-video-preview:-1"},"canonical":"https:\/\/radioljubuski.ba\/index.php\/2021\/05\/04\/detalji-tragedije-umrla-trudnica-je-bila-na-respiratoru-dijete-se-rodilo-carskim-rezom\/","og_locale":"hr_HR","og_type":"article","og_title":"Detalji tragedije: Umrla trudnica je bila na respiratoru, dijete se rodilo carskim rezom - RADIO LJUBU\u0160KI","og_description":"U Vara\u017edinskoj bolnici tijekom no\u0107i je zbog te\u0161ke upale plu\u0107a uzrokovane covidom-19 umrla 32-godi\u0161nja trudnica, no lije\u010dnici su uspjeli poroditi dijete, izvijestio je ravnatelj bolnice Nenad Kudeli\u0107. &#8220;Rije\u010d je o mladoj \u017eeni od 32 godine, koju smo uspjeli poroditi, ali je zbog komplikacija, odnosno te\u0161ke upale plu\u0107a, preminula&#8221;, rekao je Kudeli\u0107 Hini. Kako pi\u0161e Jutarnji, [&hellip;]","og_url":"https:\/\/radioljubuski.ba\/index.php\/2021\/05\/04\/detalji-tragedije-umrla-trudnica-je-bila-na-respiratoru-dijete-se-rodilo-carskim-rezom\/","og_site_name":"RADIO LJUBU\u0160KI","article_publisher":"https:\/\/www.facebook.com\/Radiio-Ljubuski-1490835324566332","article_published_time":"2021-05-04T11:30:29+00:00","article_modified_time":"2021-05-04T11:30:30+00:00","og_image":[{"width":640,"height":640,"url":"https:\/\/radioljubuski.ba\/wp-content\/uploads\/2021\/05\/k_8336791_640.jpg","type":"image\/jpeg"}],"author":"Radio Ljubu\u0161ki","twitter_card":"summary_large_image","twitter_creator":"@radioljubuski","twitter_site":"@radioljubuski","twitter_misc":{"Napisao\/la":"Radio Ljubu\u0161ki","Procijenjeno vrijeme \u010ditanja":"2 minute"},"schema":{"@context":"https:\/\/schema.org","@graph":[{"@type":"Article","@id":"https:\/\/radioljubuski.ba\/index.php\/2021\/05\/04\/detalji-tragedije-umrla-trudnica-je-bila-na-respiratoru-dijete-se-rodilo-carskim-rezom\/#article","isPartOf":{"@id":"https:\/\/radioljubuski.ba\/index.php\/2021\/05\/04\/detalji-tragedije-umrla-trudnica-je-bila-na-respiratoru-dijete-se-rodilo-carskim-rezom\/"},"author":{"name":"Radio Ljubu\u0161ki","@id":"https:\/\/radioljubuski.ba\/#\/schema\/person\/19fc700381a780f69665d7956c469e3b"},"headline":"Detalji tragedije: Umrla trudnica je bila na respiratoru, dijete se rodilo carskim rezom","datePublished":"2021-05-04T11:30:29+00:00","dateModified":"2021-05-04T11:30:30+00:00","mainEntityOfPage":{"@id":"https:\/\/radioljubuski.ba\/index.php\/2021\/05\/04\/detalji-tragedije-umrla-trudnica-je-bila-na-respiratoru-dijete-se-rodilo-carskim-rezom\/"},"wordCount":346,"publisher":{"@id":"https:\/\/radioljubuski.ba\/#organization"},"image":{"@id":"https:\/\/radioljubuski.ba\/index.php\/2021\/05\/04\/detalji-tragedije-umrla-trudnica-je-bila-na-respiratoru-dijete-se-rodilo-carskim-rezom\/#primaryimage"},"thumbnailUrl":"https:\/\/radioljubuski.ba\/wp-content\/uploads\/2021\/05\/k_8336791_640.jpg","articleSection":["BIH i regija"],"inLanguage":"hr"},{"@type":"WebPage","@id":"https:\/\/radioljubuski.ba\/index.php\/2021\/05\/04\/detalji-tragedije-umrla-trudnica-je-bila-na-respiratoru-dijete-se-rodilo-carskim-rezom\/","url":"https:\/\/radioljubuski.ba\/index.php\/2021\/05\/04\/detalji-tragedije-umrla-trudnica-je-bila-na-respiratoru-dijete-se-rodilo-carskim-rezom\/","name":"Detalji tragedije: Umrla trudnica je bila na respiratoru, dijete se rodilo carskim rezom - RADIO LJUBU\u0160KI","isPartOf":{"@id":"https:\/\/radioljubuski.ba\/#website"},"primaryImageOfPage":{"@id":"https:\/\/radioljubuski.ba\/index.php\/2021\/05\/04\/detalji-tragedije-umrla-trudnica-je-bila-na-respiratoru-dijete-se-rodilo-carskim-rezom\/#primaryimage"},"image":{"@id":"https:\/\/radioljubuski.ba\/index.php\/2021\/05\/04\/detalji-tragedije-umrla-trudnica-je-bila-na-respiratoru-dijete-se-rodilo-carskim-rezom\/#primaryimage"},"thumbnailUrl":"https:\/\/radioljubuski.ba\/wp-content\/uploads\/2021\/05\/k_8336791_640.jpg","datePublished":"2021-05-04T11:30:29+00:00","dateModified":"2021-05-04T11:30:30+00:00","breadcrumb":{"@id":"https:\/\/radioljubuski.ba\/index.php\/2021\/05\/04\/detalji-tragedije-umrla-trudnica-je-bila-na-respiratoru-dijete-se-rodilo-carskim-rezom\/#breadcrumb"},"inLanguage":"hr","potentialAction":[{"@type":"ReadAction","target":["https:\/\/radioljubuski.ba\/index.php\/2021\/05\/04\/detalji-tragedije-umrla-trudnica-je-bila-na-respiratoru-dijete-se-rodilo-carskim-rezom\/"]}]},{"@type":"ImageObject","inLanguage":"hr","@id":"https:\/\/radioljubuski.ba\/index.php\/2021\/05\/04\/detalji-tragedije-umrla-trudnica-je-bila-na-respiratoru-dijete-se-rodilo-carskim-rezom\/#primaryimage","url":"https:\/\/radioljubuski.ba\/wp-content\/uploads\/2021\/05\/k_8336791_640.jpg","contentUrl":"https:\/\/radioljubuski.ba\/wp-content\/uploads\/2021\/05\/k_8336791_640.jpg","width":640,"height":640},{"@type":"BreadcrumbList","@id":"https:\/\/radioljubuski.ba\/index.php\/2021\/05\/04\/detalji-tragedije-umrla-trudnica-je-bila-na-respiratoru-dijete-se-rodilo-carskim-rezom\/#breadcrumb","itemListElement":[{"@type":"ListItem","position":1,"name":"Po\u010detna stranica","item":"https:\/\/radioljubuski.ba\/"},{"@type":"ListItem","position":2,"name":"Detalji tragedije: Umrla trudnica je bila na respiratoru, dijete se rodilo carskim rezom"}]},{"@type":"WebSite","@id":"https:\/\/radioljubuski.ba\/#website","url":"https:\/\/radioljubuski.ba\/","name":"Radio Ljubu\u0161ki","description":"Sun\u010dana frekvencija Hercegovine","publisher":{"@id":"https:\/\/radioljubuski.ba\/#organization"},"potentialAction":[{"@type":"SearchAction","target":{"@type":"EntryPoint","urlTemplate":"https:\/\/radioljubuski.ba\/?s={search_term_string}"},"query-input":{"@type":"PropertyValueSpecification","valueRequired":true,"valueName":"search_term_string"}}],"inLanguage":"hr"},{"@type":"Organization","@id":"https:\/\/radioljubuski.ba\/#organization","name":"Radio Ljubu\u0161ki","url":"https:\/\/radioljubuski.ba\/","logo":{"@type":"ImageObject","inLanguage":"hr","@id":"https:\/\/radioljubuski.ba\/#\/schema\/logo\/image\/","url":"https:\/\/radioljubuski.ba\/wp-content\/uploads\/2021\/02\/cropped-Radio_Ljubuski_logo1.jpg","contentUrl":"https:\/\/radioljubuski.ba\/wp-content\/uploads\/2021\/02\/cropped-Radio_Ljubuski_logo1.jpg","width":512,"height":512,"caption":"Radio Ljubu\u0161ki"},"image":{"@id":"https:\/\/radioljubuski.ba\/#\/schema\/logo\/image\/"},"sameAs":["https:\/\/www.facebook.com\/Radiio-Ljubuski-1490835324566332","https:\/\/x.com\/radioljubuski","https:\/\/hr.linkedin.com\/company\/radio-ljubuski","https:\/\/www.youtube.com\/channel\/UCHYaeO_n0Db3tjNGudGpXyw"]},{"@type":"Person","@id":"https:\/\/radioljubuski.ba\/#\/schema\/person\/19fc700381a780f69665d7956c469e3b","name":"Radio Ljubu\u0161ki"}]}},"_links":{"self":[{"href":"https:\/\/radioljubuski.ba\/index.php\/wp-json\/wp\/v2\/posts\/18560","targetHints":{"allow":["GET"]}}],"collection":[{"href":"https:\/\/radioljubuski.ba\/index.php\/wp-json\/wp\/v2\/posts"}],"about":[{"href":"https:\/\/radioljubuski.ba\/index.php\/wp-json\/wp\/v2\/types\/post"}],"author":[{"embeddable":true,"href":"https:\/\/radioljubuski.ba\/index.php\/wp-json\/wp\/v2\/users\/2"}],"replies":[{"embeddable":true,"href":"https:\/\/radioljubuski.ba\/index.php\/wp-json\/wp\/v2\/comments?post=18560"}],"version-history":[{"count":1,"href":"https:\/\/radioljubuski.ba\/index.php\/wp-json\/wp\/v2\/posts\/18560\/revisions"}],"predecessor-version":[{"id":18562,"href":"https:\/\/radioljubuski.ba\/index.php\/wp-json\/wp\/v2\/posts\/18560\/revisions\/18562"}],"wp:featuredmedia":[{"embeddable":true,"href":"https:\/\/radioljubuski.ba\/index.php\/wp-json\/wp\/v2\/media\/18561"}],"wp:attachment":[{"href":"https:\/\/radioljubuski.ba\/index.php\/wp-json\/wp\/v2\/media?parent=18560"}],"wp:term":[{"taxonomy":"category","embeddable":true,"href":"https:\/\/radioljubuski.ba\/index.php\/wp-json\/wp\/v2\/categories?post=18560"},{"taxonomy":"post_tag","embeddable":true,"href":"https:\/\/radioljubuski.ba\/index.php\/wp-json\/wp\/v2\/tags?post=18560"}],"curies":[{"name":"wp","href":"https:\/\/api.w.org\/{rel}","templated":true}]}}