{"id":186010,"date":"2022-11-19T21:49:54","date_gmt":"2022-11-19T20:49:54","guid":{"rendered":"https:\/\/radioljubuski.ba\/?p=186010"},"modified":"2022-11-21T08:29:52","modified_gmt":"2022-11-21T07:29:52","slug":"humanitarna-akcija-frame-veljaci","status":"publish","type":"post","link":"https:\/\/radioljubuski.ba\/index.php\/2022\/11\/19\/humanitarna-akcija-frame-veljaci\/","title":{"rendered":"Humanitarna akcija Frame Veljaci"},"content":{"rendered":"\n<p>Frama \u017eupe Veljaci uputila je poziv svojim \u017eupljanima u kojem najavljuju prigodnu prodaju adventskih vijenaca u nedjelju 20.11. nakon svetih misa u 11:00 h i u 17:00 h ispred \u017eupne Crkve u Veljacima. Vijence su vrijedno radili uz pomo\u0107&nbsp; tre\u0107ara.&nbsp;<\/p>\n\n\n\n<p>Prodaja \u0107e biti organizirana i u ponedjeljak 21.11. na blagdan Gospe od Zdravlja iza ve\u010dernje sv. mise koja je u 17:00 h.<\/p>\n\n\n\n<p>&#8220;Ako netko sad ne kupi, imat \u0107e opet priliku i idu\u0107u nedjelju, ujedno i prvu nedjelju Do\u0161a\u0161\u0107a ispred \u017eupne crkve i na filijalnim crkvama.&#8221; poru\u010duju.<\/p>\n\n\n\n<p>Sav skupljeni prilog ide za siroma\u0161ne i potrebite u \u017dupi Veljaci.<\/p>\n\n\n\n<p>&nbsp;Unaprijed Vam se zahvaljujemo!<\/p>\n\n\n\n<p>&nbsp;Va\u0161a Frama i OFS Veljaci<\/p>\n\n\n\n<p>Vidimo se! Mir i dobro!<\/p>\n\n\n\n<figure class=\"wp-block-gallery has-nested-images columns-default is-cropped wp-block-gallery-1 is-layout-flex wp-block-gallery-is-layout-flex\">\n<figure class=\"wp-block-image size-large\"><img loading=\"lazy\" decoding=\"async\" width=\"819\" height=\"1024\" data-id=\"186014\" src=\"https:\/\/radioljubuski.ba\/wp-content\/uploads\/2022\/11\/316136700_501833551986117_915447433682850260_n-1-819x1024.jpg\" alt=\"\" class=\"wp-image-186014\" srcset=\"https:\/\/radioljubuski.ba\/wp-content\/uploads\/2022\/11\/316136700_501833551986117_915447433682850260_n-1-819x1024.jpg 819w, https:\/\/radioljubuski.ba\/wp-content\/uploads\/2022\/11\/316136700_501833551986117_915447433682850260_n-1-240x300.jpg 240w, https:\/\/radioljubuski.ba\/wp-content\/uploads\/2022\/11\/316136700_501833551986117_915447433682850260_n-1-768x960.jpg 768w, https:\/\/radioljubuski.ba\/wp-content\/uploads\/2022\/11\/316136700_501833551986117_915447433682850260_n-1-1229x1536.jpg 1229w, https:\/\/radioljubuski.ba\/wp-content\/uploads\/2022\/11\/316136700_501833551986117_915447433682850260_n-1-10x12.jpg 10w, https:\/\/radioljubuski.ba\/wp-content\/uploads\/2022\/11\/316136700_501833551986117_915447433682850260_n-1.jpg 1440w\" sizes=\"auto, (max-width: 819px) 100vw, 819px\" \/><\/figure>\n\n\n\n<figure class=\"wp-block-image size-large\"><img loading=\"lazy\" decoding=\"async\" width=\"819\" height=\"1024\" data-id=\"186015\" src=\"https:\/\/radioljubuski.ba\/wp-content\/uploads\/2022\/11\/316275706_501833345319471_9044873233002783236_n-1-819x1024.jpg\" alt=\"\" class=\"wp-image-186015\" srcset=\"https:\/\/radioljubuski.ba\/wp-content\/uploads\/2022\/11\/316275706_501833345319471_9044873233002783236_n-1-819x1024.jpg 819w, https:\/\/radioljubuski.ba\/wp-content\/uploads\/2022\/11\/316275706_501833345319471_9044873233002783236_n-1-240x300.jpg 240w, https:\/\/radioljubuski.ba\/wp-content\/uploads\/2022\/11\/316275706_501833345319471_9044873233002783236_n-1-768x960.jpg 768w, https:\/\/radioljubuski.ba\/wp-content\/uploads\/2022\/11\/316275706_501833345319471_9044873233002783236_n-1-1229x1536.jpg 1229w, https:\/\/radioljubuski.ba\/wp-content\/uploads\/2022\/11\/316275706_501833345319471_9044873233002783236_n-1-10x12.jpg 10w, https:\/\/radioljubuski.ba\/wp-content\/uploads\/2022\/11\/316275706_501833345319471_9044873233002783236_n-1.jpg 1440w\" sizes=\"auto, (max-width: 819px) 100vw, 819px\" \/><\/figure>\n<\/figure>\n\n\n\n<p>Radio Ljubu\u0161ki<\/p>\n","protected":false},"excerpt":{"rendered":"<p>Frama \u017eupe Veljaci uputila je poziv svojim \u017eupljanima u kojem najavljuju prigodnu prodaju adventskih vijenaca u nedjelju 20.11. nakon svetih misa u 11:00 h i u 17:00 h ispred \u017eupne Crkve u Veljacima. Vijence su vrijedno radili uz pomo\u0107&nbsp; tre\u0107ara.&nbsp; Prodaja \u0107e biti organizirana i u ponedjeljak 21.11. na blagdan Gospe od Zdravlja iza ve\u010dernje [&hellip;]<\/p>\n","protected":false},"author":2,"featured_media":186013,"comment_status":"closed","ping_status":"closed","sticky":false,"template":"","format":"standard","meta":{"h5ap_radio_sources":[],"footnotes":""},"categories":[1],"tags":[],"class_list":["post-186010","post","type-post","status-publish","format-standard","has-post-thumbnail","hentry","category-bihiregija"],"yoast_head":"<!-- This site is optimized with the Yoast SEO plugin v27.4 - https:\/\/yoast.com\/product\/yoast-seo-wordpress\/ -->\n<title>Humanitarna akcija Frame Veljaci - RADIO LJUBU\u0160KI<\/title>\n<meta name=\"robots\" content=\"index, follow, max-snippet:-1, max-image-preview:large, max-video-preview:-1\" \/>\n<link rel=\"canonical\" href=\"https:\/\/radioljubuski.ba\/index.php\/2022\/11\/19\/humanitarna-akcija-frame-veljaci\/\" \/>\n<meta property=\"og:locale\" content=\"hr_HR\" \/>\n<meta property=\"og:type\" content=\"article\" \/>\n<meta property=\"og:title\" content=\"Humanitarna akcija Frame Veljaci - RADIO LJUBU\u0160KI\" \/>\n<meta property=\"og:description\" content=\"Frama \u017eupe Veljaci uputila je poziv svojim \u017eupljanima u kojem najavljuju prigodnu prodaju adventskih vijenaca u nedjelju 20.11. nakon svetih misa u 11:00 h i u 17:00 h ispred \u017eupne Crkve u Veljacima. Vijence su vrijedno radili uz pomo\u0107&nbsp; tre\u0107ara.&nbsp; Prodaja \u0107e biti organizirana i u ponedjeljak 21.11. na blagdan Gospe od Zdravlja iza ve\u010dernje [&hellip;]\" \/>\n<meta property=\"og:url\" content=\"https:\/\/radioljubuski.ba\/index.php\/2022\/11\/19\/humanitarna-akcija-frame-veljaci\/\" \/>\n<meta property=\"og:site_name\" content=\"RADIO LJUBU\u0160KI\" \/>\n<meta property=\"article:publisher\" content=\"https:\/\/www.facebook.com\/Radiio-Ljubuski-1490835324566332\" \/>\n<meta property=\"article:published_time\" content=\"2022-11-19T20:49:54+00:00\" \/>\n<meta property=\"article:modified_time\" content=\"2022-11-21T07:29:52+00:00\" \/>\n<meta property=\"og:image\" content=\"https:\/\/radioljubuski.ba\/wp-content\/uploads\/2022\/11\/316131953_501646118671527_927895791936532811_n.jpg\" \/>\n\t<meta property=\"og:image:width\" content=\"768\" \/>\n\t<meta property=\"og:image:height\" content=\"960\" \/>\n\t<meta property=\"og:image:type\" content=\"image\/jpeg\" \/>\n<meta name=\"author\" content=\"Radio Ljubu\u0161ki\" \/>\n<meta name=\"twitter:card\" content=\"summary_large_image\" \/>\n<meta name=\"twitter:creator\" content=\"@radioljubuski\" \/>\n<meta name=\"twitter:site\" content=\"@radioljubuski\" \/>\n<meta name=\"twitter:label1\" content=\"Napisao\/la\" \/>\n\t<meta name=\"twitter:data1\" content=\"Radio Ljubu\u0161ki\" \/>\n\t<meta name=\"twitter:label2\" content=\"Procijenjeno vrijeme \u010ditanja\" \/>\n\t<meta name=\"twitter:data2\" content=\"1 minuta\" \/>\n<script type=\"application\/ld+json\" class=\"yoast-schema-graph\">{\"@context\":\"https:\\\/\\\/schema.org\",\"@graph\":[{\"@type\":\"Article\",\"@id\":\"https:\\\/\\\/radioljubuski.ba\\\/index.php\\\/2022\\\/11\\\/19\\\/humanitarna-akcija-frame-veljaci\\\/#article\",\"isPartOf\":{\"@id\":\"https:\\\/\\\/radioljubuski.ba\\\/index.php\\\/2022\\\/11\\\/19\\\/humanitarna-akcija-frame-veljaci\\\/\"},\"author\":{\"name\":\"Radio Ljubu\u0161ki\",\"@id\":\"https:\\\/\\\/radioljubuski.ba\\\/#\\\/schema\\\/person\\\/19fc700381a780f69665d7956c469e3b\"},\"headline\":\"Humanitarna akcija Frame Veljaci\",\"datePublished\":\"2022-11-19T20:49:54+00:00\",\"dateModified\":\"2022-11-21T07:29:52+00:00\",\"mainEntityOfPage\":{\"@id\":\"https:\\\/\\\/radioljubuski.ba\\\/index.php\\\/2022\\\/11\\\/19\\\/humanitarna-akcija-frame-veljaci\\\/\"},\"wordCount\":126,\"publisher\":{\"@id\":\"https:\\\/\\\/radioljubuski.ba\\\/#organization\"},\"image\":{\"@id\":\"https:\\\/\\\/radioljubuski.ba\\\/index.php\\\/2022\\\/11\\\/19\\\/humanitarna-akcija-frame-veljaci\\\/#primaryimage\"},\"thumbnailUrl\":\"https:\\\/\\\/radioljubuski.ba\\\/wp-content\\\/uploads\\\/2022\\\/11\\\/316131953_501646118671527_927895791936532811_n.jpg\",\"articleSection\":[\"BIH i regija\"],\"inLanguage\":\"hr\"},{\"@type\":\"WebPage\",\"@id\":\"https:\\\/\\\/radioljubuski.ba\\\/index.php\\\/2022\\\/11\\\/19\\\/humanitarna-akcija-frame-veljaci\\\/\",\"url\":\"https:\\\/\\\/radioljubuski.ba\\\/index.php\\\/2022\\\/11\\\/19\\\/humanitarna-akcija-frame-veljaci\\\/\",\"name\":\"Humanitarna akcija Frame Veljaci - RADIO LJUBU\u0160KI\",\"isPartOf\":{\"@id\":\"https:\\\/\\\/radioljubuski.ba\\\/#website\"},\"primaryImageOfPage\":{\"@id\":\"https:\\\/\\\/radioljubuski.ba\\\/index.php\\\/2022\\\/11\\\/19\\\/humanitarna-akcija-frame-veljaci\\\/#primaryimage\"},\"image\":{\"@id\":\"https:\\\/\\\/radioljubuski.ba\\\/index.php\\\/2022\\\/11\\\/19\\\/humanitarna-akcija-frame-veljaci\\\/#primaryimage\"},\"thumbnailUrl\":\"https:\\\/\\\/radioljubuski.ba\\\/wp-content\\\/uploads\\\/2022\\\/11\\\/316131953_501646118671527_927895791936532811_n.jpg\",\"datePublished\":\"2022-11-19T20:49:54+00:00\",\"dateModified\":\"2022-11-21T07:29:52+00:00\",\"breadcrumb\":{\"@id\":\"https:\\\/\\\/radioljubuski.ba\\\/index.php\\\/2022\\\/11\\\/19\\\/humanitarna-akcija-frame-veljaci\\\/#breadcrumb\"},\"inLanguage\":\"hr\",\"potentialAction\":[{\"@type\":\"ReadAction\",\"target\":[\"https:\\\/\\\/radioljubuski.ba\\\/index.php\\\/2022\\\/11\\\/19\\\/humanitarna-akcija-frame-veljaci\\\/\"]}]},{\"@type\":\"ImageObject\",\"inLanguage\":\"hr\",\"@id\":\"https:\\\/\\\/radioljubuski.ba\\\/index.php\\\/2022\\\/11\\\/19\\\/humanitarna-akcija-frame-veljaci\\\/#primaryimage\",\"url\":\"https:\\\/\\\/radioljubuski.ba\\\/wp-content\\\/uploads\\\/2022\\\/11\\\/316131953_501646118671527_927895791936532811_n.jpg\",\"contentUrl\":\"https:\\\/\\\/radioljubuski.ba\\\/wp-content\\\/uploads\\\/2022\\\/11\\\/316131953_501646118671527_927895791936532811_n.jpg\",\"width\":768,\"height\":960},{\"@type\":\"BreadcrumbList\",\"@id\":\"https:\\\/\\\/radioljubuski.ba\\\/index.php\\\/2022\\\/11\\\/19\\\/humanitarna-akcija-frame-veljaci\\\/#breadcrumb\",\"itemListElement\":[{\"@type\":\"ListItem\",\"position\":1,\"name\":\"Po\u010detna stranica\",\"item\":\"https:\\\/\\\/radioljubuski.ba\\\/\"},{\"@type\":\"ListItem\",\"position\":2,\"name\":\"Humanitarna akcija Frame Veljaci\"}]},{\"@type\":\"WebSite\",\"@id\":\"https:\\\/\\\/radioljubuski.ba\\\/#website\",\"url\":\"https:\\\/\\\/radioljubuski.ba\\\/\",\"name\":\"Radio Ljubu\u0161ki\",\"description\":\"Sun\u010dana frekvencija Hercegovine\",\"publisher\":{\"@id\":\"https:\\\/\\\/radioljubuski.ba\\\/#organization\"},\"potentialAction\":[{\"@type\":\"SearchAction\",\"target\":{\"@type\":\"EntryPoint\",\"urlTemplate\":\"https:\\\/\\\/radioljubuski.ba\\\/?s={search_term_string}\"},\"query-input\":{\"@type\":\"PropertyValueSpecification\",\"valueRequired\":true,\"valueName\":\"search_term_string\"}}],\"inLanguage\":\"hr\"},{\"@type\":\"Organization\",\"@id\":\"https:\\\/\\\/radioljubuski.ba\\\/#organization\",\"name\":\"Radio Ljubu\u0161ki\",\"url\":\"https:\\\/\\\/radioljubuski.ba\\\/\",\"logo\":{\"@type\":\"ImageObject\",\"inLanguage\":\"hr\",\"@id\":\"https:\\\/\\\/radioljubuski.ba\\\/#\\\/schema\\\/logo\\\/image\\\/\",\"url\":\"https:\\\/\\\/radioljubuski.ba\\\/wp-content\\\/uploads\\\/2021\\\/02\\\/cropped-Radio_Ljubuski_logo1.jpg\",\"contentUrl\":\"https:\\\/\\\/radioljubuski.ba\\\/wp-content\\\/uploads\\\/2021\\\/02\\\/cropped-Radio_Ljubuski_logo1.jpg\",\"width\":512,\"height\":512,\"caption\":\"Radio Ljubu\u0161ki\"},\"image\":{\"@id\":\"https:\\\/\\\/radioljubuski.ba\\\/#\\\/schema\\\/logo\\\/image\\\/\"},\"sameAs\":[\"https:\\\/\\\/www.facebook.com\\\/Radiio-Ljubuski-1490835324566332\",\"https:\\\/\\\/x.com\\\/radioljubuski\",\"https:\\\/\\\/hr.linkedin.com\\\/company\\\/radio-ljubuski\",\"https:\\\/\\\/www.youtube.com\\\/channel\\\/UCHYaeO_n0Db3tjNGudGpXyw\"]},{\"@type\":\"Person\",\"@id\":\"https:\\\/\\\/radioljubuski.ba\\\/#\\\/schema\\\/person\\\/19fc700381a780f69665d7956c469e3b\",\"name\":\"Radio Ljubu\u0161ki\"}]}<\/script>\n<!-- \/ Yoast SEO plugin. -->","yoast_head_json":{"title":"Humanitarna akcija Frame Veljaci - RADIO LJUBU\u0160KI","robots":{"index":"index","follow":"follow","max-snippet":"max-snippet:-1","max-image-preview":"max-image-preview:large","max-video-preview":"max-video-preview:-1"},"canonical":"https:\/\/radioljubuski.ba\/index.php\/2022\/11\/19\/humanitarna-akcija-frame-veljaci\/","og_locale":"hr_HR","og_type":"article","og_title":"Humanitarna akcija Frame Veljaci - RADIO LJUBU\u0160KI","og_description":"Frama \u017eupe Veljaci uputila je poziv svojim \u017eupljanima u kojem najavljuju prigodnu prodaju adventskih vijenaca u nedjelju 20.11. nakon svetih misa u 11:00 h i u 17:00 h ispred \u017eupne Crkve u Veljacima. Vijence su vrijedno radili uz pomo\u0107&nbsp; tre\u0107ara.&nbsp; Prodaja \u0107e biti organizirana i u ponedjeljak 21.11. na blagdan Gospe od Zdravlja iza ve\u010dernje [&hellip;]","og_url":"https:\/\/radioljubuski.ba\/index.php\/2022\/11\/19\/humanitarna-akcija-frame-veljaci\/","og_site_name":"RADIO LJUBU\u0160KI","article_publisher":"https:\/\/www.facebook.com\/Radiio-Ljubuski-1490835324566332","article_published_time":"2022-11-19T20:49:54+00:00","article_modified_time":"2022-11-21T07:29:52+00:00","og_image":[{"width":768,"height":960,"url":"https:\/\/radioljubuski.ba\/wp-content\/uploads\/2022\/11\/316131953_501646118671527_927895791936532811_n.jpg","type":"image\/jpeg"}],"author":"Radio Ljubu\u0161ki","twitter_card":"summary_large_image","twitter_creator":"@radioljubuski","twitter_site":"@radioljubuski","twitter_misc":{"Napisao\/la":"Radio Ljubu\u0161ki","Procijenjeno vrijeme \u010ditanja":"1 minuta"},"schema":{"@context":"https:\/\/schema.org","@graph":[{"@type":"Article","@id":"https:\/\/radioljubuski.ba\/index.php\/2022\/11\/19\/humanitarna-akcija-frame-veljaci\/#article","isPartOf":{"@id":"https:\/\/radioljubuski.ba\/index.php\/2022\/11\/19\/humanitarna-akcija-frame-veljaci\/"},"author":{"name":"Radio Ljubu\u0161ki","@id":"https:\/\/radioljubuski.ba\/#\/schema\/person\/19fc700381a780f69665d7956c469e3b"},"headline":"Humanitarna akcija Frame Veljaci","datePublished":"2022-11-19T20:49:54+00:00","dateModified":"2022-11-21T07:29:52+00:00","mainEntityOfPage":{"@id":"https:\/\/radioljubuski.ba\/index.php\/2022\/11\/19\/humanitarna-akcija-frame-veljaci\/"},"wordCount":126,"publisher":{"@id":"https:\/\/radioljubuski.ba\/#organization"},"image":{"@id":"https:\/\/radioljubuski.ba\/index.php\/2022\/11\/19\/humanitarna-akcija-frame-veljaci\/#primaryimage"},"thumbnailUrl":"https:\/\/radioljubuski.ba\/wp-content\/uploads\/2022\/11\/316131953_501646118671527_927895791936532811_n.jpg","articleSection":["BIH i regija"],"inLanguage":"hr"},{"@type":"WebPage","@id":"https:\/\/radioljubuski.ba\/index.php\/2022\/11\/19\/humanitarna-akcija-frame-veljaci\/","url":"https:\/\/radioljubuski.ba\/index.php\/2022\/11\/19\/humanitarna-akcija-frame-veljaci\/","name":"Humanitarna akcija Frame Veljaci - RADIO LJUBU\u0160KI","isPartOf":{"@id":"https:\/\/radioljubuski.ba\/#website"},"primaryImageOfPage":{"@id":"https:\/\/radioljubuski.ba\/index.php\/2022\/11\/19\/humanitarna-akcija-frame-veljaci\/#primaryimage"},"image":{"@id":"https:\/\/radioljubuski.ba\/index.php\/2022\/11\/19\/humanitarna-akcija-frame-veljaci\/#primaryimage"},"thumbnailUrl":"https:\/\/radioljubuski.ba\/wp-content\/uploads\/2022\/11\/316131953_501646118671527_927895791936532811_n.jpg","datePublished":"2022-11-19T20:49:54+00:00","dateModified":"2022-11-21T07:29:52+00:00","breadcrumb":{"@id":"https:\/\/radioljubuski.ba\/index.php\/2022\/11\/19\/humanitarna-akcija-frame-veljaci\/#breadcrumb"},"inLanguage":"hr","potentialAction":[{"@type":"ReadAction","target":["https:\/\/radioljubuski.ba\/index.php\/2022\/11\/19\/humanitarna-akcija-frame-veljaci\/"]}]},{"@type":"ImageObject","inLanguage":"hr","@id":"https:\/\/radioljubuski.ba\/index.php\/2022\/11\/19\/humanitarna-akcija-frame-veljaci\/#primaryimage","url":"https:\/\/radioljubuski.ba\/wp-content\/uploads\/2022\/11\/316131953_501646118671527_927895791936532811_n.jpg","contentUrl":"https:\/\/radioljubuski.ba\/wp-content\/uploads\/2022\/11\/316131953_501646118671527_927895791936532811_n.jpg","width":768,"height":960},{"@type":"BreadcrumbList","@id":"https:\/\/radioljubuski.ba\/index.php\/2022\/11\/19\/humanitarna-akcija-frame-veljaci\/#breadcrumb","itemListElement":[{"@type":"ListItem","position":1,"name":"Po\u010detna stranica","item":"https:\/\/radioljubuski.ba\/"},{"@type":"ListItem","position":2,"name":"Humanitarna akcija Frame Veljaci"}]},{"@type":"WebSite","@id":"https:\/\/radioljubuski.ba\/#website","url":"https:\/\/radioljubuski.ba\/","name":"Radio Ljubu\u0161ki","description":"Sun\u010dana frekvencija Hercegovine","publisher":{"@id":"https:\/\/radioljubuski.ba\/#organization"},"potentialAction":[{"@type":"SearchAction","target":{"@type":"EntryPoint","urlTemplate":"https:\/\/radioljubuski.ba\/?s={search_term_string}"},"query-input":{"@type":"PropertyValueSpecification","valueRequired":true,"valueName":"search_term_string"}}],"inLanguage":"hr"},{"@type":"Organization","@id":"https:\/\/radioljubuski.ba\/#organization","name":"Radio Ljubu\u0161ki","url":"https:\/\/radioljubuski.ba\/","logo":{"@type":"ImageObject","inLanguage":"hr","@id":"https:\/\/radioljubuski.ba\/#\/schema\/logo\/image\/","url":"https:\/\/radioljubuski.ba\/wp-content\/uploads\/2021\/02\/cropped-Radio_Ljubuski_logo1.jpg","contentUrl":"https:\/\/radioljubuski.ba\/wp-content\/uploads\/2021\/02\/cropped-Radio_Ljubuski_logo1.jpg","width":512,"height":512,"caption":"Radio Ljubu\u0161ki"},"image":{"@id":"https:\/\/radioljubuski.ba\/#\/schema\/logo\/image\/"},"sameAs":["https:\/\/www.facebook.com\/Radiio-Ljubuski-1490835324566332","https:\/\/x.com\/radioljubuski","https:\/\/hr.linkedin.com\/company\/radio-ljubuski","https:\/\/www.youtube.com\/channel\/UCHYaeO_n0Db3tjNGudGpXyw"]},{"@type":"Person","@id":"https:\/\/radioljubuski.ba\/#\/schema\/person\/19fc700381a780f69665d7956c469e3b","name":"Radio Ljubu\u0161ki"}]}},"_links":{"self":[{"href":"https:\/\/radioljubuski.ba\/index.php\/wp-json\/wp\/v2\/posts\/186010","targetHints":{"allow":["GET"]}}],"collection":[{"href":"https:\/\/radioljubuski.ba\/index.php\/wp-json\/wp\/v2\/posts"}],"about":[{"href":"https:\/\/radioljubuski.ba\/index.php\/wp-json\/wp\/v2\/types\/post"}],"author":[{"embeddable":true,"href":"https:\/\/radioljubuski.ba\/index.php\/wp-json\/wp\/v2\/users\/2"}],"replies":[{"embeddable":true,"href":"https:\/\/radioljubuski.ba\/index.php\/wp-json\/wp\/v2\/comments?post=186010"}],"version-history":[{"count":1,"href":"https:\/\/radioljubuski.ba\/index.php\/wp-json\/wp\/v2\/posts\/186010\/revisions"}],"predecessor-version":[{"id":186018,"href":"https:\/\/radioljubuski.ba\/index.php\/wp-json\/wp\/v2\/posts\/186010\/revisions\/186018"}],"wp:featuredmedia":[{"embeddable":true,"href":"https:\/\/radioljubuski.ba\/index.php\/wp-json\/wp\/v2\/media\/186013"}],"wp:attachment":[{"href":"https:\/\/radioljubuski.ba\/index.php\/wp-json\/wp\/v2\/media?parent=186010"}],"wp:term":[{"taxonomy":"category","embeddable":true,"href":"https:\/\/radioljubuski.ba\/index.php\/wp-json\/wp\/v2\/categories?post=186010"},{"taxonomy":"post_tag","embeddable":true,"href":"https:\/\/radioljubuski.ba\/index.php\/wp-json\/wp\/v2\/tags?post=186010"}],"curies":[{"name":"wp","href":"https:\/\/api.w.org\/{rel}","templated":true}]}}