{"id":186283,"date":"2022-11-30T15:02:37","date_gmt":"2022-11-30T14:02:37","guid":{"rendered":"https:\/\/radioljubuski.ba\/?p=186283"},"modified":"2022-12-01T14:39:28","modified_gmt":"2022-12-01T13:39:28","slug":"audio-dr-veterine-toni-barbaric-o-kucnim-ljubimcima","status":"publish","type":"post","link":"https:\/\/radioljubuski.ba\/index.php\/2022\/11\/30\/audio-dr-veterine-toni-barbaric-o-kucnim-ljubimcima\/","title":{"rendered":"Audio: Dr. veterine Toni Barbari\u0107 o ku\u0107nim ljubimcima"},"content":{"rendered":"\n<p>Me\u0111unarodni dan ku\u0107nih ljubimaca podsje\u0107a nas koliko nam radosti pru\u017eaju ali i koliku odgovornost imamo prema njima\u201c poruka je na\u0161eg radijskog gosta dr.veterine Tonija Barbari\u0107a.<br>S njim smo razgovarali o omiljenim ku\u0107nim ljubimcima, naj\u010de\u0161\u0107im pogre\u0161kama pri odabiru ljubimaca, savjetima za dr\u017eanje i brizi o zdravlju.<br>S nama je podijelio i svoju ljubav prema \u017eivotinjama \u201e Biti veterinar bio je moj dje\u010da\u010dki san kojeg sam ostvario, nakon srednje veterinarske \u0161kole upisao sam veterinarski fakultet, uvijek sam bio okru\u017een \u017eivotinjama i volim raditi s njima.\u201c<br>O vlasnicima koje svakodnevno susre\u0107e ka\u017ee \u201ePromijenio se odnos prema ku\u0107nim ljubimcima unazad nekoliko godina, ljudi im poklanjaju sve vi\u0161e pa\u017enje i bolje brinu se o njima ,unatrag nekoliko godina bilo je \u010dudno dovesti recimo psa na infuziju, danas je to posve normalno. \u201c<br>Na kraju je poru\u010dio svim vlasnicima ku\u0107nih ljubimaca \u201e Redovito ih cijepite, vodite brigu o zdravlju, o njihovim potrebama, igri, \u0161etnji, pazite na njihovu prehranu , oni \u0107e vam uzvratiti svojom odano\u0161\u0107u i pa\u017enjom.\u201c<\/p>\n\n\n\n<iframe loading=\"lazy\" width=\"560\" height=\"315\" src=\"https:\/\/www.youtube.com\/embed\/5mCQKKIldPc\" title=\"YouTube video player\" frameborder=\"0\" allow=\"accelerometer; autoplay; clipboard-write; encrypted-media; gyroscope; picture-in-picture\" allowfullscreen=\"\"><\/iframe>\n\n\n\n<p>Bjanka Medi\u0107 \/ Radio Ljubu\u0161ki<\/p>\n","protected":false},"excerpt":{"rendered":"<p>Me\u0111unarodni dan ku\u0107nih ljubimaca podsje\u0107a nas koliko nam radosti pru\u017eaju ali i koliku odgovornost imamo prema njima\u201c poruka je na\u0161eg radijskog gosta dr.veterine Tonija Barbari\u0107a.S njim smo razgovarali o omiljenim ku\u0107nim ljubimcima, naj\u010de\u0161\u0107im pogre\u0161kama pri odabiru ljubimaca, savjetima za dr\u017eanje i brizi o zdravlju.S nama je podijelio i svoju ljubav prema \u017eivotinjama \u201e Biti veterinar [&hellip;]<\/p>\n","protected":false},"author":2,"featured_media":186284,"comment_status":"closed","ping_status":"closed","sticky":false,"template":"","format":"standard","meta":{"h5ap_radio_sources":[],"footnotes":""},"categories":[32],"tags":[],"class_list":["post-186283","post","type-post","status-publish","format-standard","has-post-thumbnail","hentry","category-poslusajte"],"yoast_head":"<!-- This site is optimized with the Yoast SEO plugin v27.4 - https:\/\/yoast.com\/product\/yoast-seo-wordpress\/ -->\n<title>Audio: Dr. veterine Toni Barbari\u0107 o ku\u0107nim ljubimcima - RADIO LJUBU\u0160KI<\/title>\n<meta name=\"robots\" content=\"index, follow, max-snippet:-1, max-image-preview:large, max-video-preview:-1\" \/>\n<link rel=\"canonical\" href=\"https:\/\/radioljubuski.ba\/index.php\/2022\/11\/30\/audio-dr-veterine-toni-barbaric-o-kucnim-ljubimcima\/\" \/>\n<meta property=\"og:locale\" content=\"hr_HR\" \/>\n<meta property=\"og:type\" content=\"article\" \/>\n<meta property=\"og:title\" content=\"Audio: Dr. veterine Toni Barbari\u0107 o ku\u0107nim ljubimcima - RADIO LJUBU\u0160KI\" \/>\n<meta property=\"og:description\" content=\"Me\u0111unarodni dan ku\u0107nih ljubimaca podsje\u0107a nas koliko nam radosti pru\u017eaju ali i koliku odgovornost imamo prema njima\u201c poruka je na\u0161eg radijskog gosta dr.veterine Tonija Barbari\u0107a.S njim smo razgovarali o omiljenim ku\u0107nim ljubimcima, naj\u010de\u0161\u0107im pogre\u0161kama pri odabiru ljubimaca, savjetima za dr\u017eanje i brizi o zdravlju.S nama je podijelio i svoju ljubav prema \u017eivotinjama \u201e Biti veterinar [&hellip;]\" \/>\n<meta property=\"og:url\" content=\"https:\/\/radioljubuski.ba\/index.php\/2022\/11\/30\/audio-dr-veterine-toni-barbaric-o-kucnim-ljubimcima\/\" \/>\n<meta property=\"og:site_name\" content=\"RADIO LJUBU\u0160KI\" \/>\n<meta property=\"article:publisher\" content=\"https:\/\/www.facebook.com\/Radiio-Ljubuski-1490835324566332\" \/>\n<meta property=\"article:published_time\" content=\"2022-11-30T14:02:37+00:00\" \/>\n<meta property=\"article:modified_time\" content=\"2022-12-01T13:39:28+00:00\" \/>\n<meta property=\"og:image\" content=\"https:\/\/radioljubuski.ba\/wp-content\/uploads\/2022\/11\/DSC0003-5-scaled.jpg\" \/>\n\t<meta property=\"og:image:width\" content=\"2560\" \/>\n\t<meta property=\"og:image:height\" content=\"1708\" \/>\n\t<meta property=\"og:image:type\" content=\"image\/jpeg\" \/>\n<meta name=\"author\" content=\"Radio Ljubu\u0161ki\" \/>\n<meta name=\"twitter:card\" content=\"summary_large_image\" \/>\n<meta name=\"twitter:creator\" content=\"@radioljubuski\" \/>\n<meta name=\"twitter:site\" content=\"@radioljubuski\" \/>\n<meta name=\"twitter:label1\" content=\"Napisao\/la\" \/>\n\t<meta name=\"twitter:data1\" content=\"Radio Ljubu\u0161ki\" \/>\n\t<meta name=\"twitter:label2\" content=\"Procijenjeno vrijeme \u010ditanja\" \/>\n\t<meta name=\"twitter:data2\" content=\"1 minuta\" \/>\n<script type=\"application\/ld+json\" class=\"yoast-schema-graph\">{\"@context\":\"https:\\\/\\\/schema.org\",\"@graph\":[{\"@type\":\"Article\",\"@id\":\"https:\\\/\\\/radioljubuski.ba\\\/index.php\\\/2022\\\/11\\\/30\\\/audio-dr-veterine-toni-barbaric-o-kucnim-ljubimcima\\\/#article\",\"isPartOf\":{\"@id\":\"https:\\\/\\\/radioljubuski.ba\\\/index.php\\\/2022\\\/11\\\/30\\\/audio-dr-veterine-toni-barbaric-o-kucnim-ljubimcima\\\/\"},\"author\":{\"name\":\"Radio Ljubu\u0161ki\",\"@id\":\"https:\\\/\\\/radioljubuski.ba\\\/#\\\/schema\\\/person\\\/19fc700381a780f69665d7956c469e3b\"},\"headline\":\"Audio: Dr. veterine Toni Barbari\u0107 o ku\u0107nim ljubimcima\",\"datePublished\":\"2022-11-30T14:02:37+00:00\",\"dateModified\":\"2022-12-01T13:39:28+00:00\",\"mainEntityOfPage\":{\"@id\":\"https:\\\/\\\/radioljubuski.ba\\\/index.php\\\/2022\\\/11\\\/30\\\/audio-dr-veterine-toni-barbaric-o-kucnim-ljubimcima\\\/\"},\"wordCount\":195,\"publisher\":{\"@id\":\"https:\\\/\\\/radioljubuski.ba\\\/#organization\"},\"image\":{\"@id\":\"https:\\\/\\\/radioljubuski.ba\\\/index.php\\\/2022\\\/11\\\/30\\\/audio-dr-veterine-toni-barbaric-o-kucnim-ljubimcima\\\/#primaryimage\"},\"thumbnailUrl\":\"https:\\\/\\\/radioljubuski.ba\\\/wp-content\\\/uploads\\\/2022\\\/11\\\/DSC0003-5-scaled.jpg\",\"articleSection\":[\"Poslu\u0161ajte\"],\"inLanguage\":\"hr\"},{\"@type\":\"WebPage\",\"@id\":\"https:\\\/\\\/radioljubuski.ba\\\/index.php\\\/2022\\\/11\\\/30\\\/audio-dr-veterine-toni-barbaric-o-kucnim-ljubimcima\\\/\",\"url\":\"https:\\\/\\\/radioljubuski.ba\\\/index.php\\\/2022\\\/11\\\/30\\\/audio-dr-veterine-toni-barbaric-o-kucnim-ljubimcima\\\/\",\"name\":\"Audio: Dr. veterine Toni Barbari\u0107 o ku\u0107nim ljubimcima - RADIO LJUBU\u0160KI\",\"isPartOf\":{\"@id\":\"https:\\\/\\\/radioljubuski.ba\\\/#website\"},\"primaryImageOfPage\":{\"@id\":\"https:\\\/\\\/radioljubuski.ba\\\/index.php\\\/2022\\\/11\\\/30\\\/audio-dr-veterine-toni-barbaric-o-kucnim-ljubimcima\\\/#primaryimage\"},\"image\":{\"@id\":\"https:\\\/\\\/radioljubuski.ba\\\/index.php\\\/2022\\\/11\\\/30\\\/audio-dr-veterine-toni-barbaric-o-kucnim-ljubimcima\\\/#primaryimage\"},\"thumbnailUrl\":\"https:\\\/\\\/radioljubuski.ba\\\/wp-content\\\/uploads\\\/2022\\\/11\\\/DSC0003-5-scaled.jpg\",\"datePublished\":\"2022-11-30T14:02:37+00:00\",\"dateModified\":\"2022-12-01T13:39:28+00:00\",\"breadcrumb\":{\"@id\":\"https:\\\/\\\/radioljubuski.ba\\\/index.php\\\/2022\\\/11\\\/30\\\/audio-dr-veterine-toni-barbaric-o-kucnim-ljubimcima\\\/#breadcrumb\"},\"inLanguage\":\"hr\",\"potentialAction\":[{\"@type\":\"ReadAction\",\"target\":[\"https:\\\/\\\/radioljubuski.ba\\\/index.php\\\/2022\\\/11\\\/30\\\/audio-dr-veterine-toni-barbaric-o-kucnim-ljubimcima\\\/\"]}]},{\"@type\":\"ImageObject\",\"inLanguage\":\"hr\",\"@id\":\"https:\\\/\\\/radioljubuski.ba\\\/index.php\\\/2022\\\/11\\\/30\\\/audio-dr-veterine-toni-barbaric-o-kucnim-ljubimcima\\\/#primaryimage\",\"url\":\"https:\\\/\\\/radioljubuski.ba\\\/wp-content\\\/uploads\\\/2022\\\/11\\\/DSC0003-5-scaled.jpg\",\"contentUrl\":\"https:\\\/\\\/radioljubuski.ba\\\/wp-content\\\/uploads\\\/2022\\\/11\\\/DSC0003-5-scaled.jpg\",\"width\":2560,\"height\":1708},{\"@type\":\"BreadcrumbList\",\"@id\":\"https:\\\/\\\/radioljubuski.ba\\\/index.php\\\/2022\\\/11\\\/30\\\/audio-dr-veterine-toni-barbaric-o-kucnim-ljubimcima\\\/#breadcrumb\",\"itemListElement\":[{\"@type\":\"ListItem\",\"position\":1,\"name\":\"Po\u010detna stranica\",\"item\":\"https:\\\/\\\/radioljubuski.ba\\\/\"},{\"@type\":\"ListItem\",\"position\":2,\"name\":\"Audio: Dr. veterine Toni Barbari\u0107 o ku\u0107nim ljubimcima\"}]},{\"@type\":\"WebSite\",\"@id\":\"https:\\\/\\\/radioljubuski.ba\\\/#website\",\"url\":\"https:\\\/\\\/radioljubuski.ba\\\/\",\"name\":\"Radio Ljubu\u0161ki\",\"description\":\"Sun\u010dana frekvencija Hercegovine\",\"publisher\":{\"@id\":\"https:\\\/\\\/radioljubuski.ba\\\/#organization\"},\"potentialAction\":[{\"@type\":\"SearchAction\",\"target\":{\"@type\":\"EntryPoint\",\"urlTemplate\":\"https:\\\/\\\/radioljubuski.ba\\\/?s={search_term_string}\"},\"query-input\":{\"@type\":\"PropertyValueSpecification\",\"valueRequired\":true,\"valueName\":\"search_term_string\"}}],\"inLanguage\":\"hr\"},{\"@type\":\"Organization\",\"@id\":\"https:\\\/\\\/radioljubuski.ba\\\/#organization\",\"name\":\"Radio Ljubu\u0161ki\",\"url\":\"https:\\\/\\\/radioljubuski.ba\\\/\",\"logo\":{\"@type\":\"ImageObject\",\"inLanguage\":\"hr\",\"@id\":\"https:\\\/\\\/radioljubuski.ba\\\/#\\\/schema\\\/logo\\\/image\\\/\",\"url\":\"https:\\\/\\\/radioljubuski.ba\\\/wp-content\\\/uploads\\\/2021\\\/02\\\/cropped-Radio_Ljubuski_logo1.jpg\",\"contentUrl\":\"https:\\\/\\\/radioljubuski.ba\\\/wp-content\\\/uploads\\\/2021\\\/02\\\/cropped-Radio_Ljubuski_logo1.jpg\",\"width\":512,\"height\":512,\"caption\":\"Radio Ljubu\u0161ki\"},\"image\":{\"@id\":\"https:\\\/\\\/radioljubuski.ba\\\/#\\\/schema\\\/logo\\\/image\\\/\"},\"sameAs\":[\"https:\\\/\\\/www.facebook.com\\\/Radiio-Ljubuski-1490835324566332\",\"https:\\\/\\\/x.com\\\/radioljubuski\",\"https:\\\/\\\/hr.linkedin.com\\\/company\\\/radio-ljubuski\",\"https:\\\/\\\/www.youtube.com\\\/channel\\\/UCHYaeO_n0Db3tjNGudGpXyw\"]},{\"@type\":\"Person\",\"@id\":\"https:\\\/\\\/radioljubuski.ba\\\/#\\\/schema\\\/person\\\/19fc700381a780f69665d7956c469e3b\",\"name\":\"Radio Ljubu\u0161ki\"}]}<\/script>\n<!-- \/ Yoast SEO plugin. -->","yoast_head_json":{"title":"Audio: Dr. veterine Toni Barbari\u0107 o ku\u0107nim ljubimcima - RADIO LJUBU\u0160KI","robots":{"index":"index","follow":"follow","max-snippet":"max-snippet:-1","max-image-preview":"max-image-preview:large","max-video-preview":"max-video-preview:-1"},"canonical":"https:\/\/radioljubuski.ba\/index.php\/2022\/11\/30\/audio-dr-veterine-toni-barbaric-o-kucnim-ljubimcima\/","og_locale":"hr_HR","og_type":"article","og_title":"Audio: Dr. veterine Toni Barbari\u0107 o ku\u0107nim ljubimcima - RADIO LJUBU\u0160KI","og_description":"Me\u0111unarodni dan ku\u0107nih ljubimaca podsje\u0107a nas koliko nam radosti pru\u017eaju ali i koliku odgovornost imamo prema njima\u201c poruka je na\u0161eg radijskog gosta dr.veterine Tonija Barbari\u0107a.S njim smo razgovarali o omiljenim ku\u0107nim ljubimcima, naj\u010de\u0161\u0107im pogre\u0161kama pri odabiru ljubimaca, savjetima za dr\u017eanje i brizi o zdravlju.S nama je podijelio i svoju ljubav prema \u017eivotinjama \u201e Biti veterinar [&hellip;]","og_url":"https:\/\/radioljubuski.ba\/index.php\/2022\/11\/30\/audio-dr-veterine-toni-barbaric-o-kucnim-ljubimcima\/","og_site_name":"RADIO LJUBU\u0160KI","article_publisher":"https:\/\/www.facebook.com\/Radiio-Ljubuski-1490835324566332","article_published_time":"2022-11-30T14:02:37+00:00","article_modified_time":"2022-12-01T13:39:28+00:00","og_image":[{"width":2560,"height":1708,"url":"https:\/\/radioljubuski.ba\/wp-content\/uploads\/2022\/11\/DSC0003-5-scaled.jpg","type":"image\/jpeg"}],"author":"Radio Ljubu\u0161ki","twitter_card":"summary_large_image","twitter_creator":"@radioljubuski","twitter_site":"@radioljubuski","twitter_misc":{"Napisao\/la":"Radio Ljubu\u0161ki","Procijenjeno vrijeme \u010ditanja":"1 minuta"},"schema":{"@context":"https:\/\/schema.org","@graph":[{"@type":"Article","@id":"https:\/\/radioljubuski.ba\/index.php\/2022\/11\/30\/audio-dr-veterine-toni-barbaric-o-kucnim-ljubimcima\/#article","isPartOf":{"@id":"https:\/\/radioljubuski.ba\/index.php\/2022\/11\/30\/audio-dr-veterine-toni-barbaric-o-kucnim-ljubimcima\/"},"author":{"name":"Radio Ljubu\u0161ki","@id":"https:\/\/radioljubuski.ba\/#\/schema\/person\/19fc700381a780f69665d7956c469e3b"},"headline":"Audio: Dr. veterine Toni Barbari\u0107 o ku\u0107nim ljubimcima","datePublished":"2022-11-30T14:02:37+00:00","dateModified":"2022-12-01T13:39:28+00:00","mainEntityOfPage":{"@id":"https:\/\/radioljubuski.ba\/index.php\/2022\/11\/30\/audio-dr-veterine-toni-barbaric-o-kucnim-ljubimcima\/"},"wordCount":195,"publisher":{"@id":"https:\/\/radioljubuski.ba\/#organization"},"image":{"@id":"https:\/\/radioljubuski.ba\/index.php\/2022\/11\/30\/audio-dr-veterine-toni-barbaric-o-kucnim-ljubimcima\/#primaryimage"},"thumbnailUrl":"https:\/\/radioljubuski.ba\/wp-content\/uploads\/2022\/11\/DSC0003-5-scaled.jpg","articleSection":["Poslu\u0161ajte"],"inLanguage":"hr"},{"@type":"WebPage","@id":"https:\/\/radioljubuski.ba\/index.php\/2022\/11\/30\/audio-dr-veterine-toni-barbaric-o-kucnim-ljubimcima\/","url":"https:\/\/radioljubuski.ba\/index.php\/2022\/11\/30\/audio-dr-veterine-toni-barbaric-o-kucnim-ljubimcima\/","name":"Audio: Dr. veterine Toni Barbari\u0107 o ku\u0107nim ljubimcima - RADIO LJUBU\u0160KI","isPartOf":{"@id":"https:\/\/radioljubuski.ba\/#website"},"primaryImageOfPage":{"@id":"https:\/\/radioljubuski.ba\/index.php\/2022\/11\/30\/audio-dr-veterine-toni-barbaric-o-kucnim-ljubimcima\/#primaryimage"},"image":{"@id":"https:\/\/radioljubuski.ba\/index.php\/2022\/11\/30\/audio-dr-veterine-toni-barbaric-o-kucnim-ljubimcima\/#primaryimage"},"thumbnailUrl":"https:\/\/radioljubuski.ba\/wp-content\/uploads\/2022\/11\/DSC0003-5-scaled.jpg","datePublished":"2022-11-30T14:02:37+00:00","dateModified":"2022-12-01T13:39:28+00:00","breadcrumb":{"@id":"https:\/\/radioljubuski.ba\/index.php\/2022\/11\/30\/audio-dr-veterine-toni-barbaric-o-kucnim-ljubimcima\/#breadcrumb"},"inLanguage":"hr","potentialAction":[{"@type":"ReadAction","target":["https:\/\/radioljubuski.ba\/index.php\/2022\/11\/30\/audio-dr-veterine-toni-barbaric-o-kucnim-ljubimcima\/"]}]},{"@type":"ImageObject","inLanguage":"hr","@id":"https:\/\/radioljubuski.ba\/index.php\/2022\/11\/30\/audio-dr-veterine-toni-barbaric-o-kucnim-ljubimcima\/#primaryimage","url":"https:\/\/radioljubuski.ba\/wp-content\/uploads\/2022\/11\/DSC0003-5-scaled.jpg","contentUrl":"https:\/\/radioljubuski.ba\/wp-content\/uploads\/2022\/11\/DSC0003-5-scaled.jpg","width":2560,"height":1708},{"@type":"BreadcrumbList","@id":"https:\/\/radioljubuski.ba\/index.php\/2022\/11\/30\/audio-dr-veterine-toni-barbaric-o-kucnim-ljubimcima\/#breadcrumb","itemListElement":[{"@type":"ListItem","position":1,"name":"Po\u010detna stranica","item":"https:\/\/radioljubuski.ba\/"},{"@type":"ListItem","position":2,"name":"Audio: Dr. veterine Toni Barbari\u0107 o ku\u0107nim ljubimcima"}]},{"@type":"WebSite","@id":"https:\/\/radioljubuski.ba\/#website","url":"https:\/\/radioljubuski.ba\/","name":"Radio Ljubu\u0161ki","description":"Sun\u010dana frekvencija Hercegovine","publisher":{"@id":"https:\/\/radioljubuski.ba\/#organization"},"potentialAction":[{"@type":"SearchAction","target":{"@type":"EntryPoint","urlTemplate":"https:\/\/radioljubuski.ba\/?s={search_term_string}"},"query-input":{"@type":"PropertyValueSpecification","valueRequired":true,"valueName":"search_term_string"}}],"inLanguage":"hr"},{"@type":"Organization","@id":"https:\/\/radioljubuski.ba\/#organization","name":"Radio Ljubu\u0161ki","url":"https:\/\/radioljubuski.ba\/","logo":{"@type":"ImageObject","inLanguage":"hr","@id":"https:\/\/radioljubuski.ba\/#\/schema\/logo\/image\/","url":"https:\/\/radioljubuski.ba\/wp-content\/uploads\/2021\/02\/cropped-Radio_Ljubuski_logo1.jpg","contentUrl":"https:\/\/radioljubuski.ba\/wp-content\/uploads\/2021\/02\/cropped-Radio_Ljubuski_logo1.jpg","width":512,"height":512,"caption":"Radio Ljubu\u0161ki"},"image":{"@id":"https:\/\/radioljubuski.ba\/#\/schema\/logo\/image\/"},"sameAs":["https:\/\/www.facebook.com\/Radiio-Ljubuski-1490835324566332","https:\/\/x.com\/radioljubuski","https:\/\/hr.linkedin.com\/company\/radio-ljubuski","https:\/\/www.youtube.com\/channel\/UCHYaeO_n0Db3tjNGudGpXyw"]},{"@type":"Person","@id":"https:\/\/radioljubuski.ba\/#\/schema\/person\/19fc700381a780f69665d7956c469e3b","name":"Radio Ljubu\u0161ki"}]}},"_links":{"self":[{"href":"https:\/\/radioljubuski.ba\/index.php\/wp-json\/wp\/v2\/posts\/186283","targetHints":{"allow":["GET"]}}],"collection":[{"href":"https:\/\/radioljubuski.ba\/index.php\/wp-json\/wp\/v2\/posts"}],"about":[{"href":"https:\/\/radioljubuski.ba\/index.php\/wp-json\/wp\/v2\/types\/post"}],"author":[{"embeddable":true,"href":"https:\/\/radioljubuski.ba\/index.php\/wp-json\/wp\/v2\/users\/2"}],"replies":[{"embeddable":true,"href":"https:\/\/radioljubuski.ba\/index.php\/wp-json\/wp\/v2\/comments?post=186283"}],"version-history":[{"count":2,"href":"https:\/\/radioljubuski.ba\/index.php\/wp-json\/wp\/v2\/posts\/186283\/revisions"}],"predecessor-version":[{"id":186289,"href":"https:\/\/radioljubuski.ba\/index.php\/wp-json\/wp\/v2\/posts\/186283\/revisions\/186289"}],"wp:featuredmedia":[{"embeddable":true,"href":"https:\/\/radioljubuski.ba\/index.php\/wp-json\/wp\/v2\/media\/186284"}],"wp:attachment":[{"href":"https:\/\/radioljubuski.ba\/index.php\/wp-json\/wp\/v2\/media?parent=186283"}],"wp:term":[{"taxonomy":"category","embeddable":true,"href":"https:\/\/radioljubuski.ba\/index.php\/wp-json\/wp\/v2\/categories?post=186283"},{"taxonomy":"post_tag","embeddable":true,"href":"https:\/\/radioljubuski.ba\/index.php\/wp-json\/wp\/v2\/tags?post=186283"}],"curies":[{"name":"wp","href":"https:\/\/api.w.org\/{rel}","templated":true}]}}